{"id":1537,"date":"2019-06-19T15:13:24","date_gmt":"2019-06-19T12:13:24","guid":{"rendered":"https:\/\/favorite-news.com\/mx\/ahorradores-ya-pagaron-la-perdida-de-oro-negro\/"},"modified":"2019-06-19T15:13:25","modified_gmt":"2019-06-19T12:13:25","slug":"ahorradores-ya-pagaron-la-perdida-de-oro-negro","status":"publish","type":"post","link":"https:\/\/favorite-news.com\/mx\/ahorradores-ya-pagaron-la-perdida-de-oro-negro\/","title":{"rendered":"Ahorradores ya pagaron la p\u00e9rdida de Oro Negro"},"content":{"rendered":"<p> [ad_1]<br \/>\n<\/p>\n<div id=\"content-body-226-3783988\">\n<p>En el sexenio anterior las Afores Citibanamex y Sura ya reportaron minusval\u00edas por las inversiones que realizaron en Oro Negro, explic\u00f3 Abraham Vela, presidente de la Comisi\u00f3n Nacional del Sistema de Ahorro para el Retiro (Consar). <\/p>\n<p>Los trabajadores que tengan sus ahorros en estas dos Afores no deben estar preocupados por posibles disminuciones en sus cuentas tras la declaraci\u00f3n de quiebra de la empresa la semana pasada.<\/p>\n<h4\/>\n<p>\u201cA ra\u00edz de la declaraci\u00f3n de quiebra de Oro Negro no hay ninguna raz\u00f3n para esperar que se registren minusval\u00edas, porque las minusval\u00edas asociadas al CKD asociado a la empresa ya se dieron hace dos o tres a\u00f1os y se materializaron\u201d, dijo el funcionario tras participar en el foro Inversi\u00f3n, Crecimiento y Disciplina Fiscal en M\u00e9xico, organizado por Fitch Ratings. <\/p>\n<p>En 2013 estas Afores invirtieron 500 millones de d\u00f3lares de fondos de pensiones en Axis Capital, un CKD (Certificado de Capital de Desarrollo) creado por el CEO de Oro Negro, Gonzalo Gil White, hijo del exsecretario de Hacienda, Francisco Gil D\u00edaz. <\/p>\n<p>Vela explic\u00f3 que cuando Pemex cancel\u00f3 contratos con la empresa de servicios petroleros, como resultado de la ca\u00edda de los precios internacionales del crudo, el valor del CKD se fue a cero, lo que devino en una merma de esta inversi\u00f3n por parte de las dos Afores y que tuvo efecto sobre los saldos de algunos ahorradores. <\/p>\n<p>Pero este efecto fue compensado por las plusval\u00edas que las administradoras registraron en otras inversiones, asegur\u00f3. <\/p>\n<p>\u201cEsas minusval\u00edas con el transcurso del tiempo y gracias a las inversiones en otros activos de las Afores, pudieron seguirse cosechando en plusval\u00edas en esos momentos, de tal manera que en el neto estas dos Afores siguieron mostrando plusval\u00edas\u201d, coment\u00f3 el funcionario.<\/p>\n<p>Adem\u00e1s, minimiz\u00f3 el efecto de esta inversi\u00f3n porque no destac\u00f3 en el sistema. Esos 500 millones de d\u00f3lares, dijo, representaban un porcentaje \u201cmuy peque\u00f1o\u201d del total de los recursos administrados por esas Afores. As\u00ed, descart\u00f3 alguna investigaci\u00f3n sobre el caso. <\/p>\n<p>Record\u00f3 que las Afores pueden invertir libremente en cualquier instrumento que quieran siempre y cuando respeten los lineamientos establecidos en el r\u00e9gimen de inversi\u00f3n que indica el Comit\u00e9 de An\u00e1lisis de Riesgos de la Consar, la Junta de Gobierno y el Comit\u00e9 Consultivo y de Vigilancia del organismo. <\/p>\n<p>En su opini\u00f3n, las dos Afores no invirtieron en Oro Negro, sino que inyectaron recursos a un instrumento financiero emitido por la empresa, que fue el CKD Axis Capital, que era legal, y se respetaron los montos m\u00e1ximos establecidos en el r\u00e9gimen de inversi\u00f3n de cada emisor. <\/p>\n<p>Vela rechaz\u00f3 tambi\u00e9n que vaya a emitir un informe al presidente Andr\u00e9s Manuel L\u00f3pez Obrador, ya que no es su responsabilidad reportar directamente al mandatario. El secretario de Hacienda est\u00e1 al tanto del caso, dijo. <\/p>\n<p>El jefe del Ejecutivo, por su parte, reconoci\u00f3 en su conferencia matutina que est\u00e1 al tanto de los juicios de Oro Negro en contra de Pemex, de sus acreedores y del gobierno. Si bien rechaz\u00f3 hacer alg\u00fan comentario record\u00f3 que muchas empresas como Oro Negro y de otros sectores tienen deudas millonarias con el fisco, y reiter\u00f3 que la condonaci\u00f3n de impuestos ya se acab\u00f3 en su administraci\u00f3n.<\/p>\n<\/div>\n<p><script>(function(d, s, id) {\nvar js, fjs = d.getElementsByTagName(s)[0];\nif (d.getElementById(id)) return;\njs = d.createElement(s); js.id = id;\njs.src = 'https:\/\/connect.facebook.net\/es_LA\/sdk.js#xfbml=1&version=v3.2&appId=641196362757391&autoLogAppEvents=1';\nfjs.parentNode.insertBefore(js, fjs);\n}(document, 'script', 'facebook-jssdk'));\n<\/script><br \/>\n<br \/>[ad_2]<br \/>\n<br \/><a href=\"https:\/\/www.elsoldemexico.com.mx\/finanzas\/ahorradores-ya-pagaron-la-perdida-de-oro-negro-3783988.html\">Source link <\/a><\/p>\n","protected":false},"excerpt":{"rendered":"<p>[ad_1] En el sexenio anterior las Afores Citibanamex y Sura ya reportaron minusval\u00edas por las inversiones que realizaron en Oro Negro, explic\u00f3 Abraham Vela, presidente de la Comisi\u00f3n Nacional del Sistema de Ahorro para el Retiro (Consar). Los trabajadores que tengan sus ahorros en estas dos Afores no deben estar preocupados por posibles disminuciones en [&hellip;]<\/p>\n","protected":false},"author":2,"featured_media":1538,"comment_status":"open","ping_status":"open","sticky":false,"template":"","format":"standard","meta":{"footnotes":""},"categories":[1],"tags":[],"class_list":["post-1537","post","type-post","status-publish","format-standard","has-post-thumbnail","hentry","category-noticias-financieras"],"yoast_head":"<!-- This site is optimized with the Yoast SEO plugin v27.4 - https:\/\/yoast.com\/product\/yoast-seo-wordpress\/ -->\n<title>Ahorradores ya pagaron la p\u00e9rdida de Oro Negro - Favorite News<\/title>\n<meta name=\"robots\" content=\"index, follow, max-snippet:-1, max-image-preview:large, max-video-preview:-1\" \/>\n<link rel=\"canonical\" href=\"https:\/\/favorite-news.com\/mx\/ahorradores-ya-pagaron-la-perdida-de-oro-negro\/\" \/>\n<meta property=\"og:locale\" content=\"es_MX\" \/>\n<meta property=\"og:type\" content=\"article\" \/>\n<meta property=\"og:title\" content=\"Ahorradores ya pagaron la p\u00e9rdida de Oro Negro - Favorite News\" \/>\n<meta property=\"og:description\" content=\"[ad_1] En el sexenio anterior las Afores Citibanamex y Sura ya reportaron minusval\u00edas por las inversiones que realizaron en Oro Negro, explic\u00f3 Abraham Vela, presidente de la Comisi\u00f3n Nacional del Sistema de Ahorro para el Retiro (Consar). Los trabajadores que tengan sus ahorros en estas dos Afores no deben estar preocupados por posibles disminuciones en [&hellip;]\" \/>\n<meta property=\"og:url\" content=\"https:\/\/favorite-news.com\/mx\/ahorradores-ya-pagaron-la-perdida-de-oro-negro\/\" \/>\n<meta property=\"og:site_name\" content=\"Favorite News\" \/>\n<meta property=\"article:published_time\" content=\"2019-06-19T12:13:24+00:00\" \/>\n<meta property=\"article:modified_time\" content=\"2019-06-19T12:13:25+00:00\" \/>\n<meta property=\"og:image\" content=\"https:\/\/favorite-news.com\/mx\/wp-content\/uploads\/sites\/8\/2019\/06\/Ahorradores-ya-pagaron-la-p\u00e9rdida-de-Oro-Negro.jpg\" \/>\n\t<meta property=\"og:image:width\" content=\"1140\" \/>\n\t<meta property=\"og:image:height\" content=\"712\" \/>\n\t<meta property=\"og:image:type\" content=\"image\/jpeg\" \/>\n<meta name=\"author\" content=\"favorite-news\" \/>\n<meta name=\"twitter:card\" content=\"summary_large_image\" \/>\n<meta name=\"twitter:label1\" content=\"Escrito por\" \/>\n\t<meta name=\"twitter:data1\" content=\"favorite-news\" \/>\n\t<meta name=\"twitter:label2\" content=\"Tiempo de lectura\" \/>\n\t<meta name=\"twitter:data2\" content=\"3 minutos\" \/>\n<script type=\"application\/ld+json\" class=\"yoast-schema-graph\">{\"@context\":\"https:\\\/\\\/schema.org\",\"@graph\":[{\"@type\":\"Article\",\"@id\":\"https:\\\/\\\/favorite-news.com\\\/mx\\\/ahorradores-ya-pagaron-la-perdida-de-oro-negro\\\/#article\",\"isPartOf\":{\"@id\":\"https:\\\/\\\/favorite-news.com\\\/mx\\\/ahorradores-ya-pagaron-la-perdida-de-oro-negro\\\/\"},\"author\":{\"name\":\"favorite-news\",\"@id\":\"https:\\\/\\\/favorite-news.com\\\/mx\\\/#\\\/schema\\\/person\\\/b91573b717dcfa5e4696032a9d28d3e8\"},\"headline\":\"Ahorradores ya pagaron la p\u00e9rdida de Oro Negro\",\"datePublished\":\"2019-06-19T12:13:24+00:00\",\"dateModified\":\"2019-06-19T12:13:25+00:00\",\"mainEntityOfPage\":{\"@id\":\"https:\\\/\\\/favorite-news.com\\\/mx\\\/ahorradores-ya-pagaron-la-perdida-de-oro-negro\\\/\"},\"wordCount\":568,\"commentCount\":0,\"image\":{\"@id\":\"https:\\\/\\\/favorite-news.com\\\/mx\\\/ahorradores-ya-pagaron-la-perdida-de-oro-negro\\\/#primaryimage\"},\"thumbnailUrl\":\"https:\\\/\\\/favorite-news.com\\\/mx\\\/wp-content\\\/uploads\\\/sites\\\/8\\\/2019\\\/06\\\/Ahorradores-ya-pagaron-la-p\u00e9rdida-de-Oro-Negro.jpg\",\"articleSection\":[\"NOTICIAS FINANCIERAS\"],\"inLanguage\":\"es\",\"potentialAction\":[{\"@type\":\"CommentAction\",\"name\":\"Comment\",\"target\":[\"https:\\\/\\\/favorite-news.com\\\/mx\\\/ahorradores-ya-pagaron-la-perdida-de-oro-negro\\\/#respond\"]}]},{\"@type\":\"WebPage\",\"@id\":\"https:\\\/\\\/favorite-news.com\\\/mx\\\/ahorradores-ya-pagaron-la-perdida-de-oro-negro\\\/\",\"url\":\"https:\\\/\\\/favorite-news.com\\\/mx\\\/ahorradores-ya-pagaron-la-perdida-de-oro-negro\\\/\",\"name\":\"Ahorradores ya pagaron la p\u00e9rdida de Oro Negro - Favorite News\",\"isPartOf\":{\"@id\":\"https:\\\/\\\/favorite-news.com\\\/mx\\\/#website\"},\"primaryImageOfPage\":{\"@id\":\"https:\\\/\\\/favorite-news.com\\\/mx\\\/ahorradores-ya-pagaron-la-perdida-de-oro-negro\\\/#primaryimage\"},\"image\":{\"@id\":\"https:\\\/\\\/favorite-news.com\\\/mx\\\/ahorradores-ya-pagaron-la-perdida-de-oro-negro\\\/#primaryimage\"},\"thumbnailUrl\":\"https:\\\/\\\/favorite-news.com\\\/mx\\\/wp-content\\\/uploads\\\/sites\\\/8\\\/2019\\\/06\\\/Ahorradores-ya-pagaron-la-p\u00e9rdida-de-Oro-Negro.jpg\",\"datePublished\":\"2019-06-19T12:13:24+00:00\",\"dateModified\":\"2019-06-19T12:13:25+00:00\",\"author\":{\"@id\":\"https:\\\/\\\/favorite-news.com\\\/mx\\\/#\\\/schema\\\/person\\\/b91573b717dcfa5e4696032a9d28d3e8\"},\"breadcrumb\":{\"@id\":\"https:\\\/\\\/favorite-news.com\\\/mx\\\/ahorradores-ya-pagaron-la-perdida-de-oro-negro\\\/#breadcrumb\"},\"inLanguage\":\"es\",\"potentialAction\":[{\"@type\":\"ReadAction\",\"target\":[\"https:\\\/\\\/favorite-news.com\\\/mx\\\/ahorradores-ya-pagaron-la-perdida-de-oro-negro\\\/\"]}]},{\"@type\":\"ImageObject\",\"inLanguage\":\"es\",\"@id\":\"https:\\\/\\\/favorite-news.com\\\/mx\\\/ahorradores-ya-pagaron-la-perdida-de-oro-negro\\\/#primaryimage\",\"url\":\"https:\\\/\\\/favorite-news.com\\\/mx\\\/wp-content\\\/uploads\\\/sites\\\/8\\\/2019\\\/06\\\/Ahorradores-ya-pagaron-la-p\u00e9rdida-de-Oro-Negro.jpg\",\"contentUrl\":\"https:\\\/\\\/favorite-news.com\\\/mx\\\/wp-content\\\/uploads\\\/sites\\\/8\\\/2019\\\/06\\\/Ahorradores-ya-pagaron-la-p\u00e9rdida-de-Oro-Negro.jpg\",\"width\":1140,\"height\":712,\"caption\":\"Ahorradores ya pagaron la p\u00e9rdida de Oro Negro\"},{\"@type\":\"BreadcrumbList\",\"@id\":\"https:\\\/\\\/favorite-news.com\\\/mx\\\/ahorradores-ya-pagaron-la-perdida-de-oro-negro\\\/#breadcrumb\",\"itemListElement\":[{\"@type\":\"ListItem\",\"position\":1,\"name\":\"\u0413\u043b\u0430\u0432\u043d\u0430\u044f \u0441\u0442\u0440\u0430\u043d\u0438\u0446\u0430\",\"item\":\"https:\\\/\\\/favorite-news.com\\\/mx\\\/\"},{\"@type\":\"ListItem\",\"position\":2,\"name\":\"Ahorradores ya pagaron la p\u00e9rdida de Oro Negro\"}]},{\"@type\":\"WebSite\",\"@id\":\"https:\\\/\\\/favorite-news.com\\\/mx\\\/#website\",\"url\":\"https:\\\/\\\/favorite-news.com\\\/mx\\\/\",\"name\":\"Favorite News\",\"description\":\"Favorite News Mexico\",\"potentialAction\":[{\"@type\":\"SearchAction\",\"target\":{\"@type\":\"EntryPoint\",\"urlTemplate\":\"https:\\\/\\\/favorite-news.com\\\/mx\\\/?s={search_term_string}\"},\"query-input\":{\"@type\":\"PropertyValueSpecification\",\"valueRequired\":true,\"valueName\":\"search_term_string\"}}],\"inLanguage\":\"es\"},{\"@type\":\"Person\",\"@id\":\"https:\\\/\\\/favorite-news.com\\\/mx\\\/#\\\/schema\\\/person\\\/b91573b717dcfa5e4696032a9d28d3e8\",\"name\":\"favorite-news\",\"image\":{\"@type\":\"ImageObject\",\"inLanguage\":\"es\",\"@id\":\"https:\\\/\\\/secure.gravatar.com\\\/avatar\\\/6c5a5cb12b74e9d517ee91cf570335b7d16177f1977cc91db161adfa435945a7?s=96&d=mm&r=g\",\"url\":\"https:\\\/\\\/secure.gravatar.com\\\/avatar\\\/6c5a5cb12b74e9d517ee91cf570335b7d16177f1977cc91db161adfa435945a7?s=96&d=mm&r=g\",\"contentUrl\":\"https:\\\/\\\/secure.gravatar.com\\\/avatar\\\/6c5a5cb12b74e9d517ee91cf570335b7d16177f1977cc91db161adfa435945a7?s=96&d=mm&r=g\",\"caption\":\"favorite-news\"},\"url\":\"https:\\\/\\\/favorite-news.com\\\/mx\\\/author\\\/pt\\\/\"}]}<\/script>\n<!-- \/ Yoast SEO plugin. -->","yoast_head_json":{"title":"Ahorradores ya pagaron la p\u00e9rdida de Oro Negro - Favorite News","robots":{"index":"index","follow":"follow","max-snippet":"max-snippet:-1","max-image-preview":"max-image-preview:large","max-video-preview":"max-video-preview:-1"},"canonical":"https:\/\/favorite-news.com\/mx\/ahorradores-ya-pagaron-la-perdida-de-oro-negro\/","og_locale":"es_MX","og_type":"article","og_title":"Ahorradores ya pagaron la p\u00e9rdida de Oro Negro - Favorite News","og_description":"[ad_1] En el sexenio anterior las Afores Citibanamex y Sura ya reportaron minusval\u00edas por las inversiones que realizaron en Oro Negro, explic\u00f3 Abraham Vela, presidente de la Comisi\u00f3n Nacional del Sistema de Ahorro para el Retiro (Consar). Los trabajadores que tengan sus ahorros en estas dos Afores no deben estar preocupados por posibles disminuciones en [&hellip;]","og_url":"https:\/\/favorite-news.com\/mx\/ahorradores-ya-pagaron-la-perdida-de-oro-negro\/","og_site_name":"Favorite News","article_published_time":"2019-06-19T12:13:24+00:00","article_modified_time":"2019-06-19T12:13:25+00:00","og_image":[{"width":1140,"height":712,"url":"https:\/\/favorite-news.com\/mx\/wp-content\/uploads\/sites\/8\/2019\/06\/Ahorradores-ya-pagaron-la-p\u00e9rdida-de-Oro-Negro.jpg","type":"image\/jpeg"}],"author":"favorite-news","twitter_card":"summary_large_image","twitter_misc":{"Escrito por":"favorite-news","Tiempo de lectura":"3 minutos"},"schema":{"@context":"https:\/\/schema.org","@graph":[{"@type":"Article","@id":"https:\/\/favorite-news.com\/mx\/ahorradores-ya-pagaron-la-perdida-de-oro-negro\/#article","isPartOf":{"@id":"https:\/\/favorite-news.com\/mx\/ahorradores-ya-pagaron-la-perdida-de-oro-negro\/"},"author":{"name":"favorite-news","@id":"https:\/\/favorite-news.com\/mx\/#\/schema\/person\/b91573b717dcfa5e4696032a9d28d3e8"},"headline":"Ahorradores ya pagaron la p\u00e9rdida de Oro Negro","datePublished":"2019-06-19T12:13:24+00:00","dateModified":"2019-06-19T12:13:25+00:00","mainEntityOfPage":{"@id":"https:\/\/favorite-news.com\/mx\/ahorradores-ya-pagaron-la-perdida-de-oro-negro\/"},"wordCount":568,"commentCount":0,"image":{"@id":"https:\/\/favorite-news.com\/mx\/ahorradores-ya-pagaron-la-perdida-de-oro-negro\/#primaryimage"},"thumbnailUrl":"https:\/\/favorite-news.com\/mx\/wp-content\/uploads\/sites\/8\/2019\/06\/Ahorradores-ya-pagaron-la-p\u00e9rdida-de-Oro-Negro.jpg","articleSection":["NOTICIAS FINANCIERAS"],"inLanguage":"es","potentialAction":[{"@type":"CommentAction","name":"Comment","target":["https:\/\/favorite-news.com\/mx\/ahorradores-ya-pagaron-la-perdida-de-oro-negro\/#respond"]}]},{"@type":"WebPage","@id":"https:\/\/favorite-news.com\/mx\/ahorradores-ya-pagaron-la-perdida-de-oro-negro\/","url":"https:\/\/favorite-news.com\/mx\/ahorradores-ya-pagaron-la-perdida-de-oro-negro\/","name":"Ahorradores ya pagaron la p\u00e9rdida de Oro Negro - Favorite News","isPartOf":{"@id":"https:\/\/favorite-news.com\/mx\/#website"},"primaryImageOfPage":{"@id":"https:\/\/favorite-news.com\/mx\/ahorradores-ya-pagaron-la-perdida-de-oro-negro\/#primaryimage"},"image":{"@id":"https:\/\/favorite-news.com\/mx\/ahorradores-ya-pagaron-la-perdida-de-oro-negro\/#primaryimage"},"thumbnailUrl":"https:\/\/favorite-news.com\/mx\/wp-content\/uploads\/sites\/8\/2019\/06\/Ahorradores-ya-pagaron-la-p\u00e9rdida-de-Oro-Negro.jpg","datePublished":"2019-06-19T12:13:24+00:00","dateModified":"2019-06-19T12:13:25+00:00","author":{"@id":"https:\/\/favorite-news.com\/mx\/#\/schema\/person\/b91573b717dcfa5e4696032a9d28d3e8"},"breadcrumb":{"@id":"https:\/\/favorite-news.com\/mx\/ahorradores-ya-pagaron-la-perdida-de-oro-negro\/#breadcrumb"},"inLanguage":"es","potentialAction":[{"@type":"ReadAction","target":["https:\/\/favorite-news.com\/mx\/ahorradores-ya-pagaron-la-perdida-de-oro-negro\/"]}]},{"@type":"ImageObject","inLanguage":"es","@id":"https:\/\/favorite-news.com\/mx\/ahorradores-ya-pagaron-la-perdida-de-oro-negro\/#primaryimage","url":"https:\/\/favorite-news.com\/mx\/wp-content\/uploads\/sites\/8\/2019\/06\/Ahorradores-ya-pagaron-la-p\u00e9rdida-de-Oro-Negro.jpg","contentUrl":"https:\/\/favorite-news.com\/mx\/wp-content\/uploads\/sites\/8\/2019\/06\/Ahorradores-ya-pagaron-la-p\u00e9rdida-de-Oro-Negro.jpg","width":1140,"height":712,"caption":"Ahorradores ya pagaron la p\u00e9rdida de Oro Negro"},{"@type":"BreadcrumbList","@id":"https:\/\/favorite-news.com\/mx\/ahorradores-ya-pagaron-la-perdida-de-oro-negro\/#breadcrumb","itemListElement":[{"@type":"ListItem","position":1,"name":"\u0413\u043b\u0430\u0432\u043d\u0430\u044f \u0441\u0442\u0440\u0430\u043d\u0438\u0446\u0430","item":"https:\/\/favorite-news.com\/mx\/"},{"@type":"ListItem","position":2,"name":"Ahorradores ya pagaron la p\u00e9rdida de Oro Negro"}]},{"@type":"WebSite","@id":"https:\/\/favorite-news.com\/mx\/#website","url":"https:\/\/favorite-news.com\/mx\/","name":"Favorite News","description":"Favorite News Mexico","potentialAction":[{"@type":"SearchAction","target":{"@type":"EntryPoint","urlTemplate":"https:\/\/favorite-news.com\/mx\/?s={search_term_string}"},"query-input":{"@type":"PropertyValueSpecification","valueRequired":true,"valueName":"search_term_string"}}],"inLanguage":"es"},{"@type":"Person","@id":"https:\/\/favorite-news.com\/mx\/#\/schema\/person\/b91573b717dcfa5e4696032a9d28d3e8","name":"favorite-news","image":{"@type":"ImageObject","inLanguage":"es","@id":"https:\/\/secure.gravatar.com\/avatar\/6c5a5cb12b74e9d517ee91cf570335b7d16177f1977cc91db161adfa435945a7?s=96&d=mm&r=g","url":"https:\/\/secure.gravatar.com\/avatar\/6c5a5cb12b74e9d517ee91cf570335b7d16177f1977cc91db161adfa435945a7?s=96&d=mm&r=g","contentUrl":"https:\/\/secure.gravatar.com\/avatar\/6c5a5cb12b74e9d517ee91cf570335b7d16177f1977cc91db161adfa435945a7?s=96&d=mm&r=g","caption":"favorite-news"},"url":"https:\/\/favorite-news.com\/mx\/author\/pt\/"}]}},"_links":{"self":[{"href":"https:\/\/favorite-news.com\/mx\/wp-json\/wp\/v2\/posts\/1537","targetHints":{"allow":["GET"]}}],"collection":[{"href":"https:\/\/favorite-news.com\/mx\/wp-json\/wp\/v2\/posts"}],"about":[{"href":"https:\/\/favorite-news.com\/mx\/wp-json\/wp\/v2\/types\/post"}],"author":[{"embeddable":true,"href":"https:\/\/favorite-news.com\/mx\/wp-json\/wp\/v2\/users\/2"}],"replies":[{"embeddable":true,"href":"https:\/\/favorite-news.com\/mx\/wp-json\/wp\/v2\/comments?post=1537"}],"version-history":[{"count":1,"href":"https:\/\/favorite-news.com\/mx\/wp-json\/wp\/v2\/posts\/1537\/revisions"}],"predecessor-version":[{"id":1539,"href":"https:\/\/favorite-news.com\/mx\/wp-json\/wp\/v2\/posts\/1537\/revisions\/1539"}],"wp:featuredmedia":[{"embeddable":true,"href":"https:\/\/favorite-news.com\/mx\/wp-json\/wp\/v2\/media\/1538"}],"wp:attachment":[{"href":"https:\/\/favorite-news.com\/mx\/wp-json\/wp\/v2\/media?parent=1537"}],"wp:term":[{"taxonomy":"category","embeddable":true,"href":"https:\/\/favorite-news.com\/mx\/wp-json\/wp\/v2\/categories?post=1537"},{"taxonomy":"post_tag","embeddable":true,"href":"https:\/\/favorite-news.com\/mx\/wp-json\/wp\/v2\/tags?post=1537"}],"curies":[{"name":"wp","href":"https:\/\/api.w.org\/{rel}","templated":true}]}}