{"id":1536,"date":"2019-06-19T13:22:03","date_gmt":"2019-06-19T10:22:03","guid":{"rendered":"https:\/\/favorite-news.com\/mx\/deficit-de-electricidad-en-yucatan-es-de-50\/"},"modified":"2019-06-19T13:22:03","modified_gmt":"2019-06-19T10:22:03","slug":"deficit-de-electricidad-en-yucatan-es-de-50","status":"publish","type":"post","link":"https:\/\/favorite-news.com\/mx\/deficit-de-electricidad-en-yucatan-es-de-50\/","title":{"rendered":"D\u00e9ficit de electricidad en Yucat\u00e1n es de 50%"},"content":{"rendered":"<p> [ad_1]<br \/>\n<\/p>\n<div id=\"content-body-226-3784043\">\n<p>La regi\u00f3n de la Pen\u00ednsula de Yucat\u00e1n tiene una alta dependencia a la generaci\u00f3n de electricidad de otras zonas del pa\u00eds, pues produce, en promedio, la mitad de la energ\u00eda que requiere. <\/p>\n<p>Seg\u00fan datos del Centro Nacional de Control de Energ\u00eda (Cenace), en punto de las 16:00 horas de ayer, la demanda de electricidad alcanz\u00f3 dos mil 35 Megawatts (MW), de los cuales, mil 82 fueron producidos por las tres Centrales de Ciclo Combinado (CCC) que tiene la Comisi\u00f3n Federal de Electricidad en la zona.<\/p>\n<h4\/>\n<p>El Cenace emiti\u00f3 el lunes el oficio CENACE\/ DPOS\/128\/19, en cuyo asunto se lee \u201cEstado Operativo de Emergencia\u201d y que fue dirigido a los integrantes de la industria el\u00e9ctrica. <\/p>\n<p>El organismo corrigi\u00f3 ayer en un documento alterno, al que titul\u00f3 como nota aclaratoria, que la Pen\u00ednsula de Yucat\u00e1n cuenta con capacidad suficiente de electricidad para abastecer a toda la regi\u00f3n sin que haya cortes en el servicio, por lo que \u201cla declaratoria de estado operativo de emergencia en este momento no tiene ning\u00fan fundamento\u201d. <\/p>\n<p>\u201cLo que existe es una alerta sobre que hay una crisis en la generaci\u00f3n y para cubrir la demanda hay que enviar electricidad de otras regiones o pa\u00edses. El Cenace se est\u00e1 curando en salud para cualquier problema que tenga no lo cuestionen por comprar electricidad m\u00e1s cara, porque la tiene que traer de alguna parte de la Rep\u00fablica o de otro pa\u00eds\u201d, coment\u00f3 Rams\u00e9s Pech, analista del sector energ\u00e9tico de la consultora Caraiva y Asociados. <\/p>\n<p>\u201cCuando hay generaci\u00f3n por debajo del consumo hay apagones, pero no son constantes. Hay que generar m\u00e1s electricidad o bajar la demanda\u201d, coment\u00f3 V\u00edctor Ram\u00edrez, experto en electricidad. <\/p>\n<p>La dependencia precis\u00f3 que ante las limitaciones de gas natural en el sureste del pa\u00eds, el Cenace solicit\u00f3 a la red de gasoductos que \u201chaga el mayor esfuerzo\u201d para incrementar la oferta de gas natural, a trav\u00e9s del gasoducto de Energ\u00eda Mayak\u00e1n, para abastecer a las CCC M\u00e9rida III, Campeche y Valladolid. <\/p>\n<p>El gas natural es el principal insumo para el ramo el\u00e9ctrico, pues es el combustible utilizado para generar 70 por ciento de la electricidad en el pa\u00eds, seg\u00fan estimaciones de la Secretar\u00eda de Energ\u00eda.<\/p>\n<p>En la regi\u00f3n de la Pen\u00ednsula s\u00f3lo existe el gasoducto privado Energ\u00eda Mayak\u00e1n y se qued\u00f3 \u201cen proyecto\u201d el desarrollo de la l\u00ednea de M\u00e9rida-Canc\u00fan, de acuerdo con el Estatus de la infraestructura de gas natural, publicado por la Secretar\u00eda de Energ\u00eda en octubre de 2018. <\/p>\n<p>El analista de energ\u00eda de Marcos y Asociados, Luis Miguel Labardini, asegur\u00f3 que s\u00ed existe peligro de apagones en la Pen\u00ednsula, porque las plantas de la CFE no trabajan al 100 por ciento de su capacidad, pues no tienen gas suficiente. <\/p>\n<p>V\u00edctor Ram\u00edrez, experto del ramo, precis\u00f3 que la tuber\u00eda Mayak\u00e1n est\u00e1 subutilizada, pues carece de una interconexi\u00f3n con otras zonas del pa\u00eds que lo puedan abastecer del combustible, y mencion\u00f3 que tambi\u00e9n falta gas debido a la cancelaci\u00f3n de la construcci\u00f3n de la Unidad Regasificadora Flotante de Almacenamiento (FSRU, por sus siglas en ingl\u00e9s) en Pajaritos, Veracruz. <\/p>\n<p>La licitaci\u00f3n fue cancelada el pasado 3 de enero, con el argumento de que la petrolera ya cuenta con yacimientos de gas y es prioridad del gobierno federal explotar lo que ya existe. <\/p>\n<p>En el concurso participaban las empresas ICA-Fluor, de la mano de Duranco, as\u00ed como Vitol, en consorcio con Golar. <\/p>\n<p>El Cenace a\u00f1adi\u00f3 que otros respaldos para garantizar el abasto de electricidad se basan en que en la planta Morelia III, se subsanaron las descargas de di\u00e9sel con la instalaci\u00f3n de un cabezal de descarga del combustible para abastecer a la generadora de luz, al tiempo que la Comisi\u00f3n Federal de Electricidad construye un tramo de oleoducto para bombear el combustible desde Campeche, durante las 24 horas. <\/p>\n<p>Adem\u00e1s, asegur\u00f3 que \u201cen el remoto caso de una p\u00e9rdida de una de las l\u00edneas de 400 Kilovolts\u201d, la regi\u00f3n tiene la capacidad de generaci\u00f3n suficiente para mantener el abasto de electricidad sin cortes.<\/p>\n<\/div>\n<p><script>(function(d, s, id) {\nvar js, fjs = d.getElementsByTagName(s)[0];\nif (d.getElementById(id)) return;\njs = d.createElement(s); js.id = id;\njs.src = 'https:\/\/connect.facebook.net\/es_LA\/sdk.js#xfbml=1&version=v3.2&appId=641196362757391&autoLogAppEvents=1';\nfjs.parentNode.insertBefore(js, fjs);\n}(document, 'script', 'facebook-jssdk'));\n<\/script><br \/>\n<br \/>[ad_2]<br \/>\n<br \/><a href=\"https:\/\/www.elsoldemexico.com.mx\/finanzas\/deficit-de-electricidad-en-yucatan-es-de-50-3784043.html\">Source link <\/a><\/p>\n","protected":false},"excerpt":{"rendered":"<p>[ad_1] La regi\u00f3n de la Pen\u00ednsula de Yucat\u00e1n tiene una alta dependencia a la generaci\u00f3n de electricidad de otras zonas del pa\u00eds, pues produce, en promedio, la mitad de la energ\u00eda que requiere. Seg\u00fan datos del Centro Nacional de Control de Energ\u00eda (Cenace), en punto de las 16:00 horas de ayer, la demanda de electricidad [&hellip;]<\/p>\n","protected":false},"author":2,"featured_media":0,"comment_status":"open","ping_status":"open","sticky":false,"template":"","format":"standard","meta":{"footnotes":""},"categories":[1],"tags":[],"class_list":["post-1536","post","type-post","status-publish","format-standard","hentry","category-noticias-financieras"],"yoast_head":"<!-- This site is optimized with the Yoast SEO plugin v27.4 - https:\/\/yoast.com\/product\/yoast-seo-wordpress\/ -->\n<title>D\u00e9ficit de electricidad en Yucat\u00e1n es de 50% - Favorite News<\/title>\n<meta name=\"robots\" content=\"index, follow, max-snippet:-1, max-image-preview:large, max-video-preview:-1\" \/>\n<link rel=\"canonical\" href=\"https:\/\/favorite-news.com\/mx\/deficit-de-electricidad-en-yucatan-es-de-50\/\" \/>\n<meta property=\"og:locale\" content=\"es_MX\" \/>\n<meta property=\"og:type\" content=\"article\" \/>\n<meta property=\"og:title\" content=\"D\u00e9ficit de electricidad en Yucat\u00e1n es de 50% - Favorite News\" \/>\n<meta property=\"og:description\" content=\"[ad_1] La regi\u00f3n de la Pen\u00ednsula de Yucat\u00e1n tiene una alta dependencia a la generaci\u00f3n de electricidad de otras zonas del pa\u00eds, pues produce, en promedio, la mitad de la energ\u00eda que requiere. Seg\u00fan datos del Centro Nacional de Control de Energ\u00eda (Cenace), en punto de las 16:00 horas de ayer, la demanda de electricidad [&hellip;]\" \/>\n<meta property=\"og:url\" content=\"https:\/\/favorite-news.com\/mx\/deficit-de-electricidad-en-yucatan-es-de-50\/\" \/>\n<meta property=\"og:site_name\" content=\"Favorite News\" \/>\n<meta property=\"article:published_time\" content=\"2019-06-19T10:22:03+00:00\" \/>\n<meta name=\"author\" content=\"favorite-news\" \/>\n<meta name=\"twitter:card\" content=\"summary_large_image\" \/>\n<meta name=\"twitter:label1\" content=\"Escrito por\" \/>\n\t<meta name=\"twitter:data1\" content=\"favorite-news\" \/>\n\t<meta name=\"twitter:label2\" content=\"Tiempo de lectura\" \/>\n\t<meta name=\"twitter:data2\" content=\"4 minutos\" \/>\n<script type=\"application\/ld+json\" class=\"yoast-schema-graph\">{\"@context\":\"https:\\\/\\\/schema.org\",\"@graph\":[{\"@type\":\"Article\",\"@id\":\"https:\\\/\\\/favorite-news.com\\\/mx\\\/deficit-de-electricidad-en-yucatan-es-de-50\\\/#article\",\"isPartOf\":{\"@id\":\"https:\\\/\\\/favorite-news.com\\\/mx\\\/deficit-de-electricidad-en-yucatan-es-de-50\\\/\"},\"author\":{\"name\":\"favorite-news\",\"@id\":\"https:\\\/\\\/favorite-news.com\\\/mx\\\/#\\\/schema\\\/person\\\/b91573b717dcfa5e4696032a9d28d3e8\"},\"headline\":\"D\u00e9ficit de electricidad en Yucat\u00e1n es de 50%\",\"datePublished\":\"2019-06-19T10:22:03+00:00\",\"mainEntityOfPage\":{\"@id\":\"https:\\\/\\\/favorite-news.com\\\/mx\\\/deficit-de-electricidad-en-yucatan-es-de-50\\\/\"},\"wordCount\":727,\"commentCount\":0,\"articleSection\":[\"NOTICIAS FINANCIERAS\"],\"inLanguage\":\"es\",\"potentialAction\":[{\"@type\":\"CommentAction\",\"name\":\"Comment\",\"target\":[\"https:\\\/\\\/favorite-news.com\\\/mx\\\/deficit-de-electricidad-en-yucatan-es-de-50\\\/#respond\"]}]},{\"@type\":\"WebPage\",\"@id\":\"https:\\\/\\\/favorite-news.com\\\/mx\\\/deficit-de-electricidad-en-yucatan-es-de-50\\\/\",\"url\":\"https:\\\/\\\/favorite-news.com\\\/mx\\\/deficit-de-electricidad-en-yucatan-es-de-50\\\/\",\"name\":\"D\u00e9ficit de electricidad en Yucat\u00e1n es de 50% - Favorite News\",\"isPartOf\":{\"@id\":\"https:\\\/\\\/favorite-news.com\\\/mx\\\/#website\"},\"datePublished\":\"2019-06-19T10:22:03+00:00\",\"author\":{\"@id\":\"https:\\\/\\\/favorite-news.com\\\/mx\\\/#\\\/schema\\\/person\\\/b91573b717dcfa5e4696032a9d28d3e8\"},\"breadcrumb\":{\"@id\":\"https:\\\/\\\/favorite-news.com\\\/mx\\\/deficit-de-electricidad-en-yucatan-es-de-50\\\/#breadcrumb\"},\"inLanguage\":\"es\",\"potentialAction\":[{\"@type\":\"ReadAction\",\"target\":[\"https:\\\/\\\/favorite-news.com\\\/mx\\\/deficit-de-electricidad-en-yucatan-es-de-50\\\/\"]}]},{\"@type\":\"BreadcrumbList\",\"@id\":\"https:\\\/\\\/favorite-news.com\\\/mx\\\/deficit-de-electricidad-en-yucatan-es-de-50\\\/#breadcrumb\",\"itemListElement\":[{\"@type\":\"ListItem\",\"position\":1,\"name\":\"\u0413\u043b\u0430\u0432\u043d\u0430\u044f \u0441\u0442\u0440\u0430\u043d\u0438\u0446\u0430\",\"item\":\"https:\\\/\\\/favorite-news.com\\\/mx\\\/\"},{\"@type\":\"ListItem\",\"position\":2,\"name\":\"D\u00e9ficit de electricidad en Yucat\u00e1n es de 50%\"}]},{\"@type\":\"WebSite\",\"@id\":\"https:\\\/\\\/favorite-news.com\\\/mx\\\/#website\",\"url\":\"https:\\\/\\\/favorite-news.com\\\/mx\\\/\",\"name\":\"Favorite News\",\"description\":\"Favorite News Mexico\",\"potentialAction\":[{\"@type\":\"SearchAction\",\"target\":{\"@type\":\"EntryPoint\",\"urlTemplate\":\"https:\\\/\\\/favorite-news.com\\\/mx\\\/?s={search_term_string}\"},\"query-input\":{\"@type\":\"PropertyValueSpecification\",\"valueRequired\":true,\"valueName\":\"search_term_string\"}}],\"inLanguage\":\"es\"},{\"@type\":\"Person\",\"@id\":\"https:\\\/\\\/favorite-news.com\\\/mx\\\/#\\\/schema\\\/person\\\/b91573b717dcfa5e4696032a9d28d3e8\",\"name\":\"favorite-news\",\"image\":{\"@type\":\"ImageObject\",\"inLanguage\":\"es\",\"@id\":\"https:\\\/\\\/secure.gravatar.com\\\/avatar\\\/6c5a5cb12b74e9d517ee91cf570335b7d16177f1977cc91db161adfa435945a7?s=96&d=mm&r=g\",\"url\":\"https:\\\/\\\/secure.gravatar.com\\\/avatar\\\/6c5a5cb12b74e9d517ee91cf570335b7d16177f1977cc91db161adfa435945a7?s=96&d=mm&r=g\",\"contentUrl\":\"https:\\\/\\\/secure.gravatar.com\\\/avatar\\\/6c5a5cb12b74e9d517ee91cf570335b7d16177f1977cc91db161adfa435945a7?s=96&d=mm&r=g\",\"caption\":\"favorite-news\"},\"url\":\"https:\\\/\\\/favorite-news.com\\\/mx\\\/author\\\/pt\\\/\"}]}<\/script>\n<!-- \/ Yoast SEO plugin. -->","yoast_head_json":{"title":"D\u00e9ficit de electricidad en Yucat\u00e1n es de 50% - Favorite News","robots":{"index":"index","follow":"follow","max-snippet":"max-snippet:-1","max-image-preview":"max-image-preview:large","max-video-preview":"max-video-preview:-1"},"canonical":"https:\/\/favorite-news.com\/mx\/deficit-de-electricidad-en-yucatan-es-de-50\/","og_locale":"es_MX","og_type":"article","og_title":"D\u00e9ficit de electricidad en Yucat\u00e1n es de 50% - Favorite News","og_description":"[ad_1] La regi\u00f3n de la Pen\u00ednsula de Yucat\u00e1n tiene una alta dependencia a la generaci\u00f3n de electricidad de otras zonas del pa\u00eds, pues produce, en promedio, la mitad de la energ\u00eda que requiere. Seg\u00fan datos del Centro Nacional de Control de Energ\u00eda (Cenace), en punto de las 16:00 horas de ayer, la demanda de electricidad [&hellip;]","og_url":"https:\/\/favorite-news.com\/mx\/deficit-de-electricidad-en-yucatan-es-de-50\/","og_site_name":"Favorite News","article_published_time":"2019-06-19T10:22:03+00:00","author":"favorite-news","twitter_card":"summary_large_image","twitter_misc":{"Escrito por":"favorite-news","Tiempo de lectura":"4 minutos"},"schema":{"@context":"https:\/\/schema.org","@graph":[{"@type":"Article","@id":"https:\/\/favorite-news.com\/mx\/deficit-de-electricidad-en-yucatan-es-de-50\/#article","isPartOf":{"@id":"https:\/\/favorite-news.com\/mx\/deficit-de-electricidad-en-yucatan-es-de-50\/"},"author":{"name":"favorite-news","@id":"https:\/\/favorite-news.com\/mx\/#\/schema\/person\/b91573b717dcfa5e4696032a9d28d3e8"},"headline":"D\u00e9ficit de electricidad en Yucat\u00e1n es de 50%","datePublished":"2019-06-19T10:22:03+00:00","mainEntityOfPage":{"@id":"https:\/\/favorite-news.com\/mx\/deficit-de-electricidad-en-yucatan-es-de-50\/"},"wordCount":727,"commentCount":0,"articleSection":["NOTICIAS FINANCIERAS"],"inLanguage":"es","potentialAction":[{"@type":"CommentAction","name":"Comment","target":["https:\/\/favorite-news.com\/mx\/deficit-de-electricidad-en-yucatan-es-de-50\/#respond"]}]},{"@type":"WebPage","@id":"https:\/\/favorite-news.com\/mx\/deficit-de-electricidad-en-yucatan-es-de-50\/","url":"https:\/\/favorite-news.com\/mx\/deficit-de-electricidad-en-yucatan-es-de-50\/","name":"D\u00e9ficit de electricidad en Yucat\u00e1n es de 50% - Favorite News","isPartOf":{"@id":"https:\/\/favorite-news.com\/mx\/#website"},"datePublished":"2019-06-19T10:22:03+00:00","author":{"@id":"https:\/\/favorite-news.com\/mx\/#\/schema\/person\/b91573b717dcfa5e4696032a9d28d3e8"},"breadcrumb":{"@id":"https:\/\/favorite-news.com\/mx\/deficit-de-electricidad-en-yucatan-es-de-50\/#breadcrumb"},"inLanguage":"es","potentialAction":[{"@type":"ReadAction","target":["https:\/\/favorite-news.com\/mx\/deficit-de-electricidad-en-yucatan-es-de-50\/"]}]},{"@type":"BreadcrumbList","@id":"https:\/\/favorite-news.com\/mx\/deficit-de-electricidad-en-yucatan-es-de-50\/#breadcrumb","itemListElement":[{"@type":"ListItem","position":1,"name":"\u0413\u043b\u0430\u0432\u043d\u0430\u044f \u0441\u0442\u0440\u0430\u043d\u0438\u0446\u0430","item":"https:\/\/favorite-news.com\/mx\/"},{"@type":"ListItem","position":2,"name":"D\u00e9ficit de electricidad en Yucat\u00e1n es de 50%"}]},{"@type":"WebSite","@id":"https:\/\/favorite-news.com\/mx\/#website","url":"https:\/\/favorite-news.com\/mx\/","name":"Favorite News","description":"Favorite News Mexico","potentialAction":[{"@type":"SearchAction","target":{"@type":"EntryPoint","urlTemplate":"https:\/\/favorite-news.com\/mx\/?s={search_term_string}"},"query-input":{"@type":"PropertyValueSpecification","valueRequired":true,"valueName":"search_term_string"}}],"inLanguage":"es"},{"@type":"Person","@id":"https:\/\/favorite-news.com\/mx\/#\/schema\/person\/b91573b717dcfa5e4696032a9d28d3e8","name":"favorite-news","image":{"@type":"ImageObject","inLanguage":"es","@id":"https:\/\/secure.gravatar.com\/avatar\/6c5a5cb12b74e9d517ee91cf570335b7d16177f1977cc91db161adfa435945a7?s=96&d=mm&r=g","url":"https:\/\/secure.gravatar.com\/avatar\/6c5a5cb12b74e9d517ee91cf570335b7d16177f1977cc91db161adfa435945a7?s=96&d=mm&r=g","contentUrl":"https:\/\/secure.gravatar.com\/avatar\/6c5a5cb12b74e9d517ee91cf570335b7d16177f1977cc91db161adfa435945a7?s=96&d=mm&r=g","caption":"favorite-news"},"url":"https:\/\/favorite-news.com\/mx\/author\/pt\/"}]}},"_links":{"self":[{"href":"https:\/\/favorite-news.com\/mx\/wp-json\/wp\/v2\/posts\/1536","targetHints":{"allow":["GET"]}}],"collection":[{"href":"https:\/\/favorite-news.com\/mx\/wp-json\/wp\/v2\/posts"}],"about":[{"href":"https:\/\/favorite-news.com\/mx\/wp-json\/wp\/v2\/types\/post"}],"author":[{"embeddable":true,"href":"https:\/\/favorite-news.com\/mx\/wp-json\/wp\/v2\/users\/2"}],"replies":[{"embeddable":true,"href":"https:\/\/favorite-news.com\/mx\/wp-json\/wp\/v2\/comments?post=1536"}],"version-history":[{"count":0,"href":"https:\/\/favorite-news.com\/mx\/wp-json\/wp\/v2\/posts\/1536\/revisions"}],"wp:attachment":[{"href":"https:\/\/favorite-news.com\/mx\/wp-json\/wp\/v2\/media?parent=1536"}],"wp:term":[{"taxonomy":"category","embeddable":true,"href":"https:\/\/favorite-news.com\/mx\/wp-json\/wp\/v2\/categories?post=1536"},{"taxonomy":"post_tag","embeddable":true,"href":"https:\/\/favorite-news.com\/mx\/wp-json\/wp\/v2\/tags?post=1536"}],"curies":[{"name":"wp","href":"https:\/\/api.w.org\/{rel}","templated":true}]}}