{"id":1530,"date":"2019-06-19T07:16:29","date_gmt":"2019-06-19T04:16:29","guid":{"rendered":"https:\/\/favorite-news.com\/mx\/veta-la-sfp-a-firma-de-outsourcing-por-contrato-con-promexico\/"},"modified":"2019-06-19T07:16:29","modified_gmt":"2019-06-19T04:16:29","slug":"veta-la-sfp-a-firma-de-outsourcing-por-contrato-con-promexico","status":"publish","type":"post","link":"https:\/\/favorite-news.com\/mx\/veta-la-sfp-a-firma-de-outsourcing-por-contrato-con-promexico\/","title":{"rendered":"Veta la SFP a firma de outsourcing por contrato con ProM\u00e9xico"},"content":{"rendered":"<p> [ad_1]<br \/>\n<\/p>\n<div id=\"content-body-226-3778937\">\n<p>Servicios Inteligentes con Talento Humano (Sitah), empresa que fue vetada por la Secretar\u00eda de la Funci\u00f3n P\u00fablica, firm\u00f3 un contrato con ProM\u00e9xico por 51.7 millones de pesos, con vigencia del 31 de marzo al 1 de diciembre de 2018. <\/p>\n<p>La Secretar\u00eda de la Funci\u00f3n P\u00fablica public\u00f3 ayer en el Diario Oficial de la Federaci\u00f3n el anuncio de que ninguna entidad p\u00fablica federal, estatal, municipal, la fiscal\u00eda, as\u00ed como las empresas productivas del Estado, podr\u00e1 celebrar contratos con Sitah por los pr\u00f3ximos tres meses.<\/p>\n<h4\/>\n<p>El contrato, con ocho meses de duraci\u00f3n, consisti\u00f3 en cubrir el personal de la organizaci\u00f3n que se dedicaba a atraer la inversi\u00f3n al pa\u00eds en el mundo. <\/p>\n<p>La licitaci\u00f3n incluy\u00f3 la contrataci\u00f3n de 130 personas que ocuparon cargos desde telefonistas hasta directores de proyecto, con sueldos netos de los seis mil a los 50 mil pesos mensuales. <\/p>\n<p>El personal se insert\u00f3 en las direcciones General, Ejecutiva de Eventos y Servicios al Empresario, Ejecutiva de Finanzas, Recursos Materiales y Servicios Generales, Recursos Humanos, Tecnolog\u00edas de la Informaci\u00f3n, as\u00ed como las unidades de Negocios Globales, Desarrollo Sectorial, Inteligencia de Negocios. <\/p>\n<p>De acuerdo con la orden de auditor\u00eda 5\/2018 del \u00d3rgano Interno de Control de ProM\u00e9xico, el contrato fue firmado de forma posterior a la fecha de inicio de las funciones. <\/p>\n<p>\u201cEn el contrato abierto PM\/C\/008\/2018 con las empresas Sitah, actuando de manera conjunta con Scoi Soluciones Corporativas Integrales (\u2026) para proporcionar \u201cServicios especializados con terceros para diversas \u00e1reas de ProM\u00e9xico\u201d, se obsev\u00f3 que la fecha de recepci\u00f3n por el Administrador del Contrato fue el 28 de mayo de 2018, no obstante la firma del contrato se\u00f1ala el 15 de marzo de 2018, fecha que de acuerdo con lo se\u00f1alado en el art\u00edculo 84 del Reglamento de la Ley de Adquisiciones, Arrendamientos y Servicios del Sector P\u00fablico, es la fecha en la que se recaba la firma del proveedor, no sin antes obtener las firmas de los servidores p\u00fablicos de la entidad\u201d, detalla el documento.<\/p>\n<p>ProM\u00e9xico fue una de las dependencias que desapareci\u00f3 el presidente de M\u00e9xico, Andr\u00e9s Manuel L\u00f3pez Obrador, por considerarlo un organismo caro. <\/p>\n<p>La desaparici\u00f3n de este organismo tambi\u00e9n se formaliz\u00f3 a trav\u00e9s del Diario Oficial de la Federaci\u00f3n, el pasado 3 de mayo, cuando la Secretar\u00eda de Econom\u00eda emiti\u00f3 un decreto que confirm\u00f3 la liquidaci\u00f3n del organismo. <\/p>\n<p>En su conferencia de prensa matutina del 27 de febrero, el mandatario acus\u00f3 que en ProM\u00e9xico, s\u00f3lo trabajaban recomendados, \u201cjuniors\u201d y \u201cfif\u00eds\u201d. <\/p>\n<p>\u201cManten\u00edan oficinas muy costosas y, lo mismo, puro recomendado, puro junior, que se iban al extranjero a vivir a costillas del erario, puro fif\u00ed, con todo respeto, y supuestamente a promover a M\u00e9xico, 60 oficinas de ProM\u00e9xico. Todo esto no les ha gustado, pero qu\u00e9 hacemos\u201d, mencion\u00f3 L\u00f3pez Obrador. <\/p>\n<p>La Secretar\u00eda de la Funci\u00f3n P\u00fablica tambi\u00e9n vet\u00f3 por tres meses a las empresas Negocios Universal TD2, que se dedica a la terciarizaci\u00f3n de personal. la tercera sancionada, esta por seis meses fue la proveedora farmac\u00e9utica Dimexpress, y la \u00faltima fue Cl\u00ednicas Perif\u00e9ricas y Ambulatorias, una contratista del IMSS que fue vetada seis a\u00f1os.<\/p>\n<\/div>\n<p><script>(function(d, s, id) {\nvar js, fjs = d.getElementsByTagName(s)[0];\nif (d.getElementById(id)) return;\njs = d.createElement(s); js.id = id;\njs.src = 'https:\/\/connect.facebook.net\/es_LA\/sdk.js#xfbml=1&version=v3.2&appId=641196362757391&autoLogAppEvents=1';\nfjs.parentNode.insertBefore(js, fjs);\n}(document, 'script', 'facebook-jssdk'));\n<\/script><br \/>\n<br \/>[ad_2]<br \/>\n<br \/><a href=\"https:\/\/www.elsoldemexico.com.mx\/finanzas\/veta-la-sfp-a-firma-de-outsourcing-por-contrato-con-promexico-3778937.html\">Source link <\/a><\/p>\n","protected":false},"excerpt":{"rendered":"<p>[ad_1] Servicios Inteligentes con Talento Humano (Sitah), empresa que fue vetada por la Secretar\u00eda de la Funci\u00f3n P\u00fablica, firm\u00f3 un contrato con ProM\u00e9xico por 51.7 millones de pesos, con vigencia del 31 de marzo al 1 de diciembre de 2018. La Secretar\u00eda de la Funci\u00f3n P\u00fablica public\u00f3 ayer en el Diario Oficial de la Federaci\u00f3n [&hellip;]<\/p>\n","protected":false},"author":2,"featured_media":0,"comment_status":"open","ping_status":"open","sticky":false,"template":"","format":"standard","meta":{"footnotes":""},"categories":[1],"tags":[],"class_list":["post-1530","post","type-post","status-publish","format-standard","hentry","category-noticias-financieras"],"yoast_head":"<!-- This site is optimized with the Yoast SEO plugin v27.4 - https:\/\/yoast.com\/product\/yoast-seo-wordpress\/ -->\n<title>Veta la SFP a firma de outsourcing por contrato con ProM\u00e9xico - Favorite News<\/title>\n<meta name=\"robots\" content=\"index, follow, max-snippet:-1, max-image-preview:large, max-video-preview:-1\" \/>\n<link rel=\"canonical\" href=\"https:\/\/favorite-news.com\/mx\/veta-la-sfp-a-firma-de-outsourcing-por-contrato-con-promexico\/\" \/>\n<meta property=\"og:locale\" content=\"es_MX\" \/>\n<meta property=\"og:type\" content=\"article\" \/>\n<meta property=\"og:title\" content=\"Veta la SFP a firma de outsourcing por contrato con ProM\u00e9xico - Favorite News\" \/>\n<meta property=\"og:description\" content=\"[ad_1] Servicios Inteligentes con Talento Humano (Sitah), empresa que fue vetada por la Secretar\u00eda de la Funci\u00f3n P\u00fablica, firm\u00f3 un contrato con ProM\u00e9xico por 51.7 millones de pesos, con vigencia del 31 de marzo al 1 de diciembre de 2018. La Secretar\u00eda de la Funci\u00f3n P\u00fablica public\u00f3 ayer en el Diario Oficial de la Federaci\u00f3n [&hellip;]\" \/>\n<meta property=\"og:url\" content=\"https:\/\/favorite-news.com\/mx\/veta-la-sfp-a-firma-de-outsourcing-por-contrato-con-promexico\/\" \/>\n<meta property=\"og:site_name\" content=\"Favorite News\" \/>\n<meta property=\"article:published_time\" content=\"2019-06-19T04:16:29+00:00\" \/>\n<meta name=\"author\" content=\"favorite-news\" \/>\n<meta name=\"twitter:card\" content=\"summary_large_image\" \/>\n<meta name=\"twitter:label1\" content=\"Escrito por\" \/>\n\t<meta name=\"twitter:data1\" content=\"favorite-news\" \/>\n\t<meta name=\"twitter:label2\" content=\"Tiempo de lectura\" \/>\n\t<meta name=\"twitter:data2\" content=\"3 minutos\" \/>\n<script type=\"application\/ld+json\" class=\"yoast-schema-graph\">{\"@context\":\"https:\\\/\\\/schema.org\",\"@graph\":[{\"@type\":\"Article\",\"@id\":\"https:\\\/\\\/favorite-news.com\\\/mx\\\/veta-la-sfp-a-firma-de-outsourcing-por-contrato-con-promexico\\\/#article\",\"isPartOf\":{\"@id\":\"https:\\\/\\\/favorite-news.com\\\/mx\\\/veta-la-sfp-a-firma-de-outsourcing-por-contrato-con-promexico\\\/\"},\"author\":{\"name\":\"favorite-news\",\"@id\":\"https:\\\/\\\/favorite-news.com\\\/mx\\\/#\\\/schema\\\/person\\\/b91573b717dcfa5e4696032a9d28d3e8\"},\"headline\":\"Veta la SFP a firma de outsourcing por contrato con ProM\u00e9xico\",\"datePublished\":\"2019-06-19T04:16:29+00:00\",\"mainEntityOfPage\":{\"@id\":\"https:\\\/\\\/favorite-news.com\\\/mx\\\/veta-la-sfp-a-firma-de-outsourcing-por-contrato-con-promexico\\\/\"},\"wordCount\":562,\"commentCount\":0,\"articleSection\":[\"NOTICIAS FINANCIERAS\"],\"inLanguage\":\"es\",\"potentialAction\":[{\"@type\":\"CommentAction\",\"name\":\"Comment\",\"target\":[\"https:\\\/\\\/favorite-news.com\\\/mx\\\/veta-la-sfp-a-firma-de-outsourcing-por-contrato-con-promexico\\\/#respond\"]}]},{\"@type\":\"WebPage\",\"@id\":\"https:\\\/\\\/favorite-news.com\\\/mx\\\/veta-la-sfp-a-firma-de-outsourcing-por-contrato-con-promexico\\\/\",\"url\":\"https:\\\/\\\/favorite-news.com\\\/mx\\\/veta-la-sfp-a-firma-de-outsourcing-por-contrato-con-promexico\\\/\",\"name\":\"Veta la SFP a firma de outsourcing por contrato con ProM\u00e9xico - Favorite News\",\"isPartOf\":{\"@id\":\"https:\\\/\\\/favorite-news.com\\\/mx\\\/#website\"},\"datePublished\":\"2019-06-19T04:16:29+00:00\",\"author\":{\"@id\":\"https:\\\/\\\/favorite-news.com\\\/mx\\\/#\\\/schema\\\/person\\\/b91573b717dcfa5e4696032a9d28d3e8\"},\"breadcrumb\":{\"@id\":\"https:\\\/\\\/favorite-news.com\\\/mx\\\/veta-la-sfp-a-firma-de-outsourcing-por-contrato-con-promexico\\\/#breadcrumb\"},\"inLanguage\":\"es\",\"potentialAction\":[{\"@type\":\"ReadAction\",\"target\":[\"https:\\\/\\\/favorite-news.com\\\/mx\\\/veta-la-sfp-a-firma-de-outsourcing-por-contrato-con-promexico\\\/\"]}]},{\"@type\":\"BreadcrumbList\",\"@id\":\"https:\\\/\\\/favorite-news.com\\\/mx\\\/veta-la-sfp-a-firma-de-outsourcing-por-contrato-con-promexico\\\/#breadcrumb\",\"itemListElement\":[{\"@type\":\"ListItem\",\"position\":1,\"name\":\"\u0413\u043b\u0430\u0432\u043d\u0430\u044f \u0441\u0442\u0440\u0430\u043d\u0438\u0446\u0430\",\"item\":\"https:\\\/\\\/favorite-news.com\\\/mx\\\/\"},{\"@type\":\"ListItem\",\"position\":2,\"name\":\"Veta la SFP a firma de outsourcing por contrato con ProM\u00e9xico\"}]},{\"@type\":\"WebSite\",\"@id\":\"https:\\\/\\\/favorite-news.com\\\/mx\\\/#website\",\"url\":\"https:\\\/\\\/favorite-news.com\\\/mx\\\/\",\"name\":\"Favorite News\",\"description\":\"Favorite News Mexico\",\"potentialAction\":[{\"@type\":\"SearchAction\",\"target\":{\"@type\":\"EntryPoint\",\"urlTemplate\":\"https:\\\/\\\/favorite-news.com\\\/mx\\\/?s={search_term_string}\"},\"query-input\":{\"@type\":\"PropertyValueSpecification\",\"valueRequired\":true,\"valueName\":\"search_term_string\"}}],\"inLanguage\":\"es\"},{\"@type\":\"Person\",\"@id\":\"https:\\\/\\\/favorite-news.com\\\/mx\\\/#\\\/schema\\\/person\\\/b91573b717dcfa5e4696032a9d28d3e8\",\"name\":\"favorite-news\",\"image\":{\"@type\":\"ImageObject\",\"inLanguage\":\"es\",\"@id\":\"https:\\\/\\\/secure.gravatar.com\\\/avatar\\\/6c5a5cb12b74e9d517ee91cf570335b7d16177f1977cc91db161adfa435945a7?s=96&d=mm&r=g\",\"url\":\"https:\\\/\\\/secure.gravatar.com\\\/avatar\\\/6c5a5cb12b74e9d517ee91cf570335b7d16177f1977cc91db161adfa435945a7?s=96&d=mm&r=g\",\"contentUrl\":\"https:\\\/\\\/secure.gravatar.com\\\/avatar\\\/6c5a5cb12b74e9d517ee91cf570335b7d16177f1977cc91db161adfa435945a7?s=96&d=mm&r=g\",\"caption\":\"favorite-news\"},\"url\":\"https:\\\/\\\/favorite-news.com\\\/mx\\\/author\\\/pt\\\/\"}]}<\/script>\n<!-- \/ Yoast SEO plugin. -->","yoast_head_json":{"title":"Veta la SFP a firma de outsourcing por contrato con ProM\u00e9xico - Favorite News","robots":{"index":"index","follow":"follow","max-snippet":"max-snippet:-1","max-image-preview":"max-image-preview:large","max-video-preview":"max-video-preview:-1"},"canonical":"https:\/\/favorite-news.com\/mx\/veta-la-sfp-a-firma-de-outsourcing-por-contrato-con-promexico\/","og_locale":"es_MX","og_type":"article","og_title":"Veta la SFP a firma de outsourcing por contrato con ProM\u00e9xico - Favorite News","og_description":"[ad_1] Servicios Inteligentes con Talento Humano (Sitah), empresa que fue vetada por la Secretar\u00eda de la Funci\u00f3n P\u00fablica, firm\u00f3 un contrato con ProM\u00e9xico por 51.7 millones de pesos, con vigencia del 31 de marzo al 1 de diciembre de 2018. La Secretar\u00eda de la Funci\u00f3n P\u00fablica public\u00f3 ayer en el Diario Oficial de la Federaci\u00f3n [&hellip;]","og_url":"https:\/\/favorite-news.com\/mx\/veta-la-sfp-a-firma-de-outsourcing-por-contrato-con-promexico\/","og_site_name":"Favorite News","article_published_time":"2019-06-19T04:16:29+00:00","author":"favorite-news","twitter_card":"summary_large_image","twitter_misc":{"Escrito por":"favorite-news","Tiempo de lectura":"3 minutos"},"schema":{"@context":"https:\/\/schema.org","@graph":[{"@type":"Article","@id":"https:\/\/favorite-news.com\/mx\/veta-la-sfp-a-firma-de-outsourcing-por-contrato-con-promexico\/#article","isPartOf":{"@id":"https:\/\/favorite-news.com\/mx\/veta-la-sfp-a-firma-de-outsourcing-por-contrato-con-promexico\/"},"author":{"name":"favorite-news","@id":"https:\/\/favorite-news.com\/mx\/#\/schema\/person\/b91573b717dcfa5e4696032a9d28d3e8"},"headline":"Veta la SFP a firma de outsourcing por contrato con ProM\u00e9xico","datePublished":"2019-06-19T04:16:29+00:00","mainEntityOfPage":{"@id":"https:\/\/favorite-news.com\/mx\/veta-la-sfp-a-firma-de-outsourcing-por-contrato-con-promexico\/"},"wordCount":562,"commentCount":0,"articleSection":["NOTICIAS FINANCIERAS"],"inLanguage":"es","potentialAction":[{"@type":"CommentAction","name":"Comment","target":["https:\/\/favorite-news.com\/mx\/veta-la-sfp-a-firma-de-outsourcing-por-contrato-con-promexico\/#respond"]}]},{"@type":"WebPage","@id":"https:\/\/favorite-news.com\/mx\/veta-la-sfp-a-firma-de-outsourcing-por-contrato-con-promexico\/","url":"https:\/\/favorite-news.com\/mx\/veta-la-sfp-a-firma-de-outsourcing-por-contrato-con-promexico\/","name":"Veta la SFP a firma de outsourcing por contrato con ProM\u00e9xico - Favorite News","isPartOf":{"@id":"https:\/\/favorite-news.com\/mx\/#website"},"datePublished":"2019-06-19T04:16:29+00:00","author":{"@id":"https:\/\/favorite-news.com\/mx\/#\/schema\/person\/b91573b717dcfa5e4696032a9d28d3e8"},"breadcrumb":{"@id":"https:\/\/favorite-news.com\/mx\/veta-la-sfp-a-firma-de-outsourcing-por-contrato-con-promexico\/#breadcrumb"},"inLanguage":"es","potentialAction":[{"@type":"ReadAction","target":["https:\/\/favorite-news.com\/mx\/veta-la-sfp-a-firma-de-outsourcing-por-contrato-con-promexico\/"]}]},{"@type":"BreadcrumbList","@id":"https:\/\/favorite-news.com\/mx\/veta-la-sfp-a-firma-de-outsourcing-por-contrato-con-promexico\/#breadcrumb","itemListElement":[{"@type":"ListItem","position":1,"name":"\u0413\u043b\u0430\u0432\u043d\u0430\u044f \u0441\u0442\u0440\u0430\u043d\u0438\u0446\u0430","item":"https:\/\/favorite-news.com\/mx\/"},{"@type":"ListItem","position":2,"name":"Veta la SFP a firma de outsourcing por contrato con ProM\u00e9xico"}]},{"@type":"WebSite","@id":"https:\/\/favorite-news.com\/mx\/#website","url":"https:\/\/favorite-news.com\/mx\/","name":"Favorite News","description":"Favorite News Mexico","potentialAction":[{"@type":"SearchAction","target":{"@type":"EntryPoint","urlTemplate":"https:\/\/favorite-news.com\/mx\/?s={search_term_string}"},"query-input":{"@type":"PropertyValueSpecification","valueRequired":true,"valueName":"search_term_string"}}],"inLanguage":"es"},{"@type":"Person","@id":"https:\/\/favorite-news.com\/mx\/#\/schema\/person\/b91573b717dcfa5e4696032a9d28d3e8","name":"favorite-news","image":{"@type":"ImageObject","inLanguage":"es","@id":"https:\/\/secure.gravatar.com\/avatar\/6c5a5cb12b74e9d517ee91cf570335b7d16177f1977cc91db161adfa435945a7?s=96&d=mm&r=g","url":"https:\/\/secure.gravatar.com\/avatar\/6c5a5cb12b74e9d517ee91cf570335b7d16177f1977cc91db161adfa435945a7?s=96&d=mm&r=g","contentUrl":"https:\/\/secure.gravatar.com\/avatar\/6c5a5cb12b74e9d517ee91cf570335b7d16177f1977cc91db161adfa435945a7?s=96&d=mm&r=g","caption":"favorite-news"},"url":"https:\/\/favorite-news.com\/mx\/author\/pt\/"}]}},"_links":{"self":[{"href":"https:\/\/favorite-news.com\/mx\/wp-json\/wp\/v2\/posts\/1530","targetHints":{"allow":["GET"]}}],"collection":[{"href":"https:\/\/favorite-news.com\/mx\/wp-json\/wp\/v2\/posts"}],"about":[{"href":"https:\/\/favorite-news.com\/mx\/wp-json\/wp\/v2\/types\/post"}],"author":[{"embeddable":true,"href":"https:\/\/favorite-news.com\/mx\/wp-json\/wp\/v2\/users\/2"}],"replies":[{"embeddable":true,"href":"https:\/\/favorite-news.com\/mx\/wp-json\/wp\/v2\/comments?post=1530"}],"version-history":[{"count":0,"href":"https:\/\/favorite-news.com\/mx\/wp-json\/wp\/v2\/posts\/1530\/revisions"}],"wp:attachment":[{"href":"https:\/\/favorite-news.com\/mx\/wp-json\/wp\/v2\/media?parent=1530"}],"wp:term":[{"taxonomy":"category","embeddable":true,"href":"https:\/\/favorite-news.com\/mx\/wp-json\/wp\/v2\/categories?post=1530"},{"taxonomy":"post_tag","embeddable":true,"href":"https:\/\/favorite-news.com\/mx\/wp-json\/wp\/v2\/tags?post=1530"}],"curies":[{"name":"wp","href":"https:\/\/api.w.org\/{rel}","templated":true}]}}