{"id":1509,"date":"2019-06-18T17:06:49","date_gmt":"2019-06-18T14:06:49","guid":{"rendered":"https:\/\/favorite-news.com\/mx\/oro-negro-no-tendra-condonaciones-y-debera-pagar-sus-deudas-fiscales-amlo\/"},"modified":"2019-06-18T17:06:50","modified_gmt":"2019-06-18T14:06:50","slug":"oro-negro-no-tendra-condonaciones-y-debera-pagar-sus-deudas-fiscales-amlo","status":"publish","type":"post","link":"https:\/\/favorite-news.com\/mx\/oro-negro-no-tendra-condonaciones-y-debera-pagar-sus-deudas-fiscales-amlo\/","title":{"rendered":"Oro Negro no tendr\u00e1 condonaciones y deber\u00e1 pagar sus deudas fiscales: AMLO"},"content":{"rendered":"<p> [ad_1]<br \/>\n<\/p>\n<div id=\"content-body-226-3779349\">\n<p>El presidente Andr\u00e9s Manuel L\u00f3pez Obrador insisti\u00f3 en que Oro Negro no va a tener condonaciones y deber\u00e1 pagar todas sus deudas con el Servicio de Administraci\u00f3n Tributaria, luego de que la empresa que le prest\u00f3 servicios a Petr\u00f3leos Mexicanos tiene una deuda de 500 millones de d\u00f3lares, misma en la que se comprometieron Afores.<\/p>\n<p>\u201cLo que s\u00ed es un hecho es que muchas empresas no pagaban impuestos y hay deudas de grandes empresas que no est\u00e1n al corriente en sus pagos de impuestos y aprovech\u00f3 para exhortarlos en su pago de impuestos\u201d, demand\u00f3.<\/p>\n<p>Ya no se van a condonar impuestos en todo el sexenio si la gente as\u00ed lo decide<\/p>\n<p>Esta ma\u00f1ana El Sol de M\u00e9xico dio a conocer que las <b>Afores de Citibanamex y Sura invirtieron recursos en un fondo llamado Axis Capital, para financiar a Oro Negro,<\/b> y solo recibir\u00e1n sus pagos correspondientes hasta que la empresa salde sus deudas con el SAT.<\/p>\n<h3>Evita AMLO pronunciarse <\/h3>\n<p>L\u00f3pez Obrador evit\u00f3 pronunciarse sobre los procesos judiciales y las deudas de Oro Negro, quien anticipa su eventual quiebre y ha puesto en duda el pago de las Afores, dado que ser\u00e1 su prioridad finiquitar la deuda con el gobierno federal, en segundo lugar las liquidaciones de los empleados, los cr\u00e9ditos garantizados y por \u00faltimo los fondos para el retiro.<\/p>\n<p>\u201cEs una empresa que tiene juicios, que tiene demanda con Pemex por eso no quiero dar ninguna opini\u00f3n no quiero que lo que diga vaya a perjudicar en un sentido ni en otro\u201d, respondi\u00f3.<\/p>\n<p>Reiter\u00f3 que en los gobiernos anteriores se foment\u00f3 esa mala costumbre de perdonar impuestos a los grandes consorcios, pero mientras \u00e9l est\u00e9 al frente del Ejecutivo Federal no habr\u00e1 condonaciones, pues todos los ciudadanos est\u00e1n obligados a cumplir sus obligaciones fiscales.<\/p>\n<\/div>\n<p><script>(function(d, s, id) {\nvar js, fjs = d.getElementsByTagName(s)[0];\nif (d.getElementById(id)) return;\njs = d.createElement(s); js.id = id;\njs.src = 'https:\/\/connect.facebook.net\/es_LA\/sdk.js#xfbml=1&version=v3.2&appId=641196362757391&autoLogAppEvents=1';\nfjs.parentNode.insertBefore(js, fjs);\n}(document, 'script', 'facebook-jssdk'));\n<\/script><br \/>\n<br \/>[ad_2]<br \/>\n<br \/><a href=\"https:\/\/www.elsoldemexico.com.mx\/finanzas\/oro-negro-no-tendra-condonaciones-y-debera-pagar-todas-sus-deudas-fiscales-amlo-3779349.html\">Source link <\/a><\/p>\n","protected":false},"excerpt":{"rendered":"<p>[ad_1] El presidente Andr\u00e9s Manuel L\u00f3pez Obrador insisti\u00f3 en que Oro Negro no va a tener condonaciones y deber\u00e1 pagar todas sus deudas con el Servicio de Administraci\u00f3n Tributaria, luego de que la empresa que le prest\u00f3 servicios a Petr\u00f3leos Mexicanos tiene una deuda de 500 millones de d\u00f3lares, misma en la que se comprometieron [&hellip;]<\/p>\n","protected":false},"author":2,"featured_media":1510,"comment_status":"open","ping_status":"open","sticky":false,"template":"","format":"standard","meta":{"footnotes":""},"categories":[1],"tags":[],"class_list":["post-1509","post","type-post","status-publish","format-standard","has-post-thumbnail","hentry","category-noticias-financieras"],"yoast_head":"<!-- This site is optimized with the Yoast SEO plugin v27.4 - https:\/\/yoast.com\/product\/yoast-seo-wordpress\/ -->\n<title>Oro Negro no tendr\u00e1 condonaciones y deber\u00e1 pagar sus deudas fiscales: AMLO - Favorite News<\/title>\n<meta name=\"robots\" content=\"index, follow, max-snippet:-1, max-image-preview:large, max-video-preview:-1\" \/>\n<link rel=\"canonical\" href=\"https:\/\/favorite-news.com\/mx\/oro-negro-no-tendra-condonaciones-y-debera-pagar-sus-deudas-fiscales-amlo\/\" \/>\n<meta property=\"og:locale\" content=\"es_MX\" \/>\n<meta property=\"og:type\" content=\"article\" \/>\n<meta property=\"og:title\" content=\"Oro Negro no tendr\u00e1 condonaciones y deber\u00e1 pagar sus deudas fiscales: AMLO - Favorite News\" \/>\n<meta property=\"og:description\" content=\"[ad_1] El presidente Andr\u00e9s Manuel L\u00f3pez Obrador insisti\u00f3 en que Oro Negro no va a tener condonaciones y deber\u00e1 pagar todas sus deudas con el Servicio de Administraci\u00f3n Tributaria, luego de que la empresa que le prest\u00f3 servicios a Petr\u00f3leos Mexicanos tiene una deuda de 500 millones de d\u00f3lares, misma en la que se comprometieron [&hellip;]\" \/>\n<meta property=\"og:url\" content=\"https:\/\/favorite-news.com\/mx\/oro-negro-no-tendra-condonaciones-y-debera-pagar-sus-deudas-fiscales-amlo\/\" \/>\n<meta property=\"og:site_name\" content=\"Favorite News\" \/>\n<meta property=\"article:published_time\" content=\"2019-06-18T14:06:49+00:00\" \/>\n<meta property=\"article:modified_time\" content=\"2019-06-18T14:06:50+00:00\" \/>\n<meta property=\"og:image\" content=\"https:\/\/favorite-news.com\/mx\/wp-content\/uploads\/sites\/8\/2019\/06\/Oro-Negro-no-tendr\u00e1-condonaciones-y-deber\u00e1-pagar-sus-deudas.jfif.jpeg\" \/>\n\t<meta property=\"og:image:width\" content=\"1140\" \/>\n\t<meta property=\"og:image:height\" content=\"712\" \/>\n\t<meta property=\"og:image:type\" content=\"image\/jpeg\" \/>\n<meta name=\"author\" content=\"favorite-news\" \/>\n<meta name=\"twitter:card\" content=\"summary_large_image\" \/>\n<meta name=\"twitter:label1\" content=\"Escrito por\" \/>\n\t<meta name=\"twitter:data1\" content=\"favorite-news\" \/>\n\t<meta name=\"twitter:label2\" content=\"Tiempo de lectura\" \/>\n\t<meta name=\"twitter:data2\" content=\"2 minutos\" \/>\n<script type=\"application\/ld+json\" class=\"yoast-schema-graph\">{\"@context\":\"https:\\\/\\\/schema.org\",\"@graph\":[{\"@type\":\"Article\",\"@id\":\"https:\\\/\\\/favorite-news.com\\\/mx\\\/oro-negro-no-tendra-condonaciones-y-debera-pagar-sus-deudas-fiscales-amlo\\\/#article\",\"isPartOf\":{\"@id\":\"https:\\\/\\\/favorite-news.com\\\/mx\\\/oro-negro-no-tendra-condonaciones-y-debera-pagar-sus-deudas-fiscales-amlo\\\/\"},\"author\":{\"name\":\"favorite-news\",\"@id\":\"https:\\\/\\\/favorite-news.com\\\/mx\\\/#\\\/schema\\\/person\\\/b91573b717dcfa5e4696032a9d28d3e8\"},\"headline\":\"Oro Negro no tendr\u00e1 condonaciones y deber\u00e1 pagar sus deudas fiscales: AMLO\",\"datePublished\":\"2019-06-18T14:06:49+00:00\",\"dateModified\":\"2019-06-18T14:06:50+00:00\",\"mainEntityOfPage\":{\"@id\":\"https:\\\/\\\/favorite-news.com\\\/mx\\\/oro-negro-no-tendra-condonaciones-y-debera-pagar-sus-deudas-fiscales-amlo\\\/\"},\"wordCount\":322,\"commentCount\":0,\"image\":{\"@id\":\"https:\\\/\\\/favorite-news.com\\\/mx\\\/oro-negro-no-tendra-condonaciones-y-debera-pagar-sus-deudas-fiscales-amlo\\\/#primaryimage\"},\"thumbnailUrl\":\"https:\\\/\\\/favorite-news.com\\\/mx\\\/wp-content\\\/uploads\\\/sites\\\/8\\\/2019\\\/06\\\/Oro-Negro-no-tendr\u00e1-condonaciones-y-deber\u00e1-pagar-sus-deudas.jfif.jpeg\",\"articleSection\":[\"NOTICIAS FINANCIERAS\"],\"inLanguage\":\"es\",\"potentialAction\":[{\"@type\":\"CommentAction\",\"name\":\"Comment\",\"target\":[\"https:\\\/\\\/favorite-news.com\\\/mx\\\/oro-negro-no-tendra-condonaciones-y-debera-pagar-sus-deudas-fiscales-amlo\\\/#respond\"]}]},{\"@type\":\"WebPage\",\"@id\":\"https:\\\/\\\/favorite-news.com\\\/mx\\\/oro-negro-no-tendra-condonaciones-y-debera-pagar-sus-deudas-fiscales-amlo\\\/\",\"url\":\"https:\\\/\\\/favorite-news.com\\\/mx\\\/oro-negro-no-tendra-condonaciones-y-debera-pagar-sus-deudas-fiscales-amlo\\\/\",\"name\":\"Oro Negro no tendr\u00e1 condonaciones y deber\u00e1 pagar sus deudas fiscales: AMLO - Favorite News\",\"isPartOf\":{\"@id\":\"https:\\\/\\\/favorite-news.com\\\/mx\\\/#website\"},\"primaryImageOfPage\":{\"@id\":\"https:\\\/\\\/favorite-news.com\\\/mx\\\/oro-negro-no-tendra-condonaciones-y-debera-pagar-sus-deudas-fiscales-amlo\\\/#primaryimage\"},\"image\":{\"@id\":\"https:\\\/\\\/favorite-news.com\\\/mx\\\/oro-negro-no-tendra-condonaciones-y-debera-pagar-sus-deudas-fiscales-amlo\\\/#primaryimage\"},\"thumbnailUrl\":\"https:\\\/\\\/favorite-news.com\\\/mx\\\/wp-content\\\/uploads\\\/sites\\\/8\\\/2019\\\/06\\\/Oro-Negro-no-tendr\u00e1-condonaciones-y-deber\u00e1-pagar-sus-deudas.jfif.jpeg\",\"datePublished\":\"2019-06-18T14:06:49+00:00\",\"dateModified\":\"2019-06-18T14:06:50+00:00\",\"author\":{\"@id\":\"https:\\\/\\\/favorite-news.com\\\/mx\\\/#\\\/schema\\\/person\\\/b91573b717dcfa5e4696032a9d28d3e8\"},\"breadcrumb\":{\"@id\":\"https:\\\/\\\/favorite-news.com\\\/mx\\\/oro-negro-no-tendra-condonaciones-y-debera-pagar-sus-deudas-fiscales-amlo\\\/#breadcrumb\"},\"inLanguage\":\"es\",\"potentialAction\":[{\"@type\":\"ReadAction\",\"target\":[\"https:\\\/\\\/favorite-news.com\\\/mx\\\/oro-negro-no-tendra-condonaciones-y-debera-pagar-sus-deudas-fiscales-amlo\\\/\"]}]},{\"@type\":\"ImageObject\",\"inLanguage\":\"es\",\"@id\":\"https:\\\/\\\/favorite-news.com\\\/mx\\\/oro-negro-no-tendra-condonaciones-y-debera-pagar-sus-deudas-fiscales-amlo\\\/#primaryimage\",\"url\":\"https:\\\/\\\/favorite-news.com\\\/mx\\\/wp-content\\\/uploads\\\/sites\\\/8\\\/2019\\\/06\\\/Oro-Negro-no-tendr\u00e1-condonaciones-y-deber\u00e1-pagar-sus-deudas.jfif.jpeg\",\"contentUrl\":\"https:\\\/\\\/favorite-news.com\\\/mx\\\/wp-content\\\/uploads\\\/sites\\\/8\\\/2019\\\/06\\\/Oro-Negro-no-tendr\u00e1-condonaciones-y-deber\u00e1-pagar-sus-deudas.jfif.jpeg\",\"width\":1140,\"height\":712,\"caption\":\"Oro Negro no tendr\u00e1 condonaciones y deber\u00e1 pagar sus deudas fiscales: AMLO\"},{\"@type\":\"BreadcrumbList\",\"@id\":\"https:\\\/\\\/favorite-news.com\\\/mx\\\/oro-negro-no-tendra-condonaciones-y-debera-pagar-sus-deudas-fiscales-amlo\\\/#breadcrumb\",\"itemListElement\":[{\"@type\":\"ListItem\",\"position\":1,\"name\":\"\u0413\u043b\u0430\u0432\u043d\u0430\u044f \u0441\u0442\u0440\u0430\u043d\u0438\u0446\u0430\",\"item\":\"https:\\\/\\\/favorite-news.com\\\/mx\\\/\"},{\"@type\":\"ListItem\",\"position\":2,\"name\":\"Oro Negro no tendr\u00e1 condonaciones y deber\u00e1 pagar sus deudas fiscales: AMLO\"}]},{\"@type\":\"WebSite\",\"@id\":\"https:\\\/\\\/favorite-news.com\\\/mx\\\/#website\",\"url\":\"https:\\\/\\\/favorite-news.com\\\/mx\\\/\",\"name\":\"Favorite News\",\"description\":\"Favorite News Mexico\",\"potentialAction\":[{\"@type\":\"SearchAction\",\"target\":{\"@type\":\"EntryPoint\",\"urlTemplate\":\"https:\\\/\\\/favorite-news.com\\\/mx\\\/?s={search_term_string}\"},\"query-input\":{\"@type\":\"PropertyValueSpecification\",\"valueRequired\":true,\"valueName\":\"search_term_string\"}}],\"inLanguage\":\"es\"},{\"@type\":\"Person\",\"@id\":\"https:\\\/\\\/favorite-news.com\\\/mx\\\/#\\\/schema\\\/person\\\/b91573b717dcfa5e4696032a9d28d3e8\",\"name\":\"favorite-news\",\"image\":{\"@type\":\"ImageObject\",\"inLanguage\":\"es\",\"@id\":\"https:\\\/\\\/secure.gravatar.com\\\/avatar\\\/6c5a5cb12b74e9d517ee91cf570335b7d16177f1977cc91db161adfa435945a7?s=96&d=mm&r=g\",\"url\":\"https:\\\/\\\/secure.gravatar.com\\\/avatar\\\/6c5a5cb12b74e9d517ee91cf570335b7d16177f1977cc91db161adfa435945a7?s=96&d=mm&r=g\",\"contentUrl\":\"https:\\\/\\\/secure.gravatar.com\\\/avatar\\\/6c5a5cb12b74e9d517ee91cf570335b7d16177f1977cc91db161adfa435945a7?s=96&d=mm&r=g\",\"caption\":\"favorite-news\"},\"url\":\"https:\\\/\\\/favorite-news.com\\\/mx\\\/author\\\/pt\\\/\"}]}<\/script>\n<!-- \/ Yoast SEO plugin. -->","yoast_head_json":{"title":"Oro Negro no tendr\u00e1 condonaciones y deber\u00e1 pagar sus deudas fiscales: AMLO - Favorite News","robots":{"index":"index","follow":"follow","max-snippet":"max-snippet:-1","max-image-preview":"max-image-preview:large","max-video-preview":"max-video-preview:-1"},"canonical":"https:\/\/favorite-news.com\/mx\/oro-negro-no-tendra-condonaciones-y-debera-pagar-sus-deudas-fiscales-amlo\/","og_locale":"es_MX","og_type":"article","og_title":"Oro Negro no tendr\u00e1 condonaciones y deber\u00e1 pagar sus deudas fiscales: AMLO - Favorite News","og_description":"[ad_1] El presidente Andr\u00e9s Manuel L\u00f3pez Obrador insisti\u00f3 en que Oro Negro no va a tener condonaciones y deber\u00e1 pagar todas sus deudas con el Servicio de Administraci\u00f3n Tributaria, luego de que la empresa que le prest\u00f3 servicios a Petr\u00f3leos Mexicanos tiene una deuda de 500 millones de d\u00f3lares, misma en la que se comprometieron [&hellip;]","og_url":"https:\/\/favorite-news.com\/mx\/oro-negro-no-tendra-condonaciones-y-debera-pagar-sus-deudas-fiscales-amlo\/","og_site_name":"Favorite News","article_published_time":"2019-06-18T14:06:49+00:00","article_modified_time":"2019-06-18T14:06:50+00:00","og_image":[{"width":1140,"height":712,"url":"https:\/\/favorite-news.com\/mx\/wp-content\/uploads\/sites\/8\/2019\/06\/Oro-Negro-no-tendr\u00e1-condonaciones-y-deber\u00e1-pagar-sus-deudas.jfif.jpeg","type":"image\/jpeg"}],"author":"favorite-news","twitter_card":"summary_large_image","twitter_misc":{"Escrito por":"favorite-news","Tiempo de lectura":"2 minutos"},"schema":{"@context":"https:\/\/schema.org","@graph":[{"@type":"Article","@id":"https:\/\/favorite-news.com\/mx\/oro-negro-no-tendra-condonaciones-y-debera-pagar-sus-deudas-fiscales-amlo\/#article","isPartOf":{"@id":"https:\/\/favorite-news.com\/mx\/oro-negro-no-tendra-condonaciones-y-debera-pagar-sus-deudas-fiscales-amlo\/"},"author":{"name":"favorite-news","@id":"https:\/\/favorite-news.com\/mx\/#\/schema\/person\/b91573b717dcfa5e4696032a9d28d3e8"},"headline":"Oro Negro no tendr\u00e1 condonaciones y deber\u00e1 pagar sus deudas fiscales: AMLO","datePublished":"2019-06-18T14:06:49+00:00","dateModified":"2019-06-18T14:06:50+00:00","mainEntityOfPage":{"@id":"https:\/\/favorite-news.com\/mx\/oro-negro-no-tendra-condonaciones-y-debera-pagar-sus-deudas-fiscales-amlo\/"},"wordCount":322,"commentCount":0,"image":{"@id":"https:\/\/favorite-news.com\/mx\/oro-negro-no-tendra-condonaciones-y-debera-pagar-sus-deudas-fiscales-amlo\/#primaryimage"},"thumbnailUrl":"https:\/\/favorite-news.com\/mx\/wp-content\/uploads\/sites\/8\/2019\/06\/Oro-Negro-no-tendr\u00e1-condonaciones-y-deber\u00e1-pagar-sus-deudas.jfif.jpeg","articleSection":["NOTICIAS FINANCIERAS"],"inLanguage":"es","potentialAction":[{"@type":"CommentAction","name":"Comment","target":["https:\/\/favorite-news.com\/mx\/oro-negro-no-tendra-condonaciones-y-debera-pagar-sus-deudas-fiscales-amlo\/#respond"]}]},{"@type":"WebPage","@id":"https:\/\/favorite-news.com\/mx\/oro-negro-no-tendra-condonaciones-y-debera-pagar-sus-deudas-fiscales-amlo\/","url":"https:\/\/favorite-news.com\/mx\/oro-negro-no-tendra-condonaciones-y-debera-pagar-sus-deudas-fiscales-amlo\/","name":"Oro Negro no tendr\u00e1 condonaciones y deber\u00e1 pagar sus deudas fiscales: AMLO - Favorite News","isPartOf":{"@id":"https:\/\/favorite-news.com\/mx\/#website"},"primaryImageOfPage":{"@id":"https:\/\/favorite-news.com\/mx\/oro-negro-no-tendra-condonaciones-y-debera-pagar-sus-deudas-fiscales-amlo\/#primaryimage"},"image":{"@id":"https:\/\/favorite-news.com\/mx\/oro-negro-no-tendra-condonaciones-y-debera-pagar-sus-deudas-fiscales-amlo\/#primaryimage"},"thumbnailUrl":"https:\/\/favorite-news.com\/mx\/wp-content\/uploads\/sites\/8\/2019\/06\/Oro-Negro-no-tendr\u00e1-condonaciones-y-deber\u00e1-pagar-sus-deudas.jfif.jpeg","datePublished":"2019-06-18T14:06:49+00:00","dateModified":"2019-06-18T14:06:50+00:00","author":{"@id":"https:\/\/favorite-news.com\/mx\/#\/schema\/person\/b91573b717dcfa5e4696032a9d28d3e8"},"breadcrumb":{"@id":"https:\/\/favorite-news.com\/mx\/oro-negro-no-tendra-condonaciones-y-debera-pagar-sus-deudas-fiscales-amlo\/#breadcrumb"},"inLanguage":"es","potentialAction":[{"@type":"ReadAction","target":["https:\/\/favorite-news.com\/mx\/oro-negro-no-tendra-condonaciones-y-debera-pagar-sus-deudas-fiscales-amlo\/"]}]},{"@type":"ImageObject","inLanguage":"es","@id":"https:\/\/favorite-news.com\/mx\/oro-negro-no-tendra-condonaciones-y-debera-pagar-sus-deudas-fiscales-amlo\/#primaryimage","url":"https:\/\/favorite-news.com\/mx\/wp-content\/uploads\/sites\/8\/2019\/06\/Oro-Negro-no-tendr\u00e1-condonaciones-y-deber\u00e1-pagar-sus-deudas.jfif.jpeg","contentUrl":"https:\/\/favorite-news.com\/mx\/wp-content\/uploads\/sites\/8\/2019\/06\/Oro-Negro-no-tendr\u00e1-condonaciones-y-deber\u00e1-pagar-sus-deudas.jfif.jpeg","width":1140,"height":712,"caption":"Oro Negro no tendr\u00e1 condonaciones y deber\u00e1 pagar sus deudas fiscales: AMLO"},{"@type":"BreadcrumbList","@id":"https:\/\/favorite-news.com\/mx\/oro-negro-no-tendra-condonaciones-y-debera-pagar-sus-deudas-fiscales-amlo\/#breadcrumb","itemListElement":[{"@type":"ListItem","position":1,"name":"\u0413\u043b\u0430\u0432\u043d\u0430\u044f \u0441\u0442\u0440\u0430\u043d\u0438\u0446\u0430","item":"https:\/\/favorite-news.com\/mx\/"},{"@type":"ListItem","position":2,"name":"Oro Negro no tendr\u00e1 condonaciones y deber\u00e1 pagar sus deudas fiscales: AMLO"}]},{"@type":"WebSite","@id":"https:\/\/favorite-news.com\/mx\/#website","url":"https:\/\/favorite-news.com\/mx\/","name":"Favorite News","description":"Favorite News Mexico","potentialAction":[{"@type":"SearchAction","target":{"@type":"EntryPoint","urlTemplate":"https:\/\/favorite-news.com\/mx\/?s={search_term_string}"},"query-input":{"@type":"PropertyValueSpecification","valueRequired":true,"valueName":"search_term_string"}}],"inLanguage":"es"},{"@type":"Person","@id":"https:\/\/favorite-news.com\/mx\/#\/schema\/person\/b91573b717dcfa5e4696032a9d28d3e8","name":"favorite-news","image":{"@type":"ImageObject","inLanguage":"es","@id":"https:\/\/secure.gravatar.com\/avatar\/6c5a5cb12b74e9d517ee91cf570335b7d16177f1977cc91db161adfa435945a7?s=96&d=mm&r=g","url":"https:\/\/secure.gravatar.com\/avatar\/6c5a5cb12b74e9d517ee91cf570335b7d16177f1977cc91db161adfa435945a7?s=96&d=mm&r=g","contentUrl":"https:\/\/secure.gravatar.com\/avatar\/6c5a5cb12b74e9d517ee91cf570335b7d16177f1977cc91db161adfa435945a7?s=96&d=mm&r=g","caption":"favorite-news"},"url":"https:\/\/favorite-news.com\/mx\/author\/pt\/"}]}},"_links":{"self":[{"href":"https:\/\/favorite-news.com\/mx\/wp-json\/wp\/v2\/posts\/1509","targetHints":{"allow":["GET"]}}],"collection":[{"href":"https:\/\/favorite-news.com\/mx\/wp-json\/wp\/v2\/posts"}],"about":[{"href":"https:\/\/favorite-news.com\/mx\/wp-json\/wp\/v2\/types\/post"}],"author":[{"embeddable":true,"href":"https:\/\/favorite-news.com\/mx\/wp-json\/wp\/v2\/users\/2"}],"replies":[{"embeddable":true,"href":"https:\/\/favorite-news.com\/mx\/wp-json\/wp\/v2\/comments?post=1509"}],"version-history":[{"count":1,"href":"https:\/\/favorite-news.com\/mx\/wp-json\/wp\/v2\/posts\/1509\/revisions"}],"predecessor-version":[{"id":1511,"href":"https:\/\/favorite-news.com\/mx\/wp-json\/wp\/v2\/posts\/1509\/revisions\/1511"}],"wp:featuredmedia":[{"embeddable":true,"href":"https:\/\/favorite-news.com\/mx\/wp-json\/wp\/v2\/media\/1510"}],"wp:attachment":[{"href":"https:\/\/favorite-news.com\/mx\/wp-json\/wp\/v2\/media?parent=1509"}],"wp:term":[{"taxonomy":"category","embeddable":true,"href":"https:\/\/favorite-news.com\/mx\/wp-json\/wp\/v2\/categories?post=1509"},{"taxonomy":"post_tag","embeddable":true,"href":"https:\/\/favorite-news.com\/mx\/wp-json\/wp\/v2\/tags?post=1509"}],"curies":[{"name":"wp","href":"https:\/\/api.w.org\/{rel}","templated":true}]}}