{"id":1503,"date":"2019-06-18T13:48:07","date_gmt":"2019-06-18T10:48:07","guid":{"rendered":"https:\/\/favorite-news.com\/mx\/trabada-aduana-de-manzanillo-el-sol-de-mexico\/"},"modified":"2019-06-18T13:48:08","modified_gmt":"2019-06-18T10:48:08","slug":"trabada-aduana-de-manzanillo-el-sol-de-mexico","status":"publish","type":"post","link":"https:\/\/favorite-news.com\/mx\/trabada-aduana-de-manzanillo-el-sol-de-mexico\/","title":{"rendered":"Trabada, aduana de Manzanillo &#8211; El Sol de M\u00e9xico"},"content":{"rendered":"<p> [ad_1]<br \/>\n<\/p>\n<div id=\"content-body-226-3778992\">\n<p>Los tiempos de reconocimiento para el paso de mercanc\u00edas en la aduana del Puerto de Manzanillo, que concentra 44 por ciento de la carga mar\u00edtima que transita por el pa\u00eds, se han alargado en algunos casos hasta dos semanas cuando lo normal son tres horas, debido al despido de su administrador y otros empleados, inform\u00f3 Migdalia Ar\u00e9valo Gonz\u00e1lez, presidenta de la Confederaci\u00f3n Patronal de la Rep\u00fablica Mexicana (Coparmex) de Manzanillo. <\/p>\n<p>A pesar de que no se han paralizado las actividades, manifest\u00f3 su temor de que eso suceda, por lo que exigi\u00f3 al gobierno federal que designe al sustituto del administrador a la brevedad.<\/p>\n<h4\/>\n<p>\u201cDesde el pasado 21 de mayo nos percatamos de la desvinculaci\u00f3n del administrador de la aduana de Manzanillo, as\u00ed como de algunos otros subadministradores. Posteriormente se fueron sumando algunos despidos o renuncias de verificadores quienes revisan las salidas de mercanc\u00edas en los reconocimientos aduaneros sin ser suplidos de manera inmediata\u201d. <\/p>\n<p>Consider\u00f3 que los despidos ya est\u00e1n afectando la operaci\u00f3n de la aduana, principalmente en los tiempos que tardan los verificadores en atender los reconocimientos aduaneros. <\/p>\n<p>Seg\u00fan datos del Servicio de Administraci\u00f3n Tributaria, la Aduana de Manzanillo cerr\u00f3 2018 con un tiempo de revisiones de 6.48 horas. \u201cHoy tenemos registros de reconocimientos aduaneros de ocho horas, cinco d\u00edas y hasta dos semanas, en casos particulares\u201d, precis\u00f3 la directiva.<\/p>\n<\/div>\n<p><script>(function(d, s, id) {\nvar js, fjs = d.getElementsByTagName(s)[0];\nif (d.getElementById(id)) return;\njs = d.createElement(s); js.id = id;\njs.src = 'https:\/\/connect.facebook.net\/es_LA\/sdk.js#xfbml=1&version=v3.2&appId=641196362757391&autoLogAppEvents=1';\nfjs.parentNode.insertBefore(js, fjs);\n}(document, 'script', 'facebook-jssdk'));\n<\/script><br \/>\n<br \/>[ad_2]<br \/>\n<br \/><a href=\"https:\/\/www.elsoldemexico.com.mx\/finanzas\/trabada-aduana-de-manzanillo-3778992.html\">Source link <\/a><\/p>\n","protected":false},"excerpt":{"rendered":"<p>[ad_1] Los tiempos de reconocimiento para el paso de mercanc\u00edas en la aduana del Puerto de Manzanillo, que concentra 44 por ciento de la carga mar\u00edtima que transita por el pa\u00eds, se han alargado en algunos casos hasta dos semanas cuando lo normal son tres horas, debido al despido de su administrador y otros empleados, [&hellip;]<\/p>\n","protected":false},"author":2,"featured_media":1504,"comment_status":"open","ping_status":"open","sticky":false,"template":"","format":"standard","meta":{"footnotes":""},"categories":[1],"tags":[],"class_list":["post-1503","post","type-post","status-publish","format-standard","has-post-thumbnail","hentry","category-noticias-financieras"],"yoast_head":"<!-- This site is optimized with the Yoast SEO plugin v27.4 - https:\/\/yoast.com\/product\/yoast-seo-wordpress\/ -->\n<title>Trabada, aduana de Manzanillo - El Sol de M\u00e9xico - Favorite News<\/title>\n<meta name=\"robots\" content=\"index, follow, max-snippet:-1, max-image-preview:large, max-video-preview:-1\" \/>\n<link rel=\"canonical\" href=\"https:\/\/favorite-news.com\/mx\/trabada-aduana-de-manzanillo-el-sol-de-mexico\/\" \/>\n<meta property=\"og:locale\" content=\"es_MX\" \/>\n<meta property=\"og:type\" content=\"article\" \/>\n<meta property=\"og:title\" content=\"Trabada, aduana de Manzanillo - El Sol de M\u00e9xico - Favorite News\" \/>\n<meta property=\"og:description\" content=\"[ad_1] Los tiempos de reconocimiento para el paso de mercanc\u00edas en la aduana del Puerto de Manzanillo, que concentra 44 por ciento de la carga mar\u00edtima que transita por el pa\u00eds, se han alargado en algunos casos hasta dos semanas cuando lo normal son tres horas, debido al despido de su administrador y otros empleados, [&hellip;]\" \/>\n<meta property=\"og:url\" content=\"https:\/\/favorite-news.com\/mx\/trabada-aduana-de-manzanillo-el-sol-de-mexico\/\" \/>\n<meta property=\"og:site_name\" content=\"Favorite News\" \/>\n<meta property=\"article:published_time\" content=\"2019-06-18T10:48:07+00:00\" \/>\n<meta property=\"article:modified_time\" content=\"2019-06-18T10:48:08+00:00\" \/>\n<meta property=\"og:image\" content=\"https:\/\/favorite-news.com\/mx\/wp-content\/uploads\/sites\/8\/2019\/06\/Trabada-aduana-de-Manzanillo-El-Sol-de-M\u00e9xico.jpg\" \/>\n\t<meta property=\"og:image:width\" content=\"1140\" \/>\n\t<meta property=\"og:image:height\" content=\"712\" \/>\n\t<meta property=\"og:image:type\" content=\"image\/jpeg\" \/>\n<meta name=\"author\" content=\"favorite-news\" \/>\n<meta name=\"twitter:card\" content=\"summary_large_image\" \/>\n<meta name=\"twitter:label1\" content=\"Escrito por\" \/>\n\t<meta name=\"twitter:data1\" content=\"favorite-news\" \/>\n\t<meta name=\"twitter:label2\" content=\"Tiempo de lectura\" \/>\n\t<meta name=\"twitter:data2\" content=\"1 minuto\" \/>\n<script type=\"application\/ld+json\" class=\"yoast-schema-graph\">{\"@context\":\"https:\\\/\\\/schema.org\",\"@graph\":[{\"@type\":\"Article\",\"@id\":\"https:\\\/\\\/favorite-news.com\\\/mx\\\/trabada-aduana-de-manzanillo-el-sol-de-mexico\\\/#article\",\"isPartOf\":{\"@id\":\"https:\\\/\\\/favorite-news.com\\\/mx\\\/trabada-aduana-de-manzanillo-el-sol-de-mexico\\\/\"},\"author\":{\"name\":\"favorite-news\",\"@id\":\"https:\\\/\\\/favorite-news.com\\\/mx\\\/#\\\/schema\\\/person\\\/b91573b717dcfa5e4696032a9d28d3e8\"},\"headline\":\"Trabada, aduana de Manzanillo &#8211; El Sol de M\u00e9xico\",\"datePublished\":\"2019-06-18T10:48:07+00:00\",\"dateModified\":\"2019-06-18T10:48:08+00:00\",\"mainEntityOfPage\":{\"@id\":\"https:\\\/\\\/favorite-news.com\\\/mx\\\/trabada-aduana-de-manzanillo-el-sol-de-mexico\\\/\"},\"wordCount\":244,\"commentCount\":0,\"image\":{\"@id\":\"https:\\\/\\\/favorite-news.com\\\/mx\\\/trabada-aduana-de-manzanillo-el-sol-de-mexico\\\/#primaryimage\"},\"thumbnailUrl\":\"https:\\\/\\\/favorite-news.com\\\/mx\\\/wp-content\\\/uploads\\\/sites\\\/8\\\/2019\\\/06\\\/Trabada-aduana-de-Manzanillo-El-Sol-de-M\u00e9xico.jpg\",\"articleSection\":[\"NOTICIAS FINANCIERAS\"],\"inLanguage\":\"es\",\"potentialAction\":[{\"@type\":\"CommentAction\",\"name\":\"Comment\",\"target\":[\"https:\\\/\\\/favorite-news.com\\\/mx\\\/trabada-aduana-de-manzanillo-el-sol-de-mexico\\\/#respond\"]}]},{\"@type\":\"WebPage\",\"@id\":\"https:\\\/\\\/favorite-news.com\\\/mx\\\/trabada-aduana-de-manzanillo-el-sol-de-mexico\\\/\",\"url\":\"https:\\\/\\\/favorite-news.com\\\/mx\\\/trabada-aduana-de-manzanillo-el-sol-de-mexico\\\/\",\"name\":\"Trabada, aduana de Manzanillo - El Sol de M\u00e9xico - Favorite News\",\"isPartOf\":{\"@id\":\"https:\\\/\\\/favorite-news.com\\\/mx\\\/#website\"},\"primaryImageOfPage\":{\"@id\":\"https:\\\/\\\/favorite-news.com\\\/mx\\\/trabada-aduana-de-manzanillo-el-sol-de-mexico\\\/#primaryimage\"},\"image\":{\"@id\":\"https:\\\/\\\/favorite-news.com\\\/mx\\\/trabada-aduana-de-manzanillo-el-sol-de-mexico\\\/#primaryimage\"},\"thumbnailUrl\":\"https:\\\/\\\/favorite-news.com\\\/mx\\\/wp-content\\\/uploads\\\/sites\\\/8\\\/2019\\\/06\\\/Trabada-aduana-de-Manzanillo-El-Sol-de-M\u00e9xico.jpg\",\"datePublished\":\"2019-06-18T10:48:07+00:00\",\"dateModified\":\"2019-06-18T10:48:08+00:00\",\"author\":{\"@id\":\"https:\\\/\\\/favorite-news.com\\\/mx\\\/#\\\/schema\\\/person\\\/b91573b717dcfa5e4696032a9d28d3e8\"},\"breadcrumb\":{\"@id\":\"https:\\\/\\\/favorite-news.com\\\/mx\\\/trabada-aduana-de-manzanillo-el-sol-de-mexico\\\/#breadcrumb\"},\"inLanguage\":\"es\",\"potentialAction\":[{\"@type\":\"ReadAction\",\"target\":[\"https:\\\/\\\/favorite-news.com\\\/mx\\\/trabada-aduana-de-manzanillo-el-sol-de-mexico\\\/\"]}]},{\"@type\":\"ImageObject\",\"inLanguage\":\"es\",\"@id\":\"https:\\\/\\\/favorite-news.com\\\/mx\\\/trabada-aduana-de-manzanillo-el-sol-de-mexico\\\/#primaryimage\",\"url\":\"https:\\\/\\\/favorite-news.com\\\/mx\\\/wp-content\\\/uploads\\\/sites\\\/8\\\/2019\\\/06\\\/Trabada-aduana-de-Manzanillo-El-Sol-de-M\u00e9xico.jpg\",\"contentUrl\":\"https:\\\/\\\/favorite-news.com\\\/mx\\\/wp-content\\\/uploads\\\/sites\\\/8\\\/2019\\\/06\\\/Trabada-aduana-de-Manzanillo-El-Sol-de-M\u00e9xico.jpg\",\"width\":1140,\"height\":712,\"caption\":\"Trabada, aduana de Manzanillo - El Sol de M\u00e9xico\"},{\"@type\":\"BreadcrumbList\",\"@id\":\"https:\\\/\\\/favorite-news.com\\\/mx\\\/trabada-aduana-de-manzanillo-el-sol-de-mexico\\\/#breadcrumb\",\"itemListElement\":[{\"@type\":\"ListItem\",\"position\":1,\"name\":\"\u0413\u043b\u0430\u0432\u043d\u0430\u044f \u0441\u0442\u0440\u0430\u043d\u0438\u0446\u0430\",\"item\":\"https:\\\/\\\/favorite-news.com\\\/mx\\\/\"},{\"@type\":\"ListItem\",\"position\":2,\"name\":\"Trabada, aduana de Manzanillo &#8211; El Sol de M\u00e9xico\"}]},{\"@type\":\"WebSite\",\"@id\":\"https:\\\/\\\/favorite-news.com\\\/mx\\\/#website\",\"url\":\"https:\\\/\\\/favorite-news.com\\\/mx\\\/\",\"name\":\"Favorite News\",\"description\":\"Favorite News Mexico\",\"potentialAction\":[{\"@type\":\"SearchAction\",\"target\":{\"@type\":\"EntryPoint\",\"urlTemplate\":\"https:\\\/\\\/favorite-news.com\\\/mx\\\/?s={search_term_string}\"},\"query-input\":{\"@type\":\"PropertyValueSpecification\",\"valueRequired\":true,\"valueName\":\"search_term_string\"}}],\"inLanguage\":\"es\"},{\"@type\":\"Person\",\"@id\":\"https:\\\/\\\/favorite-news.com\\\/mx\\\/#\\\/schema\\\/person\\\/b91573b717dcfa5e4696032a9d28d3e8\",\"name\":\"favorite-news\",\"image\":{\"@type\":\"ImageObject\",\"inLanguage\":\"es\",\"@id\":\"https:\\\/\\\/secure.gravatar.com\\\/avatar\\\/6c5a5cb12b74e9d517ee91cf570335b7d16177f1977cc91db161adfa435945a7?s=96&d=mm&r=g\",\"url\":\"https:\\\/\\\/secure.gravatar.com\\\/avatar\\\/6c5a5cb12b74e9d517ee91cf570335b7d16177f1977cc91db161adfa435945a7?s=96&d=mm&r=g\",\"contentUrl\":\"https:\\\/\\\/secure.gravatar.com\\\/avatar\\\/6c5a5cb12b74e9d517ee91cf570335b7d16177f1977cc91db161adfa435945a7?s=96&d=mm&r=g\",\"caption\":\"favorite-news\"},\"url\":\"https:\\\/\\\/favorite-news.com\\\/mx\\\/author\\\/pt\\\/\"}]}<\/script>\n<!-- \/ Yoast SEO plugin. -->","yoast_head_json":{"title":"Trabada, aduana de Manzanillo - El Sol de M\u00e9xico - Favorite News","robots":{"index":"index","follow":"follow","max-snippet":"max-snippet:-1","max-image-preview":"max-image-preview:large","max-video-preview":"max-video-preview:-1"},"canonical":"https:\/\/favorite-news.com\/mx\/trabada-aduana-de-manzanillo-el-sol-de-mexico\/","og_locale":"es_MX","og_type":"article","og_title":"Trabada, aduana de Manzanillo - El Sol de M\u00e9xico - Favorite News","og_description":"[ad_1] Los tiempos de reconocimiento para el paso de mercanc\u00edas en la aduana del Puerto de Manzanillo, que concentra 44 por ciento de la carga mar\u00edtima que transita por el pa\u00eds, se han alargado en algunos casos hasta dos semanas cuando lo normal son tres horas, debido al despido de su administrador y otros empleados, [&hellip;]","og_url":"https:\/\/favorite-news.com\/mx\/trabada-aduana-de-manzanillo-el-sol-de-mexico\/","og_site_name":"Favorite News","article_published_time":"2019-06-18T10:48:07+00:00","article_modified_time":"2019-06-18T10:48:08+00:00","og_image":[{"width":1140,"height":712,"url":"https:\/\/favorite-news.com\/mx\/wp-content\/uploads\/sites\/8\/2019\/06\/Trabada-aduana-de-Manzanillo-El-Sol-de-M\u00e9xico.jpg","type":"image\/jpeg"}],"author":"favorite-news","twitter_card":"summary_large_image","twitter_misc":{"Escrito por":"favorite-news","Tiempo de lectura":"1 minuto"},"schema":{"@context":"https:\/\/schema.org","@graph":[{"@type":"Article","@id":"https:\/\/favorite-news.com\/mx\/trabada-aduana-de-manzanillo-el-sol-de-mexico\/#article","isPartOf":{"@id":"https:\/\/favorite-news.com\/mx\/trabada-aduana-de-manzanillo-el-sol-de-mexico\/"},"author":{"name":"favorite-news","@id":"https:\/\/favorite-news.com\/mx\/#\/schema\/person\/b91573b717dcfa5e4696032a9d28d3e8"},"headline":"Trabada, aduana de Manzanillo &#8211; El Sol de M\u00e9xico","datePublished":"2019-06-18T10:48:07+00:00","dateModified":"2019-06-18T10:48:08+00:00","mainEntityOfPage":{"@id":"https:\/\/favorite-news.com\/mx\/trabada-aduana-de-manzanillo-el-sol-de-mexico\/"},"wordCount":244,"commentCount":0,"image":{"@id":"https:\/\/favorite-news.com\/mx\/trabada-aduana-de-manzanillo-el-sol-de-mexico\/#primaryimage"},"thumbnailUrl":"https:\/\/favorite-news.com\/mx\/wp-content\/uploads\/sites\/8\/2019\/06\/Trabada-aduana-de-Manzanillo-El-Sol-de-M\u00e9xico.jpg","articleSection":["NOTICIAS FINANCIERAS"],"inLanguage":"es","potentialAction":[{"@type":"CommentAction","name":"Comment","target":["https:\/\/favorite-news.com\/mx\/trabada-aduana-de-manzanillo-el-sol-de-mexico\/#respond"]}]},{"@type":"WebPage","@id":"https:\/\/favorite-news.com\/mx\/trabada-aduana-de-manzanillo-el-sol-de-mexico\/","url":"https:\/\/favorite-news.com\/mx\/trabada-aduana-de-manzanillo-el-sol-de-mexico\/","name":"Trabada, aduana de Manzanillo - El Sol de M\u00e9xico - Favorite News","isPartOf":{"@id":"https:\/\/favorite-news.com\/mx\/#website"},"primaryImageOfPage":{"@id":"https:\/\/favorite-news.com\/mx\/trabada-aduana-de-manzanillo-el-sol-de-mexico\/#primaryimage"},"image":{"@id":"https:\/\/favorite-news.com\/mx\/trabada-aduana-de-manzanillo-el-sol-de-mexico\/#primaryimage"},"thumbnailUrl":"https:\/\/favorite-news.com\/mx\/wp-content\/uploads\/sites\/8\/2019\/06\/Trabada-aduana-de-Manzanillo-El-Sol-de-M\u00e9xico.jpg","datePublished":"2019-06-18T10:48:07+00:00","dateModified":"2019-06-18T10:48:08+00:00","author":{"@id":"https:\/\/favorite-news.com\/mx\/#\/schema\/person\/b91573b717dcfa5e4696032a9d28d3e8"},"breadcrumb":{"@id":"https:\/\/favorite-news.com\/mx\/trabada-aduana-de-manzanillo-el-sol-de-mexico\/#breadcrumb"},"inLanguage":"es","potentialAction":[{"@type":"ReadAction","target":["https:\/\/favorite-news.com\/mx\/trabada-aduana-de-manzanillo-el-sol-de-mexico\/"]}]},{"@type":"ImageObject","inLanguage":"es","@id":"https:\/\/favorite-news.com\/mx\/trabada-aduana-de-manzanillo-el-sol-de-mexico\/#primaryimage","url":"https:\/\/favorite-news.com\/mx\/wp-content\/uploads\/sites\/8\/2019\/06\/Trabada-aduana-de-Manzanillo-El-Sol-de-M\u00e9xico.jpg","contentUrl":"https:\/\/favorite-news.com\/mx\/wp-content\/uploads\/sites\/8\/2019\/06\/Trabada-aduana-de-Manzanillo-El-Sol-de-M\u00e9xico.jpg","width":1140,"height":712,"caption":"Trabada, aduana de Manzanillo - El Sol de M\u00e9xico"},{"@type":"BreadcrumbList","@id":"https:\/\/favorite-news.com\/mx\/trabada-aduana-de-manzanillo-el-sol-de-mexico\/#breadcrumb","itemListElement":[{"@type":"ListItem","position":1,"name":"\u0413\u043b\u0430\u0432\u043d\u0430\u044f \u0441\u0442\u0440\u0430\u043d\u0438\u0446\u0430","item":"https:\/\/favorite-news.com\/mx\/"},{"@type":"ListItem","position":2,"name":"Trabada, aduana de Manzanillo &#8211; El Sol de M\u00e9xico"}]},{"@type":"WebSite","@id":"https:\/\/favorite-news.com\/mx\/#website","url":"https:\/\/favorite-news.com\/mx\/","name":"Favorite News","description":"Favorite News Mexico","potentialAction":[{"@type":"SearchAction","target":{"@type":"EntryPoint","urlTemplate":"https:\/\/favorite-news.com\/mx\/?s={search_term_string}"},"query-input":{"@type":"PropertyValueSpecification","valueRequired":true,"valueName":"search_term_string"}}],"inLanguage":"es"},{"@type":"Person","@id":"https:\/\/favorite-news.com\/mx\/#\/schema\/person\/b91573b717dcfa5e4696032a9d28d3e8","name":"favorite-news","image":{"@type":"ImageObject","inLanguage":"es","@id":"https:\/\/secure.gravatar.com\/avatar\/6c5a5cb12b74e9d517ee91cf570335b7d16177f1977cc91db161adfa435945a7?s=96&d=mm&r=g","url":"https:\/\/secure.gravatar.com\/avatar\/6c5a5cb12b74e9d517ee91cf570335b7d16177f1977cc91db161adfa435945a7?s=96&d=mm&r=g","contentUrl":"https:\/\/secure.gravatar.com\/avatar\/6c5a5cb12b74e9d517ee91cf570335b7d16177f1977cc91db161adfa435945a7?s=96&d=mm&r=g","caption":"favorite-news"},"url":"https:\/\/favorite-news.com\/mx\/author\/pt\/"}]}},"_links":{"self":[{"href":"https:\/\/favorite-news.com\/mx\/wp-json\/wp\/v2\/posts\/1503","targetHints":{"allow":["GET"]}}],"collection":[{"href":"https:\/\/favorite-news.com\/mx\/wp-json\/wp\/v2\/posts"}],"about":[{"href":"https:\/\/favorite-news.com\/mx\/wp-json\/wp\/v2\/types\/post"}],"author":[{"embeddable":true,"href":"https:\/\/favorite-news.com\/mx\/wp-json\/wp\/v2\/users\/2"}],"replies":[{"embeddable":true,"href":"https:\/\/favorite-news.com\/mx\/wp-json\/wp\/v2\/comments?post=1503"}],"version-history":[{"count":1,"href":"https:\/\/favorite-news.com\/mx\/wp-json\/wp\/v2\/posts\/1503\/revisions"}],"predecessor-version":[{"id":1505,"href":"https:\/\/favorite-news.com\/mx\/wp-json\/wp\/v2\/posts\/1503\/revisions\/1505"}],"wp:featuredmedia":[{"embeddable":true,"href":"https:\/\/favorite-news.com\/mx\/wp-json\/wp\/v2\/media\/1504"}],"wp:attachment":[{"href":"https:\/\/favorite-news.com\/mx\/wp-json\/wp\/v2\/media?parent=1503"}],"wp:term":[{"taxonomy":"category","embeddable":true,"href":"https:\/\/favorite-news.com\/mx\/wp-json\/wp\/v2\/categories?post=1503"},{"taxonomy":"post_tag","embeddable":true,"href":"https:\/\/favorite-news.com\/mx\/wp-json\/wp\/v2\/tags?post=1503"}],"curies":[{"name":"wp","href":"https:\/\/api.w.org\/{rel}","templated":true}]}}