{"id":1498,"date":"2019-06-18T09:57:57","date_gmt":"2019-06-18T06:57:57","guid":{"rendered":"https:\/\/favorite-news.com\/mx\/conceden-suspension-definitiva-por-aeropuerto-de-texcoco\/"},"modified":"2019-06-18T09:57:58","modified_gmt":"2019-06-18T06:57:58","slug":"conceden-suspension-definitiva-por-aeropuerto-de-texcoco","status":"publish","type":"post","link":"https:\/\/favorite-news.com\/mx\/conceden-suspension-definitiva-por-aeropuerto-de-texcoco\/","title":{"rendered":"Conceden suspensi\u00f3n definitiva por aeropuerto de Texcoco"},"content":{"rendered":"<p> [ad_1]<br \/>\n<\/p>\n<div id=\"content-body-226-3775379\">\n<p>Un juez federal del Estado de M\u00e9xico otorg\u00f3 una suspensi\u00f3n definitiva por la construcci\u00f3n del aeropuerto de Texcoco lo que significa que las obras deber\u00e1n permanecer paradas.<\/p>\n<p>Esto implica que las obras del nuevo Aeropuerto en Santa Luc\u00eda tambi\u00e9n deben permanecer suspendidas.<\/p>\n<p>Fue el Juzgado Octavo de Distrito con residencia en el Estado de M\u00e9xico quien concedi\u00f3 dos nuevas suspensiones contra el aeropuerto de Santa Luc\u00eda.<\/p>\n<p>En la primera resoluci\u00f3n, la cual qued\u00f3 radicada en el expediente 599\/2019, el impartidor de justicia orden\u00f3 no cancelar el proyecto de construcci\u00f3n de la terminal \u00e1rea en Texcoco.<\/p>\n<p>Mientras que en la segunda resoluci\u00f3n, el jugador concedi\u00f3 la suspensi\u00f3n definitiva en contra de la Ley de Ingresos de la Federaci\u00f3n de los ejercicios fiscales del 2015 al 2018.<\/p>\n<p>En la demanda se reclamaron el incremento de la Tarifa de Uso Aeroportuario, ya que dicho impuesto fue usado para financiar el proyecto de Texcoco, y ahora con el proyecto del aeropuerto de Santa Luc\u00eda, buscan que no se les cobre y que tampoco se destine a las obras en la Base A\u00e9rea Militar n\u00famero Uno.<\/p>\n<p>Es de recordar que las organizaciones que integran el colectivo #NoM\u00e1sDerroches promovieron 147 demandas de amparo, de las cuales, hasta este momento, con las nuevas resoluciones sumar\u00edan siete suspensiones otorgadas.<\/p>\n<p>En las resoluciones, los colegiados ordenaron frenar la construcci\u00f3n del nuevo aeropuerto en la Base A\u00e9rea Militar, hasta en tanto no existan los estudios de impacto ambiental; que se cuente con la autorizaci\u00f3n del Instituto Nacional de Antropolog\u00eda e Historia; que se entreguen estudios en materia de seguridad.<\/p>\n<p>Los juicios de amparo se interpusieron en ocho entidades del pa\u00eds: Ciudad de M\u00e9xico, Estado de M\u00e9xico, Jalisco, Coahuila, Nuevo Le\u00f3n, Morelos, Quintana Roo y San Luis Potos\u00ed. <\/p>\n<\/div>\n<p><script>(function(d, s, id) {\nvar js, fjs = d.getElementsByTagName(s)[0];\nif (d.getElementById(id)) return;\njs = d.createElement(s); js.id = id;\njs.src = 'https:\/\/connect.facebook.net\/es_LA\/sdk.js#xfbml=1&version=v3.2&appId=641196362757391&autoLogAppEvents=1';\nfjs.parentNode.insertBefore(js, fjs);\n}(document, 'script', 'facebook-jssdk'));\n<\/script><br \/>\n<br \/>[ad_2]<br \/>\n<br \/><a href=\"https:\/\/www.elsoldemexico.com.mx\/finanzas\/conceden-suspension-definitiva-por-aeropuerto-de-texcoco-3775379.html\">Source link <\/a><\/p>\n","protected":false},"excerpt":{"rendered":"<p>[ad_1] Un juez federal del Estado de M\u00e9xico otorg\u00f3 una suspensi\u00f3n definitiva por la construcci\u00f3n del aeropuerto de Texcoco lo que significa que las obras deber\u00e1n permanecer paradas. Esto implica que las obras del nuevo Aeropuerto en Santa Luc\u00eda tambi\u00e9n deben permanecer suspendidas. Fue el Juzgado Octavo de Distrito con residencia en el Estado de [&hellip;]<\/p>\n","protected":false},"author":2,"featured_media":163,"comment_status":"open","ping_status":"open","sticky":false,"template":"","format":"standard","meta":{"footnotes":""},"categories":[1],"tags":[],"class_list":["post-1498","post","type-post","status-publish","format-standard","has-post-thumbnail","hentry","category-noticias-financieras"],"yoast_head":"<!-- This site is optimized with the Yoast SEO plugin v27.4 - https:\/\/yoast.com\/product\/yoast-seo-wordpress\/ -->\n<title>Conceden suspensi\u00f3n definitiva por aeropuerto de Texcoco - Favorite News<\/title>\n<meta name=\"robots\" content=\"index, follow, max-snippet:-1, max-image-preview:large, max-video-preview:-1\" \/>\n<link rel=\"canonical\" href=\"https:\/\/favorite-news.com\/mx\/conceden-suspension-definitiva-por-aeropuerto-de-texcoco\/\" \/>\n<meta property=\"og:locale\" content=\"es_MX\" \/>\n<meta property=\"og:type\" content=\"article\" \/>\n<meta property=\"og:title\" content=\"Conceden suspensi\u00f3n definitiva por aeropuerto de Texcoco - Favorite News\" \/>\n<meta property=\"og:description\" content=\"[ad_1] Un juez federal del Estado de M\u00e9xico otorg\u00f3 una suspensi\u00f3n definitiva por la construcci\u00f3n del aeropuerto de Texcoco lo que significa que las obras deber\u00e1n permanecer paradas. Esto implica que las obras del nuevo Aeropuerto en Santa Luc\u00eda tambi\u00e9n deben permanecer suspendidas. Fue el Juzgado Octavo de Distrito con residencia en el Estado de [&hellip;]\" \/>\n<meta property=\"og:url\" content=\"https:\/\/favorite-news.com\/mx\/conceden-suspension-definitiva-por-aeropuerto-de-texcoco\/\" \/>\n<meta property=\"og:site_name\" content=\"Favorite News\" \/>\n<meta property=\"article:published_time\" content=\"2019-06-18T06:57:57+00:00\" \/>\n<meta property=\"article:modified_time\" content=\"2019-06-18T06:57:58+00:00\" \/>\n<meta property=\"og:image\" content=\"https:\/\/favorite-news.com\/mx\/wp-content\/uploads\/sites\/8\/2019\/04\/Carlos-Slim-rog\u00f3-a-AMLO-salvar-el-NAIM-Texcoco.jpg\" \/>\n\t<meta property=\"og:image:width\" content=\"1140\" \/>\n\t<meta property=\"og:image:height\" content=\"712\" \/>\n\t<meta property=\"og:image:type\" content=\"image\/jpeg\" \/>\n<meta name=\"author\" content=\"favorite-news\" \/>\n<meta name=\"twitter:card\" content=\"summary_large_image\" \/>\n<meta name=\"twitter:label1\" content=\"Escrito por\" \/>\n\t<meta name=\"twitter:data1\" content=\"favorite-news\" \/>\n\t<meta name=\"twitter:label2\" content=\"Tiempo de lectura\" \/>\n\t<meta name=\"twitter:data2\" content=\"2 minutos\" \/>\n<script type=\"application\/ld+json\" class=\"yoast-schema-graph\">{\"@context\":\"https:\\\/\\\/schema.org\",\"@graph\":[{\"@type\":\"Article\",\"@id\":\"https:\\\/\\\/favorite-news.com\\\/mx\\\/conceden-suspension-definitiva-por-aeropuerto-de-texcoco\\\/#article\",\"isPartOf\":{\"@id\":\"https:\\\/\\\/favorite-news.com\\\/mx\\\/conceden-suspension-definitiva-por-aeropuerto-de-texcoco\\\/\"},\"author\":{\"name\":\"favorite-news\",\"@id\":\"https:\\\/\\\/favorite-news.com\\\/mx\\\/#\\\/schema\\\/person\\\/b91573b717dcfa5e4696032a9d28d3e8\"},\"headline\":\"Conceden suspensi\u00f3n definitiva por aeropuerto de Texcoco\",\"datePublished\":\"2019-06-18T06:57:57+00:00\",\"dateModified\":\"2019-06-18T06:57:58+00:00\",\"mainEntityOfPage\":{\"@id\":\"https:\\\/\\\/favorite-news.com\\\/mx\\\/conceden-suspension-definitiva-por-aeropuerto-de-texcoco\\\/\"},\"wordCount\":321,\"commentCount\":0,\"image\":{\"@id\":\"https:\\\/\\\/favorite-news.com\\\/mx\\\/conceden-suspension-definitiva-por-aeropuerto-de-texcoco\\\/#primaryimage\"},\"thumbnailUrl\":\"https:\\\/\\\/favorite-news.com\\\/mx\\\/wp-content\\\/uploads\\\/sites\\\/8\\\/2019\\\/04\\\/Carlos-Slim-rog\u00f3-a-AMLO-salvar-el-NAIM-Texcoco.jpg\",\"articleSection\":[\"NOTICIAS FINANCIERAS\"],\"inLanguage\":\"es\",\"potentialAction\":[{\"@type\":\"CommentAction\",\"name\":\"Comment\",\"target\":[\"https:\\\/\\\/favorite-news.com\\\/mx\\\/conceden-suspension-definitiva-por-aeropuerto-de-texcoco\\\/#respond\"]}]},{\"@type\":\"WebPage\",\"@id\":\"https:\\\/\\\/favorite-news.com\\\/mx\\\/conceden-suspension-definitiva-por-aeropuerto-de-texcoco\\\/\",\"url\":\"https:\\\/\\\/favorite-news.com\\\/mx\\\/conceden-suspension-definitiva-por-aeropuerto-de-texcoco\\\/\",\"name\":\"Conceden suspensi\u00f3n definitiva por aeropuerto de Texcoco - Favorite News\",\"isPartOf\":{\"@id\":\"https:\\\/\\\/favorite-news.com\\\/mx\\\/#website\"},\"primaryImageOfPage\":{\"@id\":\"https:\\\/\\\/favorite-news.com\\\/mx\\\/conceden-suspension-definitiva-por-aeropuerto-de-texcoco\\\/#primaryimage\"},\"image\":{\"@id\":\"https:\\\/\\\/favorite-news.com\\\/mx\\\/conceden-suspension-definitiva-por-aeropuerto-de-texcoco\\\/#primaryimage\"},\"thumbnailUrl\":\"https:\\\/\\\/favorite-news.com\\\/mx\\\/wp-content\\\/uploads\\\/sites\\\/8\\\/2019\\\/04\\\/Carlos-Slim-rog\u00f3-a-AMLO-salvar-el-NAIM-Texcoco.jpg\",\"datePublished\":\"2019-06-18T06:57:57+00:00\",\"dateModified\":\"2019-06-18T06:57:58+00:00\",\"author\":{\"@id\":\"https:\\\/\\\/favorite-news.com\\\/mx\\\/#\\\/schema\\\/person\\\/b91573b717dcfa5e4696032a9d28d3e8\"},\"breadcrumb\":{\"@id\":\"https:\\\/\\\/favorite-news.com\\\/mx\\\/conceden-suspension-definitiva-por-aeropuerto-de-texcoco\\\/#breadcrumb\"},\"inLanguage\":\"es\",\"potentialAction\":[{\"@type\":\"ReadAction\",\"target\":[\"https:\\\/\\\/favorite-news.com\\\/mx\\\/conceden-suspension-definitiva-por-aeropuerto-de-texcoco\\\/\"]}]},{\"@type\":\"ImageObject\",\"inLanguage\":\"es\",\"@id\":\"https:\\\/\\\/favorite-news.com\\\/mx\\\/conceden-suspension-definitiva-por-aeropuerto-de-texcoco\\\/#primaryimage\",\"url\":\"https:\\\/\\\/favorite-news.com\\\/mx\\\/wp-content\\\/uploads\\\/sites\\\/8\\\/2019\\\/04\\\/Carlos-Slim-rog\u00f3-a-AMLO-salvar-el-NAIM-Texcoco.jpg\",\"contentUrl\":\"https:\\\/\\\/favorite-news.com\\\/mx\\\/wp-content\\\/uploads\\\/sites\\\/8\\\/2019\\\/04\\\/Carlos-Slim-rog\u00f3-a-AMLO-salvar-el-NAIM-Texcoco.jpg\",\"width\":1140,\"height\":712,\"caption\":\"Carlos Slim rog\u00f3 a AMLO salvar el NAIM Texcoco\"},{\"@type\":\"BreadcrumbList\",\"@id\":\"https:\\\/\\\/favorite-news.com\\\/mx\\\/conceden-suspension-definitiva-por-aeropuerto-de-texcoco\\\/#breadcrumb\",\"itemListElement\":[{\"@type\":\"ListItem\",\"position\":1,\"name\":\"\u0413\u043b\u0430\u0432\u043d\u0430\u044f \u0441\u0442\u0440\u0430\u043d\u0438\u0446\u0430\",\"item\":\"https:\\\/\\\/favorite-news.com\\\/mx\\\/\"},{\"@type\":\"ListItem\",\"position\":2,\"name\":\"Conceden suspensi\u00f3n definitiva por aeropuerto de Texcoco\"}]},{\"@type\":\"WebSite\",\"@id\":\"https:\\\/\\\/favorite-news.com\\\/mx\\\/#website\",\"url\":\"https:\\\/\\\/favorite-news.com\\\/mx\\\/\",\"name\":\"Favorite News\",\"description\":\"Favorite News Mexico\",\"potentialAction\":[{\"@type\":\"SearchAction\",\"target\":{\"@type\":\"EntryPoint\",\"urlTemplate\":\"https:\\\/\\\/favorite-news.com\\\/mx\\\/?s={search_term_string}\"},\"query-input\":{\"@type\":\"PropertyValueSpecification\",\"valueRequired\":true,\"valueName\":\"search_term_string\"}}],\"inLanguage\":\"es\"},{\"@type\":\"Person\",\"@id\":\"https:\\\/\\\/favorite-news.com\\\/mx\\\/#\\\/schema\\\/person\\\/b91573b717dcfa5e4696032a9d28d3e8\",\"name\":\"favorite-news\",\"image\":{\"@type\":\"ImageObject\",\"inLanguage\":\"es\",\"@id\":\"https:\\\/\\\/secure.gravatar.com\\\/avatar\\\/6c5a5cb12b74e9d517ee91cf570335b7d16177f1977cc91db161adfa435945a7?s=96&d=mm&r=g\",\"url\":\"https:\\\/\\\/secure.gravatar.com\\\/avatar\\\/6c5a5cb12b74e9d517ee91cf570335b7d16177f1977cc91db161adfa435945a7?s=96&d=mm&r=g\",\"contentUrl\":\"https:\\\/\\\/secure.gravatar.com\\\/avatar\\\/6c5a5cb12b74e9d517ee91cf570335b7d16177f1977cc91db161adfa435945a7?s=96&d=mm&r=g\",\"caption\":\"favorite-news\"},\"url\":\"https:\\\/\\\/favorite-news.com\\\/mx\\\/author\\\/pt\\\/\"}]}<\/script>\n<!-- \/ Yoast SEO plugin. -->","yoast_head_json":{"title":"Conceden suspensi\u00f3n definitiva por aeropuerto de Texcoco - Favorite News","robots":{"index":"index","follow":"follow","max-snippet":"max-snippet:-1","max-image-preview":"max-image-preview:large","max-video-preview":"max-video-preview:-1"},"canonical":"https:\/\/favorite-news.com\/mx\/conceden-suspension-definitiva-por-aeropuerto-de-texcoco\/","og_locale":"es_MX","og_type":"article","og_title":"Conceden suspensi\u00f3n definitiva por aeropuerto de Texcoco - Favorite News","og_description":"[ad_1] Un juez federal del Estado de M\u00e9xico otorg\u00f3 una suspensi\u00f3n definitiva por la construcci\u00f3n del aeropuerto de Texcoco lo que significa que las obras deber\u00e1n permanecer paradas. Esto implica que las obras del nuevo Aeropuerto en Santa Luc\u00eda tambi\u00e9n deben permanecer suspendidas. Fue el Juzgado Octavo de Distrito con residencia en el Estado de [&hellip;]","og_url":"https:\/\/favorite-news.com\/mx\/conceden-suspension-definitiva-por-aeropuerto-de-texcoco\/","og_site_name":"Favorite News","article_published_time":"2019-06-18T06:57:57+00:00","article_modified_time":"2019-06-18T06:57:58+00:00","og_image":[{"width":1140,"height":712,"url":"https:\/\/favorite-news.com\/mx\/wp-content\/uploads\/sites\/8\/2019\/04\/Carlos-Slim-rog\u00f3-a-AMLO-salvar-el-NAIM-Texcoco.jpg","type":"image\/jpeg"}],"author":"favorite-news","twitter_card":"summary_large_image","twitter_misc":{"Escrito por":"favorite-news","Tiempo de lectura":"2 minutos"},"schema":{"@context":"https:\/\/schema.org","@graph":[{"@type":"Article","@id":"https:\/\/favorite-news.com\/mx\/conceden-suspension-definitiva-por-aeropuerto-de-texcoco\/#article","isPartOf":{"@id":"https:\/\/favorite-news.com\/mx\/conceden-suspension-definitiva-por-aeropuerto-de-texcoco\/"},"author":{"name":"favorite-news","@id":"https:\/\/favorite-news.com\/mx\/#\/schema\/person\/b91573b717dcfa5e4696032a9d28d3e8"},"headline":"Conceden suspensi\u00f3n definitiva por aeropuerto de Texcoco","datePublished":"2019-06-18T06:57:57+00:00","dateModified":"2019-06-18T06:57:58+00:00","mainEntityOfPage":{"@id":"https:\/\/favorite-news.com\/mx\/conceden-suspension-definitiva-por-aeropuerto-de-texcoco\/"},"wordCount":321,"commentCount":0,"image":{"@id":"https:\/\/favorite-news.com\/mx\/conceden-suspension-definitiva-por-aeropuerto-de-texcoco\/#primaryimage"},"thumbnailUrl":"https:\/\/favorite-news.com\/mx\/wp-content\/uploads\/sites\/8\/2019\/04\/Carlos-Slim-rog\u00f3-a-AMLO-salvar-el-NAIM-Texcoco.jpg","articleSection":["NOTICIAS FINANCIERAS"],"inLanguage":"es","potentialAction":[{"@type":"CommentAction","name":"Comment","target":["https:\/\/favorite-news.com\/mx\/conceden-suspension-definitiva-por-aeropuerto-de-texcoco\/#respond"]}]},{"@type":"WebPage","@id":"https:\/\/favorite-news.com\/mx\/conceden-suspension-definitiva-por-aeropuerto-de-texcoco\/","url":"https:\/\/favorite-news.com\/mx\/conceden-suspension-definitiva-por-aeropuerto-de-texcoco\/","name":"Conceden suspensi\u00f3n definitiva por aeropuerto de Texcoco - Favorite News","isPartOf":{"@id":"https:\/\/favorite-news.com\/mx\/#website"},"primaryImageOfPage":{"@id":"https:\/\/favorite-news.com\/mx\/conceden-suspension-definitiva-por-aeropuerto-de-texcoco\/#primaryimage"},"image":{"@id":"https:\/\/favorite-news.com\/mx\/conceden-suspension-definitiva-por-aeropuerto-de-texcoco\/#primaryimage"},"thumbnailUrl":"https:\/\/favorite-news.com\/mx\/wp-content\/uploads\/sites\/8\/2019\/04\/Carlos-Slim-rog\u00f3-a-AMLO-salvar-el-NAIM-Texcoco.jpg","datePublished":"2019-06-18T06:57:57+00:00","dateModified":"2019-06-18T06:57:58+00:00","author":{"@id":"https:\/\/favorite-news.com\/mx\/#\/schema\/person\/b91573b717dcfa5e4696032a9d28d3e8"},"breadcrumb":{"@id":"https:\/\/favorite-news.com\/mx\/conceden-suspension-definitiva-por-aeropuerto-de-texcoco\/#breadcrumb"},"inLanguage":"es","potentialAction":[{"@type":"ReadAction","target":["https:\/\/favorite-news.com\/mx\/conceden-suspension-definitiva-por-aeropuerto-de-texcoco\/"]}]},{"@type":"ImageObject","inLanguage":"es","@id":"https:\/\/favorite-news.com\/mx\/conceden-suspension-definitiva-por-aeropuerto-de-texcoco\/#primaryimage","url":"https:\/\/favorite-news.com\/mx\/wp-content\/uploads\/sites\/8\/2019\/04\/Carlos-Slim-rog\u00f3-a-AMLO-salvar-el-NAIM-Texcoco.jpg","contentUrl":"https:\/\/favorite-news.com\/mx\/wp-content\/uploads\/sites\/8\/2019\/04\/Carlos-Slim-rog\u00f3-a-AMLO-salvar-el-NAIM-Texcoco.jpg","width":1140,"height":712,"caption":"Carlos Slim rog\u00f3 a AMLO salvar el NAIM Texcoco"},{"@type":"BreadcrumbList","@id":"https:\/\/favorite-news.com\/mx\/conceden-suspension-definitiva-por-aeropuerto-de-texcoco\/#breadcrumb","itemListElement":[{"@type":"ListItem","position":1,"name":"\u0413\u043b\u0430\u0432\u043d\u0430\u044f \u0441\u0442\u0440\u0430\u043d\u0438\u0446\u0430","item":"https:\/\/favorite-news.com\/mx\/"},{"@type":"ListItem","position":2,"name":"Conceden suspensi\u00f3n definitiva por aeropuerto de Texcoco"}]},{"@type":"WebSite","@id":"https:\/\/favorite-news.com\/mx\/#website","url":"https:\/\/favorite-news.com\/mx\/","name":"Favorite News","description":"Favorite News Mexico","potentialAction":[{"@type":"SearchAction","target":{"@type":"EntryPoint","urlTemplate":"https:\/\/favorite-news.com\/mx\/?s={search_term_string}"},"query-input":{"@type":"PropertyValueSpecification","valueRequired":true,"valueName":"search_term_string"}}],"inLanguage":"es"},{"@type":"Person","@id":"https:\/\/favorite-news.com\/mx\/#\/schema\/person\/b91573b717dcfa5e4696032a9d28d3e8","name":"favorite-news","image":{"@type":"ImageObject","inLanguage":"es","@id":"https:\/\/secure.gravatar.com\/avatar\/6c5a5cb12b74e9d517ee91cf570335b7d16177f1977cc91db161adfa435945a7?s=96&d=mm&r=g","url":"https:\/\/secure.gravatar.com\/avatar\/6c5a5cb12b74e9d517ee91cf570335b7d16177f1977cc91db161adfa435945a7?s=96&d=mm&r=g","contentUrl":"https:\/\/secure.gravatar.com\/avatar\/6c5a5cb12b74e9d517ee91cf570335b7d16177f1977cc91db161adfa435945a7?s=96&d=mm&r=g","caption":"favorite-news"},"url":"https:\/\/favorite-news.com\/mx\/author\/pt\/"}]}},"_links":{"self":[{"href":"https:\/\/favorite-news.com\/mx\/wp-json\/wp\/v2\/posts\/1498","targetHints":{"allow":["GET"]}}],"collection":[{"href":"https:\/\/favorite-news.com\/mx\/wp-json\/wp\/v2\/posts"}],"about":[{"href":"https:\/\/favorite-news.com\/mx\/wp-json\/wp\/v2\/types\/post"}],"author":[{"embeddable":true,"href":"https:\/\/favorite-news.com\/mx\/wp-json\/wp\/v2\/users\/2"}],"replies":[{"embeddable":true,"href":"https:\/\/favorite-news.com\/mx\/wp-json\/wp\/v2\/comments?post=1498"}],"version-history":[{"count":1,"href":"https:\/\/favorite-news.com\/mx\/wp-json\/wp\/v2\/posts\/1498\/revisions"}],"predecessor-version":[{"id":1499,"href":"https:\/\/favorite-news.com\/mx\/wp-json\/wp\/v2\/posts\/1498\/revisions\/1499"}],"wp:featuredmedia":[{"embeddable":true,"href":"https:\/\/favorite-news.com\/mx\/wp-json\/wp\/v2\/media\/163"}],"wp:attachment":[{"href":"https:\/\/favorite-news.com\/mx\/wp-json\/wp\/v2\/media?parent=1498"}],"wp:term":[{"taxonomy":"category","embeddable":true,"href":"https:\/\/favorite-news.com\/mx\/wp-json\/wp\/v2\/categories?post=1498"},{"taxonomy":"post_tag","embeddable":true,"href":"https:\/\/favorite-news.com\/mx\/wp-json\/wp\/v2\/tags?post=1498"}],"curies":[{"name":"wp","href":"https:\/\/api.w.org\/{rel}","templated":true}]}}