{"id":1496,"date":"2019-06-18T08:01:30","date_gmt":"2019-06-18T05:01:30","guid":{"rendered":"https:\/\/favorite-news.com\/mx\/concluye-estudio-de-impacto-ambiental-en-dos-bocas-sener\/"},"modified":"2019-06-18T08:01:30","modified_gmt":"2019-06-18T05:01:30","slug":"concluye-estudio-de-impacto-ambiental-en-dos-bocas-sener","status":"publish","type":"post","link":"https:\/\/favorite-news.com\/mx\/concluye-estudio-de-impacto-ambiental-en-dos-bocas-sener\/","title":{"rendered":"Concluye estudio de impacto ambiental en Dos bocas: Sener"},"content":{"rendered":"<p> [ad_1]<br \/>\n<\/p>\n<div id=\"content-body-226-3775701\">\n<p>La secretaria de Energ\u00eda, Roc\u00edo Nahle, afirm\u00f3 que ya concluy\u00f3 el tr\u00e1mite de la Manifestaci\u00f3n de Impacto Ambiental ante la Secretar\u00eda del Medio Ambiente y Recursos Naturales, por lo que en 60 d\u00edas o menos, obtendr\u00e1 el permiso para arrancar con la construcci\u00f3n de la refiner\u00eda en Dos Bocas.<\/p>\n<p>\u201cYo les dije claramente que se iba a presentar el mi\u00e9rcoles, y se present\u00f3, eso es todo lo que les puedo decir. Ahora Semarnat, de acuerdo a la ley tiene 60 d\u00edas y vamos a esperar a su respuesta\u201d, afirm\u00f3 previo a una reuni\u00f3n del presidente Andr\u00e9s Manuel L\u00f3pez Obrador con el gabinete legal y ampliado.<\/p>\n<p>Explic\u00f3 que ya concluyeron con los estudios de los ocho cap\u00edtulos solicitados por la Semarnat, dentro de los que adem\u00e1s del estudio que contemplaba estudios sobre la exploraci\u00f3n de 24 pozos petroleros y otros que, a\u00fan no se terminaban,<\/p>\n<p>\u201cYa les entregamos todo lo que nos hab\u00edan pedido, los ocho cap\u00edtulos que pide Semarnat, con todas las correcciones que nos hab\u00edan hecho previo, estudios y dem\u00e1s\u201d, confirm\u00f3.<\/p>\n<p>Luego de que el pasado 2 de junio, Nahle Garc\u00eda sostuvo que ya contaba con un permiso parcial para iniciar con los trabajos en Para\u00edso, Tabasco, y prometi\u00f3 que dentro de 17 d\u00edas ya contar\u00eda con la aprobaci\u00f3n de la Manifestaci\u00f3n de Impacto Ambiental.<\/p>\n<p>La semana pasada, el titular de la Semarnat, V\u00edctor Manuel Toledo, coment\u00f3 que la MIA la tendr\u00e1n lista hasta el 28 de junio, unas horas despu\u00e9s de que La secretaria de Energ\u00eda hab\u00eda asegurado que el proceso estaba casi concluido.<\/p>\n<\/div>\n<p><script>(function(d, s, id) {\nvar js, fjs = d.getElementsByTagName(s)[0];\nif (d.getElementById(id)) return;\njs = d.createElement(s); js.id = id;\njs.src = 'https:\/\/connect.facebook.net\/es_LA\/sdk.js#xfbml=1&version=v3.2&appId=641196362757391&autoLogAppEvents=1';\nfjs.parentNode.insertBefore(js, fjs);\n}(document, 'script', 'facebook-jssdk'));\n<\/script><br \/>\n<br \/>[ad_2]<br \/>\n<br \/><a href=\"https:\/\/www.elsoldemexico.com.mx\/finanzas\/concluye-estudio-de-impacto-ambiental-en-refineria-de-dos-bocas-sener-construccion-inicia-3775701.html\">Source link <\/a><\/p>\n","protected":false},"excerpt":{"rendered":"<p>[ad_1] La secretaria de Energ\u00eda, Roc\u00edo Nahle, afirm\u00f3 que ya concluy\u00f3 el tr\u00e1mite de la Manifestaci\u00f3n de Impacto Ambiental ante la Secretar\u00eda del Medio Ambiente y Recursos Naturales, por lo que en 60 d\u00edas o menos, obtendr\u00e1 el permiso para arrancar con la construcci\u00f3n de la refiner\u00eda en Dos Bocas. \u201cYo les dije claramente que [&hellip;]<\/p>\n","protected":false},"author":2,"featured_media":1035,"comment_status":"open","ping_status":"open","sticky":false,"template":"","format":"standard","meta":{"footnotes":""},"categories":[1],"tags":[],"class_list":["post-1496","post","type-post","status-publish","format-standard","has-post-thumbnail","hentry","category-noticias-financieras"],"yoast_head":"<!-- This site is optimized with the Yoast SEO plugin v27.4 - https:\/\/yoast.com\/product\/yoast-seo-wordpress\/ -->\n<title>Concluye estudio de impacto ambiental en Dos bocas: Sener - Favorite News<\/title>\n<meta name=\"robots\" content=\"index, follow, max-snippet:-1, max-image-preview:large, max-video-preview:-1\" \/>\n<link rel=\"canonical\" href=\"https:\/\/favorite-news.com\/mx\/concluye-estudio-de-impacto-ambiental-en-dos-bocas-sener\/\" \/>\n<meta property=\"og:locale\" content=\"es_MX\" \/>\n<meta property=\"og:type\" content=\"article\" \/>\n<meta property=\"og:title\" content=\"Concluye estudio de impacto ambiental en Dos bocas: Sener - Favorite News\" \/>\n<meta property=\"og:description\" content=\"[ad_1] La secretaria de Energ\u00eda, Roc\u00edo Nahle, afirm\u00f3 que ya concluy\u00f3 el tr\u00e1mite de la Manifestaci\u00f3n de Impacto Ambiental ante la Secretar\u00eda del Medio Ambiente y Recursos Naturales, por lo que en 60 d\u00edas o menos, obtendr\u00e1 el permiso para arrancar con la construcci\u00f3n de la refiner\u00eda en Dos Bocas. \u201cYo les dije claramente que [&hellip;]\" \/>\n<meta property=\"og:url\" content=\"https:\/\/favorite-news.com\/mx\/concluye-estudio-de-impacto-ambiental-en-dos-bocas-sener\/\" \/>\n<meta property=\"og:site_name\" content=\"Favorite News\" \/>\n<meta property=\"article:published_time\" content=\"2019-06-18T05:01:30+00:00\" \/>\n<meta property=\"og:image\" content=\"https:\/\/favorite-news.com\/mx\/wp-content\/uploads\/sites\/8\/2019\/06\/Coparmex-y-CCE-critican-inicio-de-la-refiner\u00eda-de-Dos.jpg\" \/>\n\t<meta property=\"og:image:width\" content=\"1140\" \/>\n\t<meta property=\"og:image:height\" content=\"712\" \/>\n\t<meta property=\"og:image:type\" content=\"image\/jpeg\" \/>\n<meta name=\"author\" content=\"favorite-news\" \/>\n<meta name=\"twitter:card\" content=\"summary_large_image\" \/>\n<meta name=\"twitter:label1\" content=\"Escrito por\" \/>\n\t<meta name=\"twitter:data1\" content=\"favorite-news\" \/>\n\t<meta name=\"twitter:label2\" content=\"Tiempo de lectura\" \/>\n\t<meta name=\"twitter:data2\" content=\"1 minuto\" \/>\n<script type=\"application\/ld+json\" class=\"yoast-schema-graph\">{\"@context\":\"https:\\\/\\\/schema.org\",\"@graph\":[{\"@type\":\"Article\",\"@id\":\"https:\\\/\\\/favorite-news.com\\\/mx\\\/concluye-estudio-de-impacto-ambiental-en-dos-bocas-sener\\\/#article\",\"isPartOf\":{\"@id\":\"https:\\\/\\\/favorite-news.com\\\/mx\\\/concluye-estudio-de-impacto-ambiental-en-dos-bocas-sener\\\/\"},\"author\":{\"name\":\"favorite-news\",\"@id\":\"https:\\\/\\\/favorite-news.com\\\/mx\\\/#\\\/schema\\\/person\\\/b91573b717dcfa5e4696032a9d28d3e8\"},\"headline\":\"Concluye estudio de impacto ambiental en Dos bocas: Sener\",\"datePublished\":\"2019-06-18T05:01:30+00:00\",\"mainEntityOfPage\":{\"@id\":\"https:\\\/\\\/favorite-news.com\\\/mx\\\/concluye-estudio-de-impacto-ambiental-en-dos-bocas-sener\\\/\"},\"wordCount\":295,\"commentCount\":0,\"image\":{\"@id\":\"https:\\\/\\\/favorite-news.com\\\/mx\\\/concluye-estudio-de-impacto-ambiental-en-dos-bocas-sener\\\/#primaryimage\"},\"thumbnailUrl\":\"https:\\\/\\\/favorite-news.com\\\/mx\\\/wp-content\\\/uploads\\\/sites\\\/8\\\/2019\\\/06\\\/Coparmex-y-CCE-critican-inicio-de-la-refiner\u00eda-de-Dos.jpg\",\"articleSection\":[\"NOTICIAS FINANCIERAS\"],\"inLanguage\":\"es\",\"potentialAction\":[{\"@type\":\"CommentAction\",\"name\":\"Comment\",\"target\":[\"https:\\\/\\\/favorite-news.com\\\/mx\\\/concluye-estudio-de-impacto-ambiental-en-dos-bocas-sener\\\/#respond\"]}]},{\"@type\":\"WebPage\",\"@id\":\"https:\\\/\\\/favorite-news.com\\\/mx\\\/concluye-estudio-de-impacto-ambiental-en-dos-bocas-sener\\\/\",\"url\":\"https:\\\/\\\/favorite-news.com\\\/mx\\\/concluye-estudio-de-impacto-ambiental-en-dos-bocas-sener\\\/\",\"name\":\"Concluye estudio de impacto ambiental en Dos bocas: Sener - Favorite News\",\"isPartOf\":{\"@id\":\"https:\\\/\\\/favorite-news.com\\\/mx\\\/#website\"},\"primaryImageOfPage\":{\"@id\":\"https:\\\/\\\/favorite-news.com\\\/mx\\\/concluye-estudio-de-impacto-ambiental-en-dos-bocas-sener\\\/#primaryimage\"},\"image\":{\"@id\":\"https:\\\/\\\/favorite-news.com\\\/mx\\\/concluye-estudio-de-impacto-ambiental-en-dos-bocas-sener\\\/#primaryimage\"},\"thumbnailUrl\":\"https:\\\/\\\/favorite-news.com\\\/mx\\\/wp-content\\\/uploads\\\/sites\\\/8\\\/2019\\\/06\\\/Coparmex-y-CCE-critican-inicio-de-la-refiner\u00eda-de-Dos.jpg\",\"datePublished\":\"2019-06-18T05:01:30+00:00\",\"author\":{\"@id\":\"https:\\\/\\\/favorite-news.com\\\/mx\\\/#\\\/schema\\\/person\\\/b91573b717dcfa5e4696032a9d28d3e8\"},\"breadcrumb\":{\"@id\":\"https:\\\/\\\/favorite-news.com\\\/mx\\\/concluye-estudio-de-impacto-ambiental-en-dos-bocas-sener\\\/#breadcrumb\"},\"inLanguage\":\"es\",\"potentialAction\":[{\"@type\":\"ReadAction\",\"target\":[\"https:\\\/\\\/favorite-news.com\\\/mx\\\/concluye-estudio-de-impacto-ambiental-en-dos-bocas-sener\\\/\"]}]},{\"@type\":\"ImageObject\",\"inLanguage\":\"es\",\"@id\":\"https:\\\/\\\/favorite-news.com\\\/mx\\\/concluye-estudio-de-impacto-ambiental-en-dos-bocas-sener\\\/#primaryimage\",\"url\":\"https:\\\/\\\/favorite-news.com\\\/mx\\\/wp-content\\\/uploads\\\/sites\\\/8\\\/2019\\\/06\\\/Coparmex-y-CCE-critican-inicio-de-la-refiner\u00eda-de-Dos.jpg\",\"contentUrl\":\"https:\\\/\\\/favorite-news.com\\\/mx\\\/wp-content\\\/uploads\\\/sites\\\/8\\\/2019\\\/06\\\/Coparmex-y-CCE-critican-inicio-de-la-refiner\u00eda-de-Dos.jpg\",\"width\":1140,\"height\":712,\"caption\":\"Coparmex y CCE critican inicio de la refiner\u00eda de Dos Bocas\"},{\"@type\":\"BreadcrumbList\",\"@id\":\"https:\\\/\\\/favorite-news.com\\\/mx\\\/concluye-estudio-de-impacto-ambiental-en-dos-bocas-sener\\\/#breadcrumb\",\"itemListElement\":[{\"@type\":\"ListItem\",\"position\":1,\"name\":\"\u0413\u043b\u0430\u0432\u043d\u0430\u044f \u0441\u0442\u0440\u0430\u043d\u0438\u0446\u0430\",\"item\":\"https:\\\/\\\/favorite-news.com\\\/mx\\\/\"},{\"@type\":\"ListItem\",\"position\":2,\"name\":\"Concluye estudio de impacto ambiental en Dos bocas: Sener\"}]},{\"@type\":\"WebSite\",\"@id\":\"https:\\\/\\\/favorite-news.com\\\/mx\\\/#website\",\"url\":\"https:\\\/\\\/favorite-news.com\\\/mx\\\/\",\"name\":\"Favorite News\",\"description\":\"Favorite News Mexico\",\"potentialAction\":[{\"@type\":\"SearchAction\",\"target\":{\"@type\":\"EntryPoint\",\"urlTemplate\":\"https:\\\/\\\/favorite-news.com\\\/mx\\\/?s={search_term_string}\"},\"query-input\":{\"@type\":\"PropertyValueSpecification\",\"valueRequired\":true,\"valueName\":\"search_term_string\"}}],\"inLanguage\":\"es\"},{\"@type\":\"Person\",\"@id\":\"https:\\\/\\\/favorite-news.com\\\/mx\\\/#\\\/schema\\\/person\\\/b91573b717dcfa5e4696032a9d28d3e8\",\"name\":\"favorite-news\",\"image\":{\"@type\":\"ImageObject\",\"inLanguage\":\"es\",\"@id\":\"https:\\\/\\\/secure.gravatar.com\\\/avatar\\\/6c5a5cb12b74e9d517ee91cf570335b7d16177f1977cc91db161adfa435945a7?s=96&d=mm&r=g\",\"url\":\"https:\\\/\\\/secure.gravatar.com\\\/avatar\\\/6c5a5cb12b74e9d517ee91cf570335b7d16177f1977cc91db161adfa435945a7?s=96&d=mm&r=g\",\"contentUrl\":\"https:\\\/\\\/secure.gravatar.com\\\/avatar\\\/6c5a5cb12b74e9d517ee91cf570335b7d16177f1977cc91db161adfa435945a7?s=96&d=mm&r=g\",\"caption\":\"favorite-news\"},\"url\":\"https:\\\/\\\/favorite-news.com\\\/mx\\\/author\\\/pt\\\/\"}]}<\/script>\n<!-- \/ Yoast SEO plugin. -->","yoast_head_json":{"title":"Concluye estudio de impacto ambiental en Dos bocas: Sener - Favorite News","robots":{"index":"index","follow":"follow","max-snippet":"max-snippet:-1","max-image-preview":"max-image-preview:large","max-video-preview":"max-video-preview:-1"},"canonical":"https:\/\/favorite-news.com\/mx\/concluye-estudio-de-impacto-ambiental-en-dos-bocas-sener\/","og_locale":"es_MX","og_type":"article","og_title":"Concluye estudio de impacto ambiental en Dos bocas: Sener - Favorite News","og_description":"[ad_1] La secretaria de Energ\u00eda, Roc\u00edo Nahle, afirm\u00f3 que ya concluy\u00f3 el tr\u00e1mite de la Manifestaci\u00f3n de Impacto Ambiental ante la Secretar\u00eda del Medio Ambiente y Recursos Naturales, por lo que en 60 d\u00edas o menos, obtendr\u00e1 el permiso para arrancar con la construcci\u00f3n de la refiner\u00eda en Dos Bocas. \u201cYo les dije claramente que [&hellip;]","og_url":"https:\/\/favorite-news.com\/mx\/concluye-estudio-de-impacto-ambiental-en-dos-bocas-sener\/","og_site_name":"Favorite News","article_published_time":"2019-06-18T05:01:30+00:00","og_image":[{"width":1140,"height":712,"url":"https:\/\/favorite-news.com\/mx\/wp-content\/uploads\/sites\/8\/2019\/06\/Coparmex-y-CCE-critican-inicio-de-la-refiner\u00eda-de-Dos.jpg","type":"image\/jpeg"}],"author":"favorite-news","twitter_card":"summary_large_image","twitter_misc":{"Escrito por":"favorite-news","Tiempo de lectura":"1 minuto"},"schema":{"@context":"https:\/\/schema.org","@graph":[{"@type":"Article","@id":"https:\/\/favorite-news.com\/mx\/concluye-estudio-de-impacto-ambiental-en-dos-bocas-sener\/#article","isPartOf":{"@id":"https:\/\/favorite-news.com\/mx\/concluye-estudio-de-impacto-ambiental-en-dos-bocas-sener\/"},"author":{"name":"favorite-news","@id":"https:\/\/favorite-news.com\/mx\/#\/schema\/person\/b91573b717dcfa5e4696032a9d28d3e8"},"headline":"Concluye estudio de impacto ambiental en Dos bocas: Sener","datePublished":"2019-06-18T05:01:30+00:00","mainEntityOfPage":{"@id":"https:\/\/favorite-news.com\/mx\/concluye-estudio-de-impacto-ambiental-en-dos-bocas-sener\/"},"wordCount":295,"commentCount":0,"image":{"@id":"https:\/\/favorite-news.com\/mx\/concluye-estudio-de-impacto-ambiental-en-dos-bocas-sener\/#primaryimage"},"thumbnailUrl":"https:\/\/favorite-news.com\/mx\/wp-content\/uploads\/sites\/8\/2019\/06\/Coparmex-y-CCE-critican-inicio-de-la-refiner\u00eda-de-Dos.jpg","articleSection":["NOTICIAS FINANCIERAS"],"inLanguage":"es","potentialAction":[{"@type":"CommentAction","name":"Comment","target":["https:\/\/favorite-news.com\/mx\/concluye-estudio-de-impacto-ambiental-en-dos-bocas-sener\/#respond"]}]},{"@type":"WebPage","@id":"https:\/\/favorite-news.com\/mx\/concluye-estudio-de-impacto-ambiental-en-dos-bocas-sener\/","url":"https:\/\/favorite-news.com\/mx\/concluye-estudio-de-impacto-ambiental-en-dos-bocas-sener\/","name":"Concluye estudio de impacto ambiental en Dos bocas: Sener - Favorite News","isPartOf":{"@id":"https:\/\/favorite-news.com\/mx\/#website"},"primaryImageOfPage":{"@id":"https:\/\/favorite-news.com\/mx\/concluye-estudio-de-impacto-ambiental-en-dos-bocas-sener\/#primaryimage"},"image":{"@id":"https:\/\/favorite-news.com\/mx\/concluye-estudio-de-impacto-ambiental-en-dos-bocas-sener\/#primaryimage"},"thumbnailUrl":"https:\/\/favorite-news.com\/mx\/wp-content\/uploads\/sites\/8\/2019\/06\/Coparmex-y-CCE-critican-inicio-de-la-refiner\u00eda-de-Dos.jpg","datePublished":"2019-06-18T05:01:30+00:00","author":{"@id":"https:\/\/favorite-news.com\/mx\/#\/schema\/person\/b91573b717dcfa5e4696032a9d28d3e8"},"breadcrumb":{"@id":"https:\/\/favorite-news.com\/mx\/concluye-estudio-de-impacto-ambiental-en-dos-bocas-sener\/#breadcrumb"},"inLanguage":"es","potentialAction":[{"@type":"ReadAction","target":["https:\/\/favorite-news.com\/mx\/concluye-estudio-de-impacto-ambiental-en-dos-bocas-sener\/"]}]},{"@type":"ImageObject","inLanguage":"es","@id":"https:\/\/favorite-news.com\/mx\/concluye-estudio-de-impacto-ambiental-en-dos-bocas-sener\/#primaryimage","url":"https:\/\/favorite-news.com\/mx\/wp-content\/uploads\/sites\/8\/2019\/06\/Coparmex-y-CCE-critican-inicio-de-la-refiner\u00eda-de-Dos.jpg","contentUrl":"https:\/\/favorite-news.com\/mx\/wp-content\/uploads\/sites\/8\/2019\/06\/Coparmex-y-CCE-critican-inicio-de-la-refiner\u00eda-de-Dos.jpg","width":1140,"height":712,"caption":"Coparmex y CCE critican inicio de la refiner\u00eda de Dos Bocas"},{"@type":"BreadcrumbList","@id":"https:\/\/favorite-news.com\/mx\/concluye-estudio-de-impacto-ambiental-en-dos-bocas-sener\/#breadcrumb","itemListElement":[{"@type":"ListItem","position":1,"name":"\u0413\u043b\u0430\u0432\u043d\u0430\u044f \u0441\u0442\u0440\u0430\u043d\u0438\u0446\u0430","item":"https:\/\/favorite-news.com\/mx\/"},{"@type":"ListItem","position":2,"name":"Concluye estudio de impacto ambiental en Dos bocas: Sener"}]},{"@type":"WebSite","@id":"https:\/\/favorite-news.com\/mx\/#website","url":"https:\/\/favorite-news.com\/mx\/","name":"Favorite News","description":"Favorite News Mexico","potentialAction":[{"@type":"SearchAction","target":{"@type":"EntryPoint","urlTemplate":"https:\/\/favorite-news.com\/mx\/?s={search_term_string}"},"query-input":{"@type":"PropertyValueSpecification","valueRequired":true,"valueName":"search_term_string"}}],"inLanguage":"es"},{"@type":"Person","@id":"https:\/\/favorite-news.com\/mx\/#\/schema\/person\/b91573b717dcfa5e4696032a9d28d3e8","name":"favorite-news","image":{"@type":"ImageObject","inLanguage":"es","@id":"https:\/\/secure.gravatar.com\/avatar\/6c5a5cb12b74e9d517ee91cf570335b7d16177f1977cc91db161adfa435945a7?s=96&d=mm&r=g","url":"https:\/\/secure.gravatar.com\/avatar\/6c5a5cb12b74e9d517ee91cf570335b7d16177f1977cc91db161adfa435945a7?s=96&d=mm&r=g","contentUrl":"https:\/\/secure.gravatar.com\/avatar\/6c5a5cb12b74e9d517ee91cf570335b7d16177f1977cc91db161adfa435945a7?s=96&d=mm&r=g","caption":"favorite-news"},"url":"https:\/\/favorite-news.com\/mx\/author\/pt\/"}]}},"_links":{"self":[{"href":"https:\/\/favorite-news.com\/mx\/wp-json\/wp\/v2\/posts\/1496","targetHints":{"allow":["GET"]}}],"collection":[{"href":"https:\/\/favorite-news.com\/mx\/wp-json\/wp\/v2\/posts"}],"about":[{"href":"https:\/\/favorite-news.com\/mx\/wp-json\/wp\/v2\/types\/post"}],"author":[{"embeddable":true,"href":"https:\/\/favorite-news.com\/mx\/wp-json\/wp\/v2\/users\/2"}],"replies":[{"embeddable":true,"href":"https:\/\/favorite-news.com\/mx\/wp-json\/wp\/v2\/comments?post=1496"}],"version-history":[{"count":1,"href":"https:\/\/favorite-news.com\/mx\/wp-json\/wp\/v2\/posts\/1496\/revisions"}],"predecessor-version":[{"id":1497,"href":"https:\/\/favorite-news.com\/mx\/wp-json\/wp\/v2\/posts\/1496\/revisions\/1497"}],"wp:featuredmedia":[{"embeddable":true,"href":"https:\/\/favorite-news.com\/mx\/wp-json\/wp\/v2\/media\/1035"}],"wp:attachment":[{"href":"https:\/\/favorite-news.com\/mx\/wp-json\/wp\/v2\/media?parent=1496"}],"wp:term":[{"taxonomy":"category","embeddable":true,"href":"https:\/\/favorite-news.com\/mx\/wp-json\/wp\/v2\/categories?post=1496"},{"taxonomy":"post_tag","embeddable":true,"href":"https:\/\/favorite-news.com\/mx\/wp-json\/wp\/v2\/tags?post=1496"}],"curies":[{"name":"wp","href":"https:\/\/api.w.org\/{rel}","templated":true}]}}