{"id":939,"date":"2020-12-02T20:15:51","date_gmt":"2020-12-02T20:15:51","guid":{"rendered":"https:\/\/favorite-news.com\/it\/m5s-lettera-di-58-parlamentari-a-crimi-e-di-maio-no-alla-riforma-del-mes\/"},"modified":"2020-12-02T20:15:54","modified_gmt":"2020-12-02T20:15:54","slug":"m5s-lettera-di-58-parlamentari-a-crimi-e-di-maio-no-alla-riforma-del-mes","status":"publish","type":"post","link":"https:\/\/favorite-news.com\/it\/m5s-lettera-di-58-parlamentari-a-crimi-e-di-maio-no-alla-riforma-del-mes\/","title":{"rendered":"M5s, lettera di 58 parlamentari a Crimi e Di Maio: &#8220;No alla riforma del Mes&#8221;"},"content":{"rendered":"<p>\t\t\tI firmatari della lettera sono:\u00a0Berardini, Berti, Cabras, Cancelleri Azzurra, Carabetta, Colletti, Corda, Costanzo, De Carlo, De Girolamo, De Lorenzis, Di Stasio,. Emiliozzi, Fantinati, Ficara, Forciniti, Frusone, Giuliodori, Grillo, Grimaldi, Invidia, Lombardo, Maniero, Martinciglio, Megna, Olgiati, Parisse, Raduzzi, Rizzo, Romaniello, Sapia, Scanu, Sodano, Spessotto, Suriano, Tuzi, Vallascas, Vianello, Villani, Villarosa, Volpi, Zanichelli. I senatori firmatari sono, stando a quanto si legge nel testo: Abate, Angrisani, Corrao, Croatti, Crucioli, Di Micco, Granato, Guodolin, Lannutti, Lezzi, Mininno, Morra, Romano, Russo, Trentacoste, Vanin.\u00a0<\/p>\n<p>\u00a0<\/p>\n<p>&#8220;Consci delle diverse posizioni nella maggioranza, che non vogliamo in nessun modo mettere a rischio &#8211; hanno spiegato i parlamentari -, chiediamo che nella prossima risoluzione parlamentare venga richiesto che la riforma sia subordinata alla chiusura di tutti gli altri elementi (EDIS e NGEU) delle riforme economico-finanziarie europee in ossequio alla logica di pacchetto, o in subordine, a rinviare quantomeno gli aspetti pi\u00f9\u00a0critici della riforma del Mes&#8221;.<\/p>\n<p>\u00a0<\/p>\n<p>&#8220;Anche lo scorso anno si dava tutto per chiuso &#8211; si legge ancora nella lettera &#8211; ma siamo riusciti nel nostro intento, ora \u00e8 il momento di non arretrare su posizioni che non sono nostre. Ci\u00f2\u00a0\u00e8 ancora pi\u00f9\u00a0vero in un momento storico in cui serve reale integrazione europea e spirito di solidariet\u00e0\u00a0fra i Paesi dell&#8217;Eurozona, piuttosto che il potenziamento di istituzioni intergovernative esterne alle istituzioni comunitarie. In difetto, l&#8217;unico ulteriore passaggio che i parlamentari del Movimento 5 Stelle avrebbero per bloccare la riforma del Mes\u00a0sarebbe durante il voto di ratifica nelle due Camere&#8221;.\u00a0<\/p>\n<p>\u00a0<\/p>\n<p>Pur avendo sottolineato quindi di &#8220;non voler mettere a rischio la maggioranza&#8221;, i parlamentari chiedono che nella risoluzione che sar\u00e0 votata in Parlamento la riforma sia &#8220;subordinata&#8221; alla logica del pacchetto. &#8220;In difetto &#8211; hanno aggiunto &#8211; l&#8217;unico ulteriore passaggio che i parlamentari del Movimento 5 Stelle avrebbero per bloccare la riforma del Mes sarebbe durante il voto di ratifica nelle due Camere&#8221;.<\/p>\n<p>\u00a0<\/p>\n<p>I parlamentari di Camera e Senato si riuniranno quindi venerd\u00ec 4 dicembre,\u00a0in vista del Consiglio europeo del 10-11 dicembre, ma anche per discutere proprio della questione Mes. In attesa del voto in Parlamento, il centrodestra ha gi\u00e0 chiarito che voter\u00e0 contro la riforma del Meccanismo di stabilit\u00e0.<\/p>\n<p>\u00a0<\/p>\n<p>\n<!--noindex--><br \/>\n<a href=\"https:\/\/www.tgcom24.mediaset.it\/economia\/m5s-lettera-di-69-parlamentari-a-crimi-e-di-maio-no-alla-riforma-del-mes_26142997-202002a.shtml\" rel=\"nofollow\">Source link <\/a><br \/>\n<!--\/noindex--><\/p>\n","protected":false},"excerpt":{"rendered":"<p>I firmatari della lettera sono:\u00a0Berardini, Berti, Cabras, Cancelleri Azzurra, Carabetta, Colletti, Corda, Costanzo, De Carlo, De Girolamo, De Lorenzis, Di Stasio,. Emiliozzi, Fantinati, Ficara, Forciniti, Frusone, Giuliodori, Grillo, Grimaldi, Invidia, Lombardo, Maniero, Martinciglio, Megna, Olgiati, Parisse, Raduzzi, Rizzo, Romaniello, Sapia, Scanu, Sodano, Spessotto, Suriano, Tuzi, Vallascas, Vianello, Villani, Villarosa, Volpi, Zanichelli. I senatori firmatari sono, [&hellip;]<\/p>\n","protected":false},"author":3,"featured_media":940,"comment_status":"open","ping_status":"open","sticky":false,"template":"","format":"standard","meta":{"footnotes":""},"categories":[1],"tags":[],"class_list":["post-939","post","type-post","status-publish","format-standard","has-post-thumbnail","hentry","category-notizie-finanziarie"],"yoast_head":"<!-- This site is optimized with the Yoast SEO plugin v27.4 - https:\/\/yoast.com\/product\/yoast-seo-wordpress\/ -->\n<title>M5s, lettera di 58 parlamentari a Crimi e Di Maio: &quot;No alla riforma del Mes&quot; - Favorite News<\/title>\n<meta name=\"robots\" content=\"index, follow, max-snippet:-1, max-image-preview:large, max-video-preview:-1\" \/>\n<link rel=\"canonical\" href=\"https:\/\/favorite-news.com\/it\/m5s-lettera-di-58-parlamentari-a-crimi-e-di-maio-no-alla-riforma-del-mes\/\" \/>\n<meta property=\"og:locale\" content=\"it_IT\" \/>\n<meta property=\"og:type\" content=\"article\" \/>\n<meta property=\"og:title\" content=\"M5s, lettera di 58 parlamentari a Crimi e Di Maio: &quot;No alla riforma del Mes&quot; - Favorite News\" \/>\n<meta property=\"og:description\" content=\"I firmatari della lettera sono:\u00a0Berardini, Berti, Cabras, Cancelleri Azzurra, Carabetta, Colletti, Corda, Costanzo, De Carlo, De Girolamo, De Lorenzis, Di Stasio,. Emiliozzi, Fantinati, Ficara, Forciniti, Frusone, Giuliodori, Grillo, Grimaldi, Invidia, Lombardo, Maniero, Martinciglio, Megna, Olgiati, Parisse, Raduzzi, Rizzo, Romaniello, Sapia, Scanu, Sodano, Spessotto, Suriano, Tuzi, Vallascas, Vianello, Villani, Villarosa, Volpi, Zanichelli. I senatori firmatari sono, [&hellip;]\" \/>\n<meta property=\"og:url\" content=\"https:\/\/favorite-news.com\/it\/m5s-lettera-di-58-parlamentari-a-crimi-e-di-maio-no-alla-riforma-del-mes\/\" \/>\n<meta property=\"og:site_name\" content=\"Favorite News\" \/>\n<meta property=\"article:published_time\" content=\"2020-12-02T20:15:51+00:00\" \/>\n<meta property=\"article:modified_time\" content=\"2020-12-02T20:15:54+00:00\" \/>\n<meta property=\"og:image\" content=\"https:\/\/favorite-news.com\/it\/wp-content\/uploads\/sites\/9\/2020\/12\/M5s-lettera-di-58-parlamentari-a-Crimi-e-Di-Maio.jpg\" \/>\n\t<meta property=\"og:image:width\" content=\"1303\" \/>\n\t<meta property=\"og:image:height\" content=\"724\" \/>\n\t<meta property=\"og:image:type\" content=\"image\/jpeg\" \/>\n<meta name=\"author\" content=\"favorite-news\" \/>\n<meta name=\"twitter:card\" content=\"summary_large_image\" \/>\n<meta name=\"twitter:label1\" content=\"Scritto da\" \/>\n\t<meta name=\"twitter:data1\" content=\"favorite-news\" \/>\n\t<meta name=\"twitter:label2\" content=\"Tempo di lettura stimato\" \/>\n\t<meta name=\"twitter:data2\" content=\"2 minuti\" \/>\n<script type=\"application\/ld+json\" class=\"yoast-schema-graph\">{\"@context\":\"https:\\\/\\\/schema.org\",\"@graph\":[{\"@type\":\"Article\",\"@id\":\"https:\\\/\\\/favorite-news.com\\\/it\\\/m5s-lettera-di-58-parlamentari-a-crimi-e-di-maio-no-alla-riforma-del-mes\\\/#article\",\"isPartOf\":{\"@id\":\"https:\\\/\\\/favorite-news.com\\\/it\\\/m5s-lettera-di-58-parlamentari-a-crimi-e-di-maio-no-alla-riforma-del-mes\\\/\"},\"author\":{\"name\":\"favorite-news\",\"@id\":\"https:\\\/\\\/favorite-news.com\\\/it\\\/#\\\/schema\\\/person\\\/4af696433ee608b069a00941a5ebad71\"},\"headline\":\"M5s, lettera di 58 parlamentari a Crimi e Di Maio: &#8220;No alla riforma del Mes&#8221;\",\"datePublished\":\"2020-12-02T20:15:51+00:00\",\"dateModified\":\"2020-12-02T20:15:54+00:00\",\"mainEntityOfPage\":{\"@id\":\"https:\\\/\\\/favorite-news.com\\\/it\\\/m5s-lettera-di-58-parlamentari-a-crimi-e-di-maio-no-alla-riforma-del-mes\\\/\"},\"wordCount\":371,\"commentCount\":0,\"image\":{\"@id\":\"https:\\\/\\\/favorite-news.com\\\/it\\\/m5s-lettera-di-58-parlamentari-a-crimi-e-di-maio-no-alla-riforma-del-mes\\\/#primaryimage\"},\"thumbnailUrl\":\"https:\\\/\\\/favorite-news.com\\\/it\\\/wp-content\\\/uploads\\\/sites\\\/9\\\/2020\\\/12\\\/M5s-lettera-di-58-parlamentari-a-Crimi-e-Di-Maio.jpg\",\"articleSection\":[\"NOTIZIE FINANZIARIE\"],\"inLanguage\":\"it-IT\",\"potentialAction\":[{\"@type\":\"CommentAction\",\"name\":\"Comment\",\"target\":[\"https:\\\/\\\/favorite-news.com\\\/it\\\/m5s-lettera-di-58-parlamentari-a-crimi-e-di-maio-no-alla-riforma-del-mes\\\/#respond\"]}]},{\"@type\":\"WebPage\",\"@id\":\"https:\\\/\\\/favorite-news.com\\\/it\\\/m5s-lettera-di-58-parlamentari-a-crimi-e-di-maio-no-alla-riforma-del-mes\\\/\",\"url\":\"https:\\\/\\\/favorite-news.com\\\/it\\\/m5s-lettera-di-58-parlamentari-a-crimi-e-di-maio-no-alla-riforma-del-mes\\\/\",\"name\":\"M5s, lettera di 58 parlamentari a Crimi e Di Maio: \\\"No alla riforma del Mes\\\" - Favorite News\",\"isPartOf\":{\"@id\":\"https:\\\/\\\/favorite-news.com\\\/it\\\/#website\"},\"primaryImageOfPage\":{\"@id\":\"https:\\\/\\\/favorite-news.com\\\/it\\\/m5s-lettera-di-58-parlamentari-a-crimi-e-di-maio-no-alla-riforma-del-mes\\\/#primaryimage\"},\"image\":{\"@id\":\"https:\\\/\\\/favorite-news.com\\\/it\\\/m5s-lettera-di-58-parlamentari-a-crimi-e-di-maio-no-alla-riforma-del-mes\\\/#primaryimage\"},\"thumbnailUrl\":\"https:\\\/\\\/favorite-news.com\\\/it\\\/wp-content\\\/uploads\\\/sites\\\/9\\\/2020\\\/12\\\/M5s-lettera-di-58-parlamentari-a-Crimi-e-Di-Maio.jpg\",\"datePublished\":\"2020-12-02T20:15:51+00:00\",\"dateModified\":\"2020-12-02T20:15:54+00:00\",\"author\":{\"@id\":\"https:\\\/\\\/favorite-news.com\\\/it\\\/#\\\/schema\\\/person\\\/4af696433ee608b069a00941a5ebad71\"},\"breadcrumb\":{\"@id\":\"https:\\\/\\\/favorite-news.com\\\/it\\\/m5s-lettera-di-58-parlamentari-a-crimi-e-di-maio-no-alla-riforma-del-mes\\\/#breadcrumb\"},\"inLanguage\":\"it-IT\",\"potentialAction\":[{\"@type\":\"ReadAction\",\"target\":[\"https:\\\/\\\/favorite-news.com\\\/it\\\/m5s-lettera-di-58-parlamentari-a-crimi-e-di-maio-no-alla-riforma-del-mes\\\/\"]}]},{\"@type\":\"ImageObject\",\"inLanguage\":\"it-IT\",\"@id\":\"https:\\\/\\\/favorite-news.com\\\/it\\\/m5s-lettera-di-58-parlamentari-a-crimi-e-di-maio-no-alla-riforma-del-mes\\\/#primaryimage\",\"url\":\"https:\\\/\\\/favorite-news.com\\\/it\\\/wp-content\\\/uploads\\\/sites\\\/9\\\/2020\\\/12\\\/M5s-lettera-di-58-parlamentari-a-Crimi-e-Di-Maio.jpg\",\"contentUrl\":\"https:\\\/\\\/favorite-news.com\\\/it\\\/wp-content\\\/uploads\\\/sites\\\/9\\\/2020\\\/12\\\/M5s-lettera-di-58-parlamentari-a-Crimi-e-Di-Maio.jpg\",\"width\":1303,\"height\":724,\"caption\":\"M5s, lettera di 58 parlamentari a Crimi e Di Maio: \\\"No alla riforma del Mes\\\"\"},{\"@type\":\"BreadcrumbList\",\"@id\":\"https:\\\/\\\/favorite-news.com\\\/it\\\/m5s-lettera-di-58-parlamentari-a-crimi-e-di-maio-no-alla-riforma-del-mes\\\/#breadcrumb\",\"itemListElement\":[{\"@type\":\"ListItem\",\"position\":1,\"name\":\"Home\",\"item\":\"https:\\\/\\\/favorite-news.com\\\/it\\\/\"},{\"@type\":\"ListItem\",\"position\":2,\"name\":\"M5s, lettera di 58 parlamentari a Crimi e Di Maio: &#8220;No alla riforma del Mes&#8221;\"}]},{\"@type\":\"WebSite\",\"@id\":\"https:\\\/\\\/favorite-news.com\\\/it\\\/#website\",\"url\":\"https:\\\/\\\/favorite-news.com\\\/it\\\/\",\"name\":\"Favorite News\",\"description\":\"Favorite News Italy\",\"potentialAction\":[{\"@type\":\"SearchAction\",\"target\":{\"@type\":\"EntryPoint\",\"urlTemplate\":\"https:\\\/\\\/favorite-news.com\\\/it\\\/?s={search_term_string}\"},\"query-input\":{\"@type\":\"PropertyValueSpecification\",\"valueRequired\":true,\"valueName\":\"search_term_string\"}}],\"inLanguage\":\"it-IT\"},{\"@type\":\"Person\",\"@id\":\"https:\\\/\\\/favorite-news.com\\\/it\\\/#\\\/schema\\\/person\\\/4af696433ee608b069a00941a5ebad71\",\"name\":\"favorite-news\",\"image\":{\"@type\":\"ImageObject\",\"inLanguage\":\"it-IT\",\"@id\":\"https:\\\/\\\/secure.gravatar.com\\\/avatar\\\/fe82ac988eb26597b9c41957906c398c0cad9b76be843314bfcff51603dc5f4a?s=96&d=mm&r=g\",\"url\":\"https:\\\/\\\/secure.gravatar.com\\\/avatar\\\/fe82ac988eb26597b9c41957906c398c0cad9b76be843314bfcff51603dc5f4a?s=96&d=mm&r=g\",\"contentUrl\":\"https:\\\/\\\/secure.gravatar.com\\\/avatar\\\/fe82ac988eb26597b9c41957906c398c0cad9b76be843314bfcff51603dc5f4a?s=96&d=mm&r=g\",\"caption\":\"favorite-news\"},\"url\":\"https:\\\/\\\/favorite-news.com\\\/it\\\/author\\\/it\\\/\"}]}<\/script>\n<!-- \/ Yoast SEO plugin. -->","yoast_head_json":{"title":"M5s, lettera di 58 parlamentari a Crimi e Di Maio: \"No alla riforma del Mes\" - Favorite News","robots":{"index":"index","follow":"follow","max-snippet":"max-snippet:-1","max-image-preview":"max-image-preview:large","max-video-preview":"max-video-preview:-1"},"canonical":"https:\/\/favorite-news.com\/it\/m5s-lettera-di-58-parlamentari-a-crimi-e-di-maio-no-alla-riforma-del-mes\/","og_locale":"it_IT","og_type":"article","og_title":"M5s, lettera di 58 parlamentari a Crimi e Di Maio: \"No alla riforma del Mes\" - Favorite News","og_description":"I firmatari della lettera sono:\u00a0Berardini, Berti, Cabras, Cancelleri Azzurra, Carabetta, Colletti, Corda, Costanzo, De Carlo, De Girolamo, De Lorenzis, Di Stasio,. Emiliozzi, Fantinati, Ficara, Forciniti, Frusone, Giuliodori, Grillo, Grimaldi, Invidia, Lombardo, Maniero, Martinciglio, Megna, Olgiati, Parisse, Raduzzi, Rizzo, Romaniello, Sapia, Scanu, Sodano, Spessotto, Suriano, Tuzi, Vallascas, Vianello, Villani, Villarosa, Volpi, Zanichelli. I senatori firmatari sono, [&hellip;]","og_url":"https:\/\/favorite-news.com\/it\/m5s-lettera-di-58-parlamentari-a-crimi-e-di-maio-no-alla-riforma-del-mes\/","og_site_name":"Favorite News","article_published_time":"2020-12-02T20:15:51+00:00","article_modified_time":"2020-12-02T20:15:54+00:00","og_image":[{"width":1303,"height":724,"url":"https:\/\/favorite-news.com\/it\/wp-content\/uploads\/sites\/9\/2020\/12\/M5s-lettera-di-58-parlamentari-a-Crimi-e-Di-Maio.jpg","type":"image\/jpeg"}],"author":"favorite-news","twitter_card":"summary_large_image","twitter_misc":{"Scritto da":"favorite-news","Tempo di lettura stimato":"2 minuti"},"schema":{"@context":"https:\/\/schema.org","@graph":[{"@type":"Article","@id":"https:\/\/favorite-news.com\/it\/m5s-lettera-di-58-parlamentari-a-crimi-e-di-maio-no-alla-riforma-del-mes\/#article","isPartOf":{"@id":"https:\/\/favorite-news.com\/it\/m5s-lettera-di-58-parlamentari-a-crimi-e-di-maio-no-alla-riforma-del-mes\/"},"author":{"name":"favorite-news","@id":"https:\/\/favorite-news.com\/it\/#\/schema\/person\/4af696433ee608b069a00941a5ebad71"},"headline":"M5s, lettera di 58 parlamentari a Crimi e Di Maio: &#8220;No alla riforma del Mes&#8221;","datePublished":"2020-12-02T20:15:51+00:00","dateModified":"2020-12-02T20:15:54+00:00","mainEntityOfPage":{"@id":"https:\/\/favorite-news.com\/it\/m5s-lettera-di-58-parlamentari-a-crimi-e-di-maio-no-alla-riforma-del-mes\/"},"wordCount":371,"commentCount":0,"image":{"@id":"https:\/\/favorite-news.com\/it\/m5s-lettera-di-58-parlamentari-a-crimi-e-di-maio-no-alla-riforma-del-mes\/#primaryimage"},"thumbnailUrl":"https:\/\/favorite-news.com\/it\/wp-content\/uploads\/sites\/9\/2020\/12\/M5s-lettera-di-58-parlamentari-a-Crimi-e-Di-Maio.jpg","articleSection":["NOTIZIE FINANZIARIE"],"inLanguage":"it-IT","potentialAction":[{"@type":"CommentAction","name":"Comment","target":["https:\/\/favorite-news.com\/it\/m5s-lettera-di-58-parlamentari-a-crimi-e-di-maio-no-alla-riforma-del-mes\/#respond"]}]},{"@type":"WebPage","@id":"https:\/\/favorite-news.com\/it\/m5s-lettera-di-58-parlamentari-a-crimi-e-di-maio-no-alla-riforma-del-mes\/","url":"https:\/\/favorite-news.com\/it\/m5s-lettera-di-58-parlamentari-a-crimi-e-di-maio-no-alla-riforma-del-mes\/","name":"M5s, lettera di 58 parlamentari a Crimi e Di Maio: \"No alla riforma del Mes\" - Favorite News","isPartOf":{"@id":"https:\/\/favorite-news.com\/it\/#website"},"primaryImageOfPage":{"@id":"https:\/\/favorite-news.com\/it\/m5s-lettera-di-58-parlamentari-a-crimi-e-di-maio-no-alla-riforma-del-mes\/#primaryimage"},"image":{"@id":"https:\/\/favorite-news.com\/it\/m5s-lettera-di-58-parlamentari-a-crimi-e-di-maio-no-alla-riforma-del-mes\/#primaryimage"},"thumbnailUrl":"https:\/\/favorite-news.com\/it\/wp-content\/uploads\/sites\/9\/2020\/12\/M5s-lettera-di-58-parlamentari-a-Crimi-e-Di-Maio.jpg","datePublished":"2020-12-02T20:15:51+00:00","dateModified":"2020-12-02T20:15:54+00:00","author":{"@id":"https:\/\/favorite-news.com\/it\/#\/schema\/person\/4af696433ee608b069a00941a5ebad71"},"breadcrumb":{"@id":"https:\/\/favorite-news.com\/it\/m5s-lettera-di-58-parlamentari-a-crimi-e-di-maio-no-alla-riforma-del-mes\/#breadcrumb"},"inLanguage":"it-IT","potentialAction":[{"@type":"ReadAction","target":["https:\/\/favorite-news.com\/it\/m5s-lettera-di-58-parlamentari-a-crimi-e-di-maio-no-alla-riforma-del-mes\/"]}]},{"@type":"ImageObject","inLanguage":"it-IT","@id":"https:\/\/favorite-news.com\/it\/m5s-lettera-di-58-parlamentari-a-crimi-e-di-maio-no-alla-riforma-del-mes\/#primaryimage","url":"https:\/\/favorite-news.com\/it\/wp-content\/uploads\/sites\/9\/2020\/12\/M5s-lettera-di-58-parlamentari-a-Crimi-e-Di-Maio.jpg","contentUrl":"https:\/\/favorite-news.com\/it\/wp-content\/uploads\/sites\/9\/2020\/12\/M5s-lettera-di-58-parlamentari-a-Crimi-e-Di-Maio.jpg","width":1303,"height":724,"caption":"M5s, lettera di 58 parlamentari a Crimi e Di Maio: \"No alla riforma del Mes\""},{"@type":"BreadcrumbList","@id":"https:\/\/favorite-news.com\/it\/m5s-lettera-di-58-parlamentari-a-crimi-e-di-maio-no-alla-riforma-del-mes\/#breadcrumb","itemListElement":[{"@type":"ListItem","position":1,"name":"Home","item":"https:\/\/favorite-news.com\/it\/"},{"@type":"ListItem","position":2,"name":"M5s, lettera di 58 parlamentari a Crimi e Di Maio: &#8220;No alla riforma del Mes&#8221;"}]},{"@type":"WebSite","@id":"https:\/\/favorite-news.com\/it\/#website","url":"https:\/\/favorite-news.com\/it\/","name":"Favorite News","description":"Favorite News Italy","potentialAction":[{"@type":"SearchAction","target":{"@type":"EntryPoint","urlTemplate":"https:\/\/favorite-news.com\/it\/?s={search_term_string}"},"query-input":{"@type":"PropertyValueSpecification","valueRequired":true,"valueName":"search_term_string"}}],"inLanguage":"it-IT"},{"@type":"Person","@id":"https:\/\/favorite-news.com\/it\/#\/schema\/person\/4af696433ee608b069a00941a5ebad71","name":"favorite-news","image":{"@type":"ImageObject","inLanguage":"it-IT","@id":"https:\/\/secure.gravatar.com\/avatar\/fe82ac988eb26597b9c41957906c398c0cad9b76be843314bfcff51603dc5f4a?s=96&d=mm&r=g","url":"https:\/\/secure.gravatar.com\/avatar\/fe82ac988eb26597b9c41957906c398c0cad9b76be843314bfcff51603dc5f4a?s=96&d=mm&r=g","contentUrl":"https:\/\/secure.gravatar.com\/avatar\/fe82ac988eb26597b9c41957906c398c0cad9b76be843314bfcff51603dc5f4a?s=96&d=mm&r=g","caption":"favorite-news"},"url":"https:\/\/favorite-news.com\/it\/author\/it\/"}]}},"_links":{"self":[{"href":"https:\/\/favorite-news.com\/it\/wp-json\/wp\/v2\/posts\/939","targetHints":{"allow":["GET"]}}],"collection":[{"href":"https:\/\/favorite-news.com\/it\/wp-json\/wp\/v2\/posts"}],"about":[{"href":"https:\/\/favorite-news.com\/it\/wp-json\/wp\/v2\/types\/post"}],"author":[{"embeddable":true,"href":"https:\/\/favorite-news.com\/it\/wp-json\/wp\/v2\/users\/3"}],"replies":[{"embeddable":true,"href":"https:\/\/favorite-news.com\/it\/wp-json\/wp\/v2\/comments?post=939"}],"version-history":[{"count":1,"href":"https:\/\/favorite-news.com\/it\/wp-json\/wp\/v2\/posts\/939\/revisions"}],"predecessor-version":[{"id":941,"href":"https:\/\/favorite-news.com\/it\/wp-json\/wp\/v2\/posts\/939\/revisions\/941"}],"wp:featuredmedia":[{"embeddable":true,"href":"https:\/\/favorite-news.com\/it\/wp-json\/wp\/v2\/media\/940"}],"wp:attachment":[{"href":"https:\/\/favorite-news.com\/it\/wp-json\/wp\/v2\/media?parent=939"}],"wp:term":[{"taxonomy":"category","embeddable":true,"href":"https:\/\/favorite-news.com\/it\/wp-json\/wp\/v2\/categories?post=939"},{"taxonomy":"post_tag","embeddable":true,"href":"https:\/\/favorite-news.com\/it\/wp-json\/wp\/v2\/tags?post=939"}],"curies":[{"name":"wp","href":"https:\/\/api.w.org\/{rel}","templated":true}]}}