{"id":927,"date":"2020-12-01T07:11:05","date_gmt":"2020-12-01T07:11:05","guid":{"rendered":"https:\/\/favorite-news.com\/it\/unicredit-la-d-mustier-lascera-alla-fine-del-mandato-ad-aprile-2021\/"},"modified":"2020-12-01T07:11:08","modified_gmt":"2020-12-01T07:11:08","slug":"unicredit-la-d-mustier-lascera-alla-fine-del-mandato-ad-aprile-2021","status":"publish","type":"post","link":"https:\/\/favorite-news.com\/it\/unicredit-la-d-mustier-lascera-alla-fine-del-mandato-ad-aprile-2021\/","title":{"rendered":"Unicredit, l&#8217;a.d. Mustier lascer\u00e0 alla fine del mandato ad aprile 2021\u00a0"},"content":{"rendered":"<p>\t\t\t\t\t01 dicembre 2020 07:24&#8243;Sono orgoglioso di ci\u00f2 che abbiamo raggiunto e realizzato in cos\u00ec poco tempo&#8221;, ha detto il manager francese. Le nozze con Mps sembrano ora pi\u00f9 facili<\/p>\n<p>\t\t\tL&#8217;addio di Jean Pierre Mustier ad Unicredit si consuma pi\u00f9 rapidamente del previsto. Il campanello l&#8217;ha suonato un consiglio informale di domenica. Dopo di che, tra rumors sui toto-ad e una debacle in Borsa, nel giro di qualche ora si \u00e8 arrivati ai titoli di coda. Un passo indietro pi\u00f9\u00a0morbido e meno cruento rispetto alle dimissioni che furono di Profumo e Ghizzoni che si \u00e8\u00a0consumato nella consapevolezza di un feeling con la banca e il consiglio che via via si \u00e8\u00a0esaurito. E&#8217; lo stesso manager ad ammetterlo. &#8220;Nel corso degli ultimi mesi \u00e8 emerso che la strategia del Piano Team 23 e i suoi pilastri fondanti non sono pi\u00f9 in linea con l&#8217;attuale visione del Cda. Di conseguenza &#8211; sottolinea &#8211; ho preso la decisione di lasciare il Gruppo alla fine del mio mandato ad aprile 2021, in modo da consentire al Consiglio di definire la strategia futura&#8221;.<\/p>\n<p>\u00a0<\/p>\n<p>\u00a0<\/p>\n<p>Una strategia che probabilmente sar\u00e0\u00a0pi\u00f9 conciliante su Mps. Nozze che il gruppo di Piazza Gae Aulenti \u00e8\u00a0l&#8217;unico in grado di digerire anche se bisogna neutralizzare i rischi legali . Certo il Tesoro deve vincere le resistenze di parte del Pd, in particolare toscano, ma anche del Cinque Stelle che non vogliono una fotocopia di Intesa Sanpaolo con le venete. Pentastellati che si sono messi anche di traverso con un emendamento alla Legge di Bilancio per mettere un tetto di 500 milioni alle imposte anticipate trasformabili in crediti fiscali.<\/p>\n<p>\u00a0<\/p>\n<p>Il consolidamento in Italia \u00e8 ormai una realt\u00e0. Lo dimostra l&#8217;opa di Intesa su Ubi e ora quella di Agricole sul pi\u00f9 piccolo Creval. Lo ha capito anche Mustier che per\u00f2\u00a0ha sempre ripetuto come un mantra che nei suoi piani non c&#8217;erano M&amp;A ma piuttosto cedole e buyback. E allora il passo, ora di lato, e da aprile, l&#8217;addio definitivo \u00e8 stato inevitabile.<\/p>\n<p>\u00a0<\/p>\n<p>\u00a0<\/p>\n<p>Della ricerca del nuovo Ceo da inserire nella lista per il nuovo board, si occuper\u00e0\u00a0il presidente designato, Pier Carlo Padoan insieme all&#8217;attuale consiglio. A Mustier non resta che essere &#8220;orgoglioso di ci\u00f2 che&#8221; \u00e8 stato &#8220;raggiunto e di quanto realizzato in cos\u00ec\u00a0poco tempo&#8221; . E a lui arrivano i ringraziamenti dell&#8217;attuale presidente, Cesare Bisoni, anche lui in uscita la prossima primavera. &#8220;Ritengo che UniCredit debba molto a Jean Pierre, che ha preso le redini del Gruppo in un momento molto delicato riuscendo in una straordinaria inversione di tendenza, portando a compimento con successo il Piano Transform 2019 e guidando fermamente il Gruppo attraverso la crisi iniziata con la pandemia del Covid-19&#8221;, sintetizza Bisoni.<\/p>\n<p>Leggi anche<br \/>\n        contenuto sponsorizzato<\/p>\n<p>                                            Enel Green<\/p>\n<p>                                    Basata su utilizzo (e riutilizzo) sostenibile delle risorse, sulla decarbonizzazione e sulla transizione a fonti energetiche rinnovabili, coinvolger\u00e0 anche il settore della mobilit\u00e0 elettrica. Anche grazie al contributo di chi, come Enel, da anni vi investe<\/p>\n<p>&#13;<br \/>\n&#13;<br \/>\n&#13;<br \/>\n&#13;<br \/>\n&#13;<br \/>\n&#13;<br \/>\n&#13;<br \/>\n&#13;<\/p>\n<p>                                scopri di pi\u00f9<\/p>\n<p>                                            Guida alla finanza<\/p>\n<p>                                    Le preoccupazioni sul futuro, in aumento in questi mesi di emergenza sanitaria, fanno lievitare i soldi depositati sui conti. Ecco perch\u00e9 decidere di investirli \u00e8 un buon modo per vedere aumentare il proprio patrimonio nel tempo<\/p>\n<p>&#13;<br \/>\n&#13;<br \/>\n&#13;<br \/>\n&#13;<br \/>\n&#13;<br \/>\n&#13;<br \/>\n&#13;<br \/>\n&#13;<\/p>\n<p>                                scopri di pi\u00f9<\/p>\n<p>                                            Facile.it<\/p>\n<p>                                    Sempre pi\u00f9 italiani optano per questa tipologia di prestito; da luglio a settembre 2020 si \u00e8 cercato di ottenere, in media, 19.464 euro<\/p>\n<p>&#13;<br \/>\n&#13;<br \/>\n&#13;<br \/>\n&#13;<br \/>\n&#13;<br \/>\n&#13;<br \/>\n&#13;<br \/>\n&#13;<\/p>\n<p>                                scopri di pi\u00f9<\/p>\n<p>                                            Audi<\/p>\n<p>                                    Due storie di donne coraggiose raccontate da Sara Rattaro: \u00e8 il progetto con cui Audi ha partecipato alla nona edizione di Bookcity Milano, esprimendo la capacit\u00e0 di alcune persone di diventare un role model. Come la nuova Audi Q2, vero e proprio acceleratore personale<\/p>\n<p>&#13;<br \/>\n&#13;<br \/>\n&#13;<br \/>\n&#13;<br \/>\n&#13;<br \/>\n&#13;<br \/>\n&#13;<br \/>\n&#13;<br \/>\n&#13;<br \/>\n&#13;<\/p>\n<p>                                scopri di pi\u00f9<\/p>\n<p>                                            Immun&#8217;\u00c2ge\u00ae<\/p>\n<p>                                    Sebbene quella della \u201cfonte dell&#8217;eterna giovinezza\u201d sia ovviamente solo una leggenda, la ricerca medica ha fatto passi da gigante, dimostrando l&#8217;efficacia di un particolare composto estratto dalla Papaya<\/p>\n<p>&#13;<br \/>\n&#13;<br \/>\n&#13;<br \/>\n&#13;<br \/>\n&#13;<br \/>\n&#13;<br \/>\n&#13;<br \/>\n&#13;<\/p>\n<p>                                scopri di pi\u00f9<\/p>\n<p>&#13;<br \/>\nLeggi anche<br \/>\n        contenuto sponsorizzato<\/p>\n<p>                                            Enel Green<\/p>\n<p>                                    Basata su utilizzo (e riutilizzo) sostenibile delle risorse, sulla decarbonizzazione e sulla transizione a fonti energetiche rinnovabili, coinvolger\u00e0 anche il settore della mobilit\u00e0 elettrica. Anche grazie al contributo di chi, come Enel, da anni vi investe<\/p>\n<p>&#13;<br \/>\n&#13;<br \/>\n&#13;<br \/>\n&#13;<br \/>\n&#13;<br \/>\n&#13;<br \/>\n&#13;<br \/>\n&#13;<\/p>\n<p>                                scopri di pi\u00f9<\/p>\n<p>                                            Guida alla finanza<\/p>\n<p>                                    Le preoccupazioni sul futuro, in aumento in questi mesi di emergenza sanitaria, fanno lievitare i soldi depositati sui conti. Ecco perch\u00e9 decidere di investirli \u00e8 un buon modo per vedere aumentare il proprio patrimonio nel tempo<\/p>\n<p>&#13;<br \/>\n&#13;<br \/>\n&#13;<br \/>\n&#13;<br \/>\n&#13;<br \/>\n&#13;<br \/>\n&#13;<br \/>\n&#13;<\/p>\n<p>                                scopri di pi\u00f9<\/p>\n<p>                                            Facile.it<\/p>\n<p>                                    Sempre pi\u00f9 italiani optano per questa tipologia di prestito; da luglio a settembre 2020 si \u00e8 cercato di ottenere, in media, 19.464 euro<\/p>\n<p>&#13;<br \/>\n&#13;<br \/>\n&#13;<br \/>\n&#13;<br \/>\n&#13;<br \/>\n&#13;<br \/>\n&#13;<br \/>\n&#13;<\/p>\n<p>                                scopri di pi\u00f9<\/p>\n<p>                                            Audi<\/p>\n<p>                                    Due storie di donne coraggiose raccontate da Sara Rattaro: \u00e8 il progetto con cui Audi ha partecipato alla nona edizione di Bookcity Milano, esprimendo la capacit\u00e0 di alcune persone di diventare un role model. Come la nuova Audi Q2, vero e proprio acceleratore personale<\/p>\n<p>&#13;<br \/>\n&#13;<br \/>\n&#13;<br \/>\n&#13;<br \/>\n&#13;<br \/>\n&#13;<br \/>\n&#13;<br \/>\n&#13;<br \/>\n&#13;<br \/>\n&#13;<\/p>\n<p>                                scopri di pi\u00f9<\/p>\n<p>                                            Immun&#8217;\u00c2ge\u00ae<\/p>\n<p>                                    Sebbene quella della \u201cfonte dell&#8217;eterna giovinezza\u201d sia ovviamente solo una leggenda, la ricerca medica ha fatto passi da gigante, dimostrando l&#8217;efficacia di un particolare composto estratto dalla Papaya<\/p>\n<p>&#13;<br \/>\n&#13;<br \/>\n&#13;<br \/>\n&#13;<br \/>\n&#13;<br \/>\n&#13;<br \/>\n&#13;<br \/>\n&#13;<\/p>\n<p>                                scopri di pi\u00f9<\/p>\n<p>Correlati<br \/>\n\t\t\t\t&#13;<br \/>\n\t\t\t\t\t\t&#13;<br \/>\n&#13;<br \/>\n\t\t\t\t\t\t&#13;<br \/>\n\t\t\t\t\t\t\t\t\t\t\t&#13;<br \/>\n\t\t\t\t\t\t\t\t\tNOTA SULLA SEMESTRALE<br \/>\n\t\t\t\t&#13;<br \/>\n\t\t\t\t&#13;<br \/>\n\t\t\t\t&#13;<br \/>\n\t\t\t\t&#13;<br \/>\n\t\t\t\t\t\t&#13;<br \/>\n&#13;<br \/>\n\t\t\t\t\t\t&#13;<br \/>\n\t\t\t\t\t\t\t\t\t\t\t&#13;<br \/>\n\t\t\t\t\t\t\t\t\tTRIBUNALE DI MILANO<br \/>\n\t\t\t\t&#13;<br \/>\n\t\t\t\t&#13;<br \/>\n\t\t\t\t&#13;<br \/>\n\t\t\t\t&#13;<br \/>\n\t\t\t\t\t\t&#13;<br \/>\n&#13;<br \/>\n\t\t\t\t\t\t&#13;<br \/>\n\t\t\t\t\t\t\t\t\t\t\t&#13;<br \/>\n\t\t\t\t\t\t\t\t\tgi\u00e0\u00a0superata la quota di successo<\/p>\n<p>\n<!--noindex--><br \/>\n<a href=\"https:\/\/www.tgcom24.mediaset.it\/economia\/unicredit-la-d-mustier-lascer-alla-fine-del-mandato-ad-aprile-2021_26076767-202002a.shtml\" rel=\"nofollow\">Source link <\/a><br \/>\n<!--\/noindex--><\/p>\n","protected":false},"excerpt":{"rendered":"<p>01 dicembre 2020 07:24&#8243;Sono orgoglioso di ci\u00f2 che abbiamo raggiunto e realizzato in cos\u00ec poco tempo&#8221;, ha detto il manager francese. Le nozze con Mps sembrano ora pi\u00f9 facili L&#8217;addio di Jean Pierre Mustier ad Unicredit si consuma pi\u00f9 rapidamente del previsto. Il campanello l&#8217;ha suonato un consiglio informale di domenica. Dopo di che, tra [&hellip;]<\/p>\n","protected":false},"author":3,"featured_media":928,"comment_status":"open","ping_status":"open","sticky":false,"template":"","format":"standard","meta":{"footnotes":""},"categories":[1],"tags":[],"class_list":["post-927","post","type-post","status-publish","format-standard","has-post-thumbnail","hentry","category-notizie-finanziarie"],"yoast_head":"<!-- This site is optimized with the Yoast SEO plugin v27.4 - https:\/\/yoast.com\/product\/yoast-seo-wordpress\/ -->\n<title>Unicredit, l&#039;a.d. Mustier lascer\u00e0 alla fine del mandato ad aprile 2021\u00a0 - Favorite News<\/title>\n<meta name=\"robots\" content=\"index, follow, max-snippet:-1, max-image-preview:large, max-video-preview:-1\" \/>\n<link rel=\"canonical\" href=\"https:\/\/favorite-news.com\/it\/unicredit-la-d-mustier-lascera-alla-fine-del-mandato-ad-aprile-2021\/\" \/>\n<meta property=\"og:locale\" content=\"it_IT\" \/>\n<meta property=\"og:type\" content=\"article\" \/>\n<meta property=\"og:title\" content=\"Unicredit, l&#039;a.d. Mustier lascer\u00e0 alla fine del mandato ad aprile 2021\u00a0 - Favorite News\" \/>\n<meta property=\"og:description\" content=\"01 dicembre 2020 07:24&#8243;Sono orgoglioso di ci\u00f2 che abbiamo raggiunto e realizzato in cos\u00ec poco tempo&#8221;, ha detto il manager francese. Le nozze con Mps sembrano ora pi\u00f9 facili L&#8217;addio di Jean Pierre Mustier ad Unicredit si consuma pi\u00f9 rapidamente del previsto. Il campanello l&#8217;ha suonato un consiglio informale di domenica. Dopo di che, tra [&hellip;]\" \/>\n<meta property=\"og:url\" content=\"https:\/\/favorite-news.com\/it\/unicredit-la-d-mustier-lascera-alla-fine-del-mandato-ad-aprile-2021\/\" \/>\n<meta property=\"og:site_name\" content=\"Favorite News\" \/>\n<meta property=\"article:published_time\" content=\"2020-12-01T07:11:05+00:00\" \/>\n<meta property=\"article:modified_time\" content=\"2020-12-01T07:11:08+00:00\" \/>\n<meta property=\"og:image\" content=\"https:\/\/favorite-news.com\/it\/wp-content\/uploads\/sites\/9\/2020\/12\/Unicredit-lad-Mustier-lascera-alla-fine-del-mandato-ad-aprile.jpg\" \/>\n\t<meta property=\"og:image:width\" content=\"1303\" \/>\n\t<meta property=\"og:image:height\" content=\"724\" \/>\n\t<meta property=\"og:image:type\" content=\"image\/jpeg\" \/>\n<meta name=\"author\" content=\"favorite-news\" \/>\n<meta name=\"twitter:card\" content=\"summary_large_image\" \/>\n<meta name=\"twitter:label1\" content=\"Scritto da\" \/>\n\t<meta name=\"twitter:data1\" content=\"favorite-news\" \/>\n\t<meta name=\"twitter:label2\" content=\"Tempo di lettura stimato\" \/>\n\t<meta name=\"twitter:data2\" content=\"4 minuti\" \/>\n<script type=\"application\/ld+json\" class=\"yoast-schema-graph\">{\"@context\":\"https:\\\/\\\/schema.org\",\"@graph\":[{\"@type\":\"Article\",\"@id\":\"https:\\\/\\\/favorite-news.com\\\/it\\\/unicredit-la-d-mustier-lascera-alla-fine-del-mandato-ad-aprile-2021\\\/#article\",\"isPartOf\":{\"@id\":\"https:\\\/\\\/favorite-news.com\\\/it\\\/unicredit-la-d-mustier-lascera-alla-fine-del-mandato-ad-aprile-2021\\\/\"},\"author\":{\"name\":\"favorite-news\",\"@id\":\"https:\\\/\\\/favorite-news.com\\\/it\\\/#\\\/schema\\\/person\\\/4af696433ee608b069a00941a5ebad71\"},\"headline\":\"Unicredit, l&#8217;a.d. Mustier lascer\u00e0 alla fine del mandato ad aprile 2021\u00a0\",\"datePublished\":\"2020-12-01T07:11:05+00:00\",\"dateModified\":\"2020-12-01T07:11:08+00:00\",\"mainEntityOfPage\":{\"@id\":\"https:\\\/\\\/favorite-news.com\\\/it\\\/unicredit-la-d-mustier-lascera-alla-fine-del-mandato-ad-aprile-2021\\\/\"},\"wordCount\":857,\"commentCount\":0,\"image\":{\"@id\":\"https:\\\/\\\/favorite-news.com\\\/it\\\/unicredit-la-d-mustier-lascera-alla-fine-del-mandato-ad-aprile-2021\\\/#primaryimage\"},\"thumbnailUrl\":\"https:\\\/\\\/favorite-news.com\\\/it\\\/wp-content\\\/uploads\\\/sites\\\/9\\\/2020\\\/12\\\/Unicredit-lad-Mustier-lascera-alla-fine-del-mandato-ad-aprile.jpg\",\"articleSection\":[\"NOTIZIE FINANZIARIE\"],\"inLanguage\":\"it-IT\",\"potentialAction\":[{\"@type\":\"CommentAction\",\"name\":\"Comment\",\"target\":[\"https:\\\/\\\/favorite-news.com\\\/it\\\/unicredit-la-d-mustier-lascera-alla-fine-del-mandato-ad-aprile-2021\\\/#respond\"]}]},{\"@type\":\"WebPage\",\"@id\":\"https:\\\/\\\/favorite-news.com\\\/it\\\/unicredit-la-d-mustier-lascera-alla-fine-del-mandato-ad-aprile-2021\\\/\",\"url\":\"https:\\\/\\\/favorite-news.com\\\/it\\\/unicredit-la-d-mustier-lascera-alla-fine-del-mandato-ad-aprile-2021\\\/\",\"name\":\"Unicredit, l'a.d. Mustier lascer\u00e0 alla fine del mandato ad aprile 2021\u00a0 - Favorite News\",\"isPartOf\":{\"@id\":\"https:\\\/\\\/favorite-news.com\\\/it\\\/#website\"},\"primaryImageOfPage\":{\"@id\":\"https:\\\/\\\/favorite-news.com\\\/it\\\/unicredit-la-d-mustier-lascera-alla-fine-del-mandato-ad-aprile-2021\\\/#primaryimage\"},\"image\":{\"@id\":\"https:\\\/\\\/favorite-news.com\\\/it\\\/unicredit-la-d-mustier-lascera-alla-fine-del-mandato-ad-aprile-2021\\\/#primaryimage\"},\"thumbnailUrl\":\"https:\\\/\\\/favorite-news.com\\\/it\\\/wp-content\\\/uploads\\\/sites\\\/9\\\/2020\\\/12\\\/Unicredit-lad-Mustier-lascera-alla-fine-del-mandato-ad-aprile.jpg\",\"datePublished\":\"2020-12-01T07:11:05+00:00\",\"dateModified\":\"2020-12-01T07:11:08+00:00\",\"author\":{\"@id\":\"https:\\\/\\\/favorite-news.com\\\/it\\\/#\\\/schema\\\/person\\\/4af696433ee608b069a00941a5ebad71\"},\"breadcrumb\":{\"@id\":\"https:\\\/\\\/favorite-news.com\\\/it\\\/unicredit-la-d-mustier-lascera-alla-fine-del-mandato-ad-aprile-2021\\\/#breadcrumb\"},\"inLanguage\":\"it-IT\",\"potentialAction\":[{\"@type\":\"ReadAction\",\"target\":[\"https:\\\/\\\/favorite-news.com\\\/it\\\/unicredit-la-d-mustier-lascera-alla-fine-del-mandato-ad-aprile-2021\\\/\"]}]},{\"@type\":\"ImageObject\",\"inLanguage\":\"it-IT\",\"@id\":\"https:\\\/\\\/favorite-news.com\\\/it\\\/unicredit-la-d-mustier-lascera-alla-fine-del-mandato-ad-aprile-2021\\\/#primaryimage\",\"url\":\"https:\\\/\\\/favorite-news.com\\\/it\\\/wp-content\\\/uploads\\\/sites\\\/9\\\/2020\\\/12\\\/Unicredit-lad-Mustier-lascera-alla-fine-del-mandato-ad-aprile.jpg\",\"contentUrl\":\"https:\\\/\\\/favorite-news.com\\\/it\\\/wp-content\\\/uploads\\\/sites\\\/9\\\/2020\\\/12\\\/Unicredit-lad-Mustier-lascera-alla-fine-del-mandato-ad-aprile.jpg\",\"width\":1303,\"height\":724,\"caption\":\"Unicredit, l'a.d. Mustier lascer\u00e0 alla fine del mandato ad aprile 2021\u00a0\"},{\"@type\":\"BreadcrumbList\",\"@id\":\"https:\\\/\\\/favorite-news.com\\\/it\\\/unicredit-la-d-mustier-lascera-alla-fine-del-mandato-ad-aprile-2021\\\/#breadcrumb\",\"itemListElement\":[{\"@type\":\"ListItem\",\"position\":1,\"name\":\"Home\",\"item\":\"https:\\\/\\\/favorite-news.com\\\/it\\\/\"},{\"@type\":\"ListItem\",\"position\":2,\"name\":\"Unicredit, l&#8217;a.d. Mustier lascer\u00e0 alla fine del mandato ad aprile 2021\u00a0\"}]},{\"@type\":\"WebSite\",\"@id\":\"https:\\\/\\\/favorite-news.com\\\/it\\\/#website\",\"url\":\"https:\\\/\\\/favorite-news.com\\\/it\\\/\",\"name\":\"Favorite News\",\"description\":\"Favorite News Italy\",\"potentialAction\":[{\"@type\":\"SearchAction\",\"target\":{\"@type\":\"EntryPoint\",\"urlTemplate\":\"https:\\\/\\\/favorite-news.com\\\/it\\\/?s={search_term_string}\"},\"query-input\":{\"@type\":\"PropertyValueSpecification\",\"valueRequired\":true,\"valueName\":\"search_term_string\"}}],\"inLanguage\":\"it-IT\"},{\"@type\":\"Person\",\"@id\":\"https:\\\/\\\/favorite-news.com\\\/it\\\/#\\\/schema\\\/person\\\/4af696433ee608b069a00941a5ebad71\",\"name\":\"favorite-news\",\"image\":{\"@type\":\"ImageObject\",\"inLanguage\":\"it-IT\",\"@id\":\"https:\\\/\\\/secure.gravatar.com\\\/avatar\\\/fe82ac988eb26597b9c41957906c398c0cad9b76be843314bfcff51603dc5f4a?s=96&d=mm&r=g\",\"url\":\"https:\\\/\\\/secure.gravatar.com\\\/avatar\\\/fe82ac988eb26597b9c41957906c398c0cad9b76be843314bfcff51603dc5f4a?s=96&d=mm&r=g\",\"contentUrl\":\"https:\\\/\\\/secure.gravatar.com\\\/avatar\\\/fe82ac988eb26597b9c41957906c398c0cad9b76be843314bfcff51603dc5f4a?s=96&d=mm&r=g\",\"caption\":\"favorite-news\"},\"url\":\"https:\\\/\\\/favorite-news.com\\\/it\\\/author\\\/it\\\/\"}]}<\/script>\n<!-- \/ Yoast SEO plugin. -->","yoast_head_json":{"title":"Unicredit, l'a.d. Mustier lascer\u00e0 alla fine del mandato ad aprile 2021\u00a0 - Favorite News","robots":{"index":"index","follow":"follow","max-snippet":"max-snippet:-1","max-image-preview":"max-image-preview:large","max-video-preview":"max-video-preview:-1"},"canonical":"https:\/\/favorite-news.com\/it\/unicredit-la-d-mustier-lascera-alla-fine-del-mandato-ad-aprile-2021\/","og_locale":"it_IT","og_type":"article","og_title":"Unicredit, l'a.d. Mustier lascer\u00e0 alla fine del mandato ad aprile 2021\u00a0 - Favorite News","og_description":"01 dicembre 2020 07:24&#8243;Sono orgoglioso di ci\u00f2 che abbiamo raggiunto e realizzato in cos\u00ec poco tempo&#8221;, ha detto il manager francese. Le nozze con Mps sembrano ora pi\u00f9 facili L&#8217;addio di Jean Pierre Mustier ad Unicredit si consuma pi\u00f9 rapidamente del previsto. Il campanello l&#8217;ha suonato un consiglio informale di domenica. Dopo di che, tra [&hellip;]","og_url":"https:\/\/favorite-news.com\/it\/unicredit-la-d-mustier-lascera-alla-fine-del-mandato-ad-aprile-2021\/","og_site_name":"Favorite News","article_published_time":"2020-12-01T07:11:05+00:00","article_modified_time":"2020-12-01T07:11:08+00:00","og_image":[{"width":1303,"height":724,"url":"https:\/\/favorite-news.com\/it\/wp-content\/uploads\/sites\/9\/2020\/12\/Unicredit-lad-Mustier-lascera-alla-fine-del-mandato-ad-aprile.jpg","type":"image\/jpeg"}],"author":"favorite-news","twitter_card":"summary_large_image","twitter_misc":{"Scritto da":"favorite-news","Tempo di lettura stimato":"4 minuti"},"schema":{"@context":"https:\/\/schema.org","@graph":[{"@type":"Article","@id":"https:\/\/favorite-news.com\/it\/unicredit-la-d-mustier-lascera-alla-fine-del-mandato-ad-aprile-2021\/#article","isPartOf":{"@id":"https:\/\/favorite-news.com\/it\/unicredit-la-d-mustier-lascera-alla-fine-del-mandato-ad-aprile-2021\/"},"author":{"name":"favorite-news","@id":"https:\/\/favorite-news.com\/it\/#\/schema\/person\/4af696433ee608b069a00941a5ebad71"},"headline":"Unicredit, l&#8217;a.d. Mustier lascer\u00e0 alla fine del mandato ad aprile 2021\u00a0","datePublished":"2020-12-01T07:11:05+00:00","dateModified":"2020-12-01T07:11:08+00:00","mainEntityOfPage":{"@id":"https:\/\/favorite-news.com\/it\/unicredit-la-d-mustier-lascera-alla-fine-del-mandato-ad-aprile-2021\/"},"wordCount":857,"commentCount":0,"image":{"@id":"https:\/\/favorite-news.com\/it\/unicredit-la-d-mustier-lascera-alla-fine-del-mandato-ad-aprile-2021\/#primaryimage"},"thumbnailUrl":"https:\/\/favorite-news.com\/it\/wp-content\/uploads\/sites\/9\/2020\/12\/Unicredit-lad-Mustier-lascera-alla-fine-del-mandato-ad-aprile.jpg","articleSection":["NOTIZIE FINANZIARIE"],"inLanguage":"it-IT","potentialAction":[{"@type":"CommentAction","name":"Comment","target":["https:\/\/favorite-news.com\/it\/unicredit-la-d-mustier-lascera-alla-fine-del-mandato-ad-aprile-2021\/#respond"]}]},{"@type":"WebPage","@id":"https:\/\/favorite-news.com\/it\/unicredit-la-d-mustier-lascera-alla-fine-del-mandato-ad-aprile-2021\/","url":"https:\/\/favorite-news.com\/it\/unicredit-la-d-mustier-lascera-alla-fine-del-mandato-ad-aprile-2021\/","name":"Unicredit, l'a.d. Mustier lascer\u00e0 alla fine del mandato ad aprile 2021\u00a0 - Favorite News","isPartOf":{"@id":"https:\/\/favorite-news.com\/it\/#website"},"primaryImageOfPage":{"@id":"https:\/\/favorite-news.com\/it\/unicredit-la-d-mustier-lascera-alla-fine-del-mandato-ad-aprile-2021\/#primaryimage"},"image":{"@id":"https:\/\/favorite-news.com\/it\/unicredit-la-d-mustier-lascera-alla-fine-del-mandato-ad-aprile-2021\/#primaryimage"},"thumbnailUrl":"https:\/\/favorite-news.com\/it\/wp-content\/uploads\/sites\/9\/2020\/12\/Unicredit-lad-Mustier-lascera-alla-fine-del-mandato-ad-aprile.jpg","datePublished":"2020-12-01T07:11:05+00:00","dateModified":"2020-12-01T07:11:08+00:00","author":{"@id":"https:\/\/favorite-news.com\/it\/#\/schema\/person\/4af696433ee608b069a00941a5ebad71"},"breadcrumb":{"@id":"https:\/\/favorite-news.com\/it\/unicredit-la-d-mustier-lascera-alla-fine-del-mandato-ad-aprile-2021\/#breadcrumb"},"inLanguage":"it-IT","potentialAction":[{"@type":"ReadAction","target":["https:\/\/favorite-news.com\/it\/unicredit-la-d-mustier-lascera-alla-fine-del-mandato-ad-aprile-2021\/"]}]},{"@type":"ImageObject","inLanguage":"it-IT","@id":"https:\/\/favorite-news.com\/it\/unicredit-la-d-mustier-lascera-alla-fine-del-mandato-ad-aprile-2021\/#primaryimage","url":"https:\/\/favorite-news.com\/it\/wp-content\/uploads\/sites\/9\/2020\/12\/Unicredit-lad-Mustier-lascera-alla-fine-del-mandato-ad-aprile.jpg","contentUrl":"https:\/\/favorite-news.com\/it\/wp-content\/uploads\/sites\/9\/2020\/12\/Unicredit-lad-Mustier-lascera-alla-fine-del-mandato-ad-aprile.jpg","width":1303,"height":724,"caption":"Unicredit, l'a.d. Mustier lascer\u00e0 alla fine del mandato ad aprile 2021\u00a0"},{"@type":"BreadcrumbList","@id":"https:\/\/favorite-news.com\/it\/unicredit-la-d-mustier-lascera-alla-fine-del-mandato-ad-aprile-2021\/#breadcrumb","itemListElement":[{"@type":"ListItem","position":1,"name":"Home","item":"https:\/\/favorite-news.com\/it\/"},{"@type":"ListItem","position":2,"name":"Unicredit, l&#8217;a.d. Mustier lascer\u00e0 alla fine del mandato ad aprile 2021\u00a0"}]},{"@type":"WebSite","@id":"https:\/\/favorite-news.com\/it\/#website","url":"https:\/\/favorite-news.com\/it\/","name":"Favorite News","description":"Favorite News Italy","potentialAction":[{"@type":"SearchAction","target":{"@type":"EntryPoint","urlTemplate":"https:\/\/favorite-news.com\/it\/?s={search_term_string}"},"query-input":{"@type":"PropertyValueSpecification","valueRequired":true,"valueName":"search_term_string"}}],"inLanguage":"it-IT"},{"@type":"Person","@id":"https:\/\/favorite-news.com\/it\/#\/schema\/person\/4af696433ee608b069a00941a5ebad71","name":"favorite-news","image":{"@type":"ImageObject","inLanguage":"it-IT","@id":"https:\/\/secure.gravatar.com\/avatar\/fe82ac988eb26597b9c41957906c398c0cad9b76be843314bfcff51603dc5f4a?s=96&d=mm&r=g","url":"https:\/\/secure.gravatar.com\/avatar\/fe82ac988eb26597b9c41957906c398c0cad9b76be843314bfcff51603dc5f4a?s=96&d=mm&r=g","contentUrl":"https:\/\/secure.gravatar.com\/avatar\/fe82ac988eb26597b9c41957906c398c0cad9b76be843314bfcff51603dc5f4a?s=96&d=mm&r=g","caption":"favorite-news"},"url":"https:\/\/favorite-news.com\/it\/author\/it\/"}]}},"_links":{"self":[{"href":"https:\/\/favorite-news.com\/it\/wp-json\/wp\/v2\/posts\/927","targetHints":{"allow":["GET"]}}],"collection":[{"href":"https:\/\/favorite-news.com\/it\/wp-json\/wp\/v2\/posts"}],"about":[{"href":"https:\/\/favorite-news.com\/it\/wp-json\/wp\/v2\/types\/post"}],"author":[{"embeddable":true,"href":"https:\/\/favorite-news.com\/it\/wp-json\/wp\/v2\/users\/3"}],"replies":[{"embeddable":true,"href":"https:\/\/favorite-news.com\/it\/wp-json\/wp\/v2\/comments?post=927"}],"version-history":[{"count":1,"href":"https:\/\/favorite-news.com\/it\/wp-json\/wp\/v2\/posts\/927\/revisions"}],"predecessor-version":[{"id":929,"href":"https:\/\/favorite-news.com\/it\/wp-json\/wp\/v2\/posts\/927\/revisions\/929"}],"wp:featuredmedia":[{"embeddable":true,"href":"https:\/\/favorite-news.com\/it\/wp-json\/wp\/v2\/media\/928"}],"wp:attachment":[{"href":"https:\/\/favorite-news.com\/it\/wp-json\/wp\/v2\/media?parent=927"}],"wp:term":[{"taxonomy":"category","embeddable":true,"href":"https:\/\/favorite-news.com\/it\/wp-json\/wp\/v2\/categories?post=927"},{"taxonomy":"post_tag","embeddable":true,"href":"https:\/\/favorite-news.com\/it\/wp-json\/wp\/v2\/tags?post=927"}],"curies":[{"name":"wp","href":"https:\/\/api.w.org\/{rel}","templated":true}]}}