{"id":1595,"date":"2021-03-21T11:37:57","date_gmt":"2021-03-21T11:37:57","guid":{"rendered":"https:\/\/favorite-news.com\/it\/dl-sostegni-partite-iva-e-imprese-protestano-si-ai-nuovi-criteri-ma-le-risorse-non-bastano\/"},"modified":"2021-03-21T11:38:01","modified_gmt":"2021-03-21T11:38:01","slug":"dl-sostegni-partite-iva-e-imprese-protestano-si-ai-nuovi-criteri-ma-le-risorse-non-bastano","status":"publish","type":"post","link":"https:\/\/favorite-news.com\/it\/dl-sostegni-partite-iva-e-imprese-protestano-si-ai-nuovi-criteri-ma-le-risorse-non-bastano\/","title":{"rendered":"Dl Sostegni, partite Iva e imprese protestano: &#8220;S\u00ec ai nuovi criteri, ma le risorse non bastano&#8221;"},"content":{"rendered":"<p>\t\t&#13;<br \/>\n\t\t\t\t\t21 marzo 2021 04:04&#13;<br \/>\n&#13;<br \/>\n\t\t\tForti critiche, tra gli altri, arrivano da parte di Confcommercio e Assoturismo Confesercenti&#13;<\/p>\n<p>\t\t\tDello stesso parere di Sangalli \u00e8 Vittorio Messina, presidente di Assoturismo Confesercenti: &#8220;Le attivit\u00e0 del turismo sono ferme ormai da un anno, senza sostegni adeguati non potremo pi\u00f9 riaprire. Ci aspettavamo molto di pi\u00f9&#8221;. Intanto la Cgia, nella nota del weekend, ha spiegato che i fondi, a copertura delle perdite della seconda ondata, arriveranno &#8220;con almeno tre mesi e mezzo di ritardo&#8221;.<\/p>\n<p>\u00a0<\/p>\n<p>\u00a0<\/p>\n<p>\u00a0<\/p>\n<p>Le proteste di professionisti e partite Iva &#8211; Sono molte le\u00a0associazioni di lavoratori a considerare &#8220;insufficienti&#8221; le risorse stanziate dal dl Sostegni. &#8220;Le partite Iva sono state escluse ingiustamente dai ristori l\u2019anno scorso e ora ci troviamo nella situazione in cui\u00a0alcuni soggetti hanno preso doppi e tripli ristori\u00a0mentre gli autonomi rimangono solo con questo sostegno&#8221;, ha detto Emiliana Alessandrucci, presidente del Colap, associazione che rappresenta i lavoratori autonomi. Per molte microimprese che non sono rientrate tra i beneficiari degli aiuti pubblici questo contributo, che\u00a0sar\u00e0 intorno ai mille euro, &#8220;risulta assolutamente iniquo&#8221;.\u00a0\u00a0<\/p>\n<p>\u00a0<\/p>\n<p>\u00a0<\/p>\n<p>Il settore del catering &#8211; Profonda delusione \u00e8 anche espressa dagli occupati nel settore dei catering, che ritengono totalmente insufficiente quanto previsto dal decreto a fronte di aziende rimaste ferme per un anno e con una perdita di fatturato del 90%.<\/p>\n<p>\u00a0<\/p>\n<p>\u00a0<\/p>\n<p>Il bonus e l&#8217;esclusione dai ristori\u00a0&#8211; Come riporta il Corriere della Sera, questa tornata di aiuti ai lavoratori autonomi e professionisti avrebbe dovuto sanare l&#8217;esclusione subita lo scorso anno. Nel 2020 infatti partite Iva e professionisti ordinistici hanno ricevuto\u00a0solo un bonus una tantum\u00a0e sono stati esclusi da tutti i contributi a fondo perduto.<\/p>\n<p>Leggi anche&#13;<br \/>\n        contenuto sponsorizzato&#13;<\/p>\n<p>                    &#13;<br \/>\n                                                &#13;<br \/>\n&#13;<br \/>\n                                            Cura Alopecia&#13;<br \/>\n                                        &#13;<br \/>\n                                    &#13;<br \/>\n                                 La calvizie colpisce l&#8217;80% degli uomini e il 50% delle donne. Esiste un rimedio: l&#8217;autotrapianto di capelli.\u00a0  &#13;<br \/>\n                                    &#13;<br \/>\n                                    &#13;<br \/>\n&#13;<br \/>\n&#13;<br \/>\n&#13;<br \/>\n&#13;<br \/>\n&#13;<br \/>\n&#13;<br \/>\n&#13;<br \/>\n&#13;<br \/>\n&#13;<br \/>\n&#13;<br \/>\n                                scopri di pi\u00f9&#13;<\/p>\n<p>                    &#13;<br \/>\n                                                &#13;<br \/>\n&#13;<br \/>\n                                            Italian Exhibition Group&#13;<br \/>\n                                        &#13;<br \/>\n                                    &#13;<br \/>\n                                 I mercati della ristorazione e del dolciario artigianale trovano in Italian Exhibition Group il partner ideale per affrontare il cambiamento. In attesa delle edizioni fisiche del 2022, le fiere Sigep e Beer&amp;Food Attraction fanno incontrare in piattaforma digitale aziende e buyers di tutto il pianeta  &#13;<br \/>\n                                    &#13;<br \/>\n                                    &#13;<br \/>\n&#13;<br \/>\n&#13;<br \/>\n&#13;<br \/>\n&#13;<br \/>\n&#13;<br \/>\n&#13;<br \/>\n&#13;<br \/>\n&#13;<br \/>\n&#13;<br \/>\n&#13;<br \/>\n                                scopri di pi\u00f9&#13;<\/p>\n<p>    &#13;<br \/>\n&#13;<br \/>\n&#13;<br \/>\nLeggi anche&#13;<br \/>\n        contenuto sponsorizzato&#13;<\/p>\n<p>                    &#13;<br \/>\n                                                &#13;<br \/>\n&#13;<br \/>\n                                            Cura Alopecia&#13;<br \/>\n                                        &#13;<br \/>\n                                    &#13;<br \/>\n                                 La calvizie colpisce l&#8217;80% degli uomini e il 50% delle donne. Esiste un rimedio: l&#8217;autotrapianto di capelli.\u00a0  &#13;<br \/>\n                                    &#13;<br \/>\n                                    &#13;<br \/>\n&#13;<br \/>\n&#13;<br \/>\n&#13;<br \/>\n&#13;<br \/>\n&#13;<br \/>\n&#13;<br \/>\n&#13;<br \/>\n&#13;<br \/>\n&#13;<br \/>\n&#13;<br \/>\n                                scopri di pi\u00f9&#13;<\/p>\n<p>                    &#13;<br \/>\n                                                &#13;<br \/>\n&#13;<br \/>\n                                            Italian Exhibition Group&#13;<br \/>\n                                        &#13;<br \/>\n                                    &#13;<br \/>\n                                 I mercati della ristorazione e del dolciario artigianale trovano in Italian Exhibition Group il partner ideale per affrontare il cambiamento. In attesa delle edizioni fisiche del 2022, le fiere Sigep e Beer&amp;Food Attraction fanno incontrare in piattaforma digitale aziende e buyers di tutto il pianeta  &#13;<br \/>\n                                    &#13;<br \/>\n                                    &#13;<br \/>\n&#13;<br \/>\n&#13;<br \/>\n&#13;<br \/>\n&#13;<br \/>\n&#13;<br \/>\n&#13;<br \/>\n&#13;<br \/>\n&#13;<br \/>\n&#13;<br \/>\n&#13;<br \/>\n                                scopri di pi\u00f9&#13;<\/p>\n<p>    &#13;<br \/>\n&#13;<br \/>\nCorrelati&#13;<br \/>\n\t\t\t\t&#13;<br \/>\n\t\t\t\t\t\t&#13;<br \/>\n&#13;<br \/>\n\t\t\t\t\t\t&#13;<br \/>\n\t\t\t\t\t\t\t\t\t\t\t&#13;<br \/>\n\t\t\t\t\t\t\t\t\tfare in fretta&#13;<br \/>\n\t\t\t\t&#13;<br \/>\n\t\t\t\t&#13;<br \/>\n\t\t\t\t&#13;<br \/>\n\t\t\t\t&#13;<br \/>\n\t\t\t\t\t\t&#13;<br \/>\n&#13;<br \/>\n\t\t\t\t\t\t&#13;<br \/>\n\t\t\t\t\t\t\t\t\t\t\t&#13;<br \/>\n\t\t\t\t\t\t\t\t\tVIA LIBERA&#13;<br \/>\n\t\t\t\t&#13;<br \/>\n\t\t\t\t&#13;<br \/>\n\t\t\t\t&#13;<br \/>\n\t\t\t\t&#13;<br \/>\n\t\t\t\t\t\t&#13;<br \/>\n&#13;<br \/>\n\t\t\t\t\t\t&#13;<br \/>\n\t\t\t\t\t\t\t\t\t\t\t&#13;<br \/>\n\t\t\t\t\t\t\t\t\tCAMPANIA RESTA ROSSA&#13;<br \/>\n\t\t\t\t&#13;<br \/>\n\t\t\t\t&#13;<br \/>\n\t\t\t\t&#13;<br \/>\n\t\t\t\t&#13;<br \/>\n\t\t\t\t\t\t&#13;<br \/>\n&#13;<br \/>\n\t\t\t\t\t\t&#13;<br \/>\n\t\t\t\t\t\t\t\t\t\t\t&#13;<br \/>\n\t\t\t\t\t\t\t\t\tla giornata in tempo reale&#13;<\/p>\n<p>\n<!--noindex--><br \/>\n<a href=\"https:\/\/www.tgcom24.mediaset.it\/economia\/dl-sostegni-partite-iva-e-imprese-protestano-s-ai-nuovi-criteri-ma-le-risorse-non-bastano_30043779-202102k.shtml\" rel=\"nofollow\">Source link <\/a><br \/>\n<!--\/noindex--><\/p>\n","protected":false},"excerpt":{"rendered":"<p>&#13; 21 marzo 2021 04:04&#13; &#13; Forti critiche, tra gli altri, arrivano da parte di Confcommercio e Assoturismo Confesercenti&#13; Dello stesso parere di Sangalli \u00e8 Vittorio Messina, presidente di Assoturismo Confesercenti: &#8220;Le attivit\u00e0 del turismo sono ferme ormai da un anno, senza sostegni adeguati non potremo pi\u00f9 riaprire. Ci aspettavamo molto di pi\u00f9&#8221;. Intanto la [&hellip;]<\/p>\n","protected":false},"author":3,"featured_media":1596,"comment_status":"open","ping_status":"open","sticky":false,"template":"","format":"standard","meta":{"footnotes":""},"categories":[1],"tags":[],"class_list":["post-1595","post","type-post","status-publish","format-standard","has-post-thumbnail","hentry","category-notizie-finanziarie"],"yoast_head":"<!-- This site is optimized with the Yoast SEO plugin v27.4 - https:\/\/yoast.com\/product\/yoast-seo-wordpress\/ -->\n<title>Dl Sostegni, partite Iva e imprese protestano: &quot;S\u00ec ai nuovi criteri, ma le risorse non bastano&quot; - Favorite News<\/title>\n<meta name=\"robots\" content=\"index, follow, max-snippet:-1, max-image-preview:large, max-video-preview:-1\" \/>\n<link rel=\"canonical\" href=\"https:\/\/favorite-news.com\/it\/dl-sostegni-partite-iva-e-imprese-protestano-si-ai-nuovi-criteri-ma-le-risorse-non-bastano\/\" \/>\n<meta property=\"og:locale\" content=\"it_IT\" \/>\n<meta property=\"og:type\" content=\"article\" \/>\n<meta property=\"og:title\" content=\"Dl Sostegni, partite Iva e imprese protestano: &quot;S\u00ec ai nuovi criteri, ma le risorse non bastano&quot; - Favorite News\" \/>\n<meta property=\"og:description\" content=\"&#013; 21 marzo 2021 04:04&#013; &#013; Forti critiche, tra gli altri, arrivano da parte di Confcommercio e Assoturismo Confesercenti&#013; Dello stesso parere di Sangalli \u00e8 Vittorio Messina, presidente di Assoturismo Confesercenti: &#8220;Le attivit\u00e0 del turismo sono ferme ormai da un anno, senza sostegni adeguati non potremo pi\u00f9 riaprire. Ci aspettavamo molto di pi\u00f9&#8221;. Intanto la [&hellip;]\" \/>\n<meta property=\"og:url\" content=\"https:\/\/favorite-news.com\/it\/dl-sostegni-partite-iva-e-imprese-protestano-si-ai-nuovi-criteri-ma-le-risorse-non-bastano\/\" \/>\n<meta property=\"og:site_name\" content=\"Favorite News\" \/>\n<meta property=\"article:published_time\" content=\"2021-03-21T11:37:57+00:00\" \/>\n<meta property=\"article:modified_time\" content=\"2021-03-21T11:38:01+00:00\" \/>\n<meta property=\"og:image\" content=\"https:\/\/favorite-news.com\/it\/wp-content\/uploads\/sites\/9\/2021\/03\/Dl-Sostegni-partite-Iva-e-imprese-protestano-Si-ai-nuovi.jpg\" \/>\n\t<meta property=\"og:image:width\" content=\"1303\" \/>\n\t<meta property=\"og:image:height\" content=\"724\" \/>\n\t<meta property=\"og:image:type\" content=\"image\/jpeg\" \/>\n<meta name=\"author\" content=\"favorite-news\" \/>\n<meta name=\"twitter:card\" content=\"summary_large_image\" \/>\n<meta name=\"twitter:label1\" content=\"Scritto da\" \/>\n\t<meta name=\"twitter:data1\" content=\"favorite-news\" \/>\n\t<meta name=\"twitter:label2\" content=\"Tempo di lettura stimato\" \/>\n\t<meta name=\"twitter:data2\" content=\"2 minuti\" \/>\n<script type=\"application\/ld+json\" class=\"yoast-schema-graph\">{\"@context\":\"https:\\\/\\\/schema.org\",\"@graph\":[{\"@type\":\"Article\",\"@id\":\"https:\\\/\\\/favorite-news.com\\\/it\\\/dl-sostegni-partite-iva-e-imprese-protestano-si-ai-nuovi-criteri-ma-le-risorse-non-bastano\\\/#article\",\"isPartOf\":{\"@id\":\"https:\\\/\\\/favorite-news.com\\\/it\\\/dl-sostegni-partite-iva-e-imprese-protestano-si-ai-nuovi-criteri-ma-le-risorse-non-bastano\\\/\"},\"author\":{\"name\":\"favorite-news\",\"@id\":\"https:\\\/\\\/favorite-news.com\\\/it\\\/#\\\/schema\\\/person\\\/4af696433ee608b069a00941a5ebad71\"},\"headline\":\"Dl Sostegni, partite Iva e imprese protestano: &#8220;S\u00ec ai nuovi criteri, ma le risorse non bastano&#8221;\",\"datePublished\":\"2021-03-21T11:37:57+00:00\",\"dateModified\":\"2021-03-21T11:38:01+00:00\",\"mainEntityOfPage\":{\"@id\":\"https:\\\/\\\/favorite-news.com\\\/it\\\/dl-sostegni-partite-iva-e-imprese-protestano-si-ai-nuovi-criteri-ma-le-risorse-non-bastano\\\/\"},\"wordCount\":455,\"commentCount\":0,\"image\":{\"@id\":\"https:\\\/\\\/favorite-news.com\\\/it\\\/dl-sostegni-partite-iva-e-imprese-protestano-si-ai-nuovi-criteri-ma-le-risorse-non-bastano\\\/#primaryimage\"},\"thumbnailUrl\":\"https:\\\/\\\/favorite-news.com\\\/it\\\/wp-content\\\/uploads\\\/sites\\\/9\\\/2021\\\/03\\\/Dl-Sostegni-partite-Iva-e-imprese-protestano-Si-ai-nuovi.jpg\",\"articleSection\":[\"NOTIZIE FINANZIARIE\"],\"inLanguage\":\"it-IT\",\"potentialAction\":[{\"@type\":\"CommentAction\",\"name\":\"Comment\",\"target\":[\"https:\\\/\\\/favorite-news.com\\\/it\\\/dl-sostegni-partite-iva-e-imprese-protestano-si-ai-nuovi-criteri-ma-le-risorse-non-bastano\\\/#respond\"]}]},{\"@type\":\"WebPage\",\"@id\":\"https:\\\/\\\/favorite-news.com\\\/it\\\/dl-sostegni-partite-iva-e-imprese-protestano-si-ai-nuovi-criteri-ma-le-risorse-non-bastano\\\/\",\"url\":\"https:\\\/\\\/favorite-news.com\\\/it\\\/dl-sostegni-partite-iva-e-imprese-protestano-si-ai-nuovi-criteri-ma-le-risorse-non-bastano\\\/\",\"name\":\"Dl Sostegni, partite Iva e imprese protestano: \\\"S\u00ec ai nuovi criteri, ma le risorse non bastano\\\" - Favorite News\",\"isPartOf\":{\"@id\":\"https:\\\/\\\/favorite-news.com\\\/it\\\/#website\"},\"primaryImageOfPage\":{\"@id\":\"https:\\\/\\\/favorite-news.com\\\/it\\\/dl-sostegni-partite-iva-e-imprese-protestano-si-ai-nuovi-criteri-ma-le-risorse-non-bastano\\\/#primaryimage\"},\"image\":{\"@id\":\"https:\\\/\\\/favorite-news.com\\\/it\\\/dl-sostegni-partite-iva-e-imprese-protestano-si-ai-nuovi-criteri-ma-le-risorse-non-bastano\\\/#primaryimage\"},\"thumbnailUrl\":\"https:\\\/\\\/favorite-news.com\\\/it\\\/wp-content\\\/uploads\\\/sites\\\/9\\\/2021\\\/03\\\/Dl-Sostegni-partite-Iva-e-imprese-protestano-Si-ai-nuovi.jpg\",\"datePublished\":\"2021-03-21T11:37:57+00:00\",\"dateModified\":\"2021-03-21T11:38:01+00:00\",\"author\":{\"@id\":\"https:\\\/\\\/favorite-news.com\\\/it\\\/#\\\/schema\\\/person\\\/4af696433ee608b069a00941a5ebad71\"},\"breadcrumb\":{\"@id\":\"https:\\\/\\\/favorite-news.com\\\/it\\\/dl-sostegni-partite-iva-e-imprese-protestano-si-ai-nuovi-criteri-ma-le-risorse-non-bastano\\\/#breadcrumb\"},\"inLanguage\":\"it-IT\",\"potentialAction\":[{\"@type\":\"ReadAction\",\"target\":[\"https:\\\/\\\/favorite-news.com\\\/it\\\/dl-sostegni-partite-iva-e-imprese-protestano-si-ai-nuovi-criteri-ma-le-risorse-non-bastano\\\/\"]}]},{\"@type\":\"ImageObject\",\"inLanguage\":\"it-IT\",\"@id\":\"https:\\\/\\\/favorite-news.com\\\/it\\\/dl-sostegni-partite-iva-e-imprese-protestano-si-ai-nuovi-criteri-ma-le-risorse-non-bastano\\\/#primaryimage\",\"url\":\"https:\\\/\\\/favorite-news.com\\\/it\\\/wp-content\\\/uploads\\\/sites\\\/9\\\/2021\\\/03\\\/Dl-Sostegni-partite-Iva-e-imprese-protestano-Si-ai-nuovi.jpg\",\"contentUrl\":\"https:\\\/\\\/favorite-news.com\\\/it\\\/wp-content\\\/uploads\\\/sites\\\/9\\\/2021\\\/03\\\/Dl-Sostegni-partite-Iva-e-imprese-protestano-Si-ai-nuovi.jpg\",\"width\":1303,\"height\":724,\"caption\":\"Dl Sostegni, partite Iva e imprese protestano: \\\"S\u00ec ai nuovi criteri, ma le risorse non bastano\\\"\"},{\"@type\":\"BreadcrumbList\",\"@id\":\"https:\\\/\\\/favorite-news.com\\\/it\\\/dl-sostegni-partite-iva-e-imprese-protestano-si-ai-nuovi-criteri-ma-le-risorse-non-bastano\\\/#breadcrumb\",\"itemListElement\":[{\"@type\":\"ListItem\",\"position\":1,\"name\":\"Home\",\"item\":\"https:\\\/\\\/favorite-news.com\\\/it\\\/\"},{\"@type\":\"ListItem\",\"position\":2,\"name\":\"Dl Sostegni, partite Iva e imprese protestano: &#8220;S\u00ec ai nuovi criteri, ma le risorse non bastano&#8221;\"}]},{\"@type\":\"WebSite\",\"@id\":\"https:\\\/\\\/favorite-news.com\\\/it\\\/#website\",\"url\":\"https:\\\/\\\/favorite-news.com\\\/it\\\/\",\"name\":\"Favorite News\",\"description\":\"Favorite News Italy\",\"potentialAction\":[{\"@type\":\"SearchAction\",\"target\":{\"@type\":\"EntryPoint\",\"urlTemplate\":\"https:\\\/\\\/favorite-news.com\\\/it\\\/?s={search_term_string}\"},\"query-input\":{\"@type\":\"PropertyValueSpecification\",\"valueRequired\":true,\"valueName\":\"search_term_string\"}}],\"inLanguage\":\"it-IT\"},{\"@type\":\"Person\",\"@id\":\"https:\\\/\\\/favorite-news.com\\\/it\\\/#\\\/schema\\\/person\\\/4af696433ee608b069a00941a5ebad71\",\"name\":\"favorite-news\",\"image\":{\"@type\":\"ImageObject\",\"inLanguage\":\"it-IT\",\"@id\":\"https:\\\/\\\/secure.gravatar.com\\\/avatar\\\/fe82ac988eb26597b9c41957906c398c0cad9b76be843314bfcff51603dc5f4a?s=96&d=mm&r=g\",\"url\":\"https:\\\/\\\/secure.gravatar.com\\\/avatar\\\/fe82ac988eb26597b9c41957906c398c0cad9b76be843314bfcff51603dc5f4a?s=96&d=mm&r=g\",\"contentUrl\":\"https:\\\/\\\/secure.gravatar.com\\\/avatar\\\/fe82ac988eb26597b9c41957906c398c0cad9b76be843314bfcff51603dc5f4a?s=96&d=mm&r=g\",\"caption\":\"favorite-news\"},\"url\":\"https:\\\/\\\/favorite-news.com\\\/it\\\/author\\\/it\\\/\"}]}<\/script>\n<!-- \/ Yoast SEO plugin. -->","yoast_head_json":{"title":"Dl Sostegni, partite Iva e imprese protestano: \"S\u00ec ai nuovi criteri, ma le risorse non bastano\" - Favorite News","robots":{"index":"index","follow":"follow","max-snippet":"max-snippet:-1","max-image-preview":"max-image-preview:large","max-video-preview":"max-video-preview:-1"},"canonical":"https:\/\/favorite-news.com\/it\/dl-sostegni-partite-iva-e-imprese-protestano-si-ai-nuovi-criteri-ma-le-risorse-non-bastano\/","og_locale":"it_IT","og_type":"article","og_title":"Dl Sostegni, partite Iva e imprese protestano: \"S\u00ec ai nuovi criteri, ma le risorse non bastano\" - Favorite News","og_description":"&#13; 21 marzo 2021 04:04&#13; &#13; Forti critiche, tra gli altri, arrivano da parte di Confcommercio e Assoturismo Confesercenti&#13; Dello stesso parere di Sangalli \u00e8 Vittorio Messina, presidente di Assoturismo Confesercenti: &#8220;Le attivit\u00e0 del turismo sono ferme ormai da un anno, senza sostegni adeguati non potremo pi\u00f9 riaprire. Ci aspettavamo molto di pi\u00f9&#8221;. Intanto la [&hellip;]","og_url":"https:\/\/favorite-news.com\/it\/dl-sostegni-partite-iva-e-imprese-protestano-si-ai-nuovi-criteri-ma-le-risorse-non-bastano\/","og_site_name":"Favorite News","article_published_time":"2021-03-21T11:37:57+00:00","article_modified_time":"2021-03-21T11:38:01+00:00","og_image":[{"width":1303,"height":724,"url":"https:\/\/favorite-news.com\/it\/wp-content\/uploads\/sites\/9\/2021\/03\/Dl-Sostegni-partite-Iva-e-imprese-protestano-Si-ai-nuovi.jpg","type":"image\/jpeg"}],"author":"favorite-news","twitter_card":"summary_large_image","twitter_misc":{"Scritto da":"favorite-news","Tempo di lettura stimato":"2 minuti"},"schema":{"@context":"https:\/\/schema.org","@graph":[{"@type":"Article","@id":"https:\/\/favorite-news.com\/it\/dl-sostegni-partite-iva-e-imprese-protestano-si-ai-nuovi-criteri-ma-le-risorse-non-bastano\/#article","isPartOf":{"@id":"https:\/\/favorite-news.com\/it\/dl-sostegni-partite-iva-e-imprese-protestano-si-ai-nuovi-criteri-ma-le-risorse-non-bastano\/"},"author":{"name":"favorite-news","@id":"https:\/\/favorite-news.com\/it\/#\/schema\/person\/4af696433ee608b069a00941a5ebad71"},"headline":"Dl Sostegni, partite Iva e imprese protestano: &#8220;S\u00ec ai nuovi criteri, ma le risorse non bastano&#8221;","datePublished":"2021-03-21T11:37:57+00:00","dateModified":"2021-03-21T11:38:01+00:00","mainEntityOfPage":{"@id":"https:\/\/favorite-news.com\/it\/dl-sostegni-partite-iva-e-imprese-protestano-si-ai-nuovi-criteri-ma-le-risorse-non-bastano\/"},"wordCount":455,"commentCount":0,"image":{"@id":"https:\/\/favorite-news.com\/it\/dl-sostegni-partite-iva-e-imprese-protestano-si-ai-nuovi-criteri-ma-le-risorse-non-bastano\/#primaryimage"},"thumbnailUrl":"https:\/\/favorite-news.com\/it\/wp-content\/uploads\/sites\/9\/2021\/03\/Dl-Sostegni-partite-Iva-e-imprese-protestano-Si-ai-nuovi.jpg","articleSection":["NOTIZIE FINANZIARIE"],"inLanguage":"it-IT","potentialAction":[{"@type":"CommentAction","name":"Comment","target":["https:\/\/favorite-news.com\/it\/dl-sostegni-partite-iva-e-imprese-protestano-si-ai-nuovi-criteri-ma-le-risorse-non-bastano\/#respond"]}]},{"@type":"WebPage","@id":"https:\/\/favorite-news.com\/it\/dl-sostegni-partite-iva-e-imprese-protestano-si-ai-nuovi-criteri-ma-le-risorse-non-bastano\/","url":"https:\/\/favorite-news.com\/it\/dl-sostegni-partite-iva-e-imprese-protestano-si-ai-nuovi-criteri-ma-le-risorse-non-bastano\/","name":"Dl Sostegni, partite Iva e imprese protestano: \"S\u00ec ai nuovi criteri, ma le risorse non bastano\" - Favorite News","isPartOf":{"@id":"https:\/\/favorite-news.com\/it\/#website"},"primaryImageOfPage":{"@id":"https:\/\/favorite-news.com\/it\/dl-sostegni-partite-iva-e-imprese-protestano-si-ai-nuovi-criteri-ma-le-risorse-non-bastano\/#primaryimage"},"image":{"@id":"https:\/\/favorite-news.com\/it\/dl-sostegni-partite-iva-e-imprese-protestano-si-ai-nuovi-criteri-ma-le-risorse-non-bastano\/#primaryimage"},"thumbnailUrl":"https:\/\/favorite-news.com\/it\/wp-content\/uploads\/sites\/9\/2021\/03\/Dl-Sostegni-partite-Iva-e-imprese-protestano-Si-ai-nuovi.jpg","datePublished":"2021-03-21T11:37:57+00:00","dateModified":"2021-03-21T11:38:01+00:00","author":{"@id":"https:\/\/favorite-news.com\/it\/#\/schema\/person\/4af696433ee608b069a00941a5ebad71"},"breadcrumb":{"@id":"https:\/\/favorite-news.com\/it\/dl-sostegni-partite-iva-e-imprese-protestano-si-ai-nuovi-criteri-ma-le-risorse-non-bastano\/#breadcrumb"},"inLanguage":"it-IT","potentialAction":[{"@type":"ReadAction","target":["https:\/\/favorite-news.com\/it\/dl-sostegni-partite-iva-e-imprese-protestano-si-ai-nuovi-criteri-ma-le-risorse-non-bastano\/"]}]},{"@type":"ImageObject","inLanguage":"it-IT","@id":"https:\/\/favorite-news.com\/it\/dl-sostegni-partite-iva-e-imprese-protestano-si-ai-nuovi-criteri-ma-le-risorse-non-bastano\/#primaryimage","url":"https:\/\/favorite-news.com\/it\/wp-content\/uploads\/sites\/9\/2021\/03\/Dl-Sostegni-partite-Iva-e-imprese-protestano-Si-ai-nuovi.jpg","contentUrl":"https:\/\/favorite-news.com\/it\/wp-content\/uploads\/sites\/9\/2021\/03\/Dl-Sostegni-partite-Iva-e-imprese-protestano-Si-ai-nuovi.jpg","width":1303,"height":724,"caption":"Dl Sostegni, partite Iva e imprese protestano: \"S\u00ec ai nuovi criteri, ma le risorse non bastano\""},{"@type":"BreadcrumbList","@id":"https:\/\/favorite-news.com\/it\/dl-sostegni-partite-iva-e-imprese-protestano-si-ai-nuovi-criteri-ma-le-risorse-non-bastano\/#breadcrumb","itemListElement":[{"@type":"ListItem","position":1,"name":"Home","item":"https:\/\/favorite-news.com\/it\/"},{"@type":"ListItem","position":2,"name":"Dl Sostegni, partite Iva e imprese protestano: &#8220;S\u00ec ai nuovi criteri, ma le risorse non bastano&#8221;"}]},{"@type":"WebSite","@id":"https:\/\/favorite-news.com\/it\/#website","url":"https:\/\/favorite-news.com\/it\/","name":"Favorite News","description":"Favorite News Italy","potentialAction":[{"@type":"SearchAction","target":{"@type":"EntryPoint","urlTemplate":"https:\/\/favorite-news.com\/it\/?s={search_term_string}"},"query-input":{"@type":"PropertyValueSpecification","valueRequired":true,"valueName":"search_term_string"}}],"inLanguage":"it-IT"},{"@type":"Person","@id":"https:\/\/favorite-news.com\/it\/#\/schema\/person\/4af696433ee608b069a00941a5ebad71","name":"favorite-news","image":{"@type":"ImageObject","inLanguage":"it-IT","@id":"https:\/\/secure.gravatar.com\/avatar\/fe82ac988eb26597b9c41957906c398c0cad9b76be843314bfcff51603dc5f4a?s=96&d=mm&r=g","url":"https:\/\/secure.gravatar.com\/avatar\/fe82ac988eb26597b9c41957906c398c0cad9b76be843314bfcff51603dc5f4a?s=96&d=mm&r=g","contentUrl":"https:\/\/secure.gravatar.com\/avatar\/fe82ac988eb26597b9c41957906c398c0cad9b76be843314bfcff51603dc5f4a?s=96&d=mm&r=g","caption":"favorite-news"},"url":"https:\/\/favorite-news.com\/it\/author\/it\/"}]}},"_links":{"self":[{"href":"https:\/\/favorite-news.com\/it\/wp-json\/wp\/v2\/posts\/1595","targetHints":{"allow":["GET"]}}],"collection":[{"href":"https:\/\/favorite-news.com\/it\/wp-json\/wp\/v2\/posts"}],"about":[{"href":"https:\/\/favorite-news.com\/it\/wp-json\/wp\/v2\/types\/post"}],"author":[{"embeddable":true,"href":"https:\/\/favorite-news.com\/it\/wp-json\/wp\/v2\/users\/3"}],"replies":[{"embeddable":true,"href":"https:\/\/favorite-news.com\/it\/wp-json\/wp\/v2\/comments?post=1595"}],"version-history":[{"count":1,"href":"https:\/\/favorite-news.com\/it\/wp-json\/wp\/v2\/posts\/1595\/revisions"}],"predecessor-version":[{"id":1597,"href":"https:\/\/favorite-news.com\/it\/wp-json\/wp\/v2\/posts\/1595\/revisions\/1597"}],"wp:featuredmedia":[{"embeddable":true,"href":"https:\/\/favorite-news.com\/it\/wp-json\/wp\/v2\/media\/1596"}],"wp:attachment":[{"href":"https:\/\/favorite-news.com\/it\/wp-json\/wp\/v2\/media?parent=1595"}],"wp:term":[{"taxonomy":"category","embeddable":true,"href":"https:\/\/favorite-news.com\/it\/wp-json\/wp\/v2\/categories?post=1595"},{"taxonomy":"post_tag","embeddable":true,"href":"https:\/\/favorite-news.com\/it\/wp-json\/wp\/v2\/tags?post=1595"}],"curies":[{"name":"wp","href":"https:\/\/api.w.org\/{rel}","templated":true}]}}