{"id":1095,"date":"2020-12-30T10:20:22","date_gmt":"2020-12-30T10:20:22","guid":{"rendered":"https:\/\/favorite-news.com\/it\/da-gennaio-aumentano-le-bollette-di-luce-e-gas\/"},"modified":"2020-12-30T10:20:26","modified_gmt":"2020-12-30T10:20:26","slug":"da-gennaio-aumentano-le-bollette-di-luce-e-gas","status":"publish","type":"post","link":"https:\/\/favorite-news.com\/it\/da-gennaio-aumentano-le-bollette-di-luce-e-gas\/","title":{"rendered":"Da gennaio aumentano le bollette di luce e gas"},"content":{"rendered":"<p>Anno nuovo, nuove bollette. Il 2021 si aprir\u00e0 infatti con tariffe di luce e gas pi\u00f9 care, rispettivamente del 4,5% e del 5,3%, per le famiglie che sono ancora in regime di Maggior Tutela, quindi quelle che non hanno scelto nessuna offerta sul mercato libero. Lo ha stabilito l&#8217;Autorit\u00e0 di Regolamentazione per Energia, Reti e Ambiente (Arera). Gli aumenti sono legati alla crescita delle quotazioni delle materie prime energetiche, tornate sui livelli di fine 2019.<br \/>\nL&#8217;AUMENTOSecondo lo studio dell&#8217;Unione Nazionale Consumatori, una famiglia tipo nell&#8217;anno solare 2021 (1 gennaio-31 dicembre) spender\u00e0, nell&#8217;ipotesi di prezzi costanti, 23 euro in pi\u00f9 per la luce e 50 euro in pi\u00f9 per il gas, per un aumento complessivo pari a 73 euro. La testata online Consumerismo ha inoltre calcolato che a partire dal prossimo 1 gennaio i consumatori pagheranno il 34% di oneri e imposte sulle bollette della luce e il 44% su quelle dal gas.<br \/>\nRISPARMIO NELL&#8217;ANNO CORRENTENonostante gli aumenti in bolletta, i consumatori beneficeranno comunque di un risparmio complessivo di circa 146 euro nell&#8217;anno corrente. Nel dettaglio, spiega l&#8217;Arera, per l&#8217;elettricit\u00e0 la spesa per famiglia nel periodo compreso tra il 1 aprile 2020 e il 31 marzo 2021 sar\u00e0 di circa 488 euro, in calo del 10,2% rispetto ai dodici mesi precedenti; per quanto riguarda il gas invece, la bolletta coster\u00e0 circa 950 euro, con una variazione del -8,8% rispetto al periodo 1 aprile 2019-31 marzo 2020.<br \/>\n\u201cORA NECESSARIO INVESTIRE\u201d\u201cLa variazione di questo trimestre ci restituisce una dinamica sostanzialmente in linea con gli andamenti stagionali e con valori delle materie prime non dissimili da quelli dello scorso anno\u201d, ha dichiarato il presidente di Arera Stefano Besseghini. \u201cNel complesso, le anomalie di prezzo e di volume legate all&#8217;emergenza Covid hanno consentito un risparmio alle famiglie nel corso dell&#8217;anno con un beneficio residuo che si protrarr\u00e0 anche nel primo trimestre del 2021. Le prospettive di recupero dell&#8217;economia e l&#8217;augurio che la situazione sanitaria evolva per il meglio richiedono ora pi\u00f9 che mai di focalizzare l&#8217;attenzione su quegli interventi e investimenti che possono contribuire al miglioramento della bolletta degli italiani\u201d.<br \/>\nBONUS SOCIALI AUTOMATICIIl 2021 porter\u00e0 anche un&#8217;altra novit\u00e0: i bonus sociali di sconto sulla bolletta per le famiglie in stato di bisogno saranno riconosciuti in maniera automatica a chi ne avr\u00e0 diritto, senza dover presentare la richiesta presso il Comune o il Caf. Acquirente Unico e Inps infatti incroceranno le informazioni in modo che gli incentivi vengano calcolati direttamente in bolletta. Lo sconto sar\u00e0 quantificato a partire dal 1 gennaio 2021, indipendentemente dai tempi tecnici necessari per l&#8217;entrata a regime del meccanismo attuativo.<br \/>\n\u201cNECESSARIE RIFORME SULLA TASSAZIONE\u201d\u201cI bonus sociali di sconto sulla bolletta sono frutto delle nostre battaglie\u201d, rivendica Federconsumatori. \u201cNonostante questa importante novit\u00e0 tuttavia rimane il fatto che in una fase tanto difficile come quella attuale, in cui le famiglie stanno facendo i conti con le dure conseguenze economiche e sociali dell&#8217;emergenza sanitaria, sar\u00e0 difficile far fronte ai costi. \u00c8 giunto il momento di agire concretamente sul versante della tassazione mettendo in atto una riforma complessiva di oneri, accise e balzelli che, in vario modo e in varia misura, pesano sulle tasche dei cittadini\u201d.Contenuto a cura di Financialounge.com<br \/>\n<br \/>\n<!--noindex--><br \/>\n<a href=\"https:\/\/www.tgcom24.mediaset.it\/economia\/da-gennaio-aumentano-le-bollette-di-luce-e-gas_27080762-202002a.shtml\" rel=\"nofollow\">Source link <\/a><br \/>\n<!--\/noindex--><\/p>\n","protected":false},"excerpt":{"rendered":"<p>Anno nuovo, nuove bollette. Il 2021 si aprir\u00e0 infatti con tariffe di luce e gas pi\u00f9 care, rispettivamente del 4,5% e del 5,3%, per le famiglie che sono ancora in regime di Maggior Tutela, quindi quelle che non hanno scelto nessuna offerta sul mercato libero. Lo ha stabilito l&#8217;Autorit\u00e0 di Regolamentazione per Energia, Reti e [&hellip;]<\/p>\n","protected":false},"author":3,"featured_media":1096,"comment_status":"open","ping_status":"open","sticky":false,"template":"","format":"standard","meta":{"footnotes":""},"categories":[1],"tags":[],"class_list":["post-1095","post","type-post","status-publish","format-standard","has-post-thumbnail","hentry","category-notizie-finanziarie"],"yoast_head":"<!-- This site is optimized with the Yoast SEO plugin v27.4 - https:\/\/yoast.com\/product\/yoast-seo-wordpress\/ -->\n<title>Da gennaio aumentano le bollette di luce e gas - Favorite News<\/title>\n<meta name=\"robots\" content=\"index, follow, max-snippet:-1, max-image-preview:large, max-video-preview:-1\" \/>\n<link rel=\"canonical\" href=\"https:\/\/favorite-news.com\/it\/da-gennaio-aumentano-le-bollette-di-luce-e-gas\/\" \/>\n<meta property=\"og:locale\" content=\"it_IT\" \/>\n<meta property=\"og:type\" content=\"article\" \/>\n<meta property=\"og:title\" content=\"Da gennaio aumentano le bollette di luce e gas - Favorite News\" \/>\n<meta property=\"og:description\" content=\"Anno nuovo, nuove bollette. Il 2021 si aprir\u00e0 infatti con tariffe di luce e gas pi\u00f9 care, rispettivamente del 4,5% e del 5,3%, per le famiglie che sono ancora in regime di Maggior Tutela, quindi quelle che non hanno scelto nessuna offerta sul mercato libero. Lo ha stabilito l&#8217;Autorit\u00e0 di Regolamentazione per Energia, Reti e [&hellip;]\" \/>\n<meta property=\"og:url\" content=\"https:\/\/favorite-news.com\/it\/da-gennaio-aumentano-le-bollette-di-luce-e-gas\/\" \/>\n<meta property=\"og:site_name\" content=\"Favorite News\" \/>\n<meta property=\"article:published_time\" content=\"2020-12-30T10:20:22+00:00\" \/>\n<meta property=\"article:modified_time\" content=\"2020-12-30T10:20:26+00:00\" \/>\n<meta property=\"og:image\" content=\"https:\/\/favorite-news.com\/it\/wp-content\/uploads\/sites\/9\/2020\/12\/Da-gennaio-aumentano-le-bollette-di-luce-e-gas.jpg\" \/>\n\t<meta property=\"og:image:width\" content=\"1085\" \/>\n\t<meta property=\"og:image:height\" content=\"724\" \/>\n\t<meta property=\"og:image:type\" content=\"image\/jpeg\" \/>\n<meta name=\"author\" content=\"favorite-news\" \/>\n<meta name=\"twitter:card\" content=\"summary_large_image\" \/>\n<meta name=\"twitter:label1\" content=\"Scritto da\" \/>\n\t<meta name=\"twitter:data1\" content=\"favorite-news\" \/>\n\t<meta name=\"twitter:label2\" content=\"Tempo di lettura stimato\" \/>\n\t<meta name=\"twitter:data2\" content=\"3 minuti\" \/>\n<script type=\"application\/ld+json\" class=\"yoast-schema-graph\">{\"@context\":\"https:\\\/\\\/schema.org\",\"@graph\":[{\"@type\":\"Article\",\"@id\":\"https:\\\/\\\/favorite-news.com\\\/it\\\/da-gennaio-aumentano-le-bollette-di-luce-e-gas\\\/#article\",\"isPartOf\":{\"@id\":\"https:\\\/\\\/favorite-news.com\\\/it\\\/da-gennaio-aumentano-le-bollette-di-luce-e-gas\\\/\"},\"author\":{\"name\":\"favorite-news\",\"@id\":\"https:\\\/\\\/favorite-news.com\\\/it\\\/#\\\/schema\\\/person\\\/4af696433ee608b069a00941a5ebad71\"},\"headline\":\"Da gennaio aumentano le bollette di luce e gas\",\"datePublished\":\"2020-12-30T10:20:22+00:00\",\"dateModified\":\"2020-12-30T10:20:26+00:00\",\"mainEntityOfPage\":{\"@id\":\"https:\\\/\\\/favorite-news.com\\\/it\\\/da-gennaio-aumentano-le-bollette-di-luce-e-gas\\\/\"},\"wordCount\":529,\"commentCount\":0,\"image\":{\"@id\":\"https:\\\/\\\/favorite-news.com\\\/it\\\/da-gennaio-aumentano-le-bollette-di-luce-e-gas\\\/#primaryimage\"},\"thumbnailUrl\":\"https:\\\/\\\/favorite-news.com\\\/it\\\/wp-content\\\/uploads\\\/sites\\\/9\\\/2020\\\/12\\\/Da-gennaio-aumentano-le-bollette-di-luce-e-gas.jpg\",\"articleSection\":[\"NOTIZIE FINANZIARIE\"],\"inLanguage\":\"it-IT\",\"potentialAction\":[{\"@type\":\"CommentAction\",\"name\":\"Comment\",\"target\":[\"https:\\\/\\\/favorite-news.com\\\/it\\\/da-gennaio-aumentano-le-bollette-di-luce-e-gas\\\/#respond\"]}]},{\"@type\":\"WebPage\",\"@id\":\"https:\\\/\\\/favorite-news.com\\\/it\\\/da-gennaio-aumentano-le-bollette-di-luce-e-gas\\\/\",\"url\":\"https:\\\/\\\/favorite-news.com\\\/it\\\/da-gennaio-aumentano-le-bollette-di-luce-e-gas\\\/\",\"name\":\"Da gennaio aumentano le bollette di luce e gas - Favorite News\",\"isPartOf\":{\"@id\":\"https:\\\/\\\/favorite-news.com\\\/it\\\/#website\"},\"primaryImageOfPage\":{\"@id\":\"https:\\\/\\\/favorite-news.com\\\/it\\\/da-gennaio-aumentano-le-bollette-di-luce-e-gas\\\/#primaryimage\"},\"image\":{\"@id\":\"https:\\\/\\\/favorite-news.com\\\/it\\\/da-gennaio-aumentano-le-bollette-di-luce-e-gas\\\/#primaryimage\"},\"thumbnailUrl\":\"https:\\\/\\\/favorite-news.com\\\/it\\\/wp-content\\\/uploads\\\/sites\\\/9\\\/2020\\\/12\\\/Da-gennaio-aumentano-le-bollette-di-luce-e-gas.jpg\",\"datePublished\":\"2020-12-30T10:20:22+00:00\",\"dateModified\":\"2020-12-30T10:20:26+00:00\",\"author\":{\"@id\":\"https:\\\/\\\/favorite-news.com\\\/it\\\/#\\\/schema\\\/person\\\/4af696433ee608b069a00941a5ebad71\"},\"breadcrumb\":{\"@id\":\"https:\\\/\\\/favorite-news.com\\\/it\\\/da-gennaio-aumentano-le-bollette-di-luce-e-gas\\\/#breadcrumb\"},\"inLanguage\":\"it-IT\",\"potentialAction\":[{\"@type\":\"ReadAction\",\"target\":[\"https:\\\/\\\/favorite-news.com\\\/it\\\/da-gennaio-aumentano-le-bollette-di-luce-e-gas\\\/\"]}]},{\"@type\":\"ImageObject\",\"inLanguage\":\"it-IT\",\"@id\":\"https:\\\/\\\/favorite-news.com\\\/it\\\/da-gennaio-aumentano-le-bollette-di-luce-e-gas\\\/#primaryimage\",\"url\":\"https:\\\/\\\/favorite-news.com\\\/it\\\/wp-content\\\/uploads\\\/sites\\\/9\\\/2020\\\/12\\\/Da-gennaio-aumentano-le-bollette-di-luce-e-gas.jpg\",\"contentUrl\":\"https:\\\/\\\/favorite-news.com\\\/it\\\/wp-content\\\/uploads\\\/sites\\\/9\\\/2020\\\/12\\\/Da-gennaio-aumentano-le-bollette-di-luce-e-gas.jpg\",\"width\":1085,\"height\":724,\"caption\":\"Da gennaio aumentano le bollette di luce e gas\"},{\"@type\":\"BreadcrumbList\",\"@id\":\"https:\\\/\\\/favorite-news.com\\\/it\\\/da-gennaio-aumentano-le-bollette-di-luce-e-gas\\\/#breadcrumb\",\"itemListElement\":[{\"@type\":\"ListItem\",\"position\":1,\"name\":\"Home\",\"item\":\"https:\\\/\\\/favorite-news.com\\\/it\\\/\"},{\"@type\":\"ListItem\",\"position\":2,\"name\":\"Da gennaio aumentano le bollette di luce e gas\"}]},{\"@type\":\"WebSite\",\"@id\":\"https:\\\/\\\/favorite-news.com\\\/it\\\/#website\",\"url\":\"https:\\\/\\\/favorite-news.com\\\/it\\\/\",\"name\":\"Favorite News\",\"description\":\"Favorite News Italy\",\"potentialAction\":[{\"@type\":\"SearchAction\",\"target\":{\"@type\":\"EntryPoint\",\"urlTemplate\":\"https:\\\/\\\/favorite-news.com\\\/it\\\/?s={search_term_string}\"},\"query-input\":{\"@type\":\"PropertyValueSpecification\",\"valueRequired\":true,\"valueName\":\"search_term_string\"}}],\"inLanguage\":\"it-IT\"},{\"@type\":\"Person\",\"@id\":\"https:\\\/\\\/favorite-news.com\\\/it\\\/#\\\/schema\\\/person\\\/4af696433ee608b069a00941a5ebad71\",\"name\":\"favorite-news\",\"image\":{\"@type\":\"ImageObject\",\"inLanguage\":\"it-IT\",\"@id\":\"https:\\\/\\\/secure.gravatar.com\\\/avatar\\\/fe82ac988eb26597b9c41957906c398c0cad9b76be843314bfcff51603dc5f4a?s=96&d=mm&r=g\",\"url\":\"https:\\\/\\\/secure.gravatar.com\\\/avatar\\\/fe82ac988eb26597b9c41957906c398c0cad9b76be843314bfcff51603dc5f4a?s=96&d=mm&r=g\",\"contentUrl\":\"https:\\\/\\\/secure.gravatar.com\\\/avatar\\\/fe82ac988eb26597b9c41957906c398c0cad9b76be843314bfcff51603dc5f4a?s=96&d=mm&r=g\",\"caption\":\"favorite-news\"},\"url\":\"https:\\\/\\\/favorite-news.com\\\/it\\\/author\\\/it\\\/\"}]}<\/script>\n<!-- \/ Yoast SEO plugin. -->","yoast_head_json":{"title":"Da gennaio aumentano le bollette di luce e gas - Favorite News","robots":{"index":"index","follow":"follow","max-snippet":"max-snippet:-1","max-image-preview":"max-image-preview:large","max-video-preview":"max-video-preview:-1"},"canonical":"https:\/\/favorite-news.com\/it\/da-gennaio-aumentano-le-bollette-di-luce-e-gas\/","og_locale":"it_IT","og_type":"article","og_title":"Da gennaio aumentano le bollette di luce e gas - Favorite News","og_description":"Anno nuovo, nuove bollette. Il 2021 si aprir\u00e0 infatti con tariffe di luce e gas pi\u00f9 care, rispettivamente del 4,5% e del 5,3%, per le famiglie che sono ancora in regime di Maggior Tutela, quindi quelle che non hanno scelto nessuna offerta sul mercato libero. Lo ha stabilito l&#8217;Autorit\u00e0 di Regolamentazione per Energia, Reti e [&hellip;]","og_url":"https:\/\/favorite-news.com\/it\/da-gennaio-aumentano-le-bollette-di-luce-e-gas\/","og_site_name":"Favorite News","article_published_time":"2020-12-30T10:20:22+00:00","article_modified_time":"2020-12-30T10:20:26+00:00","og_image":[{"width":1085,"height":724,"url":"https:\/\/favorite-news.com\/it\/wp-content\/uploads\/sites\/9\/2020\/12\/Da-gennaio-aumentano-le-bollette-di-luce-e-gas.jpg","type":"image\/jpeg"}],"author":"favorite-news","twitter_card":"summary_large_image","twitter_misc":{"Scritto da":"favorite-news","Tempo di lettura stimato":"3 minuti"},"schema":{"@context":"https:\/\/schema.org","@graph":[{"@type":"Article","@id":"https:\/\/favorite-news.com\/it\/da-gennaio-aumentano-le-bollette-di-luce-e-gas\/#article","isPartOf":{"@id":"https:\/\/favorite-news.com\/it\/da-gennaio-aumentano-le-bollette-di-luce-e-gas\/"},"author":{"name":"favorite-news","@id":"https:\/\/favorite-news.com\/it\/#\/schema\/person\/4af696433ee608b069a00941a5ebad71"},"headline":"Da gennaio aumentano le bollette di luce e gas","datePublished":"2020-12-30T10:20:22+00:00","dateModified":"2020-12-30T10:20:26+00:00","mainEntityOfPage":{"@id":"https:\/\/favorite-news.com\/it\/da-gennaio-aumentano-le-bollette-di-luce-e-gas\/"},"wordCount":529,"commentCount":0,"image":{"@id":"https:\/\/favorite-news.com\/it\/da-gennaio-aumentano-le-bollette-di-luce-e-gas\/#primaryimage"},"thumbnailUrl":"https:\/\/favorite-news.com\/it\/wp-content\/uploads\/sites\/9\/2020\/12\/Da-gennaio-aumentano-le-bollette-di-luce-e-gas.jpg","articleSection":["NOTIZIE FINANZIARIE"],"inLanguage":"it-IT","potentialAction":[{"@type":"CommentAction","name":"Comment","target":["https:\/\/favorite-news.com\/it\/da-gennaio-aumentano-le-bollette-di-luce-e-gas\/#respond"]}]},{"@type":"WebPage","@id":"https:\/\/favorite-news.com\/it\/da-gennaio-aumentano-le-bollette-di-luce-e-gas\/","url":"https:\/\/favorite-news.com\/it\/da-gennaio-aumentano-le-bollette-di-luce-e-gas\/","name":"Da gennaio aumentano le bollette di luce e gas - Favorite News","isPartOf":{"@id":"https:\/\/favorite-news.com\/it\/#website"},"primaryImageOfPage":{"@id":"https:\/\/favorite-news.com\/it\/da-gennaio-aumentano-le-bollette-di-luce-e-gas\/#primaryimage"},"image":{"@id":"https:\/\/favorite-news.com\/it\/da-gennaio-aumentano-le-bollette-di-luce-e-gas\/#primaryimage"},"thumbnailUrl":"https:\/\/favorite-news.com\/it\/wp-content\/uploads\/sites\/9\/2020\/12\/Da-gennaio-aumentano-le-bollette-di-luce-e-gas.jpg","datePublished":"2020-12-30T10:20:22+00:00","dateModified":"2020-12-30T10:20:26+00:00","author":{"@id":"https:\/\/favorite-news.com\/it\/#\/schema\/person\/4af696433ee608b069a00941a5ebad71"},"breadcrumb":{"@id":"https:\/\/favorite-news.com\/it\/da-gennaio-aumentano-le-bollette-di-luce-e-gas\/#breadcrumb"},"inLanguage":"it-IT","potentialAction":[{"@type":"ReadAction","target":["https:\/\/favorite-news.com\/it\/da-gennaio-aumentano-le-bollette-di-luce-e-gas\/"]}]},{"@type":"ImageObject","inLanguage":"it-IT","@id":"https:\/\/favorite-news.com\/it\/da-gennaio-aumentano-le-bollette-di-luce-e-gas\/#primaryimage","url":"https:\/\/favorite-news.com\/it\/wp-content\/uploads\/sites\/9\/2020\/12\/Da-gennaio-aumentano-le-bollette-di-luce-e-gas.jpg","contentUrl":"https:\/\/favorite-news.com\/it\/wp-content\/uploads\/sites\/9\/2020\/12\/Da-gennaio-aumentano-le-bollette-di-luce-e-gas.jpg","width":1085,"height":724,"caption":"Da gennaio aumentano le bollette di luce e gas"},{"@type":"BreadcrumbList","@id":"https:\/\/favorite-news.com\/it\/da-gennaio-aumentano-le-bollette-di-luce-e-gas\/#breadcrumb","itemListElement":[{"@type":"ListItem","position":1,"name":"Home","item":"https:\/\/favorite-news.com\/it\/"},{"@type":"ListItem","position":2,"name":"Da gennaio aumentano le bollette di luce e gas"}]},{"@type":"WebSite","@id":"https:\/\/favorite-news.com\/it\/#website","url":"https:\/\/favorite-news.com\/it\/","name":"Favorite News","description":"Favorite News Italy","potentialAction":[{"@type":"SearchAction","target":{"@type":"EntryPoint","urlTemplate":"https:\/\/favorite-news.com\/it\/?s={search_term_string}"},"query-input":{"@type":"PropertyValueSpecification","valueRequired":true,"valueName":"search_term_string"}}],"inLanguage":"it-IT"},{"@type":"Person","@id":"https:\/\/favorite-news.com\/it\/#\/schema\/person\/4af696433ee608b069a00941a5ebad71","name":"favorite-news","image":{"@type":"ImageObject","inLanguage":"it-IT","@id":"https:\/\/secure.gravatar.com\/avatar\/fe82ac988eb26597b9c41957906c398c0cad9b76be843314bfcff51603dc5f4a?s=96&d=mm&r=g","url":"https:\/\/secure.gravatar.com\/avatar\/fe82ac988eb26597b9c41957906c398c0cad9b76be843314bfcff51603dc5f4a?s=96&d=mm&r=g","contentUrl":"https:\/\/secure.gravatar.com\/avatar\/fe82ac988eb26597b9c41957906c398c0cad9b76be843314bfcff51603dc5f4a?s=96&d=mm&r=g","caption":"favorite-news"},"url":"https:\/\/favorite-news.com\/it\/author\/it\/"}]}},"_links":{"self":[{"href":"https:\/\/favorite-news.com\/it\/wp-json\/wp\/v2\/posts\/1095","targetHints":{"allow":["GET"]}}],"collection":[{"href":"https:\/\/favorite-news.com\/it\/wp-json\/wp\/v2\/posts"}],"about":[{"href":"https:\/\/favorite-news.com\/it\/wp-json\/wp\/v2\/types\/post"}],"author":[{"embeddable":true,"href":"https:\/\/favorite-news.com\/it\/wp-json\/wp\/v2\/users\/3"}],"replies":[{"embeddable":true,"href":"https:\/\/favorite-news.com\/it\/wp-json\/wp\/v2\/comments?post=1095"}],"version-history":[{"count":1,"href":"https:\/\/favorite-news.com\/it\/wp-json\/wp\/v2\/posts\/1095\/revisions"}],"predecessor-version":[{"id":1097,"href":"https:\/\/favorite-news.com\/it\/wp-json\/wp\/v2\/posts\/1095\/revisions\/1097"}],"wp:featuredmedia":[{"embeddable":true,"href":"https:\/\/favorite-news.com\/it\/wp-json\/wp\/v2\/media\/1096"}],"wp:attachment":[{"href":"https:\/\/favorite-news.com\/it\/wp-json\/wp\/v2\/media?parent=1095"}],"wp:term":[{"taxonomy":"category","embeddable":true,"href":"https:\/\/favorite-news.com\/it\/wp-json\/wp\/v2\/categories?post=1095"},{"taxonomy":"post_tag","embeddable":true,"href":"https:\/\/favorite-news.com\/it\/wp-json\/wp\/v2\/tags?post=1095"}],"curies":[{"name":"wp","href":"https:\/\/api.w.org\/{rel}","templated":true}]}}