{"id":1029,"date":"2020-12-15T04:59:51","date_gmt":"2020-12-15T04:59:51","guid":{"rendered":"https:\/\/favorite-news.com\/it\/con-brexit-carenza-di-cibo-in-gran-bretagna-il-governo-ai-supermercati-fate-scorte\/"},"modified":"2020-12-15T04:59:53","modified_gmt":"2020-12-15T04:59:53","slug":"con-brexit-carenza-di-cibo-in-gran-bretagna-il-governo-ai-supermercati-fate-scorte","status":"publish","type":"post","link":"https:\/\/favorite-news.com\/it\/con-brexit-carenza-di-cibo-in-gran-bretagna-il-governo-ai-supermercati-fate-scorte\/","title":{"rendered":"Con Brexit carenza di cibo in Gran Bretagna, il governo ai supermercati: &#8220;Fate scorte&#8221;"},"content":{"rendered":"<p>Il governo britannico ha esortato le grandi catene di supermercati a fare scorte di cibo per non lasciare gli scaffali vuoti in caso di una Brexit senza accordo. Secondo l&#8217;indiscrezione arrivata dal Sunday Times, alcuni ministri britannici sarebbero preoccupati per un&#8217;interruzione delle forniture alimentari in arrivo dall&#8217;Unione europea e, per questo motivo, avrebbero chiesto di fare scorte di beni non deperibili.<br \/>\nRISCHIO \u201cNO DEAL\u201dLa Brexit \u201cno deal\u201d, senza un accordo tra Regno Unito e Unione europea, \u00e8 ormai una possibilit\u00e0 abbastanza concreta. Il rischio \u00e8 di ritrovarsi senza prodotti freschi sugli scaffali dei supermercati, o sicuramente con prodotti molto pi\u00f9 costosi rispetto a prima, a causa della decadenza degli accordi commerciali tra Regno Unito e Ue.<br \/>\nSCORTE DI CIBO E MEDICINALIUna carenza di cibo fresco che potrebbe andare avanti per circa tre mesi. Gli stessi ministri, inoltre, avrebbero detto ai fornitori di medicinali, dispositivi medici e vaccini di accumulare scorte per sei settimane in luoghi sicuri nel Regno Unito. Per il momento, non senza difficolt\u00e0, la trattativa tra le parti sta proseguendo, dopo che l&#8217;ennesima scadenza dei negoziati \u00e8 stata posticipata. L&#8217;ultima data utile per trovare un accordo per la Brexit \u00e8 il 31 dicembre: il premier britannico Boris Johnson e la presidente della Commissione europea Ursula von der Leyen hanno detto che faranno &#8220;il possibile&#8221; per portare a casa un&#8217;intesa.<br \/>\nIL NODO DELLA PESCATra i punti in discussione c&#8217;\u00e8 anche quello dell&#8217;accesso alle acque britanniche da parte dei pescatori europei con l&#8217;Unione europea che ha chiarito come, in caso fosse impedito l&#8217;accesso ai propri pescherecci, la vendita di prodotti ittici britannici nell&#8217;Unione potrebbe subire restrizioni. Nel fine settimana il governo britannico ha affermato che alcune navi della Marina militare sono impegnate nel pattugliamento delle acque territoriali.Contenuto a cura di Financialounge.com<br \/>\n<br \/>\n<!--noindex--><br \/>\n<a href=\"https:\/\/www.tgcom24.mediaset.it\/economia\/con-brexit-carenza-di-cibo-in-gran-bretagna-il-governo-ai-supermercati-fate-scorte-_26590078-202002a.shtml\" rel=\"nofollow\">Source link <\/a><br \/>\n<!--\/noindex--><\/p>\n","protected":false},"excerpt":{"rendered":"<p>Il governo britannico ha esortato le grandi catene di supermercati a fare scorte di cibo per non lasciare gli scaffali vuoti in caso di una Brexit senza accordo. Secondo l&#8217;indiscrezione arrivata dal Sunday Times, alcuni ministri britannici sarebbero preoccupati per un&#8217;interruzione delle forniture alimentari in arrivo dall&#8217;Unione europea e, per questo motivo, avrebbero chiesto di [&hellip;]<\/p>\n","protected":false},"author":3,"featured_media":1030,"comment_status":"open","ping_status":"open","sticky":false,"template":"","format":"standard","meta":{"footnotes":""},"categories":[1],"tags":[],"class_list":["post-1029","post","type-post","status-publish","format-standard","has-post-thumbnail","hentry","category-notizie-finanziarie"],"yoast_head":"<!-- This site is optimized with the Yoast SEO plugin v27.4 - https:\/\/yoast.com\/product\/yoast-seo-wordpress\/ -->\n<title>Con Brexit carenza di cibo in Gran Bretagna, il governo ai supermercati: &quot;Fate scorte&quot; - Favorite News<\/title>\n<meta name=\"robots\" content=\"index, follow, max-snippet:-1, max-image-preview:large, max-video-preview:-1\" \/>\n<link rel=\"canonical\" href=\"https:\/\/favorite-news.com\/it\/con-brexit-carenza-di-cibo-in-gran-bretagna-il-governo-ai-supermercati-fate-scorte\/\" \/>\n<meta property=\"og:locale\" content=\"it_IT\" \/>\n<meta property=\"og:type\" content=\"article\" \/>\n<meta property=\"og:title\" content=\"Con Brexit carenza di cibo in Gran Bretagna, il governo ai supermercati: &quot;Fate scorte&quot; - Favorite News\" \/>\n<meta property=\"og:description\" content=\"Il governo britannico ha esortato le grandi catene di supermercati a fare scorte di cibo per non lasciare gli scaffali vuoti in caso di una Brexit senza accordo. Secondo l&#8217;indiscrezione arrivata dal Sunday Times, alcuni ministri britannici sarebbero preoccupati per un&#8217;interruzione delle forniture alimentari in arrivo dall&#8217;Unione europea e, per questo motivo, avrebbero chiesto di [&hellip;]\" \/>\n<meta property=\"og:url\" content=\"https:\/\/favorite-news.com\/it\/con-brexit-carenza-di-cibo-in-gran-bretagna-il-governo-ai-supermercati-fate-scorte\/\" \/>\n<meta property=\"og:site_name\" content=\"Favorite News\" \/>\n<meta property=\"article:published_time\" content=\"2020-12-15T04:59:51+00:00\" \/>\n<meta property=\"article:modified_time\" content=\"2020-12-15T04:59:53+00:00\" \/>\n<meta property=\"og:image\" content=\"https:\/\/favorite-news.com\/it\/wp-content\/uploads\/sites\/9\/2020\/12\/Con-Brexit-carenza-di-cibo-in-Gran-Bretagna-il-governo.jpg\" \/>\n\t<meta property=\"og:image:width\" content=\"1287\" \/>\n\t<meta property=\"og:image:height\" content=\"724\" \/>\n\t<meta property=\"og:image:type\" content=\"image\/jpeg\" \/>\n<meta name=\"author\" content=\"favorite-news\" \/>\n<meta name=\"twitter:card\" content=\"summary_large_image\" \/>\n<meta name=\"twitter:label1\" content=\"Scritto da\" \/>\n\t<meta name=\"twitter:data1\" content=\"favorite-news\" \/>\n\t<meta name=\"twitter:label2\" content=\"Tempo di lettura stimato\" \/>\n\t<meta name=\"twitter:data2\" content=\"1 minuto\" \/>\n<script type=\"application\/ld+json\" class=\"yoast-schema-graph\">{\"@context\":\"https:\\\/\\\/schema.org\",\"@graph\":[{\"@type\":\"Article\",\"@id\":\"https:\\\/\\\/favorite-news.com\\\/it\\\/con-brexit-carenza-di-cibo-in-gran-bretagna-il-governo-ai-supermercati-fate-scorte\\\/#article\",\"isPartOf\":{\"@id\":\"https:\\\/\\\/favorite-news.com\\\/it\\\/con-brexit-carenza-di-cibo-in-gran-bretagna-il-governo-ai-supermercati-fate-scorte\\\/\"},\"author\":{\"name\":\"favorite-news\",\"@id\":\"https:\\\/\\\/favorite-news.com\\\/it\\\/#\\\/schema\\\/person\\\/4af696433ee608b069a00941a5ebad71\"},\"headline\":\"Con Brexit carenza di cibo in Gran Bretagna, il governo ai supermercati: &#8220;Fate scorte&#8221;\",\"datePublished\":\"2020-12-15T04:59:51+00:00\",\"dateModified\":\"2020-12-15T04:59:53+00:00\",\"mainEntityOfPage\":{\"@id\":\"https:\\\/\\\/favorite-news.com\\\/it\\\/con-brexit-carenza-di-cibo-in-gran-bretagna-il-governo-ai-supermercati-fate-scorte\\\/\"},\"wordCount\":315,\"commentCount\":0,\"image\":{\"@id\":\"https:\\\/\\\/favorite-news.com\\\/it\\\/con-brexit-carenza-di-cibo-in-gran-bretagna-il-governo-ai-supermercati-fate-scorte\\\/#primaryimage\"},\"thumbnailUrl\":\"https:\\\/\\\/favorite-news.com\\\/it\\\/wp-content\\\/uploads\\\/sites\\\/9\\\/2020\\\/12\\\/Con-Brexit-carenza-di-cibo-in-Gran-Bretagna-il-governo.jpg\",\"articleSection\":[\"NOTIZIE FINANZIARIE\"],\"inLanguage\":\"it-IT\",\"potentialAction\":[{\"@type\":\"CommentAction\",\"name\":\"Comment\",\"target\":[\"https:\\\/\\\/favorite-news.com\\\/it\\\/con-brexit-carenza-di-cibo-in-gran-bretagna-il-governo-ai-supermercati-fate-scorte\\\/#respond\"]}]},{\"@type\":\"WebPage\",\"@id\":\"https:\\\/\\\/favorite-news.com\\\/it\\\/con-brexit-carenza-di-cibo-in-gran-bretagna-il-governo-ai-supermercati-fate-scorte\\\/\",\"url\":\"https:\\\/\\\/favorite-news.com\\\/it\\\/con-brexit-carenza-di-cibo-in-gran-bretagna-il-governo-ai-supermercati-fate-scorte\\\/\",\"name\":\"Con Brexit carenza di cibo in Gran Bretagna, il governo ai supermercati: \\\"Fate scorte\\\" - Favorite News\",\"isPartOf\":{\"@id\":\"https:\\\/\\\/favorite-news.com\\\/it\\\/#website\"},\"primaryImageOfPage\":{\"@id\":\"https:\\\/\\\/favorite-news.com\\\/it\\\/con-brexit-carenza-di-cibo-in-gran-bretagna-il-governo-ai-supermercati-fate-scorte\\\/#primaryimage\"},\"image\":{\"@id\":\"https:\\\/\\\/favorite-news.com\\\/it\\\/con-brexit-carenza-di-cibo-in-gran-bretagna-il-governo-ai-supermercati-fate-scorte\\\/#primaryimage\"},\"thumbnailUrl\":\"https:\\\/\\\/favorite-news.com\\\/it\\\/wp-content\\\/uploads\\\/sites\\\/9\\\/2020\\\/12\\\/Con-Brexit-carenza-di-cibo-in-Gran-Bretagna-il-governo.jpg\",\"datePublished\":\"2020-12-15T04:59:51+00:00\",\"dateModified\":\"2020-12-15T04:59:53+00:00\",\"author\":{\"@id\":\"https:\\\/\\\/favorite-news.com\\\/it\\\/#\\\/schema\\\/person\\\/4af696433ee608b069a00941a5ebad71\"},\"breadcrumb\":{\"@id\":\"https:\\\/\\\/favorite-news.com\\\/it\\\/con-brexit-carenza-di-cibo-in-gran-bretagna-il-governo-ai-supermercati-fate-scorte\\\/#breadcrumb\"},\"inLanguage\":\"it-IT\",\"potentialAction\":[{\"@type\":\"ReadAction\",\"target\":[\"https:\\\/\\\/favorite-news.com\\\/it\\\/con-brexit-carenza-di-cibo-in-gran-bretagna-il-governo-ai-supermercati-fate-scorte\\\/\"]}]},{\"@type\":\"ImageObject\",\"inLanguage\":\"it-IT\",\"@id\":\"https:\\\/\\\/favorite-news.com\\\/it\\\/con-brexit-carenza-di-cibo-in-gran-bretagna-il-governo-ai-supermercati-fate-scorte\\\/#primaryimage\",\"url\":\"https:\\\/\\\/favorite-news.com\\\/it\\\/wp-content\\\/uploads\\\/sites\\\/9\\\/2020\\\/12\\\/Con-Brexit-carenza-di-cibo-in-Gran-Bretagna-il-governo.jpg\",\"contentUrl\":\"https:\\\/\\\/favorite-news.com\\\/it\\\/wp-content\\\/uploads\\\/sites\\\/9\\\/2020\\\/12\\\/Con-Brexit-carenza-di-cibo-in-Gran-Bretagna-il-governo.jpg\",\"width\":1287,\"height\":724,\"caption\":\"Con Brexit carenza di cibo in Gran Bretagna, il governo ai supermercati: \\\"Fate scorte\\\"\"},{\"@type\":\"BreadcrumbList\",\"@id\":\"https:\\\/\\\/favorite-news.com\\\/it\\\/con-brexit-carenza-di-cibo-in-gran-bretagna-il-governo-ai-supermercati-fate-scorte\\\/#breadcrumb\",\"itemListElement\":[{\"@type\":\"ListItem\",\"position\":1,\"name\":\"Home\",\"item\":\"https:\\\/\\\/favorite-news.com\\\/it\\\/\"},{\"@type\":\"ListItem\",\"position\":2,\"name\":\"Con Brexit carenza di cibo in Gran Bretagna, il governo ai supermercati: &#8220;Fate scorte&#8221;\"}]},{\"@type\":\"WebSite\",\"@id\":\"https:\\\/\\\/favorite-news.com\\\/it\\\/#website\",\"url\":\"https:\\\/\\\/favorite-news.com\\\/it\\\/\",\"name\":\"Favorite News\",\"description\":\"Favorite News Italy\",\"potentialAction\":[{\"@type\":\"SearchAction\",\"target\":{\"@type\":\"EntryPoint\",\"urlTemplate\":\"https:\\\/\\\/favorite-news.com\\\/it\\\/?s={search_term_string}\"},\"query-input\":{\"@type\":\"PropertyValueSpecification\",\"valueRequired\":true,\"valueName\":\"search_term_string\"}}],\"inLanguage\":\"it-IT\"},{\"@type\":\"Person\",\"@id\":\"https:\\\/\\\/favorite-news.com\\\/it\\\/#\\\/schema\\\/person\\\/4af696433ee608b069a00941a5ebad71\",\"name\":\"favorite-news\",\"image\":{\"@type\":\"ImageObject\",\"inLanguage\":\"it-IT\",\"@id\":\"https:\\\/\\\/secure.gravatar.com\\\/avatar\\\/fe82ac988eb26597b9c41957906c398c0cad9b76be843314bfcff51603dc5f4a?s=96&d=mm&r=g\",\"url\":\"https:\\\/\\\/secure.gravatar.com\\\/avatar\\\/fe82ac988eb26597b9c41957906c398c0cad9b76be843314bfcff51603dc5f4a?s=96&d=mm&r=g\",\"contentUrl\":\"https:\\\/\\\/secure.gravatar.com\\\/avatar\\\/fe82ac988eb26597b9c41957906c398c0cad9b76be843314bfcff51603dc5f4a?s=96&d=mm&r=g\",\"caption\":\"favorite-news\"},\"url\":\"https:\\\/\\\/favorite-news.com\\\/it\\\/author\\\/it\\\/\"}]}<\/script>\n<!-- \/ Yoast SEO plugin. -->","yoast_head_json":{"title":"Con Brexit carenza di cibo in Gran Bretagna, il governo ai supermercati: \"Fate scorte\" - Favorite News","robots":{"index":"index","follow":"follow","max-snippet":"max-snippet:-1","max-image-preview":"max-image-preview:large","max-video-preview":"max-video-preview:-1"},"canonical":"https:\/\/favorite-news.com\/it\/con-brexit-carenza-di-cibo-in-gran-bretagna-il-governo-ai-supermercati-fate-scorte\/","og_locale":"it_IT","og_type":"article","og_title":"Con Brexit carenza di cibo in Gran Bretagna, il governo ai supermercati: \"Fate scorte\" - Favorite News","og_description":"Il governo britannico ha esortato le grandi catene di supermercati a fare scorte di cibo per non lasciare gli scaffali vuoti in caso di una Brexit senza accordo. Secondo l&#8217;indiscrezione arrivata dal Sunday Times, alcuni ministri britannici sarebbero preoccupati per un&#8217;interruzione delle forniture alimentari in arrivo dall&#8217;Unione europea e, per questo motivo, avrebbero chiesto di [&hellip;]","og_url":"https:\/\/favorite-news.com\/it\/con-brexit-carenza-di-cibo-in-gran-bretagna-il-governo-ai-supermercati-fate-scorte\/","og_site_name":"Favorite News","article_published_time":"2020-12-15T04:59:51+00:00","article_modified_time":"2020-12-15T04:59:53+00:00","og_image":[{"width":1287,"height":724,"url":"https:\/\/favorite-news.com\/it\/wp-content\/uploads\/sites\/9\/2020\/12\/Con-Brexit-carenza-di-cibo-in-Gran-Bretagna-il-governo.jpg","type":"image\/jpeg"}],"author":"favorite-news","twitter_card":"summary_large_image","twitter_misc":{"Scritto da":"favorite-news","Tempo di lettura stimato":"1 minuto"},"schema":{"@context":"https:\/\/schema.org","@graph":[{"@type":"Article","@id":"https:\/\/favorite-news.com\/it\/con-brexit-carenza-di-cibo-in-gran-bretagna-il-governo-ai-supermercati-fate-scorte\/#article","isPartOf":{"@id":"https:\/\/favorite-news.com\/it\/con-brexit-carenza-di-cibo-in-gran-bretagna-il-governo-ai-supermercati-fate-scorte\/"},"author":{"name":"favorite-news","@id":"https:\/\/favorite-news.com\/it\/#\/schema\/person\/4af696433ee608b069a00941a5ebad71"},"headline":"Con Brexit carenza di cibo in Gran Bretagna, il governo ai supermercati: &#8220;Fate scorte&#8221;","datePublished":"2020-12-15T04:59:51+00:00","dateModified":"2020-12-15T04:59:53+00:00","mainEntityOfPage":{"@id":"https:\/\/favorite-news.com\/it\/con-brexit-carenza-di-cibo-in-gran-bretagna-il-governo-ai-supermercati-fate-scorte\/"},"wordCount":315,"commentCount":0,"image":{"@id":"https:\/\/favorite-news.com\/it\/con-brexit-carenza-di-cibo-in-gran-bretagna-il-governo-ai-supermercati-fate-scorte\/#primaryimage"},"thumbnailUrl":"https:\/\/favorite-news.com\/it\/wp-content\/uploads\/sites\/9\/2020\/12\/Con-Brexit-carenza-di-cibo-in-Gran-Bretagna-il-governo.jpg","articleSection":["NOTIZIE FINANZIARIE"],"inLanguage":"it-IT","potentialAction":[{"@type":"CommentAction","name":"Comment","target":["https:\/\/favorite-news.com\/it\/con-brexit-carenza-di-cibo-in-gran-bretagna-il-governo-ai-supermercati-fate-scorte\/#respond"]}]},{"@type":"WebPage","@id":"https:\/\/favorite-news.com\/it\/con-brexit-carenza-di-cibo-in-gran-bretagna-il-governo-ai-supermercati-fate-scorte\/","url":"https:\/\/favorite-news.com\/it\/con-brexit-carenza-di-cibo-in-gran-bretagna-il-governo-ai-supermercati-fate-scorte\/","name":"Con Brexit carenza di cibo in Gran Bretagna, il governo ai supermercati: \"Fate scorte\" - Favorite News","isPartOf":{"@id":"https:\/\/favorite-news.com\/it\/#website"},"primaryImageOfPage":{"@id":"https:\/\/favorite-news.com\/it\/con-brexit-carenza-di-cibo-in-gran-bretagna-il-governo-ai-supermercati-fate-scorte\/#primaryimage"},"image":{"@id":"https:\/\/favorite-news.com\/it\/con-brexit-carenza-di-cibo-in-gran-bretagna-il-governo-ai-supermercati-fate-scorte\/#primaryimage"},"thumbnailUrl":"https:\/\/favorite-news.com\/it\/wp-content\/uploads\/sites\/9\/2020\/12\/Con-Brexit-carenza-di-cibo-in-Gran-Bretagna-il-governo.jpg","datePublished":"2020-12-15T04:59:51+00:00","dateModified":"2020-12-15T04:59:53+00:00","author":{"@id":"https:\/\/favorite-news.com\/it\/#\/schema\/person\/4af696433ee608b069a00941a5ebad71"},"breadcrumb":{"@id":"https:\/\/favorite-news.com\/it\/con-brexit-carenza-di-cibo-in-gran-bretagna-il-governo-ai-supermercati-fate-scorte\/#breadcrumb"},"inLanguage":"it-IT","potentialAction":[{"@type":"ReadAction","target":["https:\/\/favorite-news.com\/it\/con-brexit-carenza-di-cibo-in-gran-bretagna-il-governo-ai-supermercati-fate-scorte\/"]}]},{"@type":"ImageObject","inLanguage":"it-IT","@id":"https:\/\/favorite-news.com\/it\/con-brexit-carenza-di-cibo-in-gran-bretagna-il-governo-ai-supermercati-fate-scorte\/#primaryimage","url":"https:\/\/favorite-news.com\/it\/wp-content\/uploads\/sites\/9\/2020\/12\/Con-Brexit-carenza-di-cibo-in-Gran-Bretagna-il-governo.jpg","contentUrl":"https:\/\/favorite-news.com\/it\/wp-content\/uploads\/sites\/9\/2020\/12\/Con-Brexit-carenza-di-cibo-in-Gran-Bretagna-il-governo.jpg","width":1287,"height":724,"caption":"Con Brexit carenza di cibo in Gran Bretagna, il governo ai supermercati: \"Fate scorte\""},{"@type":"BreadcrumbList","@id":"https:\/\/favorite-news.com\/it\/con-brexit-carenza-di-cibo-in-gran-bretagna-il-governo-ai-supermercati-fate-scorte\/#breadcrumb","itemListElement":[{"@type":"ListItem","position":1,"name":"Home","item":"https:\/\/favorite-news.com\/it\/"},{"@type":"ListItem","position":2,"name":"Con Brexit carenza di cibo in Gran Bretagna, il governo ai supermercati: &#8220;Fate scorte&#8221;"}]},{"@type":"WebSite","@id":"https:\/\/favorite-news.com\/it\/#website","url":"https:\/\/favorite-news.com\/it\/","name":"Favorite News","description":"Favorite News Italy","potentialAction":[{"@type":"SearchAction","target":{"@type":"EntryPoint","urlTemplate":"https:\/\/favorite-news.com\/it\/?s={search_term_string}"},"query-input":{"@type":"PropertyValueSpecification","valueRequired":true,"valueName":"search_term_string"}}],"inLanguage":"it-IT"},{"@type":"Person","@id":"https:\/\/favorite-news.com\/it\/#\/schema\/person\/4af696433ee608b069a00941a5ebad71","name":"favorite-news","image":{"@type":"ImageObject","inLanguage":"it-IT","@id":"https:\/\/secure.gravatar.com\/avatar\/fe82ac988eb26597b9c41957906c398c0cad9b76be843314bfcff51603dc5f4a?s=96&d=mm&r=g","url":"https:\/\/secure.gravatar.com\/avatar\/fe82ac988eb26597b9c41957906c398c0cad9b76be843314bfcff51603dc5f4a?s=96&d=mm&r=g","contentUrl":"https:\/\/secure.gravatar.com\/avatar\/fe82ac988eb26597b9c41957906c398c0cad9b76be843314bfcff51603dc5f4a?s=96&d=mm&r=g","caption":"favorite-news"},"url":"https:\/\/favorite-news.com\/it\/author\/it\/"}]}},"_links":{"self":[{"href":"https:\/\/favorite-news.com\/it\/wp-json\/wp\/v2\/posts\/1029","targetHints":{"allow":["GET"]}}],"collection":[{"href":"https:\/\/favorite-news.com\/it\/wp-json\/wp\/v2\/posts"}],"about":[{"href":"https:\/\/favorite-news.com\/it\/wp-json\/wp\/v2\/types\/post"}],"author":[{"embeddable":true,"href":"https:\/\/favorite-news.com\/it\/wp-json\/wp\/v2\/users\/3"}],"replies":[{"embeddable":true,"href":"https:\/\/favorite-news.com\/it\/wp-json\/wp\/v2\/comments?post=1029"}],"version-history":[{"count":1,"href":"https:\/\/favorite-news.com\/it\/wp-json\/wp\/v2\/posts\/1029\/revisions"}],"predecessor-version":[{"id":1031,"href":"https:\/\/favorite-news.com\/it\/wp-json\/wp\/v2\/posts\/1029\/revisions\/1031"}],"wp:featuredmedia":[{"embeddable":true,"href":"https:\/\/favorite-news.com\/it\/wp-json\/wp\/v2\/media\/1030"}],"wp:attachment":[{"href":"https:\/\/favorite-news.com\/it\/wp-json\/wp\/v2\/media?parent=1029"}],"wp:term":[{"taxonomy":"category","embeddable":true,"href":"https:\/\/favorite-news.com\/it\/wp-json\/wp\/v2\/categories?post=1029"},{"taxonomy":"post_tag","embeddable":true,"href":"https:\/\/favorite-news.com\/it\/wp-json\/wp\/v2\/tags?post=1029"}],"curies":[{"name":"wp","href":"https:\/\/api.w.org\/{rel}","templated":true}]}}