{"id":67,"date":"2019-04-26T21:35:14","date_gmt":"2019-04-26T18:35:14","guid":{"rendered":"https:\/\/favorite-news.com\/hu\/folytatodhat-a-reszvenypiaci-emelkedes-az-amerikai-vallalatok-megtettek-tetjeiket-kh-trendmonitor\/"},"modified":"2019-04-26T21:35:15","modified_gmt":"2019-04-26T18:35:15","slug":"folytatodhat-a-reszvenypiaci-emelkedes-az-amerikai-vallalatok-megtettek-tetjeiket-kh-trendmonitor","status":"publish","type":"post","link":"https:\/\/favorite-news.com\/hu\/folytatodhat-a-reszvenypiaci-emelkedes-az-amerikai-vallalatok-megtettek-tetjeiket-kh-trendmonitor\/","title":{"rendered":"folytat\u00f3dhat a r\u00e9szv\u00e9nypiaci emelked\u00e9s? \u2013 az amerikai v\u00e1llalatok megtett\u00e9k t\u00e9tjeiket | K&#038;H trendmonitor"},"content":{"rendered":"<p> [ad_1]<br \/>\n<\/p>\n<div>\n<p>A 2007-08-as v\u00e1ls\u00e1got k\u00f6vet\u0151en tal\u00e1n csak kevesen sejtett\u00e9k, hogy az \u00e9ppen kialakult bizalmi kr\u00edzis k\u00f6vetkezt\u00e9ben akadoz\u00f3 bankk\u00f6zi likvidit\u00e1sny\u00fajt\u00e1s ut\u00e1n soha nem l\u00e1tott p\u00e9nzb\u0151s\u00e9g fog a vil\u00e1ggazdas\u00e1gra k\u00f6sz\u00f6nteni. Amint a v\u00e1ls\u00e1g m\u00e1r csak a visszapillant\u00f3 t\u00fck\u00f6rb\u0151l l\u00e1tsz\u00f3dott, a rekord alacsony kamatk\u00f6rnyezet \u00e1ltal biztos\u00edtott olcs\u00f3 p\u00e9nz \u00e9s a sz\u00e1rnyal\u00f3 profitok az amerikai v\u00e1llalatokat egyre ink\u00e1bb a saj\u00e1t r\u00e9szv\u00e9nyeik visszav\u00e1s\u00e1rl\u00e1s\u00e1ra kezdt\u00e9k sarkallni. <\/p>\n<h5><strong>mi\u00e9rt<br \/>\nv\u00e1s\u00e1rolj\u00e1k magukat a v\u00e1llalatok?<\/strong><\/h5>\n<p>Ha egy v\u00e1llalat r\u00e9szv\u00e9ny visszav\u00e1s\u00e1rl\u00e1s mellett d\u00f6nt, akaratlanul \u2013 de legink\u00e1bb akarva \u2013 is azt szign\u00e1lja, hogy hisz a <strong>f\u00e9nyes j\u00f6v\u0151beli teljes\u00edtm\u00e9ny\u00e9ben <\/strong>\u00e9s \/ vagy <strong>alul\u00e9rt\u00e9keltnek<\/strong> tartja a r\u00e9szv\u00e9ny\u00e1rfolyamot. Az <strong>osztal\u00e9kfizet\u00e9s helyett<\/strong> is n\u00e9pszer\u0171 alternat\u00edva, hiszen gazdas\u00e1gi lassul\u00e1s vagy recesszi\u00f3 eset\u00e9n az osztal\u00e9k visszav\u00e1g\u00e1sa komolyabb bizalmi vesztes\u00e9ggel (\u00e1rfolyam es\u00e9se) j\u00e1rhat, mint a visszav\u00e1s\u00e1rl\u00e1s m\u00e9rt\u00e9k\u00e9nek cs\u00f6kkent\u00e9se. A v\u00e1llalatvezet\u0151k is sz\u00edvesen osztanak ki <strong>saj\u00e1t r\u00e9szv\u00e9ny v\u00e1s\u00e1rl\u00e1s\u00e1ra sz\u00f3l\u00f3 opci\u00f3s jogokat<\/strong> a jutalom kifejez\u00e9s\u00e9nek egy m\u00f3djak\u00e9nt. Tov\u00e1bb\u00e1 a p\u00e9nz\u00fcgyi teljes\u00edtm\u00e9ny kozmetik\u00e1z\u00e1s\u00e1ra is alkalmas, hiszen a visszav\u00e1s\u00e1rl\u00e1ssal cs\u00f6kken a forgalomban l\u00e9v\u0151 r\u00e9szv\u00e9ny\u00e1llom\u00e1ny, ami v\u00e1ltozatlan eredm\u00e9nyess\u00e9get felt\u00e9telezve, <strong>nagyobb egy r\u00e9szv\u00e9nyre jut\u00f3 nyeres\u00e9get (EPS) jelent<\/strong>. A befektet\u0151k pedig el\u0151szeretettel haszn\u00e1lj\u00e1k e mutat\u00f3sz\u00e1mot a befektet\u00e9sek attraktivit\u00e1s\u00e1nak meghat\u00e1roz\u00e1shoz. <strong>\u00d6sszess\u00e9g\u00e9ben teh\u00e1t kedvez\u0151 konjunktur\u00e1lis k\u00f6rnyezetben a fenti t\u00e9nyez\u0151k n\u00f6velik a befektet\u0151i \u00f6nbizalmat \u00e9s tov\u00e1bbi \u00fczemanyagot biztos\u00edtanak a bika piac folytat\u00f3d\u00e1s\u00e1hoz.<\/strong><\/p>\n<h5><strong>mennyi az<br \/>\nannyi?<\/strong><\/h5>\n<p>2018-ban<br \/>\nminden negyed\u00e9v t\u00f6rt\u00e9nelmi rekordot hozott az amerikai visszav\u00e1s\u00e1rl\u00e1sok ter\u00e9n.<\/p>\n<div class=\"wp-block-image\">\n<figure class=\"aligncenter\"><figcaption>forr\u00e1s: Standard &amp; Poor\u2019s, saj\u00e1t k\u00e9sz\u00edt\u00e9s <\/figcaption><\/figure>\n<\/div>\n<p><strong>Ami az \u00e1br\u00e1n sz\u00e1momra<br \/>\n\u00a0legink\u00e1bb informat\u00edv \u00a0a j\u00f6v\u0151re val\u00f3 tekintettel, az a tavalyi utols\u00f3<br \/>\nnegyed\u00e9v.<\/strong> Imm\u00e1ron 223 milli\u00e1rd doll\u00e1r k\u00f6r\u00fcli \u00e9rt\u00e9kben hajtottak v\u00e9gre<br \/>\nvisszav\u00e1s\u00e1rl\u00e1sokat a v\u00e1llalatok e peri\u00f3dusban. <\/p>\n<p><strong>De mi\u00e9rt is olyan \u00e9rdekes ez? <\/strong>2018 utols\u00f3 negyed\u00e9ve volt az az id\u0151szak, amikor beszakadtak a r\u00e9szv\u00e9nypiacok az er\u0151s\u00f6d\u0151 vil\u00e1ggazdas\u00e1gi lassul\u00e1s \u00e9s a szigorod\u00f3 jegybankok \u00e1ltal t\u00e1masztott f\u00e9lelmek miatt. <strong>A v\u00e1llalatok pedig szemrebben\u00e9s n\u00e9lk\u00fcl megvett\u00e9k a beszakad\u00e1st <\/strong>\u2013 <strong>az el\u0151zetes adatok alapj\u00e1n az idei, els\u0151 negyed\u00e9ves visszav\u00e1s\u00e1rl\u00e1sok is az el\u0151z\u0151 negyed\u00e9v szintje k\u00f6r\u00fcl alakulnak <\/strong>\u2013<strong>, mik\u00f6zben a vil\u00e1g azon gondolkozott, hogy elkezd\u0151d\u00f6tt-e a medve piac \u00e9s h\u00e1ny h\u00f3napon bel\u00fcl j\u00f6n a recesszi\u00f3. <\/strong>Ez kiv\u00e1ltk\u00e9pp annak f\u00e9ny\u00e9ben figyelemrem\u00e9lt\u00f3, hogy az int\u00e9zm\u00e9nyi befektet\u0151k sz\u00e1m\u00e1ra ez sem hatott \u00f6szt\u00f6nz\u0151leg ahhoz, hogy magas k\u00e9szp\u00e9nz\u00e1llom\u00e1nyukat r\u00e9szv\u00e9nyek v\u00e1s\u00e1rl\u00e1s\u00e1ra ford\u00edts\u00e1k az elm\u00falt h\u00f3napokban.<\/p>\n<p>Megn\u00e9ztem tov\u00e1bb\u00e1, hogy az elm\u00falt \u00f6t \u00e9vben az \u00f6sszes visszav\u00e1s\u00e1rl\u00e1shoz hogyan j\u00e1rultak hozz\u00e1 az egyes szektorok. <strong>Az \u00fczenet legink\u00e1bb az, hogy a visszav\u00e1s\u00e1rl\u00e1si jelens\u00e9g nem kifejezetten egy szektorhoz k\u00f6thet\u0151, hanem sz\u00e9lesk\u00f6r\u0171<\/strong>. <\/p>\n<div class=\"wp-block-image\">\n<figure class=\"aligncenter\"><img decoding=\"async\" src=\"https:\/\/favorite-news.com\/hu\/wp-content\/uploads\/sites\/3\/2019\/04\/1556303713_44_folytatodhat-a-reszvenypiaci-emelkedes-\u2013-az-amerikai-vallalatok-megtettek-tetjeiket.png\" alt=\"\" class=\"wp-image-204425\"  \/><figcaption>forr\u00e1s: Standard &amp; Poor\u2019s, saj\u00e1t k\u00e9sz\u00edt\u00e9s<\/figcaption><\/figure>\n<\/div>\n<h5><strong>t\u00f6bb<br \/>\nvisszav\u00e1s\u00e1rl\u00e1s = nagyobb hozam?<\/strong><\/h5>\n<p>Felmer\u00fclt<br \/>\nbennem a gondolat, hogy megn\u00e9zzem, a v\u00e1ls\u00e1got k\u00f6vet\u0151 m\u00e9lypont (2009 m\u00e1rcius)<br \/>\nel\u00e9r\u00e9se \u00f3ta hogyan teljes\u00edtettek az S&amp;P 500 indexet alkot\u00f3 v\u00e1llalatok k\u00f6z\u00fcl<br \/>\na legnagyobb visszav\u00e1s\u00e1rl\u00e1st folytat\u00f3 c\u00e9gek, a teljes indexhez viszony\u00edtva. K\u00e9sz\u00edtettem<br \/>\nk\u00e9t \u00e1br\u00e1t ennek felt\u00e1r\u00e1s\u00e1hoz. Az els\u0151 az S&amp;P 500 legnagyobb visszav\u00e1s\u00e1rl\u00f3<br \/>\nv\u00e1llalatait, valamint mag\u00e1t az S&amp;P 500 index teljes\u00edtm\u00e9ny\u00e9t mutatja. A<br \/>\ngrafikon besz\u00e9des: <strong>\u00f6sszesen k\u00f6zel k\u00e9tsz\u00e1z<br \/>\nsz\u00e1zal\u00e9kponttal fel\u00fclm\u00falt\u00e1k a piacot az agressz\u00edv visszav\u00e1s\u00e1rl\u00e1st folytat\u00f3<br \/>\nv\u00e1llalatok a t\u00edz \u00e9v leforg\u00e1sa alatt.<\/strong><\/p>\n<div class=\"wp-block-image\">\n<figure class=\"aligncenter\"><img decoding=\"async\" src=\"https:\/\/favorite-news.com\/hu\/wp-content\/uploads\/sites\/3\/2019\/04\/1556303714_424_folytatodhat-a-reszvenypiaci-emelkedes-\u2013-az-amerikai-vallalatok-megtettek-tetjeiket.png\" alt=\"\" class=\"wp-image-204426\"  \/><figcaption>forr\u00e1s: Bloomberg, saj\u00e1t k\u00e9sz\u00edt\u00e9s<\/figcaption><\/figure>\n<\/div>\n<p>A m\u00e1sodik \u00e1bra arra hivatott v\u00e1laszt adni, hogy mennyire konzisztens a k\u00e9t csoport k\u00f6z\u00f6tti k\u00fcl\u00f6nbs\u00e9g a ciklusban: ehhez a legnagyobb visszav\u00e1s\u00e1rl\u00f3 v\u00e1llatok \u00e9s az S&amp;P 500 index hozamk\u00fcl\u00f6nbs\u00e9g\u00e9nek tizenk\u00e9t havi mozg\u00f3\u00e1tlag\u00e1t t\u00fcntettem fel. <strong>A grafikon a 2009-es m\u00e9lypont \u00e9s 2015 v\u00e9ge k\u00f6z\u00f6tti peri\u00f3dusban jelent\u0151s \u00e9ves hozampr\u00e9miumra vil\u00e1g\u00edt r\u00e1 a visszav\u00e1s\u00e1rl\u00f3k jav\u00e1ra, az oll\u00f3 sz\u00e9tny\u00edl\u00e1sa teh\u00e1t legink\u00e1bb ennek az id\u0151szaknak k\u00f6sz\u00f6nhet\u0151. <\/strong>\u00a0\u00d6sszess\u00e9g\u00e9ben az mondhat\u00f3 el, hogy a ciklusban \u00e1tlagosan magasabb realiz\u00e1lhat\u00f3 hozammal j\u00e1rt a nagyobb visszav\u00e1s\u00e1rl\u00e1s, ugyanakkor a k\u00fcl\u00f6nbs\u00e9g m\u00e1ra a kor\u00e1bbiakhoz k\u00e9pest lecs\u00f6kkent, az el\u0151jel is gyakrabban fordul meg.<\/p>\n<div class=\"wp-block-image\">\n<figure class=\"aligncenter\"><img decoding=\"async\" src=\"https:\/\/favorite-news.com\/hu\/wp-content\/uploads\/sites\/3\/2019\/04\/1556303714_441_folytatodhat-a-reszvenypiaci-emelkedes-\u2013-az-amerikai-vallalatok-megtettek-tetjeiket.png\" alt=\"\" class=\"wp-image-204427\"  \/><figcaption>forr\u00e1s: Bloomberg, saj\u00e1t k\u00e9sz\u00edt\u00e9s<\/figcaption><\/figure>\n<\/div>\n<h5><strong>a t\u00e1volba<br \/>\nr\u00e9vedve<\/strong><\/h5>\n<p>Az elm\u00falt b\u0151 f\u00e9l\u00e9v dupla fordulata (hatalmas piaci f\u00e9lelem, majd elemi erej\u0171 felpattan\u00e1s) ut\u00e1n a <strong>napokban \u00faj t\u00f6rt\u00e9nelmi magass\u00e1gban is z\u00e1rt az S&amp;P 500<\/strong>. A hetekben bizony\u00e1ra forr\u00f3 t\u00e9ma lesz, hogy k\u00e9pes lesz-e az amerikai r\u00e9szv\u00e9nypiac \u00faj cs\u00facsokat d\u00f6ngetni, vagy az utols\u00f3kat r\u00fagja a bika piac \u00e9s elker\u00fclhetetlen a kij\u00f3zanod\u00e1s. <\/p>\n<p><strong>Azt gondolom, hogy az \u00e9v v\u00e9g\u00e9n feler\u0151s\u00f6d\u0151 f\u00e9lelmekre adott jegybanki reakci\u00f3k, az USA-K\u00edna kereskedelmi h\u00e1bor\u00fa v\u00e9g\u00e9hez val\u00f3 k\u00f6zeled\u00e9s hosszabb t\u00e1von is nyugtat\u00f3 hat\u00e1ssal lesz a befektet\u0151re.<\/strong> Emellett szerintem a legnagyobb egyszem\u00e9ly\u0171 kock\u00e1zati faktor, Trump is vissza fog venni a volatilit\u00e1st gener\u00e1l\u00f3 akci\u00f3ib\u00f3l, ahogy k\u00f6zeled\u00fcnk a j\u00f6v\u0151 \u00e9vi amerikai eln\u00f6kv\u00e1laszt\u00e1shoz, hiszen az eln\u00f6k kiemelten fontos eredm\u00e9nym\u00e9r\u0151j\u00e9nek tartja a r\u00e9szv\u00e9nypiac sz\u00e1rnyal\u00e1s\u00e1t. <\/p>\n<p>Ezen t\u00falmen\u0151en a kor\u00e1bbi recesszi\u00f3s v\u00e1rakoz\u00e1sok helyett \u00fagy t\u0171nik, hogy egyre ink\u00e1bb <strong>\u201ecsak\u201d lassul\u00e1sr\u00f3l besz\u00e9lhet\u00fcnk<\/strong>. Az IMF progn\u00f3zisa szerint 3,5% k\u00f6r\u00fcl alakulhat a vil\u00e1ggazdas\u00e1g, 2% k\u00f6r\u00fcl az USA \u00e9ves GDP n\u00f6veked\u00e9si \u00fcteme a k\u00f6vetkez\u0151 \u00e9vekben, amely egy\u00e1ltal\u00e1n nem tekinthet\u0151 v\u00e9szj\u00f3sl\u00f3nak historikusan n\u00e9zve sem.<\/p>\n<div class=\"wp-block-image\">\n<figure class=\"aligncenter\"><img decoding=\"async\" src=\"https:\/\/favorite-news.com\/hu\/wp-content\/uploads\/sites\/3\/2019\/04\/1556303714_997_folytatodhat-a-reszvenypiaci-emelkedes-\u2013-az-amerikai-vallalatok-megtettek-tetjeiket.png\" alt=\"\" class=\"wp-image-204428\"  \/><figcaption>forr\u00e1s: IMF, saj\u00e1t k\u00e9sz\u00edt\u00e9s<\/figcaption><\/figure>\n<\/div>\n<p>Az amerikai beszerz\u00e9si menedzser indexek, noha lejjebb<br \/>\nj\u00f6ttek a tavalyi \u00e9v m\u00e1sodik fel\u00e9ben, jelenleg is optimista tartom\u00e1nyban<br \/>\ntart\u00f3zkodnak. A hetekben zajl\u00f3 amerikai gyorsjelent\u00e9sek pedig javar\u00e9szt hozz\u00e1k (eddig)<br \/>\na szer\u00e9ny elemz\u0151i v\u00e1rakoz\u00e1sokat. <\/p>\n<p><strong>A vil\u00e1gon tov\u00e1bbra is<br \/>\nrendk\u00edv\u00fcl alacsony re\u00e1lhozamok \u00e9rhet\u0151k el, \u00e9s mivel nem v\u00e1rom a kamatok \u00e9rdemi<br \/>\nemelked\u00e9s\u00e9t a k\u00f6vetkez\u0151 id\u0151szakban sem, ez v\u00e9lem\u00e9nyem szerint szint\u00e9n a<br \/>\nr\u00e9szv\u00e9nyek fel\u00e9 terelheti a (magas k\u00e9szp\u00e9nz \u00e1llom\u00e1nnyal rendelkez\u0151) befektet\u0151ket<br \/>\nk\u00fcl\u00f6n\u00f6sen pozit\u00edv h\u00edrek n\u00e9lk\u00fcl is. <\/strong><\/p>\n<p>A v\u00e1llalatok t\u00f6retlen r\u00e9szv\u00e9ny visszav\u00e1s\u00e1rl\u00e1sa pedig arr\u00f3l mes\u00e9l,<br \/>\nhogy \u0151ket nem sz\u00fcks\u00e9ges a j\u00f6v\u0151beli n\u00f6veked\u00e9si kil\u00e1t\u00e1sokr\u00f3l gy\u0151zk\u00f6dni. Ez persze<br \/>\nk\u00e9t\u00e9l\u0171 fegyver: ha t\u00e9vednek, \u00e9s t\u00e9nyleg hamarabb j\u00f6n p\u00e9ld\u00e1ul egy recesszi\u00f3 vagy<br \/>\nemelkednek meg jelent\u0151sen a kamatok \u2013 ezzel dr\u00e1g\u00e1bb\u00e1 t\u00e9ve hiteleik<br \/>\nfinansz\u00edroz\u00e1s\u00e1t \u00e9s cs\u00f6kkentve a visszav\u00e1s\u00e1rl\u00e1sra ford\u00edthat\u00f3 \u00f6sszeget \u2013, akkor a<br \/>\nk\u00f6vetkez\u0151 alkalommal \u0151k \u00e1llhatnak ki a partvonalra \u00e9s ind\u00edthatnak egy lavin\u00e1t. Ugyanakkor<br \/>\nez is egy olyan kock\u00e1zat, aminek ellens\u00falyoz\u00e1s\u00e1ra gondolkozunk portf\u00f3li\u00f3ban \u00e9s<br \/>\ndiverzifik\u00e1ci\u00f3ban. A jelenlegi szinteken a r\u00f6vid t\u00e1v\u00fa t\u00falvetts\u00e9g miatt<br \/>\nesetlegesen megjelen\u0151 ir\u00e1nykeres\u00e9s ut\u00e1n, az \u00e1ltal\u00e1nos bor\u00fal\u00e1t\u00e1s cs\u00f6kken\u00e9se<br \/>\nmellett <strong>\u00e9n az \u00e9v m\u00e1sodik fel\u00e9ben tov\u00e1bbi<br \/>\nemelked\u00e9st, \u00faj cs\u00facsokat v\u00e1rok az amerikai r\u00e9szv\u00e9nypiact\u00f3l a fentiek t\u00fckr\u00e9ben. <\/strong><\/p>\n<div id=\"polls-35-loading\" class=\"wp-polls-loading\"><img loading=\"lazy\" decoding=\"async\" src=\"https:\/\/favorite-news.com\/hu\/wp-content\/uploads\/sites\/3\/2019\/04\/folytatodhat-a-reszvenypiaci-emelkedes-\u2013-az-amerikai-vallalatok-megtettek-tetjeiket.gif\" width=\"16\" height=\"16\" alt=\"Bet\u00f6lt\u00e9s ...\" title=\"Bet\u00f6lt\u00e9s ...\" class=\"wp-polls-image\"\/>\u00a0Bet\u00f6lt\u00e9s &#8230;<\/div>\n<\/div>\n<p><script>(function(d, s, id){\n\t\t\t\t var js, fjs = d.getElementsByTagName(s)[0];\n\t\t\t\t if (d.getElementById(id)) {return;}\n\t\t\t\t js = d.createElement(s); js.id = id;\n\t\t\t\t js.src = \"http:\/\/connect.facebook.net\/en_US\/sdk.js#xfbml=1&version=v2.6\";\n\t\t\t\t fjs.parentNode.insertBefore(js, fjs);\n\t\t\t   }(document, 'script', 'facebook-jssdk'));<\/script><br \/>\n<br \/>[ad_2]<br \/>\n<br \/><a href=\"https:\/\/www.portfolio.hu\/redirect\/folytatodhat-a-reszvenypiaci-emelkedes-az-amerikai-vallalatok-megtettek-tetjeiket.322273.html\">Source link <\/a><\/p>\n","protected":false},"excerpt":{"rendered":"<p>[ad_1] A 2007-08-as v\u00e1ls\u00e1got k\u00f6vet\u0151en tal\u00e1n csak kevesen sejtett\u00e9k, hogy az \u00e9ppen kialakult bizalmi kr\u00edzis k\u00f6vetkezt\u00e9ben akadoz\u00f3 bankk\u00f6zi likvidit\u00e1sny\u00fajt\u00e1s ut\u00e1n soha nem l\u00e1tott p\u00e9nzb\u0151s\u00e9g fog a vil\u00e1ggazdas\u00e1gra k\u00f6sz\u00f6nteni. Amint a v\u00e1ls\u00e1g m\u00e1r csak a visszapillant\u00f3 t\u00fck\u00f6rb\u0151l l\u00e1tsz\u00f3dott, a rekord alacsony kamatk\u00f6rnyezet \u00e1ltal biztos\u00edtott olcs\u00f3 p\u00e9nz \u00e9s a sz\u00e1rnyal\u00f3 profitok az amerikai v\u00e1llalatokat egyre ink\u00e1bb a [&hellip;]<\/p>\n","protected":false},"author":2,"featured_media":68,"comment_status":"open","ping_status":"open","sticky":false,"template":"","format":"standard","meta":{"footnotes":""},"categories":[1],"tags":[],"class_list":["post-67","post","type-post","status-publish","format-standard","has-post-thumbnail","hentry","category-penzugyi-hirek"],"yoast_head":"<!-- This site is optimized with the Yoast SEO plugin v27.4 - https:\/\/yoast.com\/product\/yoast-seo-wordpress\/ -->\n<title>folytat\u00f3dhat a r\u00e9szv\u00e9nypiaci emelked\u00e9s? \u2013 az amerikai v\u00e1llalatok megtett\u00e9k t\u00e9tjeiket | K&amp;H trendmonitor - Favorite News<\/title>\n<meta name=\"robots\" content=\"index, follow, max-snippet:-1, max-image-preview:large, max-video-preview:-1\" \/>\n<link rel=\"canonical\" href=\"https:\/\/favorite-news.com\/hu\/folytatodhat-a-reszvenypiaci-emelkedes-az-amerikai-vallalatok-megtettek-tetjeiket-kh-trendmonitor\/\" \/>\n<meta property=\"og:locale\" content=\"hu_HU\" \/>\n<meta property=\"og:type\" content=\"article\" \/>\n<meta property=\"og:title\" content=\"folytat\u00f3dhat a r\u00e9szv\u00e9nypiaci emelked\u00e9s? \u2013 az amerikai v\u00e1llalatok megtett\u00e9k t\u00e9tjeiket | K&amp;H trendmonitor - Favorite News\" \/>\n<meta property=\"og:description\" content=\"[ad_1] A 2007-08-as v\u00e1ls\u00e1got k\u00f6vet\u0151en tal\u00e1n csak kevesen sejtett\u00e9k, hogy az \u00e9ppen kialakult bizalmi kr\u00edzis k\u00f6vetkezt\u00e9ben akadoz\u00f3 bankk\u00f6zi likvidit\u00e1sny\u00fajt\u00e1s ut\u00e1n soha nem l\u00e1tott p\u00e9nzb\u0151s\u00e9g fog a vil\u00e1ggazdas\u00e1gra k\u00f6sz\u00f6nteni. Amint a v\u00e1ls\u00e1g m\u00e1r csak a visszapillant\u00f3 t\u00fck\u00f6rb\u0151l l\u00e1tsz\u00f3dott, a rekord alacsony kamatk\u00f6rnyezet \u00e1ltal biztos\u00edtott olcs\u00f3 p\u00e9nz \u00e9s a sz\u00e1rnyal\u00f3 profitok az amerikai v\u00e1llalatokat egyre ink\u00e1bb a [&hellip;]\" \/>\n<meta property=\"og:url\" content=\"https:\/\/favorite-news.com\/hu\/folytatodhat-a-reszvenypiaci-emelkedes-az-amerikai-vallalatok-megtettek-tetjeiket-kh-trendmonitor\/\" \/>\n<meta property=\"og:site_name\" content=\"Favorite News\" \/>\n<meta property=\"article:published_time\" content=\"2019-04-26T18:35:14+00:00\" \/>\n<meta property=\"article:modified_time\" content=\"2019-04-26T18:35:15+00:00\" \/>\n<meta property=\"og:image\" content=\"https:\/\/favorite-news.com\/hu\/wp-content\/uploads\/sites\/3\/2019\/04\/folytat\u00f3dhat-a-r\u00e9szv\u00e9nypiaci-emelked\u00e9s-\u2013-az-amerikai-v\u00e1llalatok-megtett\u00e9k-t\u00e9tjeiket.png\" \/>\n\t<meta property=\"og:image:width\" content=\"798\" \/>\n\t<meta property=\"og:image:height\" content=\"499\" \/>\n\t<meta property=\"og:image:type\" content=\"image\/png\" \/>\n<meta name=\"author\" content=\"favorite-news\" \/>\n<meta name=\"twitter:card\" content=\"summary_large_image\" \/>\n<meta name=\"twitter:label1\" content=\"Szerz\u0151:\" \/>\n\t<meta name=\"twitter:data1\" content=\"favorite-news\" \/>\n\t<meta name=\"twitter:label2\" content=\"Becs\u00fclt olvas\u00e1si id\u0151\" \/>\n\t<meta name=\"twitter:data2\" content=\"7 perc\" \/>\n<script type=\"application\/ld+json\" class=\"yoast-schema-graph\">{\"@context\":\"https:\\\/\\\/schema.org\",\"@graph\":[{\"@type\":\"Article\",\"@id\":\"https:\\\/\\\/favorite-news.com\\\/hu\\\/folytatodhat-a-reszvenypiaci-emelkedes-az-amerikai-vallalatok-megtettek-tetjeiket-kh-trendmonitor\\\/#article\",\"isPartOf\":{\"@id\":\"https:\\\/\\\/favorite-news.com\\\/hu\\\/folytatodhat-a-reszvenypiaci-emelkedes-az-amerikai-vallalatok-megtettek-tetjeiket-kh-trendmonitor\\\/\"},\"author\":{\"name\":\"favorite-news\",\"@id\":\"https:\\\/\\\/favorite-news.com\\\/hu\\\/#\\\/schema\\\/person\\\/b91573b717dcfa5e4696032a9d28d3e8\"},\"headline\":\"folytat\u00f3dhat a r\u00e9szv\u00e9nypiaci emelked\u00e9s? \u2013 az amerikai v\u00e1llalatok megtett\u00e9k t\u00e9tjeiket | K&#038;H trendmonitor\",\"datePublished\":\"2019-04-26T18:35:14+00:00\",\"dateModified\":\"2019-04-26T18:35:15+00:00\",\"mainEntityOfPage\":{\"@id\":\"https:\\\/\\\/favorite-news.com\\\/hu\\\/folytatodhat-a-reszvenypiaci-emelkedes-az-amerikai-vallalatok-megtettek-tetjeiket-kh-trendmonitor\\\/\"},\"wordCount\":1498,\"commentCount\":0,\"image\":{\"@id\":\"https:\\\/\\\/favorite-news.com\\\/hu\\\/folytatodhat-a-reszvenypiaci-emelkedes-az-amerikai-vallalatok-megtettek-tetjeiket-kh-trendmonitor\\\/#primaryimage\"},\"thumbnailUrl\":\"https:\\\/\\\/favorite-news.com\\\/hu\\\/wp-content\\\/uploads\\\/sites\\\/3\\\/2019\\\/04\\\/folytat\u00f3dhat-a-r\u00e9szv\u00e9nypiaci-emelked\u00e9s-\u2013-az-amerikai-v\u00e1llalatok-megtett\u00e9k-t\u00e9tjeiket.png\",\"articleSection\":[\"P\u00c9NZ\u00dcGYI H\u00cdREK\"],\"inLanguage\":\"hu\",\"potentialAction\":[{\"@type\":\"CommentAction\",\"name\":\"Comment\",\"target\":[\"https:\\\/\\\/favorite-news.com\\\/hu\\\/folytatodhat-a-reszvenypiaci-emelkedes-az-amerikai-vallalatok-megtettek-tetjeiket-kh-trendmonitor\\\/#respond\"]}]},{\"@type\":\"WebPage\",\"@id\":\"https:\\\/\\\/favorite-news.com\\\/hu\\\/folytatodhat-a-reszvenypiaci-emelkedes-az-amerikai-vallalatok-megtettek-tetjeiket-kh-trendmonitor\\\/\",\"url\":\"https:\\\/\\\/favorite-news.com\\\/hu\\\/folytatodhat-a-reszvenypiaci-emelkedes-az-amerikai-vallalatok-megtettek-tetjeiket-kh-trendmonitor\\\/\",\"name\":\"folytat\u00f3dhat a r\u00e9szv\u00e9nypiaci emelked\u00e9s? \u2013 az amerikai v\u00e1llalatok megtett\u00e9k t\u00e9tjeiket | K&H trendmonitor - Favorite News\",\"isPartOf\":{\"@id\":\"https:\\\/\\\/favorite-news.com\\\/hu\\\/#website\"},\"primaryImageOfPage\":{\"@id\":\"https:\\\/\\\/favorite-news.com\\\/hu\\\/folytatodhat-a-reszvenypiaci-emelkedes-az-amerikai-vallalatok-megtettek-tetjeiket-kh-trendmonitor\\\/#primaryimage\"},\"image\":{\"@id\":\"https:\\\/\\\/favorite-news.com\\\/hu\\\/folytatodhat-a-reszvenypiaci-emelkedes-az-amerikai-vallalatok-megtettek-tetjeiket-kh-trendmonitor\\\/#primaryimage\"},\"thumbnailUrl\":\"https:\\\/\\\/favorite-news.com\\\/hu\\\/wp-content\\\/uploads\\\/sites\\\/3\\\/2019\\\/04\\\/folytat\u00f3dhat-a-r\u00e9szv\u00e9nypiaci-emelked\u00e9s-\u2013-az-amerikai-v\u00e1llalatok-megtett\u00e9k-t\u00e9tjeiket.png\",\"datePublished\":\"2019-04-26T18:35:14+00:00\",\"dateModified\":\"2019-04-26T18:35:15+00:00\",\"author\":{\"@id\":\"https:\\\/\\\/favorite-news.com\\\/hu\\\/#\\\/schema\\\/person\\\/b91573b717dcfa5e4696032a9d28d3e8\"},\"breadcrumb\":{\"@id\":\"https:\\\/\\\/favorite-news.com\\\/hu\\\/folytatodhat-a-reszvenypiaci-emelkedes-az-amerikai-vallalatok-megtettek-tetjeiket-kh-trendmonitor\\\/#breadcrumb\"},\"inLanguage\":\"hu\",\"potentialAction\":[{\"@type\":\"ReadAction\",\"target\":[\"https:\\\/\\\/favorite-news.com\\\/hu\\\/folytatodhat-a-reszvenypiaci-emelkedes-az-amerikai-vallalatok-megtettek-tetjeiket-kh-trendmonitor\\\/\"]}]},{\"@type\":\"ImageObject\",\"inLanguage\":\"hu\",\"@id\":\"https:\\\/\\\/favorite-news.com\\\/hu\\\/folytatodhat-a-reszvenypiaci-emelkedes-az-amerikai-vallalatok-megtettek-tetjeiket-kh-trendmonitor\\\/#primaryimage\",\"url\":\"https:\\\/\\\/favorite-news.com\\\/hu\\\/wp-content\\\/uploads\\\/sites\\\/3\\\/2019\\\/04\\\/folytat\u00f3dhat-a-r\u00e9szv\u00e9nypiaci-emelked\u00e9s-\u2013-az-amerikai-v\u00e1llalatok-megtett\u00e9k-t\u00e9tjeiket.png\",\"contentUrl\":\"https:\\\/\\\/favorite-news.com\\\/hu\\\/wp-content\\\/uploads\\\/sites\\\/3\\\/2019\\\/04\\\/folytat\u00f3dhat-a-r\u00e9szv\u00e9nypiaci-emelked\u00e9s-\u2013-az-amerikai-v\u00e1llalatok-megtett\u00e9k-t\u00e9tjeiket.png\",\"width\":798,\"height\":499,\"caption\":\"folytat\u00f3dhat a r\u00e9szv\u00e9nypiaci emelked\u00e9s? \u2013 az amerikai v\u00e1llalatok megtett\u00e9k t\u00e9tjeiket | K&H trendmonitor\"},{\"@type\":\"BreadcrumbList\",\"@id\":\"https:\\\/\\\/favorite-news.com\\\/hu\\\/folytatodhat-a-reszvenypiaci-emelkedes-az-amerikai-vallalatok-megtettek-tetjeiket-kh-trendmonitor\\\/#breadcrumb\",\"itemListElement\":[{\"@type\":\"ListItem\",\"position\":1,\"name\":\"Home\",\"item\":\"https:\\\/\\\/favorite-news.com\\\/hu\\\/\"},{\"@type\":\"ListItem\",\"position\":2,\"name\":\"folytat\u00f3dhat a r\u00e9szv\u00e9nypiaci emelked\u00e9s? \u2013 az amerikai v\u00e1llalatok megtett\u00e9k t\u00e9tjeiket | K&#038;H trendmonitor\"}]},{\"@type\":\"WebSite\",\"@id\":\"https:\\\/\\\/favorite-news.com\\\/hu\\\/#website\",\"url\":\"https:\\\/\\\/favorite-news.com\\\/hu\\\/\",\"name\":\"Favorite News\",\"description\":\"Favorite News Magyarorsz\u00e1g\",\"potentialAction\":[{\"@type\":\"SearchAction\",\"target\":{\"@type\":\"EntryPoint\",\"urlTemplate\":\"https:\\\/\\\/favorite-news.com\\\/hu\\\/?s={search_term_string}\"},\"query-input\":{\"@type\":\"PropertyValueSpecification\",\"valueRequired\":true,\"valueName\":\"search_term_string\"}}],\"inLanguage\":\"hu\"},{\"@type\":\"Person\",\"@id\":\"https:\\\/\\\/favorite-news.com\\\/hu\\\/#\\\/schema\\\/person\\\/b91573b717dcfa5e4696032a9d28d3e8\",\"name\":\"favorite-news\",\"image\":{\"@type\":\"ImageObject\",\"inLanguage\":\"hu\",\"@id\":\"https:\\\/\\\/secure.gravatar.com\\\/avatar\\\/6c5a5cb12b74e9d517ee91cf570335b7d16177f1977cc91db161adfa435945a7?s=96&d=mm&r=g\",\"url\":\"https:\\\/\\\/secure.gravatar.com\\\/avatar\\\/6c5a5cb12b74e9d517ee91cf570335b7d16177f1977cc91db161adfa435945a7?s=96&d=mm&r=g\",\"contentUrl\":\"https:\\\/\\\/secure.gravatar.com\\\/avatar\\\/6c5a5cb12b74e9d517ee91cf570335b7d16177f1977cc91db161adfa435945a7?s=96&d=mm&r=g\",\"caption\":\"favorite-news\"},\"url\":\"https:\\\/\\\/favorite-news.com\\\/hu\\\/author\\\/pt\\\/\"}]}<\/script>\n<!-- \/ Yoast SEO plugin. -->","yoast_head_json":{"title":"folytat\u00f3dhat a r\u00e9szv\u00e9nypiaci emelked\u00e9s? \u2013 az amerikai v\u00e1llalatok megtett\u00e9k t\u00e9tjeiket | K&H trendmonitor - Favorite News","robots":{"index":"index","follow":"follow","max-snippet":"max-snippet:-1","max-image-preview":"max-image-preview:large","max-video-preview":"max-video-preview:-1"},"canonical":"https:\/\/favorite-news.com\/hu\/folytatodhat-a-reszvenypiaci-emelkedes-az-amerikai-vallalatok-megtettek-tetjeiket-kh-trendmonitor\/","og_locale":"hu_HU","og_type":"article","og_title":"folytat\u00f3dhat a r\u00e9szv\u00e9nypiaci emelked\u00e9s? \u2013 az amerikai v\u00e1llalatok megtett\u00e9k t\u00e9tjeiket | K&H trendmonitor - Favorite News","og_description":"[ad_1] A 2007-08-as v\u00e1ls\u00e1got k\u00f6vet\u0151en tal\u00e1n csak kevesen sejtett\u00e9k, hogy az \u00e9ppen kialakult bizalmi kr\u00edzis k\u00f6vetkezt\u00e9ben akadoz\u00f3 bankk\u00f6zi likvidit\u00e1sny\u00fajt\u00e1s ut\u00e1n soha nem l\u00e1tott p\u00e9nzb\u0151s\u00e9g fog a vil\u00e1ggazdas\u00e1gra k\u00f6sz\u00f6nteni. Amint a v\u00e1ls\u00e1g m\u00e1r csak a visszapillant\u00f3 t\u00fck\u00f6rb\u0151l l\u00e1tsz\u00f3dott, a rekord alacsony kamatk\u00f6rnyezet \u00e1ltal biztos\u00edtott olcs\u00f3 p\u00e9nz \u00e9s a sz\u00e1rnyal\u00f3 profitok az amerikai v\u00e1llalatokat egyre ink\u00e1bb a [&hellip;]","og_url":"https:\/\/favorite-news.com\/hu\/folytatodhat-a-reszvenypiaci-emelkedes-az-amerikai-vallalatok-megtettek-tetjeiket-kh-trendmonitor\/","og_site_name":"Favorite News","article_published_time":"2019-04-26T18:35:14+00:00","article_modified_time":"2019-04-26T18:35:15+00:00","og_image":[{"width":798,"height":499,"url":"https:\/\/favorite-news.com\/hu\/wp-content\/uploads\/sites\/3\/2019\/04\/folytat\u00f3dhat-a-r\u00e9szv\u00e9nypiaci-emelked\u00e9s-\u2013-az-amerikai-v\u00e1llalatok-megtett\u00e9k-t\u00e9tjeiket.png","type":"image\/png"}],"author":"favorite-news","twitter_card":"summary_large_image","twitter_misc":{"Szerz\u0151:":"favorite-news","Becs\u00fclt olvas\u00e1si id\u0151":"7 perc"},"schema":{"@context":"https:\/\/schema.org","@graph":[{"@type":"Article","@id":"https:\/\/favorite-news.com\/hu\/folytatodhat-a-reszvenypiaci-emelkedes-az-amerikai-vallalatok-megtettek-tetjeiket-kh-trendmonitor\/#article","isPartOf":{"@id":"https:\/\/favorite-news.com\/hu\/folytatodhat-a-reszvenypiaci-emelkedes-az-amerikai-vallalatok-megtettek-tetjeiket-kh-trendmonitor\/"},"author":{"name":"favorite-news","@id":"https:\/\/favorite-news.com\/hu\/#\/schema\/person\/b91573b717dcfa5e4696032a9d28d3e8"},"headline":"folytat\u00f3dhat a r\u00e9szv\u00e9nypiaci emelked\u00e9s? \u2013 az amerikai v\u00e1llalatok megtett\u00e9k t\u00e9tjeiket | K&#038;H trendmonitor","datePublished":"2019-04-26T18:35:14+00:00","dateModified":"2019-04-26T18:35:15+00:00","mainEntityOfPage":{"@id":"https:\/\/favorite-news.com\/hu\/folytatodhat-a-reszvenypiaci-emelkedes-az-amerikai-vallalatok-megtettek-tetjeiket-kh-trendmonitor\/"},"wordCount":1498,"commentCount":0,"image":{"@id":"https:\/\/favorite-news.com\/hu\/folytatodhat-a-reszvenypiaci-emelkedes-az-amerikai-vallalatok-megtettek-tetjeiket-kh-trendmonitor\/#primaryimage"},"thumbnailUrl":"https:\/\/favorite-news.com\/hu\/wp-content\/uploads\/sites\/3\/2019\/04\/folytat\u00f3dhat-a-r\u00e9szv\u00e9nypiaci-emelked\u00e9s-\u2013-az-amerikai-v\u00e1llalatok-megtett\u00e9k-t\u00e9tjeiket.png","articleSection":["P\u00c9NZ\u00dcGYI H\u00cdREK"],"inLanguage":"hu","potentialAction":[{"@type":"CommentAction","name":"Comment","target":["https:\/\/favorite-news.com\/hu\/folytatodhat-a-reszvenypiaci-emelkedes-az-amerikai-vallalatok-megtettek-tetjeiket-kh-trendmonitor\/#respond"]}]},{"@type":"WebPage","@id":"https:\/\/favorite-news.com\/hu\/folytatodhat-a-reszvenypiaci-emelkedes-az-amerikai-vallalatok-megtettek-tetjeiket-kh-trendmonitor\/","url":"https:\/\/favorite-news.com\/hu\/folytatodhat-a-reszvenypiaci-emelkedes-az-amerikai-vallalatok-megtettek-tetjeiket-kh-trendmonitor\/","name":"folytat\u00f3dhat a r\u00e9szv\u00e9nypiaci emelked\u00e9s? \u2013 az amerikai v\u00e1llalatok megtett\u00e9k t\u00e9tjeiket | K&H trendmonitor - Favorite News","isPartOf":{"@id":"https:\/\/favorite-news.com\/hu\/#website"},"primaryImageOfPage":{"@id":"https:\/\/favorite-news.com\/hu\/folytatodhat-a-reszvenypiaci-emelkedes-az-amerikai-vallalatok-megtettek-tetjeiket-kh-trendmonitor\/#primaryimage"},"image":{"@id":"https:\/\/favorite-news.com\/hu\/folytatodhat-a-reszvenypiaci-emelkedes-az-amerikai-vallalatok-megtettek-tetjeiket-kh-trendmonitor\/#primaryimage"},"thumbnailUrl":"https:\/\/favorite-news.com\/hu\/wp-content\/uploads\/sites\/3\/2019\/04\/folytat\u00f3dhat-a-r\u00e9szv\u00e9nypiaci-emelked\u00e9s-\u2013-az-amerikai-v\u00e1llalatok-megtett\u00e9k-t\u00e9tjeiket.png","datePublished":"2019-04-26T18:35:14+00:00","dateModified":"2019-04-26T18:35:15+00:00","author":{"@id":"https:\/\/favorite-news.com\/hu\/#\/schema\/person\/b91573b717dcfa5e4696032a9d28d3e8"},"breadcrumb":{"@id":"https:\/\/favorite-news.com\/hu\/folytatodhat-a-reszvenypiaci-emelkedes-az-amerikai-vallalatok-megtettek-tetjeiket-kh-trendmonitor\/#breadcrumb"},"inLanguage":"hu","potentialAction":[{"@type":"ReadAction","target":["https:\/\/favorite-news.com\/hu\/folytatodhat-a-reszvenypiaci-emelkedes-az-amerikai-vallalatok-megtettek-tetjeiket-kh-trendmonitor\/"]}]},{"@type":"ImageObject","inLanguage":"hu","@id":"https:\/\/favorite-news.com\/hu\/folytatodhat-a-reszvenypiaci-emelkedes-az-amerikai-vallalatok-megtettek-tetjeiket-kh-trendmonitor\/#primaryimage","url":"https:\/\/favorite-news.com\/hu\/wp-content\/uploads\/sites\/3\/2019\/04\/folytat\u00f3dhat-a-r\u00e9szv\u00e9nypiaci-emelked\u00e9s-\u2013-az-amerikai-v\u00e1llalatok-megtett\u00e9k-t\u00e9tjeiket.png","contentUrl":"https:\/\/favorite-news.com\/hu\/wp-content\/uploads\/sites\/3\/2019\/04\/folytat\u00f3dhat-a-r\u00e9szv\u00e9nypiaci-emelked\u00e9s-\u2013-az-amerikai-v\u00e1llalatok-megtett\u00e9k-t\u00e9tjeiket.png","width":798,"height":499,"caption":"folytat\u00f3dhat a r\u00e9szv\u00e9nypiaci emelked\u00e9s? \u2013 az amerikai v\u00e1llalatok megtett\u00e9k t\u00e9tjeiket | K&H trendmonitor"},{"@type":"BreadcrumbList","@id":"https:\/\/favorite-news.com\/hu\/folytatodhat-a-reszvenypiaci-emelkedes-az-amerikai-vallalatok-megtettek-tetjeiket-kh-trendmonitor\/#breadcrumb","itemListElement":[{"@type":"ListItem","position":1,"name":"Home","item":"https:\/\/favorite-news.com\/hu\/"},{"@type":"ListItem","position":2,"name":"folytat\u00f3dhat a r\u00e9szv\u00e9nypiaci emelked\u00e9s? \u2013 az amerikai v\u00e1llalatok megtett\u00e9k t\u00e9tjeiket | K&#038;H trendmonitor"}]},{"@type":"WebSite","@id":"https:\/\/favorite-news.com\/hu\/#website","url":"https:\/\/favorite-news.com\/hu\/","name":"Favorite News","description":"Favorite News Magyarorsz\u00e1g","potentialAction":[{"@type":"SearchAction","target":{"@type":"EntryPoint","urlTemplate":"https:\/\/favorite-news.com\/hu\/?s={search_term_string}"},"query-input":{"@type":"PropertyValueSpecification","valueRequired":true,"valueName":"search_term_string"}}],"inLanguage":"hu"},{"@type":"Person","@id":"https:\/\/favorite-news.com\/hu\/#\/schema\/person\/b91573b717dcfa5e4696032a9d28d3e8","name":"favorite-news","image":{"@type":"ImageObject","inLanguage":"hu","@id":"https:\/\/secure.gravatar.com\/avatar\/6c5a5cb12b74e9d517ee91cf570335b7d16177f1977cc91db161adfa435945a7?s=96&d=mm&r=g","url":"https:\/\/secure.gravatar.com\/avatar\/6c5a5cb12b74e9d517ee91cf570335b7d16177f1977cc91db161adfa435945a7?s=96&d=mm&r=g","contentUrl":"https:\/\/secure.gravatar.com\/avatar\/6c5a5cb12b74e9d517ee91cf570335b7d16177f1977cc91db161adfa435945a7?s=96&d=mm&r=g","caption":"favorite-news"},"url":"https:\/\/favorite-news.com\/hu\/author\/pt\/"}]}},"_links":{"self":[{"href":"https:\/\/favorite-news.com\/hu\/wp-json\/wp\/v2\/posts\/67","targetHints":{"allow":["GET"]}}],"collection":[{"href":"https:\/\/favorite-news.com\/hu\/wp-json\/wp\/v2\/posts"}],"about":[{"href":"https:\/\/favorite-news.com\/hu\/wp-json\/wp\/v2\/types\/post"}],"author":[{"embeddable":true,"href":"https:\/\/favorite-news.com\/hu\/wp-json\/wp\/v2\/users\/2"}],"replies":[{"embeddable":true,"href":"https:\/\/favorite-news.com\/hu\/wp-json\/wp\/v2\/comments?post=67"}],"version-history":[{"count":1,"href":"https:\/\/favorite-news.com\/hu\/wp-json\/wp\/v2\/posts\/67\/revisions"}],"predecessor-version":[{"id":69,"href":"https:\/\/favorite-news.com\/hu\/wp-json\/wp\/v2\/posts\/67\/revisions\/69"}],"wp:featuredmedia":[{"embeddable":true,"href":"https:\/\/favorite-news.com\/hu\/wp-json\/wp\/v2\/media\/68"}],"wp:attachment":[{"href":"https:\/\/favorite-news.com\/hu\/wp-json\/wp\/v2\/media?parent=67"}],"wp:term":[{"taxonomy":"category","embeddable":true,"href":"https:\/\/favorite-news.com\/hu\/wp-json\/wp\/v2\/categories?post=67"},{"taxonomy":"post_tag","embeddable":true,"href":"https:\/\/favorite-news.com\/hu\/wp-json\/wp\/v2\/tags?post=67"}],"curies":[{"name":"wp","href":"https:\/\/api.w.org\/{rel}","templated":true}]}}