{"id":546,"date":"2019-08-14T14:58:31","date_gmt":"2019-08-14T11:58:31","guid":{"rendered":"https:\/\/favorite-news.com\/hu\/megvan-ki-vitte-el-minden-idok-legnagyobb-europai-lottonyeremenyet\/"},"modified":"2019-08-14T14:58:32","modified_gmt":"2019-08-14T11:58:32","slug":"megvan-ki-vitte-el-minden-idok-legnagyobb-europai-lottonyeremenyet","status":"publish","type":"post","link":"https:\/\/favorite-news.com\/hu\/megvan-ki-vitte-el-minden-idok-legnagyobb-europai-lottonyeremenyet\/","title":{"rendered":"Megvan, ki vitte el minden id\u0151k legnagyobb eur\u00f3pai lott\u00f3nyerem\u00e9ny\u00e9t"},"content":{"rendered":"<p> [ad_1]<br \/>\n<\/p>\n<div>Minden id\u0151k legnagyobb, 209 milli\u00f3 eur\u00f3s (67,7 milli\u00e1rd forint) eur\u00f3pai lott\u00f3nyerem\u00e9ny\u00e9t \u00fct\u00f6tt\u00e9k meg kedden este Olaszorsz\u00e1gban a Superenalotto hatoslott\u00f3n.<\/p>\n<p><b>A nyertes szelv\u00e9nyt az \u00e9szak-olaszorsz\u00e1gi, Mil\u00e1n\u00f3hoz k\u00f6zeli Lodi egyik \u00f3v\u00e1rosi trafikj\u00e1ban v\u00e1s\u00e1rolt\u00e1k 2 eur\u00f3\u00e9rt egy automat\u00e1b\u00f3l, ez\u00e9rt felt\u00e9telezik, hogy a nyertes egy helyi, k\u00f6rny\u00e9kbeli lakos.<\/b> Olaszorsz\u00e1gban soha nem hozz\u00e1k nyilv\u00e1noss\u00e1gra a lott\u00f3nyertesek nev\u00e9t.<\/p>\n<p>A k\u00f6zkedvelt Superenalott\u00f3n hat sz\u00e1mot kell eltal\u00e1lni 90-b\u0151l, sorsol\u00e1st hetente h\u00e1romszor tartanak, a telital\u00e1lat es\u00e9lye 1 a 623 milli\u00f3hoz. A rekord\u00f6sszeg\u0171 f\u0151nyerem\u00e9ny 14 h\u00f3napon \u00e1t gy\u0171lt.<\/p>\n<p>A kor\u00e1bbi eur\u00f3pai rekordot is egy olasz fogad\u00f3 tartotta, aki 2010 okt\u00f3ber\u00e9ben egy csap\u00e1sra 177,7 milli\u00f3 eur\u00f3val lett gazdagabb.<\/p>\n<p>Olaszorsz\u00e1gban a lott\u00f3nyerem\u00e9nyt 2012 \u00f3ta &#8222;szerencsead\u00f3&#8221; s\u00fajtja, amelynek m\u00e9rt\u00e9ke 2017 \u00f3ta 12 sz\u00e1zal\u00e9k, \u00edgy a mostani rekordnyerem\u00e9nyb\u0151l k\u00f6r\u00fclbel\u00fcl 25 milli\u00f3 eur\u00f3 az \u00e1llamkassza bev\u00e9teleit gyarap\u00edtja.<\/p>\n<p><span class=\"kapcs\"><span class=\"f13 gr\"><span>2019.08.08 10:04 <\/span>Megd\u0151lhet a magyar lott\u00f3rekord: 20 milli\u00e1rd forintot lehet nyerni az Eurojackpoton<\/span><\/span><\/p>\n<p style=\"text-align:center\">\n<p>K\u00e9p \u00e9s c\u00edmlapk\u00e9p forr\u00e1sa: Susann Prautsch\/picture alliance via Getty Images<\/p>\n<p><\/div>\n<p><script>\n!function(f,b,e,v,n,t,s){if(f.fbq)return;n=f.fbq=function(){n.callMethod?\nn.callMethod.apply(n,arguments):n.queue.push(arguments)};if(!f._fbq)f._fbq=n;\nn.push=n;n.loaded=!0;n.version='2.0';n.queue=[];t=b.createElement(e);t.async=!0;\nt.src=v;s=b.getElementsByTagName(e)[0];s.parentNode.insertBefore(t,s)}(window,\ndocument,'script','\/\/connect.facebook.net\/en_US\/fbevents.js');\nfbq('init', '1722858324617929');\nfbq('track', \"PageView\");<\/script><script type=\"text\/javascript\">\n$(\"#dropdown-nav\").after('<\/p>\n<div class=\"short-head\">\n<div><img loading=\"lazy\" decoding=\"async\" src=\"https:\/\/favorite-news.com\/hu\/wp-content\/uploads\/sites\/3\/2019\/04\/Havazik-a-szomszdban-PORTFOLIO.HU.png\" width=\"159\" height=\"62\" border=\"0\" alt=\"\"><\/div>\n<\/div>\n<p>')\n\/\/$(\"#cikk\").before('<\/p>\n<div id=\"rovat-melleklet-text\">Short<\/div>\n<p>');\nfunction showsponsored() {\n\/\/$(\"#superbanner\").show();\n$(\"#szponzordiv\").hide();\n$(\"#content\").show();\n$(\"#cikk-right1\").show();\n\/\/$(\"#szponzoraltcsik\").show();\n}\nif(szponzoralt==true) {\n$(\"#content\").hide();\n$(\"#szponzordiv\").show();\n\/\/$(\"#szponzoraltcsik\").hide();\n$(\"#cikk-right1\").hide();\n} else {\n$(\"#content\").show();\n}\n$(\"div.cikk-szavazas\").html('<img loading=\"lazy\" decoding=\"async\" src=\"https:\/\/favorite-news.com\/hu\/wp-content\/uploads\/sites\/3\/2019\/04\/Farmot-csinlunk-a-fekete-lyukbl-hogy-elhalasszuk-a-vilgvgt.gif\" width=\"16\" height=\"16\" border=\"0\" alt=\"\" title=\"\" hspace=\"5\" vspace=\"5\">');\n$(document).ready(function() {\ninlinevote(334323);\n$(\".poll\").poll();\n\/\/$(\"#fbplace_up\").html('<\/p>\n<div id=\"fb-root\"><\/div>\n<div class=\"fb-like\" data-send=\"false\" data-layout=\"button_count\" data-width=\"130\" data-show-faces=\"false\" data-action=\"recommend\"><\/div>\n<p>');\n\/*var id = 'fbjs';\nvar d=document;\nif (document.getElementById(id)) return;\nvar fjs = d.getElementsByTagName('script')[0];\nvar js = d.createElement('script');\njs.id = id;\njs.src = \"http:\/\/connect.facebook.net\/hu_HU\/all.js#xfbml=1\";\nfjs.parentNode.insertBefore(js, fjs);*\/\nvar id = 'fbjs';\nvar d=document;\nif (document.getElementById(id)) return;\nvar fjs = d.getElementsByTagName('script')[0];\nvar js = d.createElement('script');\njs.id = id;\njs.src = \"https:\/\/connect.facebook.net\/hu_HU\/sdk.js#xfbml=1&version=v2.11&appId=326995253100\";\nfjs.parentNode.insertBefore(js, fjs);\n\/\/$(\"#fbplace_up\").html('<\/p>\n<div id=\"fb-root\"><\/div>\n<div class=\"fb-like\" data-href=\"https%3A%2F%2Fwww.portfolio.hu%2Fshort%2Fmegvan-ki-vitte-el-minden-idok-legnagyobb-europai-lottonyeremenyet.334323.html\" data-layout=\"button_count\" data-action=\"recommend\" data-show-faces=\"false\" data-share=\"true\" data-mobile_iframe=\"true\"><\/div>\n<p>');\n$(\"#fbplace_up\").html('<\/p>\n<div class=\"fb-like\" data-href=\"https%3A%2F%2Fwww.portfolio.hu%2Fshort%2Fmegvan-ki-vitte-el-minden-idok-legnagyobb-europai-lottonyeremenyet.334323.html\" data-layout=\"button_count\" data-action=\"recommend\" data-show-faces=\"false\" data-share=\"true\" data-mobile_iframe=\"true\"><\/div>\n<p>');\n$(\"#fbplace_dn\").html('<\/p>\n<div class=\"fb-like\" data-href=\"https%3A%2F%2Fwww.portfolio.hu%2Fshort%2Fmegvan-ki-vitte-el-minden-idok-legnagyobb-europai-lottonyeremenyet.334323.html\" data-layout=\"button_count\" data-action=\"recommend\" data-show-faces=\"false\" data-share=\"true\" data-mobile_iframe=\"true\"><\/div>\n<p>');\n\/\/$(\"#fbplace_up\").html('<\/p>\n<div class=\"fb-like\" data-href=\"https%3A%2F%2Fwww.portfolio.hu%2Fshort%2Fmegvan-ki-vitte-el-minden-idok-legnagyobb-europai-lottonyeremenyet.334323.html\" data-layout=\"button_count\" data-action=\"recommend\" data-show-faces=\"false\" data-share=\"true\" data-mobile_iframe=\"true\"><\/div>\n<p>');\n\/\/$(\"#facebook-box\").html('<iframe src=\"http:\/\/www.facebook.com\/plugins\/likebox.php?api_key=113869198637480&#038;connections=10&#038;header=true&#038;height=335&#038;id=47451527654&#038;locale=hu_HU&#038;sdk=joey&#038;stream=false&#038;width=310\" scrolling=\"no\" frameborder=\"0\" allowTransparency=\"true\" style=\"border:none; overflow:hidden; width:310px; height:338px;margin-top:10px;\"><\/iframe>');\n});\n<\/script><br \/>\n<br \/>[ad_2]<br \/>\n<br \/><a href=\"https:\/\/www.portfolio.hu\/short\/megvan-ki-vitte-el-minden-idok-legnagyobb-europai-lottonyeremenyet.334323.html\">Source link <\/a><\/p>\n","protected":false},"excerpt":{"rendered":"<p>[ad_1] Minden id\u0151k legnagyobb, 209 milli\u00f3 eur\u00f3s (67,7 milli\u00e1rd forint) eur\u00f3pai lott\u00f3nyerem\u00e9ny\u00e9t \u00fct\u00f6tt\u00e9k meg kedden este Olaszorsz\u00e1gban a Superenalotto hatoslott\u00f3n. A nyertes szelv\u00e9nyt az \u00e9szak-olaszorsz\u00e1gi, Mil\u00e1n\u00f3hoz k\u00f6zeli Lodi egyik \u00f3v\u00e1rosi trafikj\u00e1ban v\u00e1s\u00e1rolt\u00e1k 2 eur\u00f3\u00e9rt egy automat\u00e1b\u00f3l, ez\u00e9rt felt\u00e9telezik, hogy a nyertes egy helyi, k\u00f6rny\u00e9kbeli lakos. Olaszorsz\u00e1gban soha nem hozz\u00e1k nyilv\u00e1noss\u00e1gra a lott\u00f3nyertesek nev\u00e9t. A k\u00f6zkedvelt [&hellip;]<\/p>\n","protected":false},"author":2,"featured_media":547,"comment_status":"open","ping_status":"open","sticky":false,"template":"","format":"standard","meta":{"footnotes":""},"categories":[1],"tags":[],"class_list":["post-546","post","type-post","status-publish","format-standard","has-post-thumbnail","hentry","category-penzugyi-hirek"],"yoast_head":"<!-- This site is optimized with the Yoast SEO plugin v27.4 - https:\/\/yoast.com\/product\/yoast-seo-wordpress\/ -->\n<title>Megvan, ki vitte el minden id\u0151k legnagyobb eur\u00f3pai lott\u00f3nyerem\u00e9ny\u00e9t - Favorite News<\/title>\n<meta name=\"robots\" content=\"index, follow, max-snippet:-1, max-image-preview:large, max-video-preview:-1\" \/>\n<link rel=\"canonical\" href=\"https:\/\/favorite-news.com\/hu\/megvan-ki-vitte-el-minden-idok-legnagyobb-europai-lottonyeremenyet\/\" \/>\n<meta property=\"og:locale\" content=\"hu_HU\" \/>\n<meta property=\"og:type\" content=\"article\" \/>\n<meta property=\"og:title\" content=\"Megvan, ki vitte el minden id\u0151k legnagyobb eur\u00f3pai lott\u00f3nyerem\u00e9ny\u00e9t - Favorite News\" \/>\n<meta property=\"og:description\" content=\"[ad_1] Minden id\u0151k legnagyobb, 209 milli\u00f3 eur\u00f3s (67,7 milli\u00e1rd forint) eur\u00f3pai lott\u00f3nyerem\u00e9ny\u00e9t \u00fct\u00f6tt\u00e9k meg kedden este Olaszorsz\u00e1gban a Superenalotto hatoslott\u00f3n. A nyertes szelv\u00e9nyt az \u00e9szak-olaszorsz\u00e1gi, Mil\u00e1n\u00f3hoz k\u00f6zeli Lodi egyik \u00f3v\u00e1rosi trafikj\u00e1ban v\u00e1s\u00e1rolt\u00e1k 2 eur\u00f3\u00e9rt egy automat\u00e1b\u00f3l, ez\u00e9rt felt\u00e9telezik, hogy a nyertes egy helyi, k\u00f6rny\u00e9kbeli lakos. Olaszorsz\u00e1gban soha nem hozz\u00e1k nyilv\u00e1noss\u00e1gra a lott\u00f3nyertesek nev\u00e9t. A k\u00f6zkedvelt [&hellip;]\" \/>\n<meta property=\"og:url\" content=\"https:\/\/favorite-news.com\/hu\/megvan-ki-vitte-el-minden-idok-legnagyobb-europai-lottonyeremenyet\/\" \/>\n<meta property=\"og:site_name\" content=\"Favorite News\" \/>\n<meta property=\"article:published_time\" content=\"2019-08-14T11:58:31+00:00\" \/>\n<meta property=\"article:modified_time\" content=\"2019-08-14T11:58:32+00:00\" \/>\n<meta property=\"og:image\" content=\"https:\/\/favorite-news.com\/hu\/wp-content\/uploads\/sites\/3\/2019\/08\/Megvan-ki-vitte-el-minden-id\u0151k-legnagyobb-eur\u00f3pai-lott\u00f3nyerem\u00e9ny\u00e9t.jpg\" \/>\n\t<meta property=\"og:image:width\" content=\"640\" \/>\n\t<meta property=\"og:image:height\" content=\"360\" \/>\n\t<meta property=\"og:image:type\" content=\"image\/jpeg\" \/>\n<meta name=\"author\" content=\"favorite-news\" \/>\n<meta name=\"twitter:card\" content=\"summary_large_image\" \/>\n<meta name=\"twitter:label1\" content=\"Szerz\u0151:\" \/>\n\t<meta name=\"twitter:data1\" content=\"favorite-news\" \/>\n\t<meta name=\"twitter:label2\" content=\"Becs\u00fclt olvas\u00e1si id\u0151\" \/>\n\t<meta name=\"twitter:data2\" content=\"1 perc\" \/>\n<script type=\"application\/ld+json\" class=\"yoast-schema-graph\">{\"@context\":\"https:\\\/\\\/schema.org\",\"@graph\":[{\"@type\":\"Article\",\"@id\":\"https:\\\/\\\/favorite-news.com\\\/hu\\\/megvan-ki-vitte-el-minden-idok-legnagyobb-europai-lottonyeremenyet\\\/#article\",\"isPartOf\":{\"@id\":\"https:\\\/\\\/favorite-news.com\\\/hu\\\/megvan-ki-vitte-el-minden-idok-legnagyobb-europai-lottonyeremenyet\\\/\"},\"author\":{\"name\":\"favorite-news\",\"@id\":\"https:\\\/\\\/favorite-news.com\\\/hu\\\/#\\\/schema\\\/person\\\/b91573b717dcfa5e4696032a9d28d3e8\"},\"headline\":\"Megvan, ki vitte el minden id\u0151k legnagyobb eur\u00f3pai lott\u00f3nyerem\u00e9ny\u00e9t\",\"datePublished\":\"2019-08-14T11:58:31+00:00\",\"dateModified\":\"2019-08-14T11:58:32+00:00\",\"mainEntityOfPage\":{\"@id\":\"https:\\\/\\\/favorite-news.com\\\/hu\\\/megvan-ki-vitte-el-minden-idok-legnagyobb-europai-lottonyeremenyet\\\/\"},\"wordCount\":226,\"commentCount\":0,\"image\":{\"@id\":\"https:\\\/\\\/favorite-news.com\\\/hu\\\/megvan-ki-vitte-el-minden-idok-legnagyobb-europai-lottonyeremenyet\\\/#primaryimage\"},\"thumbnailUrl\":\"https:\\\/\\\/favorite-news.com\\\/hu\\\/wp-content\\\/uploads\\\/sites\\\/3\\\/2019\\\/08\\\/Megvan-ki-vitte-el-minden-id\u0151k-legnagyobb-eur\u00f3pai-lott\u00f3nyerem\u00e9ny\u00e9t.jpg\",\"articleSection\":[\"P\u00c9NZ\u00dcGYI H\u00cdREK\"],\"inLanguage\":\"hu\",\"potentialAction\":[{\"@type\":\"CommentAction\",\"name\":\"Comment\",\"target\":[\"https:\\\/\\\/favorite-news.com\\\/hu\\\/megvan-ki-vitte-el-minden-idok-legnagyobb-europai-lottonyeremenyet\\\/#respond\"]}]},{\"@type\":\"WebPage\",\"@id\":\"https:\\\/\\\/favorite-news.com\\\/hu\\\/megvan-ki-vitte-el-minden-idok-legnagyobb-europai-lottonyeremenyet\\\/\",\"url\":\"https:\\\/\\\/favorite-news.com\\\/hu\\\/megvan-ki-vitte-el-minden-idok-legnagyobb-europai-lottonyeremenyet\\\/\",\"name\":\"Megvan, ki vitte el minden id\u0151k legnagyobb eur\u00f3pai lott\u00f3nyerem\u00e9ny\u00e9t - Favorite News\",\"isPartOf\":{\"@id\":\"https:\\\/\\\/favorite-news.com\\\/hu\\\/#website\"},\"primaryImageOfPage\":{\"@id\":\"https:\\\/\\\/favorite-news.com\\\/hu\\\/megvan-ki-vitte-el-minden-idok-legnagyobb-europai-lottonyeremenyet\\\/#primaryimage\"},\"image\":{\"@id\":\"https:\\\/\\\/favorite-news.com\\\/hu\\\/megvan-ki-vitte-el-minden-idok-legnagyobb-europai-lottonyeremenyet\\\/#primaryimage\"},\"thumbnailUrl\":\"https:\\\/\\\/favorite-news.com\\\/hu\\\/wp-content\\\/uploads\\\/sites\\\/3\\\/2019\\\/08\\\/Megvan-ki-vitte-el-minden-id\u0151k-legnagyobb-eur\u00f3pai-lott\u00f3nyerem\u00e9ny\u00e9t.jpg\",\"datePublished\":\"2019-08-14T11:58:31+00:00\",\"dateModified\":\"2019-08-14T11:58:32+00:00\",\"author\":{\"@id\":\"https:\\\/\\\/favorite-news.com\\\/hu\\\/#\\\/schema\\\/person\\\/b91573b717dcfa5e4696032a9d28d3e8\"},\"breadcrumb\":{\"@id\":\"https:\\\/\\\/favorite-news.com\\\/hu\\\/megvan-ki-vitte-el-minden-idok-legnagyobb-europai-lottonyeremenyet\\\/#breadcrumb\"},\"inLanguage\":\"hu\",\"potentialAction\":[{\"@type\":\"ReadAction\",\"target\":[\"https:\\\/\\\/favorite-news.com\\\/hu\\\/megvan-ki-vitte-el-minden-idok-legnagyobb-europai-lottonyeremenyet\\\/\"]}]},{\"@type\":\"ImageObject\",\"inLanguage\":\"hu\",\"@id\":\"https:\\\/\\\/favorite-news.com\\\/hu\\\/megvan-ki-vitte-el-minden-idok-legnagyobb-europai-lottonyeremenyet\\\/#primaryimage\",\"url\":\"https:\\\/\\\/favorite-news.com\\\/hu\\\/wp-content\\\/uploads\\\/sites\\\/3\\\/2019\\\/08\\\/Megvan-ki-vitte-el-minden-id\u0151k-legnagyobb-eur\u00f3pai-lott\u00f3nyerem\u00e9ny\u00e9t.jpg\",\"contentUrl\":\"https:\\\/\\\/favorite-news.com\\\/hu\\\/wp-content\\\/uploads\\\/sites\\\/3\\\/2019\\\/08\\\/Megvan-ki-vitte-el-minden-id\u0151k-legnagyobb-eur\u00f3pai-lott\u00f3nyerem\u00e9ny\u00e9t.jpg\",\"width\":640,\"height\":360,\"caption\":\"Megvan, ki vitte el minden id\u0151k legnagyobb eur\u00f3pai lott\u00f3nyerem\u00e9ny\u00e9t\"},{\"@type\":\"BreadcrumbList\",\"@id\":\"https:\\\/\\\/favorite-news.com\\\/hu\\\/megvan-ki-vitte-el-minden-idok-legnagyobb-europai-lottonyeremenyet\\\/#breadcrumb\",\"itemListElement\":[{\"@type\":\"ListItem\",\"position\":1,\"name\":\"Home\",\"item\":\"https:\\\/\\\/favorite-news.com\\\/hu\\\/\"},{\"@type\":\"ListItem\",\"position\":2,\"name\":\"Megvan, ki vitte el minden id\u0151k legnagyobb eur\u00f3pai lott\u00f3nyerem\u00e9ny\u00e9t\"}]},{\"@type\":\"WebSite\",\"@id\":\"https:\\\/\\\/favorite-news.com\\\/hu\\\/#website\",\"url\":\"https:\\\/\\\/favorite-news.com\\\/hu\\\/\",\"name\":\"Favorite News\",\"description\":\"Favorite News Magyarorsz\u00e1g\",\"potentialAction\":[{\"@type\":\"SearchAction\",\"target\":{\"@type\":\"EntryPoint\",\"urlTemplate\":\"https:\\\/\\\/favorite-news.com\\\/hu\\\/?s={search_term_string}\"},\"query-input\":{\"@type\":\"PropertyValueSpecification\",\"valueRequired\":true,\"valueName\":\"search_term_string\"}}],\"inLanguage\":\"hu\"},{\"@type\":\"Person\",\"@id\":\"https:\\\/\\\/favorite-news.com\\\/hu\\\/#\\\/schema\\\/person\\\/b91573b717dcfa5e4696032a9d28d3e8\",\"name\":\"favorite-news\",\"image\":{\"@type\":\"ImageObject\",\"inLanguage\":\"hu\",\"@id\":\"https:\\\/\\\/secure.gravatar.com\\\/avatar\\\/6c5a5cb12b74e9d517ee91cf570335b7d16177f1977cc91db161adfa435945a7?s=96&d=mm&r=g\",\"url\":\"https:\\\/\\\/secure.gravatar.com\\\/avatar\\\/6c5a5cb12b74e9d517ee91cf570335b7d16177f1977cc91db161adfa435945a7?s=96&d=mm&r=g\",\"contentUrl\":\"https:\\\/\\\/secure.gravatar.com\\\/avatar\\\/6c5a5cb12b74e9d517ee91cf570335b7d16177f1977cc91db161adfa435945a7?s=96&d=mm&r=g\",\"caption\":\"favorite-news\"},\"url\":\"https:\\\/\\\/favorite-news.com\\\/hu\\\/author\\\/pt\\\/\"}]}<\/script>\n<!-- \/ Yoast SEO plugin. -->","yoast_head_json":{"title":"Megvan, ki vitte el minden id\u0151k legnagyobb eur\u00f3pai lott\u00f3nyerem\u00e9ny\u00e9t - Favorite News","robots":{"index":"index","follow":"follow","max-snippet":"max-snippet:-1","max-image-preview":"max-image-preview:large","max-video-preview":"max-video-preview:-1"},"canonical":"https:\/\/favorite-news.com\/hu\/megvan-ki-vitte-el-minden-idok-legnagyobb-europai-lottonyeremenyet\/","og_locale":"hu_HU","og_type":"article","og_title":"Megvan, ki vitte el minden id\u0151k legnagyobb eur\u00f3pai lott\u00f3nyerem\u00e9ny\u00e9t - Favorite News","og_description":"[ad_1] Minden id\u0151k legnagyobb, 209 milli\u00f3 eur\u00f3s (67,7 milli\u00e1rd forint) eur\u00f3pai lott\u00f3nyerem\u00e9ny\u00e9t \u00fct\u00f6tt\u00e9k meg kedden este Olaszorsz\u00e1gban a Superenalotto hatoslott\u00f3n. A nyertes szelv\u00e9nyt az \u00e9szak-olaszorsz\u00e1gi, Mil\u00e1n\u00f3hoz k\u00f6zeli Lodi egyik \u00f3v\u00e1rosi trafikj\u00e1ban v\u00e1s\u00e1rolt\u00e1k 2 eur\u00f3\u00e9rt egy automat\u00e1b\u00f3l, ez\u00e9rt felt\u00e9telezik, hogy a nyertes egy helyi, k\u00f6rny\u00e9kbeli lakos. Olaszorsz\u00e1gban soha nem hozz\u00e1k nyilv\u00e1noss\u00e1gra a lott\u00f3nyertesek nev\u00e9t. A k\u00f6zkedvelt [&hellip;]","og_url":"https:\/\/favorite-news.com\/hu\/megvan-ki-vitte-el-minden-idok-legnagyobb-europai-lottonyeremenyet\/","og_site_name":"Favorite News","article_published_time":"2019-08-14T11:58:31+00:00","article_modified_time":"2019-08-14T11:58:32+00:00","og_image":[{"width":640,"height":360,"url":"https:\/\/favorite-news.com\/hu\/wp-content\/uploads\/sites\/3\/2019\/08\/Megvan-ki-vitte-el-minden-id\u0151k-legnagyobb-eur\u00f3pai-lott\u00f3nyerem\u00e9ny\u00e9t.jpg","type":"image\/jpeg"}],"author":"favorite-news","twitter_card":"summary_large_image","twitter_misc":{"Szerz\u0151:":"favorite-news","Becs\u00fclt olvas\u00e1si id\u0151":"1 perc"},"schema":{"@context":"https:\/\/schema.org","@graph":[{"@type":"Article","@id":"https:\/\/favorite-news.com\/hu\/megvan-ki-vitte-el-minden-idok-legnagyobb-europai-lottonyeremenyet\/#article","isPartOf":{"@id":"https:\/\/favorite-news.com\/hu\/megvan-ki-vitte-el-minden-idok-legnagyobb-europai-lottonyeremenyet\/"},"author":{"name":"favorite-news","@id":"https:\/\/favorite-news.com\/hu\/#\/schema\/person\/b91573b717dcfa5e4696032a9d28d3e8"},"headline":"Megvan, ki vitte el minden id\u0151k legnagyobb eur\u00f3pai lott\u00f3nyerem\u00e9ny\u00e9t","datePublished":"2019-08-14T11:58:31+00:00","dateModified":"2019-08-14T11:58:32+00:00","mainEntityOfPage":{"@id":"https:\/\/favorite-news.com\/hu\/megvan-ki-vitte-el-minden-idok-legnagyobb-europai-lottonyeremenyet\/"},"wordCount":226,"commentCount":0,"image":{"@id":"https:\/\/favorite-news.com\/hu\/megvan-ki-vitte-el-minden-idok-legnagyobb-europai-lottonyeremenyet\/#primaryimage"},"thumbnailUrl":"https:\/\/favorite-news.com\/hu\/wp-content\/uploads\/sites\/3\/2019\/08\/Megvan-ki-vitte-el-minden-id\u0151k-legnagyobb-eur\u00f3pai-lott\u00f3nyerem\u00e9ny\u00e9t.jpg","articleSection":["P\u00c9NZ\u00dcGYI H\u00cdREK"],"inLanguage":"hu","potentialAction":[{"@type":"CommentAction","name":"Comment","target":["https:\/\/favorite-news.com\/hu\/megvan-ki-vitte-el-minden-idok-legnagyobb-europai-lottonyeremenyet\/#respond"]}]},{"@type":"WebPage","@id":"https:\/\/favorite-news.com\/hu\/megvan-ki-vitte-el-minden-idok-legnagyobb-europai-lottonyeremenyet\/","url":"https:\/\/favorite-news.com\/hu\/megvan-ki-vitte-el-minden-idok-legnagyobb-europai-lottonyeremenyet\/","name":"Megvan, ki vitte el minden id\u0151k legnagyobb eur\u00f3pai lott\u00f3nyerem\u00e9ny\u00e9t - Favorite News","isPartOf":{"@id":"https:\/\/favorite-news.com\/hu\/#website"},"primaryImageOfPage":{"@id":"https:\/\/favorite-news.com\/hu\/megvan-ki-vitte-el-minden-idok-legnagyobb-europai-lottonyeremenyet\/#primaryimage"},"image":{"@id":"https:\/\/favorite-news.com\/hu\/megvan-ki-vitte-el-minden-idok-legnagyobb-europai-lottonyeremenyet\/#primaryimage"},"thumbnailUrl":"https:\/\/favorite-news.com\/hu\/wp-content\/uploads\/sites\/3\/2019\/08\/Megvan-ki-vitte-el-minden-id\u0151k-legnagyobb-eur\u00f3pai-lott\u00f3nyerem\u00e9ny\u00e9t.jpg","datePublished":"2019-08-14T11:58:31+00:00","dateModified":"2019-08-14T11:58:32+00:00","author":{"@id":"https:\/\/favorite-news.com\/hu\/#\/schema\/person\/b91573b717dcfa5e4696032a9d28d3e8"},"breadcrumb":{"@id":"https:\/\/favorite-news.com\/hu\/megvan-ki-vitte-el-minden-idok-legnagyobb-europai-lottonyeremenyet\/#breadcrumb"},"inLanguage":"hu","potentialAction":[{"@type":"ReadAction","target":["https:\/\/favorite-news.com\/hu\/megvan-ki-vitte-el-minden-idok-legnagyobb-europai-lottonyeremenyet\/"]}]},{"@type":"ImageObject","inLanguage":"hu","@id":"https:\/\/favorite-news.com\/hu\/megvan-ki-vitte-el-minden-idok-legnagyobb-europai-lottonyeremenyet\/#primaryimage","url":"https:\/\/favorite-news.com\/hu\/wp-content\/uploads\/sites\/3\/2019\/08\/Megvan-ki-vitte-el-minden-id\u0151k-legnagyobb-eur\u00f3pai-lott\u00f3nyerem\u00e9ny\u00e9t.jpg","contentUrl":"https:\/\/favorite-news.com\/hu\/wp-content\/uploads\/sites\/3\/2019\/08\/Megvan-ki-vitte-el-minden-id\u0151k-legnagyobb-eur\u00f3pai-lott\u00f3nyerem\u00e9ny\u00e9t.jpg","width":640,"height":360,"caption":"Megvan, ki vitte el minden id\u0151k legnagyobb eur\u00f3pai lott\u00f3nyerem\u00e9ny\u00e9t"},{"@type":"BreadcrumbList","@id":"https:\/\/favorite-news.com\/hu\/megvan-ki-vitte-el-minden-idok-legnagyobb-europai-lottonyeremenyet\/#breadcrumb","itemListElement":[{"@type":"ListItem","position":1,"name":"Home","item":"https:\/\/favorite-news.com\/hu\/"},{"@type":"ListItem","position":2,"name":"Megvan, ki vitte el minden id\u0151k legnagyobb eur\u00f3pai lott\u00f3nyerem\u00e9ny\u00e9t"}]},{"@type":"WebSite","@id":"https:\/\/favorite-news.com\/hu\/#website","url":"https:\/\/favorite-news.com\/hu\/","name":"Favorite News","description":"Favorite News Magyarorsz\u00e1g","potentialAction":[{"@type":"SearchAction","target":{"@type":"EntryPoint","urlTemplate":"https:\/\/favorite-news.com\/hu\/?s={search_term_string}"},"query-input":{"@type":"PropertyValueSpecification","valueRequired":true,"valueName":"search_term_string"}}],"inLanguage":"hu"},{"@type":"Person","@id":"https:\/\/favorite-news.com\/hu\/#\/schema\/person\/b91573b717dcfa5e4696032a9d28d3e8","name":"favorite-news","image":{"@type":"ImageObject","inLanguage":"hu","@id":"https:\/\/secure.gravatar.com\/avatar\/6c5a5cb12b74e9d517ee91cf570335b7d16177f1977cc91db161adfa435945a7?s=96&d=mm&r=g","url":"https:\/\/secure.gravatar.com\/avatar\/6c5a5cb12b74e9d517ee91cf570335b7d16177f1977cc91db161adfa435945a7?s=96&d=mm&r=g","contentUrl":"https:\/\/secure.gravatar.com\/avatar\/6c5a5cb12b74e9d517ee91cf570335b7d16177f1977cc91db161adfa435945a7?s=96&d=mm&r=g","caption":"favorite-news"},"url":"https:\/\/favorite-news.com\/hu\/author\/pt\/"}]}},"_links":{"self":[{"href":"https:\/\/favorite-news.com\/hu\/wp-json\/wp\/v2\/posts\/546","targetHints":{"allow":["GET"]}}],"collection":[{"href":"https:\/\/favorite-news.com\/hu\/wp-json\/wp\/v2\/posts"}],"about":[{"href":"https:\/\/favorite-news.com\/hu\/wp-json\/wp\/v2\/types\/post"}],"author":[{"embeddable":true,"href":"https:\/\/favorite-news.com\/hu\/wp-json\/wp\/v2\/users\/2"}],"replies":[{"embeddable":true,"href":"https:\/\/favorite-news.com\/hu\/wp-json\/wp\/v2\/comments?post=546"}],"version-history":[{"count":1,"href":"https:\/\/favorite-news.com\/hu\/wp-json\/wp\/v2\/posts\/546\/revisions"}],"predecessor-version":[{"id":548,"href":"https:\/\/favorite-news.com\/hu\/wp-json\/wp\/v2\/posts\/546\/revisions\/548"}],"wp:featuredmedia":[{"embeddable":true,"href":"https:\/\/favorite-news.com\/hu\/wp-json\/wp\/v2\/media\/547"}],"wp:attachment":[{"href":"https:\/\/favorite-news.com\/hu\/wp-json\/wp\/v2\/media?parent=546"}],"wp:term":[{"taxonomy":"category","embeddable":true,"href":"https:\/\/favorite-news.com\/hu\/wp-json\/wp\/v2\/categories?post=546"},{"taxonomy":"post_tag","embeddable":true,"href":"https:\/\/favorite-news.com\/hu\/wp-json\/wp\/v2\/tags?post=546"}],"curies":[{"name":"wp","href":"https:\/\/api.w.org\/{rel}","templated":true}]}}