{"id":33,"date":"2019-04-23T15:09:13","date_gmt":"2019-04-23T12:09:13","guid":{"rendered":"https:\/\/favorite-news.com\/hu\/kovethetove-valt-az-uzemanyag-utja-uj-kutrendszer-indult\/"},"modified":"2019-04-23T15:09:14","modified_gmt":"2019-04-23T12:09:14","slug":"kovethetove-valt-az-uzemanyag-utja-uj-kutrendszer-indult","status":"publish","type":"post","link":"https:\/\/favorite-news.com\/hu\/kovethetove-valt-az-uzemanyag-utja-uj-kutrendszer-indult\/","title":{"rendered":"K\u00f6vethet\u0151v\u00e9 v\u00e1lt az \u00fczemanyag \u00fatja &#8211; \u00daj k\u00fatrendszer indult"},"content":{"rendered":"<p> [ad_1]<br \/>\n<\/p>\n<div>Intelligens \u00fczemanyagk\u00fat-rendszer \u00fczemeltet\u00e9s\u00e9t kezdte meg az \u00c9szak-magyarorsz\u00e1gi K\u00f6zleked\u00e9si K\u00f6zpont Zrt., mellyel az \u00fczemanyag \u00fatja k\u00f6vethet\u0151 a k\u00fatra \u00e9rkez\u00e9st\u0151l az el\u00e9get\u00e9sig. A megold\u00e1s a kutakon \u00e9s a j\u00e1rm\u0171ben tal\u00e1lhat\u00f3 \u00fczemanyagk\u00e9szletet egy\u00fcttesen k\u00e9pes monitorozni. A k\u00fath\u00e1l\u00f3zat szintj\u00e9n egy automatiz\u00e1lt m\u00e9r\u0151rendszer fel\u00fcgyeli a k\u00fatban t\u00e1rolt \u00fczemanyagot \u00e9s annak mozg\u00e1s\u00e1t, j\u00e1rm\u0171szinten pedig a flottak\u00f6vet\u0151 rendszer v\u00e9gzi az \u00fczemanyagszint-m\u00e9r\u00e9st. A h\u00e1l\u00f3zat egyes pontjain m\u00e9rt tankol\u00e1si adatokat a rendszer automatikusan tov\u00e1bb\u00edtja a fel\u00fcgyeleti rendszernek, ami elt\u00e9r\u00e9s eset\u00e9n azonnal riaszt.<\/p>\n<p>A fejleszt\u00e9s k\u00e9pes egy rendszerben kezelni tankol\u00e1si adatokat, seg\u00edts\u00e9g\u00e9vel a tankol\u00e1s \u00e9s az \u00fczemanyag felhaszn\u00e1l\u00e1sa mindig szem\u00e9lyhez k\u00f6thet\u0151, valamint pontos k\u00e9pet ad az \u00fczemanyag felhaszn\u00e1l\u00e1s\u00e1nak hely\u00e9r\u0151l, idej\u00e9r\u0151l \u00e9s m\u00e9rt\u00e9k\u00e9r\u0151l is. A megold\u00e1st a magyar tulajdon\u00fa i-Cell Kft. fejlesztette. Az egyedi \u00fcgyf\u00e9lig\u00e9nyre szabott rendszer teljes k\u00f6r\u0171 ki\u00e9p\u00edt\u00e9s\u00e9re \u00f6sszesen f\u00e9l \u00e9v \u00e1llt rendelkez\u00e9s\u00fckre, ami alatt k\u00f6zel ezer buszt szereltek fel i-Fleet nyomk\u00f6vet\u0151 rendszerrel, 12 darab kutat automatiz\u00e1ltak, majd hangoltak \u00f6ssze a fel\u00fcgyeleti rendszerrel. A 2019. janu\u00e1rj\u00e1ban lezajlott \u00e1tad\u00e1s-\u00e1tv\u00e9telt egy egy h\u00f3napos pr\u00f3ba\u00fczem k\u00f6vette.<\/p>\n<p>A fejleszt\u0151k szerint az \u00fczemanyag felhaszn\u00e1l\u00e1s\u00e1nak nyomon k\u00f6vet\u00e9s\u00e9re alkalmas megold\u00e1s a k\u00f6z\u00f6ss\u00e9gi k\u00f6zleked\u00e9st biztos\u00edt\u00f3 v\u00e1llalatokon k\u00edv\u00fcl minden olyan c\u00e9gnek hat\u00e9kony megold\u00e1s lehet, ahol elektronikus form\u00e1tumban rendelkez\u00e9sre \u00e1llnak a tankol\u00e1si adatok, f\u00fcggetlen\u00fcl att\u00f3l, hogy saj\u00e1t k\u00fatr\u00f3l, vagy k\u00f6zforgalm\u00fa h\u00e1l\u00f3zatr\u00f3l tankolnak a j\u00e1rm\u0171vek. Az i-Cell Kft. a k\u00f6vetkez\u0151 l\u00e9p\u00e9sben az agr\u00e1rszektorra terjeszti ki a megold\u00e1st \u00e9s tervben van nyilv\u00e1nos k\u00fath\u00e1l\u00f3zatok integr\u00e1l\u00e1sa is.<\/p>\n<p>A rendszert alkalmaz\u00f3 \u00c9szak-magyarorsz\u00e1gi K\u00f6zleked\u00e9si K\u00f6zpont Zrt. j\u00e1rm\u0171\u00fczemelt\u00e9si oszt\u00e1lyvezet\u0151je, Durucz J\u00f3zsef elmondta, buszaikon egy napon bel\u00fcl t\u00f6bb g\u00e9pj\u00e1rm\u0171vezet\u0151 dolgozik, akik egy\u00fcttesen haszn\u00e1lj\u00e1k fel a feladatuk elv\u00e9gz\u00e9s\u00e9hez felvett \u00fczemanyagot. Az \u00e1ltaluk felhaszn\u00e1lt \u00fczemanyag mennyis\u00e9g\u00e9t kor\u00e1bban csak a megtett kilom\u00e9ter ar\u00e1ny\u00e1ban tudt\u00e1k viszony\u00edtani, a rendszer bevezet\u00e9s\u00e9vel \u00e9s azzal, hogy a j\u00e1rm\u0171vekbe sof\u0151razonos\u00edt\u00f3 rendszer is be\u00e9p\u00edt\u00e9sre ker\u00fclt, szem\u00e9lyre sz\u00f3l\u00f3an tudj\u00e1k m\u00e9rni az \u00fczemanyag felhaszn\u00e1l\u00e1s\u00e1t. Fontos eleme a fogyaszt\u00e1sm\u00e9r\u00e9si rendszernek az utaz\u00e1si komfortra, azaz a f\u0171t\u00e9sre \u00e9s a klimatiz\u00e1l\u00e1sra felhaszn\u00e1lt \u00fczemanyag m\u00e9r\u00e9se. A t\u00e1rsas\u00e1g a g\u00e9pj\u00e1rm\u0171vezet\u0151kn\u00e9l a gazdas\u00e1gos j\u00e1rm\u0171\u00fczemeltet\u00e9s \u00f6szt\u00f6nz\u00e9s\u00e9re \u00fczemanyag megtakar\u00edt\u00e1si rendszert alkalmaz, aminek r\u00e9sze, hogy az utaz\u00e1si komfort fenntart\u00e1s\u00e1ra felhaszn\u00e1lt \u00fczemanyagot el tudj\u00e1k k\u00fcl\u00f6n\u00edteni a feladat ell\u00e1t\u00e1s\u00e1ra felhaszn\u00e1lt \u00fczemanyag mennyis\u00e9g\u00e9t\u0151l. A rendszer a j\u00e1rm\u0171vezet\u0151k vezet\u00e9si st\u00edlus\u00e1nak elemz\u00e9s\u00e9re is k\u00e9pes, ez\u00e9rt oktat\u00e1si c\u00e9llal is alkalmazhat\u00f3k.<\/p>\n<\/div>\n<p><script>\n!function(f,b,e,v,n,t,s){if(f.fbq)return;n=f.fbq=function(){n.callMethod?\nn.callMethod.apply(n,arguments):n.queue.push(arguments)};if(!f._fbq)f._fbq=n;\nn.push=n;n.loaded=!0;n.version='2.0';n.queue=[];t=b.createElement(e);t.async=!0;\nt.src=v;s=b.getElementsByTagName(e)[0];s.parentNode.insertBefore(t,s)}(window,\ndocument,'script','\/\/connect.facebook.net\/en_US\/fbevents.js');\nfbq('init', '1722858324617929');\nfbq('track', \"PageView\");<\/script><script type=\"text\/javascript\">\n$(\"#dropdown-nav\").after('<\/p>\n<div class=\"short-head\">\n<div><\/div>\n<\/div>\n<p>')\n\/\/$(\"#cikk\").before('<\/p>\n<div id=\"rovat-melleklet-text\">Short<\/div>\n<p>');\nfunction showsponsored() {\n\/\/$(\"#superbanner\").show();\n$(\"#szponzordiv\").hide();\n$(\"#content\").show();\n$(\"#cikk-right1\").show();\n\/\/$(\"#szponzoraltcsik\").show();\n}\nif(szponzoralt==true) {\n$(\"#content\").hide();\n$(\"#szponzordiv\").show();\n\/\/$(\"#szponzoraltcsik\").hide();\n$(\"#cikk-right1\").hide();\n} else {\n$(\"#content\").show();\n}\n$(\"div.cikk-szavazas\").html('<img loading=\"lazy\" decoding=\"async\" src=\"https:\/\/favorite-news.com\/hu\/wp-content\/uploads\/sites\/3\/2019\/04\/Farmot-csinlunk-a-fekete-lyukbl-hogy-elhalasszuk-a-vilgvgt.gif\" width=\"16\" height=\"16\" border=\"0\" alt=\"\" title=\"\" hspace=\"5\" vspace=\"5\">');\n$(document).ready(function() {\ninlinevote(321751);\n$(\".poll\").poll();\n\/\/$(\"#fbplace_up\").html('<\/p>\n<div id=\"fb-root\"><\/div>\n<div class=\"fb-like\" data-send=\"false\" data-layout=\"button_count\" data-width=\"130\" data-show-faces=\"false\" data-action=\"recommend\"><\/div>\n<p>');\n\/*var id = 'fbjs';\nvar d=document;\nif (document.getElementById(id)) return;\nvar fjs = d.getElementsByTagName('script')[0];\nvar js = d.createElement('script');\njs.id = id;\njs.src = \"http:\/\/connect.facebook.net\/hu_HU\/all.js#xfbml=1\";\nfjs.parentNode.insertBefore(js, fjs);*\/\nvar id = 'fbjs';\nvar d=document;\nif (document.getElementById(id)) return;\nvar fjs = d.getElementsByTagName('script')[0];\nvar js = d.createElement('script');\njs.id = id;\njs.src = \"https:\/\/connect.facebook.net\/hu_HU\/sdk.js#xfbml=1&version=v2.11&appId=326995253100\";\nfjs.parentNode.insertBefore(js, fjs);\n\/\/$(\"#fbplace_up\").html('<\/p>\n<div id=\"fb-root\"><\/div>\n<div class=\"fb-like\" data-href=\"https%3A%2F%2Fwww.portfolio.hu%2Fshort%2Fkovethetove-valt-az-uzemanyag-utja-uj-kutrendszer-indult.321751.html\" data-layout=\"button_count\" data-action=\"recommend\" data-show-faces=\"false\" data-share=\"true\" data-mobile_iframe=\"true\"><\/div>\n<p>');\n$(\"#fbplace_up\").html('<\/p>\n<div class=\"fb-like\" data-href=\"https%3A%2F%2Fwww.portfolio.hu%2Fshort%2Fkovethetove-valt-az-uzemanyag-utja-uj-kutrendszer-indult.321751.html\" data-layout=\"button_count\" data-action=\"recommend\" data-show-faces=\"false\" data-share=\"true\" data-mobile_iframe=\"true\"><\/div>\n<p>');\n$(\"#fbplace_dn\").html('<\/p>\n<div class=\"fb-like\" data-href=\"https%3A%2F%2Fwww.portfolio.hu%2Fshort%2Fkovethetove-valt-az-uzemanyag-utja-uj-kutrendszer-indult.321751.html\" data-layout=\"button_count\" data-action=\"recommend\" data-show-faces=\"false\" data-share=\"true\" data-mobile_iframe=\"true\"><\/div>\n<p>');\n\/\/$(\"#fbplace_up\").html('<\/p>\n<div class=\"fb-like\" data-href=\"https%3A%2F%2Fwww.portfolio.hu%2Fshort%2Fkovethetove-valt-az-uzemanyag-utja-uj-kutrendszer-indult.321751.html\" data-layout=\"button_count\" data-action=\"recommend\" data-show-faces=\"false\" data-share=\"true\" data-mobile_iframe=\"true\"><\/div>\n<p>');\n\/\/$(\"#facebook-box\").html('<iframe src=\"http:\/\/www.facebook.com\/plugins\/likebox.php?api_key=113869198637480&#038;connections=10&#038;header=true&#038;height=335&#038;id=47451527654&#038;locale=hu_HU&#038;sdk=joey&#038;stream=false&#038;width=310\" scrolling=\"no\" frameborder=\"0\" allowTransparency=\"true\" style=\"border:none; overflow:hidden; width:310px; height:338px;margin-top:10px;\"><\/iframe>');\n});\n<\/script><br \/>\n<br \/>[ad_2]<br \/>\n<br \/><a href=\"https:\/\/www.portfolio.hu\/short\/kovethetove-valt-az-uzemanyag-utja-uj-kutrendszer-indult.321751.html\">Source link <\/a><\/p>\n","protected":false},"excerpt":{"rendered":"<p>[ad_1] Intelligens \u00fczemanyagk\u00fat-rendszer \u00fczemeltet\u00e9s\u00e9t kezdte meg az \u00c9szak-magyarorsz\u00e1gi K\u00f6zleked\u00e9si K\u00f6zpont Zrt., mellyel az \u00fczemanyag \u00fatja k\u00f6vethet\u0151 a k\u00fatra \u00e9rkez\u00e9st\u0151l az el\u00e9get\u00e9sig. A megold\u00e1s a kutakon \u00e9s a j\u00e1rm\u0171ben tal\u00e1lhat\u00f3 \u00fczemanyagk\u00e9szletet egy\u00fcttesen k\u00e9pes monitorozni. A k\u00fath\u00e1l\u00f3zat szintj\u00e9n egy automatiz\u00e1lt m\u00e9r\u0151rendszer fel\u00fcgyeli a k\u00fatban t\u00e1rolt \u00fczemanyagot \u00e9s annak mozg\u00e1s\u00e1t, j\u00e1rm\u0171szinten pedig a flottak\u00f6vet\u0151 rendszer v\u00e9gzi az \u00fczemanyagszint-m\u00e9r\u00e9st. [&hellip;]<\/p>\n","protected":false},"author":2,"featured_media":34,"comment_status":"open","ping_status":"open","sticky":false,"template":"","format":"standard","meta":{"footnotes":""},"categories":[1],"tags":[],"class_list":["post-33","post","type-post","status-publish","format-standard","has-post-thumbnail","hentry","category-penzugyi-hirek"],"yoast_head":"<!-- This site is optimized with the Yoast SEO plugin v27.4 - https:\/\/yoast.com\/product\/yoast-seo-wordpress\/ -->\n<title>K\u00f6vethet\u0151v\u00e9 v\u00e1lt az \u00fczemanyag \u00fatja - \u00daj k\u00fatrendszer indult - Favorite News<\/title>\n<meta name=\"robots\" content=\"index, follow, max-snippet:-1, max-image-preview:large, max-video-preview:-1\" \/>\n<link rel=\"canonical\" href=\"https:\/\/favorite-news.com\/hu\/kovethetove-valt-az-uzemanyag-utja-uj-kutrendszer-indult\/\" \/>\n<meta property=\"og:locale\" content=\"hu_HU\" \/>\n<meta property=\"og:type\" content=\"article\" \/>\n<meta property=\"og:title\" content=\"K\u00f6vethet\u0151v\u00e9 v\u00e1lt az \u00fczemanyag \u00fatja - \u00daj k\u00fatrendszer indult - Favorite News\" \/>\n<meta property=\"og:description\" content=\"[ad_1] Intelligens \u00fczemanyagk\u00fat-rendszer \u00fczemeltet\u00e9s\u00e9t kezdte meg az \u00c9szak-magyarorsz\u00e1gi K\u00f6zleked\u00e9si K\u00f6zpont Zrt., mellyel az \u00fczemanyag \u00fatja k\u00f6vethet\u0151 a k\u00fatra \u00e9rkez\u00e9st\u0151l az el\u00e9get\u00e9sig. A megold\u00e1s a kutakon \u00e9s a j\u00e1rm\u0171ben tal\u00e1lhat\u00f3 \u00fczemanyagk\u00e9szletet egy\u00fcttesen k\u00e9pes monitorozni. A k\u00fath\u00e1l\u00f3zat szintj\u00e9n egy automatiz\u00e1lt m\u00e9r\u0151rendszer fel\u00fcgyeli a k\u00fatban t\u00e1rolt \u00fczemanyagot \u00e9s annak mozg\u00e1s\u00e1t, j\u00e1rm\u0171szinten pedig a flottak\u00f6vet\u0151 rendszer v\u00e9gzi az \u00fczemanyagszint-m\u00e9r\u00e9st. [&hellip;]\" \/>\n<meta property=\"og:url\" content=\"https:\/\/favorite-news.com\/hu\/kovethetove-valt-az-uzemanyag-utja-uj-kutrendszer-indult\/\" \/>\n<meta property=\"og:site_name\" content=\"Favorite News\" \/>\n<meta property=\"article:published_time\" content=\"2019-04-23T12:09:13+00:00\" \/>\n<meta property=\"article:modified_time\" content=\"2019-04-23T12:09:14+00:00\" \/>\n<meta property=\"og:image\" content=\"https:\/\/favorite-news.com\/hu\/wp-content\/uploads\/sites\/3\/2019\/04\/K\u00f6vethet\u0151v\u00e9-v\u00e1lt-az-\u00fczemanyag-\u00fatja-\u00daj-k\u00fatrendszer-indult.png\" \/>\n\t<meta property=\"og:image:width\" content=\"159\" \/>\n\t<meta property=\"og:image:height\" content=\"62\" \/>\n\t<meta property=\"og:image:type\" content=\"image\/png\" \/>\n<meta name=\"author\" content=\"favorite-news\" \/>\n<meta name=\"twitter:card\" content=\"summary_large_image\" \/>\n<meta name=\"twitter:label1\" content=\"Szerz\u0151:\" \/>\n\t<meta name=\"twitter:data1\" content=\"favorite-news\" \/>\n\t<meta name=\"twitter:label2\" content=\"Becs\u00fclt olvas\u00e1si id\u0151\" \/>\n\t<meta name=\"twitter:data2\" content=\"3 perc\" \/>\n<script type=\"application\/ld+json\" class=\"yoast-schema-graph\">{\"@context\":\"https:\\\/\\\/schema.org\",\"@graph\":[{\"@type\":\"Article\",\"@id\":\"https:\\\/\\\/favorite-news.com\\\/hu\\\/kovethetove-valt-az-uzemanyag-utja-uj-kutrendszer-indult\\\/#article\",\"isPartOf\":{\"@id\":\"https:\\\/\\\/favorite-news.com\\\/hu\\\/kovethetove-valt-az-uzemanyag-utja-uj-kutrendszer-indult\\\/\"},\"author\":{\"name\":\"favorite-news\",\"@id\":\"https:\\\/\\\/favorite-news.com\\\/hu\\\/#\\\/schema\\\/person\\\/b91573b717dcfa5e4696032a9d28d3e8\"},\"headline\":\"K\u00f6vethet\u0151v\u00e9 v\u00e1lt az \u00fczemanyag \u00fatja &#8211; \u00daj k\u00fatrendszer indult\",\"datePublished\":\"2019-04-23T12:09:13+00:00\",\"dateModified\":\"2019-04-23T12:09:14+00:00\",\"mainEntityOfPage\":{\"@id\":\"https:\\\/\\\/favorite-news.com\\\/hu\\\/kovethetove-valt-az-uzemanyag-utja-uj-kutrendszer-indult\\\/\"},\"wordCount\":596,\"commentCount\":0,\"image\":{\"@id\":\"https:\\\/\\\/favorite-news.com\\\/hu\\\/kovethetove-valt-az-uzemanyag-utja-uj-kutrendszer-indult\\\/#primaryimage\"},\"thumbnailUrl\":\"https:\\\/\\\/favorite-news.com\\\/hu\\\/wp-content\\\/uploads\\\/sites\\\/3\\\/2019\\\/04\\\/K\u00f6vethet\u0151v\u00e9-v\u00e1lt-az-\u00fczemanyag-\u00fatja-\u00daj-k\u00fatrendszer-indult.png\",\"articleSection\":[\"P\u00c9NZ\u00dcGYI H\u00cdREK\"],\"inLanguage\":\"hu\",\"potentialAction\":[{\"@type\":\"CommentAction\",\"name\":\"Comment\",\"target\":[\"https:\\\/\\\/favorite-news.com\\\/hu\\\/kovethetove-valt-az-uzemanyag-utja-uj-kutrendszer-indult\\\/#respond\"]}]},{\"@type\":\"WebPage\",\"@id\":\"https:\\\/\\\/favorite-news.com\\\/hu\\\/kovethetove-valt-az-uzemanyag-utja-uj-kutrendszer-indult\\\/\",\"url\":\"https:\\\/\\\/favorite-news.com\\\/hu\\\/kovethetove-valt-az-uzemanyag-utja-uj-kutrendszer-indult\\\/\",\"name\":\"K\u00f6vethet\u0151v\u00e9 v\u00e1lt az \u00fczemanyag \u00fatja - \u00daj k\u00fatrendszer indult - Favorite News\",\"isPartOf\":{\"@id\":\"https:\\\/\\\/favorite-news.com\\\/hu\\\/#website\"},\"primaryImageOfPage\":{\"@id\":\"https:\\\/\\\/favorite-news.com\\\/hu\\\/kovethetove-valt-az-uzemanyag-utja-uj-kutrendszer-indult\\\/#primaryimage\"},\"image\":{\"@id\":\"https:\\\/\\\/favorite-news.com\\\/hu\\\/kovethetove-valt-az-uzemanyag-utja-uj-kutrendszer-indult\\\/#primaryimage\"},\"thumbnailUrl\":\"https:\\\/\\\/favorite-news.com\\\/hu\\\/wp-content\\\/uploads\\\/sites\\\/3\\\/2019\\\/04\\\/K\u00f6vethet\u0151v\u00e9-v\u00e1lt-az-\u00fczemanyag-\u00fatja-\u00daj-k\u00fatrendszer-indult.png\",\"datePublished\":\"2019-04-23T12:09:13+00:00\",\"dateModified\":\"2019-04-23T12:09:14+00:00\",\"author\":{\"@id\":\"https:\\\/\\\/favorite-news.com\\\/hu\\\/#\\\/schema\\\/person\\\/b91573b717dcfa5e4696032a9d28d3e8\"},\"breadcrumb\":{\"@id\":\"https:\\\/\\\/favorite-news.com\\\/hu\\\/kovethetove-valt-az-uzemanyag-utja-uj-kutrendszer-indult\\\/#breadcrumb\"},\"inLanguage\":\"hu\",\"potentialAction\":[{\"@type\":\"ReadAction\",\"target\":[\"https:\\\/\\\/favorite-news.com\\\/hu\\\/kovethetove-valt-az-uzemanyag-utja-uj-kutrendszer-indult\\\/\"]}]},{\"@type\":\"ImageObject\",\"inLanguage\":\"hu\",\"@id\":\"https:\\\/\\\/favorite-news.com\\\/hu\\\/kovethetove-valt-az-uzemanyag-utja-uj-kutrendszer-indult\\\/#primaryimage\",\"url\":\"https:\\\/\\\/favorite-news.com\\\/hu\\\/wp-content\\\/uploads\\\/sites\\\/3\\\/2019\\\/04\\\/K\u00f6vethet\u0151v\u00e9-v\u00e1lt-az-\u00fczemanyag-\u00fatja-\u00daj-k\u00fatrendszer-indult.png\",\"contentUrl\":\"https:\\\/\\\/favorite-news.com\\\/hu\\\/wp-content\\\/uploads\\\/sites\\\/3\\\/2019\\\/04\\\/K\u00f6vethet\u0151v\u00e9-v\u00e1lt-az-\u00fczemanyag-\u00fatja-\u00daj-k\u00fatrendszer-indult.png\",\"width\":159,\"height\":62,\"caption\":\"K\u00f6vethet\u0151v\u00e9 v\u00e1lt az \u00fczemanyag \u00fatja - \u00daj k\u00fatrendszer indult\"},{\"@type\":\"BreadcrumbList\",\"@id\":\"https:\\\/\\\/favorite-news.com\\\/hu\\\/kovethetove-valt-az-uzemanyag-utja-uj-kutrendszer-indult\\\/#breadcrumb\",\"itemListElement\":[{\"@type\":\"ListItem\",\"position\":1,\"name\":\"Home\",\"item\":\"https:\\\/\\\/favorite-news.com\\\/hu\\\/\"},{\"@type\":\"ListItem\",\"position\":2,\"name\":\"K\u00f6vethet\u0151v\u00e9 v\u00e1lt az \u00fczemanyag \u00fatja &#8211; \u00daj k\u00fatrendszer indult\"}]},{\"@type\":\"WebSite\",\"@id\":\"https:\\\/\\\/favorite-news.com\\\/hu\\\/#website\",\"url\":\"https:\\\/\\\/favorite-news.com\\\/hu\\\/\",\"name\":\"Favorite News\",\"description\":\"Favorite News Magyarorsz\u00e1g\",\"potentialAction\":[{\"@type\":\"SearchAction\",\"target\":{\"@type\":\"EntryPoint\",\"urlTemplate\":\"https:\\\/\\\/favorite-news.com\\\/hu\\\/?s={search_term_string}\"},\"query-input\":{\"@type\":\"PropertyValueSpecification\",\"valueRequired\":true,\"valueName\":\"search_term_string\"}}],\"inLanguage\":\"hu\"},{\"@type\":\"Person\",\"@id\":\"https:\\\/\\\/favorite-news.com\\\/hu\\\/#\\\/schema\\\/person\\\/b91573b717dcfa5e4696032a9d28d3e8\",\"name\":\"favorite-news\",\"image\":{\"@type\":\"ImageObject\",\"inLanguage\":\"hu\",\"@id\":\"https:\\\/\\\/secure.gravatar.com\\\/avatar\\\/6c5a5cb12b74e9d517ee91cf570335b7d16177f1977cc91db161adfa435945a7?s=96&d=mm&r=g\",\"url\":\"https:\\\/\\\/secure.gravatar.com\\\/avatar\\\/6c5a5cb12b74e9d517ee91cf570335b7d16177f1977cc91db161adfa435945a7?s=96&d=mm&r=g\",\"contentUrl\":\"https:\\\/\\\/secure.gravatar.com\\\/avatar\\\/6c5a5cb12b74e9d517ee91cf570335b7d16177f1977cc91db161adfa435945a7?s=96&d=mm&r=g\",\"caption\":\"favorite-news\"},\"url\":\"https:\\\/\\\/favorite-news.com\\\/hu\\\/author\\\/pt\\\/\"}]}<\/script>\n<!-- \/ Yoast SEO plugin. -->","yoast_head_json":{"title":"K\u00f6vethet\u0151v\u00e9 v\u00e1lt az \u00fczemanyag \u00fatja - \u00daj k\u00fatrendszer indult - Favorite News","robots":{"index":"index","follow":"follow","max-snippet":"max-snippet:-1","max-image-preview":"max-image-preview:large","max-video-preview":"max-video-preview:-1"},"canonical":"https:\/\/favorite-news.com\/hu\/kovethetove-valt-az-uzemanyag-utja-uj-kutrendszer-indult\/","og_locale":"hu_HU","og_type":"article","og_title":"K\u00f6vethet\u0151v\u00e9 v\u00e1lt az \u00fczemanyag \u00fatja - \u00daj k\u00fatrendszer indult - Favorite News","og_description":"[ad_1] Intelligens \u00fczemanyagk\u00fat-rendszer \u00fczemeltet\u00e9s\u00e9t kezdte meg az \u00c9szak-magyarorsz\u00e1gi K\u00f6zleked\u00e9si K\u00f6zpont Zrt., mellyel az \u00fczemanyag \u00fatja k\u00f6vethet\u0151 a k\u00fatra \u00e9rkez\u00e9st\u0151l az el\u00e9get\u00e9sig. A megold\u00e1s a kutakon \u00e9s a j\u00e1rm\u0171ben tal\u00e1lhat\u00f3 \u00fczemanyagk\u00e9szletet egy\u00fcttesen k\u00e9pes monitorozni. A k\u00fath\u00e1l\u00f3zat szintj\u00e9n egy automatiz\u00e1lt m\u00e9r\u0151rendszer fel\u00fcgyeli a k\u00fatban t\u00e1rolt \u00fczemanyagot \u00e9s annak mozg\u00e1s\u00e1t, j\u00e1rm\u0171szinten pedig a flottak\u00f6vet\u0151 rendszer v\u00e9gzi az \u00fczemanyagszint-m\u00e9r\u00e9st. [&hellip;]","og_url":"https:\/\/favorite-news.com\/hu\/kovethetove-valt-az-uzemanyag-utja-uj-kutrendszer-indult\/","og_site_name":"Favorite News","article_published_time":"2019-04-23T12:09:13+00:00","article_modified_time":"2019-04-23T12:09:14+00:00","og_image":[{"width":159,"height":62,"url":"https:\/\/favorite-news.com\/hu\/wp-content\/uploads\/sites\/3\/2019\/04\/K\u00f6vethet\u0151v\u00e9-v\u00e1lt-az-\u00fczemanyag-\u00fatja-\u00daj-k\u00fatrendszer-indult.png","type":"image\/png"}],"author":"favorite-news","twitter_card":"summary_large_image","twitter_misc":{"Szerz\u0151:":"favorite-news","Becs\u00fclt olvas\u00e1si id\u0151":"3 perc"},"schema":{"@context":"https:\/\/schema.org","@graph":[{"@type":"Article","@id":"https:\/\/favorite-news.com\/hu\/kovethetove-valt-az-uzemanyag-utja-uj-kutrendszer-indult\/#article","isPartOf":{"@id":"https:\/\/favorite-news.com\/hu\/kovethetove-valt-az-uzemanyag-utja-uj-kutrendszer-indult\/"},"author":{"name":"favorite-news","@id":"https:\/\/favorite-news.com\/hu\/#\/schema\/person\/b91573b717dcfa5e4696032a9d28d3e8"},"headline":"K\u00f6vethet\u0151v\u00e9 v\u00e1lt az \u00fczemanyag \u00fatja &#8211; \u00daj k\u00fatrendszer indult","datePublished":"2019-04-23T12:09:13+00:00","dateModified":"2019-04-23T12:09:14+00:00","mainEntityOfPage":{"@id":"https:\/\/favorite-news.com\/hu\/kovethetove-valt-az-uzemanyag-utja-uj-kutrendszer-indult\/"},"wordCount":596,"commentCount":0,"image":{"@id":"https:\/\/favorite-news.com\/hu\/kovethetove-valt-az-uzemanyag-utja-uj-kutrendszer-indult\/#primaryimage"},"thumbnailUrl":"https:\/\/favorite-news.com\/hu\/wp-content\/uploads\/sites\/3\/2019\/04\/K\u00f6vethet\u0151v\u00e9-v\u00e1lt-az-\u00fczemanyag-\u00fatja-\u00daj-k\u00fatrendszer-indult.png","articleSection":["P\u00c9NZ\u00dcGYI H\u00cdREK"],"inLanguage":"hu","potentialAction":[{"@type":"CommentAction","name":"Comment","target":["https:\/\/favorite-news.com\/hu\/kovethetove-valt-az-uzemanyag-utja-uj-kutrendszer-indult\/#respond"]}]},{"@type":"WebPage","@id":"https:\/\/favorite-news.com\/hu\/kovethetove-valt-az-uzemanyag-utja-uj-kutrendszer-indult\/","url":"https:\/\/favorite-news.com\/hu\/kovethetove-valt-az-uzemanyag-utja-uj-kutrendszer-indult\/","name":"K\u00f6vethet\u0151v\u00e9 v\u00e1lt az \u00fczemanyag \u00fatja - \u00daj k\u00fatrendszer indult - Favorite News","isPartOf":{"@id":"https:\/\/favorite-news.com\/hu\/#website"},"primaryImageOfPage":{"@id":"https:\/\/favorite-news.com\/hu\/kovethetove-valt-az-uzemanyag-utja-uj-kutrendszer-indult\/#primaryimage"},"image":{"@id":"https:\/\/favorite-news.com\/hu\/kovethetove-valt-az-uzemanyag-utja-uj-kutrendszer-indult\/#primaryimage"},"thumbnailUrl":"https:\/\/favorite-news.com\/hu\/wp-content\/uploads\/sites\/3\/2019\/04\/K\u00f6vethet\u0151v\u00e9-v\u00e1lt-az-\u00fczemanyag-\u00fatja-\u00daj-k\u00fatrendszer-indult.png","datePublished":"2019-04-23T12:09:13+00:00","dateModified":"2019-04-23T12:09:14+00:00","author":{"@id":"https:\/\/favorite-news.com\/hu\/#\/schema\/person\/b91573b717dcfa5e4696032a9d28d3e8"},"breadcrumb":{"@id":"https:\/\/favorite-news.com\/hu\/kovethetove-valt-az-uzemanyag-utja-uj-kutrendszer-indult\/#breadcrumb"},"inLanguage":"hu","potentialAction":[{"@type":"ReadAction","target":["https:\/\/favorite-news.com\/hu\/kovethetove-valt-az-uzemanyag-utja-uj-kutrendszer-indult\/"]}]},{"@type":"ImageObject","inLanguage":"hu","@id":"https:\/\/favorite-news.com\/hu\/kovethetove-valt-az-uzemanyag-utja-uj-kutrendszer-indult\/#primaryimage","url":"https:\/\/favorite-news.com\/hu\/wp-content\/uploads\/sites\/3\/2019\/04\/K\u00f6vethet\u0151v\u00e9-v\u00e1lt-az-\u00fczemanyag-\u00fatja-\u00daj-k\u00fatrendszer-indult.png","contentUrl":"https:\/\/favorite-news.com\/hu\/wp-content\/uploads\/sites\/3\/2019\/04\/K\u00f6vethet\u0151v\u00e9-v\u00e1lt-az-\u00fczemanyag-\u00fatja-\u00daj-k\u00fatrendszer-indult.png","width":159,"height":62,"caption":"K\u00f6vethet\u0151v\u00e9 v\u00e1lt az \u00fczemanyag \u00fatja - \u00daj k\u00fatrendszer indult"},{"@type":"BreadcrumbList","@id":"https:\/\/favorite-news.com\/hu\/kovethetove-valt-az-uzemanyag-utja-uj-kutrendszer-indult\/#breadcrumb","itemListElement":[{"@type":"ListItem","position":1,"name":"Home","item":"https:\/\/favorite-news.com\/hu\/"},{"@type":"ListItem","position":2,"name":"K\u00f6vethet\u0151v\u00e9 v\u00e1lt az \u00fczemanyag \u00fatja &#8211; \u00daj k\u00fatrendszer indult"}]},{"@type":"WebSite","@id":"https:\/\/favorite-news.com\/hu\/#website","url":"https:\/\/favorite-news.com\/hu\/","name":"Favorite News","description":"Favorite News Magyarorsz\u00e1g","potentialAction":[{"@type":"SearchAction","target":{"@type":"EntryPoint","urlTemplate":"https:\/\/favorite-news.com\/hu\/?s={search_term_string}"},"query-input":{"@type":"PropertyValueSpecification","valueRequired":true,"valueName":"search_term_string"}}],"inLanguage":"hu"},{"@type":"Person","@id":"https:\/\/favorite-news.com\/hu\/#\/schema\/person\/b91573b717dcfa5e4696032a9d28d3e8","name":"favorite-news","image":{"@type":"ImageObject","inLanguage":"hu","@id":"https:\/\/secure.gravatar.com\/avatar\/6c5a5cb12b74e9d517ee91cf570335b7d16177f1977cc91db161adfa435945a7?s=96&d=mm&r=g","url":"https:\/\/secure.gravatar.com\/avatar\/6c5a5cb12b74e9d517ee91cf570335b7d16177f1977cc91db161adfa435945a7?s=96&d=mm&r=g","contentUrl":"https:\/\/secure.gravatar.com\/avatar\/6c5a5cb12b74e9d517ee91cf570335b7d16177f1977cc91db161adfa435945a7?s=96&d=mm&r=g","caption":"favorite-news"},"url":"https:\/\/favorite-news.com\/hu\/author\/pt\/"}]}},"_links":{"self":[{"href":"https:\/\/favorite-news.com\/hu\/wp-json\/wp\/v2\/posts\/33","targetHints":{"allow":["GET"]}}],"collection":[{"href":"https:\/\/favorite-news.com\/hu\/wp-json\/wp\/v2\/posts"}],"about":[{"href":"https:\/\/favorite-news.com\/hu\/wp-json\/wp\/v2\/types\/post"}],"author":[{"embeddable":true,"href":"https:\/\/favorite-news.com\/hu\/wp-json\/wp\/v2\/users\/2"}],"replies":[{"embeddable":true,"href":"https:\/\/favorite-news.com\/hu\/wp-json\/wp\/v2\/comments?post=33"}],"version-history":[{"count":1,"href":"https:\/\/favorite-news.com\/hu\/wp-json\/wp\/v2\/posts\/33\/revisions"}],"predecessor-version":[{"id":35,"href":"https:\/\/favorite-news.com\/hu\/wp-json\/wp\/v2\/posts\/33\/revisions\/35"}],"wp:featuredmedia":[{"embeddable":true,"href":"https:\/\/favorite-news.com\/hu\/wp-json\/wp\/v2\/media\/34"}],"wp:attachment":[{"href":"https:\/\/favorite-news.com\/hu\/wp-json\/wp\/v2\/media?parent=33"}],"wp:term":[{"taxonomy":"category","embeddable":true,"href":"https:\/\/favorite-news.com\/hu\/wp-json\/wp\/v2\/categories?post=33"},{"taxonomy":"post_tag","embeddable":true,"href":"https:\/\/favorite-news.com\/hu\/wp-json\/wp\/v2\/tags?post=33"}],"curies":[{"name":"wp","href":"https:\/\/api.w.org\/{rel}","templated":true}]}}