{"id":139,"date":"2019-05-17T11:44:19","date_gmt":"2019-05-17T08:44:19","guid":{"rendered":"https:\/\/favorite-news.com\/hu\/lecsapott-a-tek-a-bunbandara-ferrari-allt-az-udvaron\/"},"modified":"2019-05-17T11:44:20","modified_gmt":"2019-05-17T08:44:20","slug":"lecsapott-a-tek-a-bunbandara-ferrari-allt-az-udvaron","status":"publish","type":"post","link":"https:\/\/favorite-news.com\/hu\/lecsapott-a-tek-a-bunbandara-ferrari-allt-az-udvaron\/","title":{"rendered":"Lecsapott a TEK a b\u0171nband\u00e1ra, Ferrari \u00e1llt az udvaron"},"content":{"rendered":"<p> [ad_1]<br \/>\n<\/p>\n<div>\u00dajabb nagy fog\u00e1st jelentettek be a nyomoz\u00f3hat\u00f3s\u00e1gok. A nyomoz\u00e1s adatai szerint k\u00e9t szolnoki f\u00e9rfi c\u00e9gh\u00e1l\u00f3zatot m\u0171k\u00f6dtetett, hogy f\u0151k\u00e9nt internetes csal\u00e1sokb\u00f3l sz\u00e1rmaz\u00f3 p\u00e9nz\u00f6sszeget legaliz\u00e1ljanak, illetve t\u00fcntessenek el. A p\u00e9nzmos\u00e1shoz t\u00f6bb sz\u00e1z, ak\u00e1r t\u00f6bb ezer bel- \u00e9s k\u00fclf\u00f6ldi banksz\u00e1ml\u00e1t haszn\u00e1ltak, az okozott k\u00e1r t\u00f6bb sz\u00e1zmilli\u00f3 forint lehet.<\/p>\n<p>A h\u00e1l\u00f3zatra a K\u00e9szenl\u00e9ti Rend\u0151rs\u00e9g \u00f6sszehangolt akci\u00f3ban, egyszerre 19 helysz\u00ednen, csaknem 200 rend\u0151r r\u00e9szv\u00e9tel\u00e9vel, a Terrorelh\u00e1r\u00edt\u00e1si K\u00f6zpont m\u0171veleti egys\u00e9gei bevon\u00e1s\u00e1val csapott le 2019. m\u00e1jus 14-\u00e9n Szolnokon \u00e9s t\u00f6bb k\u00f6rnyez\u0151 telep\u00fcl\u00e9sen.<\/p>\n<p><span class=\"kapcs\"><span class=\"f13 gr\"><span>2019.04.29 13:05 <\/span>Nem mindennapi takar\u00f3huzattal alszik egy b\u0171nszervezet vezet\u0151je<\/span><\/span><\/p>\n<p><span class=\"kapcs\"><span class=\"f13 gr\"><span>2019.04.23 17:21 <\/span>Val\u00f3s\u00e1gos sz\u00e1mlagy\u00e1rat sz\u00e1molt fel a NAV<\/span><\/span><\/p>\n<p><span class=\"kapcs\"><span class=\"f13 gr\"><span>2019.04.18 09:42 <\/span>Hatalmas csal\u00e1di b\u0171nszervezetre csapott le a NAV &#8211; L\u00e1tv\u00e1nyos vide\u00f3n az akci\u00f3<\/span><\/span><\/p>\n<p>A KR NNI Vagyon-visszaszerz\u00e9si Hivatal nyomoz\u00f3i lefoglaltak 83 milli\u00f3 forint k\u00e9szp\u00e9nzt, ing\u00f3s\u00e1gokat, 22 g\u00e9pkocsit, k\u00f6zt\u00fck t\u00f6bb luxusaut\u00f3t 236 milli\u00f3 forint \u00e9rt\u00e9kben. A felv\u00e9telekb\u0151l kider\u00fcl, hogy a luxusaut\u00f3k k\u00f6z\u00f6tt van egy Ferrari is, ami mellett alig lehet \u00e9szrevenni a leg\u00fajabb Audi Q8-ast.<\/p>\n<p><span class=\"kapcs\"><span class=\"f13 gr\"><span>2019.05.17 07:00 <\/span>T\u00f6bb sz\u00e1z milli\u00f3 forintnyi p\u00e9nz mostak tiszt\u00e1ra &#8211; lebuktak<\/span><\/span><\/p>\n<p style=\"text-align:center\">\n<p>Fot\u00f3: Police.hu<\/p>\n<p style=\"text-align:center\"><img loading=\"lazy\" decoding=\"async\" src=\"https:\/\/favorite-news.com\/hu\/wp-content\/uploads\/sites\/3\/2019\/05\/1558082659_358_Lecsapott-a-TEK-a-bunbandara-Ferrari-allt-az-udvaron.jpg\" width=\"640\" height=\"361\" border=\"0\" hspace=\"5\" vspace=\"5\" alt=\"Lecsapott a TEK a b\u0171nband\u00e1ra, Ferrari \u00e1llt az udvaron\" title=\"Lecsapott a TEK a b\u0171nband\u00e1ra, Ferrari \u00e1llt az udvaron\"\/><\/p>\n<p>Fot\u00f3: Police.hu<\/p>\n<p style=\"text-align:center\"><img loading=\"lazy\" decoding=\"async\" src=\"https:\/\/favorite-news.com\/hu\/wp-content\/uploads\/sites\/3\/2019\/05\/1558082659_208_Lecsapott-a-TEK-a-bunbandara-Ferrari-allt-az-udvaron.jpg\" width=\"640\" height=\"360\" border=\"0\" hspace=\"5\" vspace=\"5\" alt=\"Lecsapott a TEK a b\u0171nband\u00e1ra, Ferrari \u00e1llt az udvaron\" title=\"Lecsapott a TEK a b\u0171nband\u00e1ra, Ferrari \u00e1llt az udvaron\"\/><\/p>\n<p>Fot\u00f3 \u00e9s c\u00edmlapk\u00e9p forr\u00e1sa: Police.hu<\/p>\n<\/p><\/div>\n<p><script>\n!function(f,b,e,v,n,t,s){if(f.fbq)return;n=f.fbq=function(){n.callMethod?\nn.callMethod.apply(n,arguments):n.queue.push(arguments)};if(!f._fbq)f._fbq=n;\nn.push=n;n.loaded=!0;n.version='2.0';n.queue=[];t=b.createElement(e);t.async=!0;\nt.src=v;s=b.getElementsByTagName(e)[0];s.parentNode.insertBefore(t,s)}(window,\ndocument,'script','\/\/connect.facebook.net\/en_US\/fbevents.js');\nfbq('init', '1722858324617929');\nfbq('track', \"PageView\");<\/script><script type=\"text\/javascript\">\n$(\"#dropdown-nav\").after('<\/p>\n<div class=\"short-head\">\n<div><img loading=\"lazy\" decoding=\"async\" src=\"https:\/\/favorite-news.com\/hu\/wp-content\/uploads\/sites\/3\/2019\/04\/Havazik-a-szomszdban-PORTFOLIO.HU.png\" width=\"159\" height=\"62\" border=\"0\" alt=\"\"><\/div>\n<\/div>\n<p>')\n\/\/$(\"#cikk\").before('<\/p>\n<div id=\"rovat-melleklet-text\">Short<\/div>\n<p>');\nfunction showsponsored() {\n\/\/$(\"#superbanner\").show();\n$(\"#szponzordiv\").hide();\n$(\"#content\").show();\n$(\"#cikk-right1\").show();\n\/\/$(\"#szponzoraltcsik\").show();\n}\nif(szponzoralt==true) {\n$(\"#content\").hide();\n$(\"#szponzordiv\").show();\n\/\/$(\"#szponzoraltcsik\").hide();\n$(\"#cikk-right1\").hide();\n} else {\n$(\"#content\").show();\n}\n$(\"div.cikk-szavazas\").html('<img loading=\"lazy\" decoding=\"async\" src=\"https:\/\/favorite-news.com\/hu\/wp-content\/uploads\/sites\/3\/2019\/04\/Farmot-csinlunk-a-fekete-lyukbl-hogy-elhalasszuk-a-vilgvgt.gif\" width=\"16\" height=\"16\" border=\"0\" alt=\"\" title=\"\" hspace=\"5\" vspace=\"5\">');\n$(document).ready(function() {\ninlinevote(324551);\n$(\".poll\").poll();\n\/\/$(\"#fbplace_up\").html('<\/p>\n<div id=\"fb-root\"><\/div>\n<div class=\"fb-like\" data-send=\"false\" data-layout=\"button_count\" data-width=\"130\" data-show-faces=\"false\" data-action=\"recommend\"><\/div>\n<p>');\n\/*var id = 'fbjs';\nvar d=document;\nif (document.getElementById(id)) return;\nvar fjs = d.getElementsByTagName('script')[0];\nvar js = d.createElement('script');\njs.id = id;\njs.src = \"http:\/\/connect.facebook.net\/hu_HU\/all.js#xfbml=1\";\nfjs.parentNode.insertBefore(js, fjs);*\/\nvar id = 'fbjs';\nvar d=document;\nif (document.getElementById(id)) return;\nvar fjs = d.getElementsByTagName('script')[0];\nvar js = d.createElement('script');\njs.id = id;\njs.src = \"https:\/\/connect.facebook.net\/hu_HU\/sdk.js#xfbml=1&version=v2.11&appId=326995253100\";\nfjs.parentNode.insertBefore(js, fjs);\n\/\/$(\"#fbplace_up\").html('<\/p>\n<div id=\"fb-root\"><\/div>\n<div class=\"fb-like\" data-href=\"https%3A%2F%2Fwww.portfolio.hu%2Fshort%2Flecsapott-a-tek-a-bunbandara-ferrari-allt-az-udvaron.324551.html\" data-layout=\"button_count\" data-action=\"recommend\" data-show-faces=\"false\" data-share=\"true\" data-mobile_iframe=\"true\"><\/div>\n<p>');\n$(\"#fbplace_up\").html('<\/p>\n<div class=\"fb-like\" data-href=\"https%3A%2F%2Fwww.portfolio.hu%2Fshort%2Flecsapott-a-tek-a-bunbandara-ferrari-allt-az-udvaron.324551.html\" data-layout=\"button_count\" data-action=\"recommend\" data-show-faces=\"false\" data-share=\"true\" data-mobile_iframe=\"true\"><\/div>\n<p>');\n$(\"#fbplace_dn\").html('<\/p>\n<div class=\"fb-like\" data-href=\"https%3A%2F%2Fwww.portfolio.hu%2Fshort%2Flecsapott-a-tek-a-bunbandara-ferrari-allt-az-udvaron.324551.html\" data-layout=\"button_count\" data-action=\"recommend\" data-show-faces=\"false\" data-share=\"true\" data-mobile_iframe=\"true\"><\/div>\n<p>');\n\/\/$(\"#fbplace_up\").html('<\/p>\n<div class=\"fb-like\" data-href=\"https%3A%2F%2Fwww.portfolio.hu%2Fshort%2Flecsapott-a-tek-a-bunbandara-ferrari-allt-az-udvaron.324551.html\" data-layout=\"button_count\" data-action=\"recommend\" data-show-faces=\"false\" data-share=\"true\" data-mobile_iframe=\"true\"><\/div>\n<p>');\n\/\/$(\"#facebook-box\").html('<iframe src=\"http:\/\/www.facebook.com\/plugins\/likebox.php?api_key=113869198637480&#038;connections=10&#038;header=true&#038;height=335&#038;id=47451527654&#038;locale=hu_HU&#038;sdk=joey&#038;stream=false&#038;width=310\" scrolling=\"no\" frameborder=\"0\" allowTransparency=\"true\" style=\"border:none; overflow:hidden; width:310px; height:338px;margin-top:10px;\"><\/iframe>');\n});\n<\/script><br \/>\n<br \/>[ad_2]<br \/>\n<br \/><a href=\"https:\/\/www.portfolio.hu\/short\/lecsapott-a-tek-a-bunbandara-ferrari-allt-az-udvaron.324551.html\">Source link <\/a><\/p>\n","protected":false},"excerpt":{"rendered":"<p>[ad_1] \u00dajabb nagy fog\u00e1st jelentettek be a nyomoz\u00f3hat\u00f3s\u00e1gok. A nyomoz\u00e1s adatai szerint k\u00e9t szolnoki f\u00e9rfi c\u00e9gh\u00e1l\u00f3zatot m\u0171k\u00f6dtetett, hogy f\u0151k\u00e9nt internetes csal\u00e1sokb\u00f3l sz\u00e1rmaz\u00f3 p\u00e9nz\u00f6sszeget legaliz\u00e1ljanak, illetve t\u00fcntessenek el. A p\u00e9nzmos\u00e1shoz t\u00f6bb sz\u00e1z, ak\u00e1r t\u00f6bb ezer bel- \u00e9s k\u00fclf\u00f6ldi banksz\u00e1ml\u00e1t haszn\u00e1ltak, az okozott k\u00e1r t\u00f6bb sz\u00e1zmilli\u00f3 forint lehet. A h\u00e1l\u00f3zatra a K\u00e9szenl\u00e9ti Rend\u0151rs\u00e9g \u00f6sszehangolt akci\u00f3ban, egyszerre 19 [&hellip;]<\/p>\n","protected":false},"author":2,"featured_media":140,"comment_status":"open","ping_status":"open","sticky":false,"template":"","format":"standard","meta":{"footnotes":""},"categories":[1],"tags":[],"class_list":["post-139","post","type-post","status-publish","format-standard","has-post-thumbnail","hentry","category-penzugyi-hirek"],"yoast_head":"<!-- This site is optimized with the Yoast SEO plugin v27.4 - https:\/\/yoast.com\/product\/yoast-seo-wordpress\/ -->\n<title>Lecsapott a TEK a b\u0171nband\u00e1ra, Ferrari \u00e1llt az udvaron - Favorite News<\/title>\n<meta name=\"robots\" content=\"index, follow, max-snippet:-1, max-image-preview:large, max-video-preview:-1\" \/>\n<link rel=\"canonical\" href=\"https:\/\/favorite-news.com\/hu\/lecsapott-a-tek-a-bunbandara-ferrari-allt-az-udvaron\/\" \/>\n<meta property=\"og:locale\" content=\"hu_HU\" \/>\n<meta property=\"og:type\" content=\"article\" \/>\n<meta property=\"og:title\" content=\"Lecsapott a TEK a b\u0171nband\u00e1ra, Ferrari \u00e1llt az udvaron - Favorite News\" \/>\n<meta property=\"og:description\" content=\"[ad_1] \u00dajabb nagy fog\u00e1st jelentettek be a nyomoz\u00f3hat\u00f3s\u00e1gok. A nyomoz\u00e1s adatai szerint k\u00e9t szolnoki f\u00e9rfi c\u00e9gh\u00e1l\u00f3zatot m\u0171k\u00f6dtetett, hogy f\u0151k\u00e9nt internetes csal\u00e1sokb\u00f3l sz\u00e1rmaz\u00f3 p\u00e9nz\u00f6sszeget legaliz\u00e1ljanak, illetve t\u00fcntessenek el. A p\u00e9nzmos\u00e1shoz t\u00f6bb sz\u00e1z, ak\u00e1r t\u00f6bb ezer bel- \u00e9s k\u00fclf\u00f6ldi banksz\u00e1ml\u00e1t haszn\u00e1ltak, az okozott k\u00e1r t\u00f6bb sz\u00e1zmilli\u00f3 forint lehet. A h\u00e1l\u00f3zatra a K\u00e9szenl\u00e9ti Rend\u0151rs\u00e9g \u00f6sszehangolt akci\u00f3ban, egyszerre 19 [&hellip;]\" \/>\n<meta property=\"og:url\" content=\"https:\/\/favorite-news.com\/hu\/lecsapott-a-tek-a-bunbandara-ferrari-allt-az-udvaron\/\" \/>\n<meta property=\"og:site_name\" content=\"Favorite News\" \/>\n<meta property=\"article:published_time\" content=\"2019-05-17T08:44:19+00:00\" \/>\n<meta property=\"article:modified_time\" content=\"2019-05-17T08:44:20+00:00\" \/>\n<meta property=\"og:image\" content=\"https:\/\/favorite-news.com\/hu\/wp-content\/uploads\/sites\/3\/2019\/05\/Lecsapott-a-TEK-a-b\u0171nband\u00e1ra-Ferrari-\u00e1llt-az-udvaron.jpg\" \/>\n\t<meta property=\"og:image:width\" content=\"640\" \/>\n\t<meta property=\"og:image:height\" content=\"361\" \/>\n\t<meta property=\"og:image:type\" content=\"image\/jpeg\" \/>\n<meta name=\"author\" content=\"favorite-news\" \/>\n<meta name=\"twitter:card\" content=\"summary_large_image\" \/>\n<meta name=\"twitter:label1\" content=\"Szerz\u0151:\" \/>\n\t<meta name=\"twitter:data1\" content=\"favorite-news\" \/>\n\t<meta name=\"twitter:label2\" content=\"Becs\u00fclt olvas\u00e1si id\u0151\" \/>\n\t<meta name=\"twitter:data2\" content=\"1 perc\" \/>\n<script type=\"application\/ld+json\" class=\"yoast-schema-graph\">{\"@context\":\"https:\\\/\\\/schema.org\",\"@graph\":[{\"@type\":\"Article\",\"@id\":\"https:\\\/\\\/favorite-news.com\\\/hu\\\/lecsapott-a-tek-a-bunbandara-ferrari-allt-az-udvaron\\\/#article\",\"isPartOf\":{\"@id\":\"https:\\\/\\\/favorite-news.com\\\/hu\\\/lecsapott-a-tek-a-bunbandara-ferrari-allt-az-udvaron\\\/\"},\"author\":{\"name\":\"favorite-news\",\"@id\":\"https:\\\/\\\/favorite-news.com\\\/hu\\\/#\\\/schema\\\/person\\\/b91573b717dcfa5e4696032a9d28d3e8\"},\"headline\":\"Lecsapott a TEK a b\u0171nband\u00e1ra, Ferrari \u00e1llt az udvaron\",\"datePublished\":\"2019-05-17T08:44:19+00:00\",\"dateModified\":\"2019-05-17T08:44:20+00:00\",\"mainEntityOfPage\":{\"@id\":\"https:\\\/\\\/favorite-news.com\\\/hu\\\/lecsapott-a-tek-a-bunbandara-ferrari-allt-az-udvaron\\\/\"},\"wordCount\":272,\"commentCount\":0,\"image\":{\"@id\":\"https:\\\/\\\/favorite-news.com\\\/hu\\\/lecsapott-a-tek-a-bunbandara-ferrari-allt-az-udvaron\\\/#primaryimage\"},\"thumbnailUrl\":\"https:\\\/\\\/favorite-news.com\\\/hu\\\/wp-content\\\/uploads\\\/sites\\\/3\\\/2019\\\/05\\\/Lecsapott-a-TEK-a-b\u0171nband\u00e1ra-Ferrari-\u00e1llt-az-udvaron.jpg\",\"articleSection\":[\"P\u00c9NZ\u00dcGYI H\u00cdREK\"],\"inLanguage\":\"hu\",\"potentialAction\":[{\"@type\":\"CommentAction\",\"name\":\"Comment\",\"target\":[\"https:\\\/\\\/favorite-news.com\\\/hu\\\/lecsapott-a-tek-a-bunbandara-ferrari-allt-az-udvaron\\\/#respond\"]}]},{\"@type\":\"WebPage\",\"@id\":\"https:\\\/\\\/favorite-news.com\\\/hu\\\/lecsapott-a-tek-a-bunbandara-ferrari-allt-az-udvaron\\\/\",\"url\":\"https:\\\/\\\/favorite-news.com\\\/hu\\\/lecsapott-a-tek-a-bunbandara-ferrari-allt-az-udvaron\\\/\",\"name\":\"Lecsapott a TEK a b\u0171nband\u00e1ra, Ferrari \u00e1llt az udvaron - Favorite News\",\"isPartOf\":{\"@id\":\"https:\\\/\\\/favorite-news.com\\\/hu\\\/#website\"},\"primaryImageOfPage\":{\"@id\":\"https:\\\/\\\/favorite-news.com\\\/hu\\\/lecsapott-a-tek-a-bunbandara-ferrari-allt-az-udvaron\\\/#primaryimage\"},\"image\":{\"@id\":\"https:\\\/\\\/favorite-news.com\\\/hu\\\/lecsapott-a-tek-a-bunbandara-ferrari-allt-az-udvaron\\\/#primaryimage\"},\"thumbnailUrl\":\"https:\\\/\\\/favorite-news.com\\\/hu\\\/wp-content\\\/uploads\\\/sites\\\/3\\\/2019\\\/05\\\/Lecsapott-a-TEK-a-b\u0171nband\u00e1ra-Ferrari-\u00e1llt-az-udvaron.jpg\",\"datePublished\":\"2019-05-17T08:44:19+00:00\",\"dateModified\":\"2019-05-17T08:44:20+00:00\",\"author\":{\"@id\":\"https:\\\/\\\/favorite-news.com\\\/hu\\\/#\\\/schema\\\/person\\\/b91573b717dcfa5e4696032a9d28d3e8\"},\"breadcrumb\":{\"@id\":\"https:\\\/\\\/favorite-news.com\\\/hu\\\/lecsapott-a-tek-a-bunbandara-ferrari-allt-az-udvaron\\\/#breadcrumb\"},\"inLanguage\":\"hu\",\"potentialAction\":[{\"@type\":\"ReadAction\",\"target\":[\"https:\\\/\\\/favorite-news.com\\\/hu\\\/lecsapott-a-tek-a-bunbandara-ferrari-allt-az-udvaron\\\/\"]}]},{\"@type\":\"ImageObject\",\"inLanguage\":\"hu\",\"@id\":\"https:\\\/\\\/favorite-news.com\\\/hu\\\/lecsapott-a-tek-a-bunbandara-ferrari-allt-az-udvaron\\\/#primaryimage\",\"url\":\"https:\\\/\\\/favorite-news.com\\\/hu\\\/wp-content\\\/uploads\\\/sites\\\/3\\\/2019\\\/05\\\/Lecsapott-a-TEK-a-b\u0171nband\u00e1ra-Ferrari-\u00e1llt-az-udvaron.jpg\",\"contentUrl\":\"https:\\\/\\\/favorite-news.com\\\/hu\\\/wp-content\\\/uploads\\\/sites\\\/3\\\/2019\\\/05\\\/Lecsapott-a-TEK-a-b\u0171nband\u00e1ra-Ferrari-\u00e1llt-az-udvaron.jpg\",\"width\":640,\"height\":361,\"caption\":\"Lecsapott a TEK a b\u0171nband\u00e1ra, Ferrari \u00e1llt az udvaron\"},{\"@type\":\"BreadcrumbList\",\"@id\":\"https:\\\/\\\/favorite-news.com\\\/hu\\\/lecsapott-a-tek-a-bunbandara-ferrari-allt-az-udvaron\\\/#breadcrumb\",\"itemListElement\":[{\"@type\":\"ListItem\",\"position\":1,\"name\":\"Home\",\"item\":\"https:\\\/\\\/favorite-news.com\\\/hu\\\/\"},{\"@type\":\"ListItem\",\"position\":2,\"name\":\"Lecsapott a TEK a b\u0171nband\u00e1ra, Ferrari \u00e1llt az udvaron\"}]},{\"@type\":\"WebSite\",\"@id\":\"https:\\\/\\\/favorite-news.com\\\/hu\\\/#website\",\"url\":\"https:\\\/\\\/favorite-news.com\\\/hu\\\/\",\"name\":\"Favorite News\",\"description\":\"Favorite News Magyarorsz\u00e1g\",\"potentialAction\":[{\"@type\":\"SearchAction\",\"target\":{\"@type\":\"EntryPoint\",\"urlTemplate\":\"https:\\\/\\\/favorite-news.com\\\/hu\\\/?s={search_term_string}\"},\"query-input\":{\"@type\":\"PropertyValueSpecification\",\"valueRequired\":true,\"valueName\":\"search_term_string\"}}],\"inLanguage\":\"hu\"},{\"@type\":\"Person\",\"@id\":\"https:\\\/\\\/favorite-news.com\\\/hu\\\/#\\\/schema\\\/person\\\/b91573b717dcfa5e4696032a9d28d3e8\",\"name\":\"favorite-news\",\"image\":{\"@type\":\"ImageObject\",\"inLanguage\":\"hu\",\"@id\":\"https:\\\/\\\/secure.gravatar.com\\\/avatar\\\/6c5a5cb12b74e9d517ee91cf570335b7d16177f1977cc91db161adfa435945a7?s=96&d=mm&r=g\",\"url\":\"https:\\\/\\\/secure.gravatar.com\\\/avatar\\\/6c5a5cb12b74e9d517ee91cf570335b7d16177f1977cc91db161adfa435945a7?s=96&d=mm&r=g\",\"contentUrl\":\"https:\\\/\\\/secure.gravatar.com\\\/avatar\\\/6c5a5cb12b74e9d517ee91cf570335b7d16177f1977cc91db161adfa435945a7?s=96&d=mm&r=g\",\"caption\":\"favorite-news\"},\"url\":\"https:\\\/\\\/favorite-news.com\\\/hu\\\/author\\\/pt\\\/\"}]}<\/script>\n<!-- \/ Yoast SEO plugin. -->","yoast_head_json":{"title":"Lecsapott a TEK a b\u0171nband\u00e1ra, Ferrari \u00e1llt az udvaron - Favorite News","robots":{"index":"index","follow":"follow","max-snippet":"max-snippet:-1","max-image-preview":"max-image-preview:large","max-video-preview":"max-video-preview:-1"},"canonical":"https:\/\/favorite-news.com\/hu\/lecsapott-a-tek-a-bunbandara-ferrari-allt-az-udvaron\/","og_locale":"hu_HU","og_type":"article","og_title":"Lecsapott a TEK a b\u0171nband\u00e1ra, Ferrari \u00e1llt az udvaron - Favorite News","og_description":"[ad_1] \u00dajabb nagy fog\u00e1st jelentettek be a nyomoz\u00f3hat\u00f3s\u00e1gok. A nyomoz\u00e1s adatai szerint k\u00e9t szolnoki f\u00e9rfi c\u00e9gh\u00e1l\u00f3zatot m\u0171k\u00f6dtetett, hogy f\u0151k\u00e9nt internetes csal\u00e1sokb\u00f3l sz\u00e1rmaz\u00f3 p\u00e9nz\u00f6sszeget legaliz\u00e1ljanak, illetve t\u00fcntessenek el. A p\u00e9nzmos\u00e1shoz t\u00f6bb sz\u00e1z, ak\u00e1r t\u00f6bb ezer bel- \u00e9s k\u00fclf\u00f6ldi banksz\u00e1ml\u00e1t haszn\u00e1ltak, az okozott k\u00e1r t\u00f6bb sz\u00e1zmilli\u00f3 forint lehet. A h\u00e1l\u00f3zatra a K\u00e9szenl\u00e9ti Rend\u0151rs\u00e9g \u00f6sszehangolt akci\u00f3ban, egyszerre 19 [&hellip;]","og_url":"https:\/\/favorite-news.com\/hu\/lecsapott-a-tek-a-bunbandara-ferrari-allt-az-udvaron\/","og_site_name":"Favorite News","article_published_time":"2019-05-17T08:44:19+00:00","article_modified_time":"2019-05-17T08:44:20+00:00","og_image":[{"width":640,"height":361,"url":"https:\/\/favorite-news.com\/hu\/wp-content\/uploads\/sites\/3\/2019\/05\/Lecsapott-a-TEK-a-b\u0171nband\u00e1ra-Ferrari-\u00e1llt-az-udvaron.jpg","type":"image\/jpeg"}],"author":"favorite-news","twitter_card":"summary_large_image","twitter_misc":{"Szerz\u0151:":"favorite-news","Becs\u00fclt olvas\u00e1si id\u0151":"1 perc"},"schema":{"@context":"https:\/\/schema.org","@graph":[{"@type":"Article","@id":"https:\/\/favorite-news.com\/hu\/lecsapott-a-tek-a-bunbandara-ferrari-allt-az-udvaron\/#article","isPartOf":{"@id":"https:\/\/favorite-news.com\/hu\/lecsapott-a-tek-a-bunbandara-ferrari-allt-az-udvaron\/"},"author":{"name":"favorite-news","@id":"https:\/\/favorite-news.com\/hu\/#\/schema\/person\/b91573b717dcfa5e4696032a9d28d3e8"},"headline":"Lecsapott a TEK a b\u0171nband\u00e1ra, Ferrari \u00e1llt az udvaron","datePublished":"2019-05-17T08:44:19+00:00","dateModified":"2019-05-17T08:44:20+00:00","mainEntityOfPage":{"@id":"https:\/\/favorite-news.com\/hu\/lecsapott-a-tek-a-bunbandara-ferrari-allt-az-udvaron\/"},"wordCount":272,"commentCount":0,"image":{"@id":"https:\/\/favorite-news.com\/hu\/lecsapott-a-tek-a-bunbandara-ferrari-allt-az-udvaron\/#primaryimage"},"thumbnailUrl":"https:\/\/favorite-news.com\/hu\/wp-content\/uploads\/sites\/3\/2019\/05\/Lecsapott-a-TEK-a-b\u0171nband\u00e1ra-Ferrari-\u00e1llt-az-udvaron.jpg","articleSection":["P\u00c9NZ\u00dcGYI H\u00cdREK"],"inLanguage":"hu","potentialAction":[{"@type":"CommentAction","name":"Comment","target":["https:\/\/favorite-news.com\/hu\/lecsapott-a-tek-a-bunbandara-ferrari-allt-az-udvaron\/#respond"]}]},{"@type":"WebPage","@id":"https:\/\/favorite-news.com\/hu\/lecsapott-a-tek-a-bunbandara-ferrari-allt-az-udvaron\/","url":"https:\/\/favorite-news.com\/hu\/lecsapott-a-tek-a-bunbandara-ferrari-allt-az-udvaron\/","name":"Lecsapott a TEK a b\u0171nband\u00e1ra, Ferrari \u00e1llt az udvaron - Favorite News","isPartOf":{"@id":"https:\/\/favorite-news.com\/hu\/#website"},"primaryImageOfPage":{"@id":"https:\/\/favorite-news.com\/hu\/lecsapott-a-tek-a-bunbandara-ferrari-allt-az-udvaron\/#primaryimage"},"image":{"@id":"https:\/\/favorite-news.com\/hu\/lecsapott-a-tek-a-bunbandara-ferrari-allt-az-udvaron\/#primaryimage"},"thumbnailUrl":"https:\/\/favorite-news.com\/hu\/wp-content\/uploads\/sites\/3\/2019\/05\/Lecsapott-a-TEK-a-b\u0171nband\u00e1ra-Ferrari-\u00e1llt-az-udvaron.jpg","datePublished":"2019-05-17T08:44:19+00:00","dateModified":"2019-05-17T08:44:20+00:00","author":{"@id":"https:\/\/favorite-news.com\/hu\/#\/schema\/person\/b91573b717dcfa5e4696032a9d28d3e8"},"breadcrumb":{"@id":"https:\/\/favorite-news.com\/hu\/lecsapott-a-tek-a-bunbandara-ferrari-allt-az-udvaron\/#breadcrumb"},"inLanguage":"hu","potentialAction":[{"@type":"ReadAction","target":["https:\/\/favorite-news.com\/hu\/lecsapott-a-tek-a-bunbandara-ferrari-allt-az-udvaron\/"]}]},{"@type":"ImageObject","inLanguage":"hu","@id":"https:\/\/favorite-news.com\/hu\/lecsapott-a-tek-a-bunbandara-ferrari-allt-az-udvaron\/#primaryimage","url":"https:\/\/favorite-news.com\/hu\/wp-content\/uploads\/sites\/3\/2019\/05\/Lecsapott-a-TEK-a-b\u0171nband\u00e1ra-Ferrari-\u00e1llt-az-udvaron.jpg","contentUrl":"https:\/\/favorite-news.com\/hu\/wp-content\/uploads\/sites\/3\/2019\/05\/Lecsapott-a-TEK-a-b\u0171nband\u00e1ra-Ferrari-\u00e1llt-az-udvaron.jpg","width":640,"height":361,"caption":"Lecsapott a TEK a b\u0171nband\u00e1ra, Ferrari \u00e1llt az udvaron"},{"@type":"BreadcrumbList","@id":"https:\/\/favorite-news.com\/hu\/lecsapott-a-tek-a-bunbandara-ferrari-allt-az-udvaron\/#breadcrumb","itemListElement":[{"@type":"ListItem","position":1,"name":"Home","item":"https:\/\/favorite-news.com\/hu\/"},{"@type":"ListItem","position":2,"name":"Lecsapott a TEK a b\u0171nband\u00e1ra, Ferrari \u00e1llt az udvaron"}]},{"@type":"WebSite","@id":"https:\/\/favorite-news.com\/hu\/#website","url":"https:\/\/favorite-news.com\/hu\/","name":"Favorite News","description":"Favorite News Magyarorsz\u00e1g","potentialAction":[{"@type":"SearchAction","target":{"@type":"EntryPoint","urlTemplate":"https:\/\/favorite-news.com\/hu\/?s={search_term_string}"},"query-input":{"@type":"PropertyValueSpecification","valueRequired":true,"valueName":"search_term_string"}}],"inLanguage":"hu"},{"@type":"Person","@id":"https:\/\/favorite-news.com\/hu\/#\/schema\/person\/b91573b717dcfa5e4696032a9d28d3e8","name":"favorite-news","image":{"@type":"ImageObject","inLanguage":"hu","@id":"https:\/\/secure.gravatar.com\/avatar\/6c5a5cb12b74e9d517ee91cf570335b7d16177f1977cc91db161adfa435945a7?s=96&d=mm&r=g","url":"https:\/\/secure.gravatar.com\/avatar\/6c5a5cb12b74e9d517ee91cf570335b7d16177f1977cc91db161adfa435945a7?s=96&d=mm&r=g","contentUrl":"https:\/\/secure.gravatar.com\/avatar\/6c5a5cb12b74e9d517ee91cf570335b7d16177f1977cc91db161adfa435945a7?s=96&d=mm&r=g","caption":"favorite-news"},"url":"https:\/\/favorite-news.com\/hu\/author\/pt\/"}]}},"_links":{"self":[{"href":"https:\/\/favorite-news.com\/hu\/wp-json\/wp\/v2\/posts\/139","targetHints":{"allow":["GET"]}}],"collection":[{"href":"https:\/\/favorite-news.com\/hu\/wp-json\/wp\/v2\/posts"}],"about":[{"href":"https:\/\/favorite-news.com\/hu\/wp-json\/wp\/v2\/types\/post"}],"author":[{"embeddable":true,"href":"https:\/\/favorite-news.com\/hu\/wp-json\/wp\/v2\/users\/2"}],"replies":[{"embeddable":true,"href":"https:\/\/favorite-news.com\/hu\/wp-json\/wp\/v2\/comments?post=139"}],"version-history":[{"count":1,"href":"https:\/\/favorite-news.com\/hu\/wp-json\/wp\/v2\/posts\/139\/revisions"}],"predecessor-version":[{"id":141,"href":"https:\/\/favorite-news.com\/hu\/wp-json\/wp\/v2\/posts\/139\/revisions\/141"}],"wp:featuredmedia":[{"embeddable":true,"href":"https:\/\/favorite-news.com\/hu\/wp-json\/wp\/v2\/media\/140"}],"wp:attachment":[{"href":"https:\/\/favorite-news.com\/hu\/wp-json\/wp\/v2\/media?parent=139"}],"wp:term":[{"taxonomy":"category","embeddable":true,"href":"https:\/\/favorite-news.com\/hu\/wp-json\/wp\/v2\/categories?post=139"},{"taxonomy":"post_tag","embeddable":true,"href":"https:\/\/favorite-news.com\/hu\/wp-json\/wp\/v2\/tags?post=139"}],"curies":[{"name":"wp","href":"https:\/\/api.w.org\/{rel}","templated":true}]}}