{"id":1370,"date":"2021-05-19T22:01:21","date_gmt":"2021-05-19T19:01:21","guid":{"rendered":"https:\/\/favorite-news.com\/hu\/ausztriaban-kinyitottak-az-ettermek-es-a-hotelek\/"},"modified":"2021-05-19T22:01:25","modified_gmt":"2021-05-19T19:01:25","slug":"ausztriaban-kinyitottak-az-ettermek-es-a-hotelek","status":"publish","type":"post","link":"https:\/\/favorite-news.com\/hu\/ausztriaban-kinyitottak-az-ettermek-es-a-hotelek\/","title":{"rendered":"Ausztri\u00e1ban kinyitottak az \u00e9ttermek \u00e9s a hotelek"},"content":{"rendered":"<p><\/p>\n<p>Ausztria-szerte 40 000 vend\u00e9gl\u00e1t\u00f3 egys\u00e9g \u00e9s 68 400 hotel \u00e9s panzi\u00f3 nyitotta meg \u00fajra kapuit a vend\u00e9gek el\u0151tt. Az \u00d6sterreich c\u00edm\u0171 napilap felm\u00e9r\u00e9se szerint 41 sz\u00e1zal\u00e9ka a megk\u00e9rdezetteknek annak \u00f6r\u00fcl a legjobban, hogy v\u00e9gre bar\u00e1tokkal be\u00fclhet egy k\u00e1v\u00e9z\u00f3ba vagy \u00e9tterembe.\u00a0\u00a0\u00a0\u00a0  Kinyitottak a fitneszszalonok, a mozik, a sz\u00ednh\u00e1zak \u00e9s a sportl\u00e9tes\u00edtm\u00e9nyek is. B\u00e9csben, a Duna-parton az egyik k\u00f6zkedvelt vend\u00e9gl\u0151 m\u00e1r hajnali \u00f6tkor kinyitott, \u00e9s a pinc\u00e9rek egy\u00fctt \u00fcnnepelt\u00e9k a napfelkelt\u00e9t \u00e9s a nyit\u00e1st a vend\u00e9gekkel. Az emberek \u00e9s a vend\u00e9gl\u00e1t\u00f3sok kedv\u00e9t egyel\u0151re m\u00e9g az sem szegte, hogy tucatnyi k\u00fcl\u00f6nb\u00f6z\u0151 igazol\u00e1st kell ellen\u0151rizni, hiszen van, aki olt\u00e1si igazolv\u00e1nnyal, m\u00e1sok kor\u00e1bbi koronav\u00edrusos betegs\u00e9g\u00fckr\u0151l kapott orvosi pap\u00edrral vagy negat\u00edv teszttel \u00e9rkeznek.\u00a0\u00a0\u00a0\u00a0  Michael Ludwig, B\u00e9cs polg\u00e1rmestere a f\u0151v\u00e1ros legr\u00e9gebbi k\u00e1v\u00e9h\u00e1z\u00e1t l\u00e1togatta meg, ahol m\u00e1r Mozart \u00e9s Beethoven is j\u00e1rt, Sebastian Kurz kancell\u00e1r pedig a Praterben l\u00e9v\u0151 h\u00edres Schweizerhausban eb\u00e9delt Werner Kogler alkancell\u00e1rral \u00e9s Elisabeth K\u00f6stinger turisztikai miniszterrel. Kurz eb\u00e9d el\u0151tti sajt\u00f3t\u00e1j\u00e9koztat\u00f3j\u00e1t k\u00e9t v\u00edrustagad\u00f3 pr\u00f3b\u00e1lta bekiab\u00e1l\u00e1sokkal megzavarni, de a kancell\u00e1r nem hagyta mag\u00e1t kiz\u00f6kkenti a nyugalm\u00e1b\u00f3l, \u00e9s a jelen l\u00e9v\u0151 rend\u0151r\u00f6k r\u00f6vid id\u0151n bel\u00fcl elt\u00e1vol\u00edtott\u00e1k a k\u00e9t rendbont\u00f3t.\u00a0\u00a0\u00a0\u00a0  A kancell\u00e1r \u00e9s a korm\u00e1ny k\u00e9pvisel\u0151i d\u00e9lut\u00e1n az \u00fajra megny\u00edl\u00f3 operah\u00e1zat l\u00e1togatt\u00e1k meg, ahol m\u00e1jusban \u00e9s j\u00faniusban a j\u00e1rv\u00e1ny miatt elmaradt premierek v\u00e1rj\u00e1k a k\u00f6z\u00f6ns\u00e9get. Szerd\u00e1n, a nyit\u00e1s napj\u00e1n a Frank Castorf rendez\u00e9s\u00e9ben sz\u00ednpadra \u00e1ll\u00edtott Faustnak tapsolhat a kult\u00far\u00e1ra ki\u00e9hezett k\u00f6z\u00f6ns\u00e9g B\u00e9csben.    C\u00edmlapk\u00e9p: Askin Kiyagan\/Anadolu Agency via Getty Images<\/p>\n<p>\n<!--noindex--><br \/>\n<a href=\"https:\/\/www.portfolio.hu\/gazdasag\/20210519\/ausztriaban-kinyitottak-az-ettermek-es-a-hotelek-483974\" rel=\"nofollow\">Source link <\/a><br \/>\n<!--\/noindex--><\/p>\n","protected":false},"excerpt":{"rendered":"<p>Ausztria-szerte 40 000 vend\u00e9gl\u00e1t\u00f3 egys\u00e9g \u00e9s 68 400 hotel \u00e9s panzi\u00f3 nyitotta meg \u00fajra kapuit a vend\u00e9gek el\u0151tt. Az \u00d6sterreich c\u00edm\u0171 napilap felm\u00e9r\u00e9se szerint 41 sz\u00e1zal\u00e9ka a megk\u00e9rdezetteknek annak \u00f6r\u00fcl a legjobban, hogy v\u00e9gre bar\u00e1tokkal be\u00fclhet egy k\u00e1v\u00e9z\u00f3ba vagy \u00e9tterembe.\u00a0\u00a0\u00a0\u00a0 Kinyitottak a fitneszszalonok, a mozik, a sz\u00ednh\u00e1zak \u00e9s a sportl\u00e9tes\u00edtm\u00e9nyek is. B\u00e9csben, a Duna-parton az [&hellip;]<\/p>\n","protected":false},"author":2,"featured_media":1371,"comment_status":"open","ping_status":"open","sticky":false,"template":"","format":"standard","meta":{"footnotes":""},"categories":[1],"tags":[],"class_list":["post-1370","post","type-post","status-publish","format-standard","has-post-thumbnail","hentry","category-penzugyi-hirek"],"yoast_head":"<!-- This site is optimized with the Yoast SEO plugin v27.4 - https:\/\/yoast.com\/product\/yoast-seo-wordpress\/ -->\n<title>Ausztri\u00e1ban kinyitottak az \u00e9ttermek \u00e9s a hotelek - Favorite News<\/title>\n<meta name=\"robots\" content=\"index, follow, max-snippet:-1, max-image-preview:large, max-video-preview:-1\" \/>\n<link rel=\"canonical\" href=\"https:\/\/favorite-news.com\/hu\/ausztriaban-kinyitottak-az-ettermek-es-a-hotelek\/\" \/>\n<meta property=\"og:locale\" content=\"hu_HU\" \/>\n<meta property=\"og:type\" content=\"article\" \/>\n<meta property=\"og:title\" content=\"Ausztri\u00e1ban kinyitottak az \u00e9ttermek \u00e9s a hotelek - Favorite News\" \/>\n<meta property=\"og:description\" content=\"Ausztria-szerte 40 000 vend\u00e9gl\u00e1t\u00f3 egys\u00e9g \u00e9s 68 400 hotel \u00e9s panzi\u00f3 nyitotta meg \u00fajra kapuit a vend\u00e9gek el\u0151tt. Az \u00d6sterreich c\u00edm\u0171 napilap felm\u00e9r\u00e9se szerint 41 sz\u00e1zal\u00e9ka a megk\u00e9rdezetteknek annak \u00f6r\u00fcl a legjobban, hogy v\u00e9gre bar\u00e1tokkal be\u00fclhet egy k\u00e1v\u00e9z\u00f3ba vagy \u00e9tterembe.\u00a0\u00a0\u00a0\u00a0 Kinyitottak a fitneszszalonok, a mozik, a sz\u00ednh\u00e1zak \u00e9s a sportl\u00e9tes\u00edtm\u00e9nyek is. B\u00e9csben, a Duna-parton az [&hellip;]\" \/>\n<meta property=\"og:url\" content=\"https:\/\/favorite-news.com\/hu\/ausztriaban-kinyitottak-az-ettermek-es-a-hotelek\/\" \/>\n<meta property=\"og:site_name\" content=\"Favorite News\" \/>\n<meta property=\"article:published_time\" content=\"2021-05-19T19:01:21+00:00\" \/>\n<meta property=\"article:modified_time\" content=\"2021-05-19T19:01:25+00:00\" \/>\n<meta property=\"og:image\" content=\"https:\/\/favorite-news.com\/hu\/wp-content\/uploads\/sites\/3\/2021\/05\/Ausztriaban-kinyitottak-az-ettermek-es-a-hotelek.jpg\" \/>\n\t<meta property=\"og:image:width\" content=\"1920\" \/>\n\t<meta property=\"og:image:height\" content=\"1080\" \/>\n\t<meta property=\"og:image:type\" content=\"image\/jpeg\" \/>\n<meta name=\"author\" content=\"favorite-news\" \/>\n<meta name=\"twitter:card\" content=\"summary_large_image\" \/>\n<meta name=\"twitter:label1\" content=\"Szerz\u0151:\" \/>\n\t<meta name=\"twitter:data1\" content=\"favorite-news\" \/>\n\t<meta name=\"twitter:label2\" content=\"Becs\u00fclt olvas\u00e1si id\u0151\" \/>\n\t<meta name=\"twitter:data2\" content=\"2 perc\" \/>\n<script type=\"application\/ld+json\" class=\"yoast-schema-graph\">{\"@context\":\"https:\\\/\\\/schema.org\",\"@graph\":[{\"@type\":\"Article\",\"@id\":\"https:\\\/\\\/favorite-news.com\\\/hu\\\/ausztriaban-kinyitottak-az-ettermek-es-a-hotelek\\\/#article\",\"isPartOf\":{\"@id\":\"https:\\\/\\\/favorite-news.com\\\/hu\\\/ausztriaban-kinyitottak-az-ettermek-es-a-hotelek\\\/\"},\"author\":{\"name\":\"favorite-news\",\"@id\":\"https:\\\/\\\/favorite-news.com\\\/hu\\\/#\\\/schema\\\/person\\\/b91573b717dcfa5e4696032a9d28d3e8\"},\"headline\":\"Ausztri\u00e1ban kinyitottak az \u00e9ttermek \u00e9s a hotelek\",\"datePublished\":\"2021-05-19T19:01:21+00:00\",\"dateModified\":\"2021-05-19T19:01:25+00:00\",\"mainEntityOfPage\":{\"@id\":\"https:\\\/\\\/favorite-news.com\\\/hu\\\/ausztriaban-kinyitottak-az-ettermek-es-a-hotelek\\\/\"},\"wordCount\":363,\"commentCount\":0,\"image\":{\"@id\":\"https:\\\/\\\/favorite-news.com\\\/hu\\\/ausztriaban-kinyitottak-az-ettermek-es-a-hotelek\\\/#primaryimage\"},\"thumbnailUrl\":\"https:\\\/\\\/favorite-news.com\\\/hu\\\/wp-content\\\/uploads\\\/sites\\\/3\\\/2021\\\/05\\\/Ausztriaban-kinyitottak-az-ettermek-es-a-hotelek.jpg\",\"articleSection\":[\"P\u00c9NZ\u00dcGYI H\u00cdREK\"],\"inLanguage\":\"hu\",\"potentialAction\":[{\"@type\":\"CommentAction\",\"name\":\"Comment\",\"target\":[\"https:\\\/\\\/favorite-news.com\\\/hu\\\/ausztriaban-kinyitottak-az-ettermek-es-a-hotelek\\\/#respond\"]}]},{\"@type\":\"WebPage\",\"@id\":\"https:\\\/\\\/favorite-news.com\\\/hu\\\/ausztriaban-kinyitottak-az-ettermek-es-a-hotelek\\\/\",\"url\":\"https:\\\/\\\/favorite-news.com\\\/hu\\\/ausztriaban-kinyitottak-az-ettermek-es-a-hotelek\\\/\",\"name\":\"Ausztri\u00e1ban kinyitottak az \u00e9ttermek \u00e9s a hotelek - Favorite News\",\"isPartOf\":{\"@id\":\"https:\\\/\\\/favorite-news.com\\\/hu\\\/#website\"},\"primaryImageOfPage\":{\"@id\":\"https:\\\/\\\/favorite-news.com\\\/hu\\\/ausztriaban-kinyitottak-az-ettermek-es-a-hotelek\\\/#primaryimage\"},\"image\":{\"@id\":\"https:\\\/\\\/favorite-news.com\\\/hu\\\/ausztriaban-kinyitottak-az-ettermek-es-a-hotelek\\\/#primaryimage\"},\"thumbnailUrl\":\"https:\\\/\\\/favorite-news.com\\\/hu\\\/wp-content\\\/uploads\\\/sites\\\/3\\\/2021\\\/05\\\/Ausztriaban-kinyitottak-az-ettermek-es-a-hotelek.jpg\",\"datePublished\":\"2021-05-19T19:01:21+00:00\",\"dateModified\":\"2021-05-19T19:01:25+00:00\",\"author\":{\"@id\":\"https:\\\/\\\/favorite-news.com\\\/hu\\\/#\\\/schema\\\/person\\\/b91573b717dcfa5e4696032a9d28d3e8\"},\"breadcrumb\":{\"@id\":\"https:\\\/\\\/favorite-news.com\\\/hu\\\/ausztriaban-kinyitottak-az-ettermek-es-a-hotelek\\\/#breadcrumb\"},\"inLanguage\":\"hu\",\"potentialAction\":[{\"@type\":\"ReadAction\",\"target\":[\"https:\\\/\\\/favorite-news.com\\\/hu\\\/ausztriaban-kinyitottak-az-ettermek-es-a-hotelek\\\/\"]}]},{\"@type\":\"ImageObject\",\"inLanguage\":\"hu\",\"@id\":\"https:\\\/\\\/favorite-news.com\\\/hu\\\/ausztriaban-kinyitottak-az-ettermek-es-a-hotelek\\\/#primaryimage\",\"url\":\"https:\\\/\\\/favorite-news.com\\\/hu\\\/wp-content\\\/uploads\\\/sites\\\/3\\\/2021\\\/05\\\/Ausztriaban-kinyitottak-az-ettermek-es-a-hotelek.jpg\",\"contentUrl\":\"https:\\\/\\\/favorite-news.com\\\/hu\\\/wp-content\\\/uploads\\\/sites\\\/3\\\/2021\\\/05\\\/Ausztriaban-kinyitottak-az-ettermek-es-a-hotelek.jpg\",\"width\":1920,\"height\":1080,\"caption\":\"Ausztri\u00e1ban kinyitottak az \u00e9ttermek \u00e9s a hotelek\"},{\"@type\":\"BreadcrumbList\",\"@id\":\"https:\\\/\\\/favorite-news.com\\\/hu\\\/ausztriaban-kinyitottak-az-ettermek-es-a-hotelek\\\/#breadcrumb\",\"itemListElement\":[{\"@type\":\"ListItem\",\"position\":1,\"name\":\"Home\",\"item\":\"https:\\\/\\\/favorite-news.com\\\/hu\\\/\"},{\"@type\":\"ListItem\",\"position\":2,\"name\":\"Ausztri\u00e1ban kinyitottak az \u00e9ttermek \u00e9s a hotelek\"}]},{\"@type\":\"WebSite\",\"@id\":\"https:\\\/\\\/favorite-news.com\\\/hu\\\/#website\",\"url\":\"https:\\\/\\\/favorite-news.com\\\/hu\\\/\",\"name\":\"Favorite News\",\"description\":\"Favorite News Magyarorsz\u00e1g\",\"potentialAction\":[{\"@type\":\"SearchAction\",\"target\":{\"@type\":\"EntryPoint\",\"urlTemplate\":\"https:\\\/\\\/favorite-news.com\\\/hu\\\/?s={search_term_string}\"},\"query-input\":{\"@type\":\"PropertyValueSpecification\",\"valueRequired\":true,\"valueName\":\"search_term_string\"}}],\"inLanguage\":\"hu\"},{\"@type\":\"Person\",\"@id\":\"https:\\\/\\\/favorite-news.com\\\/hu\\\/#\\\/schema\\\/person\\\/b91573b717dcfa5e4696032a9d28d3e8\",\"name\":\"favorite-news\",\"image\":{\"@type\":\"ImageObject\",\"inLanguage\":\"hu\",\"@id\":\"https:\\\/\\\/secure.gravatar.com\\\/avatar\\\/6c5a5cb12b74e9d517ee91cf570335b7d16177f1977cc91db161adfa435945a7?s=96&d=mm&r=g\",\"url\":\"https:\\\/\\\/secure.gravatar.com\\\/avatar\\\/6c5a5cb12b74e9d517ee91cf570335b7d16177f1977cc91db161adfa435945a7?s=96&d=mm&r=g\",\"contentUrl\":\"https:\\\/\\\/secure.gravatar.com\\\/avatar\\\/6c5a5cb12b74e9d517ee91cf570335b7d16177f1977cc91db161adfa435945a7?s=96&d=mm&r=g\",\"caption\":\"favorite-news\"},\"url\":\"https:\\\/\\\/favorite-news.com\\\/hu\\\/author\\\/pt\\\/\"}]}<\/script>\n<!-- \/ Yoast SEO plugin. -->","yoast_head_json":{"title":"Ausztri\u00e1ban kinyitottak az \u00e9ttermek \u00e9s a hotelek - Favorite News","robots":{"index":"index","follow":"follow","max-snippet":"max-snippet:-1","max-image-preview":"max-image-preview:large","max-video-preview":"max-video-preview:-1"},"canonical":"https:\/\/favorite-news.com\/hu\/ausztriaban-kinyitottak-az-ettermek-es-a-hotelek\/","og_locale":"hu_HU","og_type":"article","og_title":"Ausztri\u00e1ban kinyitottak az \u00e9ttermek \u00e9s a hotelek - Favorite News","og_description":"Ausztria-szerte 40 000 vend\u00e9gl\u00e1t\u00f3 egys\u00e9g \u00e9s 68 400 hotel \u00e9s panzi\u00f3 nyitotta meg \u00fajra kapuit a vend\u00e9gek el\u0151tt. Az \u00d6sterreich c\u00edm\u0171 napilap felm\u00e9r\u00e9se szerint 41 sz\u00e1zal\u00e9ka a megk\u00e9rdezetteknek annak \u00f6r\u00fcl a legjobban, hogy v\u00e9gre bar\u00e1tokkal be\u00fclhet egy k\u00e1v\u00e9z\u00f3ba vagy \u00e9tterembe.\u00a0\u00a0\u00a0\u00a0 Kinyitottak a fitneszszalonok, a mozik, a sz\u00ednh\u00e1zak \u00e9s a sportl\u00e9tes\u00edtm\u00e9nyek is. B\u00e9csben, a Duna-parton az [&hellip;]","og_url":"https:\/\/favorite-news.com\/hu\/ausztriaban-kinyitottak-az-ettermek-es-a-hotelek\/","og_site_name":"Favorite News","article_published_time":"2021-05-19T19:01:21+00:00","article_modified_time":"2021-05-19T19:01:25+00:00","og_image":[{"width":1920,"height":1080,"url":"https:\/\/favorite-news.com\/hu\/wp-content\/uploads\/sites\/3\/2021\/05\/Ausztriaban-kinyitottak-az-ettermek-es-a-hotelek.jpg","type":"image\/jpeg"}],"author":"favorite-news","twitter_card":"summary_large_image","twitter_misc":{"Szerz\u0151:":"favorite-news","Becs\u00fclt olvas\u00e1si id\u0151":"2 perc"},"schema":{"@context":"https:\/\/schema.org","@graph":[{"@type":"Article","@id":"https:\/\/favorite-news.com\/hu\/ausztriaban-kinyitottak-az-ettermek-es-a-hotelek\/#article","isPartOf":{"@id":"https:\/\/favorite-news.com\/hu\/ausztriaban-kinyitottak-az-ettermek-es-a-hotelek\/"},"author":{"name":"favorite-news","@id":"https:\/\/favorite-news.com\/hu\/#\/schema\/person\/b91573b717dcfa5e4696032a9d28d3e8"},"headline":"Ausztri\u00e1ban kinyitottak az \u00e9ttermek \u00e9s a hotelek","datePublished":"2021-05-19T19:01:21+00:00","dateModified":"2021-05-19T19:01:25+00:00","mainEntityOfPage":{"@id":"https:\/\/favorite-news.com\/hu\/ausztriaban-kinyitottak-az-ettermek-es-a-hotelek\/"},"wordCount":363,"commentCount":0,"image":{"@id":"https:\/\/favorite-news.com\/hu\/ausztriaban-kinyitottak-az-ettermek-es-a-hotelek\/#primaryimage"},"thumbnailUrl":"https:\/\/favorite-news.com\/hu\/wp-content\/uploads\/sites\/3\/2021\/05\/Ausztriaban-kinyitottak-az-ettermek-es-a-hotelek.jpg","articleSection":["P\u00c9NZ\u00dcGYI H\u00cdREK"],"inLanguage":"hu","potentialAction":[{"@type":"CommentAction","name":"Comment","target":["https:\/\/favorite-news.com\/hu\/ausztriaban-kinyitottak-az-ettermek-es-a-hotelek\/#respond"]}]},{"@type":"WebPage","@id":"https:\/\/favorite-news.com\/hu\/ausztriaban-kinyitottak-az-ettermek-es-a-hotelek\/","url":"https:\/\/favorite-news.com\/hu\/ausztriaban-kinyitottak-az-ettermek-es-a-hotelek\/","name":"Ausztri\u00e1ban kinyitottak az \u00e9ttermek \u00e9s a hotelek - Favorite News","isPartOf":{"@id":"https:\/\/favorite-news.com\/hu\/#website"},"primaryImageOfPage":{"@id":"https:\/\/favorite-news.com\/hu\/ausztriaban-kinyitottak-az-ettermek-es-a-hotelek\/#primaryimage"},"image":{"@id":"https:\/\/favorite-news.com\/hu\/ausztriaban-kinyitottak-az-ettermek-es-a-hotelek\/#primaryimage"},"thumbnailUrl":"https:\/\/favorite-news.com\/hu\/wp-content\/uploads\/sites\/3\/2021\/05\/Ausztriaban-kinyitottak-az-ettermek-es-a-hotelek.jpg","datePublished":"2021-05-19T19:01:21+00:00","dateModified":"2021-05-19T19:01:25+00:00","author":{"@id":"https:\/\/favorite-news.com\/hu\/#\/schema\/person\/b91573b717dcfa5e4696032a9d28d3e8"},"breadcrumb":{"@id":"https:\/\/favorite-news.com\/hu\/ausztriaban-kinyitottak-az-ettermek-es-a-hotelek\/#breadcrumb"},"inLanguage":"hu","potentialAction":[{"@type":"ReadAction","target":["https:\/\/favorite-news.com\/hu\/ausztriaban-kinyitottak-az-ettermek-es-a-hotelek\/"]}]},{"@type":"ImageObject","inLanguage":"hu","@id":"https:\/\/favorite-news.com\/hu\/ausztriaban-kinyitottak-az-ettermek-es-a-hotelek\/#primaryimage","url":"https:\/\/favorite-news.com\/hu\/wp-content\/uploads\/sites\/3\/2021\/05\/Ausztriaban-kinyitottak-az-ettermek-es-a-hotelek.jpg","contentUrl":"https:\/\/favorite-news.com\/hu\/wp-content\/uploads\/sites\/3\/2021\/05\/Ausztriaban-kinyitottak-az-ettermek-es-a-hotelek.jpg","width":1920,"height":1080,"caption":"Ausztri\u00e1ban kinyitottak az \u00e9ttermek \u00e9s a hotelek"},{"@type":"BreadcrumbList","@id":"https:\/\/favorite-news.com\/hu\/ausztriaban-kinyitottak-az-ettermek-es-a-hotelek\/#breadcrumb","itemListElement":[{"@type":"ListItem","position":1,"name":"Home","item":"https:\/\/favorite-news.com\/hu\/"},{"@type":"ListItem","position":2,"name":"Ausztri\u00e1ban kinyitottak az \u00e9ttermek \u00e9s a hotelek"}]},{"@type":"WebSite","@id":"https:\/\/favorite-news.com\/hu\/#website","url":"https:\/\/favorite-news.com\/hu\/","name":"Favorite News","description":"Favorite News Magyarorsz\u00e1g","potentialAction":[{"@type":"SearchAction","target":{"@type":"EntryPoint","urlTemplate":"https:\/\/favorite-news.com\/hu\/?s={search_term_string}"},"query-input":{"@type":"PropertyValueSpecification","valueRequired":true,"valueName":"search_term_string"}}],"inLanguage":"hu"},{"@type":"Person","@id":"https:\/\/favorite-news.com\/hu\/#\/schema\/person\/b91573b717dcfa5e4696032a9d28d3e8","name":"favorite-news","image":{"@type":"ImageObject","inLanguage":"hu","@id":"https:\/\/secure.gravatar.com\/avatar\/6c5a5cb12b74e9d517ee91cf570335b7d16177f1977cc91db161adfa435945a7?s=96&d=mm&r=g","url":"https:\/\/secure.gravatar.com\/avatar\/6c5a5cb12b74e9d517ee91cf570335b7d16177f1977cc91db161adfa435945a7?s=96&d=mm&r=g","contentUrl":"https:\/\/secure.gravatar.com\/avatar\/6c5a5cb12b74e9d517ee91cf570335b7d16177f1977cc91db161adfa435945a7?s=96&d=mm&r=g","caption":"favorite-news"},"url":"https:\/\/favorite-news.com\/hu\/author\/pt\/"}]}},"_links":{"self":[{"href":"https:\/\/favorite-news.com\/hu\/wp-json\/wp\/v2\/posts\/1370","targetHints":{"allow":["GET"]}}],"collection":[{"href":"https:\/\/favorite-news.com\/hu\/wp-json\/wp\/v2\/posts"}],"about":[{"href":"https:\/\/favorite-news.com\/hu\/wp-json\/wp\/v2\/types\/post"}],"author":[{"embeddable":true,"href":"https:\/\/favorite-news.com\/hu\/wp-json\/wp\/v2\/users\/2"}],"replies":[{"embeddable":true,"href":"https:\/\/favorite-news.com\/hu\/wp-json\/wp\/v2\/comments?post=1370"}],"version-history":[{"count":1,"href":"https:\/\/favorite-news.com\/hu\/wp-json\/wp\/v2\/posts\/1370\/revisions"}],"predecessor-version":[{"id":1372,"href":"https:\/\/favorite-news.com\/hu\/wp-json\/wp\/v2\/posts\/1370\/revisions\/1372"}],"wp:featuredmedia":[{"embeddable":true,"href":"https:\/\/favorite-news.com\/hu\/wp-json\/wp\/v2\/media\/1371"}],"wp:attachment":[{"href":"https:\/\/favorite-news.com\/hu\/wp-json\/wp\/v2\/media?parent=1370"}],"wp:term":[{"taxonomy":"category","embeddable":true,"href":"https:\/\/favorite-news.com\/hu\/wp-json\/wp\/v2\/categories?post=1370"},{"taxonomy":"post_tag","embeddable":true,"href":"https:\/\/favorite-news.com\/hu\/wp-json\/wp\/v2\/tags?post=1370"}],"curies":[{"name":"wp","href":"https:\/\/api.w.org\/{rel}","templated":true}]}}