{"id":1358,"date":"2021-05-05T21:43:36","date_gmt":"2021-05-05T18:43:36","guid":{"rendered":"https:\/\/favorite-news.com\/hu\/ervenyben-maradt-trump-kitiltasa-a-facebookrol-reagalt-a-volt-elnok\/"},"modified":"2021-05-05T21:43:39","modified_gmt":"2021-05-05T18:43:39","slug":"ervenyben-maradt-trump-kitiltasa-a-facebookrol-reagalt-a-volt-elnok","status":"publish","type":"post","link":"https:\/\/favorite-news.com\/hu\/ervenyben-maradt-trump-kitiltasa-a-facebookrol-reagalt-a-volt-elnok\/","title":{"rendered":"\u00c9rv\u00e9nyben maradt Trump kitilt\u00e1sa a Facebookr\u00f3l &#8211; reag\u00e1lt a volt eln\u00f6k"},"content":{"rendered":"<p><\/p>\n<p>B\u00e1r a test\u00fclet fenntartotta a volt eln\u00f6k felhaszn\u00e1l\u00f3i fi\u00f3kj\u00e1nak felf\u00fcggeszt\u00e9s\u00e9t, azt is meg\u00e1llap\u00edtotta, hogy a hat\u00e1rozatlan id\u0151re sz\u00f3l\u00f3 felf\u00fcggeszt\u00e9s nem megfelel\u0151. Arra k\u00e9rt\u00e9k a Facebook \u00fczemeltet\u0151it, hogy a &#8222;platform m\u00e1s felhaszn\u00e1l\u00f3ira is alkalmazott szab\u00e1lyokkal \u00f6sszhangban \u00e1ll\u00f3&#8221;, ar\u00e1nyos d\u00f6nt\u00e9st hozzanak. &#8222;A mostani d\u00f6nt\u00e9st\u0151l sz\u00e1m\u00edtott hat h\u00f3napon bel\u00fcl a Facebooknak fel\u00fcl kell vizsg\u00e1lnia az \u00f6nk\u00e9nyes b\u00fcntet\u00e9st, amelyet janu\u00e1r 7-\u00e9n szabott ki, \u00e9s d\u00f6ntenie kell a megfelel\u0151 szankci\u00f3r\u00f3l&#8221; &#8211; \u00edrta a test\u00fclet.  Donald Trump a test\u00fclet d\u00f6nt\u00e9se ut\u00e1n, szerd\u00e1n d\u00e9lut\u00e1n, k\u00f6zlem\u00e9nyben reag\u00e1lt. El\u00edt\u00e9lte a szerinte helytelen d\u00f6nt\u00e9st.  Amit a Facebook, a Twitter \u00e9s a Google tett, abszol\u00fat sz\u00e9gyenteljes  &#8211; fogalmazott, \u00e9s lesz\u00f6gezte, hogy ezzel sz\u00e9gyent hoztak az orsz\u00e1gra, az \u00e9rintett v\u00e1llalatok pedig &#8222;nagy politikai \u00e1rat fognak fizetni&#8221; ez\u00e9rt. &#8222;Az Egyes\u00fclt \u00c1llamok eln\u00f6k\u00e9t megfosztott\u00e1k a sz\u00f3l\u00e1sszabads\u00e1gt\u00f3l, mert a radik\u00e1lis baloldal \u0151r\u00fcltjei f\u00e9lnek az igazs\u00e1gt\u00f3l, pedig az egyszer \u00fagyis ki fog bukni, er\u0151sebben, mint valaha&#8221; &#8211; hangs\u00falyozta Trump.  A legnagyobb k\u00f6z\u00f6ss\u00e9gi oldalak &#8211; k\u00f6zt\u00fck a Facebook &#8211; \u00e9s internetes vide\u00f3megoszt\u00f3 port\u00e1lok a Capitoliumn\u00e1l janu\u00e1r 6-\u00e1n t\u00f6rt\u00e9nt esem\u00e9nyek ut\u00e1n egym\u00e1s ut\u00e1n d\u00f6nt\u00f6ttek arr\u00f3l, hogy eltiltj\u00e1k a volt eln\u00f6k\u00f6t fi\u00f3kjainak haszn\u00e1lat\u00e1t\u00f3l. D\u00f6nt\u00e9seiket legink\u00e1bb azzal magyar\u00e1zt\u00e1k, hogy szerint\u00fck Donald Trump gy\u00fajt\u00f3 hang\u00fa besz\u00e9de \u00e9s k\u00f6z\u00f6ss\u00e9gi fel\u00fcleteken megjelent \u00fczenetei okozt\u00e1k a zavarg\u00e1sokat.  Az ut\u00f3bbi id\u0151szakban a volt amerikai eln\u00f6k \u00e1ltal\u00e1ban sajt\u00f3nyilatkozatok form\u00e1j\u00e1ban nyilv\u00e1n\u00edtott v\u00e9lem\u00e9nyt egy-egy politikai t\u00e9m\u00e1ban, m\u00edg kor\u00e1bban napi rendszeress\u00e9ggel k\u00f6z\u00f6lt bejegyz\u00e9seket k\u00f6z\u00f6ss\u00e9gi oldalain, amelyeket fi\u00f3konk\u00e9nt emberek t\u00edzmilli\u00f3i k\u00f6vettek. Szak\u00e9rt\u0151k szerint Trump k\u00f6vet\u0151i k\u00f6z\u00fcl sokan a mostani nyilatkozatokat is megosztj\u00e1k a k\u00f6z\u00f6ss\u00e9gi m\u00e9di\u00e1ban, de a volt eln\u00f6k \u00fczenetei nem jutnak el annyi emberhez, mint kor\u00e1bban.  \u00a0Donald Trump egy nappal a Facebook d\u00f6nt\u00e9se el\u0151tt, kedden ind\u00edtotta el saj\u00e1t kommunik\u00e1ci\u00f3s platformj\u00e1t, amelynek c\u00e9lja &#8211; mint \u00edrt\u00e1k &#8211; hogy a volt eln\u00f6k k\u00f6zvetlen\u00fcl tudjon kommunik\u00e1lni k\u00f6vet\u0151ivel. A platform a From the Desk of Donald J. Trump n\u00e9ven fut, \u00e9s a\u00a0www.donaldjtrump.com\/desk\u00a0internetes c\u00edmen tal\u00e1lhat\u00f3 meg.    A volt eln\u00f6k bejegyz\u00e9seket, k\u00e9peket \u00e9s vide\u00f3kat tehet k\u00f6zz\u00e9 rajta, amelyeket a k\u00f6vet\u0151k megoszthatnak a Twitteren \u00e9s a Facebookon. A platform azonban nem rendelkezik olyan funkci\u00f3val, amely lehet\u0151v\u00e9 tenn\u00e9 a felhaszn\u00e1l\u00f3knak, hogy hozz\u00e1sz\u00f3ljanak Trump bejegyz\u00e9seihez.  \u00a0A mostani az eddigi legs\u00falyosabb k\u00f6vetkezm\u00e9nyekkel j\u00e1r\u00f3 d\u00f6nt\u00e9s, amelyet a Facebook tulajdonosa, Mark Zuckerberg \u00e1ltal \u00e9letre h\u00edvott &#8211; akad\u00e9mikusokb\u00f3l, volt politikusokb\u00f3l, jogi szak\u00e9rt\u0151kb\u0151l \u00e9s \u00fajs\u00e1g\u00edr\u00f3kb\u00f3l \u00e1ll\u00f3 &#8211; test\u00fclet alap\u00edt\u00e1sa \u00f3ta meghozott. A f\u00fcggetlennek nevezett bizotts\u00e1g m\u0171k\u00f6d\u00e9si k\u00f6lts\u00e9geit Zuckerberg v\u00e1llalta, aki 130 milli\u00f3 doll\u00e1rt sz\u00e1nt erre a c\u00e9lra.  Az \u00fczletembert sok kritika \u00e9rte ezzel kapcsolatban, ugyanis egyes szak\u00e9rt\u0151k szerint a befoly\u00e1solhat\u00f3 test\u00fclet csak m\u00e9g nehezebb\u00e9 teszi a hat\u00e9kony \u00e9s igazs\u00e1gos szab\u00e1lyoz\u00e1st. Jennifer Grygiel, a Syracuse Egyetem kommunik\u00e1ci\u00f3s adjunktusa \u00fagy fogalmazott: &#8222;Az igazi aggodalom nem a Facebook d\u00f6nt\u00e9se Trump fi\u00f3kj\u00e1val kapcsolatban, hanem az a m\u00f3d, ahogyan ez a hatalmas v\u00e1llalat megpr\u00f3b\u00e1lja elker\u00fclni az elsz\u00e1moltathat\u00f3s\u00e1got.&#8221;  C\u00edmlapk\u00e9p: Shutterstock<\/p>\n<p>\n<!--noindex--><br \/>\n<a href=\"https:\/\/www.portfolio.hu\/gazdasag\/20210505\/ervenyben-maradt-trump-kitiltasa-a-facebookrol-reagalt-a-volt-elnok-481856\" rel=\"nofollow\">Source link <\/a><br \/>\n<!--\/noindex--><\/p>\n","protected":false},"excerpt":{"rendered":"<p>B\u00e1r a test\u00fclet fenntartotta a volt eln\u00f6k felhaszn\u00e1l\u00f3i fi\u00f3kj\u00e1nak felf\u00fcggeszt\u00e9s\u00e9t, azt is meg\u00e1llap\u00edtotta, hogy a hat\u00e1rozatlan id\u0151re sz\u00f3l\u00f3 felf\u00fcggeszt\u00e9s nem megfelel\u0151. Arra k\u00e9rt\u00e9k a Facebook \u00fczemeltet\u0151it, hogy a &#8222;platform m\u00e1s felhaszn\u00e1l\u00f3ira is alkalmazott szab\u00e1lyokkal \u00f6sszhangban \u00e1ll\u00f3&#8221;, ar\u00e1nyos d\u00f6nt\u00e9st hozzanak. &#8222;A mostani d\u00f6nt\u00e9st\u0151l sz\u00e1m\u00edtott hat h\u00f3napon bel\u00fcl a Facebooknak fel\u00fcl kell vizsg\u00e1lnia az \u00f6nk\u00e9nyes b\u00fcntet\u00e9st, amelyet [&hellip;]<\/p>\n","protected":false},"author":2,"featured_media":1359,"comment_status":"open","ping_status":"open","sticky":false,"template":"","format":"standard","meta":{"footnotes":""},"categories":[1],"tags":[],"class_list":["post-1358","post","type-post","status-publish","format-standard","has-post-thumbnail","hentry","category-penzugyi-hirek"],"yoast_head":"<!-- This site is optimized with the Yoast SEO plugin v27.4 - https:\/\/yoast.com\/product\/yoast-seo-wordpress\/ -->\n<title>\u00c9rv\u00e9nyben maradt Trump kitilt\u00e1sa a Facebookr\u00f3l - reag\u00e1lt a volt eln\u00f6k - Favorite News<\/title>\n<meta name=\"robots\" content=\"index, follow, max-snippet:-1, max-image-preview:large, max-video-preview:-1\" \/>\n<link rel=\"canonical\" href=\"https:\/\/favorite-news.com\/hu\/ervenyben-maradt-trump-kitiltasa-a-facebookrol-reagalt-a-volt-elnok\/\" \/>\n<meta property=\"og:locale\" content=\"hu_HU\" \/>\n<meta property=\"og:type\" content=\"article\" \/>\n<meta property=\"og:title\" content=\"\u00c9rv\u00e9nyben maradt Trump kitilt\u00e1sa a Facebookr\u00f3l - reag\u00e1lt a volt eln\u00f6k - Favorite News\" \/>\n<meta property=\"og:description\" content=\"B\u00e1r a test\u00fclet fenntartotta a volt eln\u00f6k felhaszn\u00e1l\u00f3i fi\u00f3kj\u00e1nak felf\u00fcggeszt\u00e9s\u00e9t, azt is meg\u00e1llap\u00edtotta, hogy a hat\u00e1rozatlan id\u0151re sz\u00f3l\u00f3 felf\u00fcggeszt\u00e9s nem megfelel\u0151. Arra k\u00e9rt\u00e9k a Facebook \u00fczemeltet\u0151it, hogy a &#8222;platform m\u00e1s felhaszn\u00e1l\u00f3ira is alkalmazott szab\u00e1lyokkal \u00f6sszhangban \u00e1ll\u00f3&#8221;, ar\u00e1nyos d\u00f6nt\u00e9st hozzanak. &#8222;A mostani d\u00f6nt\u00e9st\u0151l sz\u00e1m\u00edtott hat h\u00f3napon bel\u00fcl a Facebooknak fel\u00fcl kell vizsg\u00e1lnia az \u00f6nk\u00e9nyes b\u00fcntet\u00e9st, amelyet [&hellip;]\" \/>\n<meta property=\"og:url\" content=\"https:\/\/favorite-news.com\/hu\/ervenyben-maradt-trump-kitiltasa-a-facebookrol-reagalt-a-volt-elnok\/\" \/>\n<meta property=\"og:site_name\" content=\"Favorite News\" \/>\n<meta property=\"article:published_time\" content=\"2021-05-05T18:43:36+00:00\" \/>\n<meta property=\"article:modified_time\" content=\"2021-05-05T18:43:39+00:00\" \/>\n<meta property=\"og:image\" content=\"https:\/\/favorite-news.com\/hu\/wp-content\/uploads\/sites\/3\/2021\/05\/Ervenyben-maradt-Trump-kitiltasa-a-Facebookrol-reagalt-a-volt.jpg\" \/>\n\t<meta property=\"og:image:width\" content=\"1920\" \/>\n\t<meta property=\"og:image:height\" content=\"1080\" \/>\n\t<meta property=\"og:image:type\" content=\"image\/jpeg\" \/>\n<meta name=\"author\" content=\"favorite-news\" \/>\n<meta name=\"twitter:card\" content=\"summary_large_image\" \/>\n<meta name=\"twitter:label1\" content=\"Szerz\u0151:\" \/>\n\t<meta name=\"twitter:data1\" content=\"favorite-news\" \/>\n\t<meta name=\"twitter:label2\" content=\"Becs\u00fclt olvas\u00e1si id\u0151\" \/>\n\t<meta name=\"twitter:data2\" content=\"3 perc\" \/>\n<script type=\"application\/ld+json\" class=\"yoast-schema-graph\">{\"@context\":\"https:\\\/\\\/schema.org\",\"@graph\":[{\"@type\":\"Article\",\"@id\":\"https:\\\/\\\/favorite-news.com\\\/hu\\\/ervenyben-maradt-trump-kitiltasa-a-facebookrol-reagalt-a-volt-elnok\\\/#article\",\"isPartOf\":{\"@id\":\"https:\\\/\\\/favorite-news.com\\\/hu\\\/ervenyben-maradt-trump-kitiltasa-a-facebookrol-reagalt-a-volt-elnok\\\/\"},\"author\":{\"name\":\"favorite-news\",\"@id\":\"https:\\\/\\\/favorite-news.com\\\/hu\\\/#\\\/schema\\\/person\\\/b91573b717dcfa5e4696032a9d28d3e8\"},\"headline\":\"\u00c9rv\u00e9nyben maradt Trump kitilt\u00e1sa a Facebookr\u00f3l &#8211; reag\u00e1lt a volt eln\u00f6k\",\"datePublished\":\"2021-05-05T18:43:36+00:00\",\"dateModified\":\"2021-05-05T18:43:39+00:00\",\"mainEntityOfPage\":{\"@id\":\"https:\\\/\\\/favorite-news.com\\\/hu\\\/ervenyben-maradt-trump-kitiltasa-a-facebookrol-reagalt-a-volt-elnok\\\/\"},\"wordCount\":704,\"commentCount\":0,\"image\":{\"@id\":\"https:\\\/\\\/favorite-news.com\\\/hu\\\/ervenyben-maradt-trump-kitiltasa-a-facebookrol-reagalt-a-volt-elnok\\\/#primaryimage\"},\"thumbnailUrl\":\"https:\\\/\\\/favorite-news.com\\\/hu\\\/wp-content\\\/uploads\\\/sites\\\/3\\\/2021\\\/05\\\/Ervenyben-maradt-Trump-kitiltasa-a-Facebookrol-reagalt-a-volt.jpg\",\"articleSection\":[\"P\u00c9NZ\u00dcGYI H\u00cdREK\"],\"inLanguage\":\"hu\",\"potentialAction\":[{\"@type\":\"CommentAction\",\"name\":\"Comment\",\"target\":[\"https:\\\/\\\/favorite-news.com\\\/hu\\\/ervenyben-maradt-trump-kitiltasa-a-facebookrol-reagalt-a-volt-elnok\\\/#respond\"]}]},{\"@type\":\"WebPage\",\"@id\":\"https:\\\/\\\/favorite-news.com\\\/hu\\\/ervenyben-maradt-trump-kitiltasa-a-facebookrol-reagalt-a-volt-elnok\\\/\",\"url\":\"https:\\\/\\\/favorite-news.com\\\/hu\\\/ervenyben-maradt-trump-kitiltasa-a-facebookrol-reagalt-a-volt-elnok\\\/\",\"name\":\"\u00c9rv\u00e9nyben maradt Trump kitilt\u00e1sa a Facebookr\u00f3l - reag\u00e1lt a volt eln\u00f6k - Favorite News\",\"isPartOf\":{\"@id\":\"https:\\\/\\\/favorite-news.com\\\/hu\\\/#website\"},\"primaryImageOfPage\":{\"@id\":\"https:\\\/\\\/favorite-news.com\\\/hu\\\/ervenyben-maradt-trump-kitiltasa-a-facebookrol-reagalt-a-volt-elnok\\\/#primaryimage\"},\"image\":{\"@id\":\"https:\\\/\\\/favorite-news.com\\\/hu\\\/ervenyben-maradt-trump-kitiltasa-a-facebookrol-reagalt-a-volt-elnok\\\/#primaryimage\"},\"thumbnailUrl\":\"https:\\\/\\\/favorite-news.com\\\/hu\\\/wp-content\\\/uploads\\\/sites\\\/3\\\/2021\\\/05\\\/Ervenyben-maradt-Trump-kitiltasa-a-Facebookrol-reagalt-a-volt.jpg\",\"datePublished\":\"2021-05-05T18:43:36+00:00\",\"dateModified\":\"2021-05-05T18:43:39+00:00\",\"author\":{\"@id\":\"https:\\\/\\\/favorite-news.com\\\/hu\\\/#\\\/schema\\\/person\\\/b91573b717dcfa5e4696032a9d28d3e8\"},\"breadcrumb\":{\"@id\":\"https:\\\/\\\/favorite-news.com\\\/hu\\\/ervenyben-maradt-trump-kitiltasa-a-facebookrol-reagalt-a-volt-elnok\\\/#breadcrumb\"},\"inLanguage\":\"hu\",\"potentialAction\":[{\"@type\":\"ReadAction\",\"target\":[\"https:\\\/\\\/favorite-news.com\\\/hu\\\/ervenyben-maradt-trump-kitiltasa-a-facebookrol-reagalt-a-volt-elnok\\\/\"]}]},{\"@type\":\"ImageObject\",\"inLanguage\":\"hu\",\"@id\":\"https:\\\/\\\/favorite-news.com\\\/hu\\\/ervenyben-maradt-trump-kitiltasa-a-facebookrol-reagalt-a-volt-elnok\\\/#primaryimage\",\"url\":\"https:\\\/\\\/favorite-news.com\\\/hu\\\/wp-content\\\/uploads\\\/sites\\\/3\\\/2021\\\/05\\\/Ervenyben-maradt-Trump-kitiltasa-a-Facebookrol-reagalt-a-volt.jpg\",\"contentUrl\":\"https:\\\/\\\/favorite-news.com\\\/hu\\\/wp-content\\\/uploads\\\/sites\\\/3\\\/2021\\\/05\\\/Ervenyben-maradt-Trump-kitiltasa-a-Facebookrol-reagalt-a-volt.jpg\",\"width\":1920,\"height\":1080,\"caption\":\"\u00c9rv\u00e9nyben maradt Trump kitilt\u00e1sa a Facebookr\u00f3l - reag\u00e1lt a volt eln\u00f6k\"},{\"@type\":\"BreadcrumbList\",\"@id\":\"https:\\\/\\\/favorite-news.com\\\/hu\\\/ervenyben-maradt-trump-kitiltasa-a-facebookrol-reagalt-a-volt-elnok\\\/#breadcrumb\",\"itemListElement\":[{\"@type\":\"ListItem\",\"position\":1,\"name\":\"Home\",\"item\":\"https:\\\/\\\/favorite-news.com\\\/hu\\\/\"},{\"@type\":\"ListItem\",\"position\":2,\"name\":\"\u00c9rv\u00e9nyben maradt Trump kitilt\u00e1sa a Facebookr\u00f3l &#8211; reag\u00e1lt a volt eln\u00f6k\"}]},{\"@type\":\"WebSite\",\"@id\":\"https:\\\/\\\/favorite-news.com\\\/hu\\\/#website\",\"url\":\"https:\\\/\\\/favorite-news.com\\\/hu\\\/\",\"name\":\"Favorite News\",\"description\":\"Favorite News Magyarorsz\u00e1g\",\"potentialAction\":[{\"@type\":\"SearchAction\",\"target\":{\"@type\":\"EntryPoint\",\"urlTemplate\":\"https:\\\/\\\/favorite-news.com\\\/hu\\\/?s={search_term_string}\"},\"query-input\":{\"@type\":\"PropertyValueSpecification\",\"valueRequired\":true,\"valueName\":\"search_term_string\"}}],\"inLanguage\":\"hu\"},{\"@type\":\"Person\",\"@id\":\"https:\\\/\\\/favorite-news.com\\\/hu\\\/#\\\/schema\\\/person\\\/b91573b717dcfa5e4696032a9d28d3e8\",\"name\":\"favorite-news\",\"image\":{\"@type\":\"ImageObject\",\"inLanguage\":\"hu\",\"@id\":\"https:\\\/\\\/secure.gravatar.com\\\/avatar\\\/6c5a5cb12b74e9d517ee91cf570335b7d16177f1977cc91db161adfa435945a7?s=96&d=mm&r=g\",\"url\":\"https:\\\/\\\/secure.gravatar.com\\\/avatar\\\/6c5a5cb12b74e9d517ee91cf570335b7d16177f1977cc91db161adfa435945a7?s=96&d=mm&r=g\",\"contentUrl\":\"https:\\\/\\\/secure.gravatar.com\\\/avatar\\\/6c5a5cb12b74e9d517ee91cf570335b7d16177f1977cc91db161adfa435945a7?s=96&d=mm&r=g\",\"caption\":\"favorite-news\"},\"url\":\"https:\\\/\\\/favorite-news.com\\\/hu\\\/author\\\/pt\\\/\"}]}<\/script>\n<!-- \/ Yoast SEO plugin. -->","yoast_head_json":{"title":"\u00c9rv\u00e9nyben maradt Trump kitilt\u00e1sa a Facebookr\u00f3l - reag\u00e1lt a volt eln\u00f6k - Favorite News","robots":{"index":"index","follow":"follow","max-snippet":"max-snippet:-1","max-image-preview":"max-image-preview:large","max-video-preview":"max-video-preview:-1"},"canonical":"https:\/\/favorite-news.com\/hu\/ervenyben-maradt-trump-kitiltasa-a-facebookrol-reagalt-a-volt-elnok\/","og_locale":"hu_HU","og_type":"article","og_title":"\u00c9rv\u00e9nyben maradt Trump kitilt\u00e1sa a Facebookr\u00f3l - reag\u00e1lt a volt eln\u00f6k - Favorite News","og_description":"B\u00e1r a test\u00fclet fenntartotta a volt eln\u00f6k felhaszn\u00e1l\u00f3i fi\u00f3kj\u00e1nak felf\u00fcggeszt\u00e9s\u00e9t, azt is meg\u00e1llap\u00edtotta, hogy a hat\u00e1rozatlan id\u0151re sz\u00f3l\u00f3 felf\u00fcggeszt\u00e9s nem megfelel\u0151. Arra k\u00e9rt\u00e9k a Facebook \u00fczemeltet\u0151it, hogy a &#8222;platform m\u00e1s felhaszn\u00e1l\u00f3ira is alkalmazott szab\u00e1lyokkal \u00f6sszhangban \u00e1ll\u00f3&#8221;, ar\u00e1nyos d\u00f6nt\u00e9st hozzanak. &#8222;A mostani d\u00f6nt\u00e9st\u0151l sz\u00e1m\u00edtott hat h\u00f3napon bel\u00fcl a Facebooknak fel\u00fcl kell vizsg\u00e1lnia az \u00f6nk\u00e9nyes b\u00fcntet\u00e9st, amelyet [&hellip;]","og_url":"https:\/\/favorite-news.com\/hu\/ervenyben-maradt-trump-kitiltasa-a-facebookrol-reagalt-a-volt-elnok\/","og_site_name":"Favorite News","article_published_time":"2021-05-05T18:43:36+00:00","article_modified_time":"2021-05-05T18:43:39+00:00","og_image":[{"width":1920,"height":1080,"url":"https:\/\/favorite-news.com\/hu\/wp-content\/uploads\/sites\/3\/2021\/05\/Ervenyben-maradt-Trump-kitiltasa-a-Facebookrol-reagalt-a-volt.jpg","type":"image\/jpeg"}],"author":"favorite-news","twitter_card":"summary_large_image","twitter_misc":{"Szerz\u0151:":"favorite-news","Becs\u00fclt olvas\u00e1si id\u0151":"3 perc"},"schema":{"@context":"https:\/\/schema.org","@graph":[{"@type":"Article","@id":"https:\/\/favorite-news.com\/hu\/ervenyben-maradt-trump-kitiltasa-a-facebookrol-reagalt-a-volt-elnok\/#article","isPartOf":{"@id":"https:\/\/favorite-news.com\/hu\/ervenyben-maradt-trump-kitiltasa-a-facebookrol-reagalt-a-volt-elnok\/"},"author":{"name":"favorite-news","@id":"https:\/\/favorite-news.com\/hu\/#\/schema\/person\/b91573b717dcfa5e4696032a9d28d3e8"},"headline":"\u00c9rv\u00e9nyben maradt Trump kitilt\u00e1sa a Facebookr\u00f3l &#8211; reag\u00e1lt a volt eln\u00f6k","datePublished":"2021-05-05T18:43:36+00:00","dateModified":"2021-05-05T18:43:39+00:00","mainEntityOfPage":{"@id":"https:\/\/favorite-news.com\/hu\/ervenyben-maradt-trump-kitiltasa-a-facebookrol-reagalt-a-volt-elnok\/"},"wordCount":704,"commentCount":0,"image":{"@id":"https:\/\/favorite-news.com\/hu\/ervenyben-maradt-trump-kitiltasa-a-facebookrol-reagalt-a-volt-elnok\/#primaryimage"},"thumbnailUrl":"https:\/\/favorite-news.com\/hu\/wp-content\/uploads\/sites\/3\/2021\/05\/Ervenyben-maradt-Trump-kitiltasa-a-Facebookrol-reagalt-a-volt.jpg","articleSection":["P\u00c9NZ\u00dcGYI H\u00cdREK"],"inLanguage":"hu","potentialAction":[{"@type":"CommentAction","name":"Comment","target":["https:\/\/favorite-news.com\/hu\/ervenyben-maradt-trump-kitiltasa-a-facebookrol-reagalt-a-volt-elnok\/#respond"]}]},{"@type":"WebPage","@id":"https:\/\/favorite-news.com\/hu\/ervenyben-maradt-trump-kitiltasa-a-facebookrol-reagalt-a-volt-elnok\/","url":"https:\/\/favorite-news.com\/hu\/ervenyben-maradt-trump-kitiltasa-a-facebookrol-reagalt-a-volt-elnok\/","name":"\u00c9rv\u00e9nyben maradt Trump kitilt\u00e1sa a Facebookr\u00f3l - reag\u00e1lt a volt eln\u00f6k - Favorite News","isPartOf":{"@id":"https:\/\/favorite-news.com\/hu\/#website"},"primaryImageOfPage":{"@id":"https:\/\/favorite-news.com\/hu\/ervenyben-maradt-trump-kitiltasa-a-facebookrol-reagalt-a-volt-elnok\/#primaryimage"},"image":{"@id":"https:\/\/favorite-news.com\/hu\/ervenyben-maradt-trump-kitiltasa-a-facebookrol-reagalt-a-volt-elnok\/#primaryimage"},"thumbnailUrl":"https:\/\/favorite-news.com\/hu\/wp-content\/uploads\/sites\/3\/2021\/05\/Ervenyben-maradt-Trump-kitiltasa-a-Facebookrol-reagalt-a-volt.jpg","datePublished":"2021-05-05T18:43:36+00:00","dateModified":"2021-05-05T18:43:39+00:00","author":{"@id":"https:\/\/favorite-news.com\/hu\/#\/schema\/person\/b91573b717dcfa5e4696032a9d28d3e8"},"breadcrumb":{"@id":"https:\/\/favorite-news.com\/hu\/ervenyben-maradt-trump-kitiltasa-a-facebookrol-reagalt-a-volt-elnok\/#breadcrumb"},"inLanguage":"hu","potentialAction":[{"@type":"ReadAction","target":["https:\/\/favorite-news.com\/hu\/ervenyben-maradt-trump-kitiltasa-a-facebookrol-reagalt-a-volt-elnok\/"]}]},{"@type":"ImageObject","inLanguage":"hu","@id":"https:\/\/favorite-news.com\/hu\/ervenyben-maradt-trump-kitiltasa-a-facebookrol-reagalt-a-volt-elnok\/#primaryimage","url":"https:\/\/favorite-news.com\/hu\/wp-content\/uploads\/sites\/3\/2021\/05\/Ervenyben-maradt-Trump-kitiltasa-a-Facebookrol-reagalt-a-volt.jpg","contentUrl":"https:\/\/favorite-news.com\/hu\/wp-content\/uploads\/sites\/3\/2021\/05\/Ervenyben-maradt-Trump-kitiltasa-a-Facebookrol-reagalt-a-volt.jpg","width":1920,"height":1080,"caption":"\u00c9rv\u00e9nyben maradt Trump kitilt\u00e1sa a Facebookr\u00f3l - reag\u00e1lt a volt eln\u00f6k"},{"@type":"BreadcrumbList","@id":"https:\/\/favorite-news.com\/hu\/ervenyben-maradt-trump-kitiltasa-a-facebookrol-reagalt-a-volt-elnok\/#breadcrumb","itemListElement":[{"@type":"ListItem","position":1,"name":"Home","item":"https:\/\/favorite-news.com\/hu\/"},{"@type":"ListItem","position":2,"name":"\u00c9rv\u00e9nyben maradt Trump kitilt\u00e1sa a Facebookr\u00f3l &#8211; reag\u00e1lt a volt eln\u00f6k"}]},{"@type":"WebSite","@id":"https:\/\/favorite-news.com\/hu\/#website","url":"https:\/\/favorite-news.com\/hu\/","name":"Favorite News","description":"Favorite News Magyarorsz\u00e1g","potentialAction":[{"@type":"SearchAction","target":{"@type":"EntryPoint","urlTemplate":"https:\/\/favorite-news.com\/hu\/?s={search_term_string}"},"query-input":{"@type":"PropertyValueSpecification","valueRequired":true,"valueName":"search_term_string"}}],"inLanguage":"hu"},{"@type":"Person","@id":"https:\/\/favorite-news.com\/hu\/#\/schema\/person\/b91573b717dcfa5e4696032a9d28d3e8","name":"favorite-news","image":{"@type":"ImageObject","inLanguage":"hu","@id":"https:\/\/secure.gravatar.com\/avatar\/6c5a5cb12b74e9d517ee91cf570335b7d16177f1977cc91db161adfa435945a7?s=96&d=mm&r=g","url":"https:\/\/secure.gravatar.com\/avatar\/6c5a5cb12b74e9d517ee91cf570335b7d16177f1977cc91db161adfa435945a7?s=96&d=mm&r=g","contentUrl":"https:\/\/secure.gravatar.com\/avatar\/6c5a5cb12b74e9d517ee91cf570335b7d16177f1977cc91db161adfa435945a7?s=96&d=mm&r=g","caption":"favorite-news"},"url":"https:\/\/favorite-news.com\/hu\/author\/pt\/"}]}},"_links":{"self":[{"href":"https:\/\/favorite-news.com\/hu\/wp-json\/wp\/v2\/posts\/1358","targetHints":{"allow":["GET"]}}],"collection":[{"href":"https:\/\/favorite-news.com\/hu\/wp-json\/wp\/v2\/posts"}],"about":[{"href":"https:\/\/favorite-news.com\/hu\/wp-json\/wp\/v2\/types\/post"}],"author":[{"embeddable":true,"href":"https:\/\/favorite-news.com\/hu\/wp-json\/wp\/v2\/users\/2"}],"replies":[{"embeddable":true,"href":"https:\/\/favorite-news.com\/hu\/wp-json\/wp\/v2\/comments?post=1358"}],"version-history":[{"count":1,"href":"https:\/\/favorite-news.com\/hu\/wp-json\/wp\/v2\/posts\/1358\/revisions"}],"predecessor-version":[{"id":1360,"href":"https:\/\/favorite-news.com\/hu\/wp-json\/wp\/v2\/posts\/1358\/revisions\/1360"}],"wp:featuredmedia":[{"embeddable":true,"href":"https:\/\/favorite-news.com\/hu\/wp-json\/wp\/v2\/media\/1359"}],"wp:attachment":[{"href":"https:\/\/favorite-news.com\/hu\/wp-json\/wp\/v2\/media?parent=1358"}],"wp:term":[{"taxonomy":"category","embeddable":true,"href":"https:\/\/favorite-news.com\/hu\/wp-json\/wp\/v2\/categories?post=1358"},{"taxonomy":"post_tag","embeddable":true,"href":"https:\/\/favorite-news.com\/hu\/wp-json\/wp\/v2\/tags?post=1358"}],"curies":[{"name":"wp","href":"https:\/\/api.w.org\/{rel}","templated":true}]}}