{"id":1352,"date":"2021-04-28T21:39:58","date_gmt":"2021-04-28T18:39:58","guid":{"rendered":"https:\/\/favorite-news.com\/hu\/mexikoban-is-elkezdik-gyartani-a-szputnyikot\/"},"modified":"2021-04-28T21:40:02","modified_gmt":"2021-04-28T18:40:02","slug":"mexikoban-is-elkezdik-gyartani-a-szputnyikot","status":"publish","type":"post","link":"https:\/\/favorite-news.com\/hu\/mexikoban-is-elkezdik-gyartani-a-szputnyikot\/","title":{"rendered":"Mexik\u00f3ban is elkezdik gy\u00e1rtani a Szputnyikot"},"content":{"rendered":"<p><\/p>\n<p>Az olt\u00f3anyag termel\u00e9se m\u00e1r m\u00e1jusban megkezd\u0151dhet &#8211; adta h\u00edr\u00fcl Twitter-oldal\u00e1n az Orosz K\u00f6zvetlen Beruh\u00e1z\u00e1si Alap (RDIF), a vakcina exportj\u00e1nak orosz felel\u0151se.  Mexik\u00f3ban eddig a brit-sv\u00e9d AstraZeneca \u00e9s a Cansino Biologics Inc (CanSinoBIO) k\u00ednai gy\u00e1rt\u00f3 k\u00e9sz\u00edtm\u00e9ny\u00e9nek ampull\u00e1kba t\u00f6lt\u00e9s\u00e9t v\u00e9gezt\u00e9k a hazai ig\u00e9nyek kiel\u00e9g\u00edt\u00e9s\u00e9re, illetve a latin-amerikai t\u00e9rs\u00e9g ell\u00e1t\u00e1sa sz\u00e1m\u00e1ra.  Mexik\u00f3 janu\u00e1r v\u00e9g\u00e9n 24 milli\u00f3 d\u00f3zist rendelt a Szputnyik-V olt\u00f3anyagb\u00f3l. A latin-amerikai orsz\u00e1g 126 milli\u00f3 lakos\u00e1nak mintegy 4,7 sz\u00e1zal\u00e9k\u00e1t oltott\u00e1k be eddig, az orsz\u00e1gban m\u00e1r j\u00f3v\u00e1hagyott \u00f6t vakcina valamelyik\u00e9vel.  Az amerikai kontinensen els\u0151k\u00e9nt Argent\u00edna kezdte meg a Szputnyik V gy\u00e1rt\u00e1s\u00e1t. A legnagyobb l\u00e9leksz\u00e1m\u00fa d\u00e9l-amerikai orsz\u00e1gban, Braz\u00edli\u00e1ban azonban a helyi eg\u00e9szs\u00e9g\u00fcgyi hat\u00f3s\u00e1g (Anvisa) egyel\u0151re nem hagyta j\u00f3v\u00e1 a szer ottani alkalmaz\u00e1s\u00e1t.  Az RDIF szerint a Szputnyik V haszn\u00e1lat\u00e1t eddig a vil\u00e1g 62 orsz\u00e1g\u00e1ban enged\u00e9lyezt\u00e9k. Az Orosz K\u00f6zvetlen Beruh\u00e1z\u00e1si Alap emellett sz\u00e1mos orsz\u00e1ggal, a t\u00f6bbi k\u00f6z\u00f6tt Indi\u00e1val, K\u00edn\u00e1val, Szerbi\u00e1val \u00e9s D\u00e9l-Kore\u00e1val \u00edrt al\u00e1 meg\u00e1llapod\u00e1st a vakcina helyi gy\u00e1rt\u00e1s\u00e1r\u00f3l. Fahrettin Koca t\u00f6r\u00f6k eg\u00e9szs\u00e9g\u00fcgyi miniszter szerd\u00e1n k\u00f6z\u00f6lte, hogy 50 milli\u00f3 ampull\u00e1t rendeltek a k\u00e9sz\u00edtm\u00e9nyb\u0151l, amelynek els\u0151 sz\u00e1ll\u00edtm\u00e1nyait m\u00e1jusban v\u00e1rj\u00e1k. A teljes megrendelt mennyis\u00e9g pedig f\u00e9l \u00e9v alatt kell, hogy meg\u00e9rkezzen.  Az RDIF egy\u00e9bk\u00e9nt h\u00e9tf\u0151n k\u00f6z\u00f6lte, hogy t\u00f6r\u00f6k gy\u00f3gyszeripari c\u00e9gek is gy\u00e1rtani fogj\u00e1k a Szputnyik V-t.  A nyugati orsz\u00e1gok k\u00f6z\u00fcl t\u00f6bben \u00fagy v\u00e9lik, hogy Moszkva a Szputnyik V vakcin\u00e1t propagandaeszk\u00f6zk\u00e9nt haszn\u00e1lja a nemzetk\u00f6zi sz\u00ednt\u00e9ren. A t\u00f6bb mint 144 milli\u00f3 lakos\u00fa Oroszorsz\u00e1gban hivatalos adatok szerint eddig 12,1 milli\u00f3 ember kapta meg a Covid-19 elleni vakcina els\u0151 adagj\u00e1t, mintegy 7,7 milli\u00f3t k\u00f6z\u00fcl\u00fck pedig m\u00e1r mindkett\u0151vel beoltottak.  C\u00edmlapk\u00e9p: Getty Images<\/p>\n<p>\n<!--noindex--><br \/>\n<a href=\"https:\/\/www.portfolio.hu\/gazdasag\/20210428\/mexikoban-is-elkezdik-gyartani-a-szputnyikot-480812\" rel=\"nofollow\">Source link <\/a><br \/>\n<!--\/noindex--><\/p>\n","protected":false},"excerpt":{"rendered":"<p>Az olt\u00f3anyag termel\u00e9se m\u00e1r m\u00e1jusban megkezd\u0151dhet &#8211; adta h\u00edr\u00fcl Twitter-oldal\u00e1n az Orosz K\u00f6zvetlen Beruh\u00e1z\u00e1si Alap (RDIF), a vakcina exportj\u00e1nak orosz felel\u0151se. Mexik\u00f3ban eddig a brit-sv\u00e9d AstraZeneca \u00e9s a Cansino Biologics Inc (CanSinoBIO) k\u00ednai gy\u00e1rt\u00f3 k\u00e9sz\u00edtm\u00e9ny\u00e9nek ampull\u00e1kba t\u00f6lt\u00e9s\u00e9t v\u00e9gezt\u00e9k a hazai ig\u00e9nyek kiel\u00e9g\u00edt\u00e9s\u00e9re, illetve a latin-amerikai t\u00e9rs\u00e9g ell\u00e1t\u00e1sa sz\u00e1m\u00e1ra. Mexik\u00f3 janu\u00e1r v\u00e9g\u00e9n 24 milli\u00f3 d\u00f3zist rendelt [&hellip;]<\/p>\n","protected":false},"author":2,"featured_media":1353,"comment_status":"open","ping_status":"open","sticky":false,"template":"","format":"standard","meta":{"footnotes":""},"categories":[1],"tags":[],"class_list":["post-1352","post","type-post","status-publish","format-standard","has-post-thumbnail","hentry","category-penzugyi-hirek"],"yoast_head":"<!-- This site is optimized with the Yoast SEO plugin v27.4 - https:\/\/yoast.com\/product\/yoast-seo-wordpress\/ -->\n<title>Mexik\u00f3ban is elkezdik gy\u00e1rtani a Szputnyikot - Favorite News<\/title>\n<meta name=\"robots\" content=\"index, follow, max-snippet:-1, max-image-preview:large, max-video-preview:-1\" \/>\n<link rel=\"canonical\" href=\"https:\/\/favorite-news.com\/hu\/mexikoban-is-elkezdik-gyartani-a-szputnyikot\/\" \/>\n<meta property=\"og:locale\" content=\"hu_HU\" \/>\n<meta property=\"og:type\" content=\"article\" \/>\n<meta property=\"og:title\" content=\"Mexik\u00f3ban is elkezdik gy\u00e1rtani a Szputnyikot - Favorite News\" \/>\n<meta property=\"og:description\" content=\"Az olt\u00f3anyag termel\u00e9se m\u00e1r m\u00e1jusban megkezd\u0151dhet &#8211; adta h\u00edr\u00fcl Twitter-oldal\u00e1n az Orosz K\u00f6zvetlen Beruh\u00e1z\u00e1si Alap (RDIF), a vakcina exportj\u00e1nak orosz felel\u0151se. Mexik\u00f3ban eddig a brit-sv\u00e9d AstraZeneca \u00e9s a Cansino Biologics Inc (CanSinoBIO) k\u00ednai gy\u00e1rt\u00f3 k\u00e9sz\u00edtm\u00e9ny\u00e9nek ampull\u00e1kba t\u00f6lt\u00e9s\u00e9t v\u00e9gezt\u00e9k a hazai ig\u00e9nyek kiel\u00e9g\u00edt\u00e9s\u00e9re, illetve a latin-amerikai t\u00e9rs\u00e9g ell\u00e1t\u00e1sa sz\u00e1m\u00e1ra. Mexik\u00f3 janu\u00e1r v\u00e9g\u00e9n 24 milli\u00f3 d\u00f3zist rendelt [&hellip;]\" \/>\n<meta property=\"og:url\" content=\"https:\/\/favorite-news.com\/hu\/mexikoban-is-elkezdik-gyartani-a-szputnyikot\/\" \/>\n<meta property=\"og:site_name\" content=\"Favorite News\" \/>\n<meta property=\"article:published_time\" content=\"2021-04-28T18:39:58+00:00\" \/>\n<meta property=\"article:modified_time\" content=\"2021-04-28T18:40:02+00:00\" \/>\n<meta property=\"og:image\" content=\"https:\/\/favorite-news.com\/hu\/wp-content\/uploads\/sites\/3\/2021\/04\/Mexikoban-is-elkezdik-gyartani-a-Szputnyikot.jpg\" \/>\n\t<meta property=\"og:image:width\" content=\"1920\" \/>\n\t<meta property=\"og:image:height\" content=\"1080\" \/>\n\t<meta property=\"og:image:type\" content=\"image\/jpeg\" \/>\n<meta name=\"author\" content=\"favorite-news\" \/>\n<meta name=\"twitter:card\" content=\"summary_large_image\" \/>\n<meta name=\"twitter:label1\" content=\"Szerz\u0151:\" \/>\n\t<meta name=\"twitter:data1\" content=\"favorite-news\" \/>\n\t<meta name=\"twitter:label2\" content=\"Becs\u00fclt olvas\u00e1si id\u0151\" \/>\n\t<meta name=\"twitter:data2\" content=\"2 perc\" \/>\n<script type=\"application\/ld+json\" class=\"yoast-schema-graph\">{\"@context\":\"https:\\\/\\\/schema.org\",\"@graph\":[{\"@type\":\"Article\",\"@id\":\"https:\\\/\\\/favorite-news.com\\\/hu\\\/mexikoban-is-elkezdik-gyartani-a-szputnyikot\\\/#article\",\"isPartOf\":{\"@id\":\"https:\\\/\\\/favorite-news.com\\\/hu\\\/mexikoban-is-elkezdik-gyartani-a-szputnyikot\\\/\"},\"author\":{\"name\":\"favorite-news\",\"@id\":\"https:\\\/\\\/favorite-news.com\\\/hu\\\/#\\\/schema\\\/person\\\/b91573b717dcfa5e4696032a9d28d3e8\"},\"headline\":\"Mexik\u00f3ban is elkezdik gy\u00e1rtani a Szputnyikot\",\"datePublished\":\"2021-04-28T18:39:58+00:00\",\"dateModified\":\"2021-04-28T18:40:02+00:00\",\"mainEntityOfPage\":{\"@id\":\"https:\\\/\\\/favorite-news.com\\\/hu\\\/mexikoban-is-elkezdik-gyartani-a-szputnyikot\\\/\"},\"wordCount\":402,\"commentCount\":0,\"image\":{\"@id\":\"https:\\\/\\\/favorite-news.com\\\/hu\\\/mexikoban-is-elkezdik-gyartani-a-szputnyikot\\\/#primaryimage\"},\"thumbnailUrl\":\"https:\\\/\\\/favorite-news.com\\\/hu\\\/wp-content\\\/uploads\\\/sites\\\/3\\\/2021\\\/04\\\/Mexikoban-is-elkezdik-gyartani-a-Szputnyikot.jpg\",\"articleSection\":[\"P\u00c9NZ\u00dcGYI H\u00cdREK\"],\"inLanguage\":\"hu\",\"potentialAction\":[{\"@type\":\"CommentAction\",\"name\":\"Comment\",\"target\":[\"https:\\\/\\\/favorite-news.com\\\/hu\\\/mexikoban-is-elkezdik-gyartani-a-szputnyikot\\\/#respond\"]}]},{\"@type\":\"WebPage\",\"@id\":\"https:\\\/\\\/favorite-news.com\\\/hu\\\/mexikoban-is-elkezdik-gyartani-a-szputnyikot\\\/\",\"url\":\"https:\\\/\\\/favorite-news.com\\\/hu\\\/mexikoban-is-elkezdik-gyartani-a-szputnyikot\\\/\",\"name\":\"Mexik\u00f3ban is elkezdik gy\u00e1rtani a Szputnyikot - Favorite News\",\"isPartOf\":{\"@id\":\"https:\\\/\\\/favorite-news.com\\\/hu\\\/#website\"},\"primaryImageOfPage\":{\"@id\":\"https:\\\/\\\/favorite-news.com\\\/hu\\\/mexikoban-is-elkezdik-gyartani-a-szputnyikot\\\/#primaryimage\"},\"image\":{\"@id\":\"https:\\\/\\\/favorite-news.com\\\/hu\\\/mexikoban-is-elkezdik-gyartani-a-szputnyikot\\\/#primaryimage\"},\"thumbnailUrl\":\"https:\\\/\\\/favorite-news.com\\\/hu\\\/wp-content\\\/uploads\\\/sites\\\/3\\\/2021\\\/04\\\/Mexikoban-is-elkezdik-gyartani-a-Szputnyikot.jpg\",\"datePublished\":\"2021-04-28T18:39:58+00:00\",\"dateModified\":\"2021-04-28T18:40:02+00:00\",\"author\":{\"@id\":\"https:\\\/\\\/favorite-news.com\\\/hu\\\/#\\\/schema\\\/person\\\/b91573b717dcfa5e4696032a9d28d3e8\"},\"breadcrumb\":{\"@id\":\"https:\\\/\\\/favorite-news.com\\\/hu\\\/mexikoban-is-elkezdik-gyartani-a-szputnyikot\\\/#breadcrumb\"},\"inLanguage\":\"hu\",\"potentialAction\":[{\"@type\":\"ReadAction\",\"target\":[\"https:\\\/\\\/favorite-news.com\\\/hu\\\/mexikoban-is-elkezdik-gyartani-a-szputnyikot\\\/\"]}]},{\"@type\":\"ImageObject\",\"inLanguage\":\"hu\",\"@id\":\"https:\\\/\\\/favorite-news.com\\\/hu\\\/mexikoban-is-elkezdik-gyartani-a-szputnyikot\\\/#primaryimage\",\"url\":\"https:\\\/\\\/favorite-news.com\\\/hu\\\/wp-content\\\/uploads\\\/sites\\\/3\\\/2021\\\/04\\\/Mexikoban-is-elkezdik-gyartani-a-Szputnyikot.jpg\",\"contentUrl\":\"https:\\\/\\\/favorite-news.com\\\/hu\\\/wp-content\\\/uploads\\\/sites\\\/3\\\/2021\\\/04\\\/Mexikoban-is-elkezdik-gyartani-a-Szputnyikot.jpg\",\"width\":1920,\"height\":1080,\"caption\":\"Mexik\u00f3ban is elkezdik gy\u00e1rtani a Szputnyikot\"},{\"@type\":\"BreadcrumbList\",\"@id\":\"https:\\\/\\\/favorite-news.com\\\/hu\\\/mexikoban-is-elkezdik-gyartani-a-szputnyikot\\\/#breadcrumb\",\"itemListElement\":[{\"@type\":\"ListItem\",\"position\":1,\"name\":\"Home\",\"item\":\"https:\\\/\\\/favorite-news.com\\\/hu\\\/\"},{\"@type\":\"ListItem\",\"position\":2,\"name\":\"Mexik\u00f3ban is elkezdik gy\u00e1rtani a Szputnyikot\"}]},{\"@type\":\"WebSite\",\"@id\":\"https:\\\/\\\/favorite-news.com\\\/hu\\\/#website\",\"url\":\"https:\\\/\\\/favorite-news.com\\\/hu\\\/\",\"name\":\"Favorite News\",\"description\":\"Favorite News Magyarorsz\u00e1g\",\"potentialAction\":[{\"@type\":\"SearchAction\",\"target\":{\"@type\":\"EntryPoint\",\"urlTemplate\":\"https:\\\/\\\/favorite-news.com\\\/hu\\\/?s={search_term_string}\"},\"query-input\":{\"@type\":\"PropertyValueSpecification\",\"valueRequired\":true,\"valueName\":\"search_term_string\"}}],\"inLanguage\":\"hu\"},{\"@type\":\"Person\",\"@id\":\"https:\\\/\\\/favorite-news.com\\\/hu\\\/#\\\/schema\\\/person\\\/b91573b717dcfa5e4696032a9d28d3e8\",\"name\":\"favorite-news\",\"image\":{\"@type\":\"ImageObject\",\"inLanguage\":\"hu\",\"@id\":\"https:\\\/\\\/secure.gravatar.com\\\/avatar\\\/6c5a5cb12b74e9d517ee91cf570335b7d16177f1977cc91db161adfa435945a7?s=96&d=mm&r=g\",\"url\":\"https:\\\/\\\/secure.gravatar.com\\\/avatar\\\/6c5a5cb12b74e9d517ee91cf570335b7d16177f1977cc91db161adfa435945a7?s=96&d=mm&r=g\",\"contentUrl\":\"https:\\\/\\\/secure.gravatar.com\\\/avatar\\\/6c5a5cb12b74e9d517ee91cf570335b7d16177f1977cc91db161adfa435945a7?s=96&d=mm&r=g\",\"caption\":\"favorite-news\"},\"url\":\"https:\\\/\\\/favorite-news.com\\\/hu\\\/author\\\/pt\\\/\"}]}<\/script>\n<!-- \/ Yoast SEO plugin. -->","yoast_head_json":{"title":"Mexik\u00f3ban is elkezdik gy\u00e1rtani a Szputnyikot - Favorite News","robots":{"index":"index","follow":"follow","max-snippet":"max-snippet:-1","max-image-preview":"max-image-preview:large","max-video-preview":"max-video-preview:-1"},"canonical":"https:\/\/favorite-news.com\/hu\/mexikoban-is-elkezdik-gyartani-a-szputnyikot\/","og_locale":"hu_HU","og_type":"article","og_title":"Mexik\u00f3ban is elkezdik gy\u00e1rtani a Szputnyikot - Favorite News","og_description":"Az olt\u00f3anyag termel\u00e9se m\u00e1r m\u00e1jusban megkezd\u0151dhet &#8211; adta h\u00edr\u00fcl Twitter-oldal\u00e1n az Orosz K\u00f6zvetlen Beruh\u00e1z\u00e1si Alap (RDIF), a vakcina exportj\u00e1nak orosz felel\u0151se. Mexik\u00f3ban eddig a brit-sv\u00e9d AstraZeneca \u00e9s a Cansino Biologics Inc (CanSinoBIO) k\u00ednai gy\u00e1rt\u00f3 k\u00e9sz\u00edtm\u00e9ny\u00e9nek ampull\u00e1kba t\u00f6lt\u00e9s\u00e9t v\u00e9gezt\u00e9k a hazai ig\u00e9nyek kiel\u00e9g\u00edt\u00e9s\u00e9re, illetve a latin-amerikai t\u00e9rs\u00e9g ell\u00e1t\u00e1sa sz\u00e1m\u00e1ra. Mexik\u00f3 janu\u00e1r v\u00e9g\u00e9n 24 milli\u00f3 d\u00f3zist rendelt [&hellip;]","og_url":"https:\/\/favorite-news.com\/hu\/mexikoban-is-elkezdik-gyartani-a-szputnyikot\/","og_site_name":"Favorite News","article_published_time":"2021-04-28T18:39:58+00:00","article_modified_time":"2021-04-28T18:40:02+00:00","og_image":[{"width":1920,"height":1080,"url":"https:\/\/favorite-news.com\/hu\/wp-content\/uploads\/sites\/3\/2021\/04\/Mexikoban-is-elkezdik-gyartani-a-Szputnyikot.jpg","type":"image\/jpeg"}],"author":"favorite-news","twitter_card":"summary_large_image","twitter_misc":{"Szerz\u0151:":"favorite-news","Becs\u00fclt olvas\u00e1si id\u0151":"2 perc"},"schema":{"@context":"https:\/\/schema.org","@graph":[{"@type":"Article","@id":"https:\/\/favorite-news.com\/hu\/mexikoban-is-elkezdik-gyartani-a-szputnyikot\/#article","isPartOf":{"@id":"https:\/\/favorite-news.com\/hu\/mexikoban-is-elkezdik-gyartani-a-szputnyikot\/"},"author":{"name":"favorite-news","@id":"https:\/\/favorite-news.com\/hu\/#\/schema\/person\/b91573b717dcfa5e4696032a9d28d3e8"},"headline":"Mexik\u00f3ban is elkezdik gy\u00e1rtani a Szputnyikot","datePublished":"2021-04-28T18:39:58+00:00","dateModified":"2021-04-28T18:40:02+00:00","mainEntityOfPage":{"@id":"https:\/\/favorite-news.com\/hu\/mexikoban-is-elkezdik-gyartani-a-szputnyikot\/"},"wordCount":402,"commentCount":0,"image":{"@id":"https:\/\/favorite-news.com\/hu\/mexikoban-is-elkezdik-gyartani-a-szputnyikot\/#primaryimage"},"thumbnailUrl":"https:\/\/favorite-news.com\/hu\/wp-content\/uploads\/sites\/3\/2021\/04\/Mexikoban-is-elkezdik-gyartani-a-Szputnyikot.jpg","articleSection":["P\u00c9NZ\u00dcGYI H\u00cdREK"],"inLanguage":"hu","potentialAction":[{"@type":"CommentAction","name":"Comment","target":["https:\/\/favorite-news.com\/hu\/mexikoban-is-elkezdik-gyartani-a-szputnyikot\/#respond"]}]},{"@type":"WebPage","@id":"https:\/\/favorite-news.com\/hu\/mexikoban-is-elkezdik-gyartani-a-szputnyikot\/","url":"https:\/\/favorite-news.com\/hu\/mexikoban-is-elkezdik-gyartani-a-szputnyikot\/","name":"Mexik\u00f3ban is elkezdik gy\u00e1rtani a Szputnyikot - Favorite News","isPartOf":{"@id":"https:\/\/favorite-news.com\/hu\/#website"},"primaryImageOfPage":{"@id":"https:\/\/favorite-news.com\/hu\/mexikoban-is-elkezdik-gyartani-a-szputnyikot\/#primaryimage"},"image":{"@id":"https:\/\/favorite-news.com\/hu\/mexikoban-is-elkezdik-gyartani-a-szputnyikot\/#primaryimage"},"thumbnailUrl":"https:\/\/favorite-news.com\/hu\/wp-content\/uploads\/sites\/3\/2021\/04\/Mexikoban-is-elkezdik-gyartani-a-Szputnyikot.jpg","datePublished":"2021-04-28T18:39:58+00:00","dateModified":"2021-04-28T18:40:02+00:00","author":{"@id":"https:\/\/favorite-news.com\/hu\/#\/schema\/person\/b91573b717dcfa5e4696032a9d28d3e8"},"breadcrumb":{"@id":"https:\/\/favorite-news.com\/hu\/mexikoban-is-elkezdik-gyartani-a-szputnyikot\/#breadcrumb"},"inLanguage":"hu","potentialAction":[{"@type":"ReadAction","target":["https:\/\/favorite-news.com\/hu\/mexikoban-is-elkezdik-gyartani-a-szputnyikot\/"]}]},{"@type":"ImageObject","inLanguage":"hu","@id":"https:\/\/favorite-news.com\/hu\/mexikoban-is-elkezdik-gyartani-a-szputnyikot\/#primaryimage","url":"https:\/\/favorite-news.com\/hu\/wp-content\/uploads\/sites\/3\/2021\/04\/Mexikoban-is-elkezdik-gyartani-a-Szputnyikot.jpg","contentUrl":"https:\/\/favorite-news.com\/hu\/wp-content\/uploads\/sites\/3\/2021\/04\/Mexikoban-is-elkezdik-gyartani-a-Szputnyikot.jpg","width":1920,"height":1080,"caption":"Mexik\u00f3ban is elkezdik gy\u00e1rtani a Szputnyikot"},{"@type":"BreadcrumbList","@id":"https:\/\/favorite-news.com\/hu\/mexikoban-is-elkezdik-gyartani-a-szputnyikot\/#breadcrumb","itemListElement":[{"@type":"ListItem","position":1,"name":"Home","item":"https:\/\/favorite-news.com\/hu\/"},{"@type":"ListItem","position":2,"name":"Mexik\u00f3ban is elkezdik gy\u00e1rtani a Szputnyikot"}]},{"@type":"WebSite","@id":"https:\/\/favorite-news.com\/hu\/#website","url":"https:\/\/favorite-news.com\/hu\/","name":"Favorite News","description":"Favorite News Magyarorsz\u00e1g","potentialAction":[{"@type":"SearchAction","target":{"@type":"EntryPoint","urlTemplate":"https:\/\/favorite-news.com\/hu\/?s={search_term_string}"},"query-input":{"@type":"PropertyValueSpecification","valueRequired":true,"valueName":"search_term_string"}}],"inLanguage":"hu"},{"@type":"Person","@id":"https:\/\/favorite-news.com\/hu\/#\/schema\/person\/b91573b717dcfa5e4696032a9d28d3e8","name":"favorite-news","image":{"@type":"ImageObject","inLanguage":"hu","@id":"https:\/\/secure.gravatar.com\/avatar\/6c5a5cb12b74e9d517ee91cf570335b7d16177f1977cc91db161adfa435945a7?s=96&d=mm&r=g","url":"https:\/\/secure.gravatar.com\/avatar\/6c5a5cb12b74e9d517ee91cf570335b7d16177f1977cc91db161adfa435945a7?s=96&d=mm&r=g","contentUrl":"https:\/\/secure.gravatar.com\/avatar\/6c5a5cb12b74e9d517ee91cf570335b7d16177f1977cc91db161adfa435945a7?s=96&d=mm&r=g","caption":"favorite-news"},"url":"https:\/\/favorite-news.com\/hu\/author\/pt\/"}]}},"_links":{"self":[{"href":"https:\/\/favorite-news.com\/hu\/wp-json\/wp\/v2\/posts\/1352","targetHints":{"allow":["GET"]}}],"collection":[{"href":"https:\/\/favorite-news.com\/hu\/wp-json\/wp\/v2\/posts"}],"about":[{"href":"https:\/\/favorite-news.com\/hu\/wp-json\/wp\/v2\/types\/post"}],"author":[{"embeddable":true,"href":"https:\/\/favorite-news.com\/hu\/wp-json\/wp\/v2\/users\/2"}],"replies":[{"embeddable":true,"href":"https:\/\/favorite-news.com\/hu\/wp-json\/wp\/v2\/comments?post=1352"}],"version-history":[{"count":1,"href":"https:\/\/favorite-news.com\/hu\/wp-json\/wp\/v2\/posts\/1352\/revisions"}],"predecessor-version":[{"id":1354,"href":"https:\/\/favorite-news.com\/hu\/wp-json\/wp\/v2\/posts\/1352\/revisions\/1354"}],"wp:featuredmedia":[{"embeddable":true,"href":"https:\/\/favorite-news.com\/hu\/wp-json\/wp\/v2\/media\/1353"}],"wp:attachment":[{"href":"https:\/\/favorite-news.com\/hu\/wp-json\/wp\/v2\/media?parent=1352"}],"wp:term":[{"taxonomy":"category","embeddable":true,"href":"https:\/\/favorite-news.com\/hu\/wp-json\/wp\/v2\/categories?post=1352"},{"taxonomy":"post_tag","embeddable":true,"href":"https:\/\/favorite-news.com\/hu\/wp-json\/wp\/v2\/tags?post=1352"}],"curies":[{"name":"wp","href":"https:\/\/api.w.org\/{rel}","templated":true}]}}