{"id":994,"date":"2021-03-09T18:03:34","date_gmt":"2021-03-09T18:03:34","guid":{"rendered":"https:\/\/favorite-news.com\/fr\/amendements-places-des-deputes-critiquent-les-conditions-du-debat\/"},"modified":"2021-03-09T18:03:37","modified_gmt":"2021-03-09T18:03:37","slug":"amendements-places-des-deputes-critiquent-les-conditions-du-debat","status":"publish","type":"post","link":"https:\/\/favorite-news.com\/fr\/amendements-places-des-deputes-critiquent-les-conditions-du-debat\/","title":{"rendered":"Amendements, places&#8230; Des d\u00e9put\u00e9s critiquent les conditions du d\u00e9bat"},"content":{"rendered":"<p>                La d\u00e9put\u00e9e EELV Delphone Batho a critiqu\u00e9 les conditions d&rsquo;examen de la loi climat a l&rsquo;Assembl\u00e9e. \u2014 David NIVIERE \/ POOL \/ AFP<br \/>\n            A l&rsquo;Assembl\u00e9e nationale, plusieurs d\u00e9put\u00e9s d\u2019opposition ou non-inscrits critiquent ce mardi les conditions d\u2019examen du tr\u00e8s attendu &#13;<br \/>\nprojet de loi sur le climat\u200b. Ils d\u00e9noncent notamment le nombre d\u2019amendements jug\u00e9s irrecevables ou le manque de places en commission.<\/p>\n<p>Ce texte est pass\u00e9 en revue en commission sp\u00e9ciale depuis lundi et pour deux semaines, avant son passage dans l\u2019h\u00e9micycle \u00e0 compter du 29\u00a0mars. L\u2019ancienne ministre de l\u2019Ecologie Delphine Batho\u00a0a d\u00e9nonc\u00e9 devant la presse des conditions de travail \u00ab\u00a0surr\u00e9alistes\u00a0\u00bb en commission avec un nombre de places limit\u00e9es en raison des r\u00e8gles anti-Covid.<\/p>\n<p>55\u00a0% des amendements rejet\u00e9s<\/p>\n<p>\u00ab\u00a0Il y a un probl\u00e8me tr\u00e8s concret de places\u00a0:\u00a0la commission a 71 membres, il y a 51 places dans la commission (\u2026). Il y a des d\u00e9put\u00e9s qui ne peuvent pas venir si\u00e9ger\u00a0\u00bb, a abond\u00e9 Damien Abad, chef de file des d\u00e9put\u00e9s LR, lors d\u2019une conf\u00e9rence de presse.<\/p>\n<p>Delphine Batho ainsi que Matthieu Orphelin, autre d\u00e9put\u00e9 de sensibilit\u00e9 \u00e9colo, s\u2019alarment en outre de \u00ab\u00a0l\u2019interpr\u00e9tation brutale des dispositions de l\u2019article\u00a045 de la Constitution\u00a0\u00bb qui permet de retoquer des amendements jug\u00e9s hors sujet. Ils affirment que 55\u00a0% des amendements jusqu\u2019ici trait\u00e9s par les services de l\u2019Assembl\u00e9e ont \u00e9t\u00e9 jug\u00e9s irrecevables.<\/p>\n<p>\u00ab\u00a0L\u2019\u00e9copr\u00eat pour changer de v\u00e9hicule, la r\u00e9gulation de la publicit\u00e9, la r\u00e9novation \u00e9nerg\u00e9tique, la consommation durable\u00a0:\u00a0tous ces sujets, nous ne pourrons pas en d\u00e9battre\u00a0\u00bb, a regrett\u00e9 Matthieu\u00a0Orphelin.<\/p>\n<p>\u00ab\u00a0Manipulation\u00a0\u00bb<\/p>\n<p>Pour sa part, la pr\u00e9sidente de la commission sp\u00e9ciale Laurence Maillart-M\u00e9haignerie (LREM) regrette une position \u00ab\u00a0pol\u00e9mique\u00a0\u00bb sur l\u2019irrecevabilit\u00e9. Et concernant les places, c\u2019est aux groupes politiques de \u00ab\u00a0d\u00e9finir les jauges\u00a0\u00bb et \u00ab\u00a0nous sommes tous soumis \u00e0 cette contrainte\u00a0\u00bb, a-t-elle d\u00e9clar\u00e9 lundi soir en commission.<\/p>\n<p>En outre, pour l\u2019examen dans l\u2019h\u00e9micycle, un temps l\u00e9gislatif programm\u00e9 de 45 heures a \u00e9t\u00e9 fix\u00e9 mardi en conf\u00e9rence des pr\u00e9sidents de l\u2019Assembl\u00e9e. Ce temps, r\u00e9parti entre les groupes politiques, va r\u00e9duire \u00e0 la portion congrue les interventions des d\u00e9put\u00e9s non-inscrits comme Delphine Batho et Matthieu\u00a0Orphelin.<\/p>\n<p>\u00ab\u00a0C\u2019est une manipulation de plus pour tenter de museler ceux qui veulent porter haut l\u2019\u00e9cologie\u00a0\u00bb, a regrett\u00e9 l\u2019\u00e9lu. Les deux d\u00e9put\u00e9s donnent rendez-vous le 28\u00a0mars dans les manifestations \u00e0 l\u2019appel de membres de la Convention citoyenne pour le climat m\u00e9contents du texte pr\u00e9sent\u00e9 par le gouvernement.<\/p>\n<p>\n<!--noindex--><br \/>\n<a href=\"https:\/\/www.20minutes.fr\/planete\/2994791-20210309-projet-loi-climat-resilience-amendements-places-deputes-critiquent-conditions-debat#xtor=RSS-149\" rel=\"nofollow\">Source link <\/a><br \/>\n<!--\/noindex--><\/p>\n","protected":false},"excerpt":{"rendered":"<p>La d\u00e9put\u00e9e EELV Delphone Batho a critiqu\u00e9 les conditions d&rsquo;examen de la loi climat a l&rsquo;Assembl\u00e9e. \u2014 David NIVIERE \/ POOL \/ AFP A l&rsquo;Assembl\u00e9e nationale, plusieurs d\u00e9put\u00e9s d\u2019opposition ou non-inscrits critiquent ce mardi les conditions d\u2019examen du tr\u00e8s attendu &#13; projet de loi sur le climat\u200b. Ils d\u00e9noncent notamment le nombre d\u2019amendements jug\u00e9s irrecevables [&hellip;]<\/p>\n","protected":false},"author":1,"featured_media":995,"comment_status":"open","ping_status":"open","sticky":false,"template":"","format":"standard","meta":{"footnotes":""},"categories":[1],"tags":[],"class_list":["post-994","post","type-post","status-publish","format-standard","has-post-thumbnail","hentry","category-nouvelles"],"yoast_head":"<!-- This site is optimized with the Yoast SEO plugin v27.4 - https:\/\/yoast.com\/product\/yoast-seo-wordpress\/ -->\n<title>Amendements, places... Des d\u00e9put\u00e9s critiquent les conditions du d\u00e9bat - Favorite News<\/title>\n<meta name=\"robots\" content=\"index, follow, max-snippet:-1, max-image-preview:large, max-video-preview:-1\" \/>\n<link rel=\"canonical\" href=\"https:\/\/favorite-news.com\/fr\/amendements-places-des-deputes-critiquent-les-conditions-du-debat\/\" \/>\n<meta property=\"og:locale\" content=\"fr_FR\" \/>\n<meta property=\"og:type\" content=\"article\" \/>\n<meta property=\"og:title\" content=\"Amendements, places... Des d\u00e9put\u00e9s critiquent les conditions du d\u00e9bat - Favorite News\" \/>\n<meta property=\"og:description\" content=\"La d\u00e9put\u00e9e EELV Delphone Batho a critiqu\u00e9 les conditions d&rsquo;examen de la loi climat a l&rsquo;Assembl\u00e9e. \u2014 David NIVIERE \/ POOL \/ AFP A l&rsquo;Assembl\u00e9e nationale, plusieurs d\u00e9put\u00e9s d\u2019opposition ou non-inscrits critiquent ce mardi les conditions d\u2019examen du tr\u00e8s attendu &#013; projet de loi sur le climat\u200b. Ils d\u00e9noncent notamment le nombre d\u2019amendements jug\u00e9s irrecevables [&hellip;]\" \/>\n<meta property=\"og:url\" content=\"https:\/\/favorite-news.com\/fr\/amendements-places-des-deputes-critiquent-les-conditions-du-debat\/\" \/>\n<meta property=\"og:site_name\" content=\"Favorite News\" \/>\n<meta property=\"article:published_time\" content=\"2021-03-09T18:03:34+00:00\" \/>\n<meta property=\"article:modified_time\" content=\"2021-03-09T18:03:37+00:00\" \/>\n<meta property=\"og:image\" content=\"https:\/\/favorite-news.com\/fr\/wp-content\/uploads\/sites\/12\/2021\/03\/Amendements-places-Des-deputes-critiquent-les-conditions-du-debat.jpg\" \/>\n\t<meta property=\"og:image:width\" content=\"648\" \/>\n\t<meta property=\"og:image:height\" content=\"360\" \/>\n\t<meta property=\"og:image:type\" content=\"image\/jpeg\" \/>\n<meta name=\"author\" content=\"favorite-news\" \/>\n<meta name=\"twitter:card\" content=\"summary_large_image\" \/>\n<meta name=\"twitter:label1\" content=\"\u00c9crit par\" \/>\n\t<meta name=\"twitter:data1\" content=\"favorite-news\" \/>\n\t<meta name=\"twitter:label2\" content=\"Dur\u00e9e de lecture estim\u00e9e\" \/>\n\t<meta name=\"twitter:data2\" content=\"2 minutes\" \/>\n<script type=\"application\/ld+json\" class=\"yoast-schema-graph\">{\"@context\":\"https:\\\/\\\/schema.org\",\"@graph\":[{\"@type\":\"Article\",\"@id\":\"https:\\\/\\\/favorite-news.com\\\/fr\\\/amendements-places-des-deputes-critiquent-les-conditions-du-debat\\\/#article\",\"isPartOf\":{\"@id\":\"https:\\\/\\\/favorite-news.com\\\/fr\\\/amendements-places-des-deputes-critiquent-les-conditions-du-debat\\\/\"},\"author\":{\"name\":\"favorite-news\",\"@id\":\"https:\\\/\\\/favorite-news.com\\\/fr\\\/#\\\/schema\\\/person\\\/b66c4cfdd10a5bf16d7d5efda647111f\"},\"headline\":\"Amendements, places&#8230; Des d\u00e9put\u00e9s critiquent les conditions du d\u00e9bat\",\"datePublished\":\"2021-03-09T18:03:34+00:00\",\"dateModified\":\"2021-03-09T18:03:37+00:00\",\"mainEntityOfPage\":{\"@id\":\"https:\\\/\\\/favorite-news.com\\\/fr\\\/amendements-places-des-deputes-critiquent-les-conditions-du-debat\\\/\"},\"wordCount\":465,\"commentCount\":0,\"image\":{\"@id\":\"https:\\\/\\\/favorite-news.com\\\/fr\\\/amendements-places-des-deputes-critiquent-les-conditions-du-debat\\\/#primaryimage\"},\"thumbnailUrl\":\"https:\\\/\\\/favorite-news.com\\\/fr\\\/wp-content\\\/uploads\\\/sites\\\/12\\\/2021\\\/03\\\/Amendements-places-Des-deputes-critiquent-les-conditions-du-debat.jpg\",\"articleSection\":[\"NOUVELLES\"],\"inLanguage\":\"fr-FR\",\"potentialAction\":[{\"@type\":\"CommentAction\",\"name\":\"Comment\",\"target\":[\"https:\\\/\\\/favorite-news.com\\\/fr\\\/amendements-places-des-deputes-critiquent-les-conditions-du-debat\\\/#respond\"]}]},{\"@type\":\"WebPage\",\"@id\":\"https:\\\/\\\/favorite-news.com\\\/fr\\\/amendements-places-des-deputes-critiquent-les-conditions-du-debat\\\/\",\"url\":\"https:\\\/\\\/favorite-news.com\\\/fr\\\/amendements-places-des-deputes-critiquent-les-conditions-du-debat\\\/\",\"name\":\"Amendements, places... Des d\u00e9put\u00e9s critiquent les conditions du d\u00e9bat - Favorite News\",\"isPartOf\":{\"@id\":\"https:\\\/\\\/favorite-news.com\\\/fr\\\/#website\"},\"primaryImageOfPage\":{\"@id\":\"https:\\\/\\\/favorite-news.com\\\/fr\\\/amendements-places-des-deputes-critiquent-les-conditions-du-debat\\\/#primaryimage\"},\"image\":{\"@id\":\"https:\\\/\\\/favorite-news.com\\\/fr\\\/amendements-places-des-deputes-critiquent-les-conditions-du-debat\\\/#primaryimage\"},\"thumbnailUrl\":\"https:\\\/\\\/favorite-news.com\\\/fr\\\/wp-content\\\/uploads\\\/sites\\\/12\\\/2021\\\/03\\\/Amendements-places-Des-deputes-critiquent-les-conditions-du-debat.jpg\",\"datePublished\":\"2021-03-09T18:03:34+00:00\",\"dateModified\":\"2021-03-09T18:03:37+00:00\",\"author\":{\"@id\":\"https:\\\/\\\/favorite-news.com\\\/fr\\\/#\\\/schema\\\/person\\\/b66c4cfdd10a5bf16d7d5efda647111f\"},\"breadcrumb\":{\"@id\":\"https:\\\/\\\/favorite-news.com\\\/fr\\\/amendements-places-des-deputes-critiquent-les-conditions-du-debat\\\/#breadcrumb\"},\"inLanguage\":\"fr-FR\",\"potentialAction\":[{\"@type\":\"ReadAction\",\"target\":[\"https:\\\/\\\/favorite-news.com\\\/fr\\\/amendements-places-des-deputes-critiquent-les-conditions-du-debat\\\/\"]}]},{\"@type\":\"ImageObject\",\"inLanguage\":\"fr-FR\",\"@id\":\"https:\\\/\\\/favorite-news.com\\\/fr\\\/amendements-places-des-deputes-critiquent-les-conditions-du-debat\\\/#primaryimage\",\"url\":\"https:\\\/\\\/favorite-news.com\\\/fr\\\/wp-content\\\/uploads\\\/sites\\\/12\\\/2021\\\/03\\\/Amendements-places-Des-deputes-critiquent-les-conditions-du-debat.jpg\",\"contentUrl\":\"https:\\\/\\\/favorite-news.com\\\/fr\\\/wp-content\\\/uploads\\\/sites\\\/12\\\/2021\\\/03\\\/Amendements-places-Des-deputes-critiquent-les-conditions-du-debat.jpg\",\"width\":648,\"height\":360,\"caption\":\"Amendements, places... Des d\u00e9put\u00e9s critiquent les conditions du d\u00e9bat\"},{\"@type\":\"BreadcrumbList\",\"@id\":\"https:\\\/\\\/favorite-news.com\\\/fr\\\/amendements-places-des-deputes-critiquent-les-conditions-du-debat\\\/#breadcrumb\",\"itemListElement\":[{\"@type\":\"ListItem\",\"position\":1,\"name\":\"Home\",\"item\":\"https:\\\/\\\/favorite-news.com\\\/fr\\\/\"},{\"@type\":\"ListItem\",\"position\":2,\"name\":\"Amendements, places&#8230; Des d\u00e9put\u00e9s critiquent les conditions du d\u00e9bat\"}]},{\"@type\":\"WebSite\",\"@id\":\"https:\\\/\\\/favorite-news.com\\\/fr\\\/#website\",\"url\":\"https:\\\/\\\/favorite-news.com\\\/fr\\\/\",\"name\":\"Favorite News\",\"description\":\"Favorite News France\",\"potentialAction\":[{\"@type\":\"SearchAction\",\"target\":{\"@type\":\"EntryPoint\",\"urlTemplate\":\"https:\\\/\\\/favorite-news.com\\\/fr\\\/?s={search_term_string}\"},\"query-input\":{\"@type\":\"PropertyValueSpecification\",\"valueRequired\":true,\"valueName\":\"search_term_string\"}}],\"inLanguage\":\"fr-FR\"},{\"@type\":\"Person\",\"@id\":\"https:\\\/\\\/favorite-news.com\\\/fr\\\/#\\\/schema\\\/person\\\/b66c4cfdd10a5bf16d7d5efda647111f\",\"name\":\"favorite-news\",\"image\":{\"@type\":\"ImageObject\",\"inLanguage\":\"fr-FR\",\"@id\":\"https:\\\/\\\/secure.gravatar.com\\\/avatar\\\/f89959e01423a9ee3c2debbcf830eb021c575de0e1b3781ca3ae392b71c615a1?s=96&d=mm&r=g\",\"url\":\"https:\\\/\\\/secure.gravatar.com\\\/avatar\\\/f89959e01423a9ee3c2debbcf830eb021c575de0e1b3781ca3ae392b71c615a1?s=96&d=mm&r=g\",\"contentUrl\":\"https:\\\/\\\/secure.gravatar.com\\\/avatar\\\/f89959e01423a9ee3c2debbcf830eb021c575de0e1b3781ca3ae392b71c615a1?s=96&d=mm&r=g\",\"caption\":\"favorite-news\"},\"url\":\"https:\\\/\\\/favorite-news.com\\\/fr\\\/author\\\/ruby\\\/\"}]}<\/script>\n<!-- \/ Yoast SEO plugin. -->","yoast_head_json":{"title":"Amendements, places... Des d\u00e9put\u00e9s critiquent les conditions du d\u00e9bat - Favorite News","robots":{"index":"index","follow":"follow","max-snippet":"max-snippet:-1","max-image-preview":"max-image-preview:large","max-video-preview":"max-video-preview:-1"},"canonical":"https:\/\/favorite-news.com\/fr\/amendements-places-des-deputes-critiquent-les-conditions-du-debat\/","og_locale":"fr_FR","og_type":"article","og_title":"Amendements, places... Des d\u00e9put\u00e9s critiquent les conditions du d\u00e9bat - Favorite News","og_description":"La d\u00e9put\u00e9e EELV Delphone Batho a critiqu\u00e9 les conditions d&rsquo;examen de la loi climat a l&rsquo;Assembl\u00e9e. \u2014 David NIVIERE \/ POOL \/ AFP A l&rsquo;Assembl\u00e9e nationale, plusieurs d\u00e9put\u00e9s d\u2019opposition ou non-inscrits critiquent ce mardi les conditions d\u2019examen du tr\u00e8s attendu &#13; projet de loi sur le climat\u200b. Ils d\u00e9noncent notamment le nombre d\u2019amendements jug\u00e9s irrecevables [&hellip;]","og_url":"https:\/\/favorite-news.com\/fr\/amendements-places-des-deputes-critiquent-les-conditions-du-debat\/","og_site_name":"Favorite News","article_published_time":"2021-03-09T18:03:34+00:00","article_modified_time":"2021-03-09T18:03:37+00:00","og_image":[{"width":648,"height":360,"url":"https:\/\/favorite-news.com\/fr\/wp-content\/uploads\/sites\/12\/2021\/03\/Amendements-places-Des-deputes-critiquent-les-conditions-du-debat.jpg","type":"image\/jpeg"}],"author":"favorite-news","twitter_card":"summary_large_image","twitter_misc":{"\u00c9crit par":"favorite-news","Dur\u00e9e de lecture estim\u00e9e":"2 minutes"},"schema":{"@context":"https:\/\/schema.org","@graph":[{"@type":"Article","@id":"https:\/\/favorite-news.com\/fr\/amendements-places-des-deputes-critiquent-les-conditions-du-debat\/#article","isPartOf":{"@id":"https:\/\/favorite-news.com\/fr\/amendements-places-des-deputes-critiquent-les-conditions-du-debat\/"},"author":{"name":"favorite-news","@id":"https:\/\/favorite-news.com\/fr\/#\/schema\/person\/b66c4cfdd10a5bf16d7d5efda647111f"},"headline":"Amendements, places&#8230; Des d\u00e9put\u00e9s critiquent les conditions du d\u00e9bat","datePublished":"2021-03-09T18:03:34+00:00","dateModified":"2021-03-09T18:03:37+00:00","mainEntityOfPage":{"@id":"https:\/\/favorite-news.com\/fr\/amendements-places-des-deputes-critiquent-les-conditions-du-debat\/"},"wordCount":465,"commentCount":0,"image":{"@id":"https:\/\/favorite-news.com\/fr\/amendements-places-des-deputes-critiquent-les-conditions-du-debat\/#primaryimage"},"thumbnailUrl":"https:\/\/favorite-news.com\/fr\/wp-content\/uploads\/sites\/12\/2021\/03\/Amendements-places-Des-deputes-critiquent-les-conditions-du-debat.jpg","articleSection":["NOUVELLES"],"inLanguage":"fr-FR","potentialAction":[{"@type":"CommentAction","name":"Comment","target":["https:\/\/favorite-news.com\/fr\/amendements-places-des-deputes-critiquent-les-conditions-du-debat\/#respond"]}]},{"@type":"WebPage","@id":"https:\/\/favorite-news.com\/fr\/amendements-places-des-deputes-critiquent-les-conditions-du-debat\/","url":"https:\/\/favorite-news.com\/fr\/amendements-places-des-deputes-critiquent-les-conditions-du-debat\/","name":"Amendements, places... Des d\u00e9put\u00e9s critiquent les conditions du d\u00e9bat - Favorite News","isPartOf":{"@id":"https:\/\/favorite-news.com\/fr\/#website"},"primaryImageOfPage":{"@id":"https:\/\/favorite-news.com\/fr\/amendements-places-des-deputes-critiquent-les-conditions-du-debat\/#primaryimage"},"image":{"@id":"https:\/\/favorite-news.com\/fr\/amendements-places-des-deputes-critiquent-les-conditions-du-debat\/#primaryimage"},"thumbnailUrl":"https:\/\/favorite-news.com\/fr\/wp-content\/uploads\/sites\/12\/2021\/03\/Amendements-places-Des-deputes-critiquent-les-conditions-du-debat.jpg","datePublished":"2021-03-09T18:03:34+00:00","dateModified":"2021-03-09T18:03:37+00:00","author":{"@id":"https:\/\/favorite-news.com\/fr\/#\/schema\/person\/b66c4cfdd10a5bf16d7d5efda647111f"},"breadcrumb":{"@id":"https:\/\/favorite-news.com\/fr\/amendements-places-des-deputes-critiquent-les-conditions-du-debat\/#breadcrumb"},"inLanguage":"fr-FR","potentialAction":[{"@type":"ReadAction","target":["https:\/\/favorite-news.com\/fr\/amendements-places-des-deputes-critiquent-les-conditions-du-debat\/"]}]},{"@type":"ImageObject","inLanguage":"fr-FR","@id":"https:\/\/favorite-news.com\/fr\/amendements-places-des-deputes-critiquent-les-conditions-du-debat\/#primaryimage","url":"https:\/\/favorite-news.com\/fr\/wp-content\/uploads\/sites\/12\/2021\/03\/Amendements-places-Des-deputes-critiquent-les-conditions-du-debat.jpg","contentUrl":"https:\/\/favorite-news.com\/fr\/wp-content\/uploads\/sites\/12\/2021\/03\/Amendements-places-Des-deputes-critiquent-les-conditions-du-debat.jpg","width":648,"height":360,"caption":"Amendements, places... Des d\u00e9put\u00e9s critiquent les conditions du d\u00e9bat"},{"@type":"BreadcrumbList","@id":"https:\/\/favorite-news.com\/fr\/amendements-places-des-deputes-critiquent-les-conditions-du-debat\/#breadcrumb","itemListElement":[{"@type":"ListItem","position":1,"name":"Home","item":"https:\/\/favorite-news.com\/fr\/"},{"@type":"ListItem","position":2,"name":"Amendements, places&#8230; Des d\u00e9put\u00e9s critiquent les conditions du d\u00e9bat"}]},{"@type":"WebSite","@id":"https:\/\/favorite-news.com\/fr\/#website","url":"https:\/\/favorite-news.com\/fr\/","name":"Favorite News","description":"Favorite News France","potentialAction":[{"@type":"SearchAction","target":{"@type":"EntryPoint","urlTemplate":"https:\/\/favorite-news.com\/fr\/?s={search_term_string}"},"query-input":{"@type":"PropertyValueSpecification","valueRequired":true,"valueName":"search_term_string"}}],"inLanguage":"fr-FR"},{"@type":"Person","@id":"https:\/\/favorite-news.com\/fr\/#\/schema\/person\/b66c4cfdd10a5bf16d7d5efda647111f","name":"favorite-news","image":{"@type":"ImageObject","inLanguage":"fr-FR","@id":"https:\/\/secure.gravatar.com\/avatar\/f89959e01423a9ee3c2debbcf830eb021c575de0e1b3781ca3ae392b71c615a1?s=96&d=mm&r=g","url":"https:\/\/secure.gravatar.com\/avatar\/f89959e01423a9ee3c2debbcf830eb021c575de0e1b3781ca3ae392b71c615a1?s=96&d=mm&r=g","contentUrl":"https:\/\/secure.gravatar.com\/avatar\/f89959e01423a9ee3c2debbcf830eb021c575de0e1b3781ca3ae392b71c615a1?s=96&d=mm&r=g","caption":"favorite-news"},"url":"https:\/\/favorite-news.com\/fr\/author\/ruby\/"}]}},"_links":{"self":[{"href":"https:\/\/favorite-news.com\/fr\/wp-json\/wp\/v2\/posts\/994","targetHints":{"allow":["GET"]}}],"collection":[{"href":"https:\/\/favorite-news.com\/fr\/wp-json\/wp\/v2\/posts"}],"about":[{"href":"https:\/\/favorite-news.com\/fr\/wp-json\/wp\/v2\/types\/post"}],"author":[{"embeddable":true,"href":"https:\/\/favorite-news.com\/fr\/wp-json\/wp\/v2\/users\/1"}],"replies":[{"embeddable":true,"href":"https:\/\/favorite-news.com\/fr\/wp-json\/wp\/v2\/comments?post=994"}],"version-history":[{"count":1,"href":"https:\/\/favorite-news.com\/fr\/wp-json\/wp\/v2\/posts\/994\/revisions"}],"predecessor-version":[{"id":996,"href":"https:\/\/favorite-news.com\/fr\/wp-json\/wp\/v2\/posts\/994\/revisions\/996"}],"wp:featuredmedia":[{"embeddable":true,"href":"https:\/\/favorite-news.com\/fr\/wp-json\/wp\/v2\/media\/995"}],"wp:attachment":[{"href":"https:\/\/favorite-news.com\/fr\/wp-json\/wp\/v2\/media?parent=994"}],"wp:term":[{"taxonomy":"category","embeddable":true,"href":"https:\/\/favorite-news.com\/fr\/wp-json\/wp\/v2\/categories?post=994"},{"taxonomy":"post_tag","embeddable":true,"href":"https:\/\/favorite-news.com\/fr\/wp-json\/wp\/v2\/tags?post=994"}],"curies":[{"name":"wp","href":"https:\/\/api.w.org\/{rel}","templated":true}]}}