{"id":988,"date":"2021-03-09T11:29:18","date_gmt":"2021-03-09T11:29:18","guid":{"rendered":"https:\/\/favorite-news.com\/fr\/une-ado-de-14-ans-retrouvee-morte-noyee-a-argenteuil-chronologie-dun-drame\/"},"modified":"2021-03-09T11:29:21","modified_gmt":"2021-03-09T11:29:21","slug":"une-ado-de-14-ans-retrouvee-morte-noyee-a-argenteuil-chronologie-dun-drame","status":"publish","type":"post","link":"https:\/\/favorite-news.com\/fr\/une-ado-de-14-ans-retrouvee-morte-noyee-a-argenteuil-chronologie-dun-drame\/","title":{"rendered":"Une ado de 14 ans retrouv\u00e9e morte noy\u00e9e \u00e0 Argenteuil, chronologie d\u2019un drame"},"content":{"rendered":"<p>                Police Illustration. \u2014 Franck Lodi<br \/>\n            Une adolescente de 14 ans a \u00e9t\u00e9 retrouv\u00e9e noy\u00e9e sous le viaduc de Gennevilliers. Des traces de coups ont \u00e9t\u00e9 constat\u00e9 sur son visage.&#13;<br \/>\n\tDeux adolescents de sa classe ont \u00e9t\u00e9 interpell\u00e9s dans la soir\u00e9e.\u00a0&#13;<br \/>\n\tUne enqu\u00eate pour homicide est ouverte et confi\u00e9e \u00e0 la police judiciaire de Cergy.&#13;<\/p>\n<p>Une adolescente de 14 ans a \u00e9t\u00e9 retrouv\u00e9e morte noy\u00e9e lundi soir \u00e0 Argenteuil, dans le Val d&rsquo;Oise, en contrebas du viaduc de Gennevilliers, a appris 20 Minutes de sources concordantes, confirmant une information d\u2019 &#13;<br \/>\nEurope 1. Deux \u00e9l\u00e8ves de sa classe\u00a0ont \u00e9t\u00e9 plac\u00e9s en garde \u00e0 vue, apr\u00e8s notamment le t\u00e9moignage de la m\u00e8re de l&rsquo;un d&rsquo;eux. 20 Minutes fait le point sur les premiers \u00e9l\u00e9ments de l&rsquo;enqu\u00eate.\u00a0<\/p>\n<p>19h30, une m\u00e8re de famille donne l&rsquo;alerte<\/p>\n<p>L\u2019alerte a \u00e9t\u00e9 donn\u00e9e\u00a0lundi en fin de journ\u00e9e\u00a0par la m\u00e8re du lyc\u00e9en plac\u00e9 en garde\u00a0:\u00a0vers 19h30, elle appelle la police pour expliquer que son fils de 15 ans et sa petite amie du m\u00eame \u00e2ge lui ont confi\u00e9, un peu plus t\u00f4t dans l&rsquo;apr\u00e8s-midi,\u00a0avoir frapp\u00e9 A., une \u00e9l\u00e8ve de leur classe sur le quai de Saint-Denis, sous le\u00a0viaduc de Gennevilliers. Selon leur r\u00e9cit, celle-ci serait alors\u00a0tomb\u00e9e dans la Seine et\u00a0probablement morte.<\/p>\n<p>Cette confession, explique-t-elle, a eu lieu vers 16h30, une heure environ apr\u00e8s leur retour. Elle les avait alors trouv\u00e9s tr\u00e8s agit\u00e9s et avait not\u00e9 la pr\u00e9sence de sang sur les v\u00eatements de son fils.\u00a0\u00ab\u00a0La m\u00e8re du mineur s\u2019est imm\u00e9diatement rendue sur place et a retrouv\u00e9 un gant avec une m\u00e8che de cheveux\u00a0\u00bb, pr\u00e9cise le parquet de Pontoise dans un communiqu\u00e9.\u00a0C&rsquo;est \u00e0 son retour qu&rsquo;elle avertit les autorit\u00e9s tout en pr\u00e9cisant que les deux adolescents ont disparu. En arrivant chez elle, les fonctionnaires d\u00e9couvrent un mouchoir ensanglant\u00e9 au pied de l&rsquo;immeuble et les v\u00eatements tach\u00e9s dans la chambre du lyc\u00e9en. Selon une source polici\u00e8re, la m\u00e8re de famille\u00a0aurait \u00e9galement pr\u00e9cis\u00e9 que le gant d\u00e9couvert sur le quai appartenait\u00a0\u00e0 la petite amie de son fils.\u00a0<\/p>\n<p>21 heures, le corps de la victime d\u00e9couvert, des traces de coups<\/p>\n<p>Une demi-heure plus tard, les parents\u00a0de la victime se pr\u00e9sente au commissariat d\u2019Argenteuil pour signaler la disparition de leur fille. Selon une source polici\u00e8re,sa m\u00e8re\u00a0explique que cette derni\u00e8re, scolaris\u00e9e au lyc\u00e9e Cognacq-Jay d\u2019Argenteuil, est r\u00e9guli\u00e8rement victime de harc\u00e8lement. Le parquet ne confirme pas cet \u00e9l\u00e9ment mais pr\u00e9cise que ses parents craignaient une fugue.\u00a0<\/p>\n<p>Son corps sera finalement retrouv\u00e9 vers 21 heures \u00e0 proximit\u00e9 du quai indiqu\u00e9 par les deux adolescents, immerg\u00e9 sous un m\u00e8tre d\u2019eau. Les fonctionnaires constatent \u00e9galement sur le quai la pr\u00e9sence d&rsquo;une importante t\u00e2che de sang. L\u2019autopsie doit permettre de pr\u00e9ciser les causes du d\u00e9c\u00e8s mais l&rsquo;examen du corps a d&rsquo;ores et d\u00e9j\u00e0 permis de relever la pr\u00e9sence de \u00abcoups au visage et \u00e0 la t\u00eate\u00bb, pr\u00e9cise le parquet.<\/p>\n<p>2 heures du matin, interpellation des principaux suspects<\/p>\n<p>Les deux adolescents ont \u00e9t\u00e9 localis\u00e9s chez un de leurs amis et interpell\u00e9s vers 2 heures du matin. Ils ont \u00e9t\u00e9\u00a0plac\u00e9s en garde \u00e0 vue. Une enqu\u00eate\u00a0a \u00e9t\u00e9 ouverte et les investigations confi\u00e9es \u00e0 la police judiciaire de Cergy afin de faire la lumi\u00e8re sur les circonstances du drame.\u00a0Les trois adolescents, pr\u00e9cise le parquet, \u00e9taient inconnus de la justice.<\/p>\n<p>            Une faute\u00a0?<\/p>\n<p>                2,5K<\/p>\n<p>            partages<\/p>\n<p>\n<!--noindex--><br \/>\n<a href=\"https:\/\/www.20minutes.fr\/societe\/2994239-20210309-argenteuil-adolescente-14-ans-retrouvee-morte-noyee-deux-lyceens-interpelles#xtor=RSS-149\" rel=\"nofollow\">Source link <\/a><br \/>\n<!--\/noindex--><\/p>\n","protected":false},"excerpt":{"rendered":"<p>Police Illustration. \u2014 Franck Lodi Une adolescente de 14 ans a \u00e9t\u00e9 retrouv\u00e9e noy\u00e9e sous le viaduc de Gennevilliers. Des traces de coups ont \u00e9t\u00e9 constat\u00e9 sur son visage.&#13; Deux adolescents de sa classe ont \u00e9t\u00e9 interpell\u00e9s dans la soir\u00e9e.\u00a0&#13; Une enqu\u00eate pour homicide est ouverte et confi\u00e9e \u00e0 la police judiciaire de Cergy.&#13; Une [&hellip;]<\/p>\n","protected":false},"author":1,"featured_media":989,"comment_status":"open","ping_status":"open","sticky":false,"template":"","format":"standard","meta":{"footnotes":""},"categories":[1],"tags":[],"class_list":["post-988","post","type-post","status-publish","format-standard","has-post-thumbnail","hentry","category-nouvelles"],"yoast_head":"<!-- This site is optimized with the Yoast SEO plugin v27.4 - https:\/\/yoast.com\/product\/yoast-seo-wordpress\/ -->\n<title>Une ado de 14 ans retrouv\u00e9e morte noy\u00e9e \u00e0 Argenteuil, chronologie d\u2019un drame - Favorite News<\/title>\n<meta name=\"robots\" content=\"index, follow, max-snippet:-1, max-image-preview:large, max-video-preview:-1\" \/>\n<link rel=\"canonical\" href=\"https:\/\/favorite-news.com\/fr\/une-ado-de-14-ans-retrouvee-morte-noyee-a-argenteuil-chronologie-dun-drame\/\" \/>\n<meta property=\"og:locale\" content=\"fr_FR\" \/>\n<meta property=\"og:type\" content=\"article\" \/>\n<meta property=\"og:title\" content=\"Une ado de 14 ans retrouv\u00e9e morte noy\u00e9e \u00e0 Argenteuil, chronologie d\u2019un drame - Favorite News\" \/>\n<meta property=\"og:description\" content=\"Police Illustration. \u2014 Franck Lodi Une adolescente de 14 ans a \u00e9t\u00e9 retrouv\u00e9e noy\u00e9e sous le viaduc de Gennevilliers. Des traces de coups ont \u00e9t\u00e9 constat\u00e9 sur son visage.&#013; Deux adolescents de sa classe ont \u00e9t\u00e9 interpell\u00e9s dans la soir\u00e9e.\u00a0&#013; Une enqu\u00eate pour homicide est ouverte et confi\u00e9e \u00e0 la police judiciaire de Cergy.&#013; Une [&hellip;]\" \/>\n<meta property=\"og:url\" content=\"https:\/\/favorite-news.com\/fr\/une-ado-de-14-ans-retrouvee-morte-noyee-a-argenteuil-chronologie-dun-drame\/\" \/>\n<meta property=\"og:site_name\" content=\"Favorite News\" \/>\n<meta property=\"article:published_time\" content=\"2021-03-09T11:29:18+00:00\" \/>\n<meta property=\"article:modified_time\" content=\"2021-03-09T11:29:21+00:00\" \/>\n<meta property=\"og:image\" content=\"https:\/\/favorite-news.com\/fr\/wp-content\/uploads\/sites\/12\/2021\/03\/Une-ado-de-14-ans-retrouvee-morte-noyee-a-Argenteuil.jpg\" \/>\n\t<meta property=\"og:image:width\" content=\"648\" \/>\n\t<meta property=\"og:image:height\" content=\"360\" \/>\n\t<meta property=\"og:image:type\" content=\"image\/jpeg\" \/>\n<meta name=\"author\" content=\"favorite-news\" \/>\n<meta name=\"twitter:card\" content=\"summary_large_image\" \/>\n<meta name=\"twitter:label1\" content=\"\u00c9crit par\" \/>\n\t<meta name=\"twitter:data1\" content=\"favorite-news\" \/>\n\t<meta name=\"twitter:label2\" content=\"Dur\u00e9e de lecture estim\u00e9e\" \/>\n\t<meta name=\"twitter:data2\" content=\"3 minutes\" \/>\n<script type=\"application\/ld+json\" class=\"yoast-schema-graph\">{\"@context\":\"https:\\\/\\\/schema.org\",\"@graph\":[{\"@type\":\"Article\",\"@id\":\"https:\\\/\\\/favorite-news.com\\\/fr\\\/une-ado-de-14-ans-retrouvee-morte-noyee-a-argenteuil-chronologie-dun-drame\\\/#article\",\"isPartOf\":{\"@id\":\"https:\\\/\\\/favorite-news.com\\\/fr\\\/une-ado-de-14-ans-retrouvee-morte-noyee-a-argenteuil-chronologie-dun-drame\\\/\"},\"author\":{\"name\":\"favorite-news\",\"@id\":\"https:\\\/\\\/favorite-news.com\\\/fr\\\/#\\\/schema\\\/person\\\/b66c4cfdd10a5bf16d7d5efda647111f\"},\"headline\":\"Une ado de 14 ans retrouv\u00e9e morte noy\u00e9e \u00e0 Argenteuil, chronologie d\u2019un drame\",\"datePublished\":\"2021-03-09T11:29:18+00:00\",\"dateModified\":\"2021-03-09T11:29:21+00:00\",\"mainEntityOfPage\":{\"@id\":\"https:\\\/\\\/favorite-news.com\\\/fr\\\/une-ado-de-14-ans-retrouvee-morte-noyee-a-argenteuil-chronologie-dun-drame\\\/\"},\"wordCount\":636,\"commentCount\":0,\"image\":{\"@id\":\"https:\\\/\\\/favorite-news.com\\\/fr\\\/une-ado-de-14-ans-retrouvee-morte-noyee-a-argenteuil-chronologie-dun-drame\\\/#primaryimage\"},\"thumbnailUrl\":\"https:\\\/\\\/favorite-news.com\\\/fr\\\/wp-content\\\/uploads\\\/sites\\\/12\\\/2021\\\/03\\\/Une-ado-de-14-ans-retrouvee-morte-noyee-a-Argenteuil.jpg\",\"articleSection\":[\"NOUVELLES\"],\"inLanguage\":\"fr-FR\",\"potentialAction\":[{\"@type\":\"CommentAction\",\"name\":\"Comment\",\"target\":[\"https:\\\/\\\/favorite-news.com\\\/fr\\\/une-ado-de-14-ans-retrouvee-morte-noyee-a-argenteuil-chronologie-dun-drame\\\/#respond\"]}]},{\"@type\":\"WebPage\",\"@id\":\"https:\\\/\\\/favorite-news.com\\\/fr\\\/une-ado-de-14-ans-retrouvee-morte-noyee-a-argenteuil-chronologie-dun-drame\\\/\",\"url\":\"https:\\\/\\\/favorite-news.com\\\/fr\\\/une-ado-de-14-ans-retrouvee-morte-noyee-a-argenteuil-chronologie-dun-drame\\\/\",\"name\":\"Une ado de 14 ans retrouv\u00e9e morte noy\u00e9e \u00e0 Argenteuil, chronologie d\u2019un drame - Favorite News\",\"isPartOf\":{\"@id\":\"https:\\\/\\\/favorite-news.com\\\/fr\\\/#website\"},\"primaryImageOfPage\":{\"@id\":\"https:\\\/\\\/favorite-news.com\\\/fr\\\/une-ado-de-14-ans-retrouvee-morte-noyee-a-argenteuil-chronologie-dun-drame\\\/#primaryimage\"},\"image\":{\"@id\":\"https:\\\/\\\/favorite-news.com\\\/fr\\\/une-ado-de-14-ans-retrouvee-morte-noyee-a-argenteuil-chronologie-dun-drame\\\/#primaryimage\"},\"thumbnailUrl\":\"https:\\\/\\\/favorite-news.com\\\/fr\\\/wp-content\\\/uploads\\\/sites\\\/12\\\/2021\\\/03\\\/Une-ado-de-14-ans-retrouvee-morte-noyee-a-Argenteuil.jpg\",\"datePublished\":\"2021-03-09T11:29:18+00:00\",\"dateModified\":\"2021-03-09T11:29:21+00:00\",\"author\":{\"@id\":\"https:\\\/\\\/favorite-news.com\\\/fr\\\/#\\\/schema\\\/person\\\/b66c4cfdd10a5bf16d7d5efda647111f\"},\"breadcrumb\":{\"@id\":\"https:\\\/\\\/favorite-news.com\\\/fr\\\/une-ado-de-14-ans-retrouvee-morte-noyee-a-argenteuil-chronologie-dun-drame\\\/#breadcrumb\"},\"inLanguage\":\"fr-FR\",\"potentialAction\":[{\"@type\":\"ReadAction\",\"target\":[\"https:\\\/\\\/favorite-news.com\\\/fr\\\/une-ado-de-14-ans-retrouvee-morte-noyee-a-argenteuil-chronologie-dun-drame\\\/\"]}]},{\"@type\":\"ImageObject\",\"inLanguage\":\"fr-FR\",\"@id\":\"https:\\\/\\\/favorite-news.com\\\/fr\\\/une-ado-de-14-ans-retrouvee-morte-noyee-a-argenteuil-chronologie-dun-drame\\\/#primaryimage\",\"url\":\"https:\\\/\\\/favorite-news.com\\\/fr\\\/wp-content\\\/uploads\\\/sites\\\/12\\\/2021\\\/03\\\/Une-ado-de-14-ans-retrouvee-morte-noyee-a-Argenteuil.jpg\",\"contentUrl\":\"https:\\\/\\\/favorite-news.com\\\/fr\\\/wp-content\\\/uploads\\\/sites\\\/12\\\/2021\\\/03\\\/Une-ado-de-14-ans-retrouvee-morte-noyee-a-Argenteuil.jpg\",\"width\":648,\"height\":360,\"caption\":\"Une ado de 14 ans retrouv\u00e9e morte noy\u00e9e \u00e0 Argenteuil, chronologie d\u2019un drame\"},{\"@type\":\"BreadcrumbList\",\"@id\":\"https:\\\/\\\/favorite-news.com\\\/fr\\\/une-ado-de-14-ans-retrouvee-morte-noyee-a-argenteuil-chronologie-dun-drame\\\/#breadcrumb\",\"itemListElement\":[{\"@type\":\"ListItem\",\"position\":1,\"name\":\"Home\",\"item\":\"https:\\\/\\\/favorite-news.com\\\/fr\\\/\"},{\"@type\":\"ListItem\",\"position\":2,\"name\":\"Une ado de 14 ans retrouv\u00e9e morte noy\u00e9e \u00e0 Argenteuil, chronologie d\u2019un drame\"}]},{\"@type\":\"WebSite\",\"@id\":\"https:\\\/\\\/favorite-news.com\\\/fr\\\/#website\",\"url\":\"https:\\\/\\\/favorite-news.com\\\/fr\\\/\",\"name\":\"Favorite News\",\"description\":\"Favorite News France\",\"potentialAction\":[{\"@type\":\"SearchAction\",\"target\":{\"@type\":\"EntryPoint\",\"urlTemplate\":\"https:\\\/\\\/favorite-news.com\\\/fr\\\/?s={search_term_string}\"},\"query-input\":{\"@type\":\"PropertyValueSpecification\",\"valueRequired\":true,\"valueName\":\"search_term_string\"}}],\"inLanguage\":\"fr-FR\"},{\"@type\":\"Person\",\"@id\":\"https:\\\/\\\/favorite-news.com\\\/fr\\\/#\\\/schema\\\/person\\\/b66c4cfdd10a5bf16d7d5efda647111f\",\"name\":\"favorite-news\",\"image\":{\"@type\":\"ImageObject\",\"inLanguage\":\"fr-FR\",\"@id\":\"https:\\\/\\\/secure.gravatar.com\\\/avatar\\\/f89959e01423a9ee3c2debbcf830eb021c575de0e1b3781ca3ae392b71c615a1?s=96&d=mm&r=g\",\"url\":\"https:\\\/\\\/secure.gravatar.com\\\/avatar\\\/f89959e01423a9ee3c2debbcf830eb021c575de0e1b3781ca3ae392b71c615a1?s=96&d=mm&r=g\",\"contentUrl\":\"https:\\\/\\\/secure.gravatar.com\\\/avatar\\\/f89959e01423a9ee3c2debbcf830eb021c575de0e1b3781ca3ae392b71c615a1?s=96&d=mm&r=g\",\"caption\":\"favorite-news\"},\"url\":\"https:\\\/\\\/favorite-news.com\\\/fr\\\/author\\\/ruby\\\/\"}]}<\/script>\n<!-- \/ Yoast SEO plugin. -->","yoast_head_json":{"title":"Une ado de 14 ans retrouv\u00e9e morte noy\u00e9e \u00e0 Argenteuil, chronologie d\u2019un drame - Favorite News","robots":{"index":"index","follow":"follow","max-snippet":"max-snippet:-1","max-image-preview":"max-image-preview:large","max-video-preview":"max-video-preview:-1"},"canonical":"https:\/\/favorite-news.com\/fr\/une-ado-de-14-ans-retrouvee-morte-noyee-a-argenteuil-chronologie-dun-drame\/","og_locale":"fr_FR","og_type":"article","og_title":"Une ado de 14 ans retrouv\u00e9e morte noy\u00e9e \u00e0 Argenteuil, chronologie d\u2019un drame - Favorite News","og_description":"Police Illustration. \u2014 Franck Lodi Une adolescente de 14 ans a \u00e9t\u00e9 retrouv\u00e9e noy\u00e9e sous le viaduc de Gennevilliers. Des traces de coups ont \u00e9t\u00e9 constat\u00e9 sur son visage.&#13; Deux adolescents de sa classe ont \u00e9t\u00e9 interpell\u00e9s dans la soir\u00e9e.\u00a0&#13; Une enqu\u00eate pour homicide est ouverte et confi\u00e9e \u00e0 la police judiciaire de Cergy.&#13; Une [&hellip;]","og_url":"https:\/\/favorite-news.com\/fr\/une-ado-de-14-ans-retrouvee-morte-noyee-a-argenteuil-chronologie-dun-drame\/","og_site_name":"Favorite News","article_published_time":"2021-03-09T11:29:18+00:00","article_modified_time":"2021-03-09T11:29:21+00:00","og_image":[{"width":648,"height":360,"url":"https:\/\/favorite-news.com\/fr\/wp-content\/uploads\/sites\/12\/2021\/03\/Une-ado-de-14-ans-retrouvee-morte-noyee-a-Argenteuil.jpg","type":"image\/jpeg"}],"author":"favorite-news","twitter_card":"summary_large_image","twitter_misc":{"\u00c9crit par":"favorite-news","Dur\u00e9e de lecture estim\u00e9e":"3 minutes"},"schema":{"@context":"https:\/\/schema.org","@graph":[{"@type":"Article","@id":"https:\/\/favorite-news.com\/fr\/une-ado-de-14-ans-retrouvee-morte-noyee-a-argenteuil-chronologie-dun-drame\/#article","isPartOf":{"@id":"https:\/\/favorite-news.com\/fr\/une-ado-de-14-ans-retrouvee-morte-noyee-a-argenteuil-chronologie-dun-drame\/"},"author":{"name":"favorite-news","@id":"https:\/\/favorite-news.com\/fr\/#\/schema\/person\/b66c4cfdd10a5bf16d7d5efda647111f"},"headline":"Une ado de 14 ans retrouv\u00e9e morte noy\u00e9e \u00e0 Argenteuil, chronologie d\u2019un drame","datePublished":"2021-03-09T11:29:18+00:00","dateModified":"2021-03-09T11:29:21+00:00","mainEntityOfPage":{"@id":"https:\/\/favorite-news.com\/fr\/une-ado-de-14-ans-retrouvee-morte-noyee-a-argenteuil-chronologie-dun-drame\/"},"wordCount":636,"commentCount":0,"image":{"@id":"https:\/\/favorite-news.com\/fr\/une-ado-de-14-ans-retrouvee-morte-noyee-a-argenteuil-chronologie-dun-drame\/#primaryimage"},"thumbnailUrl":"https:\/\/favorite-news.com\/fr\/wp-content\/uploads\/sites\/12\/2021\/03\/Une-ado-de-14-ans-retrouvee-morte-noyee-a-Argenteuil.jpg","articleSection":["NOUVELLES"],"inLanguage":"fr-FR","potentialAction":[{"@type":"CommentAction","name":"Comment","target":["https:\/\/favorite-news.com\/fr\/une-ado-de-14-ans-retrouvee-morte-noyee-a-argenteuil-chronologie-dun-drame\/#respond"]}]},{"@type":"WebPage","@id":"https:\/\/favorite-news.com\/fr\/une-ado-de-14-ans-retrouvee-morte-noyee-a-argenteuil-chronologie-dun-drame\/","url":"https:\/\/favorite-news.com\/fr\/une-ado-de-14-ans-retrouvee-morte-noyee-a-argenteuil-chronologie-dun-drame\/","name":"Une ado de 14 ans retrouv\u00e9e morte noy\u00e9e \u00e0 Argenteuil, chronologie d\u2019un drame - Favorite News","isPartOf":{"@id":"https:\/\/favorite-news.com\/fr\/#website"},"primaryImageOfPage":{"@id":"https:\/\/favorite-news.com\/fr\/une-ado-de-14-ans-retrouvee-morte-noyee-a-argenteuil-chronologie-dun-drame\/#primaryimage"},"image":{"@id":"https:\/\/favorite-news.com\/fr\/une-ado-de-14-ans-retrouvee-morte-noyee-a-argenteuil-chronologie-dun-drame\/#primaryimage"},"thumbnailUrl":"https:\/\/favorite-news.com\/fr\/wp-content\/uploads\/sites\/12\/2021\/03\/Une-ado-de-14-ans-retrouvee-morte-noyee-a-Argenteuil.jpg","datePublished":"2021-03-09T11:29:18+00:00","dateModified":"2021-03-09T11:29:21+00:00","author":{"@id":"https:\/\/favorite-news.com\/fr\/#\/schema\/person\/b66c4cfdd10a5bf16d7d5efda647111f"},"breadcrumb":{"@id":"https:\/\/favorite-news.com\/fr\/une-ado-de-14-ans-retrouvee-morte-noyee-a-argenteuil-chronologie-dun-drame\/#breadcrumb"},"inLanguage":"fr-FR","potentialAction":[{"@type":"ReadAction","target":["https:\/\/favorite-news.com\/fr\/une-ado-de-14-ans-retrouvee-morte-noyee-a-argenteuil-chronologie-dun-drame\/"]}]},{"@type":"ImageObject","inLanguage":"fr-FR","@id":"https:\/\/favorite-news.com\/fr\/une-ado-de-14-ans-retrouvee-morte-noyee-a-argenteuil-chronologie-dun-drame\/#primaryimage","url":"https:\/\/favorite-news.com\/fr\/wp-content\/uploads\/sites\/12\/2021\/03\/Une-ado-de-14-ans-retrouvee-morte-noyee-a-Argenteuil.jpg","contentUrl":"https:\/\/favorite-news.com\/fr\/wp-content\/uploads\/sites\/12\/2021\/03\/Une-ado-de-14-ans-retrouvee-morte-noyee-a-Argenteuil.jpg","width":648,"height":360,"caption":"Une ado de 14 ans retrouv\u00e9e morte noy\u00e9e \u00e0 Argenteuil, chronologie d\u2019un drame"},{"@type":"BreadcrumbList","@id":"https:\/\/favorite-news.com\/fr\/une-ado-de-14-ans-retrouvee-morte-noyee-a-argenteuil-chronologie-dun-drame\/#breadcrumb","itemListElement":[{"@type":"ListItem","position":1,"name":"Home","item":"https:\/\/favorite-news.com\/fr\/"},{"@type":"ListItem","position":2,"name":"Une ado de 14 ans retrouv\u00e9e morte noy\u00e9e \u00e0 Argenteuil, chronologie d\u2019un drame"}]},{"@type":"WebSite","@id":"https:\/\/favorite-news.com\/fr\/#website","url":"https:\/\/favorite-news.com\/fr\/","name":"Favorite News","description":"Favorite News France","potentialAction":[{"@type":"SearchAction","target":{"@type":"EntryPoint","urlTemplate":"https:\/\/favorite-news.com\/fr\/?s={search_term_string}"},"query-input":{"@type":"PropertyValueSpecification","valueRequired":true,"valueName":"search_term_string"}}],"inLanguage":"fr-FR"},{"@type":"Person","@id":"https:\/\/favorite-news.com\/fr\/#\/schema\/person\/b66c4cfdd10a5bf16d7d5efda647111f","name":"favorite-news","image":{"@type":"ImageObject","inLanguage":"fr-FR","@id":"https:\/\/secure.gravatar.com\/avatar\/f89959e01423a9ee3c2debbcf830eb021c575de0e1b3781ca3ae392b71c615a1?s=96&d=mm&r=g","url":"https:\/\/secure.gravatar.com\/avatar\/f89959e01423a9ee3c2debbcf830eb021c575de0e1b3781ca3ae392b71c615a1?s=96&d=mm&r=g","contentUrl":"https:\/\/secure.gravatar.com\/avatar\/f89959e01423a9ee3c2debbcf830eb021c575de0e1b3781ca3ae392b71c615a1?s=96&d=mm&r=g","caption":"favorite-news"},"url":"https:\/\/favorite-news.com\/fr\/author\/ruby\/"}]}},"_links":{"self":[{"href":"https:\/\/favorite-news.com\/fr\/wp-json\/wp\/v2\/posts\/988","targetHints":{"allow":["GET"]}}],"collection":[{"href":"https:\/\/favorite-news.com\/fr\/wp-json\/wp\/v2\/posts"}],"about":[{"href":"https:\/\/favorite-news.com\/fr\/wp-json\/wp\/v2\/types\/post"}],"author":[{"embeddable":true,"href":"https:\/\/favorite-news.com\/fr\/wp-json\/wp\/v2\/users\/1"}],"replies":[{"embeddable":true,"href":"https:\/\/favorite-news.com\/fr\/wp-json\/wp\/v2\/comments?post=988"}],"version-history":[{"count":1,"href":"https:\/\/favorite-news.com\/fr\/wp-json\/wp\/v2\/posts\/988\/revisions"}],"predecessor-version":[{"id":990,"href":"https:\/\/favorite-news.com\/fr\/wp-json\/wp\/v2\/posts\/988\/revisions\/990"}],"wp:featuredmedia":[{"embeddable":true,"href":"https:\/\/favorite-news.com\/fr\/wp-json\/wp\/v2\/media\/989"}],"wp:attachment":[{"href":"https:\/\/favorite-news.com\/fr\/wp-json\/wp\/v2\/media?parent=988"}],"wp:term":[{"taxonomy":"category","embeddable":true,"href":"https:\/\/favorite-news.com\/fr\/wp-json\/wp\/v2\/categories?post=988"},{"taxonomy":"post_tag","embeddable":true,"href":"https:\/\/favorite-news.com\/fr\/wp-json\/wp\/v2\/tags?post=988"}],"curies":[{"name":"wp","href":"https:\/\/api.w.org\/{rel}","templated":true}]}}