{"id":985,"date":"2021-03-09T05:56:18","date_gmt":"2021-03-09T05:56:18","guid":{"rendered":"https:\/\/favorite-news.com\/fr\/jean-castex-en-deplacement-dans-la-nievre-pour-debloquer-les-premiers-fonds\/"},"modified":"2021-03-09T05:56:21","modified_gmt":"2021-03-09T05:56:21","slug":"jean-castex-en-deplacement-dans-la-nievre-pour-debloquer-les-premiers-fonds","status":"publish","type":"post","link":"https:\/\/favorite-news.com\/fr\/jean-castex-en-deplacement-dans-la-nievre-pour-debloquer-les-premiers-fonds\/","title":{"rendered":"Jean Castex en d\u00e9placement dans la Ni\u00e8vre pour d\u00e9bloquer les premiers fonds"},"content":{"rendered":"<p>                Jean Castex et Olivier V\u00e9ran, \u00e0 Paris le 4 mars 2021. \u2014 ELIOT BLONDET-POOL\/SIPA<br \/>\n            Une partie de l\u2019enveloppe globale de 19\u00a0milliards d\u2019euros n\u00e9goci\u00e9e lors du S\u00e9gur de la Sant\u00e9 va commencer \u00e0 arriver. Jean Castex va d\u00e9bloquer mardi lors d\u2019un d\u00e9placement dans la Ni\u00e8vre les premiers investissements pour les h\u00f4pitaux et les Ehpad, a annonc\u00e9 lundi Matignon.<\/p>\n<p>Depuis Cosne-Cours-sur-Loire, ville qui doit b\u00e9n\u00e9ficier d\u2019environ 45\u00a0millions d\u2019euros pour r\u00e9nover son centre hospitalier v\u00e9tuste mais aussi un Ehpad et construire une maison de sant\u00e9, le Premier ministre marquera la deuxi\u00e8me \u00e9tape des accords de S\u00e9gur sign\u00e9s en juillet dernier et qui avaient abouti \u00e0 des revalorisations salariales pour les soignants, \u00e0 hauteur de 8,5\u00a0milliards d\u2019euros. Le deuxi\u00e8me pilier est donc ce plan d\u2019investissements de 19\u00a0milliards\u00a0:\u00a0une somme qui regroupe \u00e0 la fois de la reprise de dette hospitali\u00e8re (13\u00a0milliards) et des investissements pour des projets dits prioritaires (2,5\u00a0milliards), la transition num\u00e9rique (2\u00a0milliards) ou les Ehpad (1,5\u00a0milliard).<\/p>\n<p>Donner des gages<\/p>\n<p>Accompagn\u00e9 du ministre de la Sant\u00e9 Olivier V\u00e9ran, Jean Castex entend mettre un coup d\u2019acc\u00e9l\u00e9rateur, \u00e0 la fois pour donner des gages \u00e0 un syst\u00e8me toujours sous forte tension en raison de l\u2019\u00e9pid\u00e9mie de coronavirus, mais aussi pour saisir l\u2019opportunit\u00e9 du plan de relance et ses subsides venant de l\u2019Union europ\u00e9enne qui abondent ces investissements \u00e0 hauteur de 6\u00a0milliards.<\/p>\n<p>Le Premier ministre d\u00e9voilera donc mardi plusieurs enveloppes, selon ses services. L\u2019une de 650\u00a0millions d\u2019euros, d\u00e9l\u00e9gu\u00e9e aux Agences r\u00e9gionales de sant\u00e9 (ARS) \u00ab\u00a0est en cours d\u2019allocation\u00a0\u00bb\u00a0:\u00a0Jean Castex \u00ab\u00a0exposera la mani\u00e8re dont elle est r\u00e9partie et les projets qui voient le jour gr\u00e2ce \u00e0 elle\u00a0\u00bb, indique Matignon. Il annoncera \u00e9galement le d\u00e9blocage de 450\u00a0millions d\u2019euros pour les Ehpad, mais aussi le financement de projet, \u00ab\u00a0pour la plupart hospitalier\u00a0\u00bb, comme \u00e0 Cosne-sur-Loire, ou encore \u00e0 Caen (500\u00a0millions d\u2019euros).<\/p>\n<p>Autant de fonds en 2022 qu\u2019en 2021<\/p>\n<p>Au total, 3,3\u00a0milliards d\u2019euros doivent \u00eatre inject\u00e9s en 2021 et 3,2\u00a0milliards pour 2022, pr\u00e9cise-t-on au minist\u00e8re de la Sant\u00e9 o\u00f9 l\u2019on vante des \u00ab\u00a0montants sans commune mesure\u00a0\u00bb par rapport aux pr\u00e9c\u00e9dents plans. Le gouvernement vante \u00e9galement son \u00ab\u00a0changement de m\u00e9thode\u00a0\u00bb, par une \u00ab\u00a0d\u00e9concentration\u00a0\u00bb accrue de la d\u00e9cision pour tous les projets dont le montant est inf\u00e9rieur \u00e0 150\u00a0millions d\u2019euros.<\/p>\n<p>\n<!--noindex--><br \/>\n<a href=\"https:\/\/www.20minutes.fr\/sante\/2994207-20210309-segur-sante-jean-castex-deplacement-nievre-debloquer-premiers-fonds#xtor=RSS-149\" rel=\"nofollow\">Source link <\/a><br \/>\n<!--\/noindex--><\/p>\n","protected":false},"excerpt":{"rendered":"<p>Jean Castex et Olivier V\u00e9ran, \u00e0 Paris le 4 mars 2021. \u2014 ELIOT BLONDET-POOL\/SIPA Une partie de l\u2019enveloppe globale de 19\u00a0milliards d\u2019euros n\u00e9goci\u00e9e lors du S\u00e9gur de la Sant\u00e9 va commencer \u00e0 arriver. Jean Castex va d\u00e9bloquer mardi lors d\u2019un d\u00e9placement dans la Ni\u00e8vre les premiers investissements pour les h\u00f4pitaux et les Ehpad, a annonc\u00e9 [&hellip;]<\/p>\n","protected":false},"author":1,"featured_media":986,"comment_status":"open","ping_status":"open","sticky":false,"template":"","format":"standard","meta":{"footnotes":""},"categories":[1],"tags":[],"class_list":["post-985","post","type-post","status-publish","format-standard","has-post-thumbnail","hentry","category-nouvelles"],"yoast_head":"<!-- This site is optimized with the Yoast SEO plugin v27.4 - https:\/\/yoast.com\/product\/yoast-seo-wordpress\/ -->\n<title>Jean Castex en d\u00e9placement dans la Ni\u00e8vre pour d\u00e9bloquer les premiers fonds - Favorite News<\/title>\n<meta name=\"robots\" content=\"index, follow, max-snippet:-1, max-image-preview:large, max-video-preview:-1\" \/>\n<link rel=\"canonical\" href=\"https:\/\/favorite-news.com\/fr\/jean-castex-en-deplacement-dans-la-nievre-pour-debloquer-les-premiers-fonds\/\" \/>\n<meta property=\"og:locale\" content=\"fr_FR\" \/>\n<meta property=\"og:type\" content=\"article\" \/>\n<meta property=\"og:title\" content=\"Jean Castex en d\u00e9placement dans la Ni\u00e8vre pour d\u00e9bloquer les premiers fonds - Favorite News\" \/>\n<meta property=\"og:description\" content=\"Jean Castex et Olivier V\u00e9ran, \u00e0 Paris le 4 mars 2021. \u2014 ELIOT BLONDET-POOL\/SIPA Une partie de l\u2019enveloppe globale de 19\u00a0milliards d\u2019euros n\u00e9goci\u00e9e lors du S\u00e9gur de la Sant\u00e9 va commencer \u00e0 arriver. Jean Castex va d\u00e9bloquer mardi lors d\u2019un d\u00e9placement dans la Ni\u00e8vre les premiers investissements pour les h\u00f4pitaux et les Ehpad, a annonc\u00e9 [&hellip;]\" \/>\n<meta property=\"og:url\" content=\"https:\/\/favorite-news.com\/fr\/jean-castex-en-deplacement-dans-la-nievre-pour-debloquer-les-premiers-fonds\/\" \/>\n<meta property=\"og:site_name\" content=\"Favorite News\" \/>\n<meta property=\"article:published_time\" content=\"2021-03-09T05:56:18+00:00\" \/>\n<meta property=\"article:modified_time\" content=\"2021-03-09T05:56:21+00:00\" \/>\n<meta property=\"og:image\" content=\"https:\/\/favorite-news.com\/fr\/wp-content\/uploads\/sites\/12\/2021\/03\/Jean-Castex-en-deplacement-dans-la-Nievre-pour-debloquer-les.jpg\" \/>\n\t<meta property=\"og:image:width\" content=\"648\" \/>\n\t<meta property=\"og:image:height\" content=\"360\" \/>\n\t<meta property=\"og:image:type\" content=\"image\/jpeg\" \/>\n<meta name=\"author\" content=\"favorite-news\" \/>\n<meta name=\"twitter:card\" content=\"summary_large_image\" \/>\n<meta name=\"twitter:label1\" content=\"\u00c9crit par\" \/>\n\t<meta name=\"twitter:data1\" content=\"favorite-news\" \/>\n\t<meta name=\"twitter:label2\" content=\"Dur\u00e9e de lecture estim\u00e9e\" \/>\n\t<meta name=\"twitter:data2\" content=\"2 minutes\" \/>\n<script type=\"application\/ld+json\" class=\"yoast-schema-graph\">{\"@context\":\"https:\\\/\\\/schema.org\",\"@graph\":[{\"@type\":\"Article\",\"@id\":\"https:\\\/\\\/favorite-news.com\\\/fr\\\/jean-castex-en-deplacement-dans-la-nievre-pour-debloquer-les-premiers-fonds\\\/#article\",\"isPartOf\":{\"@id\":\"https:\\\/\\\/favorite-news.com\\\/fr\\\/jean-castex-en-deplacement-dans-la-nievre-pour-debloquer-les-premiers-fonds\\\/\"},\"author\":{\"name\":\"favorite-news\",\"@id\":\"https:\\\/\\\/favorite-news.com\\\/fr\\\/#\\\/schema\\\/person\\\/b66c4cfdd10a5bf16d7d5efda647111f\"},\"headline\":\"Jean Castex en d\u00e9placement dans la Ni\u00e8vre pour d\u00e9bloquer les premiers fonds\",\"datePublished\":\"2021-03-09T05:56:18+00:00\",\"dateModified\":\"2021-03-09T05:56:21+00:00\",\"mainEntityOfPage\":{\"@id\":\"https:\\\/\\\/favorite-news.com\\\/fr\\\/jean-castex-en-deplacement-dans-la-nievre-pour-debloquer-les-premiers-fonds\\\/\"},\"wordCount\":420,\"commentCount\":0,\"image\":{\"@id\":\"https:\\\/\\\/favorite-news.com\\\/fr\\\/jean-castex-en-deplacement-dans-la-nievre-pour-debloquer-les-premiers-fonds\\\/#primaryimage\"},\"thumbnailUrl\":\"https:\\\/\\\/favorite-news.com\\\/fr\\\/wp-content\\\/uploads\\\/sites\\\/12\\\/2021\\\/03\\\/Jean-Castex-en-deplacement-dans-la-Nievre-pour-debloquer-les.jpg\",\"articleSection\":[\"NOUVELLES\"],\"inLanguage\":\"fr-FR\",\"potentialAction\":[{\"@type\":\"CommentAction\",\"name\":\"Comment\",\"target\":[\"https:\\\/\\\/favorite-news.com\\\/fr\\\/jean-castex-en-deplacement-dans-la-nievre-pour-debloquer-les-premiers-fonds\\\/#respond\"]}]},{\"@type\":\"WebPage\",\"@id\":\"https:\\\/\\\/favorite-news.com\\\/fr\\\/jean-castex-en-deplacement-dans-la-nievre-pour-debloquer-les-premiers-fonds\\\/\",\"url\":\"https:\\\/\\\/favorite-news.com\\\/fr\\\/jean-castex-en-deplacement-dans-la-nievre-pour-debloquer-les-premiers-fonds\\\/\",\"name\":\"Jean Castex en d\u00e9placement dans la Ni\u00e8vre pour d\u00e9bloquer les premiers fonds - Favorite News\",\"isPartOf\":{\"@id\":\"https:\\\/\\\/favorite-news.com\\\/fr\\\/#website\"},\"primaryImageOfPage\":{\"@id\":\"https:\\\/\\\/favorite-news.com\\\/fr\\\/jean-castex-en-deplacement-dans-la-nievre-pour-debloquer-les-premiers-fonds\\\/#primaryimage\"},\"image\":{\"@id\":\"https:\\\/\\\/favorite-news.com\\\/fr\\\/jean-castex-en-deplacement-dans-la-nievre-pour-debloquer-les-premiers-fonds\\\/#primaryimage\"},\"thumbnailUrl\":\"https:\\\/\\\/favorite-news.com\\\/fr\\\/wp-content\\\/uploads\\\/sites\\\/12\\\/2021\\\/03\\\/Jean-Castex-en-deplacement-dans-la-Nievre-pour-debloquer-les.jpg\",\"datePublished\":\"2021-03-09T05:56:18+00:00\",\"dateModified\":\"2021-03-09T05:56:21+00:00\",\"author\":{\"@id\":\"https:\\\/\\\/favorite-news.com\\\/fr\\\/#\\\/schema\\\/person\\\/b66c4cfdd10a5bf16d7d5efda647111f\"},\"breadcrumb\":{\"@id\":\"https:\\\/\\\/favorite-news.com\\\/fr\\\/jean-castex-en-deplacement-dans-la-nievre-pour-debloquer-les-premiers-fonds\\\/#breadcrumb\"},\"inLanguage\":\"fr-FR\",\"potentialAction\":[{\"@type\":\"ReadAction\",\"target\":[\"https:\\\/\\\/favorite-news.com\\\/fr\\\/jean-castex-en-deplacement-dans-la-nievre-pour-debloquer-les-premiers-fonds\\\/\"]}]},{\"@type\":\"ImageObject\",\"inLanguage\":\"fr-FR\",\"@id\":\"https:\\\/\\\/favorite-news.com\\\/fr\\\/jean-castex-en-deplacement-dans-la-nievre-pour-debloquer-les-premiers-fonds\\\/#primaryimage\",\"url\":\"https:\\\/\\\/favorite-news.com\\\/fr\\\/wp-content\\\/uploads\\\/sites\\\/12\\\/2021\\\/03\\\/Jean-Castex-en-deplacement-dans-la-Nievre-pour-debloquer-les.jpg\",\"contentUrl\":\"https:\\\/\\\/favorite-news.com\\\/fr\\\/wp-content\\\/uploads\\\/sites\\\/12\\\/2021\\\/03\\\/Jean-Castex-en-deplacement-dans-la-Nievre-pour-debloquer-les.jpg\",\"width\":648,\"height\":360,\"caption\":\"Jean Castex en d\u00e9placement dans la Ni\u00e8vre pour d\u00e9bloquer les premiers fonds\"},{\"@type\":\"BreadcrumbList\",\"@id\":\"https:\\\/\\\/favorite-news.com\\\/fr\\\/jean-castex-en-deplacement-dans-la-nievre-pour-debloquer-les-premiers-fonds\\\/#breadcrumb\",\"itemListElement\":[{\"@type\":\"ListItem\",\"position\":1,\"name\":\"Home\",\"item\":\"https:\\\/\\\/favorite-news.com\\\/fr\\\/\"},{\"@type\":\"ListItem\",\"position\":2,\"name\":\"Jean Castex en d\u00e9placement dans la Ni\u00e8vre pour d\u00e9bloquer les premiers fonds\"}]},{\"@type\":\"WebSite\",\"@id\":\"https:\\\/\\\/favorite-news.com\\\/fr\\\/#website\",\"url\":\"https:\\\/\\\/favorite-news.com\\\/fr\\\/\",\"name\":\"Favorite News\",\"description\":\"Favorite News France\",\"potentialAction\":[{\"@type\":\"SearchAction\",\"target\":{\"@type\":\"EntryPoint\",\"urlTemplate\":\"https:\\\/\\\/favorite-news.com\\\/fr\\\/?s={search_term_string}\"},\"query-input\":{\"@type\":\"PropertyValueSpecification\",\"valueRequired\":true,\"valueName\":\"search_term_string\"}}],\"inLanguage\":\"fr-FR\"},{\"@type\":\"Person\",\"@id\":\"https:\\\/\\\/favorite-news.com\\\/fr\\\/#\\\/schema\\\/person\\\/b66c4cfdd10a5bf16d7d5efda647111f\",\"name\":\"favorite-news\",\"image\":{\"@type\":\"ImageObject\",\"inLanguage\":\"fr-FR\",\"@id\":\"https:\\\/\\\/secure.gravatar.com\\\/avatar\\\/f89959e01423a9ee3c2debbcf830eb021c575de0e1b3781ca3ae392b71c615a1?s=96&d=mm&r=g\",\"url\":\"https:\\\/\\\/secure.gravatar.com\\\/avatar\\\/f89959e01423a9ee3c2debbcf830eb021c575de0e1b3781ca3ae392b71c615a1?s=96&d=mm&r=g\",\"contentUrl\":\"https:\\\/\\\/secure.gravatar.com\\\/avatar\\\/f89959e01423a9ee3c2debbcf830eb021c575de0e1b3781ca3ae392b71c615a1?s=96&d=mm&r=g\",\"caption\":\"favorite-news\"},\"url\":\"https:\\\/\\\/favorite-news.com\\\/fr\\\/author\\\/ruby\\\/\"}]}<\/script>\n<!-- \/ Yoast SEO plugin. -->","yoast_head_json":{"title":"Jean Castex en d\u00e9placement dans la Ni\u00e8vre pour d\u00e9bloquer les premiers fonds - Favorite News","robots":{"index":"index","follow":"follow","max-snippet":"max-snippet:-1","max-image-preview":"max-image-preview:large","max-video-preview":"max-video-preview:-1"},"canonical":"https:\/\/favorite-news.com\/fr\/jean-castex-en-deplacement-dans-la-nievre-pour-debloquer-les-premiers-fonds\/","og_locale":"fr_FR","og_type":"article","og_title":"Jean Castex en d\u00e9placement dans la Ni\u00e8vre pour d\u00e9bloquer les premiers fonds - Favorite News","og_description":"Jean Castex et Olivier V\u00e9ran, \u00e0 Paris le 4 mars 2021. \u2014 ELIOT BLONDET-POOL\/SIPA Une partie de l\u2019enveloppe globale de 19\u00a0milliards d\u2019euros n\u00e9goci\u00e9e lors du S\u00e9gur de la Sant\u00e9 va commencer \u00e0 arriver. Jean Castex va d\u00e9bloquer mardi lors d\u2019un d\u00e9placement dans la Ni\u00e8vre les premiers investissements pour les h\u00f4pitaux et les Ehpad, a annonc\u00e9 [&hellip;]","og_url":"https:\/\/favorite-news.com\/fr\/jean-castex-en-deplacement-dans-la-nievre-pour-debloquer-les-premiers-fonds\/","og_site_name":"Favorite News","article_published_time":"2021-03-09T05:56:18+00:00","article_modified_time":"2021-03-09T05:56:21+00:00","og_image":[{"width":648,"height":360,"url":"https:\/\/favorite-news.com\/fr\/wp-content\/uploads\/sites\/12\/2021\/03\/Jean-Castex-en-deplacement-dans-la-Nievre-pour-debloquer-les.jpg","type":"image\/jpeg"}],"author":"favorite-news","twitter_card":"summary_large_image","twitter_misc":{"\u00c9crit par":"favorite-news","Dur\u00e9e de lecture estim\u00e9e":"2 minutes"},"schema":{"@context":"https:\/\/schema.org","@graph":[{"@type":"Article","@id":"https:\/\/favorite-news.com\/fr\/jean-castex-en-deplacement-dans-la-nievre-pour-debloquer-les-premiers-fonds\/#article","isPartOf":{"@id":"https:\/\/favorite-news.com\/fr\/jean-castex-en-deplacement-dans-la-nievre-pour-debloquer-les-premiers-fonds\/"},"author":{"name":"favorite-news","@id":"https:\/\/favorite-news.com\/fr\/#\/schema\/person\/b66c4cfdd10a5bf16d7d5efda647111f"},"headline":"Jean Castex en d\u00e9placement dans la Ni\u00e8vre pour d\u00e9bloquer les premiers fonds","datePublished":"2021-03-09T05:56:18+00:00","dateModified":"2021-03-09T05:56:21+00:00","mainEntityOfPage":{"@id":"https:\/\/favorite-news.com\/fr\/jean-castex-en-deplacement-dans-la-nievre-pour-debloquer-les-premiers-fonds\/"},"wordCount":420,"commentCount":0,"image":{"@id":"https:\/\/favorite-news.com\/fr\/jean-castex-en-deplacement-dans-la-nievre-pour-debloquer-les-premiers-fonds\/#primaryimage"},"thumbnailUrl":"https:\/\/favorite-news.com\/fr\/wp-content\/uploads\/sites\/12\/2021\/03\/Jean-Castex-en-deplacement-dans-la-Nievre-pour-debloquer-les.jpg","articleSection":["NOUVELLES"],"inLanguage":"fr-FR","potentialAction":[{"@type":"CommentAction","name":"Comment","target":["https:\/\/favorite-news.com\/fr\/jean-castex-en-deplacement-dans-la-nievre-pour-debloquer-les-premiers-fonds\/#respond"]}]},{"@type":"WebPage","@id":"https:\/\/favorite-news.com\/fr\/jean-castex-en-deplacement-dans-la-nievre-pour-debloquer-les-premiers-fonds\/","url":"https:\/\/favorite-news.com\/fr\/jean-castex-en-deplacement-dans-la-nievre-pour-debloquer-les-premiers-fonds\/","name":"Jean Castex en d\u00e9placement dans la Ni\u00e8vre pour d\u00e9bloquer les premiers fonds - Favorite News","isPartOf":{"@id":"https:\/\/favorite-news.com\/fr\/#website"},"primaryImageOfPage":{"@id":"https:\/\/favorite-news.com\/fr\/jean-castex-en-deplacement-dans-la-nievre-pour-debloquer-les-premiers-fonds\/#primaryimage"},"image":{"@id":"https:\/\/favorite-news.com\/fr\/jean-castex-en-deplacement-dans-la-nievre-pour-debloquer-les-premiers-fonds\/#primaryimage"},"thumbnailUrl":"https:\/\/favorite-news.com\/fr\/wp-content\/uploads\/sites\/12\/2021\/03\/Jean-Castex-en-deplacement-dans-la-Nievre-pour-debloquer-les.jpg","datePublished":"2021-03-09T05:56:18+00:00","dateModified":"2021-03-09T05:56:21+00:00","author":{"@id":"https:\/\/favorite-news.com\/fr\/#\/schema\/person\/b66c4cfdd10a5bf16d7d5efda647111f"},"breadcrumb":{"@id":"https:\/\/favorite-news.com\/fr\/jean-castex-en-deplacement-dans-la-nievre-pour-debloquer-les-premiers-fonds\/#breadcrumb"},"inLanguage":"fr-FR","potentialAction":[{"@type":"ReadAction","target":["https:\/\/favorite-news.com\/fr\/jean-castex-en-deplacement-dans-la-nievre-pour-debloquer-les-premiers-fonds\/"]}]},{"@type":"ImageObject","inLanguage":"fr-FR","@id":"https:\/\/favorite-news.com\/fr\/jean-castex-en-deplacement-dans-la-nievre-pour-debloquer-les-premiers-fonds\/#primaryimage","url":"https:\/\/favorite-news.com\/fr\/wp-content\/uploads\/sites\/12\/2021\/03\/Jean-Castex-en-deplacement-dans-la-Nievre-pour-debloquer-les.jpg","contentUrl":"https:\/\/favorite-news.com\/fr\/wp-content\/uploads\/sites\/12\/2021\/03\/Jean-Castex-en-deplacement-dans-la-Nievre-pour-debloquer-les.jpg","width":648,"height":360,"caption":"Jean Castex en d\u00e9placement dans la Ni\u00e8vre pour d\u00e9bloquer les premiers fonds"},{"@type":"BreadcrumbList","@id":"https:\/\/favorite-news.com\/fr\/jean-castex-en-deplacement-dans-la-nievre-pour-debloquer-les-premiers-fonds\/#breadcrumb","itemListElement":[{"@type":"ListItem","position":1,"name":"Home","item":"https:\/\/favorite-news.com\/fr\/"},{"@type":"ListItem","position":2,"name":"Jean Castex en d\u00e9placement dans la Ni\u00e8vre pour d\u00e9bloquer les premiers fonds"}]},{"@type":"WebSite","@id":"https:\/\/favorite-news.com\/fr\/#website","url":"https:\/\/favorite-news.com\/fr\/","name":"Favorite News","description":"Favorite News France","potentialAction":[{"@type":"SearchAction","target":{"@type":"EntryPoint","urlTemplate":"https:\/\/favorite-news.com\/fr\/?s={search_term_string}"},"query-input":{"@type":"PropertyValueSpecification","valueRequired":true,"valueName":"search_term_string"}}],"inLanguage":"fr-FR"},{"@type":"Person","@id":"https:\/\/favorite-news.com\/fr\/#\/schema\/person\/b66c4cfdd10a5bf16d7d5efda647111f","name":"favorite-news","image":{"@type":"ImageObject","inLanguage":"fr-FR","@id":"https:\/\/secure.gravatar.com\/avatar\/f89959e01423a9ee3c2debbcf830eb021c575de0e1b3781ca3ae392b71c615a1?s=96&d=mm&r=g","url":"https:\/\/secure.gravatar.com\/avatar\/f89959e01423a9ee3c2debbcf830eb021c575de0e1b3781ca3ae392b71c615a1?s=96&d=mm&r=g","contentUrl":"https:\/\/secure.gravatar.com\/avatar\/f89959e01423a9ee3c2debbcf830eb021c575de0e1b3781ca3ae392b71c615a1?s=96&d=mm&r=g","caption":"favorite-news"},"url":"https:\/\/favorite-news.com\/fr\/author\/ruby\/"}]}},"_links":{"self":[{"href":"https:\/\/favorite-news.com\/fr\/wp-json\/wp\/v2\/posts\/985","targetHints":{"allow":["GET"]}}],"collection":[{"href":"https:\/\/favorite-news.com\/fr\/wp-json\/wp\/v2\/posts"}],"about":[{"href":"https:\/\/favorite-news.com\/fr\/wp-json\/wp\/v2\/types\/post"}],"author":[{"embeddable":true,"href":"https:\/\/favorite-news.com\/fr\/wp-json\/wp\/v2\/users\/1"}],"replies":[{"embeddable":true,"href":"https:\/\/favorite-news.com\/fr\/wp-json\/wp\/v2\/comments?post=985"}],"version-history":[{"count":1,"href":"https:\/\/favorite-news.com\/fr\/wp-json\/wp\/v2\/posts\/985\/revisions"}],"predecessor-version":[{"id":987,"href":"https:\/\/favorite-news.com\/fr\/wp-json\/wp\/v2\/posts\/985\/revisions\/987"}],"wp:featuredmedia":[{"embeddable":true,"href":"https:\/\/favorite-news.com\/fr\/wp-json\/wp\/v2\/media\/986"}],"wp:attachment":[{"href":"https:\/\/favorite-news.com\/fr\/wp-json\/wp\/v2\/media?parent=985"}],"wp:term":[{"taxonomy":"category","embeddable":true,"href":"https:\/\/favorite-news.com\/fr\/wp-json\/wp\/v2\/categories?post=985"},{"taxonomy":"post_tag","embeddable":true,"href":"https:\/\/favorite-news.com\/fr\/wp-json\/wp\/v2\/tags?post=985"}],"curies":[{"name":"wp","href":"https:\/\/api.w.org\/{rel}","templated":true}]}}