{"id":982,"date":"2021-03-09T00:11:34","date_gmt":"2021-03-09T00:11:34","guid":{"rendered":"https:\/\/favorite-news.com\/fr\/elisabeth-moreno-veut-davantage-de-femmes-parmi-les-conseillers-de-macron-qui-admet-qu-il-y-a-encore-du-boulot\/"},"modified":"2021-03-09T00:11:38","modified_gmt":"2021-03-09T00:11:38","slug":"elisabeth-moreno-veut-davantage-de-femmes-parmi-les-conseillers-de-macron-qui-admet-qu-il-y-a-encore-du-boulot","status":"publish","type":"post","link":"https:\/\/favorite-news.com\/fr\/elisabeth-moreno-veut-davantage-de-femmes-parmi-les-conseillers-de-macron-qui-admet-qu-il-y-a-encore-du-boulot\/","title":{"rendered":"Elisabeth Moreno veut davantage de femmes parmi les conseillers de Macron, qui admet qu&rsquo;\u00ab\u00a0il y a encore du boulot\u00a0\u00bb"},"content":{"rendered":"<p>                Elisabeth Moreno, ministre d\u00e9l\u00e9gu\u00e9e charg\u00e9e de l&rsquo;Egalit\u00e9 hommes femmes \u2014 Ludovic Marin\/AP\/SIPA<br \/>\n            La ministre d\u00e9l\u00e9gu\u00e9e charg\u00e9e de l\u2019Egalit\u00e9 femmes-hommes, &#13;<br \/>\nElisabeth\u00a0Moreno, a indiqu\u00e9 qu\u2019elle avait reproch\u00e9 \u00e0 &#13;<br \/>\nEmmanuel Macron de ne pas donner \u00ab\u00a0l\u2019exemple\u00a0\u00bb en n\u2019ayant \u00e0 ses c\u00f4t\u00e9s qu\u2019une seule femme parmi ses plus proches conseillers, ce dimanche lors du Grand jury RTL \u2013 LCI \u2013 Le Figaro.<\/p>\n<p>La liste du premier cercle des membres du cabinet du pr\u00e9sident de la R\u00e9publique, consultable sur le site de l\u2019Elys\u00e9e, compte 13 noms, 12 hommes et 1 femme, la cheffe de cabinet adjointe C\u00e9cile Geneste.<\/p>\n<p>51\u00a0% de femmes au gouvernement, d\u00e9fend-elle<\/p>\n<p>Comme on lui demandait, en citant ces chiffres, si les dirigeants politiques ne devaient pas \u00eatre exemplaires sur ce sujet, Elisabeth\u00a0Moreno\u00a0a r\u00e9pondu\u00a0:\u00a0\u00ab\u00a0Bah oui. Si on pr\u00eache quelque chose d\u2019aussi important, il faut donner l\u2019exemple, et nous en avons discut\u00e9. Je lui ai dit\u00a0:\u00a0\u00ab\u00a0Monsieur le Pr\u00e9sident, vous ne donnez pas l\u2019exemple\u00a0\u00bb\u00a0\u00bb, pr\u00e9cisant dans un sourire qu\u2019elle pr\u00e9f\u00e9rait garder la r\u00e9ponse d\u2019Emmanuel Macron pour elle.<\/p>\n<p>En marge d\u2019une rencontre avec des entrepreneures, ce dernier a toutefois d\u00e9voil\u00e9 une partie de sa r\u00e9ponse puisqu\u2019il a affirm\u00e9 qu&rsquo;\u00ab\u00a0il y a encore du boulot\u00a0\u00bb pour f\u00e9miniser les cabinets gouvernementaux, peu apr\u00e8s l\u2019interview d\u2019Elisabeth Moreno. \u00ab\u00a0Aucun mouvement politique n\u2019a mis autant de femmes d\u00e9put\u00e9es\u00a0\u00bb et \u00ab\u00a0le groupe majoritaire est quasi paritaire\u00a0\u00bb, s\u2019est toutefois d\u00e9fendu le chef de l\u2019Etat.<\/p>\n<p>\u00ab\u00a0Les nominations qu\u2019on fait, dans les postes de pr\u00e9fets, d\u2019ambassadeurs, on est largement \u00e0 nos chiffres\u00a0\u00bb mais \u00ab\u00a0on doit encore f\u00e9miniser les cabinets, le vivier de hauts commissaires dans l\u2019administration\u00a0\u00bb, et ce \u00ab\u00a0exactement comme on le demande aux entreprises\u00a0\u00bb, a-t-il ajout\u00e9. \u00ab\u00a0Je me f\u00e9licite d\u2019avoir r\u00e9ussi des choses\u00a0\u00bb, a-t-il ajout\u00e9. Mais \u00ab\u00a0si on le demande aux entreprises il faut l\u2019appliquer nous-m\u00eames\u00a0\u00bb, a-t-il pr\u00e9cis\u00e9, estimant qu&rsquo;\u00ab\u00a0il y a encore du boulot\u00a0\u00bb.<\/p>\n<p>            Une faute\u00a0?<\/p>\n<p>                167<\/p>\n<p>            partages<\/p>\n<p>\n<!--noindex--><br \/>\n<a href=\"https:\/\/www.20minutes.fr\/politique\/2993947-20210308-egalite-assez-femmes-proches-conseillers-macron-selon-elisabeth-moreno#xtor=RSS-149\" rel=\"nofollow\">Source link <\/a><br \/>\n<!--\/noindex--><\/p>\n","protected":false},"excerpt":{"rendered":"<p>Elisabeth Moreno, ministre d\u00e9l\u00e9gu\u00e9e charg\u00e9e de l&rsquo;Egalit\u00e9 hommes femmes \u2014 Ludovic Marin\/AP\/SIPA La ministre d\u00e9l\u00e9gu\u00e9e charg\u00e9e de l\u2019Egalit\u00e9 femmes-hommes, &#13; Elisabeth\u00a0Moreno, a indiqu\u00e9 qu\u2019elle avait reproch\u00e9 \u00e0 &#13; Emmanuel Macron de ne pas donner \u00ab\u00a0l\u2019exemple\u00a0\u00bb en n\u2019ayant \u00e0 ses c\u00f4t\u00e9s qu\u2019une seule femme parmi ses plus proches conseillers, ce dimanche lors du Grand jury RTL [&hellip;]<\/p>\n","protected":false},"author":1,"featured_media":983,"comment_status":"open","ping_status":"open","sticky":false,"template":"","format":"standard","meta":{"footnotes":""},"categories":[1],"tags":[],"class_list":["post-982","post","type-post","status-publish","format-standard","has-post-thumbnail","hentry","category-nouvelles"],"yoast_head":"<!-- This site is optimized with the Yoast SEO plugin v27.4 - https:\/\/yoast.com\/product\/yoast-seo-wordpress\/ -->\n<title>Elisabeth Moreno veut davantage de femmes parmi les conseillers de Macron, qui admet qu&#039;\u00ab\u00a0il y a encore du boulot\u00a0\u00bb - Favorite News<\/title>\n<meta name=\"robots\" content=\"index, follow, max-snippet:-1, max-image-preview:large, max-video-preview:-1\" \/>\n<link rel=\"canonical\" href=\"https:\/\/favorite-news.com\/fr\/elisabeth-moreno-veut-davantage-de-femmes-parmi-les-conseillers-de-macron-qui-admet-qu-il-y-a-encore-du-boulot\/\" \/>\n<meta property=\"og:locale\" content=\"fr_FR\" \/>\n<meta property=\"og:type\" content=\"article\" \/>\n<meta property=\"og:title\" content=\"Elisabeth Moreno veut davantage de femmes parmi les conseillers de Macron, qui admet qu&#039;\u00ab\u00a0il y a encore du boulot\u00a0\u00bb - Favorite News\" \/>\n<meta property=\"og:description\" content=\"Elisabeth Moreno, ministre d\u00e9l\u00e9gu\u00e9e charg\u00e9e de l&rsquo;Egalit\u00e9 hommes femmes \u2014 Ludovic Marin\/AP\/SIPA La ministre d\u00e9l\u00e9gu\u00e9e charg\u00e9e de l\u2019Egalit\u00e9 femmes-hommes, &#013; Elisabeth\u00a0Moreno, a indiqu\u00e9 qu\u2019elle avait reproch\u00e9 \u00e0 &#013; Emmanuel Macron de ne pas donner \u00ab\u00a0l\u2019exemple\u00a0\u00bb en n\u2019ayant \u00e0 ses c\u00f4t\u00e9s qu\u2019une seule femme parmi ses plus proches conseillers, ce dimanche lors du Grand jury RTL [&hellip;]\" \/>\n<meta property=\"og:url\" content=\"https:\/\/favorite-news.com\/fr\/elisabeth-moreno-veut-davantage-de-femmes-parmi-les-conseillers-de-macron-qui-admet-qu-il-y-a-encore-du-boulot\/\" \/>\n<meta property=\"og:site_name\" content=\"Favorite News\" \/>\n<meta property=\"article:published_time\" content=\"2021-03-09T00:11:34+00:00\" \/>\n<meta property=\"article:modified_time\" content=\"2021-03-09T00:11:38+00:00\" \/>\n<meta property=\"og:image\" content=\"https:\/\/favorite-news.com\/fr\/wp-content\/uploads\/sites\/12\/2021\/03\/Elisabeth-Moreno-veut-davantage-de-femmes-parmi-les-conseillers-de.jpg\" \/>\n\t<meta property=\"og:image:width\" content=\"648\" \/>\n\t<meta property=\"og:image:height\" content=\"360\" \/>\n\t<meta property=\"og:image:type\" content=\"image\/jpeg\" \/>\n<meta name=\"author\" content=\"favorite-news\" \/>\n<meta name=\"twitter:card\" content=\"summary_large_image\" \/>\n<meta name=\"twitter:label1\" content=\"\u00c9crit par\" \/>\n\t<meta name=\"twitter:data1\" content=\"favorite-news\" \/>\n\t<meta name=\"twitter:label2\" content=\"Dur\u00e9e de lecture estim\u00e9e\" \/>\n\t<meta name=\"twitter:data2\" content=\"2 minutes\" \/>\n<script type=\"application\/ld+json\" class=\"yoast-schema-graph\">{\"@context\":\"https:\\\/\\\/schema.org\",\"@graph\":[{\"@type\":\"Article\",\"@id\":\"https:\\\/\\\/favorite-news.com\\\/fr\\\/elisabeth-moreno-veut-davantage-de-femmes-parmi-les-conseillers-de-macron-qui-admet-qu-il-y-a-encore-du-boulot\\\/#article\",\"isPartOf\":{\"@id\":\"https:\\\/\\\/favorite-news.com\\\/fr\\\/elisabeth-moreno-veut-davantage-de-femmes-parmi-les-conseillers-de-macron-qui-admet-qu-il-y-a-encore-du-boulot\\\/\"},\"author\":{\"name\":\"favorite-news\",\"@id\":\"https:\\\/\\\/favorite-news.com\\\/fr\\\/#\\\/schema\\\/person\\\/b66c4cfdd10a5bf16d7d5efda647111f\"},\"headline\":\"Elisabeth Moreno veut davantage de femmes parmi les conseillers de Macron, qui admet qu&rsquo;\u00ab\u00a0il y a encore du boulot\u00a0\u00bb\",\"datePublished\":\"2021-03-09T00:11:34+00:00\",\"dateModified\":\"2021-03-09T00:11:38+00:00\",\"mainEntityOfPage\":{\"@id\":\"https:\\\/\\\/favorite-news.com\\\/fr\\\/elisabeth-moreno-veut-davantage-de-femmes-parmi-les-conseillers-de-macron-qui-admet-qu-il-y-a-encore-du-boulot\\\/\"},\"wordCount\":374,\"commentCount\":0,\"image\":{\"@id\":\"https:\\\/\\\/favorite-news.com\\\/fr\\\/elisabeth-moreno-veut-davantage-de-femmes-parmi-les-conseillers-de-macron-qui-admet-qu-il-y-a-encore-du-boulot\\\/#primaryimage\"},\"thumbnailUrl\":\"https:\\\/\\\/favorite-news.com\\\/fr\\\/wp-content\\\/uploads\\\/sites\\\/12\\\/2021\\\/03\\\/Elisabeth-Moreno-veut-davantage-de-femmes-parmi-les-conseillers-de.jpg\",\"articleSection\":[\"NOUVELLES\"],\"inLanguage\":\"fr-FR\",\"potentialAction\":[{\"@type\":\"CommentAction\",\"name\":\"Comment\",\"target\":[\"https:\\\/\\\/favorite-news.com\\\/fr\\\/elisabeth-moreno-veut-davantage-de-femmes-parmi-les-conseillers-de-macron-qui-admet-qu-il-y-a-encore-du-boulot\\\/#respond\"]}]},{\"@type\":\"WebPage\",\"@id\":\"https:\\\/\\\/favorite-news.com\\\/fr\\\/elisabeth-moreno-veut-davantage-de-femmes-parmi-les-conseillers-de-macron-qui-admet-qu-il-y-a-encore-du-boulot\\\/\",\"url\":\"https:\\\/\\\/favorite-news.com\\\/fr\\\/elisabeth-moreno-veut-davantage-de-femmes-parmi-les-conseillers-de-macron-qui-admet-qu-il-y-a-encore-du-boulot\\\/\",\"name\":\"Elisabeth Moreno veut davantage de femmes parmi les conseillers de Macron, qui admet qu'\u00ab\u00a0il y a encore du boulot\u00a0\u00bb - Favorite News\",\"isPartOf\":{\"@id\":\"https:\\\/\\\/favorite-news.com\\\/fr\\\/#website\"},\"primaryImageOfPage\":{\"@id\":\"https:\\\/\\\/favorite-news.com\\\/fr\\\/elisabeth-moreno-veut-davantage-de-femmes-parmi-les-conseillers-de-macron-qui-admet-qu-il-y-a-encore-du-boulot\\\/#primaryimage\"},\"image\":{\"@id\":\"https:\\\/\\\/favorite-news.com\\\/fr\\\/elisabeth-moreno-veut-davantage-de-femmes-parmi-les-conseillers-de-macron-qui-admet-qu-il-y-a-encore-du-boulot\\\/#primaryimage\"},\"thumbnailUrl\":\"https:\\\/\\\/favorite-news.com\\\/fr\\\/wp-content\\\/uploads\\\/sites\\\/12\\\/2021\\\/03\\\/Elisabeth-Moreno-veut-davantage-de-femmes-parmi-les-conseillers-de.jpg\",\"datePublished\":\"2021-03-09T00:11:34+00:00\",\"dateModified\":\"2021-03-09T00:11:38+00:00\",\"author\":{\"@id\":\"https:\\\/\\\/favorite-news.com\\\/fr\\\/#\\\/schema\\\/person\\\/b66c4cfdd10a5bf16d7d5efda647111f\"},\"breadcrumb\":{\"@id\":\"https:\\\/\\\/favorite-news.com\\\/fr\\\/elisabeth-moreno-veut-davantage-de-femmes-parmi-les-conseillers-de-macron-qui-admet-qu-il-y-a-encore-du-boulot\\\/#breadcrumb\"},\"inLanguage\":\"fr-FR\",\"potentialAction\":[{\"@type\":\"ReadAction\",\"target\":[\"https:\\\/\\\/favorite-news.com\\\/fr\\\/elisabeth-moreno-veut-davantage-de-femmes-parmi-les-conseillers-de-macron-qui-admet-qu-il-y-a-encore-du-boulot\\\/\"]}]},{\"@type\":\"ImageObject\",\"inLanguage\":\"fr-FR\",\"@id\":\"https:\\\/\\\/favorite-news.com\\\/fr\\\/elisabeth-moreno-veut-davantage-de-femmes-parmi-les-conseillers-de-macron-qui-admet-qu-il-y-a-encore-du-boulot\\\/#primaryimage\",\"url\":\"https:\\\/\\\/favorite-news.com\\\/fr\\\/wp-content\\\/uploads\\\/sites\\\/12\\\/2021\\\/03\\\/Elisabeth-Moreno-veut-davantage-de-femmes-parmi-les-conseillers-de.jpg\",\"contentUrl\":\"https:\\\/\\\/favorite-news.com\\\/fr\\\/wp-content\\\/uploads\\\/sites\\\/12\\\/2021\\\/03\\\/Elisabeth-Moreno-veut-davantage-de-femmes-parmi-les-conseillers-de.jpg\",\"width\":648,\"height\":360,\"caption\":\"Elisabeth Moreno veut davantage de femmes parmi les conseillers de Macron, qui admet qu'\u00ab\u00a0il y a encore du boulot\u00a0\u00bb\"},{\"@type\":\"BreadcrumbList\",\"@id\":\"https:\\\/\\\/favorite-news.com\\\/fr\\\/elisabeth-moreno-veut-davantage-de-femmes-parmi-les-conseillers-de-macron-qui-admet-qu-il-y-a-encore-du-boulot\\\/#breadcrumb\",\"itemListElement\":[{\"@type\":\"ListItem\",\"position\":1,\"name\":\"Home\",\"item\":\"https:\\\/\\\/favorite-news.com\\\/fr\\\/\"},{\"@type\":\"ListItem\",\"position\":2,\"name\":\"Elisabeth Moreno veut davantage de femmes parmi les conseillers de Macron, qui admet qu&rsquo;\u00ab\u00a0il y a encore du boulot\u00a0\u00bb\"}]},{\"@type\":\"WebSite\",\"@id\":\"https:\\\/\\\/favorite-news.com\\\/fr\\\/#website\",\"url\":\"https:\\\/\\\/favorite-news.com\\\/fr\\\/\",\"name\":\"Favorite News\",\"description\":\"Favorite News France\",\"potentialAction\":[{\"@type\":\"SearchAction\",\"target\":{\"@type\":\"EntryPoint\",\"urlTemplate\":\"https:\\\/\\\/favorite-news.com\\\/fr\\\/?s={search_term_string}\"},\"query-input\":{\"@type\":\"PropertyValueSpecification\",\"valueRequired\":true,\"valueName\":\"search_term_string\"}}],\"inLanguage\":\"fr-FR\"},{\"@type\":\"Person\",\"@id\":\"https:\\\/\\\/favorite-news.com\\\/fr\\\/#\\\/schema\\\/person\\\/b66c4cfdd10a5bf16d7d5efda647111f\",\"name\":\"favorite-news\",\"image\":{\"@type\":\"ImageObject\",\"inLanguage\":\"fr-FR\",\"@id\":\"https:\\\/\\\/secure.gravatar.com\\\/avatar\\\/f89959e01423a9ee3c2debbcf830eb021c575de0e1b3781ca3ae392b71c615a1?s=96&d=mm&r=g\",\"url\":\"https:\\\/\\\/secure.gravatar.com\\\/avatar\\\/f89959e01423a9ee3c2debbcf830eb021c575de0e1b3781ca3ae392b71c615a1?s=96&d=mm&r=g\",\"contentUrl\":\"https:\\\/\\\/secure.gravatar.com\\\/avatar\\\/f89959e01423a9ee3c2debbcf830eb021c575de0e1b3781ca3ae392b71c615a1?s=96&d=mm&r=g\",\"caption\":\"favorite-news\"},\"url\":\"https:\\\/\\\/favorite-news.com\\\/fr\\\/author\\\/ruby\\\/\"}]}<\/script>\n<!-- \/ Yoast SEO plugin. -->","yoast_head_json":{"title":"Elisabeth Moreno veut davantage de femmes parmi les conseillers de Macron, qui admet qu'\u00ab\u00a0il y a encore du boulot\u00a0\u00bb - Favorite News","robots":{"index":"index","follow":"follow","max-snippet":"max-snippet:-1","max-image-preview":"max-image-preview:large","max-video-preview":"max-video-preview:-1"},"canonical":"https:\/\/favorite-news.com\/fr\/elisabeth-moreno-veut-davantage-de-femmes-parmi-les-conseillers-de-macron-qui-admet-qu-il-y-a-encore-du-boulot\/","og_locale":"fr_FR","og_type":"article","og_title":"Elisabeth Moreno veut davantage de femmes parmi les conseillers de Macron, qui admet qu'\u00ab\u00a0il y a encore du boulot\u00a0\u00bb - Favorite News","og_description":"Elisabeth Moreno, ministre d\u00e9l\u00e9gu\u00e9e charg\u00e9e de l&rsquo;Egalit\u00e9 hommes femmes \u2014 Ludovic Marin\/AP\/SIPA La ministre d\u00e9l\u00e9gu\u00e9e charg\u00e9e de l\u2019Egalit\u00e9 femmes-hommes, &#13; Elisabeth\u00a0Moreno, a indiqu\u00e9 qu\u2019elle avait reproch\u00e9 \u00e0 &#13; Emmanuel Macron de ne pas donner \u00ab\u00a0l\u2019exemple\u00a0\u00bb en n\u2019ayant \u00e0 ses c\u00f4t\u00e9s qu\u2019une seule femme parmi ses plus proches conseillers, ce dimanche lors du Grand jury RTL [&hellip;]","og_url":"https:\/\/favorite-news.com\/fr\/elisabeth-moreno-veut-davantage-de-femmes-parmi-les-conseillers-de-macron-qui-admet-qu-il-y-a-encore-du-boulot\/","og_site_name":"Favorite News","article_published_time":"2021-03-09T00:11:34+00:00","article_modified_time":"2021-03-09T00:11:38+00:00","og_image":[{"width":648,"height":360,"url":"https:\/\/favorite-news.com\/fr\/wp-content\/uploads\/sites\/12\/2021\/03\/Elisabeth-Moreno-veut-davantage-de-femmes-parmi-les-conseillers-de.jpg","type":"image\/jpeg"}],"author":"favorite-news","twitter_card":"summary_large_image","twitter_misc":{"\u00c9crit par":"favorite-news","Dur\u00e9e de lecture estim\u00e9e":"2 minutes"},"schema":{"@context":"https:\/\/schema.org","@graph":[{"@type":"Article","@id":"https:\/\/favorite-news.com\/fr\/elisabeth-moreno-veut-davantage-de-femmes-parmi-les-conseillers-de-macron-qui-admet-qu-il-y-a-encore-du-boulot\/#article","isPartOf":{"@id":"https:\/\/favorite-news.com\/fr\/elisabeth-moreno-veut-davantage-de-femmes-parmi-les-conseillers-de-macron-qui-admet-qu-il-y-a-encore-du-boulot\/"},"author":{"name":"favorite-news","@id":"https:\/\/favorite-news.com\/fr\/#\/schema\/person\/b66c4cfdd10a5bf16d7d5efda647111f"},"headline":"Elisabeth Moreno veut davantage de femmes parmi les conseillers de Macron, qui admet qu&rsquo;\u00ab\u00a0il y a encore du boulot\u00a0\u00bb","datePublished":"2021-03-09T00:11:34+00:00","dateModified":"2021-03-09T00:11:38+00:00","mainEntityOfPage":{"@id":"https:\/\/favorite-news.com\/fr\/elisabeth-moreno-veut-davantage-de-femmes-parmi-les-conseillers-de-macron-qui-admet-qu-il-y-a-encore-du-boulot\/"},"wordCount":374,"commentCount":0,"image":{"@id":"https:\/\/favorite-news.com\/fr\/elisabeth-moreno-veut-davantage-de-femmes-parmi-les-conseillers-de-macron-qui-admet-qu-il-y-a-encore-du-boulot\/#primaryimage"},"thumbnailUrl":"https:\/\/favorite-news.com\/fr\/wp-content\/uploads\/sites\/12\/2021\/03\/Elisabeth-Moreno-veut-davantage-de-femmes-parmi-les-conseillers-de.jpg","articleSection":["NOUVELLES"],"inLanguage":"fr-FR","potentialAction":[{"@type":"CommentAction","name":"Comment","target":["https:\/\/favorite-news.com\/fr\/elisabeth-moreno-veut-davantage-de-femmes-parmi-les-conseillers-de-macron-qui-admet-qu-il-y-a-encore-du-boulot\/#respond"]}]},{"@type":"WebPage","@id":"https:\/\/favorite-news.com\/fr\/elisabeth-moreno-veut-davantage-de-femmes-parmi-les-conseillers-de-macron-qui-admet-qu-il-y-a-encore-du-boulot\/","url":"https:\/\/favorite-news.com\/fr\/elisabeth-moreno-veut-davantage-de-femmes-parmi-les-conseillers-de-macron-qui-admet-qu-il-y-a-encore-du-boulot\/","name":"Elisabeth Moreno veut davantage de femmes parmi les conseillers de Macron, qui admet qu'\u00ab\u00a0il y a encore du boulot\u00a0\u00bb - Favorite News","isPartOf":{"@id":"https:\/\/favorite-news.com\/fr\/#website"},"primaryImageOfPage":{"@id":"https:\/\/favorite-news.com\/fr\/elisabeth-moreno-veut-davantage-de-femmes-parmi-les-conseillers-de-macron-qui-admet-qu-il-y-a-encore-du-boulot\/#primaryimage"},"image":{"@id":"https:\/\/favorite-news.com\/fr\/elisabeth-moreno-veut-davantage-de-femmes-parmi-les-conseillers-de-macron-qui-admet-qu-il-y-a-encore-du-boulot\/#primaryimage"},"thumbnailUrl":"https:\/\/favorite-news.com\/fr\/wp-content\/uploads\/sites\/12\/2021\/03\/Elisabeth-Moreno-veut-davantage-de-femmes-parmi-les-conseillers-de.jpg","datePublished":"2021-03-09T00:11:34+00:00","dateModified":"2021-03-09T00:11:38+00:00","author":{"@id":"https:\/\/favorite-news.com\/fr\/#\/schema\/person\/b66c4cfdd10a5bf16d7d5efda647111f"},"breadcrumb":{"@id":"https:\/\/favorite-news.com\/fr\/elisabeth-moreno-veut-davantage-de-femmes-parmi-les-conseillers-de-macron-qui-admet-qu-il-y-a-encore-du-boulot\/#breadcrumb"},"inLanguage":"fr-FR","potentialAction":[{"@type":"ReadAction","target":["https:\/\/favorite-news.com\/fr\/elisabeth-moreno-veut-davantage-de-femmes-parmi-les-conseillers-de-macron-qui-admet-qu-il-y-a-encore-du-boulot\/"]}]},{"@type":"ImageObject","inLanguage":"fr-FR","@id":"https:\/\/favorite-news.com\/fr\/elisabeth-moreno-veut-davantage-de-femmes-parmi-les-conseillers-de-macron-qui-admet-qu-il-y-a-encore-du-boulot\/#primaryimage","url":"https:\/\/favorite-news.com\/fr\/wp-content\/uploads\/sites\/12\/2021\/03\/Elisabeth-Moreno-veut-davantage-de-femmes-parmi-les-conseillers-de.jpg","contentUrl":"https:\/\/favorite-news.com\/fr\/wp-content\/uploads\/sites\/12\/2021\/03\/Elisabeth-Moreno-veut-davantage-de-femmes-parmi-les-conseillers-de.jpg","width":648,"height":360,"caption":"Elisabeth Moreno veut davantage de femmes parmi les conseillers de Macron, qui admet qu'\u00ab\u00a0il y a encore du boulot\u00a0\u00bb"},{"@type":"BreadcrumbList","@id":"https:\/\/favorite-news.com\/fr\/elisabeth-moreno-veut-davantage-de-femmes-parmi-les-conseillers-de-macron-qui-admet-qu-il-y-a-encore-du-boulot\/#breadcrumb","itemListElement":[{"@type":"ListItem","position":1,"name":"Home","item":"https:\/\/favorite-news.com\/fr\/"},{"@type":"ListItem","position":2,"name":"Elisabeth Moreno veut davantage de femmes parmi les conseillers de Macron, qui admet qu&rsquo;\u00ab\u00a0il y a encore du boulot\u00a0\u00bb"}]},{"@type":"WebSite","@id":"https:\/\/favorite-news.com\/fr\/#website","url":"https:\/\/favorite-news.com\/fr\/","name":"Favorite News","description":"Favorite News France","potentialAction":[{"@type":"SearchAction","target":{"@type":"EntryPoint","urlTemplate":"https:\/\/favorite-news.com\/fr\/?s={search_term_string}"},"query-input":{"@type":"PropertyValueSpecification","valueRequired":true,"valueName":"search_term_string"}}],"inLanguage":"fr-FR"},{"@type":"Person","@id":"https:\/\/favorite-news.com\/fr\/#\/schema\/person\/b66c4cfdd10a5bf16d7d5efda647111f","name":"favorite-news","image":{"@type":"ImageObject","inLanguage":"fr-FR","@id":"https:\/\/secure.gravatar.com\/avatar\/f89959e01423a9ee3c2debbcf830eb021c575de0e1b3781ca3ae392b71c615a1?s=96&d=mm&r=g","url":"https:\/\/secure.gravatar.com\/avatar\/f89959e01423a9ee3c2debbcf830eb021c575de0e1b3781ca3ae392b71c615a1?s=96&d=mm&r=g","contentUrl":"https:\/\/secure.gravatar.com\/avatar\/f89959e01423a9ee3c2debbcf830eb021c575de0e1b3781ca3ae392b71c615a1?s=96&d=mm&r=g","caption":"favorite-news"},"url":"https:\/\/favorite-news.com\/fr\/author\/ruby\/"}]}},"_links":{"self":[{"href":"https:\/\/favorite-news.com\/fr\/wp-json\/wp\/v2\/posts\/982","targetHints":{"allow":["GET"]}}],"collection":[{"href":"https:\/\/favorite-news.com\/fr\/wp-json\/wp\/v2\/posts"}],"about":[{"href":"https:\/\/favorite-news.com\/fr\/wp-json\/wp\/v2\/types\/post"}],"author":[{"embeddable":true,"href":"https:\/\/favorite-news.com\/fr\/wp-json\/wp\/v2\/users\/1"}],"replies":[{"embeddable":true,"href":"https:\/\/favorite-news.com\/fr\/wp-json\/wp\/v2\/comments?post=982"}],"version-history":[{"count":1,"href":"https:\/\/favorite-news.com\/fr\/wp-json\/wp\/v2\/posts\/982\/revisions"}],"predecessor-version":[{"id":984,"href":"https:\/\/favorite-news.com\/fr\/wp-json\/wp\/v2\/posts\/982\/revisions\/984"}],"wp:featuredmedia":[{"embeddable":true,"href":"https:\/\/favorite-news.com\/fr\/wp-json\/wp\/v2\/media\/983"}],"wp:attachment":[{"href":"https:\/\/favorite-news.com\/fr\/wp-json\/wp\/v2\/media?parent=982"}],"wp:term":[{"taxonomy":"category","embeddable":true,"href":"https:\/\/favorite-news.com\/fr\/wp-json\/wp\/v2\/categories?post=982"},{"taxonomy":"post_tag","embeddable":true,"href":"https:\/\/favorite-news.com\/fr\/wp-json\/wp\/v2\/tags?post=982"}],"curies":[{"name":"wp","href":"https:\/\/api.w.org\/{rel}","templated":true}]}}