{"id":976,"date":"2021-03-08T18:29:59","date_gmt":"2021-03-08T18:29:59","guid":{"rendered":"https:\/\/favorite-news.com\/fr\/a-la-manif-du-8-mars-mathilde-sophie-victoire-et-des-milliers-dautres-defilent-pour-mettre-au-chaudron-le-patriarcat\/"},"modified":"2021-03-18T12:33:47","modified_gmt":"2021-03-18T12:33:47","slug":"a-la-manif-du-8-mars-mathilde-sophie-victoire-et-des-milliers-dautres-defilent-pour-mettre-au-chaudron-le-patriarcat","status":"publish","type":"post","link":"https:\/\/favorite-news.com\/fr\/a-la-manif-du-8-mars-mathilde-sophie-victoire-et-des-milliers-dautres-defilent-pour-mettre-au-chaudron-le-patriarcat\/","title":{"rendered":"A la manif du 8\u00a0mars, Mathilde, Sophie, Victoire et des milliers d\u2019autres d\u00e9filent pour mettre \u00ab\u00a0au chaudron le patriarcat\u00a0\u00bb"},"content":{"rendered":"<p>Une pancarte lors de la manifestation f\u00e9ministe du 8 mars 2021. \u2014 Aude Lorriaux<br \/>\nDes milliers de personnes ont d\u00e9fil\u00e9 ce 8\u00a0mars entre Port Royal et R\u00e9publique, \u00e0 Paris, pour les droits des femmes.<br \/>\nLe ministre de l\u2019Int\u00e9rieur G\u00e9rald Darmanin \u00e9tait est sur de nombreuses pancartes cette ann\u00e9e, avec l\u2019ancienne star du JT de TF1, Patrick Poivre d\u2019Arvor, le cin\u00e9aste Roman Polanski ou encore le constitutionnaliste Olivier Duhamel, tous les quatre \u00e9tant accus\u00e9s de viol.<br \/>\n20 Minutes a rencontr\u00e9 dans le cort\u00e8ge Mathilde, ex-salari\u00e9e de chez McDonald\u2019s, Sophie, qui se d\u00e9crit comme une \u00ab\u00a0f\u00e9ministe intersectionnelle\u00a0\u00bb et Victoire, sage-femme dans une maternit\u00e9 \u00e0 Saint-Denis.<\/p>\n<p>Elles \u00e9taient des milliers \u00e0 s\u2019\u00eatre donn\u00e9es rendez-vous \u00e0 Port Royal\u00a0pour manifester pour les droits des femmes et l\u2019\u00e9galit\u00e9. Une mar\u00e9e violette et color\u00e9e a envahi ce 8\u00a0mars les rues de Paris, sous un soleil bienvenu par temps froid. Le cort\u00e8ge a marqu\u00e9 des arr\u00eats devant des endroits symboliques des revendications f\u00e9ministes\u00a0:\u00a0palais de justice pour protester contre le traitement des violences sexuelles, place du Ch\u00e2telet pour soutenir les intermittentes, h\u00f4pital Cochin pour soutenir les soignantes.<\/p>\n<p>C\u2019est l\u00e0 que nous avons rencontr\u00e9 Mathilde, 21 ans, ancienne salari\u00e9e de McDonald\u2019s o\u00f9 elle a v\u00e9cu du harc\u00e8lement sexuel et du sexisme, et porte-parole du collectif McDroits, qui a obtenu en octobre le droit pour les employ\u00e9es de pouvoir travailler en pantalon, et pas obligatoirement en jupe. \u00ab\u00a0Dans certains restaurants, les femmes sont encore oblig\u00e9es de porter des jupes. On re\u00e7oit encore des t\u00e9moignages. C\u2019est l\u2019id\u00e9e que les h\u00f4tesses sont disponibles sexuellement. On leur donne aussi des t-shirts trop petits afin que \u00e7a les moule, ou des chemises trop petites pour qu\u2019on puisse voir leurs seins \u00e0 travers le b\u00e2illement\u00a0\u00bb affirme Mathilde, au ch\u00f4mage apr\u00e8s avoir \u00e9t\u00e9 licenci\u00e9e par McDo pour avoir fait gr\u00e8ve, dit-elle.<\/p>\n<p>Mathilde, du collectif McDroits. &#8211; Aude Lorriaux \/ 20 MinutesSage-femme, une \u00ab\u00a0profession m\u00e9pris\u00e9e\u00a0\u00bb<\/p>\n<p>Le cort\u00e8ge avance doucement boulevard Saint-Michel, et les pancartes s\u2019\u00e9gr\u00e8nent\u00a0:\u00a0\u00ab\u00a0L\u2019\u00e9galit\u00e9 professionnelle maintenant\u00a0!\u00a0\u00bb, r\u00e9clame l\u2019une, \u00ab\u00a0Droits des femmes, pas \u00ab\u00a0Journ\u00e9e de la femme\u00a0\u00bb, se moque l\u2019autre, \u00ab\u00a0au chaudron, le patriarcat\u00a0\u00bb, tente une troisi\u00e8me, dans un style tr\u00e8s \u00ab\u00a0sorci\u00e8re\u00a0\u00bb. C\u2019est \u00e0 cet endroit qu\u2019on rencontre Victoire, 27 ans, sage-femme dans une grosse maternit\u00e9 \u00e0 Saint-Denis, qui dit voir au quotidien des femmes souffrir de violences et de pr\u00e9carit\u00e9.<\/p>\n<p>\u00ab\u00a0J\u2019ai d\u00e9couvert ce qu\u2019\u00e9tait l\u2019excision sur le terrain. Des femmes qu\u2019on ne peut m\u00eame pas examiner car elles ont subi trop de violences. Mais aujourd\u2019hui on se mobilise aussi parce qu\u2019on consid\u00e8re qu\u2019on est une profession m\u00e9pris\u00e9e par le gouvernement. Notre statut m\u00e9dical n\u2019est pas reconnu. On nous demande d\u2019en faire de plus en plus pour un salaire d\u00e9risoire\u00a0:\u00a01.700 euros net apr\u00e8s 5 ans d\u2019\u00e9tude et une premi\u00e8re ann\u00e9e d\u2019\u00e9tude de m\u00e9decine\u00a0\u00bb, explique-t-elle. Et de conclure, d\u00e9pit\u00e9e\u00a0:\u00a0\u00ab\u00a0On est des femmes qui s\u2019occupent des femmes, c\u2019est pour \u00e7a qu\u2019on n\u2019est pas \u00e9cout\u00e9es\u00a0\u00bb.<\/p>\n<p>Victoire, sage-femme. &#8211; Aude Lorriaux \/ 20 Minutes\u00ab\u00a0Moins de Darmanin, plus de G\u00e9nie lesbien\u00a0\u00bb<\/p>\n<p>Sur le chemin, les Rosies offrent des pauses musicales et chor\u00e9graphiques avec\u00a0leurs reprises f\u00e9ministes. \u00ab\u00a0On s\u2019aime, on s\u2019casse on stoppe le pa-tri-arcat\u00a0\u00bb chantent-elles sur un air des Village People. Le camion de la CGT crache du Ang\u00e8le, \u00ab\u00a0Balance ton quoi\u00a0\u00bb, que les militantes r\u00e9p\u00e8tent en ch\u0153ur. Plus loin, le ton du groupe de Collages lesbiens est moins enfantin\u00a0:\u00a0\u00ab\u00a0Et toutes les gouines d\u00e9testent la Police\u00a0\u00bb, crient-elles. L\u2019arriv\u00e9e au palais de Justice transforme les slogans. La foule crie \u00ab\u00a0Justice pour Julie\u00a0\u00bb, en r\u00e9f\u00e9rence \u00e0 cette ado de 14 ans qui accuse plusieurs pompiers de viol, et \u00ab\u00a0violeur \u00e0 toi d\u2019avoir peur\u00a0\u00bb. \u00c9galement \u00ab\u00a0Darmanin d\u00e9mission\u00a0\u00bb.<\/p>\n<p>Le ministre de l\u2019Int\u00e9rieur est sur de nombreuses pancartes cette ann\u00e9e. \u00ab\u00a0Moins de Darmanin, plus de G\u00e9nie lesbien\u00a0\u00bb, demande une affiche, en r\u00e9f\u00e9rence au livre d\u2019Alice Coffin, \u00e9lue EELV \u00e0 la mairie de Paris. Plus loin, devant le palais de Justice, des militantes ont coll\u00e9 une photo de sa t\u00eate, qu\u2019elles font passer derri\u00e8re une pancarte ajour\u00e9e en forme de prison. G\u00e9rald Darmanin, accus\u00e9 par Sophie Patterson-Spatz de viol, harc\u00e8lement sexuel et abus de confiance, se dispute la vedette avec l\u2019ancienne star du JT de TF1, Patrick Poivre d\u2019Arvor, le cin\u00e9aste Roman Polanski ou encore le constitutionnaliste Olivier Duhamel, tous trois \u00e9galement accus\u00e9s de viol.<\/p>\n<p>Arriv\u00e9 devant le palais de justice la foule crie \u00ab\u00a0Justice pour Julie\u00a0\u00bb, \u00ab\u00a0violeur \u00e0 toi d\u2019avoir peur\u00a0\u00bb et \u00ab\u00a0Darmanin d\u00e9mission\u00a0\u00bb. Un portait du ministre de l\u2019Interieur brandi sous des barreaux fictifs, avec aussi PPDA Duhamel Polanski&#8230; #8mars pic.twitter.com\/KPBU6JtGRj\u2014 Aude Lorriaux (@audelorriaux) March 8, 2021<\/p>\n<p>\u00ab\u00a0N\u00e9ant total sur le cong\u00e9 maternit\u00e9\u00a0\u00bb des intermittentes<\/p>\n<p>Sur l\u2019une de ces pancartes est \u00e9crit un message qui interpelle\u00a0:\u00a0\u00ab\u00a0Tout le monde conna\u00eet une victime, personne ne conna\u00eet un violeur\u00a0\u00bb. C\u2019est celle de Sophie, tout juste dipl\u00f4m\u00e9e \u00e0 26 ans. Elle se d\u00e9finit comme une \u00ab\u00a0f\u00e9ministe intersectionnelle\u200b\u00a0\u00bb qui a subi des violences \u00e0 la fois \u00ab\u00a0racistes, sexistes et lgbtqiphobes\u00a0\u00bb. Elle est l\u00e0 pour se battre pour \u00ab\u00a0un monde plus juste pour les femmes et minorit\u00e9s de genre\u00a0\u00bb.<\/p>\n<p>Sophie, f\u00e9ministe intersectionnelle. &#8211; Aude Lorriaux \/ 20 MinutesLe cort\u00e8ge avance encore et arrive \u00e0 pr\u00e9sent au th\u00e9\u00e2tre du Ch\u00e2telet, o\u00f9 les manifestants et manifestantes se d\u00e9lectent de quelques notes de concert, si rares en ces temps de crise sanitaire. Les musiciennes jouent un Ragtime de Scott Joplin, qui d\u00e9clenche des sourires et ouvre les oreilles de l\u2019auditoire. Juste assez pour \u00e9couter le message de Claire Serre-Combe, de la CGT spectacles, qui s\u2019inqui\u00e8te d\u2019un \u00ab\u00a0spectacle vivant qui ne vit plus\u00a0\u00bb et d\u2019un \u00ab\u00a0n\u00e9ant total sur le cong\u00e9 maternit\u00e9\u00a0\u00bb pour les femmes intermittentes. \u00ab\u00a0Quand vous ne pouvez pas travailler vous ne pouvez pas faire les heures qui ouvrent vos droits au cong\u00e9 maternit\u00e9\u00a0\u00bb, pointe-t-elle \u00e0 l\u2019adresse du gouvernement.<\/p>\n<p>Deux heures plus tard, la place de la R\u00e9publique \u00e9tait remplie\u00a0et les organisatrices annon\u00e7aient plus de 30.000 personnes \u00e0 Paris.<\/p>\n<p>? La place de la R\u00e9publique est remplie ? #grevefeministe #8mars pic.twitter.com\/n2PMF0xxnF\u2014 8 mars : gr\u00e8ve f\u00e9ministe (@greve_feministe) <a href=\"https:\/\/twitter.com\/greve_feministe\/status\/1368948298216800259?ref_src=twsrc%5Etfw\" target=\"_blank\" rel=\"nofollow noopener noreferrer\">March<\/a> 8, 2021<\/p>\n<p><script async src=\"https:\/\/platform.twitter.com\/widgets.js\" charset=\"utf-8\"><\/script><\/p>\n<p><!--noindex--><br \/>\n<a href=\"https:\/\/www.20minutes.fr\/societe\/2993895-20210308-20-minutes-suivi-manif-8-mars-mathilde-sophie-victoire-milliers-autres-femmes#xtor=RSS-149\" rel=\"nofollow\">Source link <\/a><br \/>\n<!--\/noindex--><\/p>\n","protected":false},"excerpt":{"rendered":"<p>Une pancarte lors de la manifestation f\u00e9ministe du 8 mars 2021. \u2014 Aude Lorriaux Des milliers de personnes ont d\u00e9fil\u00e9 ce 8\u00a0mars entre Port Royal et R\u00e9publique, \u00e0 Paris, pour les droits des femmes. Le ministre de l\u2019Int\u00e9rieur G\u00e9rald Darmanin \u00e9tait est sur de nombreuses pancartes cette ann\u00e9e, avec l\u2019ancienne star du JT de TF1, [&hellip;]<\/p>\n","protected":false},"author":1,"featured_media":977,"comment_status":"open","ping_status":"open","sticky":false,"template":"","format":"standard","meta":{"footnotes":""},"categories":[1],"tags":[],"class_list":["post-976","post","type-post","status-publish","format-standard","has-post-thumbnail","hentry","category-nouvelles"],"yoast_head":"<!-- This site is optimized with the Yoast SEO plugin v27.4 - https:\/\/yoast.com\/product\/yoast-seo-wordpress\/ -->\n<title>A la manif du 8\u00a0mars, Mathilde, Sophie, Victoire et des milliers d\u2019autres d\u00e9filent pour mettre \u00ab\u00a0au chaudron le patriarcat\u00a0\u00bb - Favorite News<\/title>\n<meta name=\"robots\" content=\"index, follow, max-snippet:-1, max-image-preview:large, max-video-preview:-1\" \/>\n<link rel=\"canonical\" href=\"https:\/\/favorite-news.com\/fr\/a-la-manif-du-8-mars-mathilde-sophie-victoire-et-des-milliers-dautres-defilent-pour-mettre-au-chaudron-le-patriarcat\/\" \/>\n<meta property=\"og:locale\" content=\"fr_FR\" \/>\n<meta property=\"og:type\" content=\"article\" \/>\n<meta property=\"og:title\" content=\"A la manif du 8\u00a0mars, Mathilde, Sophie, Victoire et des milliers d\u2019autres d\u00e9filent pour mettre \u00ab\u00a0au chaudron le patriarcat\u00a0\u00bb - Favorite News\" \/>\n<meta property=\"og:description\" content=\"Une pancarte lors de la manifestation f\u00e9ministe du 8 mars 2021. \u2014 Aude Lorriaux Des milliers de personnes ont d\u00e9fil\u00e9 ce 8\u00a0mars entre Port Royal et R\u00e9publique, \u00e0 Paris, pour les droits des femmes. Le ministre de l\u2019Int\u00e9rieur G\u00e9rald Darmanin \u00e9tait est sur de nombreuses pancartes cette ann\u00e9e, avec l\u2019ancienne star du JT de TF1, [&hellip;]\" \/>\n<meta property=\"og:url\" content=\"https:\/\/favorite-news.com\/fr\/a-la-manif-du-8-mars-mathilde-sophie-victoire-et-des-milliers-dautres-defilent-pour-mettre-au-chaudron-le-patriarcat\/\" \/>\n<meta property=\"og:site_name\" content=\"Favorite News\" \/>\n<meta property=\"article:published_time\" content=\"2021-03-08T18:29:59+00:00\" \/>\n<meta property=\"article:modified_time\" content=\"2021-03-18T12:33:47+00:00\" \/>\n<meta property=\"og:image\" content=\"https:\/\/favorite-news.com\/fr\/wp-content\/uploads\/sites\/12\/2021\/03\/A-la-manif-du-8-mars-Mathilde-Sophie-Victoire-et-des.jpg\" \/>\n\t<meta property=\"og:image:width\" content=\"648\" \/>\n\t<meta property=\"og:image:height\" content=\"360\" \/>\n\t<meta property=\"og:image:type\" content=\"image\/jpeg\" \/>\n<meta name=\"author\" content=\"favorite-news\" \/>\n<meta name=\"twitter:card\" content=\"summary_large_image\" \/>\n<meta name=\"twitter:label1\" content=\"\u00c9crit par\" \/>\n\t<meta name=\"twitter:data1\" content=\"favorite-news\" \/>\n\t<meta name=\"twitter:label2\" content=\"Dur\u00e9e de lecture estim\u00e9e\" \/>\n\t<meta name=\"twitter:data2\" content=\"5 minutes\" \/>\n<script type=\"application\/ld+json\" class=\"yoast-schema-graph\">{\"@context\":\"https:\\\/\\\/schema.org\",\"@graph\":[{\"@type\":\"Article\",\"@id\":\"https:\\\/\\\/favorite-news.com\\\/fr\\\/a-la-manif-du-8-mars-mathilde-sophie-victoire-et-des-milliers-dautres-defilent-pour-mettre-au-chaudron-le-patriarcat\\\/#article\",\"isPartOf\":{\"@id\":\"https:\\\/\\\/favorite-news.com\\\/fr\\\/a-la-manif-du-8-mars-mathilde-sophie-victoire-et-des-milliers-dautres-defilent-pour-mettre-au-chaudron-le-patriarcat\\\/\"},\"author\":{\"name\":\"favorite-news\",\"@id\":\"https:\\\/\\\/favorite-news.com\\\/fr\\\/#\\\/schema\\\/person\\\/b66c4cfdd10a5bf16d7d5efda647111f\"},\"headline\":\"A la manif du 8\u00a0mars, Mathilde, Sophie, Victoire et des milliers d\u2019autres d\u00e9filent pour mettre \u00ab\u00a0au chaudron le patriarcat\u00a0\u00bb\",\"datePublished\":\"2021-03-08T18:29:59+00:00\",\"dateModified\":\"2021-03-18T12:33:47+00:00\",\"mainEntityOfPage\":{\"@id\":\"https:\\\/\\\/favorite-news.com\\\/fr\\\/a-la-manif-du-8-mars-mathilde-sophie-victoire-et-des-milliers-dautres-defilent-pour-mettre-au-chaudron-le-patriarcat\\\/\"},\"wordCount\":1120,\"commentCount\":0,\"image\":{\"@id\":\"https:\\\/\\\/favorite-news.com\\\/fr\\\/a-la-manif-du-8-mars-mathilde-sophie-victoire-et-des-milliers-dautres-defilent-pour-mettre-au-chaudron-le-patriarcat\\\/#primaryimage\"},\"thumbnailUrl\":\"https:\\\/\\\/favorite-news.com\\\/fr\\\/wp-content\\\/uploads\\\/sites\\\/12\\\/2021\\\/03\\\/A-la-manif-du-8-mars-Mathilde-Sophie-Victoire-et-des.jpg\",\"articleSection\":[\"NOUVELLES\"],\"inLanguage\":\"fr-FR\",\"potentialAction\":[{\"@type\":\"CommentAction\",\"name\":\"Comment\",\"target\":[\"https:\\\/\\\/favorite-news.com\\\/fr\\\/a-la-manif-du-8-mars-mathilde-sophie-victoire-et-des-milliers-dautres-defilent-pour-mettre-au-chaudron-le-patriarcat\\\/#respond\"]}]},{\"@type\":\"WebPage\",\"@id\":\"https:\\\/\\\/favorite-news.com\\\/fr\\\/a-la-manif-du-8-mars-mathilde-sophie-victoire-et-des-milliers-dautres-defilent-pour-mettre-au-chaudron-le-patriarcat\\\/\",\"url\":\"https:\\\/\\\/favorite-news.com\\\/fr\\\/a-la-manif-du-8-mars-mathilde-sophie-victoire-et-des-milliers-dautres-defilent-pour-mettre-au-chaudron-le-patriarcat\\\/\",\"name\":\"A la manif du 8\u00a0mars, Mathilde, Sophie, Victoire et des milliers d\u2019autres d\u00e9filent pour mettre \u00ab\u00a0au chaudron le patriarcat\u00a0\u00bb - Favorite News\",\"isPartOf\":{\"@id\":\"https:\\\/\\\/favorite-news.com\\\/fr\\\/#website\"},\"primaryImageOfPage\":{\"@id\":\"https:\\\/\\\/favorite-news.com\\\/fr\\\/a-la-manif-du-8-mars-mathilde-sophie-victoire-et-des-milliers-dautres-defilent-pour-mettre-au-chaudron-le-patriarcat\\\/#primaryimage\"},\"image\":{\"@id\":\"https:\\\/\\\/favorite-news.com\\\/fr\\\/a-la-manif-du-8-mars-mathilde-sophie-victoire-et-des-milliers-dautres-defilent-pour-mettre-au-chaudron-le-patriarcat\\\/#primaryimage\"},\"thumbnailUrl\":\"https:\\\/\\\/favorite-news.com\\\/fr\\\/wp-content\\\/uploads\\\/sites\\\/12\\\/2021\\\/03\\\/A-la-manif-du-8-mars-Mathilde-Sophie-Victoire-et-des.jpg\",\"datePublished\":\"2021-03-08T18:29:59+00:00\",\"dateModified\":\"2021-03-18T12:33:47+00:00\",\"author\":{\"@id\":\"https:\\\/\\\/favorite-news.com\\\/fr\\\/#\\\/schema\\\/person\\\/b66c4cfdd10a5bf16d7d5efda647111f\"},\"breadcrumb\":{\"@id\":\"https:\\\/\\\/favorite-news.com\\\/fr\\\/a-la-manif-du-8-mars-mathilde-sophie-victoire-et-des-milliers-dautres-defilent-pour-mettre-au-chaudron-le-patriarcat\\\/#breadcrumb\"},\"inLanguage\":\"fr-FR\",\"potentialAction\":[{\"@type\":\"ReadAction\",\"target\":[\"https:\\\/\\\/favorite-news.com\\\/fr\\\/a-la-manif-du-8-mars-mathilde-sophie-victoire-et-des-milliers-dautres-defilent-pour-mettre-au-chaudron-le-patriarcat\\\/\"]}]},{\"@type\":\"ImageObject\",\"inLanguage\":\"fr-FR\",\"@id\":\"https:\\\/\\\/favorite-news.com\\\/fr\\\/a-la-manif-du-8-mars-mathilde-sophie-victoire-et-des-milliers-dautres-defilent-pour-mettre-au-chaudron-le-patriarcat\\\/#primaryimage\",\"url\":\"https:\\\/\\\/favorite-news.com\\\/fr\\\/wp-content\\\/uploads\\\/sites\\\/12\\\/2021\\\/03\\\/A-la-manif-du-8-mars-Mathilde-Sophie-Victoire-et-des.jpg\",\"contentUrl\":\"https:\\\/\\\/favorite-news.com\\\/fr\\\/wp-content\\\/uploads\\\/sites\\\/12\\\/2021\\\/03\\\/A-la-manif-du-8-mars-Mathilde-Sophie-Victoire-et-des.jpg\",\"width\":648,\"height\":360,\"caption\":\"A la manif du 8\u00a0mars, Mathilde, Sophie, Victoire et des milliers d\u2019autres d\u00e9filent pour mettre \u00ab\u00a0au chaudron le patriarcat\u00a0\u00bb\"},{\"@type\":\"BreadcrumbList\",\"@id\":\"https:\\\/\\\/favorite-news.com\\\/fr\\\/a-la-manif-du-8-mars-mathilde-sophie-victoire-et-des-milliers-dautres-defilent-pour-mettre-au-chaudron-le-patriarcat\\\/#breadcrumb\",\"itemListElement\":[{\"@type\":\"ListItem\",\"position\":1,\"name\":\"Home\",\"item\":\"https:\\\/\\\/favorite-news.com\\\/fr\\\/\"},{\"@type\":\"ListItem\",\"position\":2,\"name\":\"A la manif du 8\u00a0mars, Mathilde, Sophie, Victoire et des milliers d\u2019autres d\u00e9filent pour mettre \u00ab\u00a0au chaudron le patriarcat\u00a0\u00bb\"}]},{\"@type\":\"WebSite\",\"@id\":\"https:\\\/\\\/favorite-news.com\\\/fr\\\/#website\",\"url\":\"https:\\\/\\\/favorite-news.com\\\/fr\\\/\",\"name\":\"Favorite News\",\"description\":\"Favorite News France\",\"potentialAction\":[{\"@type\":\"SearchAction\",\"target\":{\"@type\":\"EntryPoint\",\"urlTemplate\":\"https:\\\/\\\/favorite-news.com\\\/fr\\\/?s={search_term_string}\"},\"query-input\":{\"@type\":\"PropertyValueSpecification\",\"valueRequired\":true,\"valueName\":\"search_term_string\"}}],\"inLanguage\":\"fr-FR\"},{\"@type\":\"Person\",\"@id\":\"https:\\\/\\\/favorite-news.com\\\/fr\\\/#\\\/schema\\\/person\\\/b66c4cfdd10a5bf16d7d5efda647111f\",\"name\":\"favorite-news\",\"image\":{\"@type\":\"ImageObject\",\"inLanguage\":\"fr-FR\",\"@id\":\"https:\\\/\\\/secure.gravatar.com\\\/avatar\\\/f89959e01423a9ee3c2debbcf830eb021c575de0e1b3781ca3ae392b71c615a1?s=96&d=mm&r=g\",\"url\":\"https:\\\/\\\/secure.gravatar.com\\\/avatar\\\/f89959e01423a9ee3c2debbcf830eb021c575de0e1b3781ca3ae392b71c615a1?s=96&d=mm&r=g\",\"contentUrl\":\"https:\\\/\\\/secure.gravatar.com\\\/avatar\\\/f89959e01423a9ee3c2debbcf830eb021c575de0e1b3781ca3ae392b71c615a1?s=96&d=mm&r=g\",\"caption\":\"favorite-news\"},\"url\":\"https:\\\/\\\/favorite-news.com\\\/fr\\\/author\\\/ruby\\\/\"}]}<\/script>\n<!-- \/ Yoast SEO plugin. -->","yoast_head_json":{"title":"A la manif du 8\u00a0mars, Mathilde, Sophie, Victoire et des milliers d\u2019autres d\u00e9filent pour mettre \u00ab\u00a0au chaudron le patriarcat\u00a0\u00bb - Favorite News","robots":{"index":"index","follow":"follow","max-snippet":"max-snippet:-1","max-image-preview":"max-image-preview:large","max-video-preview":"max-video-preview:-1"},"canonical":"https:\/\/favorite-news.com\/fr\/a-la-manif-du-8-mars-mathilde-sophie-victoire-et-des-milliers-dautres-defilent-pour-mettre-au-chaudron-le-patriarcat\/","og_locale":"fr_FR","og_type":"article","og_title":"A la manif du 8\u00a0mars, Mathilde, Sophie, Victoire et des milliers d\u2019autres d\u00e9filent pour mettre \u00ab\u00a0au chaudron le patriarcat\u00a0\u00bb - Favorite News","og_description":"Une pancarte lors de la manifestation f\u00e9ministe du 8 mars 2021. \u2014 Aude Lorriaux Des milliers de personnes ont d\u00e9fil\u00e9 ce 8\u00a0mars entre Port Royal et R\u00e9publique, \u00e0 Paris, pour les droits des femmes. Le ministre de l\u2019Int\u00e9rieur G\u00e9rald Darmanin \u00e9tait est sur de nombreuses pancartes cette ann\u00e9e, avec l\u2019ancienne star du JT de TF1, [&hellip;]","og_url":"https:\/\/favorite-news.com\/fr\/a-la-manif-du-8-mars-mathilde-sophie-victoire-et-des-milliers-dautres-defilent-pour-mettre-au-chaudron-le-patriarcat\/","og_site_name":"Favorite News","article_published_time":"2021-03-08T18:29:59+00:00","article_modified_time":"2021-03-18T12:33:47+00:00","og_image":[{"width":648,"height":360,"url":"https:\/\/favorite-news.com\/fr\/wp-content\/uploads\/sites\/12\/2021\/03\/A-la-manif-du-8-mars-Mathilde-Sophie-Victoire-et-des.jpg","type":"image\/jpeg"}],"author":"favorite-news","twitter_card":"summary_large_image","twitter_misc":{"\u00c9crit par":"favorite-news","Dur\u00e9e de lecture estim\u00e9e":"5 minutes"},"schema":{"@context":"https:\/\/schema.org","@graph":[{"@type":"Article","@id":"https:\/\/favorite-news.com\/fr\/a-la-manif-du-8-mars-mathilde-sophie-victoire-et-des-milliers-dautres-defilent-pour-mettre-au-chaudron-le-patriarcat\/#article","isPartOf":{"@id":"https:\/\/favorite-news.com\/fr\/a-la-manif-du-8-mars-mathilde-sophie-victoire-et-des-milliers-dautres-defilent-pour-mettre-au-chaudron-le-patriarcat\/"},"author":{"name":"favorite-news","@id":"https:\/\/favorite-news.com\/fr\/#\/schema\/person\/b66c4cfdd10a5bf16d7d5efda647111f"},"headline":"A la manif du 8\u00a0mars, Mathilde, Sophie, Victoire et des milliers d\u2019autres d\u00e9filent pour mettre \u00ab\u00a0au chaudron le patriarcat\u00a0\u00bb","datePublished":"2021-03-08T18:29:59+00:00","dateModified":"2021-03-18T12:33:47+00:00","mainEntityOfPage":{"@id":"https:\/\/favorite-news.com\/fr\/a-la-manif-du-8-mars-mathilde-sophie-victoire-et-des-milliers-dautres-defilent-pour-mettre-au-chaudron-le-patriarcat\/"},"wordCount":1120,"commentCount":0,"image":{"@id":"https:\/\/favorite-news.com\/fr\/a-la-manif-du-8-mars-mathilde-sophie-victoire-et-des-milliers-dautres-defilent-pour-mettre-au-chaudron-le-patriarcat\/#primaryimage"},"thumbnailUrl":"https:\/\/favorite-news.com\/fr\/wp-content\/uploads\/sites\/12\/2021\/03\/A-la-manif-du-8-mars-Mathilde-Sophie-Victoire-et-des.jpg","articleSection":["NOUVELLES"],"inLanguage":"fr-FR","potentialAction":[{"@type":"CommentAction","name":"Comment","target":["https:\/\/favorite-news.com\/fr\/a-la-manif-du-8-mars-mathilde-sophie-victoire-et-des-milliers-dautres-defilent-pour-mettre-au-chaudron-le-patriarcat\/#respond"]}]},{"@type":"WebPage","@id":"https:\/\/favorite-news.com\/fr\/a-la-manif-du-8-mars-mathilde-sophie-victoire-et-des-milliers-dautres-defilent-pour-mettre-au-chaudron-le-patriarcat\/","url":"https:\/\/favorite-news.com\/fr\/a-la-manif-du-8-mars-mathilde-sophie-victoire-et-des-milliers-dautres-defilent-pour-mettre-au-chaudron-le-patriarcat\/","name":"A la manif du 8\u00a0mars, Mathilde, Sophie, Victoire et des milliers d\u2019autres d\u00e9filent pour mettre \u00ab\u00a0au chaudron le patriarcat\u00a0\u00bb - Favorite News","isPartOf":{"@id":"https:\/\/favorite-news.com\/fr\/#website"},"primaryImageOfPage":{"@id":"https:\/\/favorite-news.com\/fr\/a-la-manif-du-8-mars-mathilde-sophie-victoire-et-des-milliers-dautres-defilent-pour-mettre-au-chaudron-le-patriarcat\/#primaryimage"},"image":{"@id":"https:\/\/favorite-news.com\/fr\/a-la-manif-du-8-mars-mathilde-sophie-victoire-et-des-milliers-dautres-defilent-pour-mettre-au-chaudron-le-patriarcat\/#primaryimage"},"thumbnailUrl":"https:\/\/favorite-news.com\/fr\/wp-content\/uploads\/sites\/12\/2021\/03\/A-la-manif-du-8-mars-Mathilde-Sophie-Victoire-et-des.jpg","datePublished":"2021-03-08T18:29:59+00:00","dateModified":"2021-03-18T12:33:47+00:00","author":{"@id":"https:\/\/favorite-news.com\/fr\/#\/schema\/person\/b66c4cfdd10a5bf16d7d5efda647111f"},"breadcrumb":{"@id":"https:\/\/favorite-news.com\/fr\/a-la-manif-du-8-mars-mathilde-sophie-victoire-et-des-milliers-dautres-defilent-pour-mettre-au-chaudron-le-patriarcat\/#breadcrumb"},"inLanguage":"fr-FR","potentialAction":[{"@type":"ReadAction","target":["https:\/\/favorite-news.com\/fr\/a-la-manif-du-8-mars-mathilde-sophie-victoire-et-des-milliers-dautres-defilent-pour-mettre-au-chaudron-le-patriarcat\/"]}]},{"@type":"ImageObject","inLanguage":"fr-FR","@id":"https:\/\/favorite-news.com\/fr\/a-la-manif-du-8-mars-mathilde-sophie-victoire-et-des-milliers-dautres-defilent-pour-mettre-au-chaudron-le-patriarcat\/#primaryimage","url":"https:\/\/favorite-news.com\/fr\/wp-content\/uploads\/sites\/12\/2021\/03\/A-la-manif-du-8-mars-Mathilde-Sophie-Victoire-et-des.jpg","contentUrl":"https:\/\/favorite-news.com\/fr\/wp-content\/uploads\/sites\/12\/2021\/03\/A-la-manif-du-8-mars-Mathilde-Sophie-Victoire-et-des.jpg","width":648,"height":360,"caption":"A la manif du 8\u00a0mars, Mathilde, Sophie, Victoire et des milliers d\u2019autres d\u00e9filent pour mettre \u00ab\u00a0au chaudron le patriarcat\u00a0\u00bb"},{"@type":"BreadcrumbList","@id":"https:\/\/favorite-news.com\/fr\/a-la-manif-du-8-mars-mathilde-sophie-victoire-et-des-milliers-dautres-defilent-pour-mettre-au-chaudron-le-patriarcat\/#breadcrumb","itemListElement":[{"@type":"ListItem","position":1,"name":"Home","item":"https:\/\/favorite-news.com\/fr\/"},{"@type":"ListItem","position":2,"name":"A la manif du 8\u00a0mars, Mathilde, Sophie, Victoire et des milliers d\u2019autres d\u00e9filent pour mettre \u00ab\u00a0au chaudron le patriarcat\u00a0\u00bb"}]},{"@type":"WebSite","@id":"https:\/\/favorite-news.com\/fr\/#website","url":"https:\/\/favorite-news.com\/fr\/","name":"Favorite News","description":"Favorite News France","potentialAction":[{"@type":"SearchAction","target":{"@type":"EntryPoint","urlTemplate":"https:\/\/favorite-news.com\/fr\/?s={search_term_string}"},"query-input":{"@type":"PropertyValueSpecification","valueRequired":true,"valueName":"search_term_string"}}],"inLanguage":"fr-FR"},{"@type":"Person","@id":"https:\/\/favorite-news.com\/fr\/#\/schema\/person\/b66c4cfdd10a5bf16d7d5efda647111f","name":"favorite-news","image":{"@type":"ImageObject","inLanguage":"fr-FR","@id":"https:\/\/secure.gravatar.com\/avatar\/f89959e01423a9ee3c2debbcf830eb021c575de0e1b3781ca3ae392b71c615a1?s=96&d=mm&r=g","url":"https:\/\/secure.gravatar.com\/avatar\/f89959e01423a9ee3c2debbcf830eb021c575de0e1b3781ca3ae392b71c615a1?s=96&d=mm&r=g","contentUrl":"https:\/\/secure.gravatar.com\/avatar\/f89959e01423a9ee3c2debbcf830eb021c575de0e1b3781ca3ae392b71c615a1?s=96&d=mm&r=g","caption":"favorite-news"},"url":"https:\/\/favorite-news.com\/fr\/author\/ruby\/"}]}},"_links":{"self":[{"href":"https:\/\/favorite-news.com\/fr\/wp-json\/wp\/v2\/posts\/976","targetHints":{"allow":["GET"]}}],"collection":[{"href":"https:\/\/favorite-news.com\/fr\/wp-json\/wp\/v2\/posts"}],"about":[{"href":"https:\/\/favorite-news.com\/fr\/wp-json\/wp\/v2\/types\/post"}],"author":[{"embeddable":true,"href":"https:\/\/favorite-news.com\/fr\/wp-json\/wp\/v2\/users\/1"}],"replies":[{"embeddable":true,"href":"https:\/\/favorite-news.com\/fr\/wp-json\/wp\/v2\/comments?post=976"}],"version-history":[{"count":3,"href":"https:\/\/favorite-news.com\/fr\/wp-json\/wp\/v2\/posts\/976\/revisions"}],"predecessor-version":[{"id":1083,"href":"https:\/\/favorite-news.com\/fr\/wp-json\/wp\/v2\/posts\/976\/revisions\/1083"}],"wp:featuredmedia":[{"embeddable":true,"href":"https:\/\/favorite-news.com\/fr\/wp-json\/wp\/v2\/media\/977"}],"wp:attachment":[{"href":"https:\/\/favorite-news.com\/fr\/wp-json\/wp\/v2\/media?parent=976"}],"wp:term":[{"taxonomy":"category","embeddable":true,"href":"https:\/\/favorite-news.com\/fr\/wp-json\/wp\/v2\/categories?post=976"},{"taxonomy":"post_tag","embeddable":true,"href":"https:\/\/favorite-news.com\/fr\/wp-json\/wp\/v2\/tags?post=976"}],"curies":[{"name":"wp","href":"https:\/\/api.w.org\/{rel}","templated":true}]}}