{"id":970,"date":"2021-03-08T12:57:33","date_gmt":"2021-03-08T12:57:33","guid":{"rendered":"https:\/\/favorite-news.com\/fr\/le-senat-etudie-une-loi-permettant-aux-detenus-de-denoncer-des-conditions-de-detention-indignes\/"},"modified":"2021-03-08T12:57:35","modified_gmt":"2021-03-08T12:57:35","slug":"le-senat-etudie-une-loi-permettant-aux-detenus-de-denoncer-des-conditions-de-detention-indignes","status":"publish","type":"post","link":"https:\/\/favorite-news.com\/fr\/le-senat-etudie-une-loi-permettant-aux-detenus-de-denoncer-des-conditions-de-detention-indignes\/","title":{"rendered":"Le S\u00e9nat \u00e9tudie une loi permettant aux d\u00e9tenus de d\u00e9noncer des conditions de d\u00e9tention indignes"},"content":{"rendered":"<p>                Le S\u00e9nat s&rsquo;attelle \u00e0 un recours pour les d\u00e9tenus leur permettant de  contester leurs conditions de d\u00e9tention quand elles sont jug\u00e9es indignes. (Illustration) \u2014 ROMUALD MEIGNEUX\/SIPA<br \/>\n            Ce lundi, le S\u00e9nat \u00e0 majorit\u00e9 de droite se saisit en urgence d\u2019une proposition de loi qui permettra aux d\u00e9tenus de contester leurs conditions\u00a0de &#13;<br \/>\nd\u00e9tention lorsqu\u2019elles sont jug\u00e9es\u00a0indignes. Jug\u00e9\u00a0insuffisant\u00a0\u00e0 gauche, ce texte vise \u00e0 r\u00e9pondre \u00e0 l\u2019exigence du Conseil constitutionnel d\u2019ouvrir une voie de recours aux d\u00e9tenus.<\/p>\n<p>La proposition de loi du pr\u00e9sident de la commission des Lois Fran\u00e7ois-No\u00ebl Buffet (LR), sur lequel le gouvernement a engag\u00e9 la proc\u00e9dure acc\u00e9l\u00e9r\u00e9e, pourrait \u00eatre d\u00e9finitivement adopt\u00e9 \u00ab\u00a0d\u2019ici fin mars\u00a0\u00bb, table son auteur. Son examen en premi\u00e8re lecture est d\u00e9j\u00e0 programm\u00e9 le 19\u00a0mars \u00e0 l\u2019Assembl\u00e9e nationale.<\/p>\n<p>\u00ab\u00a0Une avanc\u00e9e majeure pour l\u2019am\u00e9lioration des\u00a0conditions\u00a0de d\u00e9tention\u00a0\u00bb<\/p>\n<p>La Contr\u00f4leure g\u00e9n\u00e9rale des lieux de privation de libert\u00e9 Dominique Simonnot a salu\u00e9, dans un courrier aux s\u00e9nateurs, \u00ab\u00a0une avanc\u00e9e majeure pour l\u2019am\u00e9lioration des\u00a0conditions\u00a0de d\u00e9tention\u00a0\u00bb mais a jug\u00e9 que le texte \u00ab\u00a0ne peut \u00eatre consid\u00e9r\u00e9 comme suffisant pour pr\u00e9server les droits des personnes d\u00e9tenues\u00a0\u00bb.<\/p>\n<p>Le Conseil constitutionnel avait censur\u00e9 le 2\u00a0octobre 2020 un article du code de proc\u00e9dure p\u00e9nale qui freinait les recours de personnes plac\u00e9es en d\u00e9tention provisoire dans des\u00a0conditions\u00a0d\u00e9gradantes. Il avait exig\u00e9 qu\u2019une nouvelle loi\u00a0soit vot\u00e9e avant le 1er\u00a0mars 2021.<\/p>\n<p>Cette d\u00e9cision faisait suite \u00e0 un arr\u00eat du 30\u00a0janvier 2020 de la Cour europ\u00e9enne des droits de l\u2019homme (CEDH) condamnant la France et \u00e0 un arr\u00eat de la chambre criminelle de la Cour de cassation. Un texte du gouvernement tardant \u00e0 se concr\u00e9tiser, Fran\u00e7ois-No\u00ebl Buffet a pris l\u2019initiative d\u2019une proposition de loi.<\/p>\n<p>\u00ab\u00a0Cr\u00e9er une proc\u00e9dure de recours, clairement \u00e9tablie\u00a0\u00bb<\/p>\n<p>\u00ab\u00a0L\u2019objet du texte est de cr\u00e9er une proc\u00e9dure de recours, clairement \u00e9tablie\u00a0\u00bb, a-t-il d\u00e9clar\u00e9. Elle pr\u00e9voit dans quelles\u00a0conditions\u00a0et selon quelles modalit\u00e9s un d\u00e9tenu peut saisir le juge judiciaire lorsqu\u2019il estime subir des\u00a0conditions\u00a0indignes\u00a0de d\u00e9tention, afin qu\u2019il y soit mis fin.<\/p>\n<p>La personne en d\u00e9tention provisoire pourra saisir le juge des libert\u00e9s et de la d\u00e9tention (JLD), celle condamn\u00e9e qui ex\u00e9cute sa peine le juge de l\u2019application des peines (JAP).<\/p>\n<p>\u00ab\u00a0Pas de droit absolu \u00e0 la remise en libert\u00e9\u00a0\u00bb<\/p>\n<p>C\u2019est seulement si le probl\u00e8me n\u2019est pas r\u00e9solu par l\u2019Administration p\u00e9nitentiaire\u00a0dans le d\u00e9lai imparti que le juge pourra ordonner le transf\u00e8rement de la personne d\u00e9tenue ou sa mise en libert\u00e9 si elle est plac\u00e9e en d\u00e9tention provisoire ou, sous\u00a0conditions, un am\u00e9nagement de peine si elle est d\u00e9finitivement condamn\u00e9e.<\/p>\n<p>Le rapporteur LR du texte Christophe-Andr\u00e9 Frassa souligne que \u00ab\u00a0la proposition de loi ne consacre pas un droit absolu \u00e0 la remise en libert\u00e9\u00a0\u00bb. Il s\u2019agit de concilier le droit \u00e0 des\u00a0conditions\u00a0dignes de d\u00e9tention avec \u00ab\u00a0le droit \u00e0 la s\u00fbret\u00e9 et l\u2019objectif de pr\u00e9venir les atteintes \u00e0 l\u2019ordre public\u00a0\u00bb. La proposition de loi reprend le dispositif d\u2019un amendement que le gouvernement avait d\u00e9pos\u00e9 \u00e0 l\u2019Assembl\u00e9e lors de l\u2019examen du projet de loi sur le Parquet europ\u00e9en et la justice p\u00e9nale sp\u00e9cialis\u00e9e. Il avait alors \u00e9t\u00e9 jug\u00e9 \u00ab\u00a0irrecevable\u00a0\u00bb car sans lien avec le texte.<\/p>\n<p>\u00ab\u00a0Dur\u00e9e excessive\u00a0\u00bb de la proc\u00e9dure propos\u00e9e<\/p>\n<p>Pour le socialiste Jean-Pierre Sueur, qui a d\u00e9pos\u00e9 une proposition de loi concurrente, le texte de Fran\u00e7ois-No\u00ebl Buffet pr\u00e9sente des \u00ab\u00a0carences et des insuffisances\u00a0\u00bb. Le s\u00e9nateur s\u2019appuie sur le courrier de Dominique\u00a0Simonnot qui d\u00e9plore notamment la \u00ab\u00a0dur\u00e9e excessive\u00a0\u00bb de la proc\u00e9dure propos\u00e9e ou encore la trop grande complexit\u00e9 de la requ\u00eate que doit adresser le d\u00e9tenu. Parmi ses amendements en commission, un seul a \u00e9t\u00e9 retenu, qui consacre le droit pour le d\u00e9tenu \u00e0 \u00eatre entendu avant que le juge ne prenne sa d\u00e9cision.<\/p>\n<p>Pour l\u2019association Observatoire international des prisons (OIP), la cr\u00e9ation d\u2019une voie de recours \u00ab\u00a0ne mettra pas fin aux\u00a0conditions\u00a0indignes\u00a0de d\u00e9tention\u00a0\u00bb. \u00ab\u00a0La d\u00e9cision de la Cour europ\u00e9enne posait comme principale exigence la r\u00e9sorption imm\u00e9diate, par la France, de sa surpopulation carc\u00e9rale\u00a0\u00bb, rappelle l\u2019OIP dans un communiqu\u00e9. Sans une \u00ab\u00a0politique de d\u00e9croissance carc\u00e9rale\u00a0\u00bb, la France continuera \u00ab\u00a0de porter une atteinte inadmissible au principe de dignit\u00e9 humaine\u00a0\u00bb, estime-t-elle.<\/p>\n<p>\n<!--noindex--><br \/>\n<a href=\"https:\/\/www.20minutes.fr\/societe\/2993615-20210308-prison-senat-etudie-loi-permettant-detenus-denoncer-conditions-detention-indignes#xtor=RSS-149\" rel=\"nofollow\">Source link <\/a><br \/>\n<!--\/noindex--><\/p>\n","protected":false},"excerpt":{"rendered":"<p>Le S\u00e9nat s&rsquo;attelle \u00e0 un recours pour les d\u00e9tenus leur permettant de contester leurs conditions de d\u00e9tention quand elles sont jug\u00e9es indignes. (Illustration) \u2014 ROMUALD MEIGNEUX\/SIPA Ce lundi, le S\u00e9nat \u00e0 majorit\u00e9 de droite se saisit en urgence d\u2019une proposition de loi qui permettra aux d\u00e9tenus de contester leurs conditions\u00a0de &#13; d\u00e9tention lorsqu\u2019elles sont jug\u00e9es\u00a0indignes. [&hellip;]<\/p>\n","protected":false},"author":1,"featured_media":971,"comment_status":"open","ping_status":"open","sticky":false,"template":"","format":"standard","meta":{"footnotes":""},"categories":[1],"tags":[],"class_list":["post-970","post","type-post","status-publish","format-standard","has-post-thumbnail","hentry","category-nouvelles"],"yoast_head":"<!-- This site is optimized with the Yoast SEO plugin v27.4 - https:\/\/yoast.com\/product\/yoast-seo-wordpress\/ -->\n<title>Le S\u00e9nat \u00e9tudie une loi permettant aux d\u00e9tenus de d\u00e9noncer des conditions de d\u00e9tention indignes - Favorite News<\/title>\n<meta name=\"robots\" content=\"index, follow, max-snippet:-1, max-image-preview:large, max-video-preview:-1\" \/>\n<link rel=\"canonical\" href=\"https:\/\/favorite-news.com\/fr\/le-senat-etudie-une-loi-permettant-aux-detenus-de-denoncer-des-conditions-de-detention-indignes\/\" \/>\n<meta property=\"og:locale\" content=\"fr_FR\" \/>\n<meta property=\"og:type\" content=\"article\" \/>\n<meta property=\"og:title\" content=\"Le S\u00e9nat \u00e9tudie une loi permettant aux d\u00e9tenus de d\u00e9noncer des conditions de d\u00e9tention indignes - Favorite News\" \/>\n<meta property=\"og:description\" content=\"Le S\u00e9nat s&rsquo;attelle \u00e0 un recours pour les d\u00e9tenus leur permettant de contester leurs conditions de d\u00e9tention quand elles sont jug\u00e9es indignes. (Illustration) \u2014 ROMUALD MEIGNEUX\/SIPA Ce lundi, le S\u00e9nat \u00e0 majorit\u00e9 de droite se saisit en urgence d\u2019une proposition de loi qui permettra aux d\u00e9tenus de contester leurs conditions\u00a0de &#013; d\u00e9tention lorsqu\u2019elles sont jug\u00e9es\u00a0indignes. [&hellip;]\" \/>\n<meta property=\"og:url\" content=\"https:\/\/favorite-news.com\/fr\/le-senat-etudie-une-loi-permettant-aux-detenus-de-denoncer-des-conditions-de-detention-indignes\/\" \/>\n<meta property=\"og:site_name\" content=\"Favorite News\" \/>\n<meta property=\"article:published_time\" content=\"2021-03-08T12:57:33+00:00\" \/>\n<meta property=\"article:modified_time\" content=\"2021-03-08T12:57:35+00:00\" \/>\n<meta property=\"og:image\" content=\"https:\/\/favorite-news.com\/fr\/wp-content\/uploads\/sites\/12\/2021\/03\/Le-Senat-etudie-une-loi-permettant-aux-detenus-de-denoncer.jpg\" \/>\n\t<meta property=\"og:image:width\" content=\"648\" \/>\n\t<meta property=\"og:image:height\" content=\"360\" \/>\n\t<meta property=\"og:image:type\" content=\"image\/jpeg\" \/>\n<meta name=\"author\" content=\"favorite-news\" \/>\n<meta name=\"twitter:card\" content=\"summary_large_image\" \/>\n<meta name=\"twitter:label1\" content=\"\u00c9crit par\" \/>\n\t<meta name=\"twitter:data1\" content=\"favorite-news\" \/>\n\t<meta name=\"twitter:label2\" content=\"Dur\u00e9e de lecture estim\u00e9e\" \/>\n\t<meta name=\"twitter:data2\" content=\"4 minutes\" \/>\n<script type=\"application\/ld+json\" class=\"yoast-schema-graph\">{\"@context\":\"https:\\\/\\\/schema.org\",\"@graph\":[{\"@type\":\"Article\",\"@id\":\"https:\\\/\\\/favorite-news.com\\\/fr\\\/le-senat-etudie-une-loi-permettant-aux-detenus-de-denoncer-des-conditions-de-detention-indignes\\\/#article\",\"isPartOf\":{\"@id\":\"https:\\\/\\\/favorite-news.com\\\/fr\\\/le-senat-etudie-une-loi-permettant-aux-detenus-de-denoncer-des-conditions-de-detention-indignes\\\/\"},\"author\":{\"name\":\"favorite-news\",\"@id\":\"https:\\\/\\\/favorite-news.com\\\/fr\\\/#\\\/schema\\\/person\\\/b66c4cfdd10a5bf16d7d5efda647111f\"},\"headline\":\"Le S\u00e9nat \u00e9tudie une loi permettant aux d\u00e9tenus de d\u00e9noncer des conditions de d\u00e9tention indignes\",\"datePublished\":\"2021-03-08T12:57:33+00:00\",\"dateModified\":\"2021-03-08T12:57:35+00:00\",\"mainEntityOfPage\":{\"@id\":\"https:\\\/\\\/favorite-news.com\\\/fr\\\/le-senat-etudie-une-loi-permettant-aux-detenus-de-denoncer-des-conditions-de-detention-indignes\\\/\"},\"wordCount\":802,\"commentCount\":0,\"image\":{\"@id\":\"https:\\\/\\\/favorite-news.com\\\/fr\\\/le-senat-etudie-une-loi-permettant-aux-detenus-de-denoncer-des-conditions-de-detention-indignes\\\/#primaryimage\"},\"thumbnailUrl\":\"https:\\\/\\\/favorite-news.com\\\/fr\\\/wp-content\\\/uploads\\\/sites\\\/12\\\/2021\\\/03\\\/Le-Senat-etudie-une-loi-permettant-aux-detenus-de-denoncer.jpg\",\"articleSection\":[\"NOUVELLES\"],\"inLanguage\":\"fr-FR\",\"potentialAction\":[{\"@type\":\"CommentAction\",\"name\":\"Comment\",\"target\":[\"https:\\\/\\\/favorite-news.com\\\/fr\\\/le-senat-etudie-une-loi-permettant-aux-detenus-de-denoncer-des-conditions-de-detention-indignes\\\/#respond\"]}]},{\"@type\":\"WebPage\",\"@id\":\"https:\\\/\\\/favorite-news.com\\\/fr\\\/le-senat-etudie-une-loi-permettant-aux-detenus-de-denoncer-des-conditions-de-detention-indignes\\\/\",\"url\":\"https:\\\/\\\/favorite-news.com\\\/fr\\\/le-senat-etudie-une-loi-permettant-aux-detenus-de-denoncer-des-conditions-de-detention-indignes\\\/\",\"name\":\"Le S\u00e9nat \u00e9tudie une loi permettant aux d\u00e9tenus de d\u00e9noncer des conditions de d\u00e9tention indignes - Favorite News\",\"isPartOf\":{\"@id\":\"https:\\\/\\\/favorite-news.com\\\/fr\\\/#website\"},\"primaryImageOfPage\":{\"@id\":\"https:\\\/\\\/favorite-news.com\\\/fr\\\/le-senat-etudie-une-loi-permettant-aux-detenus-de-denoncer-des-conditions-de-detention-indignes\\\/#primaryimage\"},\"image\":{\"@id\":\"https:\\\/\\\/favorite-news.com\\\/fr\\\/le-senat-etudie-une-loi-permettant-aux-detenus-de-denoncer-des-conditions-de-detention-indignes\\\/#primaryimage\"},\"thumbnailUrl\":\"https:\\\/\\\/favorite-news.com\\\/fr\\\/wp-content\\\/uploads\\\/sites\\\/12\\\/2021\\\/03\\\/Le-Senat-etudie-une-loi-permettant-aux-detenus-de-denoncer.jpg\",\"datePublished\":\"2021-03-08T12:57:33+00:00\",\"dateModified\":\"2021-03-08T12:57:35+00:00\",\"author\":{\"@id\":\"https:\\\/\\\/favorite-news.com\\\/fr\\\/#\\\/schema\\\/person\\\/b66c4cfdd10a5bf16d7d5efda647111f\"},\"breadcrumb\":{\"@id\":\"https:\\\/\\\/favorite-news.com\\\/fr\\\/le-senat-etudie-une-loi-permettant-aux-detenus-de-denoncer-des-conditions-de-detention-indignes\\\/#breadcrumb\"},\"inLanguage\":\"fr-FR\",\"potentialAction\":[{\"@type\":\"ReadAction\",\"target\":[\"https:\\\/\\\/favorite-news.com\\\/fr\\\/le-senat-etudie-une-loi-permettant-aux-detenus-de-denoncer-des-conditions-de-detention-indignes\\\/\"]}]},{\"@type\":\"ImageObject\",\"inLanguage\":\"fr-FR\",\"@id\":\"https:\\\/\\\/favorite-news.com\\\/fr\\\/le-senat-etudie-une-loi-permettant-aux-detenus-de-denoncer-des-conditions-de-detention-indignes\\\/#primaryimage\",\"url\":\"https:\\\/\\\/favorite-news.com\\\/fr\\\/wp-content\\\/uploads\\\/sites\\\/12\\\/2021\\\/03\\\/Le-Senat-etudie-une-loi-permettant-aux-detenus-de-denoncer.jpg\",\"contentUrl\":\"https:\\\/\\\/favorite-news.com\\\/fr\\\/wp-content\\\/uploads\\\/sites\\\/12\\\/2021\\\/03\\\/Le-Senat-etudie-une-loi-permettant-aux-detenus-de-denoncer.jpg\",\"width\":648,\"height\":360,\"caption\":\"Le S\u00e9nat \u00e9tudie une loi permettant aux d\u00e9tenus de d\u00e9noncer des conditions de d\u00e9tention indignes\"},{\"@type\":\"BreadcrumbList\",\"@id\":\"https:\\\/\\\/favorite-news.com\\\/fr\\\/le-senat-etudie-une-loi-permettant-aux-detenus-de-denoncer-des-conditions-de-detention-indignes\\\/#breadcrumb\",\"itemListElement\":[{\"@type\":\"ListItem\",\"position\":1,\"name\":\"Home\",\"item\":\"https:\\\/\\\/favorite-news.com\\\/fr\\\/\"},{\"@type\":\"ListItem\",\"position\":2,\"name\":\"Le S\u00e9nat \u00e9tudie une loi permettant aux d\u00e9tenus de d\u00e9noncer des conditions de d\u00e9tention indignes\"}]},{\"@type\":\"WebSite\",\"@id\":\"https:\\\/\\\/favorite-news.com\\\/fr\\\/#website\",\"url\":\"https:\\\/\\\/favorite-news.com\\\/fr\\\/\",\"name\":\"Favorite News\",\"description\":\"Favorite News France\",\"potentialAction\":[{\"@type\":\"SearchAction\",\"target\":{\"@type\":\"EntryPoint\",\"urlTemplate\":\"https:\\\/\\\/favorite-news.com\\\/fr\\\/?s={search_term_string}\"},\"query-input\":{\"@type\":\"PropertyValueSpecification\",\"valueRequired\":true,\"valueName\":\"search_term_string\"}}],\"inLanguage\":\"fr-FR\"},{\"@type\":\"Person\",\"@id\":\"https:\\\/\\\/favorite-news.com\\\/fr\\\/#\\\/schema\\\/person\\\/b66c4cfdd10a5bf16d7d5efda647111f\",\"name\":\"favorite-news\",\"image\":{\"@type\":\"ImageObject\",\"inLanguage\":\"fr-FR\",\"@id\":\"https:\\\/\\\/secure.gravatar.com\\\/avatar\\\/f89959e01423a9ee3c2debbcf830eb021c575de0e1b3781ca3ae392b71c615a1?s=96&d=mm&r=g\",\"url\":\"https:\\\/\\\/secure.gravatar.com\\\/avatar\\\/f89959e01423a9ee3c2debbcf830eb021c575de0e1b3781ca3ae392b71c615a1?s=96&d=mm&r=g\",\"contentUrl\":\"https:\\\/\\\/secure.gravatar.com\\\/avatar\\\/f89959e01423a9ee3c2debbcf830eb021c575de0e1b3781ca3ae392b71c615a1?s=96&d=mm&r=g\",\"caption\":\"favorite-news\"},\"url\":\"https:\\\/\\\/favorite-news.com\\\/fr\\\/author\\\/ruby\\\/\"}]}<\/script>\n<!-- \/ Yoast SEO plugin. -->","yoast_head_json":{"title":"Le S\u00e9nat \u00e9tudie une loi permettant aux d\u00e9tenus de d\u00e9noncer des conditions de d\u00e9tention indignes - Favorite News","robots":{"index":"index","follow":"follow","max-snippet":"max-snippet:-1","max-image-preview":"max-image-preview:large","max-video-preview":"max-video-preview:-1"},"canonical":"https:\/\/favorite-news.com\/fr\/le-senat-etudie-une-loi-permettant-aux-detenus-de-denoncer-des-conditions-de-detention-indignes\/","og_locale":"fr_FR","og_type":"article","og_title":"Le S\u00e9nat \u00e9tudie une loi permettant aux d\u00e9tenus de d\u00e9noncer des conditions de d\u00e9tention indignes - Favorite News","og_description":"Le S\u00e9nat s&rsquo;attelle \u00e0 un recours pour les d\u00e9tenus leur permettant de contester leurs conditions de d\u00e9tention quand elles sont jug\u00e9es indignes. (Illustration) \u2014 ROMUALD MEIGNEUX\/SIPA Ce lundi, le S\u00e9nat \u00e0 majorit\u00e9 de droite se saisit en urgence d\u2019une proposition de loi qui permettra aux d\u00e9tenus de contester leurs conditions\u00a0de &#13; d\u00e9tention lorsqu\u2019elles sont jug\u00e9es\u00a0indignes. [&hellip;]","og_url":"https:\/\/favorite-news.com\/fr\/le-senat-etudie-une-loi-permettant-aux-detenus-de-denoncer-des-conditions-de-detention-indignes\/","og_site_name":"Favorite News","article_published_time":"2021-03-08T12:57:33+00:00","article_modified_time":"2021-03-08T12:57:35+00:00","og_image":[{"width":648,"height":360,"url":"https:\/\/favorite-news.com\/fr\/wp-content\/uploads\/sites\/12\/2021\/03\/Le-Senat-etudie-une-loi-permettant-aux-detenus-de-denoncer.jpg","type":"image\/jpeg"}],"author":"favorite-news","twitter_card":"summary_large_image","twitter_misc":{"\u00c9crit par":"favorite-news","Dur\u00e9e de lecture estim\u00e9e":"4 minutes"},"schema":{"@context":"https:\/\/schema.org","@graph":[{"@type":"Article","@id":"https:\/\/favorite-news.com\/fr\/le-senat-etudie-une-loi-permettant-aux-detenus-de-denoncer-des-conditions-de-detention-indignes\/#article","isPartOf":{"@id":"https:\/\/favorite-news.com\/fr\/le-senat-etudie-une-loi-permettant-aux-detenus-de-denoncer-des-conditions-de-detention-indignes\/"},"author":{"name":"favorite-news","@id":"https:\/\/favorite-news.com\/fr\/#\/schema\/person\/b66c4cfdd10a5bf16d7d5efda647111f"},"headline":"Le S\u00e9nat \u00e9tudie une loi permettant aux d\u00e9tenus de d\u00e9noncer des conditions de d\u00e9tention indignes","datePublished":"2021-03-08T12:57:33+00:00","dateModified":"2021-03-08T12:57:35+00:00","mainEntityOfPage":{"@id":"https:\/\/favorite-news.com\/fr\/le-senat-etudie-une-loi-permettant-aux-detenus-de-denoncer-des-conditions-de-detention-indignes\/"},"wordCount":802,"commentCount":0,"image":{"@id":"https:\/\/favorite-news.com\/fr\/le-senat-etudie-une-loi-permettant-aux-detenus-de-denoncer-des-conditions-de-detention-indignes\/#primaryimage"},"thumbnailUrl":"https:\/\/favorite-news.com\/fr\/wp-content\/uploads\/sites\/12\/2021\/03\/Le-Senat-etudie-une-loi-permettant-aux-detenus-de-denoncer.jpg","articleSection":["NOUVELLES"],"inLanguage":"fr-FR","potentialAction":[{"@type":"CommentAction","name":"Comment","target":["https:\/\/favorite-news.com\/fr\/le-senat-etudie-une-loi-permettant-aux-detenus-de-denoncer-des-conditions-de-detention-indignes\/#respond"]}]},{"@type":"WebPage","@id":"https:\/\/favorite-news.com\/fr\/le-senat-etudie-une-loi-permettant-aux-detenus-de-denoncer-des-conditions-de-detention-indignes\/","url":"https:\/\/favorite-news.com\/fr\/le-senat-etudie-une-loi-permettant-aux-detenus-de-denoncer-des-conditions-de-detention-indignes\/","name":"Le S\u00e9nat \u00e9tudie une loi permettant aux d\u00e9tenus de d\u00e9noncer des conditions de d\u00e9tention indignes - Favorite News","isPartOf":{"@id":"https:\/\/favorite-news.com\/fr\/#website"},"primaryImageOfPage":{"@id":"https:\/\/favorite-news.com\/fr\/le-senat-etudie-une-loi-permettant-aux-detenus-de-denoncer-des-conditions-de-detention-indignes\/#primaryimage"},"image":{"@id":"https:\/\/favorite-news.com\/fr\/le-senat-etudie-une-loi-permettant-aux-detenus-de-denoncer-des-conditions-de-detention-indignes\/#primaryimage"},"thumbnailUrl":"https:\/\/favorite-news.com\/fr\/wp-content\/uploads\/sites\/12\/2021\/03\/Le-Senat-etudie-une-loi-permettant-aux-detenus-de-denoncer.jpg","datePublished":"2021-03-08T12:57:33+00:00","dateModified":"2021-03-08T12:57:35+00:00","author":{"@id":"https:\/\/favorite-news.com\/fr\/#\/schema\/person\/b66c4cfdd10a5bf16d7d5efda647111f"},"breadcrumb":{"@id":"https:\/\/favorite-news.com\/fr\/le-senat-etudie-une-loi-permettant-aux-detenus-de-denoncer-des-conditions-de-detention-indignes\/#breadcrumb"},"inLanguage":"fr-FR","potentialAction":[{"@type":"ReadAction","target":["https:\/\/favorite-news.com\/fr\/le-senat-etudie-une-loi-permettant-aux-detenus-de-denoncer-des-conditions-de-detention-indignes\/"]}]},{"@type":"ImageObject","inLanguage":"fr-FR","@id":"https:\/\/favorite-news.com\/fr\/le-senat-etudie-une-loi-permettant-aux-detenus-de-denoncer-des-conditions-de-detention-indignes\/#primaryimage","url":"https:\/\/favorite-news.com\/fr\/wp-content\/uploads\/sites\/12\/2021\/03\/Le-Senat-etudie-une-loi-permettant-aux-detenus-de-denoncer.jpg","contentUrl":"https:\/\/favorite-news.com\/fr\/wp-content\/uploads\/sites\/12\/2021\/03\/Le-Senat-etudie-une-loi-permettant-aux-detenus-de-denoncer.jpg","width":648,"height":360,"caption":"Le S\u00e9nat \u00e9tudie une loi permettant aux d\u00e9tenus de d\u00e9noncer des conditions de d\u00e9tention indignes"},{"@type":"BreadcrumbList","@id":"https:\/\/favorite-news.com\/fr\/le-senat-etudie-une-loi-permettant-aux-detenus-de-denoncer-des-conditions-de-detention-indignes\/#breadcrumb","itemListElement":[{"@type":"ListItem","position":1,"name":"Home","item":"https:\/\/favorite-news.com\/fr\/"},{"@type":"ListItem","position":2,"name":"Le S\u00e9nat \u00e9tudie une loi permettant aux d\u00e9tenus de d\u00e9noncer des conditions de d\u00e9tention indignes"}]},{"@type":"WebSite","@id":"https:\/\/favorite-news.com\/fr\/#website","url":"https:\/\/favorite-news.com\/fr\/","name":"Favorite News","description":"Favorite News France","potentialAction":[{"@type":"SearchAction","target":{"@type":"EntryPoint","urlTemplate":"https:\/\/favorite-news.com\/fr\/?s={search_term_string}"},"query-input":{"@type":"PropertyValueSpecification","valueRequired":true,"valueName":"search_term_string"}}],"inLanguage":"fr-FR"},{"@type":"Person","@id":"https:\/\/favorite-news.com\/fr\/#\/schema\/person\/b66c4cfdd10a5bf16d7d5efda647111f","name":"favorite-news","image":{"@type":"ImageObject","inLanguage":"fr-FR","@id":"https:\/\/secure.gravatar.com\/avatar\/f89959e01423a9ee3c2debbcf830eb021c575de0e1b3781ca3ae392b71c615a1?s=96&d=mm&r=g","url":"https:\/\/secure.gravatar.com\/avatar\/f89959e01423a9ee3c2debbcf830eb021c575de0e1b3781ca3ae392b71c615a1?s=96&d=mm&r=g","contentUrl":"https:\/\/secure.gravatar.com\/avatar\/f89959e01423a9ee3c2debbcf830eb021c575de0e1b3781ca3ae392b71c615a1?s=96&d=mm&r=g","caption":"favorite-news"},"url":"https:\/\/favorite-news.com\/fr\/author\/ruby\/"}]}},"_links":{"self":[{"href":"https:\/\/favorite-news.com\/fr\/wp-json\/wp\/v2\/posts\/970","targetHints":{"allow":["GET"]}}],"collection":[{"href":"https:\/\/favorite-news.com\/fr\/wp-json\/wp\/v2\/posts"}],"about":[{"href":"https:\/\/favorite-news.com\/fr\/wp-json\/wp\/v2\/types\/post"}],"author":[{"embeddable":true,"href":"https:\/\/favorite-news.com\/fr\/wp-json\/wp\/v2\/users\/1"}],"replies":[{"embeddable":true,"href":"https:\/\/favorite-news.com\/fr\/wp-json\/wp\/v2\/comments?post=970"}],"version-history":[{"count":1,"href":"https:\/\/favorite-news.com\/fr\/wp-json\/wp\/v2\/posts\/970\/revisions"}],"predecessor-version":[{"id":972,"href":"https:\/\/favorite-news.com\/fr\/wp-json\/wp\/v2\/posts\/970\/revisions\/972"}],"wp:featuredmedia":[{"embeddable":true,"href":"https:\/\/favorite-news.com\/fr\/wp-json\/wp\/v2\/media\/971"}],"wp:attachment":[{"href":"https:\/\/favorite-news.com\/fr\/wp-json\/wp\/v2\/media?parent=970"}],"wp:term":[{"taxonomy":"category","embeddable":true,"href":"https:\/\/favorite-news.com\/fr\/wp-json\/wp\/v2\/categories?post=970"},{"taxonomy":"post_tag","embeddable":true,"href":"https:\/\/favorite-news.com\/fr\/wp-json\/wp\/v2\/tags?post=970"}],"curies":[{"name":"wp","href":"https:\/\/api.w.org\/{rel}","templated":true}]}}