{"id":967,"date":"2021-03-08T07:37:02","date_gmt":"2021-03-08T07:37:02","guid":{"rendered":"https:\/\/favorite-news.com\/fr\/sur-les-quais-les-controles-sur-linterdiction-de-lalcool-se-multiplient-la-jeunesse-ronge-son-frein\/"},"modified":"2021-03-08T07:37:05","modified_gmt":"2021-03-08T07:37:05","slug":"sur-les-quais-les-controles-sur-linterdiction-de-lalcool-se-multiplient-la-jeunesse-ronge-son-frein","status":"publish","type":"post","link":"https:\/\/favorite-news.com\/fr\/sur-les-quais-les-controles-sur-linterdiction-de-lalcool-se-multiplient-la-jeunesse-ronge-son-frein\/","title":{"rendered":"Sur les quais, les contr\u00f4les sur l\u2019interdiction de l\u2019alcool se multiplient, la jeunesse ronge son frein"},"content":{"rendered":"<p>                La police municipale a effectu\u00e9 des contr\u00f4les et de la pr\u00e9vention, dimanche sur les quais de Bordeaux \u2014 Micka\u00ebl Bosredon\/20 Minutes<br \/>\n            L\u2019adjoint au maire de Bordeaux en charge de la s\u00e9curit\u00e9, d\u00e9plore que certains \u00e9tablissements continuent la vente \u00e0 emporter d&rsquo;alcool, notamment sur les quais, alors qu&rsquo;un arr\u00eat\u00e9 interdisant la consommation d&rsquo;alcool sur la voie publique a \u00e9t\u00e9 pris jeudi.&#13;<br \/>\n\tLe g\u00e9rant d&rsquo;un des \u00e9tablissements concern\u00e9s, chez Simone,\u00a0assure pour sa part que la situation \u00e9tait contr\u00f4l\u00e9e.&#13;<br \/>\n\tPendant ce temps, la police municipale multiplie les contr\u00f4les, avant tout dans un esprit de pr\u00e9vention, le but de la mairie \u00e9tant de ne pas \u00eatre amen\u00e9e \u00e0 devoir fermer les quais.&#13;<\/p>\n<p>L\u2019arr\u00eat\u00e9 interdisant de consommer de l\u2019alcool sur l\u2019espace public dans le centre de\u00a0Bordeaux\u00a0et sur les quais, a-t-il \u00e9t\u00e9 respect\u00e9 ce week-end\u00a0?\u00a020Minutes a suivi\u00a0dimanche une \u00e9quipe de la &#13;<br \/>\npolice municipale sur les quais, o\u00f9 de nombreux Bordelais \u00e9taient encore venus se d\u00e9tendre. Plusieurs pique-niques entre amis \u00e9taient bien organis\u00e9s, mais tous sans alcool, a-t-on pu constater. M\u00eame si en r\u00e9alit\u00e9, personne n\u2019est dupe, et que l\u2019alcool se dissimule parfois discr\u00e8tement\u00a0dans des bouteilles de soda\u2026 Mais\u00a0 &#13;<br \/>\nles contr\u00f4les se sont d\u00e9roul\u00e9s dans une ambiance apais\u00e9e.<\/p>\n<p>Patrouille de la police municipale, dimanche sur les quais de Bordeaux &#8211; Micka\u00ebl Bosredon\/20Minutes\u00ab\u00a0Nous avions constat\u00e9 le week-end pr\u00e9c\u00e9dent des d\u00e9rives \u00e0 certains endroits, notamment place Gambetta et sur les quais, dues \u00e0 des rassemblements beaucoup trop importants, et\u00a0les cas les plus probl\u00e9matiques \u00e9taient li\u00e9s \u00e0 une consommation d\u2019alcool sans mod\u00e9ration\u00a0\u00bb, rappelle l\u2019adjoint au maire de Bordeaux en charge de la tranquillit\u00e9 publique et la s\u00e9curit\u00e9, Amine Smihi, \u00e0 20Minutes. Certains bars qui avaient install\u00e9 des buvettes avec tireuses \u00e0 bi\u00e8re devant leur \u00e9tablissement \u00e9taient ainsi particuli\u00e8rement dans le viseur de la mairie. \u00ab\u00a0C\u2019est pourquoi nous avons suivi\u00a0la pr\u00e9fecture, dans sa d\u00e9cision d\u2019interdire la\u00a0consommation d\u2019alcool sur les lieux publics, sachant que nous n\u2019\u00e9tions pas en mesure de promulguer une interdiction de vente \u00e0 emporter.\u00a0\u00bb<\/p>\n<p>Attroupements \u00ab\u00a0extr\u00eamement importants\u00a0\u00bb samedi devant un bar sur les quais<\/p>\n<p>Et le probl\u00e8me est qu\u2019un flou juridique est maintenu, entre cette interdiction de consommer de l\u2019alcool, et l\u2019autorisation de\u00a0vente \u00e0 emporter. Samedi, des buvettes proposant de l\u2019alcool \u00e0 emporter \u00e9taient toujours pr\u00e9sentes, notamment au niveau du quai Louis XVIII, pr\u00e8s de la place des Quinconces.<\/p>\n<p>\u00ab\u00a0J\u2019ai d\u00fb faire intervenir la police municipale samedi vers 17h30 chez Simone, un bar situ\u00e9 sur les quais, explique ainsi Amine Smihi. Elle a constat\u00e9 la pr\u00e9sence de nombreuses personnes devant l\u2019\u00e9tablissement, avec de la consommation d\u2019alcool sur l\u2019espace public. Le responsable sera convoqu\u00e9 par nos services dans les prochains jours. Il respecte les termes de la vente \u00e0 emporter, mais les attroupements qu\u2019il provoque sont extr\u00eamement importants, sur l\u2019emprise de sa terrasse qui doit \u00eatre ferm\u00e9e.\u00a0\u00bb<\/p>\n<p>Contact\u00e9 par 20Minutes, le g\u00e9rant de chez Simone, J\u00e9r\u00e9my Banier, ne donne pas\u00a0la m\u00eame version des faits. \u00ab\u00a0Effectivement j\u2019ai organis\u00e9 une buvette, mais il ne s\u2019est rien pass\u00e9 d\u2019extraordinaire, assure-t-il. J\u2019avais\u00a0juste allum\u00e9 les chauffages ext\u00e9rieurs car les gens faisaient la queue pour entrer dans l\u2019\u00e9tablissement, et\u00a0en fin d\u2019apr\u00e8s-midi il y a eu, \u00e0 un moment, un peu de monde. On ne distinguait plus vraiment si les gens restaient sur place pour consommer. Mais \u00e7a a dur\u00e9 tr\u00e8s peu de temps. La police\u00a0est intervenue, j\u2019ai expliqu\u00e9 que de toute fa\u00e7on j\u2019allais fermer car il \u00e9tait quasiment 18 heures, et les agents m\u2019ont juste rappel\u00e9 de ne pas inciter aux attroupements devant la fa\u00e7ade. Nous en sommes rest\u00e9s l\u00e0.\u00a0\u00bb<\/p>\n<p>\u00ab\u00a0Qu\u2019ils nous interdisent la vente \u00e0 emporter, ce sera plus clair\u00a0\u00bb<\/p>\n<p>Mais pour l\u2019adjoint \u00e0 la s\u00e9curit\u00e9, il s\u2019agit\u00a0de \u00ab\u00a0pratiques commerciales agressives\u00a0\u00bb et \u00ab\u00a0d\u2019un manquement de solidarit\u00e9 et de civisme\u00a0\u00bb. \u00ab\u00a0Ces commer\u00e7ants qui veulent faire du chiffre \u00e0 tout prix sans consid\u00e9ration pour nos messages d\u2019alerte, portent pr\u00e9judice \u00e0 l\u2019image de toute une profession qui est dans sa grande majorit\u00e9 respectueuse, et compromettent tous nos efforts.\u00a0Nous voulons\u00a0rappeler ces g\u00e9rants d\u2019\u00e9tablissement \u00e0 la raison, leur faire comprendre que par leur comportement\u00a0ils risquent de faire perdurer cette crise. C\u2019est un appel \u00e0 la responsabilit\u00e9, sinon nous prendrons des mesures\u00a0\u00bb pr\u00e9vient l\u2019\u00e9lu.<\/p>\n<p>Le g\u00e9rant du bar s\u2019\u00e9tonne, lui, de cette\u00a0situation. \u00ab\u00a0Je ne comprends pas\u00a0:\u00a0j\u2019ai un mail qui me confirme que mon activit\u00e9 est autoris\u00e9e. Qu\u2019ils nous interdisent la vente \u00e0 emporter, ce sera plus clair.\u00a0\u00bb Il souligne par ailleurs que samedi, \u00ab\u00a0il y avait dans le m\u00eame temps, en plein centre de Bordeaux, une manifestation\u00a0de gens, la plupart\u00a0sans masque, avec la musique plein pot\u00a0!\u00a0\u00bb Environ un millier de personnes a effectivement d\u00e9fil\u00e9 dans Bordeaux, \u00e0 l\u2019initiative du collectif de la Maskarade, pour la d\u00e9fense des acteurs du monde de la nuit, notamment les discoth\u00e8ques.<\/p>\n<p>Les quais de Bordeaux, ce dimanche &#8211; Micka\u00ebl Bosredon\/20Minutes\u00ab\u00a0Notre obsession est de ne pas aggraver les mesures de restriction qui sont extr\u00eamement dommageables pour tout le monde, et qui \u00e9puisent la population\u00a0\u00bb insiste Amine Smihi. Et notamment de ne pas fermer les quais, comme l\u2019a d\u00e9cid\u00e9 la municipalit\u00e9 de Toulouse. \u00ab\u00a0Le maire de Bordeaux souhaite \u00e0 tout prix \u00e9viter qu\u2019on en arrive l\u00e0, car il est essentiel de pr\u00e9server les rares espaces de libert\u00e9 encore offerts aux Bordelais, comme les parcs, les jardins et les quais\u00a0\u00bb mart\u00e8le l\u2019adjoint.<\/p>\n<p>\u00ab\u00a0On veut le retour des terrasses\u00a0\u00bb<\/p>\n<p>P\u00e9dagogie et pr\u00e9vention, plut\u00f4t que r\u00e9pression, restent toutefois les mots d\u2019ordre donn\u00e9s aux forces de l\u2019ordre. Chef de service \u00e0 la police municipale, Yoann, assure\u00a0que \u00ab\u00a0les gens comprennent les mesures, et globalement, les Bordelais sont respectueux des r\u00e8gles qu\u2019on leur impose, m\u00eame si c\u2019est compliqu\u00e9. On n\u2019est pas l\u00e0 pour distribuer des amendes \u00e0 tout va, mais pour faire\u00a0de la pr\u00e9vention.\u00a0\u00bb<\/p>\n<p>Plusieurs groupes s&rsquo;\u00e9taient r\u00e9unis ce dimanche sur les quais de Bordeaux &#8211; Micka\u00ebl Bosredon\/20MinutesLes jeunes pr\u00e9sents sur les quais dimanche, entendent le message. Louis, 23 ans, au milieu d\u2019un groupe de personnes r\u00e9unies pour f\u00eater l\u2019anniversaire d\u2019une amie, assure que \u00ab\u00a0l\u2019on comprend cet arr\u00eat\u00e9, car il vaut mieux interdire l\u2019alcool que la fermeture des quais, c\u2019est s\u00fbr.\u00a0\u00bb Mathis, 22 ans, assis un peu plus loin avec des amis, est plus fataliste. \u00ab\u00a0Il y a tellement de restrictions, qu\u2019une de plus\u2026\u00a0\u00bb Mais le groupe de copains pr\u00e9vient \u00ab\u00a0qu\u2019avec\u00a0le retour des beaux jours, cela va \u00eatre tr\u00e8s compliqu\u00e9 de maintenir encore longtemps ces mesures. On veut le retour des terrasses, sinon les gens vont devenir fous\u00a0!\u00a0\u00bb<\/p>\n<p>\u00ab\u00a0Avec le retour des beaux jours cela peut commencer \u00e0 \u00eatre difficile \u00e0 g\u00e9rer\u00a0\u00bb<\/p>\n<p>Les agents en patrouille restent fermes dans l\u2019application des gestes barri\u00e8re. Demandent \u00e0 ceux qui ne l\u2019ont pas de porter le masque. Mais comprennent aussi cette lassitude. \u00ab\u00a0On esp\u00e8re tous que la situation ne va pas durer trop longtemps, assure le policier Yoann, car avec le retour des beaux jours cela peut commencer \u00e0 \u00eatre difficile \u00e0 g\u00e9rer. La r\u00e9ouverture des bars et des restaurants sera \u00e0 surveiller aussi, car tout le monde va vouloir \u00e0 nouveau profiter de la vie.\u00a0\u00bb<\/p>\n<p>L\u2019arr\u00eat\u00e9 interdisant la consommation d\u2019alcool, est en vigueur jusqu\u2019au 18\u00a0mars. Amine Smihi rappelle par ailleurs que Pierre Hurmic a demand\u00e9 \u00e0 repousser le couvre-feu \u00e0 Bordeaux \u00e0 20 heures, au lieu de 18 heures. Sans succ\u00e8s pour le moment.<\/p>\n<p>\n<!--noindex--><br \/>\n<a href=\"https:\/\/www.20minutes.fr\/bordeaux\/2993123-20210308-coronavirus-bordeaux-quais-controles-interdiction-alcool-multiplient-jeunesse-ronge-frein#xtor=RSS-149\" rel=\"nofollow\">Source link <\/a><br \/>\n<!--\/noindex--><\/p>\n","protected":false},"excerpt":{"rendered":"<p>La police municipale a effectu\u00e9 des contr\u00f4les et de la pr\u00e9vention, dimanche sur les quais de Bordeaux \u2014 Micka\u00ebl Bosredon\/20 Minutes L\u2019adjoint au maire de Bordeaux en charge de la s\u00e9curit\u00e9, d\u00e9plore que certains \u00e9tablissements continuent la vente \u00e0 emporter d&rsquo;alcool, notamment sur les quais, alors qu&rsquo;un arr\u00eat\u00e9 interdisant la consommation d&rsquo;alcool sur la voie [&hellip;]<\/p>\n","protected":false},"author":1,"featured_media":968,"comment_status":"open","ping_status":"open","sticky":false,"template":"","format":"standard","meta":{"footnotes":""},"categories":[1],"tags":[],"class_list":["post-967","post","type-post","status-publish","format-standard","has-post-thumbnail","hentry","category-nouvelles"],"yoast_head":"<!-- This site is optimized with the Yoast SEO plugin v27.4 - https:\/\/yoast.com\/product\/yoast-seo-wordpress\/ -->\n<title>Sur les quais, les contr\u00f4les sur l\u2019interdiction de l\u2019alcool se multiplient, la jeunesse ronge son frein - Favorite News<\/title>\n<meta name=\"robots\" content=\"index, follow, max-snippet:-1, max-image-preview:large, max-video-preview:-1\" \/>\n<link rel=\"canonical\" href=\"https:\/\/favorite-news.com\/fr\/sur-les-quais-les-controles-sur-linterdiction-de-lalcool-se-multiplient-la-jeunesse-ronge-son-frein\/\" \/>\n<meta property=\"og:locale\" content=\"fr_FR\" \/>\n<meta property=\"og:type\" content=\"article\" \/>\n<meta property=\"og:title\" content=\"Sur les quais, les contr\u00f4les sur l\u2019interdiction de l\u2019alcool se multiplient, la jeunesse ronge son frein - Favorite News\" \/>\n<meta property=\"og:description\" content=\"La police municipale a effectu\u00e9 des contr\u00f4les et de la pr\u00e9vention, dimanche sur les quais de Bordeaux \u2014 Micka\u00ebl Bosredon\/20 Minutes L\u2019adjoint au maire de Bordeaux en charge de la s\u00e9curit\u00e9, d\u00e9plore que certains \u00e9tablissements continuent la vente \u00e0 emporter d&rsquo;alcool, notamment sur les quais, alors qu&rsquo;un arr\u00eat\u00e9 interdisant la consommation d&rsquo;alcool sur la voie [&hellip;]\" \/>\n<meta property=\"og:url\" content=\"https:\/\/favorite-news.com\/fr\/sur-les-quais-les-controles-sur-linterdiction-de-lalcool-se-multiplient-la-jeunesse-ronge-son-frein\/\" \/>\n<meta property=\"og:site_name\" content=\"Favorite News\" \/>\n<meta property=\"article:published_time\" content=\"2021-03-08T07:37:02+00:00\" \/>\n<meta property=\"article:modified_time\" content=\"2021-03-08T07:37:05+00:00\" \/>\n<meta property=\"og:image\" content=\"https:\/\/favorite-news.com\/fr\/wp-content\/uploads\/sites\/12\/2021\/03\/Sur-les-quais-les-controles-sur-linterdiction-de-lalcool-se.jpg\" \/>\n\t<meta property=\"og:image:width\" content=\"648\" \/>\n\t<meta property=\"og:image:height\" content=\"360\" \/>\n\t<meta property=\"og:image:type\" content=\"image\/jpeg\" \/>\n<meta name=\"author\" content=\"favorite-news\" \/>\n<meta name=\"twitter:card\" content=\"summary_large_image\" \/>\n<meta name=\"twitter:label1\" content=\"\u00c9crit par\" \/>\n\t<meta name=\"twitter:data1\" content=\"favorite-news\" \/>\n\t<meta name=\"twitter:label2\" content=\"Dur\u00e9e de lecture estim\u00e9e\" \/>\n\t<meta name=\"twitter:data2\" content=\"7 minutes\" \/>\n<script type=\"application\/ld+json\" class=\"yoast-schema-graph\">{\"@context\":\"https:\\\/\\\/schema.org\",\"@graph\":[{\"@type\":\"Article\",\"@id\":\"https:\\\/\\\/favorite-news.com\\\/fr\\\/sur-les-quais-les-controles-sur-linterdiction-de-lalcool-se-multiplient-la-jeunesse-ronge-son-frein\\\/#article\",\"isPartOf\":{\"@id\":\"https:\\\/\\\/favorite-news.com\\\/fr\\\/sur-les-quais-les-controles-sur-linterdiction-de-lalcool-se-multiplient-la-jeunesse-ronge-son-frein\\\/\"},\"author\":{\"name\":\"favorite-news\",\"@id\":\"https:\\\/\\\/favorite-news.com\\\/fr\\\/#\\\/schema\\\/person\\\/b66c4cfdd10a5bf16d7d5efda647111f\"},\"headline\":\"Sur les quais, les contr\u00f4les sur l\u2019interdiction de l\u2019alcool se multiplient, la jeunesse ronge son frein\",\"datePublished\":\"2021-03-08T07:37:02+00:00\",\"dateModified\":\"2021-03-08T07:37:05+00:00\",\"mainEntityOfPage\":{\"@id\":\"https:\\\/\\\/favorite-news.com\\\/fr\\\/sur-les-quais-les-controles-sur-linterdiction-de-lalcool-se-multiplient-la-jeunesse-ronge-son-frein\\\/\"},\"wordCount\":1333,\"commentCount\":0,\"image\":{\"@id\":\"https:\\\/\\\/favorite-news.com\\\/fr\\\/sur-les-quais-les-controles-sur-linterdiction-de-lalcool-se-multiplient-la-jeunesse-ronge-son-frein\\\/#primaryimage\"},\"thumbnailUrl\":\"https:\\\/\\\/favorite-news.com\\\/fr\\\/wp-content\\\/uploads\\\/sites\\\/12\\\/2021\\\/03\\\/Sur-les-quais-les-controles-sur-linterdiction-de-lalcool-se.jpg\",\"articleSection\":[\"NOUVELLES\"],\"inLanguage\":\"fr-FR\",\"potentialAction\":[{\"@type\":\"CommentAction\",\"name\":\"Comment\",\"target\":[\"https:\\\/\\\/favorite-news.com\\\/fr\\\/sur-les-quais-les-controles-sur-linterdiction-de-lalcool-se-multiplient-la-jeunesse-ronge-son-frein\\\/#respond\"]}]},{\"@type\":\"WebPage\",\"@id\":\"https:\\\/\\\/favorite-news.com\\\/fr\\\/sur-les-quais-les-controles-sur-linterdiction-de-lalcool-se-multiplient-la-jeunesse-ronge-son-frein\\\/\",\"url\":\"https:\\\/\\\/favorite-news.com\\\/fr\\\/sur-les-quais-les-controles-sur-linterdiction-de-lalcool-se-multiplient-la-jeunesse-ronge-son-frein\\\/\",\"name\":\"Sur les quais, les contr\u00f4les sur l\u2019interdiction de l\u2019alcool se multiplient, la jeunesse ronge son frein - Favorite News\",\"isPartOf\":{\"@id\":\"https:\\\/\\\/favorite-news.com\\\/fr\\\/#website\"},\"primaryImageOfPage\":{\"@id\":\"https:\\\/\\\/favorite-news.com\\\/fr\\\/sur-les-quais-les-controles-sur-linterdiction-de-lalcool-se-multiplient-la-jeunesse-ronge-son-frein\\\/#primaryimage\"},\"image\":{\"@id\":\"https:\\\/\\\/favorite-news.com\\\/fr\\\/sur-les-quais-les-controles-sur-linterdiction-de-lalcool-se-multiplient-la-jeunesse-ronge-son-frein\\\/#primaryimage\"},\"thumbnailUrl\":\"https:\\\/\\\/favorite-news.com\\\/fr\\\/wp-content\\\/uploads\\\/sites\\\/12\\\/2021\\\/03\\\/Sur-les-quais-les-controles-sur-linterdiction-de-lalcool-se.jpg\",\"datePublished\":\"2021-03-08T07:37:02+00:00\",\"dateModified\":\"2021-03-08T07:37:05+00:00\",\"author\":{\"@id\":\"https:\\\/\\\/favorite-news.com\\\/fr\\\/#\\\/schema\\\/person\\\/b66c4cfdd10a5bf16d7d5efda647111f\"},\"breadcrumb\":{\"@id\":\"https:\\\/\\\/favorite-news.com\\\/fr\\\/sur-les-quais-les-controles-sur-linterdiction-de-lalcool-se-multiplient-la-jeunesse-ronge-son-frein\\\/#breadcrumb\"},\"inLanguage\":\"fr-FR\",\"potentialAction\":[{\"@type\":\"ReadAction\",\"target\":[\"https:\\\/\\\/favorite-news.com\\\/fr\\\/sur-les-quais-les-controles-sur-linterdiction-de-lalcool-se-multiplient-la-jeunesse-ronge-son-frein\\\/\"]}]},{\"@type\":\"ImageObject\",\"inLanguage\":\"fr-FR\",\"@id\":\"https:\\\/\\\/favorite-news.com\\\/fr\\\/sur-les-quais-les-controles-sur-linterdiction-de-lalcool-se-multiplient-la-jeunesse-ronge-son-frein\\\/#primaryimage\",\"url\":\"https:\\\/\\\/favorite-news.com\\\/fr\\\/wp-content\\\/uploads\\\/sites\\\/12\\\/2021\\\/03\\\/Sur-les-quais-les-controles-sur-linterdiction-de-lalcool-se.jpg\",\"contentUrl\":\"https:\\\/\\\/favorite-news.com\\\/fr\\\/wp-content\\\/uploads\\\/sites\\\/12\\\/2021\\\/03\\\/Sur-les-quais-les-controles-sur-linterdiction-de-lalcool-se.jpg\",\"width\":648,\"height\":360,\"caption\":\"Sur les quais, les contr\u00f4les sur l\u2019interdiction de l\u2019alcool se multiplient, la jeunesse ronge son frein\"},{\"@type\":\"BreadcrumbList\",\"@id\":\"https:\\\/\\\/favorite-news.com\\\/fr\\\/sur-les-quais-les-controles-sur-linterdiction-de-lalcool-se-multiplient-la-jeunesse-ronge-son-frein\\\/#breadcrumb\",\"itemListElement\":[{\"@type\":\"ListItem\",\"position\":1,\"name\":\"Home\",\"item\":\"https:\\\/\\\/favorite-news.com\\\/fr\\\/\"},{\"@type\":\"ListItem\",\"position\":2,\"name\":\"Sur les quais, les contr\u00f4les sur l\u2019interdiction de l\u2019alcool se multiplient, la jeunesse ronge son frein\"}]},{\"@type\":\"WebSite\",\"@id\":\"https:\\\/\\\/favorite-news.com\\\/fr\\\/#website\",\"url\":\"https:\\\/\\\/favorite-news.com\\\/fr\\\/\",\"name\":\"Favorite News\",\"description\":\"Favorite News France\",\"potentialAction\":[{\"@type\":\"SearchAction\",\"target\":{\"@type\":\"EntryPoint\",\"urlTemplate\":\"https:\\\/\\\/favorite-news.com\\\/fr\\\/?s={search_term_string}\"},\"query-input\":{\"@type\":\"PropertyValueSpecification\",\"valueRequired\":true,\"valueName\":\"search_term_string\"}}],\"inLanguage\":\"fr-FR\"},{\"@type\":\"Person\",\"@id\":\"https:\\\/\\\/favorite-news.com\\\/fr\\\/#\\\/schema\\\/person\\\/b66c4cfdd10a5bf16d7d5efda647111f\",\"name\":\"favorite-news\",\"image\":{\"@type\":\"ImageObject\",\"inLanguage\":\"fr-FR\",\"@id\":\"https:\\\/\\\/secure.gravatar.com\\\/avatar\\\/f89959e01423a9ee3c2debbcf830eb021c575de0e1b3781ca3ae392b71c615a1?s=96&d=mm&r=g\",\"url\":\"https:\\\/\\\/secure.gravatar.com\\\/avatar\\\/f89959e01423a9ee3c2debbcf830eb021c575de0e1b3781ca3ae392b71c615a1?s=96&d=mm&r=g\",\"contentUrl\":\"https:\\\/\\\/secure.gravatar.com\\\/avatar\\\/f89959e01423a9ee3c2debbcf830eb021c575de0e1b3781ca3ae392b71c615a1?s=96&d=mm&r=g\",\"caption\":\"favorite-news\"},\"url\":\"https:\\\/\\\/favorite-news.com\\\/fr\\\/author\\\/ruby\\\/\"}]}<\/script>\n<!-- \/ Yoast SEO plugin. -->","yoast_head_json":{"title":"Sur les quais, les contr\u00f4les sur l\u2019interdiction de l\u2019alcool se multiplient, la jeunesse ronge son frein - Favorite News","robots":{"index":"index","follow":"follow","max-snippet":"max-snippet:-1","max-image-preview":"max-image-preview:large","max-video-preview":"max-video-preview:-1"},"canonical":"https:\/\/favorite-news.com\/fr\/sur-les-quais-les-controles-sur-linterdiction-de-lalcool-se-multiplient-la-jeunesse-ronge-son-frein\/","og_locale":"fr_FR","og_type":"article","og_title":"Sur les quais, les contr\u00f4les sur l\u2019interdiction de l\u2019alcool se multiplient, la jeunesse ronge son frein - Favorite News","og_description":"La police municipale a effectu\u00e9 des contr\u00f4les et de la pr\u00e9vention, dimanche sur les quais de Bordeaux \u2014 Micka\u00ebl Bosredon\/20 Minutes L\u2019adjoint au maire de Bordeaux en charge de la s\u00e9curit\u00e9, d\u00e9plore que certains \u00e9tablissements continuent la vente \u00e0 emporter d&rsquo;alcool, notamment sur les quais, alors qu&rsquo;un arr\u00eat\u00e9 interdisant la consommation d&rsquo;alcool sur la voie [&hellip;]","og_url":"https:\/\/favorite-news.com\/fr\/sur-les-quais-les-controles-sur-linterdiction-de-lalcool-se-multiplient-la-jeunesse-ronge-son-frein\/","og_site_name":"Favorite News","article_published_time":"2021-03-08T07:37:02+00:00","article_modified_time":"2021-03-08T07:37:05+00:00","og_image":[{"width":648,"height":360,"url":"https:\/\/favorite-news.com\/fr\/wp-content\/uploads\/sites\/12\/2021\/03\/Sur-les-quais-les-controles-sur-linterdiction-de-lalcool-se.jpg","type":"image\/jpeg"}],"author":"favorite-news","twitter_card":"summary_large_image","twitter_misc":{"\u00c9crit par":"favorite-news","Dur\u00e9e de lecture estim\u00e9e":"7 minutes"},"schema":{"@context":"https:\/\/schema.org","@graph":[{"@type":"Article","@id":"https:\/\/favorite-news.com\/fr\/sur-les-quais-les-controles-sur-linterdiction-de-lalcool-se-multiplient-la-jeunesse-ronge-son-frein\/#article","isPartOf":{"@id":"https:\/\/favorite-news.com\/fr\/sur-les-quais-les-controles-sur-linterdiction-de-lalcool-se-multiplient-la-jeunesse-ronge-son-frein\/"},"author":{"name":"favorite-news","@id":"https:\/\/favorite-news.com\/fr\/#\/schema\/person\/b66c4cfdd10a5bf16d7d5efda647111f"},"headline":"Sur les quais, les contr\u00f4les sur l\u2019interdiction de l\u2019alcool se multiplient, la jeunesse ronge son frein","datePublished":"2021-03-08T07:37:02+00:00","dateModified":"2021-03-08T07:37:05+00:00","mainEntityOfPage":{"@id":"https:\/\/favorite-news.com\/fr\/sur-les-quais-les-controles-sur-linterdiction-de-lalcool-se-multiplient-la-jeunesse-ronge-son-frein\/"},"wordCount":1333,"commentCount":0,"image":{"@id":"https:\/\/favorite-news.com\/fr\/sur-les-quais-les-controles-sur-linterdiction-de-lalcool-se-multiplient-la-jeunesse-ronge-son-frein\/#primaryimage"},"thumbnailUrl":"https:\/\/favorite-news.com\/fr\/wp-content\/uploads\/sites\/12\/2021\/03\/Sur-les-quais-les-controles-sur-linterdiction-de-lalcool-se.jpg","articleSection":["NOUVELLES"],"inLanguage":"fr-FR","potentialAction":[{"@type":"CommentAction","name":"Comment","target":["https:\/\/favorite-news.com\/fr\/sur-les-quais-les-controles-sur-linterdiction-de-lalcool-se-multiplient-la-jeunesse-ronge-son-frein\/#respond"]}]},{"@type":"WebPage","@id":"https:\/\/favorite-news.com\/fr\/sur-les-quais-les-controles-sur-linterdiction-de-lalcool-se-multiplient-la-jeunesse-ronge-son-frein\/","url":"https:\/\/favorite-news.com\/fr\/sur-les-quais-les-controles-sur-linterdiction-de-lalcool-se-multiplient-la-jeunesse-ronge-son-frein\/","name":"Sur les quais, les contr\u00f4les sur l\u2019interdiction de l\u2019alcool se multiplient, la jeunesse ronge son frein - Favorite News","isPartOf":{"@id":"https:\/\/favorite-news.com\/fr\/#website"},"primaryImageOfPage":{"@id":"https:\/\/favorite-news.com\/fr\/sur-les-quais-les-controles-sur-linterdiction-de-lalcool-se-multiplient-la-jeunesse-ronge-son-frein\/#primaryimage"},"image":{"@id":"https:\/\/favorite-news.com\/fr\/sur-les-quais-les-controles-sur-linterdiction-de-lalcool-se-multiplient-la-jeunesse-ronge-son-frein\/#primaryimage"},"thumbnailUrl":"https:\/\/favorite-news.com\/fr\/wp-content\/uploads\/sites\/12\/2021\/03\/Sur-les-quais-les-controles-sur-linterdiction-de-lalcool-se.jpg","datePublished":"2021-03-08T07:37:02+00:00","dateModified":"2021-03-08T07:37:05+00:00","author":{"@id":"https:\/\/favorite-news.com\/fr\/#\/schema\/person\/b66c4cfdd10a5bf16d7d5efda647111f"},"breadcrumb":{"@id":"https:\/\/favorite-news.com\/fr\/sur-les-quais-les-controles-sur-linterdiction-de-lalcool-se-multiplient-la-jeunesse-ronge-son-frein\/#breadcrumb"},"inLanguage":"fr-FR","potentialAction":[{"@type":"ReadAction","target":["https:\/\/favorite-news.com\/fr\/sur-les-quais-les-controles-sur-linterdiction-de-lalcool-se-multiplient-la-jeunesse-ronge-son-frein\/"]}]},{"@type":"ImageObject","inLanguage":"fr-FR","@id":"https:\/\/favorite-news.com\/fr\/sur-les-quais-les-controles-sur-linterdiction-de-lalcool-se-multiplient-la-jeunesse-ronge-son-frein\/#primaryimage","url":"https:\/\/favorite-news.com\/fr\/wp-content\/uploads\/sites\/12\/2021\/03\/Sur-les-quais-les-controles-sur-linterdiction-de-lalcool-se.jpg","contentUrl":"https:\/\/favorite-news.com\/fr\/wp-content\/uploads\/sites\/12\/2021\/03\/Sur-les-quais-les-controles-sur-linterdiction-de-lalcool-se.jpg","width":648,"height":360,"caption":"Sur les quais, les contr\u00f4les sur l\u2019interdiction de l\u2019alcool se multiplient, la jeunesse ronge son frein"},{"@type":"BreadcrumbList","@id":"https:\/\/favorite-news.com\/fr\/sur-les-quais-les-controles-sur-linterdiction-de-lalcool-se-multiplient-la-jeunesse-ronge-son-frein\/#breadcrumb","itemListElement":[{"@type":"ListItem","position":1,"name":"Home","item":"https:\/\/favorite-news.com\/fr\/"},{"@type":"ListItem","position":2,"name":"Sur les quais, les contr\u00f4les sur l\u2019interdiction de l\u2019alcool se multiplient, la jeunesse ronge son frein"}]},{"@type":"WebSite","@id":"https:\/\/favorite-news.com\/fr\/#website","url":"https:\/\/favorite-news.com\/fr\/","name":"Favorite News","description":"Favorite News France","potentialAction":[{"@type":"SearchAction","target":{"@type":"EntryPoint","urlTemplate":"https:\/\/favorite-news.com\/fr\/?s={search_term_string}"},"query-input":{"@type":"PropertyValueSpecification","valueRequired":true,"valueName":"search_term_string"}}],"inLanguage":"fr-FR"},{"@type":"Person","@id":"https:\/\/favorite-news.com\/fr\/#\/schema\/person\/b66c4cfdd10a5bf16d7d5efda647111f","name":"favorite-news","image":{"@type":"ImageObject","inLanguage":"fr-FR","@id":"https:\/\/secure.gravatar.com\/avatar\/f89959e01423a9ee3c2debbcf830eb021c575de0e1b3781ca3ae392b71c615a1?s=96&d=mm&r=g","url":"https:\/\/secure.gravatar.com\/avatar\/f89959e01423a9ee3c2debbcf830eb021c575de0e1b3781ca3ae392b71c615a1?s=96&d=mm&r=g","contentUrl":"https:\/\/secure.gravatar.com\/avatar\/f89959e01423a9ee3c2debbcf830eb021c575de0e1b3781ca3ae392b71c615a1?s=96&d=mm&r=g","caption":"favorite-news"},"url":"https:\/\/favorite-news.com\/fr\/author\/ruby\/"}]}},"_links":{"self":[{"href":"https:\/\/favorite-news.com\/fr\/wp-json\/wp\/v2\/posts\/967","targetHints":{"allow":["GET"]}}],"collection":[{"href":"https:\/\/favorite-news.com\/fr\/wp-json\/wp\/v2\/posts"}],"about":[{"href":"https:\/\/favorite-news.com\/fr\/wp-json\/wp\/v2\/types\/post"}],"author":[{"embeddable":true,"href":"https:\/\/favorite-news.com\/fr\/wp-json\/wp\/v2\/users\/1"}],"replies":[{"embeddable":true,"href":"https:\/\/favorite-news.com\/fr\/wp-json\/wp\/v2\/comments?post=967"}],"version-history":[{"count":1,"href":"https:\/\/favorite-news.com\/fr\/wp-json\/wp\/v2\/posts\/967\/revisions"}],"predecessor-version":[{"id":969,"href":"https:\/\/favorite-news.com\/fr\/wp-json\/wp\/v2\/posts\/967\/revisions\/969"}],"wp:featuredmedia":[{"embeddable":true,"href":"https:\/\/favorite-news.com\/fr\/wp-json\/wp\/v2\/media\/968"}],"wp:attachment":[{"href":"https:\/\/favorite-news.com\/fr\/wp-json\/wp\/v2\/media?parent=967"}],"wp:term":[{"taxonomy":"category","embeddable":true,"href":"https:\/\/favorite-news.com\/fr\/wp-json\/wp\/v2\/categories?post=967"},{"taxonomy":"post_tag","embeddable":true,"href":"https:\/\/favorite-news.com\/fr\/wp-json\/wp\/v2\/tags?post=967"}],"curies":[{"name":"wp","href":"https:\/\/api.w.org\/{rel}","templated":true}]}}