{"id":964,"date":"2021-03-08T02:19:53","date_gmt":"2021-03-08T02:19:53","guid":{"rendered":"https:\/\/favorite-news.com\/fr\/le-depute-olivier-dassault-meurt-dans-un-accident-dhelicoptere\/"},"modified":"2021-03-08T02:19:56","modified_gmt":"2021-03-08T02:19:56","slug":"le-depute-olivier-dassault-meurt-dans-un-accident-dhelicoptere","status":"publish","type":"post","link":"https:\/\/favorite-news.com\/fr\/le-depute-olivier-dassault-meurt-dans-un-accident-dhelicoptere\/","title":{"rendered":"Le d\u00e9put\u00e9 Olivier Dassault meurt dans un accident d&rsquo;h\u00e9licopt\u00e8re"},"content":{"rendered":"<p>                Olivier Dassault  \u2014 Stephane Lemouton-POOL\/SIPA<br \/>\n            Le d\u00e9put\u00e9 Les R\u00e9publicains Olivier Dassault est d\u00e9c\u00e9d\u00e9 ce dimanche, apr\u00e8s un accident d&rsquo;h\u00e9licopt\u00e8re, a appris l&rsquo;AFP, confirmant une information du Parisien et d&rsquo;Europe 1. Olivier Dassault, \u00e9lu de l&rsquo;Oise depuis 2002, \u00e9tait \u00e2g\u00e9 de 69 ans. Selon les premiers \u00e9l\u00e9ments, l&rsquo;h\u00e9licopt\u00e8re dans lequel il se trouvait s&rsquo;est crash\u00e9 sur la c\u00f4te normande,\u00a0\u00e0 Touques, tout pr\u00e8s\u00a0de Deauville.\u00a0<\/p>\n<p>Fils du c\u00e9l\u00e8bre industriel Serge Dassault, Olivier Dassault avait suivi une carri\u00e8re \u00e0 la fois politique et entrepreneuriale. Elu d\u00e9put\u00e9 pour la premi\u00e8re fois en 1988, il avait occup\u00e9\u00a0en parall\u00e8le plusieurs fonctions au sein du groupe Dassault.\u00a0<\/p>\n<p>L&rsquo;hommage d&rsquo;Emmanuel Macron<\/p>\n<p>Ce dimanche, Emmanuel Macron lui a rendu hommage dans un tweet. \u00ab Olivier Dassault aimait la France. Capitaine d&rsquo;industrie, d\u00e9put\u00e9, \u00e9lu local, commandant de r\u00e9serve dans l&rsquo;arm\u00e9e de l&rsquo;air:\u00a0sa vie durant, il ne cessa de servir notre pays, d&rsquo;en valoriser les atouts. Son d\u00e9c\u00e8s brutal est une grande perte. Pens\u00e9es \u00e0 sa famille et \u00e0 ses proches \u00bb, a \u00e9crit le chef de l&rsquo;Etat.\u00a0<\/p>\n<p>Delphine Mienniel, procureur de la R\u00e9publique de Lisieux, a confirm\u00e9 \u00e0 l&rsquo;AFP le d\u00e9c\u00e8s d&rsquo;Olivier Dassault et du pilote, qui \u00e9taient les seuls occupants de l&rsquo;appareil. Le parquet a saisi la section des recherches de la gendarmerie des transports a\u00e9riens, charg\u00e9e de l&rsquo;enqu\u00eate.<\/p>\n<p>Appel\u00e9 un temps \u00e0 reprendre la holding familiale\u00a0<\/p>\n<p>Le magazine Forbes classait Olivier Dassault comme la 361e fortune mondiale en 2020, \u00e0 \u00e9galit\u00e9 avec ses deux fr\u00e8res et sa soeur avec environ 5 milliards d&rsquo;euros chacun. Apr\u00e8s le d\u00e9c\u00e8s de son grand-p\u00e8re, Marcel Dassault, en 1986, son p\u00e8re, Serge, l&rsquo;avait nomm\u00e9 directeur-adjoint d&rsquo;Europe Falcon Service et directeur de la strat\u00e9gie des avions civils de l&rsquo;entreprise Dassault Aviation, fabriquant des avions de combat Rafale et avions d&rsquo;affaires Falcon.<\/p>\n<p>En 2011, il avait \u00e9t\u00e9 nomm\u00e9 pr\u00e9sident du conseil de surveillance du groupe Dassault, le pla\u00e7ant en bonne position pour reprendre un jour la holding familiale. Mais sept plus tard, quelques mois avant la mort de son p\u00e8re, il avait annonc\u00e9 \u00e0 l&rsquo;AFP sa d\u00e9cision de d\u00e9missionner de la pr\u00e9sidence du conseil de surveillance de la holding familiale \u00ab pour cause d&rsquo;incompatibilit\u00e9 avec son mandat de d\u00e9put\u00e9 \u00bb. Son mandat d&rsquo;administrateur de Dassault Aviation avait toutefois \u00e9t\u00e9 renouvel\u00e9 pour quatre ans en mai 2019.<\/p>\n<p>            Une faute\u00a0?<\/p>\n<p>                8,7K<\/p>\n<p>            partages<\/p>\n<p>\n<!--noindex--><br \/>\n<a href=\"https:\/\/www.20minutes.fr\/politique\/2993175-20210307-depute-olivier-dassault-meurt-accident-helicoptere#xtor=RSS-149\" rel=\"nofollow\">Source link <\/a><br \/>\n<!--\/noindex--><\/p>\n","protected":false},"excerpt":{"rendered":"<p>Olivier Dassault \u2014 Stephane Lemouton-POOL\/SIPA Le d\u00e9put\u00e9 Les R\u00e9publicains Olivier Dassault est d\u00e9c\u00e9d\u00e9 ce dimanche, apr\u00e8s un accident d&rsquo;h\u00e9licopt\u00e8re, a appris l&rsquo;AFP, confirmant une information du Parisien et d&rsquo;Europe 1. Olivier Dassault, \u00e9lu de l&rsquo;Oise depuis 2002, \u00e9tait \u00e2g\u00e9 de 69 ans. Selon les premiers \u00e9l\u00e9ments, l&rsquo;h\u00e9licopt\u00e8re dans lequel il se trouvait s&rsquo;est crash\u00e9 sur [&hellip;]<\/p>\n","protected":false},"author":1,"featured_media":965,"comment_status":"open","ping_status":"open","sticky":false,"template":"","format":"standard","meta":{"footnotes":""},"categories":[1],"tags":[],"class_list":["post-964","post","type-post","status-publish","format-standard","has-post-thumbnail","hentry","category-nouvelles"],"yoast_head":"<!-- This site is optimized with the Yoast SEO plugin v27.4 - https:\/\/yoast.com\/product\/yoast-seo-wordpress\/ -->\n<title>Le d\u00e9put\u00e9 Olivier Dassault meurt dans un accident d&#039;h\u00e9licopt\u00e8re - Favorite News<\/title>\n<meta name=\"robots\" content=\"index, follow, max-snippet:-1, max-image-preview:large, max-video-preview:-1\" \/>\n<link rel=\"canonical\" href=\"https:\/\/favorite-news.com\/fr\/le-depute-olivier-dassault-meurt-dans-un-accident-dhelicoptere\/\" \/>\n<meta property=\"og:locale\" content=\"fr_FR\" \/>\n<meta property=\"og:type\" content=\"article\" \/>\n<meta property=\"og:title\" content=\"Le d\u00e9put\u00e9 Olivier Dassault meurt dans un accident d&#039;h\u00e9licopt\u00e8re - Favorite News\" \/>\n<meta property=\"og:description\" content=\"Olivier Dassault \u2014 Stephane Lemouton-POOL\/SIPA Le d\u00e9put\u00e9 Les R\u00e9publicains Olivier Dassault est d\u00e9c\u00e9d\u00e9 ce dimanche, apr\u00e8s un accident d&rsquo;h\u00e9licopt\u00e8re, a appris l&rsquo;AFP, confirmant une information du Parisien et d&rsquo;Europe 1. Olivier Dassault, \u00e9lu de l&rsquo;Oise depuis 2002, \u00e9tait \u00e2g\u00e9 de 69 ans. Selon les premiers \u00e9l\u00e9ments, l&rsquo;h\u00e9licopt\u00e8re dans lequel il se trouvait s&rsquo;est crash\u00e9 sur [&hellip;]\" \/>\n<meta property=\"og:url\" content=\"https:\/\/favorite-news.com\/fr\/le-depute-olivier-dassault-meurt-dans-un-accident-dhelicoptere\/\" \/>\n<meta property=\"og:site_name\" content=\"Favorite News\" \/>\n<meta property=\"article:published_time\" content=\"2021-03-08T02:19:53+00:00\" \/>\n<meta property=\"article:modified_time\" content=\"2021-03-08T02:19:56+00:00\" \/>\n<meta property=\"og:image\" content=\"https:\/\/favorite-news.com\/fr\/wp-content\/uploads\/sites\/12\/2021\/03\/Le-depute-Olivier-Dassault-meurt-dans-un-accident-dhelicoptere.jpg\" \/>\n\t<meta property=\"og:image:width\" content=\"648\" \/>\n\t<meta property=\"og:image:height\" content=\"360\" \/>\n\t<meta property=\"og:image:type\" content=\"image\/jpeg\" \/>\n<meta name=\"author\" content=\"favorite-news\" \/>\n<meta name=\"twitter:card\" content=\"summary_large_image\" \/>\n<meta name=\"twitter:label1\" content=\"\u00c9crit par\" \/>\n\t<meta name=\"twitter:data1\" content=\"favorite-news\" \/>\n\t<meta name=\"twitter:label2\" content=\"Dur\u00e9e de lecture estim\u00e9e\" \/>\n\t<meta name=\"twitter:data2\" content=\"2 minutes\" \/>\n<script type=\"application\/ld+json\" class=\"yoast-schema-graph\">{\"@context\":\"https:\\\/\\\/schema.org\",\"@graph\":[{\"@type\":\"Article\",\"@id\":\"https:\\\/\\\/favorite-news.com\\\/fr\\\/le-depute-olivier-dassault-meurt-dans-un-accident-dhelicoptere\\\/#article\",\"isPartOf\":{\"@id\":\"https:\\\/\\\/favorite-news.com\\\/fr\\\/le-depute-olivier-dassault-meurt-dans-un-accident-dhelicoptere\\\/\"},\"author\":{\"name\":\"favorite-news\",\"@id\":\"https:\\\/\\\/favorite-news.com\\\/fr\\\/#\\\/schema\\\/person\\\/b66c4cfdd10a5bf16d7d5efda647111f\"},\"headline\":\"Le d\u00e9put\u00e9 Olivier Dassault meurt dans un accident d&rsquo;h\u00e9licopt\u00e8re\",\"datePublished\":\"2021-03-08T02:19:53+00:00\",\"dateModified\":\"2021-03-08T02:19:56+00:00\",\"mainEntityOfPage\":{\"@id\":\"https:\\\/\\\/favorite-news.com\\\/fr\\\/le-depute-olivier-dassault-meurt-dans-un-accident-dhelicoptere\\\/\"},\"wordCount\":441,\"commentCount\":0,\"image\":{\"@id\":\"https:\\\/\\\/favorite-news.com\\\/fr\\\/le-depute-olivier-dassault-meurt-dans-un-accident-dhelicoptere\\\/#primaryimage\"},\"thumbnailUrl\":\"https:\\\/\\\/favorite-news.com\\\/fr\\\/wp-content\\\/uploads\\\/sites\\\/12\\\/2021\\\/03\\\/Le-depute-Olivier-Dassault-meurt-dans-un-accident-dhelicoptere.jpg\",\"articleSection\":[\"NOUVELLES\"],\"inLanguage\":\"fr-FR\",\"potentialAction\":[{\"@type\":\"CommentAction\",\"name\":\"Comment\",\"target\":[\"https:\\\/\\\/favorite-news.com\\\/fr\\\/le-depute-olivier-dassault-meurt-dans-un-accident-dhelicoptere\\\/#respond\"]}]},{\"@type\":\"WebPage\",\"@id\":\"https:\\\/\\\/favorite-news.com\\\/fr\\\/le-depute-olivier-dassault-meurt-dans-un-accident-dhelicoptere\\\/\",\"url\":\"https:\\\/\\\/favorite-news.com\\\/fr\\\/le-depute-olivier-dassault-meurt-dans-un-accident-dhelicoptere\\\/\",\"name\":\"Le d\u00e9put\u00e9 Olivier Dassault meurt dans un accident d'h\u00e9licopt\u00e8re - Favorite News\",\"isPartOf\":{\"@id\":\"https:\\\/\\\/favorite-news.com\\\/fr\\\/#website\"},\"primaryImageOfPage\":{\"@id\":\"https:\\\/\\\/favorite-news.com\\\/fr\\\/le-depute-olivier-dassault-meurt-dans-un-accident-dhelicoptere\\\/#primaryimage\"},\"image\":{\"@id\":\"https:\\\/\\\/favorite-news.com\\\/fr\\\/le-depute-olivier-dassault-meurt-dans-un-accident-dhelicoptere\\\/#primaryimage\"},\"thumbnailUrl\":\"https:\\\/\\\/favorite-news.com\\\/fr\\\/wp-content\\\/uploads\\\/sites\\\/12\\\/2021\\\/03\\\/Le-depute-Olivier-Dassault-meurt-dans-un-accident-dhelicoptere.jpg\",\"datePublished\":\"2021-03-08T02:19:53+00:00\",\"dateModified\":\"2021-03-08T02:19:56+00:00\",\"author\":{\"@id\":\"https:\\\/\\\/favorite-news.com\\\/fr\\\/#\\\/schema\\\/person\\\/b66c4cfdd10a5bf16d7d5efda647111f\"},\"breadcrumb\":{\"@id\":\"https:\\\/\\\/favorite-news.com\\\/fr\\\/le-depute-olivier-dassault-meurt-dans-un-accident-dhelicoptere\\\/#breadcrumb\"},\"inLanguage\":\"fr-FR\",\"potentialAction\":[{\"@type\":\"ReadAction\",\"target\":[\"https:\\\/\\\/favorite-news.com\\\/fr\\\/le-depute-olivier-dassault-meurt-dans-un-accident-dhelicoptere\\\/\"]}]},{\"@type\":\"ImageObject\",\"inLanguage\":\"fr-FR\",\"@id\":\"https:\\\/\\\/favorite-news.com\\\/fr\\\/le-depute-olivier-dassault-meurt-dans-un-accident-dhelicoptere\\\/#primaryimage\",\"url\":\"https:\\\/\\\/favorite-news.com\\\/fr\\\/wp-content\\\/uploads\\\/sites\\\/12\\\/2021\\\/03\\\/Le-depute-Olivier-Dassault-meurt-dans-un-accident-dhelicoptere.jpg\",\"contentUrl\":\"https:\\\/\\\/favorite-news.com\\\/fr\\\/wp-content\\\/uploads\\\/sites\\\/12\\\/2021\\\/03\\\/Le-depute-Olivier-Dassault-meurt-dans-un-accident-dhelicoptere.jpg\",\"width\":648,\"height\":360,\"caption\":\"Le d\u00e9put\u00e9 Olivier Dassault meurt dans un accident d'h\u00e9licopt\u00e8re\"},{\"@type\":\"BreadcrumbList\",\"@id\":\"https:\\\/\\\/favorite-news.com\\\/fr\\\/le-depute-olivier-dassault-meurt-dans-un-accident-dhelicoptere\\\/#breadcrumb\",\"itemListElement\":[{\"@type\":\"ListItem\",\"position\":1,\"name\":\"Home\",\"item\":\"https:\\\/\\\/favorite-news.com\\\/fr\\\/\"},{\"@type\":\"ListItem\",\"position\":2,\"name\":\"Le d\u00e9put\u00e9 Olivier Dassault meurt dans un accident d&rsquo;h\u00e9licopt\u00e8re\"}]},{\"@type\":\"WebSite\",\"@id\":\"https:\\\/\\\/favorite-news.com\\\/fr\\\/#website\",\"url\":\"https:\\\/\\\/favorite-news.com\\\/fr\\\/\",\"name\":\"Favorite News\",\"description\":\"Favorite News France\",\"potentialAction\":[{\"@type\":\"SearchAction\",\"target\":{\"@type\":\"EntryPoint\",\"urlTemplate\":\"https:\\\/\\\/favorite-news.com\\\/fr\\\/?s={search_term_string}\"},\"query-input\":{\"@type\":\"PropertyValueSpecification\",\"valueRequired\":true,\"valueName\":\"search_term_string\"}}],\"inLanguage\":\"fr-FR\"},{\"@type\":\"Person\",\"@id\":\"https:\\\/\\\/favorite-news.com\\\/fr\\\/#\\\/schema\\\/person\\\/b66c4cfdd10a5bf16d7d5efda647111f\",\"name\":\"favorite-news\",\"image\":{\"@type\":\"ImageObject\",\"inLanguage\":\"fr-FR\",\"@id\":\"https:\\\/\\\/secure.gravatar.com\\\/avatar\\\/f89959e01423a9ee3c2debbcf830eb021c575de0e1b3781ca3ae392b71c615a1?s=96&d=mm&r=g\",\"url\":\"https:\\\/\\\/secure.gravatar.com\\\/avatar\\\/f89959e01423a9ee3c2debbcf830eb021c575de0e1b3781ca3ae392b71c615a1?s=96&d=mm&r=g\",\"contentUrl\":\"https:\\\/\\\/secure.gravatar.com\\\/avatar\\\/f89959e01423a9ee3c2debbcf830eb021c575de0e1b3781ca3ae392b71c615a1?s=96&d=mm&r=g\",\"caption\":\"favorite-news\"},\"url\":\"https:\\\/\\\/favorite-news.com\\\/fr\\\/author\\\/ruby\\\/\"}]}<\/script>\n<!-- \/ Yoast SEO plugin. -->","yoast_head_json":{"title":"Le d\u00e9put\u00e9 Olivier Dassault meurt dans un accident d'h\u00e9licopt\u00e8re - Favorite News","robots":{"index":"index","follow":"follow","max-snippet":"max-snippet:-1","max-image-preview":"max-image-preview:large","max-video-preview":"max-video-preview:-1"},"canonical":"https:\/\/favorite-news.com\/fr\/le-depute-olivier-dassault-meurt-dans-un-accident-dhelicoptere\/","og_locale":"fr_FR","og_type":"article","og_title":"Le d\u00e9put\u00e9 Olivier Dassault meurt dans un accident d'h\u00e9licopt\u00e8re - Favorite News","og_description":"Olivier Dassault \u2014 Stephane Lemouton-POOL\/SIPA Le d\u00e9put\u00e9 Les R\u00e9publicains Olivier Dassault est d\u00e9c\u00e9d\u00e9 ce dimanche, apr\u00e8s un accident d&rsquo;h\u00e9licopt\u00e8re, a appris l&rsquo;AFP, confirmant une information du Parisien et d&rsquo;Europe 1. Olivier Dassault, \u00e9lu de l&rsquo;Oise depuis 2002, \u00e9tait \u00e2g\u00e9 de 69 ans. Selon les premiers \u00e9l\u00e9ments, l&rsquo;h\u00e9licopt\u00e8re dans lequel il se trouvait s&rsquo;est crash\u00e9 sur [&hellip;]","og_url":"https:\/\/favorite-news.com\/fr\/le-depute-olivier-dassault-meurt-dans-un-accident-dhelicoptere\/","og_site_name":"Favorite News","article_published_time":"2021-03-08T02:19:53+00:00","article_modified_time":"2021-03-08T02:19:56+00:00","og_image":[{"width":648,"height":360,"url":"https:\/\/favorite-news.com\/fr\/wp-content\/uploads\/sites\/12\/2021\/03\/Le-depute-Olivier-Dassault-meurt-dans-un-accident-dhelicoptere.jpg","type":"image\/jpeg"}],"author":"favorite-news","twitter_card":"summary_large_image","twitter_misc":{"\u00c9crit par":"favorite-news","Dur\u00e9e de lecture estim\u00e9e":"2 minutes"},"schema":{"@context":"https:\/\/schema.org","@graph":[{"@type":"Article","@id":"https:\/\/favorite-news.com\/fr\/le-depute-olivier-dassault-meurt-dans-un-accident-dhelicoptere\/#article","isPartOf":{"@id":"https:\/\/favorite-news.com\/fr\/le-depute-olivier-dassault-meurt-dans-un-accident-dhelicoptere\/"},"author":{"name":"favorite-news","@id":"https:\/\/favorite-news.com\/fr\/#\/schema\/person\/b66c4cfdd10a5bf16d7d5efda647111f"},"headline":"Le d\u00e9put\u00e9 Olivier Dassault meurt dans un accident d&rsquo;h\u00e9licopt\u00e8re","datePublished":"2021-03-08T02:19:53+00:00","dateModified":"2021-03-08T02:19:56+00:00","mainEntityOfPage":{"@id":"https:\/\/favorite-news.com\/fr\/le-depute-olivier-dassault-meurt-dans-un-accident-dhelicoptere\/"},"wordCount":441,"commentCount":0,"image":{"@id":"https:\/\/favorite-news.com\/fr\/le-depute-olivier-dassault-meurt-dans-un-accident-dhelicoptere\/#primaryimage"},"thumbnailUrl":"https:\/\/favorite-news.com\/fr\/wp-content\/uploads\/sites\/12\/2021\/03\/Le-depute-Olivier-Dassault-meurt-dans-un-accident-dhelicoptere.jpg","articleSection":["NOUVELLES"],"inLanguage":"fr-FR","potentialAction":[{"@type":"CommentAction","name":"Comment","target":["https:\/\/favorite-news.com\/fr\/le-depute-olivier-dassault-meurt-dans-un-accident-dhelicoptere\/#respond"]}]},{"@type":"WebPage","@id":"https:\/\/favorite-news.com\/fr\/le-depute-olivier-dassault-meurt-dans-un-accident-dhelicoptere\/","url":"https:\/\/favorite-news.com\/fr\/le-depute-olivier-dassault-meurt-dans-un-accident-dhelicoptere\/","name":"Le d\u00e9put\u00e9 Olivier Dassault meurt dans un accident d'h\u00e9licopt\u00e8re - Favorite News","isPartOf":{"@id":"https:\/\/favorite-news.com\/fr\/#website"},"primaryImageOfPage":{"@id":"https:\/\/favorite-news.com\/fr\/le-depute-olivier-dassault-meurt-dans-un-accident-dhelicoptere\/#primaryimage"},"image":{"@id":"https:\/\/favorite-news.com\/fr\/le-depute-olivier-dassault-meurt-dans-un-accident-dhelicoptere\/#primaryimage"},"thumbnailUrl":"https:\/\/favorite-news.com\/fr\/wp-content\/uploads\/sites\/12\/2021\/03\/Le-depute-Olivier-Dassault-meurt-dans-un-accident-dhelicoptere.jpg","datePublished":"2021-03-08T02:19:53+00:00","dateModified":"2021-03-08T02:19:56+00:00","author":{"@id":"https:\/\/favorite-news.com\/fr\/#\/schema\/person\/b66c4cfdd10a5bf16d7d5efda647111f"},"breadcrumb":{"@id":"https:\/\/favorite-news.com\/fr\/le-depute-olivier-dassault-meurt-dans-un-accident-dhelicoptere\/#breadcrumb"},"inLanguage":"fr-FR","potentialAction":[{"@type":"ReadAction","target":["https:\/\/favorite-news.com\/fr\/le-depute-olivier-dassault-meurt-dans-un-accident-dhelicoptere\/"]}]},{"@type":"ImageObject","inLanguage":"fr-FR","@id":"https:\/\/favorite-news.com\/fr\/le-depute-olivier-dassault-meurt-dans-un-accident-dhelicoptere\/#primaryimage","url":"https:\/\/favorite-news.com\/fr\/wp-content\/uploads\/sites\/12\/2021\/03\/Le-depute-Olivier-Dassault-meurt-dans-un-accident-dhelicoptere.jpg","contentUrl":"https:\/\/favorite-news.com\/fr\/wp-content\/uploads\/sites\/12\/2021\/03\/Le-depute-Olivier-Dassault-meurt-dans-un-accident-dhelicoptere.jpg","width":648,"height":360,"caption":"Le d\u00e9put\u00e9 Olivier Dassault meurt dans un accident d'h\u00e9licopt\u00e8re"},{"@type":"BreadcrumbList","@id":"https:\/\/favorite-news.com\/fr\/le-depute-olivier-dassault-meurt-dans-un-accident-dhelicoptere\/#breadcrumb","itemListElement":[{"@type":"ListItem","position":1,"name":"Home","item":"https:\/\/favorite-news.com\/fr\/"},{"@type":"ListItem","position":2,"name":"Le d\u00e9put\u00e9 Olivier Dassault meurt dans un accident d&rsquo;h\u00e9licopt\u00e8re"}]},{"@type":"WebSite","@id":"https:\/\/favorite-news.com\/fr\/#website","url":"https:\/\/favorite-news.com\/fr\/","name":"Favorite News","description":"Favorite News France","potentialAction":[{"@type":"SearchAction","target":{"@type":"EntryPoint","urlTemplate":"https:\/\/favorite-news.com\/fr\/?s={search_term_string}"},"query-input":{"@type":"PropertyValueSpecification","valueRequired":true,"valueName":"search_term_string"}}],"inLanguage":"fr-FR"},{"@type":"Person","@id":"https:\/\/favorite-news.com\/fr\/#\/schema\/person\/b66c4cfdd10a5bf16d7d5efda647111f","name":"favorite-news","image":{"@type":"ImageObject","inLanguage":"fr-FR","@id":"https:\/\/secure.gravatar.com\/avatar\/f89959e01423a9ee3c2debbcf830eb021c575de0e1b3781ca3ae392b71c615a1?s=96&d=mm&r=g","url":"https:\/\/secure.gravatar.com\/avatar\/f89959e01423a9ee3c2debbcf830eb021c575de0e1b3781ca3ae392b71c615a1?s=96&d=mm&r=g","contentUrl":"https:\/\/secure.gravatar.com\/avatar\/f89959e01423a9ee3c2debbcf830eb021c575de0e1b3781ca3ae392b71c615a1?s=96&d=mm&r=g","caption":"favorite-news"},"url":"https:\/\/favorite-news.com\/fr\/author\/ruby\/"}]}},"_links":{"self":[{"href":"https:\/\/favorite-news.com\/fr\/wp-json\/wp\/v2\/posts\/964","targetHints":{"allow":["GET"]}}],"collection":[{"href":"https:\/\/favorite-news.com\/fr\/wp-json\/wp\/v2\/posts"}],"about":[{"href":"https:\/\/favorite-news.com\/fr\/wp-json\/wp\/v2\/types\/post"}],"author":[{"embeddable":true,"href":"https:\/\/favorite-news.com\/fr\/wp-json\/wp\/v2\/users\/1"}],"replies":[{"embeddable":true,"href":"https:\/\/favorite-news.com\/fr\/wp-json\/wp\/v2\/comments?post=964"}],"version-history":[{"count":1,"href":"https:\/\/favorite-news.com\/fr\/wp-json\/wp\/v2\/posts\/964\/revisions"}],"predecessor-version":[{"id":966,"href":"https:\/\/favorite-news.com\/fr\/wp-json\/wp\/v2\/posts\/964\/revisions\/966"}],"wp:featuredmedia":[{"embeddable":true,"href":"https:\/\/favorite-news.com\/fr\/wp-json\/wp\/v2\/media\/965"}],"wp:attachment":[{"href":"https:\/\/favorite-news.com\/fr\/wp-json\/wp\/v2\/media?parent=964"}],"wp:term":[{"taxonomy":"category","embeddable":true,"href":"https:\/\/favorite-news.com\/fr\/wp-json\/wp\/v2\/categories?post=964"},{"taxonomy":"post_tag","embeddable":true,"href":"https:\/\/favorite-news.com\/fr\/wp-json\/wp\/v2\/tags?post=964"}],"curies":[{"name":"wp","href":"https:\/\/api.w.org\/{rel}","templated":true}]}}