{"id":958,"date":"2021-03-07T13:59:53","date_gmt":"2021-03-07T13:59:53","guid":{"rendered":"https:\/\/favorite-news.com\/fr\/airbus-debloque-enfin-son-compteur-de-commandes\/"},"modified":"2021-03-18T12:34:06","modified_gmt":"2021-03-18T12:34:06","slug":"airbus-debloque-enfin-son-compteur-de-commandes","status":"publish","type":"post","link":"https:\/\/favorite-news.com\/fr\/airbus-debloque-enfin-son-compteur-de-commandes\/","title":{"rendered":"Airbus d\u00e9bloque (enfin) son compteur de commandes"},"content":{"rendered":"<p>Airbus a notamment vendu en f\u00e9vrier 10 exemplaires de son A320neo. \u2014 A. Pecchi &#8211; Airbus Group<br \/>\nLa fin de trois mois de disette.\u00a0Dans son compteur mensuel, publi\u00e9 vendredi 5\u00a0mars,<br \/>\nAirbus annonce avoir enregistr\u00e9 11 commandes d\u2019avions au mois de f\u00e9vrier\u00a0:\u00a010 A320neo, achet\u00e9s par un client myst\u00e8re, et un A330 de transport militaire. Le compteur des ventes, bloqu\u00e9 depuis le mois de novembre, repart donc pour l\u2019avionneur europ\u00e9en durement touch\u00e9 par la chute impressionnante du trafic a\u00e9rien depuis le d\u00e9but de la<br \/>\ncrise sanitaire et confront\u00e9 par ricochets \u00e0 la frilosit\u00e9 et aux difficult\u00e9s des compagnies a\u00e9riennes.<\/p>\n<p>Pour faire face, le constructeur avait annonc\u00e9 la suppression de 15.000 emplois a travers le monde. Mais il a indiqu\u00e9 jeudi, que ce plan d\u2019\u00e9conomies se ferait sans recourir \u00e0 des licenciements secs dans les pays les plus touch\u00e9s comme la France, l\u2019Allemagne et Royaume-Uni.<\/p>\n<p>Par ailleurs, m\u00eame si les cadences ont \u00e9t\u00e9 r\u00e9duites, le carnet de commandes reste bien garni, \u00e0 plus de 7.000 avions et les cha\u00eenes d\u2019assemblage\u00a0continuent de tourne. En f\u00e9vrier, Airbus a\u00a0remis 32 avions \u00e0 20 compagnies diff\u00e9rentes, dont 29 A320, portant le nombre de livraisons depuis le d\u00e9but de l\u2019ann\u00e9e \u00e0 53 appareils.<\/p>\n<p><script async src=\"https:\/\/platform.twitter.com\/widgets.js\" charset=\"utf-8\"><\/script><\/p>\n<p><!--noindex--><br \/>\n<a href=\"https:\/\/www.20minutes.fr\/economie\/2992975-20210307-aeronautique-airbus-debloque-enfin-compteur-commandes#xtor=RSS-149\" rel=\"nofollow\">Source link <\/a><br \/>\n<!--\/noindex--><\/p>\n","protected":false},"excerpt":{"rendered":"<p>Airbus a notamment vendu en f\u00e9vrier 10 exemplaires de son A320neo. \u2014 A. Pecchi &#8211; Airbus Group La fin de trois mois de disette.\u00a0Dans son compteur mensuel, publi\u00e9 vendredi 5\u00a0mars, Airbus annonce avoir enregistr\u00e9 11 commandes d\u2019avions au mois de f\u00e9vrier\u00a0:\u00a010 A320neo, achet\u00e9s par un client myst\u00e8re, et un A330 de transport militaire. Le compteur [&hellip;]<\/p>\n","protected":false},"author":1,"featured_media":959,"comment_status":"open","ping_status":"open","sticky":false,"template":"","format":"standard","meta":{"footnotes":""},"categories":[1],"tags":[],"class_list":["post-958","post","type-post","status-publish","format-standard","has-post-thumbnail","hentry","category-nouvelles"],"yoast_head":"<!-- This site is optimized with the Yoast SEO plugin v27.4 - https:\/\/yoast.com\/product\/yoast-seo-wordpress\/ -->\n<title>Airbus d\u00e9bloque (enfin) son compteur de commandes - Favorite News<\/title>\n<meta name=\"robots\" content=\"index, follow, max-snippet:-1, max-image-preview:large, max-video-preview:-1\" \/>\n<link rel=\"canonical\" href=\"https:\/\/favorite-news.com\/fr\/airbus-debloque-enfin-son-compteur-de-commandes\/\" \/>\n<meta property=\"og:locale\" content=\"fr_FR\" \/>\n<meta property=\"og:type\" content=\"article\" \/>\n<meta property=\"og:title\" content=\"Airbus d\u00e9bloque (enfin) son compteur de commandes - Favorite News\" \/>\n<meta property=\"og:description\" content=\"Airbus a notamment vendu en f\u00e9vrier 10 exemplaires de son A320neo. \u2014 A. Pecchi &#8211; Airbus Group La fin de trois mois de disette.\u00a0Dans son compteur mensuel, publi\u00e9 vendredi 5\u00a0mars, Airbus annonce avoir enregistr\u00e9 11 commandes d\u2019avions au mois de f\u00e9vrier\u00a0:\u00a010 A320neo, achet\u00e9s par un client myst\u00e8re, et un A330 de transport militaire. Le compteur [&hellip;]\" \/>\n<meta property=\"og:url\" content=\"https:\/\/favorite-news.com\/fr\/airbus-debloque-enfin-son-compteur-de-commandes\/\" \/>\n<meta property=\"og:site_name\" content=\"Favorite News\" \/>\n<meta property=\"article:published_time\" content=\"2021-03-07T13:59:53+00:00\" \/>\n<meta property=\"article:modified_time\" content=\"2021-03-18T12:34:06+00:00\" \/>\n<meta property=\"og:image\" content=\"https:\/\/favorite-news.com\/fr\/wp-content\/uploads\/sites\/12\/2021\/03\/Airbus-debloque-enfin-son-compteur-de-commandes.jpg\" \/>\n\t<meta property=\"og:image:width\" content=\"648\" \/>\n\t<meta property=\"og:image:height\" content=\"360\" \/>\n\t<meta property=\"og:image:type\" content=\"image\/jpeg\" \/>\n<meta name=\"author\" content=\"favorite-news\" \/>\n<meta name=\"twitter:card\" content=\"summary_large_image\" \/>\n<meta name=\"twitter:label1\" content=\"\u00c9crit par\" \/>\n\t<meta name=\"twitter:data1\" content=\"favorite-news\" \/>\n\t<meta name=\"twitter:label2\" content=\"Dur\u00e9e de lecture estim\u00e9e\" \/>\n\t<meta name=\"twitter:data2\" content=\"1 minute\" \/>\n<script type=\"application\/ld+json\" class=\"yoast-schema-graph\">{\"@context\":\"https:\\\/\\\/schema.org\",\"@graph\":[{\"@type\":\"Article\",\"@id\":\"https:\\\/\\\/favorite-news.com\\\/fr\\\/airbus-debloque-enfin-son-compteur-de-commandes\\\/#article\",\"isPartOf\":{\"@id\":\"https:\\\/\\\/favorite-news.com\\\/fr\\\/airbus-debloque-enfin-son-compteur-de-commandes\\\/\"},\"author\":{\"name\":\"favorite-news\",\"@id\":\"https:\\\/\\\/favorite-news.com\\\/fr\\\/#\\\/schema\\\/person\\\/b66c4cfdd10a5bf16d7d5efda647111f\"},\"headline\":\"Airbus d\u00e9bloque (enfin) son compteur de commandes\",\"datePublished\":\"2021-03-07T13:59:53+00:00\",\"dateModified\":\"2021-03-18T12:34:06+00:00\",\"mainEntityOfPage\":{\"@id\":\"https:\\\/\\\/favorite-news.com\\\/fr\\\/airbus-debloque-enfin-son-compteur-de-commandes\\\/\"},\"wordCount\":219,\"commentCount\":0,\"image\":{\"@id\":\"https:\\\/\\\/favorite-news.com\\\/fr\\\/airbus-debloque-enfin-son-compteur-de-commandes\\\/#primaryimage\"},\"thumbnailUrl\":\"https:\\\/\\\/favorite-news.com\\\/fr\\\/wp-content\\\/uploads\\\/sites\\\/12\\\/2021\\\/03\\\/Airbus-debloque-enfin-son-compteur-de-commandes.jpg\",\"articleSection\":[\"NOUVELLES\"],\"inLanguage\":\"fr-FR\",\"potentialAction\":[{\"@type\":\"CommentAction\",\"name\":\"Comment\",\"target\":[\"https:\\\/\\\/favorite-news.com\\\/fr\\\/airbus-debloque-enfin-son-compteur-de-commandes\\\/#respond\"]}]},{\"@type\":\"WebPage\",\"@id\":\"https:\\\/\\\/favorite-news.com\\\/fr\\\/airbus-debloque-enfin-son-compteur-de-commandes\\\/\",\"url\":\"https:\\\/\\\/favorite-news.com\\\/fr\\\/airbus-debloque-enfin-son-compteur-de-commandes\\\/\",\"name\":\"Airbus d\u00e9bloque (enfin) son compteur de commandes - Favorite News\",\"isPartOf\":{\"@id\":\"https:\\\/\\\/favorite-news.com\\\/fr\\\/#website\"},\"primaryImageOfPage\":{\"@id\":\"https:\\\/\\\/favorite-news.com\\\/fr\\\/airbus-debloque-enfin-son-compteur-de-commandes\\\/#primaryimage\"},\"image\":{\"@id\":\"https:\\\/\\\/favorite-news.com\\\/fr\\\/airbus-debloque-enfin-son-compteur-de-commandes\\\/#primaryimage\"},\"thumbnailUrl\":\"https:\\\/\\\/favorite-news.com\\\/fr\\\/wp-content\\\/uploads\\\/sites\\\/12\\\/2021\\\/03\\\/Airbus-debloque-enfin-son-compteur-de-commandes.jpg\",\"datePublished\":\"2021-03-07T13:59:53+00:00\",\"dateModified\":\"2021-03-18T12:34:06+00:00\",\"author\":{\"@id\":\"https:\\\/\\\/favorite-news.com\\\/fr\\\/#\\\/schema\\\/person\\\/b66c4cfdd10a5bf16d7d5efda647111f\"},\"breadcrumb\":{\"@id\":\"https:\\\/\\\/favorite-news.com\\\/fr\\\/airbus-debloque-enfin-son-compteur-de-commandes\\\/#breadcrumb\"},\"inLanguage\":\"fr-FR\",\"potentialAction\":[{\"@type\":\"ReadAction\",\"target\":[\"https:\\\/\\\/favorite-news.com\\\/fr\\\/airbus-debloque-enfin-son-compteur-de-commandes\\\/\"]}]},{\"@type\":\"ImageObject\",\"inLanguage\":\"fr-FR\",\"@id\":\"https:\\\/\\\/favorite-news.com\\\/fr\\\/airbus-debloque-enfin-son-compteur-de-commandes\\\/#primaryimage\",\"url\":\"https:\\\/\\\/favorite-news.com\\\/fr\\\/wp-content\\\/uploads\\\/sites\\\/12\\\/2021\\\/03\\\/Airbus-debloque-enfin-son-compteur-de-commandes.jpg\",\"contentUrl\":\"https:\\\/\\\/favorite-news.com\\\/fr\\\/wp-content\\\/uploads\\\/sites\\\/12\\\/2021\\\/03\\\/Airbus-debloque-enfin-son-compteur-de-commandes.jpg\",\"width\":648,\"height\":360,\"caption\":\"Airbus d\u00e9bloque (enfin) son compteur de commandes\"},{\"@type\":\"BreadcrumbList\",\"@id\":\"https:\\\/\\\/favorite-news.com\\\/fr\\\/airbus-debloque-enfin-son-compteur-de-commandes\\\/#breadcrumb\",\"itemListElement\":[{\"@type\":\"ListItem\",\"position\":1,\"name\":\"Home\",\"item\":\"https:\\\/\\\/favorite-news.com\\\/fr\\\/\"},{\"@type\":\"ListItem\",\"position\":2,\"name\":\"Airbus d\u00e9bloque (enfin) son compteur de commandes\"}]},{\"@type\":\"WebSite\",\"@id\":\"https:\\\/\\\/favorite-news.com\\\/fr\\\/#website\",\"url\":\"https:\\\/\\\/favorite-news.com\\\/fr\\\/\",\"name\":\"Favorite News\",\"description\":\"Favorite News France\",\"potentialAction\":[{\"@type\":\"SearchAction\",\"target\":{\"@type\":\"EntryPoint\",\"urlTemplate\":\"https:\\\/\\\/favorite-news.com\\\/fr\\\/?s={search_term_string}\"},\"query-input\":{\"@type\":\"PropertyValueSpecification\",\"valueRequired\":true,\"valueName\":\"search_term_string\"}}],\"inLanguage\":\"fr-FR\"},{\"@type\":\"Person\",\"@id\":\"https:\\\/\\\/favorite-news.com\\\/fr\\\/#\\\/schema\\\/person\\\/b66c4cfdd10a5bf16d7d5efda647111f\",\"name\":\"favorite-news\",\"image\":{\"@type\":\"ImageObject\",\"inLanguage\":\"fr-FR\",\"@id\":\"https:\\\/\\\/secure.gravatar.com\\\/avatar\\\/f89959e01423a9ee3c2debbcf830eb021c575de0e1b3781ca3ae392b71c615a1?s=96&d=mm&r=g\",\"url\":\"https:\\\/\\\/secure.gravatar.com\\\/avatar\\\/f89959e01423a9ee3c2debbcf830eb021c575de0e1b3781ca3ae392b71c615a1?s=96&d=mm&r=g\",\"contentUrl\":\"https:\\\/\\\/secure.gravatar.com\\\/avatar\\\/f89959e01423a9ee3c2debbcf830eb021c575de0e1b3781ca3ae392b71c615a1?s=96&d=mm&r=g\",\"caption\":\"favorite-news\"},\"url\":\"https:\\\/\\\/favorite-news.com\\\/fr\\\/author\\\/ruby\\\/\"}]}<\/script>\n<!-- \/ Yoast SEO plugin. -->","yoast_head_json":{"title":"Airbus d\u00e9bloque (enfin) son compteur de commandes - Favorite News","robots":{"index":"index","follow":"follow","max-snippet":"max-snippet:-1","max-image-preview":"max-image-preview:large","max-video-preview":"max-video-preview:-1"},"canonical":"https:\/\/favorite-news.com\/fr\/airbus-debloque-enfin-son-compteur-de-commandes\/","og_locale":"fr_FR","og_type":"article","og_title":"Airbus d\u00e9bloque (enfin) son compteur de commandes - Favorite News","og_description":"Airbus a notamment vendu en f\u00e9vrier 10 exemplaires de son A320neo. \u2014 A. Pecchi &#8211; Airbus Group La fin de trois mois de disette.\u00a0Dans son compteur mensuel, publi\u00e9 vendredi 5\u00a0mars, Airbus annonce avoir enregistr\u00e9 11 commandes d\u2019avions au mois de f\u00e9vrier\u00a0:\u00a010 A320neo, achet\u00e9s par un client myst\u00e8re, et un A330 de transport militaire. Le compteur [&hellip;]","og_url":"https:\/\/favorite-news.com\/fr\/airbus-debloque-enfin-son-compteur-de-commandes\/","og_site_name":"Favorite News","article_published_time":"2021-03-07T13:59:53+00:00","article_modified_time":"2021-03-18T12:34:06+00:00","og_image":[{"width":648,"height":360,"url":"https:\/\/favorite-news.com\/fr\/wp-content\/uploads\/sites\/12\/2021\/03\/Airbus-debloque-enfin-son-compteur-de-commandes.jpg","type":"image\/jpeg"}],"author":"favorite-news","twitter_card":"summary_large_image","twitter_misc":{"\u00c9crit par":"favorite-news","Dur\u00e9e de lecture estim\u00e9e":"1 minute"},"schema":{"@context":"https:\/\/schema.org","@graph":[{"@type":"Article","@id":"https:\/\/favorite-news.com\/fr\/airbus-debloque-enfin-son-compteur-de-commandes\/#article","isPartOf":{"@id":"https:\/\/favorite-news.com\/fr\/airbus-debloque-enfin-son-compteur-de-commandes\/"},"author":{"name":"favorite-news","@id":"https:\/\/favorite-news.com\/fr\/#\/schema\/person\/b66c4cfdd10a5bf16d7d5efda647111f"},"headline":"Airbus d\u00e9bloque (enfin) son compteur de commandes","datePublished":"2021-03-07T13:59:53+00:00","dateModified":"2021-03-18T12:34:06+00:00","mainEntityOfPage":{"@id":"https:\/\/favorite-news.com\/fr\/airbus-debloque-enfin-son-compteur-de-commandes\/"},"wordCount":219,"commentCount":0,"image":{"@id":"https:\/\/favorite-news.com\/fr\/airbus-debloque-enfin-son-compteur-de-commandes\/#primaryimage"},"thumbnailUrl":"https:\/\/favorite-news.com\/fr\/wp-content\/uploads\/sites\/12\/2021\/03\/Airbus-debloque-enfin-son-compteur-de-commandes.jpg","articleSection":["NOUVELLES"],"inLanguage":"fr-FR","potentialAction":[{"@type":"CommentAction","name":"Comment","target":["https:\/\/favorite-news.com\/fr\/airbus-debloque-enfin-son-compteur-de-commandes\/#respond"]}]},{"@type":"WebPage","@id":"https:\/\/favorite-news.com\/fr\/airbus-debloque-enfin-son-compteur-de-commandes\/","url":"https:\/\/favorite-news.com\/fr\/airbus-debloque-enfin-son-compteur-de-commandes\/","name":"Airbus d\u00e9bloque (enfin) son compteur de commandes - Favorite News","isPartOf":{"@id":"https:\/\/favorite-news.com\/fr\/#website"},"primaryImageOfPage":{"@id":"https:\/\/favorite-news.com\/fr\/airbus-debloque-enfin-son-compteur-de-commandes\/#primaryimage"},"image":{"@id":"https:\/\/favorite-news.com\/fr\/airbus-debloque-enfin-son-compteur-de-commandes\/#primaryimage"},"thumbnailUrl":"https:\/\/favorite-news.com\/fr\/wp-content\/uploads\/sites\/12\/2021\/03\/Airbus-debloque-enfin-son-compteur-de-commandes.jpg","datePublished":"2021-03-07T13:59:53+00:00","dateModified":"2021-03-18T12:34:06+00:00","author":{"@id":"https:\/\/favorite-news.com\/fr\/#\/schema\/person\/b66c4cfdd10a5bf16d7d5efda647111f"},"breadcrumb":{"@id":"https:\/\/favorite-news.com\/fr\/airbus-debloque-enfin-son-compteur-de-commandes\/#breadcrumb"},"inLanguage":"fr-FR","potentialAction":[{"@type":"ReadAction","target":["https:\/\/favorite-news.com\/fr\/airbus-debloque-enfin-son-compteur-de-commandes\/"]}]},{"@type":"ImageObject","inLanguage":"fr-FR","@id":"https:\/\/favorite-news.com\/fr\/airbus-debloque-enfin-son-compteur-de-commandes\/#primaryimage","url":"https:\/\/favorite-news.com\/fr\/wp-content\/uploads\/sites\/12\/2021\/03\/Airbus-debloque-enfin-son-compteur-de-commandes.jpg","contentUrl":"https:\/\/favorite-news.com\/fr\/wp-content\/uploads\/sites\/12\/2021\/03\/Airbus-debloque-enfin-son-compteur-de-commandes.jpg","width":648,"height":360,"caption":"Airbus d\u00e9bloque (enfin) son compteur de commandes"},{"@type":"BreadcrumbList","@id":"https:\/\/favorite-news.com\/fr\/airbus-debloque-enfin-son-compteur-de-commandes\/#breadcrumb","itemListElement":[{"@type":"ListItem","position":1,"name":"Home","item":"https:\/\/favorite-news.com\/fr\/"},{"@type":"ListItem","position":2,"name":"Airbus d\u00e9bloque (enfin) son compteur de commandes"}]},{"@type":"WebSite","@id":"https:\/\/favorite-news.com\/fr\/#website","url":"https:\/\/favorite-news.com\/fr\/","name":"Favorite News","description":"Favorite News France","potentialAction":[{"@type":"SearchAction","target":{"@type":"EntryPoint","urlTemplate":"https:\/\/favorite-news.com\/fr\/?s={search_term_string}"},"query-input":{"@type":"PropertyValueSpecification","valueRequired":true,"valueName":"search_term_string"}}],"inLanguage":"fr-FR"},{"@type":"Person","@id":"https:\/\/favorite-news.com\/fr\/#\/schema\/person\/b66c4cfdd10a5bf16d7d5efda647111f","name":"favorite-news","image":{"@type":"ImageObject","inLanguage":"fr-FR","@id":"https:\/\/secure.gravatar.com\/avatar\/f89959e01423a9ee3c2debbcf830eb021c575de0e1b3781ca3ae392b71c615a1?s=96&d=mm&r=g","url":"https:\/\/secure.gravatar.com\/avatar\/f89959e01423a9ee3c2debbcf830eb021c575de0e1b3781ca3ae392b71c615a1?s=96&d=mm&r=g","contentUrl":"https:\/\/secure.gravatar.com\/avatar\/f89959e01423a9ee3c2debbcf830eb021c575de0e1b3781ca3ae392b71c615a1?s=96&d=mm&r=g","caption":"favorite-news"},"url":"https:\/\/favorite-news.com\/fr\/author\/ruby\/"}]}},"_links":{"self":[{"href":"https:\/\/favorite-news.com\/fr\/wp-json\/wp\/v2\/posts\/958","targetHints":{"allow":["GET"]}}],"collection":[{"href":"https:\/\/favorite-news.com\/fr\/wp-json\/wp\/v2\/posts"}],"about":[{"href":"https:\/\/favorite-news.com\/fr\/wp-json\/wp\/v2\/types\/post"}],"author":[{"embeddable":true,"href":"https:\/\/favorite-news.com\/fr\/wp-json\/wp\/v2\/users\/1"}],"replies":[{"embeddable":true,"href":"https:\/\/favorite-news.com\/fr\/wp-json\/wp\/v2\/comments?post=958"}],"version-history":[{"count":2,"href":"https:\/\/favorite-news.com\/fr\/wp-json\/wp\/v2\/posts\/958\/revisions"}],"predecessor-version":[{"id":1084,"href":"https:\/\/favorite-news.com\/fr\/wp-json\/wp\/v2\/posts\/958\/revisions\/1084"}],"wp:featuredmedia":[{"embeddable":true,"href":"https:\/\/favorite-news.com\/fr\/wp-json\/wp\/v2\/media\/959"}],"wp:attachment":[{"href":"https:\/\/favorite-news.com\/fr\/wp-json\/wp\/v2\/media?parent=958"}],"wp:term":[{"taxonomy":"category","embeddable":true,"href":"https:\/\/favorite-news.com\/fr\/wp-json\/wp\/v2\/categories?post=958"},{"taxonomy":"post_tag","embeddable":true,"href":"https:\/\/favorite-news.com\/fr\/wp-json\/wp\/v2\/tags?post=958"}],"curies":[{"name":"wp","href":"https:\/\/api.w.org\/{rel}","templated":true}]}}