{"id":955,"date":"2021-03-07T08:28:08","date_gmt":"2021-03-07T08:28:08","guid":{"rendered":"https:\/\/favorite-news.com\/fr\/2-000-personnes-dans-la-rue-contre-les-effets-de-la-crise-sanitaire\/"},"modified":"2021-03-07T08:28:10","modified_gmt":"2021-03-07T08:28:10","slug":"2-000-personnes-dans-la-rue-contre-les-effets-de-la-crise-sanitaire","status":"publish","type":"post","link":"https:\/\/favorite-news.com\/fr\/2-000-personnes-dans-la-rue-contre-les-effets-de-la-crise-sanitaire\/","title":{"rendered":"2.000 personnes dans la rue contre les effets de la crise sanitaire"},"content":{"rendered":"<p>                Lors d&rsquo;une pr\u00e9c\u00e9dente manifestation en Guadeloupe, fin f\u00e9vrier 2021. (archives) \u2014 LIONEL CHAMOISEAU \/ AFP<br \/>\n            Entre 2.000 et 3.000 manifestants, selon les organisateurs, ont d\u00e9fil\u00e9 samedi dans les rues de Pointe-\u00e0-Pitre, en Guadeloupe, \u00e0 l\u2019appel de 11 syndicats, pour protester notamment contre les licenciements annonc\u00e9s par les entreprises \u00e0 cause de la &#13;<br \/>\ncrise sanitaire\u200b. Masqu\u00e9es ou non, les manifestants ont d\u00e9fil\u00e9 dans les rues pontoises. Crise sanitaire, licenciements, respect de conventions collectives, demande de titularisations, port du masque obligatoire pour les enfants \u00e0 l\u2019\u00e9cole d\u00e8s 6 ans ou scandale de la &#13;<br \/>\nchlord\u00e9cone\u00a0:\u00a0cette grande marche a cristallis\u00e9 de nombreux griefs exprim\u00e9s depuis plusieurs semaines, voire plusieurs mois en Guadeloupe.<\/p>\n<p>\u00ab\u00a0Des embauches pour tous\u00a0!\u00a0\u00bb pouvait-on ainsi lire, ou \u00ab\u00a0sably\u00e8 en gr\u00e8ve\u00a0\u00bb en r\u00e9f\u00e9rence \u00e0 une gr\u00e8ve des agents des sabli\u00e8res de Guadeloupe qui dure depuis pr\u00e8s de quatre\u00a0mois. \u00ab\u00a0Enfants en danger\u00a0\u00bb ou \u00ab\u00a0non \u00e0 l\u2019asphyxie\u00a0\u00bb avaient de leur c\u00f4t\u00e9 \u00e9crit des parents d\u2019\u00e9l\u00e8ves oppos\u00e9s au port obligatoire du masque d\u00e8s 6 ans, entr\u00e9 en vigueur lundi en Guadeloupe. Un collectif de parents a ainsi revendiqu\u00e9 plusieurs blocages et op\u00e9rations escargots sur les routes de l\u2019archipel depuis une semaine.<\/p>\n<p>\u00ab\u00a0On est dans une situation extr\u00eamement difficile\u00a0\u00bb<\/p>\n<p>Les syndicats d\u00e9noncent les \u00ab\u00a0licenciements\u00a0\u00bb annonc\u00e9s dans plusieurs entreprises du fait de la crise \u00e9conomique li\u00e9e \u00e0 l\u2019\u00e9pid\u00e9mie du Covid-19, mais sont aussi revenus sur des probl\u00e9matiques plus anciennes. \u00ab\u00a0On est dans une situation extr\u00eamement difficile aujourd\u2019hui et cela \u00e0 tous les niveaux\u00a0:\u00a0travail, transport, eau, vie quotidienne chlord\u00e9cone\u00a0etc.\u00a0\u00bb, a ainsi r\u00e9sum\u00e9 \u00c9lie Domota, de l\u2019UGTG. Ce dernier, leader du grand mouvement de protestation qui avait eu lieu en 2009, paralysant l\u2019archipel durant quarante-quatre jours, a \u00e9voqu\u00e9 dans les m\u00e9dias locaux \u00ab\u00a0le m\u00e9pris de patrons esclavagistes\u00a0\u00bb et annonc\u00e9 une \u00ab\u00a0amplification\u00a0\u00bb du mouvement.<\/p>\n<p>Max Evariste, secr\u00e9taire g\u00e9n\u00e9ral de l\u2019Union d\u00e9partementale FO-Force Ouvri\u00e8re a soulign\u00e9 l\u2019importance de la mobilisation \u00ab\u00a0malgr\u00e9 le Covid\u00a0\u00bb. \u00ab\u00a0On a le nombre c\u2019est \u00e7a qui fait notre force\u00a0\u00bb, a-t-il observ\u00e9, annon\u00e7ant, une suite au mouvement, tout comme Teddy Tancons, secr\u00e9taire acad\u00e9mique SNCL (syndicat national coll\u00e8ge et lyc\u00e9es) qui a \u00e9voqu\u00e9 les \u00ab\u00a0postes qu\u2019on supprime\u00a0\u00bb et \u00ab\u00a0nos laur\u00e9ats qui sont oblig\u00e9s de partir\u00a0\u00bb. Donc \u00ab\u00a0il y aura une suite\u00a0\u00bb, selon lui.<\/p>\n<p>\n<!--noindex--><br \/>\n<a href=\"https:\/\/www.20minutes.fr\/societe\/2992899-20210307-coronavirus-guadeloupe-2000-personnes-rue-contre-effets-crise-sanitaire#xtor=RSS-149\" rel=\"nofollow\">Source link <\/a><br \/>\n<!--\/noindex--><\/p>\n","protected":false},"excerpt":{"rendered":"<p>Lors d&rsquo;une pr\u00e9c\u00e9dente manifestation en Guadeloupe, fin f\u00e9vrier 2021. (archives) \u2014 LIONEL CHAMOISEAU \/ AFP Entre 2.000 et 3.000 manifestants, selon les organisateurs, ont d\u00e9fil\u00e9 samedi dans les rues de Pointe-\u00e0-Pitre, en Guadeloupe, \u00e0 l\u2019appel de 11 syndicats, pour protester notamment contre les licenciements annonc\u00e9s par les entreprises \u00e0 cause de la &#13; crise sanitaire\u200b. [&hellip;]<\/p>\n","protected":false},"author":1,"featured_media":956,"comment_status":"open","ping_status":"open","sticky":false,"template":"","format":"standard","meta":{"footnotes":""},"categories":[1],"tags":[],"class_list":["post-955","post","type-post","status-publish","format-standard","has-post-thumbnail","hentry","category-nouvelles"],"yoast_head":"<!-- This site is optimized with the Yoast SEO plugin v27.4 - https:\/\/yoast.com\/product\/yoast-seo-wordpress\/ -->\n<title>2.000 personnes dans la rue contre les effets de la crise sanitaire - Favorite News<\/title>\n<meta name=\"robots\" content=\"index, follow, max-snippet:-1, max-image-preview:large, max-video-preview:-1\" \/>\n<link rel=\"canonical\" href=\"https:\/\/favorite-news.com\/fr\/2-000-personnes-dans-la-rue-contre-les-effets-de-la-crise-sanitaire\/\" \/>\n<meta property=\"og:locale\" content=\"fr_FR\" \/>\n<meta property=\"og:type\" content=\"article\" \/>\n<meta property=\"og:title\" content=\"2.000 personnes dans la rue contre les effets de la crise sanitaire - Favorite News\" \/>\n<meta property=\"og:description\" content=\"Lors d&rsquo;une pr\u00e9c\u00e9dente manifestation en Guadeloupe, fin f\u00e9vrier 2021. (archives) \u2014 LIONEL CHAMOISEAU \/ AFP Entre 2.000 et 3.000 manifestants, selon les organisateurs, ont d\u00e9fil\u00e9 samedi dans les rues de Pointe-\u00e0-Pitre, en Guadeloupe, \u00e0 l\u2019appel de 11 syndicats, pour protester notamment contre les licenciements annonc\u00e9s par les entreprises \u00e0 cause de la &#013; crise sanitaire\u200b. [&hellip;]\" \/>\n<meta property=\"og:url\" content=\"https:\/\/favorite-news.com\/fr\/2-000-personnes-dans-la-rue-contre-les-effets-de-la-crise-sanitaire\/\" \/>\n<meta property=\"og:site_name\" content=\"Favorite News\" \/>\n<meta property=\"article:published_time\" content=\"2021-03-07T08:28:08+00:00\" \/>\n<meta property=\"article:modified_time\" content=\"2021-03-07T08:28:10+00:00\" \/>\n<meta property=\"og:image\" content=\"https:\/\/favorite-news.com\/fr\/wp-content\/uploads\/sites\/12\/2021\/03\/2000-personnes-dans-la-rue-contre-les-effets-de-la.jpg\" \/>\n\t<meta property=\"og:image:width\" content=\"648\" \/>\n\t<meta property=\"og:image:height\" content=\"360\" \/>\n\t<meta property=\"og:image:type\" content=\"image\/jpeg\" \/>\n<meta name=\"author\" content=\"favorite-news\" \/>\n<meta name=\"twitter:card\" content=\"summary_large_image\" \/>\n<meta name=\"twitter:label1\" content=\"\u00c9crit par\" \/>\n\t<meta name=\"twitter:data1\" content=\"favorite-news\" \/>\n\t<meta name=\"twitter:label2\" content=\"Dur\u00e9e de lecture estim\u00e9e\" \/>\n\t<meta name=\"twitter:data2\" content=\"2 minutes\" \/>\n<script type=\"application\/ld+json\" class=\"yoast-schema-graph\">{\"@context\":\"https:\\\/\\\/schema.org\",\"@graph\":[{\"@type\":\"Article\",\"@id\":\"https:\\\/\\\/favorite-news.com\\\/fr\\\/2-000-personnes-dans-la-rue-contre-les-effets-de-la-crise-sanitaire\\\/#article\",\"isPartOf\":{\"@id\":\"https:\\\/\\\/favorite-news.com\\\/fr\\\/2-000-personnes-dans-la-rue-contre-les-effets-de-la-crise-sanitaire\\\/\"},\"author\":{\"name\":\"favorite-news\",\"@id\":\"https:\\\/\\\/favorite-news.com\\\/fr\\\/#\\\/schema\\\/person\\\/b66c4cfdd10a5bf16d7d5efda647111f\"},\"headline\":\"2.000 personnes dans la rue contre les effets de la crise sanitaire\",\"datePublished\":\"2021-03-07T08:28:08+00:00\",\"dateModified\":\"2021-03-07T08:28:10+00:00\",\"mainEntityOfPage\":{\"@id\":\"https:\\\/\\\/favorite-news.com\\\/fr\\\/2-000-personnes-dans-la-rue-contre-les-effets-de-la-crise-sanitaire\\\/\"},\"wordCount\":414,\"commentCount\":0,\"image\":{\"@id\":\"https:\\\/\\\/favorite-news.com\\\/fr\\\/2-000-personnes-dans-la-rue-contre-les-effets-de-la-crise-sanitaire\\\/#primaryimage\"},\"thumbnailUrl\":\"https:\\\/\\\/favorite-news.com\\\/fr\\\/wp-content\\\/uploads\\\/sites\\\/12\\\/2021\\\/03\\\/2000-personnes-dans-la-rue-contre-les-effets-de-la.jpg\",\"articleSection\":[\"NOUVELLES\"],\"inLanguage\":\"fr-FR\",\"potentialAction\":[{\"@type\":\"CommentAction\",\"name\":\"Comment\",\"target\":[\"https:\\\/\\\/favorite-news.com\\\/fr\\\/2-000-personnes-dans-la-rue-contre-les-effets-de-la-crise-sanitaire\\\/#respond\"]}]},{\"@type\":\"WebPage\",\"@id\":\"https:\\\/\\\/favorite-news.com\\\/fr\\\/2-000-personnes-dans-la-rue-contre-les-effets-de-la-crise-sanitaire\\\/\",\"url\":\"https:\\\/\\\/favorite-news.com\\\/fr\\\/2-000-personnes-dans-la-rue-contre-les-effets-de-la-crise-sanitaire\\\/\",\"name\":\"2.000 personnes dans la rue contre les effets de la crise sanitaire - Favorite News\",\"isPartOf\":{\"@id\":\"https:\\\/\\\/favorite-news.com\\\/fr\\\/#website\"},\"primaryImageOfPage\":{\"@id\":\"https:\\\/\\\/favorite-news.com\\\/fr\\\/2-000-personnes-dans-la-rue-contre-les-effets-de-la-crise-sanitaire\\\/#primaryimage\"},\"image\":{\"@id\":\"https:\\\/\\\/favorite-news.com\\\/fr\\\/2-000-personnes-dans-la-rue-contre-les-effets-de-la-crise-sanitaire\\\/#primaryimage\"},\"thumbnailUrl\":\"https:\\\/\\\/favorite-news.com\\\/fr\\\/wp-content\\\/uploads\\\/sites\\\/12\\\/2021\\\/03\\\/2000-personnes-dans-la-rue-contre-les-effets-de-la.jpg\",\"datePublished\":\"2021-03-07T08:28:08+00:00\",\"dateModified\":\"2021-03-07T08:28:10+00:00\",\"author\":{\"@id\":\"https:\\\/\\\/favorite-news.com\\\/fr\\\/#\\\/schema\\\/person\\\/b66c4cfdd10a5bf16d7d5efda647111f\"},\"breadcrumb\":{\"@id\":\"https:\\\/\\\/favorite-news.com\\\/fr\\\/2-000-personnes-dans-la-rue-contre-les-effets-de-la-crise-sanitaire\\\/#breadcrumb\"},\"inLanguage\":\"fr-FR\",\"potentialAction\":[{\"@type\":\"ReadAction\",\"target\":[\"https:\\\/\\\/favorite-news.com\\\/fr\\\/2-000-personnes-dans-la-rue-contre-les-effets-de-la-crise-sanitaire\\\/\"]}]},{\"@type\":\"ImageObject\",\"inLanguage\":\"fr-FR\",\"@id\":\"https:\\\/\\\/favorite-news.com\\\/fr\\\/2-000-personnes-dans-la-rue-contre-les-effets-de-la-crise-sanitaire\\\/#primaryimage\",\"url\":\"https:\\\/\\\/favorite-news.com\\\/fr\\\/wp-content\\\/uploads\\\/sites\\\/12\\\/2021\\\/03\\\/2000-personnes-dans-la-rue-contre-les-effets-de-la.jpg\",\"contentUrl\":\"https:\\\/\\\/favorite-news.com\\\/fr\\\/wp-content\\\/uploads\\\/sites\\\/12\\\/2021\\\/03\\\/2000-personnes-dans-la-rue-contre-les-effets-de-la.jpg\",\"width\":648,\"height\":360,\"caption\":\"2.000 personnes dans la rue contre les effets de la crise sanitaire\"},{\"@type\":\"BreadcrumbList\",\"@id\":\"https:\\\/\\\/favorite-news.com\\\/fr\\\/2-000-personnes-dans-la-rue-contre-les-effets-de-la-crise-sanitaire\\\/#breadcrumb\",\"itemListElement\":[{\"@type\":\"ListItem\",\"position\":1,\"name\":\"Home\",\"item\":\"https:\\\/\\\/favorite-news.com\\\/fr\\\/\"},{\"@type\":\"ListItem\",\"position\":2,\"name\":\"2.000 personnes dans la rue contre les effets de la crise sanitaire\"}]},{\"@type\":\"WebSite\",\"@id\":\"https:\\\/\\\/favorite-news.com\\\/fr\\\/#website\",\"url\":\"https:\\\/\\\/favorite-news.com\\\/fr\\\/\",\"name\":\"Favorite News\",\"description\":\"Favorite News France\",\"potentialAction\":[{\"@type\":\"SearchAction\",\"target\":{\"@type\":\"EntryPoint\",\"urlTemplate\":\"https:\\\/\\\/favorite-news.com\\\/fr\\\/?s={search_term_string}\"},\"query-input\":{\"@type\":\"PropertyValueSpecification\",\"valueRequired\":true,\"valueName\":\"search_term_string\"}}],\"inLanguage\":\"fr-FR\"},{\"@type\":\"Person\",\"@id\":\"https:\\\/\\\/favorite-news.com\\\/fr\\\/#\\\/schema\\\/person\\\/b66c4cfdd10a5bf16d7d5efda647111f\",\"name\":\"favorite-news\",\"image\":{\"@type\":\"ImageObject\",\"inLanguage\":\"fr-FR\",\"@id\":\"https:\\\/\\\/secure.gravatar.com\\\/avatar\\\/f89959e01423a9ee3c2debbcf830eb021c575de0e1b3781ca3ae392b71c615a1?s=96&d=mm&r=g\",\"url\":\"https:\\\/\\\/secure.gravatar.com\\\/avatar\\\/f89959e01423a9ee3c2debbcf830eb021c575de0e1b3781ca3ae392b71c615a1?s=96&d=mm&r=g\",\"contentUrl\":\"https:\\\/\\\/secure.gravatar.com\\\/avatar\\\/f89959e01423a9ee3c2debbcf830eb021c575de0e1b3781ca3ae392b71c615a1?s=96&d=mm&r=g\",\"caption\":\"favorite-news\"},\"url\":\"https:\\\/\\\/favorite-news.com\\\/fr\\\/author\\\/ruby\\\/\"}]}<\/script>\n<!-- \/ Yoast SEO plugin. -->","yoast_head_json":{"title":"2.000 personnes dans la rue contre les effets de la crise sanitaire - Favorite News","robots":{"index":"index","follow":"follow","max-snippet":"max-snippet:-1","max-image-preview":"max-image-preview:large","max-video-preview":"max-video-preview:-1"},"canonical":"https:\/\/favorite-news.com\/fr\/2-000-personnes-dans-la-rue-contre-les-effets-de-la-crise-sanitaire\/","og_locale":"fr_FR","og_type":"article","og_title":"2.000 personnes dans la rue contre les effets de la crise sanitaire - Favorite News","og_description":"Lors d&rsquo;une pr\u00e9c\u00e9dente manifestation en Guadeloupe, fin f\u00e9vrier 2021. (archives) \u2014 LIONEL CHAMOISEAU \/ AFP Entre 2.000 et 3.000 manifestants, selon les organisateurs, ont d\u00e9fil\u00e9 samedi dans les rues de Pointe-\u00e0-Pitre, en Guadeloupe, \u00e0 l\u2019appel de 11 syndicats, pour protester notamment contre les licenciements annonc\u00e9s par les entreprises \u00e0 cause de la &#13; crise sanitaire\u200b. [&hellip;]","og_url":"https:\/\/favorite-news.com\/fr\/2-000-personnes-dans-la-rue-contre-les-effets-de-la-crise-sanitaire\/","og_site_name":"Favorite News","article_published_time":"2021-03-07T08:28:08+00:00","article_modified_time":"2021-03-07T08:28:10+00:00","og_image":[{"width":648,"height":360,"url":"https:\/\/favorite-news.com\/fr\/wp-content\/uploads\/sites\/12\/2021\/03\/2000-personnes-dans-la-rue-contre-les-effets-de-la.jpg","type":"image\/jpeg"}],"author":"favorite-news","twitter_card":"summary_large_image","twitter_misc":{"\u00c9crit par":"favorite-news","Dur\u00e9e de lecture estim\u00e9e":"2 minutes"},"schema":{"@context":"https:\/\/schema.org","@graph":[{"@type":"Article","@id":"https:\/\/favorite-news.com\/fr\/2-000-personnes-dans-la-rue-contre-les-effets-de-la-crise-sanitaire\/#article","isPartOf":{"@id":"https:\/\/favorite-news.com\/fr\/2-000-personnes-dans-la-rue-contre-les-effets-de-la-crise-sanitaire\/"},"author":{"name":"favorite-news","@id":"https:\/\/favorite-news.com\/fr\/#\/schema\/person\/b66c4cfdd10a5bf16d7d5efda647111f"},"headline":"2.000 personnes dans la rue contre les effets de la crise sanitaire","datePublished":"2021-03-07T08:28:08+00:00","dateModified":"2021-03-07T08:28:10+00:00","mainEntityOfPage":{"@id":"https:\/\/favorite-news.com\/fr\/2-000-personnes-dans-la-rue-contre-les-effets-de-la-crise-sanitaire\/"},"wordCount":414,"commentCount":0,"image":{"@id":"https:\/\/favorite-news.com\/fr\/2-000-personnes-dans-la-rue-contre-les-effets-de-la-crise-sanitaire\/#primaryimage"},"thumbnailUrl":"https:\/\/favorite-news.com\/fr\/wp-content\/uploads\/sites\/12\/2021\/03\/2000-personnes-dans-la-rue-contre-les-effets-de-la.jpg","articleSection":["NOUVELLES"],"inLanguage":"fr-FR","potentialAction":[{"@type":"CommentAction","name":"Comment","target":["https:\/\/favorite-news.com\/fr\/2-000-personnes-dans-la-rue-contre-les-effets-de-la-crise-sanitaire\/#respond"]}]},{"@type":"WebPage","@id":"https:\/\/favorite-news.com\/fr\/2-000-personnes-dans-la-rue-contre-les-effets-de-la-crise-sanitaire\/","url":"https:\/\/favorite-news.com\/fr\/2-000-personnes-dans-la-rue-contre-les-effets-de-la-crise-sanitaire\/","name":"2.000 personnes dans la rue contre les effets de la crise sanitaire - Favorite News","isPartOf":{"@id":"https:\/\/favorite-news.com\/fr\/#website"},"primaryImageOfPage":{"@id":"https:\/\/favorite-news.com\/fr\/2-000-personnes-dans-la-rue-contre-les-effets-de-la-crise-sanitaire\/#primaryimage"},"image":{"@id":"https:\/\/favorite-news.com\/fr\/2-000-personnes-dans-la-rue-contre-les-effets-de-la-crise-sanitaire\/#primaryimage"},"thumbnailUrl":"https:\/\/favorite-news.com\/fr\/wp-content\/uploads\/sites\/12\/2021\/03\/2000-personnes-dans-la-rue-contre-les-effets-de-la.jpg","datePublished":"2021-03-07T08:28:08+00:00","dateModified":"2021-03-07T08:28:10+00:00","author":{"@id":"https:\/\/favorite-news.com\/fr\/#\/schema\/person\/b66c4cfdd10a5bf16d7d5efda647111f"},"breadcrumb":{"@id":"https:\/\/favorite-news.com\/fr\/2-000-personnes-dans-la-rue-contre-les-effets-de-la-crise-sanitaire\/#breadcrumb"},"inLanguage":"fr-FR","potentialAction":[{"@type":"ReadAction","target":["https:\/\/favorite-news.com\/fr\/2-000-personnes-dans-la-rue-contre-les-effets-de-la-crise-sanitaire\/"]}]},{"@type":"ImageObject","inLanguage":"fr-FR","@id":"https:\/\/favorite-news.com\/fr\/2-000-personnes-dans-la-rue-contre-les-effets-de-la-crise-sanitaire\/#primaryimage","url":"https:\/\/favorite-news.com\/fr\/wp-content\/uploads\/sites\/12\/2021\/03\/2000-personnes-dans-la-rue-contre-les-effets-de-la.jpg","contentUrl":"https:\/\/favorite-news.com\/fr\/wp-content\/uploads\/sites\/12\/2021\/03\/2000-personnes-dans-la-rue-contre-les-effets-de-la.jpg","width":648,"height":360,"caption":"2.000 personnes dans la rue contre les effets de la crise sanitaire"},{"@type":"BreadcrumbList","@id":"https:\/\/favorite-news.com\/fr\/2-000-personnes-dans-la-rue-contre-les-effets-de-la-crise-sanitaire\/#breadcrumb","itemListElement":[{"@type":"ListItem","position":1,"name":"Home","item":"https:\/\/favorite-news.com\/fr\/"},{"@type":"ListItem","position":2,"name":"2.000 personnes dans la rue contre les effets de la crise sanitaire"}]},{"@type":"WebSite","@id":"https:\/\/favorite-news.com\/fr\/#website","url":"https:\/\/favorite-news.com\/fr\/","name":"Favorite News","description":"Favorite News France","potentialAction":[{"@type":"SearchAction","target":{"@type":"EntryPoint","urlTemplate":"https:\/\/favorite-news.com\/fr\/?s={search_term_string}"},"query-input":{"@type":"PropertyValueSpecification","valueRequired":true,"valueName":"search_term_string"}}],"inLanguage":"fr-FR"},{"@type":"Person","@id":"https:\/\/favorite-news.com\/fr\/#\/schema\/person\/b66c4cfdd10a5bf16d7d5efda647111f","name":"favorite-news","image":{"@type":"ImageObject","inLanguage":"fr-FR","@id":"https:\/\/secure.gravatar.com\/avatar\/f89959e01423a9ee3c2debbcf830eb021c575de0e1b3781ca3ae392b71c615a1?s=96&d=mm&r=g","url":"https:\/\/secure.gravatar.com\/avatar\/f89959e01423a9ee3c2debbcf830eb021c575de0e1b3781ca3ae392b71c615a1?s=96&d=mm&r=g","contentUrl":"https:\/\/secure.gravatar.com\/avatar\/f89959e01423a9ee3c2debbcf830eb021c575de0e1b3781ca3ae392b71c615a1?s=96&d=mm&r=g","caption":"favorite-news"},"url":"https:\/\/favorite-news.com\/fr\/author\/ruby\/"}]}},"_links":{"self":[{"href":"https:\/\/favorite-news.com\/fr\/wp-json\/wp\/v2\/posts\/955","targetHints":{"allow":["GET"]}}],"collection":[{"href":"https:\/\/favorite-news.com\/fr\/wp-json\/wp\/v2\/posts"}],"about":[{"href":"https:\/\/favorite-news.com\/fr\/wp-json\/wp\/v2\/types\/post"}],"author":[{"embeddable":true,"href":"https:\/\/favorite-news.com\/fr\/wp-json\/wp\/v2\/users\/1"}],"replies":[{"embeddable":true,"href":"https:\/\/favorite-news.com\/fr\/wp-json\/wp\/v2\/comments?post=955"}],"version-history":[{"count":1,"href":"https:\/\/favorite-news.com\/fr\/wp-json\/wp\/v2\/posts\/955\/revisions"}],"predecessor-version":[{"id":957,"href":"https:\/\/favorite-news.com\/fr\/wp-json\/wp\/v2\/posts\/955\/revisions\/957"}],"wp:featuredmedia":[{"embeddable":true,"href":"https:\/\/favorite-news.com\/fr\/wp-json\/wp\/v2\/media\/956"}],"wp:attachment":[{"href":"https:\/\/favorite-news.com\/fr\/wp-json\/wp\/v2\/media?parent=955"}],"wp:term":[{"taxonomy":"category","embeddable":true,"href":"https:\/\/favorite-news.com\/fr\/wp-json\/wp\/v2\/categories?post=955"},{"taxonomy":"post_tag","embeddable":true,"href":"https:\/\/favorite-news.com\/fr\/wp-json\/wp\/v2\/tags?post=955"}],"curies":[{"name":"wp","href":"https:\/\/api.w.org\/{rel}","templated":true}]}}