{"id":952,"date":"2021-03-07T03:11:49","date_gmt":"2021-03-07T03:11:49","guid":{"rendered":"https:\/\/favorite-news.com\/fr\/cinq-interpellations-apres-de-nouveaux-troubles-urbains\/"},"modified":"2021-03-07T03:11:57","modified_gmt":"2021-03-07T03:11:57","slug":"cinq-interpellations-apres-de-nouveaux-troubles-urbains","status":"publish","type":"post","link":"https:\/\/favorite-news.com\/fr\/cinq-interpellations-apres-de-nouveaux-troubles-urbains\/","title":{"rendered":"Cinq interpellations apr\u00e8s de nouveaux troubles urbains"},"content":{"rendered":"<p>                Lyon\u00a0: Cinq interpellations apr\u00e8s de nouveaux troubles urbains (Illustration) \u2014 E. Frisullo \/ 20 Minutes<br \/>\n            Pour la troisi\u00e8me soir\u00e9e de suite dans la m\u00e9tropole lyonnaise, les forces de l\u2019ordre ont d\u00fb intervenir pour r\u00e9tablir l\u2019ordre, cette fois \u00e0 &#13;<br \/>\nBron o\u00f9 un fourgon de police a \u00e9t\u00e9 d\u00e9grad\u00e9 et cinq personnes interpell\u00e9es, a-t-on appris de sources concordantes.<\/p>\n<p>Les faits se sont d\u00e9roul\u00e9s samedi vers 18 heures dans le quartier de Parilly, lorsque des individus ont incendi\u00e9 trois v\u00e9hicules et s\u2019en sont pris \u00e0 un fourgon de police stationn\u00e9 alors que des agents se trouvaient en intervention non loin de l\u00e0, a rapport\u00e9 la pr\u00e9fecture.<\/p>\n<p>D\u00e9j\u00e0 une quinzaine d\u2019arrestations les nuits pr\u00e9c\u00e9dentes<\/p>\n<p>La police a pu arr\u00eater cinq personnes et contr\u00f4ler rapidement la situation dans cette municipalit\u00e9 limitrophe de l\u2019est lyonnais, a-t-elle ajout\u00e9. En milieu de soir\u00e9e, un journaliste de l\u2019AFP a pu observer que le calme r\u00e9gnait dans le quartier de Parilly, plac\u00e9 sous \u00e9troite surveillance.<\/p>\n<p>Jusque tard dans la nuit, la police devait quadriller la zone, mais aussi la ville de Rillieux-la-Pape et le quartier lyonnais de la Duch\u00e8re o\u00f9 ont \u00e9clat\u00e9 des violences similaires jeudi et vendredi soir, se soldant par une quinzaine d\u2019arrestations, a encore pr\u00e9cis\u00e9 la pr\u00e9fecture. Des violences urbaines survenues apr\u00e8s l\u2019accident\u00a0d\u2019un jeune en scooter.<\/p>\n<p>Plus de 200 policiers et gendarmes en renfort<\/p>\n<p>Quatre mineurs interpell\u00e9s vendredi \u00e0 Rillieux se trouvaient encore en garde \u00e0 vue samedi, et trois jeunes, dont un majeur, arr\u00eat\u00e9s \u00e0 La Duch\u00e8re attendaient d\u2019\u00eatre pr\u00e9sent\u00e9s \u00e0 la justice, selon le parquet.<\/p>\n<p>\u00ab\u00a0Encore une fois c\u2019est une extr\u00eame minorit\u00e9 d\u2019individus que l\u2019on g\u00eane car on veut mettre fin \u00e0 leurs petits trafics et qui ont d\u00e9cid\u00e9 qu\u2019il fallait des repr\u00e9sailles\u00a0\u00bb, a fustig\u00e9\u00a0le maire LR de Bron J\u00e9r\u00e9mie Br\u00e9aud. Dans un tweet, le ministre de l\u2019Int\u00e9rieur G\u00e9rald Darmanin a d\u00e9nonc\u00e9 des \u00ab\u00a0violences inacceptables\u00a0\u00bb.<\/p>\n<p>\u00ab\u00a0Aucun acte de violence ne saurait \u00eatre accept\u00e9. Soutien aux forces de police\u00a0\u00bb, a-t-il encore \u00e9crit, quelques heures apr\u00e8s avoir annonc\u00e9 l\u2019envoi d\u2019une troisi\u00e8me unit\u00e9 de force mobile dans l\u2019agglom\u00e9ration lyonnaise. Soit plus de 200 policiers et gendarmes en renfort \u00ab\u00a0pour faire respecter l\u2019ordre r\u00e9publicain\u00a0\u00bb, selon le ministre. La pr\u00e9fecture a confirm\u00e9\u00a0que ces renforts \u00e9taient arriv\u00e9s dans la m\u00e9tropole lyonnaise samedi apr\u00e8s-midi.<\/p>\n<p>            Une faute\u00a0?<\/p>\n<p>                147<\/p>\n<p>            partages<\/p>\n<p>\n<!--noindex--><br \/>\n<a href=\"https:\/\/www.20minutes.fr\/lyon\/2992663-20210306-lyon-cinq-interpellations-apres-nouveaux-troubles-urbains#xtor=RSS-149\" rel=\"nofollow\">Source link <\/a><br \/>\n<!--\/noindex--><\/p>\n","protected":false},"excerpt":{"rendered":"<p>Lyon\u00a0: Cinq interpellations apr\u00e8s de nouveaux troubles urbains (Illustration) \u2014 E. Frisullo \/ 20 Minutes Pour la troisi\u00e8me soir\u00e9e de suite dans la m\u00e9tropole lyonnaise, les forces de l\u2019ordre ont d\u00fb intervenir pour r\u00e9tablir l\u2019ordre, cette fois \u00e0 &#13; Bron o\u00f9 un fourgon de police a \u00e9t\u00e9 d\u00e9grad\u00e9 et cinq personnes interpell\u00e9es, a-t-on appris de [&hellip;]<\/p>\n","protected":false},"author":1,"featured_media":953,"comment_status":"open","ping_status":"open","sticky":false,"template":"","format":"standard","meta":{"footnotes":""},"categories":[1],"tags":[],"class_list":["post-952","post","type-post","status-publish","format-standard","has-post-thumbnail","hentry","category-nouvelles"],"yoast_head":"<!-- This site is optimized with the Yoast SEO plugin v27.4 - https:\/\/yoast.com\/product\/yoast-seo-wordpress\/ -->\n<title>Cinq interpellations apr\u00e8s de nouveaux troubles urbains - Favorite News<\/title>\n<meta name=\"robots\" content=\"index, follow, max-snippet:-1, max-image-preview:large, max-video-preview:-1\" \/>\n<link rel=\"canonical\" href=\"https:\/\/favorite-news.com\/fr\/cinq-interpellations-apres-de-nouveaux-troubles-urbains\/\" \/>\n<meta property=\"og:locale\" content=\"fr_FR\" \/>\n<meta property=\"og:type\" content=\"article\" \/>\n<meta property=\"og:title\" content=\"Cinq interpellations apr\u00e8s de nouveaux troubles urbains - Favorite News\" \/>\n<meta property=\"og:description\" content=\"Lyon\u00a0: Cinq interpellations apr\u00e8s de nouveaux troubles urbains (Illustration) \u2014 E. Frisullo \/ 20 Minutes Pour la troisi\u00e8me soir\u00e9e de suite dans la m\u00e9tropole lyonnaise, les forces de l\u2019ordre ont d\u00fb intervenir pour r\u00e9tablir l\u2019ordre, cette fois \u00e0 &#013; Bron o\u00f9 un fourgon de police a \u00e9t\u00e9 d\u00e9grad\u00e9 et cinq personnes interpell\u00e9es, a-t-on appris de [&hellip;]\" \/>\n<meta property=\"og:url\" content=\"https:\/\/favorite-news.com\/fr\/cinq-interpellations-apres-de-nouveaux-troubles-urbains\/\" \/>\n<meta property=\"og:site_name\" content=\"Favorite News\" \/>\n<meta property=\"article:published_time\" content=\"2021-03-07T03:11:49+00:00\" \/>\n<meta property=\"article:modified_time\" content=\"2021-03-07T03:11:57+00:00\" \/>\n<meta property=\"og:image\" content=\"https:\/\/favorite-news.com\/fr\/wp-content\/uploads\/sites\/12\/2021\/03\/Cinq-interpellations-apres-de-nouveaux-troubles-urbains.jpg\" \/>\n\t<meta property=\"og:image:width\" content=\"648\" \/>\n\t<meta property=\"og:image:height\" content=\"360\" \/>\n\t<meta property=\"og:image:type\" content=\"image\/jpeg\" \/>\n<meta name=\"author\" content=\"favorite-news\" \/>\n<meta name=\"twitter:card\" content=\"summary_large_image\" \/>\n<meta name=\"twitter:label1\" content=\"\u00c9crit par\" \/>\n\t<meta name=\"twitter:data1\" content=\"favorite-news\" \/>\n\t<meta name=\"twitter:label2\" content=\"Dur\u00e9e de lecture estim\u00e9e\" \/>\n\t<meta name=\"twitter:data2\" content=\"2 minutes\" \/>\n<script type=\"application\/ld+json\" class=\"yoast-schema-graph\">{\"@context\":\"https:\\\/\\\/schema.org\",\"@graph\":[{\"@type\":\"Article\",\"@id\":\"https:\\\/\\\/favorite-news.com\\\/fr\\\/cinq-interpellations-apres-de-nouveaux-troubles-urbains\\\/#article\",\"isPartOf\":{\"@id\":\"https:\\\/\\\/favorite-news.com\\\/fr\\\/cinq-interpellations-apres-de-nouveaux-troubles-urbains\\\/\"},\"author\":{\"name\":\"favorite-news\",\"@id\":\"https:\\\/\\\/favorite-news.com\\\/fr\\\/#\\\/schema\\\/person\\\/b66c4cfdd10a5bf16d7d5efda647111f\"},\"headline\":\"Cinq interpellations apr\u00e8s de nouveaux troubles urbains\",\"datePublished\":\"2021-03-07T03:11:49+00:00\",\"dateModified\":\"2021-03-07T03:11:57+00:00\",\"mainEntityOfPage\":{\"@id\":\"https:\\\/\\\/favorite-news.com\\\/fr\\\/cinq-interpellations-apres-de-nouveaux-troubles-urbains\\\/\"},\"wordCount\":430,\"commentCount\":0,\"image\":{\"@id\":\"https:\\\/\\\/favorite-news.com\\\/fr\\\/cinq-interpellations-apres-de-nouveaux-troubles-urbains\\\/#primaryimage\"},\"thumbnailUrl\":\"https:\\\/\\\/favorite-news.com\\\/fr\\\/wp-content\\\/uploads\\\/sites\\\/12\\\/2021\\\/03\\\/Cinq-interpellations-apres-de-nouveaux-troubles-urbains.jpg\",\"articleSection\":[\"NOUVELLES\"],\"inLanguage\":\"fr-FR\",\"potentialAction\":[{\"@type\":\"CommentAction\",\"name\":\"Comment\",\"target\":[\"https:\\\/\\\/favorite-news.com\\\/fr\\\/cinq-interpellations-apres-de-nouveaux-troubles-urbains\\\/#respond\"]}]},{\"@type\":\"WebPage\",\"@id\":\"https:\\\/\\\/favorite-news.com\\\/fr\\\/cinq-interpellations-apres-de-nouveaux-troubles-urbains\\\/\",\"url\":\"https:\\\/\\\/favorite-news.com\\\/fr\\\/cinq-interpellations-apres-de-nouveaux-troubles-urbains\\\/\",\"name\":\"Cinq interpellations apr\u00e8s de nouveaux troubles urbains - Favorite News\",\"isPartOf\":{\"@id\":\"https:\\\/\\\/favorite-news.com\\\/fr\\\/#website\"},\"primaryImageOfPage\":{\"@id\":\"https:\\\/\\\/favorite-news.com\\\/fr\\\/cinq-interpellations-apres-de-nouveaux-troubles-urbains\\\/#primaryimage\"},\"image\":{\"@id\":\"https:\\\/\\\/favorite-news.com\\\/fr\\\/cinq-interpellations-apres-de-nouveaux-troubles-urbains\\\/#primaryimage\"},\"thumbnailUrl\":\"https:\\\/\\\/favorite-news.com\\\/fr\\\/wp-content\\\/uploads\\\/sites\\\/12\\\/2021\\\/03\\\/Cinq-interpellations-apres-de-nouveaux-troubles-urbains.jpg\",\"datePublished\":\"2021-03-07T03:11:49+00:00\",\"dateModified\":\"2021-03-07T03:11:57+00:00\",\"author\":{\"@id\":\"https:\\\/\\\/favorite-news.com\\\/fr\\\/#\\\/schema\\\/person\\\/b66c4cfdd10a5bf16d7d5efda647111f\"},\"breadcrumb\":{\"@id\":\"https:\\\/\\\/favorite-news.com\\\/fr\\\/cinq-interpellations-apres-de-nouveaux-troubles-urbains\\\/#breadcrumb\"},\"inLanguage\":\"fr-FR\",\"potentialAction\":[{\"@type\":\"ReadAction\",\"target\":[\"https:\\\/\\\/favorite-news.com\\\/fr\\\/cinq-interpellations-apres-de-nouveaux-troubles-urbains\\\/\"]}]},{\"@type\":\"ImageObject\",\"inLanguage\":\"fr-FR\",\"@id\":\"https:\\\/\\\/favorite-news.com\\\/fr\\\/cinq-interpellations-apres-de-nouveaux-troubles-urbains\\\/#primaryimage\",\"url\":\"https:\\\/\\\/favorite-news.com\\\/fr\\\/wp-content\\\/uploads\\\/sites\\\/12\\\/2021\\\/03\\\/Cinq-interpellations-apres-de-nouveaux-troubles-urbains.jpg\",\"contentUrl\":\"https:\\\/\\\/favorite-news.com\\\/fr\\\/wp-content\\\/uploads\\\/sites\\\/12\\\/2021\\\/03\\\/Cinq-interpellations-apres-de-nouveaux-troubles-urbains.jpg\",\"width\":648,\"height\":360,\"caption\":\"Cinq interpellations apr\u00e8s de nouveaux troubles urbains\"},{\"@type\":\"BreadcrumbList\",\"@id\":\"https:\\\/\\\/favorite-news.com\\\/fr\\\/cinq-interpellations-apres-de-nouveaux-troubles-urbains\\\/#breadcrumb\",\"itemListElement\":[{\"@type\":\"ListItem\",\"position\":1,\"name\":\"Home\",\"item\":\"https:\\\/\\\/favorite-news.com\\\/fr\\\/\"},{\"@type\":\"ListItem\",\"position\":2,\"name\":\"Cinq interpellations apr\u00e8s de nouveaux troubles urbains\"}]},{\"@type\":\"WebSite\",\"@id\":\"https:\\\/\\\/favorite-news.com\\\/fr\\\/#website\",\"url\":\"https:\\\/\\\/favorite-news.com\\\/fr\\\/\",\"name\":\"Favorite News\",\"description\":\"Favorite News France\",\"potentialAction\":[{\"@type\":\"SearchAction\",\"target\":{\"@type\":\"EntryPoint\",\"urlTemplate\":\"https:\\\/\\\/favorite-news.com\\\/fr\\\/?s={search_term_string}\"},\"query-input\":{\"@type\":\"PropertyValueSpecification\",\"valueRequired\":true,\"valueName\":\"search_term_string\"}}],\"inLanguage\":\"fr-FR\"},{\"@type\":\"Person\",\"@id\":\"https:\\\/\\\/favorite-news.com\\\/fr\\\/#\\\/schema\\\/person\\\/b66c4cfdd10a5bf16d7d5efda647111f\",\"name\":\"favorite-news\",\"image\":{\"@type\":\"ImageObject\",\"inLanguage\":\"fr-FR\",\"@id\":\"https:\\\/\\\/secure.gravatar.com\\\/avatar\\\/f89959e01423a9ee3c2debbcf830eb021c575de0e1b3781ca3ae392b71c615a1?s=96&d=mm&r=g\",\"url\":\"https:\\\/\\\/secure.gravatar.com\\\/avatar\\\/f89959e01423a9ee3c2debbcf830eb021c575de0e1b3781ca3ae392b71c615a1?s=96&d=mm&r=g\",\"contentUrl\":\"https:\\\/\\\/secure.gravatar.com\\\/avatar\\\/f89959e01423a9ee3c2debbcf830eb021c575de0e1b3781ca3ae392b71c615a1?s=96&d=mm&r=g\",\"caption\":\"favorite-news\"},\"url\":\"https:\\\/\\\/favorite-news.com\\\/fr\\\/author\\\/ruby\\\/\"}]}<\/script>\n<!-- \/ Yoast SEO plugin. -->","yoast_head_json":{"title":"Cinq interpellations apr\u00e8s de nouveaux troubles urbains - Favorite News","robots":{"index":"index","follow":"follow","max-snippet":"max-snippet:-1","max-image-preview":"max-image-preview:large","max-video-preview":"max-video-preview:-1"},"canonical":"https:\/\/favorite-news.com\/fr\/cinq-interpellations-apres-de-nouveaux-troubles-urbains\/","og_locale":"fr_FR","og_type":"article","og_title":"Cinq interpellations apr\u00e8s de nouveaux troubles urbains - Favorite News","og_description":"Lyon\u00a0: Cinq interpellations apr\u00e8s de nouveaux troubles urbains (Illustration) \u2014 E. Frisullo \/ 20 Minutes Pour la troisi\u00e8me soir\u00e9e de suite dans la m\u00e9tropole lyonnaise, les forces de l\u2019ordre ont d\u00fb intervenir pour r\u00e9tablir l\u2019ordre, cette fois \u00e0 &#13; Bron o\u00f9 un fourgon de police a \u00e9t\u00e9 d\u00e9grad\u00e9 et cinq personnes interpell\u00e9es, a-t-on appris de [&hellip;]","og_url":"https:\/\/favorite-news.com\/fr\/cinq-interpellations-apres-de-nouveaux-troubles-urbains\/","og_site_name":"Favorite News","article_published_time":"2021-03-07T03:11:49+00:00","article_modified_time":"2021-03-07T03:11:57+00:00","og_image":[{"width":648,"height":360,"url":"https:\/\/favorite-news.com\/fr\/wp-content\/uploads\/sites\/12\/2021\/03\/Cinq-interpellations-apres-de-nouveaux-troubles-urbains.jpg","type":"image\/jpeg"}],"author":"favorite-news","twitter_card":"summary_large_image","twitter_misc":{"\u00c9crit par":"favorite-news","Dur\u00e9e de lecture estim\u00e9e":"2 minutes"},"schema":{"@context":"https:\/\/schema.org","@graph":[{"@type":"Article","@id":"https:\/\/favorite-news.com\/fr\/cinq-interpellations-apres-de-nouveaux-troubles-urbains\/#article","isPartOf":{"@id":"https:\/\/favorite-news.com\/fr\/cinq-interpellations-apres-de-nouveaux-troubles-urbains\/"},"author":{"name":"favorite-news","@id":"https:\/\/favorite-news.com\/fr\/#\/schema\/person\/b66c4cfdd10a5bf16d7d5efda647111f"},"headline":"Cinq interpellations apr\u00e8s de nouveaux troubles urbains","datePublished":"2021-03-07T03:11:49+00:00","dateModified":"2021-03-07T03:11:57+00:00","mainEntityOfPage":{"@id":"https:\/\/favorite-news.com\/fr\/cinq-interpellations-apres-de-nouveaux-troubles-urbains\/"},"wordCount":430,"commentCount":0,"image":{"@id":"https:\/\/favorite-news.com\/fr\/cinq-interpellations-apres-de-nouveaux-troubles-urbains\/#primaryimage"},"thumbnailUrl":"https:\/\/favorite-news.com\/fr\/wp-content\/uploads\/sites\/12\/2021\/03\/Cinq-interpellations-apres-de-nouveaux-troubles-urbains.jpg","articleSection":["NOUVELLES"],"inLanguage":"fr-FR","potentialAction":[{"@type":"CommentAction","name":"Comment","target":["https:\/\/favorite-news.com\/fr\/cinq-interpellations-apres-de-nouveaux-troubles-urbains\/#respond"]}]},{"@type":"WebPage","@id":"https:\/\/favorite-news.com\/fr\/cinq-interpellations-apres-de-nouveaux-troubles-urbains\/","url":"https:\/\/favorite-news.com\/fr\/cinq-interpellations-apres-de-nouveaux-troubles-urbains\/","name":"Cinq interpellations apr\u00e8s de nouveaux troubles urbains - Favorite News","isPartOf":{"@id":"https:\/\/favorite-news.com\/fr\/#website"},"primaryImageOfPage":{"@id":"https:\/\/favorite-news.com\/fr\/cinq-interpellations-apres-de-nouveaux-troubles-urbains\/#primaryimage"},"image":{"@id":"https:\/\/favorite-news.com\/fr\/cinq-interpellations-apres-de-nouveaux-troubles-urbains\/#primaryimage"},"thumbnailUrl":"https:\/\/favorite-news.com\/fr\/wp-content\/uploads\/sites\/12\/2021\/03\/Cinq-interpellations-apres-de-nouveaux-troubles-urbains.jpg","datePublished":"2021-03-07T03:11:49+00:00","dateModified":"2021-03-07T03:11:57+00:00","author":{"@id":"https:\/\/favorite-news.com\/fr\/#\/schema\/person\/b66c4cfdd10a5bf16d7d5efda647111f"},"breadcrumb":{"@id":"https:\/\/favorite-news.com\/fr\/cinq-interpellations-apres-de-nouveaux-troubles-urbains\/#breadcrumb"},"inLanguage":"fr-FR","potentialAction":[{"@type":"ReadAction","target":["https:\/\/favorite-news.com\/fr\/cinq-interpellations-apres-de-nouveaux-troubles-urbains\/"]}]},{"@type":"ImageObject","inLanguage":"fr-FR","@id":"https:\/\/favorite-news.com\/fr\/cinq-interpellations-apres-de-nouveaux-troubles-urbains\/#primaryimage","url":"https:\/\/favorite-news.com\/fr\/wp-content\/uploads\/sites\/12\/2021\/03\/Cinq-interpellations-apres-de-nouveaux-troubles-urbains.jpg","contentUrl":"https:\/\/favorite-news.com\/fr\/wp-content\/uploads\/sites\/12\/2021\/03\/Cinq-interpellations-apres-de-nouveaux-troubles-urbains.jpg","width":648,"height":360,"caption":"Cinq interpellations apr\u00e8s de nouveaux troubles urbains"},{"@type":"BreadcrumbList","@id":"https:\/\/favorite-news.com\/fr\/cinq-interpellations-apres-de-nouveaux-troubles-urbains\/#breadcrumb","itemListElement":[{"@type":"ListItem","position":1,"name":"Home","item":"https:\/\/favorite-news.com\/fr\/"},{"@type":"ListItem","position":2,"name":"Cinq interpellations apr\u00e8s de nouveaux troubles urbains"}]},{"@type":"WebSite","@id":"https:\/\/favorite-news.com\/fr\/#website","url":"https:\/\/favorite-news.com\/fr\/","name":"Favorite News","description":"Favorite News France","potentialAction":[{"@type":"SearchAction","target":{"@type":"EntryPoint","urlTemplate":"https:\/\/favorite-news.com\/fr\/?s={search_term_string}"},"query-input":{"@type":"PropertyValueSpecification","valueRequired":true,"valueName":"search_term_string"}}],"inLanguage":"fr-FR"},{"@type":"Person","@id":"https:\/\/favorite-news.com\/fr\/#\/schema\/person\/b66c4cfdd10a5bf16d7d5efda647111f","name":"favorite-news","image":{"@type":"ImageObject","inLanguage":"fr-FR","@id":"https:\/\/secure.gravatar.com\/avatar\/f89959e01423a9ee3c2debbcf830eb021c575de0e1b3781ca3ae392b71c615a1?s=96&d=mm&r=g","url":"https:\/\/secure.gravatar.com\/avatar\/f89959e01423a9ee3c2debbcf830eb021c575de0e1b3781ca3ae392b71c615a1?s=96&d=mm&r=g","contentUrl":"https:\/\/secure.gravatar.com\/avatar\/f89959e01423a9ee3c2debbcf830eb021c575de0e1b3781ca3ae392b71c615a1?s=96&d=mm&r=g","caption":"favorite-news"},"url":"https:\/\/favorite-news.com\/fr\/author\/ruby\/"}]}},"_links":{"self":[{"href":"https:\/\/favorite-news.com\/fr\/wp-json\/wp\/v2\/posts\/952","targetHints":{"allow":["GET"]}}],"collection":[{"href":"https:\/\/favorite-news.com\/fr\/wp-json\/wp\/v2\/posts"}],"about":[{"href":"https:\/\/favorite-news.com\/fr\/wp-json\/wp\/v2\/types\/post"}],"author":[{"embeddable":true,"href":"https:\/\/favorite-news.com\/fr\/wp-json\/wp\/v2\/users\/1"}],"replies":[{"embeddable":true,"href":"https:\/\/favorite-news.com\/fr\/wp-json\/wp\/v2\/comments?post=952"}],"version-history":[{"count":1,"href":"https:\/\/favorite-news.com\/fr\/wp-json\/wp\/v2\/posts\/952\/revisions"}],"predecessor-version":[{"id":954,"href":"https:\/\/favorite-news.com\/fr\/wp-json\/wp\/v2\/posts\/952\/revisions\/954"}],"wp:featuredmedia":[{"embeddable":true,"href":"https:\/\/favorite-news.com\/fr\/wp-json\/wp\/v2\/media\/953"}],"wp:attachment":[{"href":"https:\/\/favorite-news.com\/fr\/wp-json\/wp\/v2\/media?parent=952"}],"wp:term":[{"taxonomy":"category","embeddable":true,"href":"https:\/\/favorite-news.com\/fr\/wp-json\/wp\/v2\/categories?post=952"},{"taxonomy":"post_tag","embeddable":true,"href":"https:\/\/favorite-news.com\/fr\/wp-json\/wp\/v2\/tags?post=952"}],"curies":[{"name":"wp","href":"https:\/\/api.w.org\/{rel}","templated":true}]}}