{"id":949,"date":"2021-03-06T21:51:08","date_gmt":"2021-03-06T21:51:08","guid":{"rendered":"https:\/\/favorite-news.com\/fr\/psg-en-direct-le-double-pour-mbappe-bientot-la-qualif-pour-le-psg\/"},"modified":"2021-03-06T21:51:11","modified_gmt":"2021-03-06T21:51:11","slug":"psg-en-direct-le-double-pour-mbappe-bientot-la-qualif-pour-le-psg","status":"publish","type":"post","link":"https:\/\/favorite-news.com\/fr\/psg-en-direct-le-double-pour-mbappe-bientot-la-qualif-pour-le-psg\/","title":{"rendered":"PSG EN DIRECT : Le doubl\u00e9 pour Mbapp\u00e9, bient\u00f4t la qualif pour le PSG"},"content":{"rendered":"<p>20h57: Sinon une bonne nouvelle venue d&rsquo;Am\u00e9rique du Sud pour le PSG.\u00a0La lev\u00e9e de boucliers de clubs europ\u00e9ens, inquiets du risque de quarantaine inflig\u00e9 \u00e0 leurs stars sud-am\u00e9ricaines au retour de s\u00e9lection, a pouss\u00e9 la Conmebol \u00e0 reporter samedi sine die les matches qualificatifs pour le Mondial-2022 pr\u00e9vus fin mars.<\/p>\n<p>Concr\u00e8tement, c&rsquo;est une tr\u00e8s bonne nouvelle pour le PSG, puisque ses cadres Neymar et Marquinhos (Br\u00e9sil), ainsi qu&rsquo;Angel di Maria et Leandro Paredes (Argentine), devaient croiser le fer durant la 6e journ\u00e9e pour le clasico sud-am\u00e9ricain, le 30 mars \u00e0 Rio de Janeiro. Au lieu de \u00e7a ils seront frais comme des gardons pour encha\u00eener l&rsquo;OL et Lille \u00e0 la suite.\u00a0<\/p>\n<p>\n<!--noindex--><br \/>\n<a href=\"https:\/\/www.20minutes.fr\/sport\/2992627-20210306-brest-psg-direct-qualif-encombre-coupe-france-avant-barca#xtor=RSS-149\" rel=\"nofollow\">Source link <\/a><br \/>\n<!--\/noindex--><\/p>\n","protected":false},"excerpt":{"rendered":"<p>20h57: Sinon une bonne nouvelle venue d&rsquo;Am\u00e9rique du Sud pour le PSG.\u00a0La lev\u00e9e de boucliers de clubs europ\u00e9ens, inquiets du risque de quarantaine inflig\u00e9 \u00e0 leurs stars sud-am\u00e9ricaines au retour de s\u00e9lection, a pouss\u00e9 la Conmebol \u00e0 reporter samedi sine die les matches qualificatifs pour le Mondial-2022 pr\u00e9vus fin mars. Concr\u00e8tement, c&rsquo;est une tr\u00e8s bonne [&hellip;]<\/p>\n","protected":false},"author":1,"featured_media":950,"comment_status":"open","ping_status":"open","sticky":false,"template":"","format":"standard","meta":{"footnotes":""},"categories":[1],"tags":[],"class_list":["post-949","post","type-post","status-publish","format-standard","has-post-thumbnail","hentry","category-nouvelles"],"yoast_head":"<!-- This site is optimized with the Yoast SEO plugin v27.4 - https:\/\/yoast.com\/product\/yoast-seo-wordpress\/ -->\n<title>PSG EN DIRECT : Le doubl\u00e9 pour Mbapp\u00e9, bient\u00f4t la qualif pour le PSG - Favorite News<\/title>\n<meta name=\"robots\" content=\"index, follow, max-snippet:-1, max-image-preview:large, max-video-preview:-1\" \/>\n<link rel=\"canonical\" href=\"https:\/\/favorite-news.com\/fr\/psg-en-direct-le-double-pour-mbappe-bientot-la-qualif-pour-le-psg\/\" \/>\n<meta property=\"og:locale\" content=\"fr_FR\" \/>\n<meta property=\"og:type\" content=\"article\" \/>\n<meta property=\"og:title\" content=\"PSG EN DIRECT : Le doubl\u00e9 pour Mbapp\u00e9, bient\u00f4t la qualif pour le PSG - Favorite News\" \/>\n<meta property=\"og:description\" content=\"20h57: Sinon une bonne nouvelle venue d&rsquo;Am\u00e9rique du Sud pour le PSG.\u00a0La lev\u00e9e de boucliers de clubs europ\u00e9ens, inquiets du risque de quarantaine inflig\u00e9 \u00e0 leurs stars sud-am\u00e9ricaines au retour de s\u00e9lection, a pouss\u00e9 la Conmebol \u00e0 reporter samedi sine die les matches qualificatifs pour le Mondial-2022 pr\u00e9vus fin mars. Concr\u00e8tement, c&rsquo;est une tr\u00e8s bonne [&hellip;]\" \/>\n<meta property=\"og:url\" content=\"https:\/\/favorite-news.com\/fr\/psg-en-direct-le-double-pour-mbappe-bientot-la-qualif-pour-le-psg\/\" \/>\n<meta property=\"og:site_name\" content=\"Favorite News\" \/>\n<meta property=\"article:published_time\" content=\"2021-03-06T21:51:08+00:00\" \/>\n<meta property=\"article:modified_time\" content=\"2021-03-06T21:51:11+00:00\" \/>\n<meta property=\"og:image\" content=\"https:\/\/favorite-news.com\/fr\/wp-content\/uploads\/sites\/12\/2021\/03\/PSG-EN-DIRECT-Le-double-pour-Mbappe-bientot-la.jpg\" \/>\n\t<meta property=\"og:image:width\" content=\"648\" \/>\n\t<meta property=\"og:image:height\" content=\"360\" \/>\n\t<meta property=\"og:image:type\" content=\"image\/jpeg\" \/>\n<meta name=\"author\" content=\"favorite-news\" \/>\n<meta name=\"twitter:card\" content=\"summary_large_image\" \/>\n<meta name=\"twitter:label1\" content=\"\u00c9crit par\" \/>\n\t<meta name=\"twitter:data1\" content=\"favorite-news\" \/>\n\t<meta name=\"twitter:label2\" content=\"Dur\u00e9e de lecture estim\u00e9e\" \/>\n\t<meta name=\"twitter:data2\" content=\"1 minute\" \/>\n<script type=\"application\/ld+json\" class=\"yoast-schema-graph\">{\"@context\":\"https:\\\/\\\/schema.org\",\"@graph\":[{\"@type\":\"Article\",\"@id\":\"https:\\\/\\\/favorite-news.com\\\/fr\\\/psg-en-direct-le-double-pour-mbappe-bientot-la-qualif-pour-le-psg\\\/#article\",\"isPartOf\":{\"@id\":\"https:\\\/\\\/favorite-news.com\\\/fr\\\/psg-en-direct-le-double-pour-mbappe-bientot-la-qualif-pour-le-psg\\\/\"},\"author\":{\"name\":\"favorite-news\",\"@id\":\"https:\\\/\\\/favorite-news.com\\\/fr\\\/#\\\/schema\\\/person\\\/b66c4cfdd10a5bf16d7d5efda647111f\"},\"headline\":\"PSG EN DIRECT : Le doubl\u00e9 pour Mbapp\u00e9, bient\u00f4t la qualif pour le PSG\",\"datePublished\":\"2021-03-06T21:51:08+00:00\",\"dateModified\":\"2021-03-06T21:51:11+00:00\",\"mainEntityOfPage\":{\"@id\":\"https:\\\/\\\/favorite-news.com\\\/fr\\\/psg-en-direct-le-double-pour-mbappe-bientot-la-qualif-pour-le-psg\\\/\"},\"wordCount\":139,\"commentCount\":0,\"image\":{\"@id\":\"https:\\\/\\\/favorite-news.com\\\/fr\\\/psg-en-direct-le-double-pour-mbappe-bientot-la-qualif-pour-le-psg\\\/#primaryimage\"},\"thumbnailUrl\":\"https:\\\/\\\/favorite-news.com\\\/fr\\\/wp-content\\\/uploads\\\/sites\\\/12\\\/2021\\\/03\\\/PSG-EN-DIRECT-Le-double-pour-Mbappe-bientot-la.jpg\",\"articleSection\":[\"NOUVELLES\"],\"inLanguage\":\"fr-FR\",\"potentialAction\":[{\"@type\":\"CommentAction\",\"name\":\"Comment\",\"target\":[\"https:\\\/\\\/favorite-news.com\\\/fr\\\/psg-en-direct-le-double-pour-mbappe-bientot-la-qualif-pour-le-psg\\\/#respond\"]}]},{\"@type\":\"WebPage\",\"@id\":\"https:\\\/\\\/favorite-news.com\\\/fr\\\/psg-en-direct-le-double-pour-mbappe-bientot-la-qualif-pour-le-psg\\\/\",\"url\":\"https:\\\/\\\/favorite-news.com\\\/fr\\\/psg-en-direct-le-double-pour-mbappe-bientot-la-qualif-pour-le-psg\\\/\",\"name\":\"PSG EN DIRECT : Le doubl\u00e9 pour Mbapp\u00e9, bient\u00f4t la qualif pour le PSG - Favorite News\",\"isPartOf\":{\"@id\":\"https:\\\/\\\/favorite-news.com\\\/fr\\\/#website\"},\"primaryImageOfPage\":{\"@id\":\"https:\\\/\\\/favorite-news.com\\\/fr\\\/psg-en-direct-le-double-pour-mbappe-bientot-la-qualif-pour-le-psg\\\/#primaryimage\"},\"image\":{\"@id\":\"https:\\\/\\\/favorite-news.com\\\/fr\\\/psg-en-direct-le-double-pour-mbappe-bientot-la-qualif-pour-le-psg\\\/#primaryimage\"},\"thumbnailUrl\":\"https:\\\/\\\/favorite-news.com\\\/fr\\\/wp-content\\\/uploads\\\/sites\\\/12\\\/2021\\\/03\\\/PSG-EN-DIRECT-Le-double-pour-Mbappe-bientot-la.jpg\",\"datePublished\":\"2021-03-06T21:51:08+00:00\",\"dateModified\":\"2021-03-06T21:51:11+00:00\",\"author\":{\"@id\":\"https:\\\/\\\/favorite-news.com\\\/fr\\\/#\\\/schema\\\/person\\\/b66c4cfdd10a5bf16d7d5efda647111f\"},\"breadcrumb\":{\"@id\":\"https:\\\/\\\/favorite-news.com\\\/fr\\\/psg-en-direct-le-double-pour-mbappe-bientot-la-qualif-pour-le-psg\\\/#breadcrumb\"},\"inLanguage\":\"fr-FR\",\"potentialAction\":[{\"@type\":\"ReadAction\",\"target\":[\"https:\\\/\\\/favorite-news.com\\\/fr\\\/psg-en-direct-le-double-pour-mbappe-bientot-la-qualif-pour-le-psg\\\/\"]}]},{\"@type\":\"ImageObject\",\"inLanguage\":\"fr-FR\",\"@id\":\"https:\\\/\\\/favorite-news.com\\\/fr\\\/psg-en-direct-le-double-pour-mbappe-bientot-la-qualif-pour-le-psg\\\/#primaryimage\",\"url\":\"https:\\\/\\\/favorite-news.com\\\/fr\\\/wp-content\\\/uploads\\\/sites\\\/12\\\/2021\\\/03\\\/PSG-EN-DIRECT-Le-double-pour-Mbappe-bientot-la.jpg\",\"contentUrl\":\"https:\\\/\\\/favorite-news.com\\\/fr\\\/wp-content\\\/uploads\\\/sites\\\/12\\\/2021\\\/03\\\/PSG-EN-DIRECT-Le-double-pour-Mbappe-bientot-la.jpg\",\"width\":648,\"height\":360,\"caption\":\"PSG EN DIRECT : Le doubl\u00e9 pour Mbapp\u00e9, bient\u00f4t la qualif pour le PSG\"},{\"@type\":\"BreadcrumbList\",\"@id\":\"https:\\\/\\\/favorite-news.com\\\/fr\\\/psg-en-direct-le-double-pour-mbappe-bientot-la-qualif-pour-le-psg\\\/#breadcrumb\",\"itemListElement\":[{\"@type\":\"ListItem\",\"position\":1,\"name\":\"Home\",\"item\":\"https:\\\/\\\/favorite-news.com\\\/fr\\\/\"},{\"@type\":\"ListItem\",\"position\":2,\"name\":\"PSG EN DIRECT : Le doubl\u00e9 pour Mbapp\u00e9, bient\u00f4t la qualif pour le PSG\"}]},{\"@type\":\"WebSite\",\"@id\":\"https:\\\/\\\/favorite-news.com\\\/fr\\\/#website\",\"url\":\"https:\\\/\\\/favorite-news.com\\\/fr\\\/\",\"name\":\"Favorite News\",\"description\":\"Favorite News France\",\"potentialAction\":[{\"@type\":\"SearchAction\",\"target\":{\"@type\":\"EntryPoint\",\"urlTemplate\":\"https:\\\/\\\/favorite-news.com\\\/fr\\\/?s={search_term_string}\"},\"query-input\":{\"@type\":\"PropertyValueSpecification\",\"valueRequired\":true,\"valueName\":\"search_term_string\"}}],\"inLanguage\":\"fr-FR\"},{\"@type\":\"Person\",\"@id\":\"https:\\\/\\\/favorite-news.com\\\/fr\\\/#\\\/schema\\\/person\\\/b66c4cfdd10a5bf16d7d5efda647111f\",\"name\":\"favorite-news\",\"image\":{\"@type\":\"ImageObject\",\"inLanguage\":\"fr-FR\",\"@id\":\"https:\\\/\\\/secure.gravatar.com\\\/avatar\\\/f89959e01423a9ee3c2debbcf830eb021c575de0e1b3781ca3ae392b71c615a1?s=96&d=mm&r=g\",\"url\":\"https:\\\/\\\/secure.gravatar.com\\\/avatar\\\/f89959e01423a9ee3c2debbcf830eb021c575de0e1b3781ca3ae392b71c615a1?s=96&d=mm&r=g\",\"contentUrl\":\"https:\\\/\\\/secure.gravatar.com\\\/avatar\\\/f89959e01423a9ee3c2debbcf830eb021c575de0e1b3781ca3ae392b71c615a1?s=96&d=mm&r=g\",\"caption\":\"favorite-news\"},\"url\":\"https:\\\/\\\/favorite-news.com\\\/fr\\\/author\\\/ruby\\\/\"}]}<\/script>\n<!-- \/ Yoast SEO plugin. -->","yoast_head_json":{"title":"PSG EN DIRECT : Le doubl\u00e9 pour Mbapp\u00e9, bient\u00f4t la qualif pour le PSG - Favorite News","robots":{"index":"index","follow":"follow","max-snippet":"max-snippet:-1","max-image-preview":"max-image-preview:large","max-video-preview":"max-video-preview:-1"},"canonical":"https:\/\/favorite-news.com\/fr\/psg-en-direct-le-double-pour-mbappe-bientot-la-qualif-pour-le-psg\/","og_locale":"fr_FR","og_type":"article","og_title":"PSG EN DIRECT : Le doubl\u00e9 pour Mbapp\u00e9, bient\u00f4t la qualif pour le PSG - Favorite News","og_description":"20h57: Sinon une bonne nouvelle venue d&rsquo;Am\u00e9rique du Sud pour le PSG.\u00a0La lev\u00e9e de boucliers de clubs europ\u00e9ens, inquiets du risque de quarantaine inflig\u00e9 \u00e0 leurs stars sud-am\u00e9ricaines au retour de s\u00e9lection, a pouss\u00e9 la Conmebol \u00e0 reporter samedi sine die les matches qualificatifs pour le Mondial-2022 pr\u00e9vus fin mars. Concr\u00e8tement, c&rsquo;est une tr\u00e8s bonne [&hellip;]","og_url":"https:\/\/favorite-news.com\/fr\/psg-en-direct-le-double-pour-mbappe-bientot-la-qualif-pour-le-psg\/","og_site_name":"Favorite News","article_published_time":"2021-03-06T21:51:08+00:00","article_modified_time":"2021-03-06T21:51:11+00:00","og_image":[{"width":648,"height":360,"url":"https:\/\/favorite-news.com\/fr\/wp-content\/uploads\/sites\/12\/2021\/03\/PSG-EN-DIRECT-Le-double-pour-Mbappe-bientot-la.jpg","type":"image\/jpeg"}],"author":"favorite-news","twitter_card":"summary_large_image","twitter_misc":{"\u00c9crit par":"favorite-news","Dur\u00e9e de lecture estim\u00e9e":"1 minute"},"schema":{"@context":"https:\/\/schema.org","@graph":[{"@type":"Article","@id":"https:\/\/favorite-news.com\/fr\/psg-en-direct-le-double-pour-mbappe-bientot-la-qualif-pour-le-psg\/#article","isPartOf":{"@id":"https:\/\/favorite-news.com\/fr\/psg-en-direct-le-double-pour-mbappe-bientot-la-qualif-pour-le-psg\/"},"author":{"name":"favorite-news","@id":"https:\/\/favorite-news.com\/fr\/#\/schema\/person\/b66c4cfdd10a5bf16d7d5efda647111f"},"headline":"PSG EN DIRECT : Le doubl\u00e9 pour Mbapp\u00e9, bient\u00f4t la qualif pour le PSG","datePublished":"2021-03-06T21:51:08+00:00","dateModified":"2021-03-06T21:51:11+00:00","mainEntityOfPage":{"@id":"https:\/\/favorite-news.com\/fr\/psg-en-direct-le-double-pour-mbappe-bientot-la-qualif-pour-le-psg\/"},"wordCount":139,"commentCount":0,"image":{"@id":"https:\/\/favorite-news.com\/fr\/psg-en-direct-le-double-pour-mbappe-bientot-la-qualif-pour-le-psg\/#primaryimage"},"thumbnailUrl":"https:\/\/favorite-news.com\/fr\/wp-content\/uploads\/sites\/12\/2021\/03\/PSG-EN-DIRECT-Le-double-pour-Mbappe-bientot-la.jpg","articleSection":["NOUVELLES"],"inLanguage":"fr-FR","potentialAction":[{"@type":"CommentAction","name":"Comment","target":["https:\/\/favorite-news.com\/fr\/psg-en-direct-le-double-pour-mbappe-bientot-la-qualif-pour-le-psg\/#respond"]}]},{"@type":"WebPage","@id":"https:\/\/favorite-news.com\/fr\/psg-en-direct-le-double-pour-mbappe-bientot-la-qualif-pour-le-psg\/","url":"https:\/\/favorite-news.com\/fr\/psg-en-direct-le-double-pour-mbappe-bientot-la-qualif-pour-le-psg\/","name":"PSG EN DIRECT : Le doubl\u00e9 pour Mbapp\u00e9, bient\u00f4t la qualif pour le PSG - Favorite News","isPartOf":{"@id":"https:\/\/favorite-news.com\/fr\/#website"},"primaryImageOfPage":{"@id":"https:\/\/favorite-news.com\/fr\/psg-en-direct-le-double-pour-mbappe-bientot-la-qualif-pour-le-psg\/#primaryimage"},"image":{"@id":"https:\/\/favorite-news.com\/fr\/psg-en-direct-le-double-pour-mbappe-bientot-la-qualif-pour-le-psg\/#primaryimage"},"thumbnailUrl":"https:\/\/favorite-news.com\/fr\/wp-content\/uploads\/sites\/12\/2021\/03\/PSG-EN-DIRECT-Le-double-pour-Mbappe-bientot-la.jpg","datePublished":"2021-03-06T21:51:08+00:00","dateModified":"2021-03-06T21:51:11+00:00","author":{"@id":"https:\/\/favorite-news.com\/fr\/#\/schema\/person\/b66c4cfdd10a5bf16d7d5efda647111f"},"breadcrumb":{"@id":"https:\/\/favorite-news.com\/fr\/psg-en-direct-le-double-pour-mbappe-bientot-la-qualif-pour-le-psg\/#breadcrumb"},"inLanguage":"fr-FR","potentialAction":[{"@type":"ReadAction","target":["https:\/\/favorite-news.com\/fr\/psg-en-direct-le-double-pour-mbappe-bientot-la-qualif-pour-le-psg\/"]}]},{"@type":"ImageObject","inLanguage":"fr-FR","@id":"https:\/\/favorite-news.com\/fr\/psg-en-direct-le-double-pour-mbappe-bientot-la-qualif-pour-le-psg\/#primaryimage","url":"https:\/\/favorite-news.com\/fr\/wp-content\/uploads\/sites\/12\/2021\/03\/PSG-EN-DIRECT-Le-double-pour-Mbappe-bientot-la.jpg","contentUrl":"https:\/\/favorite-news.com\/fr\/wp-content\/uploads\/sites\/12\/2021\/03\/PSG-EN-DIRECT-Le-double-pour-Mbappe-bientot-la.jpg","width":648,"height":360,"caption":"PSG EN DIRECT : Le doubl\u00e9 pour Mbapp\u00e9, bient\u00f4t la qualif pour le PSG"},{"@type":"BreadcrumbList","@id":"https:\/\/favorite-news.com\/fr\/psg-en-direct-le-double-pour-mbappe-bientot-la-qualif-pour-le-psg\/#breadcrumb","itemListElement":[{"@type":"ListItem","position":1,"name":"Home","item":"https:\/\/favorite-news.com\/fr\/"},{"@type":"ListItem","position":2,"name":"PSG EN DIRECT : Le doubl\u00e9 pour Mbapp\u00e9, bient\u00f4t la qualif pour le PSG"}]},{"@type":"WebSite","@id":"https:\/\/favorite-news.com\/fr\/#website","url":"https:\/\/favorite-news.com\/fr\/","name":"Favorite News","description":"Favorite News France","potentialAction":[{"@type":"SearchAction","target":{"@type":"EntryPoint","urlTemplate":"https:\/\/favorite-news.com\/fr\/?s={search_term_string}"},"query-input":{"@type":"PropertyValueSpecification","valueRequired":true,"valueName":"search_term_string"}}],"inLanguage":"fr-FR"},{"@type":"Person","@id":"https:\/\/favorite-news.com\/fr\/#\/schema\/person\/b66c4cfdd10a5bf16d7d5efda647111f","name":"favorite-news","image":{"@type":"ImageObject","inLanguage":"fr-FR","@id":"https:\/\/secure.gravatar.com\/avatar\/f89959e01423a9ee3c2debbcf830eb021c575de0e1b3781ca3ae392b71c615a1?s=96&d=mm&r=g","url":"https:\/\/secure.gravatar.com\/avatar\/f89959e01423a9ee3c2debbcf830eb021c575de0e1b3781ca3ae392b71c615a1?s=96&d=mm&r=g","contentUrl":"https:\/\/secure.gravatar.com\/avatar\/f89959e01423a9ee3c2debbcf830eb021c575de0e1b3781ca3ae392b71c615a1?s=96&d=mm&r=g","caption":"favorite-news"},"url":"https:\/\/favorite-news.com\/fr\/author\/ruby\/"}]}},"_links":{"self":[{"href":"https:\/\/favorite-news.com\/fr\/wp-json\/wp\/v2\/posts\/949","targetHints":{"allow":["GET"]}}],"collection":[{"href":"https:\/\/favorite-news.com\/fr\/wp-json\/wp\/v2\/posts"}],"about":[{"href":"https:\/\/favorite-news.com\/fr\/wp-json\/wp\/v2\/types\/post"}],"author":[{"embeddable":true,"href":"https:\/\/favorite-news.com\/fr\/wp-json\/wp\/v2\/users\/1"}],"replies":[{"embeddable":true,"href":"https:\/\/favorite-news.com\/fr\/wp-json\/wp\/v2\/comments?post=949"}],"version-history":[{"count":1,"href":"https:\/\/favorite-news.com\/fr\/wp-json\/wp\/v2\/posts\/949\/revisions"}],"predecessor-version":[{"id":951,"href":"https:\/\/favorite-news.com\/fr\/wp-json\/wp\/v2\/posts\/949\/revisions\/951"}],"wp:featuredmedia":[{"embeddable":true,"href":"https:\/\/favorite-news.com\/fr\/wp-json\/wp\/v2\/media\/950"}],"wp:attachment":[{"href":"https:\/\/favorite-news.com\/fr\/wp-json\/wp\/v2\/media?parent=949"}],"wp:term":[{"taxonomy":"category","embeddable":true,"href":"https:\/\/favorite-news.com\/fr\/wp-json\/wp\/v2\/categories?post=949"},{"taxonomy":"post_tag","embeddable":true,"href":"https:\/\/favorite-news.com\/fr\/wp-json\/wp\/v2\/tags?post=949"}],"curies":[{"name":"wp","href":"https:\/\/api.w.org\/{rel}","templated":true}]}}