{"id":946,"date":"2021-03-06T16:33:20","date_gmt":"2021-03-06T16:33:20","guid":{"rendered":"https:\/\/favorite-news.com\/fr\/et-si-on-arretait-de-sindigner-a-propos-des-gens-dehors\/"},"modified":"2021-03-06T16:33:24","modified_gmt":"2021-03-06T16:33:24","slug":"et-si-on-arretait-de-sindigner-a-propos-des-gens-dehors","status":"publish","type":"post","link":"https:\/\/favorite-news.com\/fr\/et-si-on-arretait-de-sindigner-a-propos-des-gens-dehors\/","title":{"rendered":"Et si on arr\u00eatait de s&rsquo;indigner \u00e0 propos des gens dehors ?"},"content":{"rendered":"<p>                Des Parisiens profitant de la verdure et du soleil au Jardin du Luxembourg avant le couvre-feu, illustration \u2014 JEANNE ACCORSINI\/SIPA<br \/>\n            Le retour du beau temps et du soleil marque aussi le retour des pol\u00e9miques sur le nombre de personnes se retrouvant dehors en pleine \u00e9pid\u00e9mie de coronavirus.&#13;<br \/>\n\tUne surattention port\u00e9e \u00e0 l\u2019ext\u00e9rieur, qui peut s\u2019av\u00e9rer contre-productive dans la lutte contre le virus.&#13;<br \/>\n\tEt si au lieu de compter\u00a0les gens dans les parcs, on essayait de s\u2019attaquer aux clusters en lieu clos\u00a0?&#13;<\/p>\n<p>Ce week-end s\u2019est par\u00e9 de ses plus beaux rayons de soleil et d\u2019un beau ciel bleu sur la majeure partie du pays. Comme ce fut le cas pr\u00e9c\u00e9demment, nul doute qu\u2019il y aura de nombreuses personnes dehors. Des sorties qui &#13;<br \/>\ncomme \u00e0 chaque fois susciteront des commentaires indign\u00e9s et des articles \u00e0 charge sur ces pr\u00e9tendus inconscients pr\u00e9f\u00e9rant fl\u00e2ner au parc ou au bord de l\u2019eau que suivre la fameuse consigne &#13;<br \/>\n\u00ab\u00a0rester chez vous\u00a0\u00bb.<\/p>\n<p>Pourquoi tant de haine\u00a0?\u00a0Robert Zuili, psychologue clinicien sp\u00e9cialiste des \u00e9motions, explique ces r\u00e9actions \u00e9pidermiques de deux mani\u00e8res. Soit par la peur d\u2019un rebond dans l\u2019\u00e9pid\u00e9mie du coronavirus, soit par la col\u00e8re de voir d\u2019autres personnes s\u2019autoriser ce qu\u2019on n\u2019ose pas s\u2019accorder\u00a0:\u00a0\u00ab\u00a0Il y a alors un sentiment d\u2019injustice\u2026 \u00ab\u00a0Pourquoi eux profitent du dehors quand moi je me contrains \u00e0 rester chez moi\u00a0?\u00a0\u00bb\u00a0\u00bb. Le psychologue arrive m\u00eame \u00e0 expliquer l\u2019\u00e9trange ph\u00e9nom\u00e8ne des gens eux-m\u00eames dehors critiquant le nombre de gens dehors\u00a0:\u00a0\u00ab\u00a0On va faire attention aux d\u00e9tails, trouver que dans un groupe on se tient trop pr\u00e8s les uns des autres, qu\u2019une personne porte mal son masque, ou que les gens sortent pour de mauvaises raisons\u2026 On trouve toujours plus de l\u00e9g\u00e8ret\u00e9 chez les autres que chez nous, ce qui explique ce ressentiment\u00a0\u00bb. Et l\u00e0 encore, cette id\u00e9e d\u2019injustice\u00a0:\u00a0\u00ab\u00a0Pourquoi eux pourraient-ils \u00eatre plus frivoles avec les mesures barri\u00e8res que nous\u00a0?\u00a0\u00bb.<\/p>\n<p>Taper \u00e0 c\u00f4t\u00e9<\/p>\n<p>Mais ces indignations r\u00e9p\u00e9t\u00e9es ont-elles vraiment un sens\u00a0?\u00a0Le docteur\u00a0Yvon le Flohic\u00a0note que toutes les \u00e9tudes scientifiques tendent \u00e0 montrer que l\u2019\u00e9crasante majorit\u00e9 des clusters se font en lieux clos\u00a0:\u00a0\u00ab\u00a0Le virus ne se d\u00e9veloppe pas en ext\u00e9rieur, mais dans les lieux clos et mal a\u00e9r\u00e9s\u00a0\u00bb.\u00a0Interdire l\u2019acc\u00e8s aux for\u00eats ou aux plages, comme on le voit de plus en plus dans les d\u00e9partements \u00e0 haute incidence, ou s\u2019indigner des personnes en ext\u00e9rieur le week-end, n\u2019aurait donc pas vraiment de sens.<\/p>\n<p>Quand il ne s\u2019agirait pas carr\u00e9ment de taper \u00e0 c\u00f4t\u00e9. \u00ab\u00a0Pendant qu\u2019on interdit les plages ou qu\u2019on force le port du masque en ext\u00e9rieur, on ne s\u2019attaque pas aux clusters int\u00e9rieurs\u00a0:\u00a0les repas en lieux clos, les \u00e9coles, les h\u00f4pitaux, les Ehpad\u00a0\u00bb, note Yvon le Flohic. Pour lui, c\u2019est tout sauf un hasard si les mesures les plus efficaces concernaient les lieux clos\u00a0:\u00a0la fermeture des restaurants, des bars, des salles de sport et de tout endroit sans masque en int\u00e9rieur. Mais d\u00e9sormais \u00ab\u00a0vouloir serrer la vis\u00a0en interdisant l\u2019acc\u00e8s au dehors\u00a0pour lutter contre le coronavirus n\u2019apportera pas de nouveaux gains, ou alors extr\u00eamement marginaux\u00a0\u00bb, plaide le m\u00e9decin, partisan d\u2019une strat\u00e9gie \u00ab\u00a0faire plus l\u00e0 o\u00f9 le virus circule activement, faire moins l\u00e0 o\u00f9 il ne circule pas.\u00a0\u00bb<\/p>\n<p>Des mesures pour des mesures<\/p>\n<p>Ne nous y trompons pas, les risques de contaminations interindividuelles ne sont pas nuls \u00e0 l\u2019ext\u00e9rieur. \u00ab\u00a0Mais cela se limite justement \u00e0 cela, de la contamination entre deux individus, et non en des clusters comme on peut les observer en lieux clos\u00a0\u00bb, indique Yvon le Flohic.\u00a0Dans une pr\u00e9-publication de MedRxiv\u200b d\u2019octobre\u00a02020 portant sur\u00a025.000 cas, 6\u00a0% des cas \u00e9taient li\u00e9s \u00e0 des environnements ayant une composante ext\u00e9rieure. Mais ceux-ci se passaient dans des contextes bien pr\u00e9cis, du type sport, f\u00eates ou concerts, o\u00f9 la distanciation physique n\u2019est pas respect\u00e9e, o\u00f9 les personnes restent tr\u00e8s longtemps c\u00f4te \u00e0 c\u00f4te et o\u00f9 elles sont plus propices \u00e0 parler fort ou \u00e0 chanter \u2013 autant d\u2019\u00e9l\u00e9ments acc\u00e9l\u00e9rateurs de la contamination. Pour le m\u00e9decin, \u00ab\u00a0penser qu\u2019on risque de se contaminer en marchant \u00e0 dix m\u00e8tres de distance les uns des autres sur une plage, cela n\u2019a pas de sens\u00a0\u00bb.<\/p>\n<p>D\u00e8s lors, comment expliquer que la plupart des nouvelles mesures concernent exclusivement le dehors\u00a0?\u00a0Deux hypoth\u00e8ses dominent. Premi\u00e8rement, une mauvaise compr\u00e9hension de la maladie, qui est encore parfois vue comme se transmettant par contact physique direct que par voies respiratoires et\u00a0gouttelettes. Deuxi\u00e8mement, \u00ab\u00a0parce qu\u2019il est plus simple d\u2019interdire une plage ou un parc que d\u2019identifier les clusters et prendre les mesures n\u00e9cessaires. C\u2019est plus de la communication pour avoir l\u2019illusion d\u2019avancer\u00a0\u00bb, se d\u00e9sesp\u00e8re un peu\u00a0Yvon le Flohic.<\/p>\n<p>Enfermement psychique<\/p>\n<p>Tout cela n\u2019est pas sans cons\u00e9quence. En plus de faire diversion, cette surattention pour l\u2019ext\u00e9rieur \u00ab\u00a0brouille la communication sur l\u2019importance de l\u2019a\u00e9ration des lieux clos, comme les salles de classe\u00a0\u00bb, appuie le m\u00e9decin. Difficile d\u2019\u00e0 la fois plaider en faveur d\u2019un renouvellement de l\u2019air venant de l\u2019ext\u00e9rieur en pr\u00e9sentant en m\u00eame temps le dehors comme une zone de haute transmission du virus.<\/p>\n<p>Sans parler des cons\u00e9quences sur le moral des Fran\u00e7ais. Yvon le Flohic poursuit\u00a0:\u00a0\u00ab\u00a0Cette surattention pour le dehors pose aussi une probl\u00e9matique soci\u00e9tale\u00a0:\u00a0on arrive \u00e0 un an d\u2019\u00e9pid\u00e9mie et autant essayer de ne pas priver les Fran\u00e7ais de loisirs qui ne seraient pas dangereux\u00a0\u00bb Pour Robert Zulli, \u00ab\u00a0il est important, m\u00eame en temps de crise sanitaire, de s\u2019accorder des plaisirs \u2013 \u00e0 condition bien s\u00fbr qu\u2019il ne soit pas dangereux pour soi ou pour les autres. Marcher dehors, sortir de chez soi, prendre l\u2019air, cela peut faire \u00e9norm\u00e9ment de bien psychique aux gens.\u00a0\u00bb Juste de quoi respirer un peu.<\/p>\n<p>\n<!--noindex--><br \/>\n<a href=\"https:\/\/www.20minutes.fr\/societe\/2992575-20210306-coronavirus-si-arretait-indigner-propos-gens-dehors#xtor=RSS-149\" rel=\"nofollow\">Source link <\/a><br \/>\n<!--\/noindex--><\/p>\n","protected":false},"excerpt":{"rendered":"<p>Des Parisiens profitant de la verdure et du soleil au Jardin du Luxembourg avant le couvre-feu, illustration \u2014 JEANNE ACCORSINI\/SIPA Le retour du beau temps et du soleil marque aussi le retour des pol\u00e9miques sur le nombre de personnes se retrouvant dehors en pleine \u00e9pid\u00e9mie de coronavirus.&#13; Une surattention port\u00e9e \u00e0 l\u2019ext\u00e9rieur, qui peut s\u2019av\u00e9rer [&hellip;]<\/p>\n","protected":false},"author":1,"featured_media":947,"comment_status":"open","ping_status":"open","sticky":false,"template":"","format":"standard","meta":{"footnotes":""},"categories":[1],"tags":[],"class_list":["post-946","post","type-post","status-publish","format-standard","has-post-thumbnail","hentry","category-nouvelles"],"yoast_head":"<!-- This site is optimized with the Yoast SEO plugin v27.4 - https:\/\/yoast.com\/product\/yoast-seo-wordpress\/ -->\n<title>Et si on arr\u00eatait de s&#039;indigner \u00e0 propos des gens dehors ? - Favorite News<\/title>\n<meta name=\"robots\" content=\"index, follow, max-snippet:-1, max-image-preview:large, max-video-preview:-1\" \/>\n<link rel=\"canonical\" href=\"https:\/\/favorite-news.com\/fr\/et-si-on-arretait-de-sindigner-a-propos-des-gens-dehors\/\" \/>\n<meta property=\"og:locale\" content=\"fr_FR\" \/>\n<meta property=\"og:type\" content=\"article\" \/>\n<meta property=\"og:title\" content=\"Et si on arr\u00eatait de s&#039;indigner \u00e0 propos des gens dehors ? - Favorite News\" \/>\n<meta property=\"og:description\" content=\"Des Parisiens profitant de la verdure et du soleil au Jardin du Luxembourg avant le couvre-feu, illustration \u2014 JEANNE ACCORSINI\/SIPA Le retour du beau temps et du soleil marque aussi le retour des pol\u00e9miques sur le nombre de personnes se retrouvant dehors en pleine \u00e9pid\u00e9mie de coronavirus.&#013; Une surattention port\u00e9e \u00e0 l\u2019ext\u00e9rieur, qui peut s\u2019av\u00e9rer [&hellip;]\" \/>\n<meta property=\"og:url\" content=\"https:\/\/favorite-news.com\/fr\/et-si-on-arretait-de-sindigner-a-propos-des-gens-dehors\/\" \/>\n<meta property=\"og:site_name\" content=\"Favorite News\" \/>\n<meta property=\"article:published_time\" content=\"2021-03-06T16:33:20+00:00\" \/>\n<meta property=\"article:modified_time\" content=\"2021-03-06T16:33:24+00:00\" \/>\n<meta property=\"og:image\" content=\"https:\/\/favorite-news.com\/fr\/wp-content\/uploads\/sites\/12\/2021\/03\/Et-si-on-arretait-de-sindigner-a-propos-des-gens.jpg\" \/>\n\t<meta property=\"og:image:width\" content=\"648\" \/>\n\t<meta property=\"og:image:height\" content=\"360\" \/>\n\t<meta property=\"og:image:type\" content=\"image\/jpeg\" \/>\n<meta name=\"author\" content=\"favorite-news\" \/>\n<meta name=\"twitter:card\" content=\"summary_large_image\" \/>\n<meta name=\"twitter:label1\" content=\"\u00c9crit par\" \/>\n\t<meta name=\"twitter:data1\" content=\"favorite-news\" \/>\n\t<meta name=\"twitter:label2\" content=\"Dur\u00e9e de lecture estim\u00e9e\" \/>\n\t<meta name=\"twitter:data2\" content=\"5 minutes\" \/>\n<script type=\"application\/ld+json\" class=\"yoast-schema-graph\">{\"@context\":\"https:\\\/\\\/schema.org\",\"@graph\":[{\"@type\":\"Article\",\"@id\":\"https:\\\/\\\/favorite-news.com\\\/fr\\\/et-si-on-arretait-de-sindigner-a-propos-des-gens-dehors\\\/#article\",\"isPartOf\":{\"@id\":\"https:\\\/\\\/favorite-news.com\\\/fr\\\/et-si-on-arretait-de-sindigner-a-propos-des-gens-dehors\\\/\"},\"author\":{\"name\":\"favorite-news\",\"@id\":\"https:\\\/\\\/favorite-news.com\\\/fr\\\/#\\\/schema\\\/person\\\/b66c4cfdd10a5bf16d7d5efda647111f\"},\"headline\":\"Et si on arr\u00eatait de s&rsquo;indigner \u00e0 propos des gens dehors ?\",\"datePublished\":\"2021-03-06T16:33:20+00:00\",\"dateModified\":\"2021-03-06T16:33:24+00:00\",\"mainEntityOfPage\":{\"@id\":\"https:\\\/\\\/favorite-news.com\\\/fr\\\/et-si-on-arretait-de-sindigner-a-propos-des-gens-dehors\\\/\"},\"wordCount\":1049,\"commentCount\":0,\"image\":{\"@id\":\"https:\\\/\\\/favorite-news.com\\\/fr\\\/et-si-on-arretait-de-sindigner-a-propos-des-gens-dehors\\\/#primaryimage\"},\"thumbnailUrl\":\"https:\\\/\\\/favorite-news.com\\\/fr\\\/wp-content\\\/uploads\\\/sites\\\/12\\\/2021\\\/03\\\/Et-si-on-arretait-de-sindigner-a-propos-des-gens.jpg\",\"articleSection\":[\"NOUVELLES\"],\"inLanguage\":\"fr-FR\",\"potentialAction\":[{\"@type\":\"CommentAction\",\"name\":\"Comment\",\"target\":[\"https:\\\/\\\/favorite-news.com\\\/fr\\\/et-si-on-arretait-de-sindigner-a-propos-des-gens-dehors\\\/#respond\"]}]},{\"@type\":\"WebPage\",\"@id\":\"https:\\\/\\\/favorite-news.com\\\/fr\\\/et-si-on-arretait-de-sindigner-a-propos-des-gens-dehors\\\/\",\"url\":\"https:\\\/\\\/favorite-news.com\\\/fr\\\/et-si-on-arretait-de-sindigner-a-propos-des-gens-dehors\\\/\",\"name\":\"Et si on arr\u00eatait de s'indigner \u00e0 propos des gens dehors ? - Favorite News\",\"isPartOf\":{\"@id\":\"https:\\\/\\\/favorite-news.com\\\/fr\\\/#website\"},\"primaryImageOfPage\":{\"@id\":\"https:\\\/\\\/favorite-news.com\\\/fr\\\/et-si-on-arretait-de-sindigner-a-propos-des-gens-dehors\\\/#primaryimage\"},\"image\":{\"@id\":\"https:\\\/\\\/favorite-news.com\\\/fr\\\/et-si-on-arretait-de-sindigner-a-propos-des-gens-dehors\\\/#primaryimage\"},\"thumbnailUrl\":\"https:\\\/\\\/favorite-news.com\\\/fr\\\/wp-content\\\/uploads\\\/sites\\\/12\\\/2021\\\/03\\\/Et-si-on-arretait-de-sindigner-a-propos-des-gens.jpg\",\"datePublished\":\"2021-03-06T16:33:20+00:00\",\"dateModified\":\"2021-03-06T16:33:24+00:00\",\"author\":{\"@id\":\"https:\\\/\\\/favorite-news.com\\\/fr\\\/#\\\/schema\\\/person\\\/b66c4cfdd10a5bf16d7d5efda647111f\"},\"breadcrumb\":{\"@id\":\"https:\\\/\\\/favorite-news.com\\\/fr\\\/et-si-on-arretait-de-sindigner-a-propos-des-gens-dehors\\\/#breadcrumb\"},\"inLanguage\":\"fr-FR\",\"potentialAction\":[{\"@type\":\"ReadAction\",\"target\":[\"https:\\\/\\\/favorite-news.com\\\/fr\\\/et-si-on-arretait-de-sindigner-a-propos-des-gens-dehors\\\/\"]}]},{\"@type\":\"ImageObject\",\"inLanguage\":\"fr-FR\",\"@id\":\"https:\\\/\\\/favorite-news.com\\\/fr\\\/et-si-on-arretait-de-sindigner-a-propos-des-gens-dehors\\\/#primaryimage\",\"url\":\"https:\\\/\\\/favorite-news.com\\\/fr\\\/wp-content\\\/uploads\\\/sites\\\/12\\\/2021\\\/03\\\/Et-si-on-arretait-de-sindigner-a-propos-des-gens.jpg\",\"contentUrl\":\"https:\\\/\\\/favorite-news.com\\\/fr\\\/wp-content\\\/uploads\\\/sites\\\/12\\\/2021\\\/03\\\/Et-si-on-arretait-de-sindigner-a-propos-des-gens.jpg\",\"width\":648,\"height\":360,\"caption\":\"Et si on arr\u00eatait de s'indigner \u00e0 propos des gens dehors ?\"},{\"@type\":\"BreadcrumbList\",\"@id\":\"https:\\\/\\\/favorite-news.com\\\/fr\\\/et-si-on-arretait-de-sindigner-a-propos-des-gens-dehors\\\/#breadcrumb\",\"itemListElement\":[{\"@type\":\"ListItem\",\"position\":1,\"name\":\"Home\",\"item\":\"https:\\\/\\\/favorite-news.com\\\/fr\\\/\"},{\"@type\":\"ListItem\",\"position\":2,\"name\":\"Et si on arr\u00eatait de s&rsquo;indigner \u00e0 propos des gens dehors ?\"}]},{\"@type\":\"WebSite\",\"@id\":\"https:\\\/\\\/favorite-news.com\\\/fr\\\/#website\",\"url\":\"https:\\\/\\\/favorite-news.com\\\/fr\\\/\",\"name\":\"Favorite News\",\"description\":\"Favorite News France\",\"potentialAction\":[{\"@type\":\"SearchAction\",\"target\":{\"@type\":\"EntryPoint\",\"urlTemplate\":\"https:\\\/\\\/favorite-news.com\\\/fr\\\/?s={search_term_string}\"},\"query-input\":{\"@type\":\"PropertyValueSpecification\",\"valueRequired\":true,\"valueName\":\"search_term_string\"}}],\"inLanguage\":\"fr-FR\"},{\"@type\":\"Person\",\"@id\":\"https:\\\/\\\/favorite-news.com\\\/fr\\\/#\\\/schema\\\/person\\\/b66c4cfdd10a5bf16d7d5efda647111f\",\"name\":\"favorite-news\",\"image\":{\"@type\":\"ImageObject\",\"inLanguage\":\"fr-FR\",\"@id\":\"https:\\\/\\\/secure.gravatar.com\\\/avatar\\\/f89959e01423a9ee3c2debbcf830eb021c575de0e1b3781ca3ae392b71c615a1?s=96&d=mm&r=g\",\"url\":\"https:\\\/\\\/secure.gravatar.com\\\/avatar\\\/f89959e01423a9ee3c2debbcf830eb021c575de0e1b3781ca3ae392b71c615a1?s=96&d=mm&r=g\",\"contentUrl\":\"https:\\\/\\\/secure.gravatar.com\\\/avatar\\\/f89959e01423a9ee3c2debbcf830eb021c575de0e1b3781ca3ae392b71c615a1?s=96&d=mm&r=g\",\"caption\":\"favorite-news\"},\"url\":\"https:\\\/\\\/favorite-news.com\\\/fr\\\/author\\\/ruby\\\/\"}]}<\/script>\n<!-- \/ Yoast SEO plugin. -->","yoast_head_json":{"title":"Et si on arr\u00eatait de s'indigner \u00e0 propos des gens dehors ? - Favorite News","robots":{"index":"index","follow":"follow","max-snippet":"max-snippet:-1","max-image-preview":"max-image-preview:large","max-video-preview":"max-video-preview:-1"},"canonical":"https:\/\/favorite-news.com\/fr\/et-si-on-arretait-de-sindigner-a-propos-des-gens-dehors\/","og_locale":"fr_FR","og_type":"article","og_title":"Et si on arr\u00eatait de s'indigner \u00e0 propos des gens dehors ? - Favorite News","og_description":"Des Parisiens profitant de la verdure et du soleil au Jardin du Luxembourg avant le couvre-feu, illustration \u2014 JEANNE ACCORSINI\/SIPA Le retour du beau temps et du soleil marque aussi le retour des pol\u00e9miques sur le nombre de personnes se retrouvant dehors en pleine \u00e9pid\u00e9mie de coronavirus.&#13; Une surattention port\u00e9e \u00e0 l\u2019ext\u00e9rieur, qui peut s\u2019av\u00e9rer [&hellip;]","og_url":"https:\/\/favorite-news.com\/fr\/et-si-on-arretait-de-sindigner-a-propos-des-gens-dehors\/","og_site_name":"Favorite News","article_published_time":"2021-03-06T16:33:20+00:00","article_modified_time":"2021-03-06T16:33:24+00:00","og_image":[{"width":648,"height":360,"url":"https:\/\/favorite-news.com\/fr\/wp-content\/uploads\/sites\/12\/2021\/03\/Et-si-on-arretait-de-sindigner-a-propos-des-gens.jpg","type":"image\/jpeg"}],"author":"favorite-news","twitter_card":"summary_large_image","twitter_misc":{"\u00c9crit par":"favorite-news","Dur\u00e9e de lecture estim\u00e9e":"5 minutes"},"schema":{"@context":"https:\/\/schema.org","@graph":[{"@type":"Article","@id":"https:\/\/favorite-news.com\/fr\/et-si-on-arretait-de-sindigner-a-propos-des-gens-dehors\/#article","isPartOf":{"@id":"https:\/\/favorite-news.com\/fr\/et-si-on-arretait-de-sindigner-a-propos-des-gens-dehors\/"},"author":{"name":"favorite-news","@id":"https:\/\/favorite-news.com\/fr\/#\/schema\/person\/b66c4cfdd10a5bf16d7d5efda647111f"},"headline":"Et si on arr\u00eatait de s&rsquo;indigner \u00e0 propos des gens dehors ?","datePublished":"2021-03-06T16:33:20+00:00","dateModified":"2021-03-06T16:33:24+00:00","mainEntityOfPage":{"@id":"https:\/\/favorite-news.com\/fr\/et-si-on-arretait-de-sindigner-a-propos-des-gens-dehors\/"},"wordCount":1049,"commentCount":0,"image":{"@id":"https:\/\/favorite-news.com\/fr\/et-si-on-arretait-de-sindigner-a-propos-des-gens-dehors\/#primaryimage"},"thumbnailUrl":"https:\/\/favorite-news.com\/fr\/wp-content\/uploads\/sites\/12\/2021\/03\/Et-si-on-arretait-de-sindigner-a-propos-des-gens.jpg","articleSection":["NOUVELLES"],"inLanguage":"fr-FR","potentialAction":[{"@type":"CommentAction","name":"Comment","target":["https:\/\/favorite-news.com\/fr\/et-si-on-arretait-de-sindigner-a-propos-des-gens-dehors\/#respond"]}]},{"@type":"WebPage","@id":"https:\/\/favorite-news.com\/fr\/et-si-on-arretait-de-sindigner-a-propos-des-gens-dehors\/","url":"https:\/\/favorite-news.com\/fr\/et-si-on-arretait-de-sindigner-a-propos-des-gens-dehors\/","name":"Et si on arr\u00eatait de s'indigner \u00e0 propos des gens dehors ? - Favorite News","isPartOf":{"@id":"https:\/\/favorite-news.com\/fr\/#website"},"primaryImageOfPage":{"@id":"https:\/\/favorite-news.com\/fr\/et-si-on-arretait-de-sindigner-a-propos-des-gens-dehors\/#primaryimage"},"image":{"@id":"https:\/\/favorite-news.com\/fr\/et-si-on-arretait-de-sindigner-a-propos-des-gens-dehors\/#primaryimage"},"thumbnailUrl":"https:\/\/favorite-news.com\/fr\/wp-content\/uploads\/sites\/12\/2021\/03\/Et-si-on-arretait-de-sindigner-a-propos-des-gens.jpg","datePublished":"2021-03-06T16:33:20+00:00","dateModified":"2021-03-06T16:33:24+00:00","author":{"@id":"https:\/\/favorite-news.com\/fr\/#\/schema\/person\/b66c4cfdd10a5bf16d7d5efda647111f"},"breadcrumb":{"@id":"https:\/\/favorite-news.com\/fr\/et-si-on-arretait-de-sindigner-a-propos-des-gens-dehors\/#breadcrumb"},"inLanguage":"fr-FR","potentialAction":[{"@type":"ReadAction","target":["https:\/\/favorite-news.com\/fr\/et-si-on-arretait-de-sindigner-a-propos-des-gens-dehors\/"]}]},{"@type":"ImageObject","inLanguage":"fr-FR","@id":"https:\/\/favorite-news.com\/fr\/et-si-on-arretait-de-sindigner-a-propos-des-gens-dehors\/#primaryimage","url":"https:\/\/favorite-news.com\/fr\/wp-content\/uploads\/sites\/12\/2021\/03\/Et-si-on-arretait-de-sindigner-a-propos-des-gens.jpg","contentUrl":"https:\/\/favorite-news.com\/fr\/wp-content\/uploads\/sites\/12\/2021\/03\/Et-si-on-arretait-de-sindigner-a-propos-des-gens.jpg","width":648,"height":360,"caption":"Et si on arr\u00eatait de s'indigner \u00e0 propos des gens dehors ?"},{"@type":"BreadcrumbList","@id":"https:\/\/favorite-news.com\/fr\/et-si-on-arretait-de-sindigner-a-propos-des-gens-dehors\/#breadcrumb","itemListElement":[{"@type":"ListItem","position":1,"name":"Home","item":"https:\/\/favorite-news.com\/fr\/"},{"@type":"ListItem","position":2,"name":"Et si on arr\u00eatait de s&rsquo;indigner \u00e0 propos des gens dehors ?"}]},{"@type":"WebSite","@id":"https:\/\/favorite-news.com\/fr\/#website","url":"https:\/\/favorite-news.com\/fr\/","name":"Favorite News","description":"Favorite News France","potentialAction":[{"@type":"SearchAction","target":{"@type":"EntryPoint","urlTemplate":"https:\/\/favorite-news.com\/fr\/?s={search_term_string}"},"query-input":{"@type":"PropertyValueSpecification","valueRequired":true,"valueName":"search_term_string"}}],"inLanguage":"fr-FR"},{"@type":"Person","@id":"https:\/\/favorite-news.com\/fr\/#\/schema\/person\/b66c4cfdd10a5bf16d7d5efda647111f","name":"favorite-news","image":{"@type":"ImageObject","inLanguage":"fr-FR","@id":"https:\/\/secure.gravatar.com\/avatar\/f89959e01423a9ee3c2debbcf830eb021c575de0e1b3781ca3ae392b71c615a1?s=96&d=mm&r=g","url":"https:\/\/secure.gravatar.com\/avatar\/f89959e01423a9ee3c2debbcf830eb021c575de0e1b3781ca3ae392b71c615a1?s=96&d=mm&r=g","contentUrl":"https:\/\/secure.gravatar.com\/avatar\/f89959e01423a9ee3c2debbcf830eb021c575de0e1b3781ca3ae392b71c615a1?s=96&d=mm&r=g","caption":"favorite-news"},"url":"https:\/\/favorite-news.com\/fr\/author\/ruby\/"}]}},"_links":{"self":[{"href":"https:\/\/favorite-news.com\/fr\/wp-json\/wp\/v2\/posts\/946","targetHints":{"allow":["GET"]}}],"collection":[{"href":"https:\/\/favorite-news.com\/fr\/wp-json\/wp\/v2\/posts"}],"about":[{"href":"https:\/\/favorite-news.com\/fr\/wp-json\/wp\/v2\/types\/post"}],"author":[{"embeddable":true,"href":"https:\/\/favorite-news.com\/fr\/wp-json\/wp\/v2\/users\/1"}],"replies":[{"embeddable":true,"href":"https:\/\/favorite-news.com\/fr\/wp-json\/wp\/v2\/comments?post=946"}],"version-history":[{"count":1,"href":"https:\/\/favorite-news.com\/fr\/wp-json\/wp\/v2\/posts\/946\/revisions"}],"predecessor-version":[{"id":948,"href":"https:\/\/favorite-news.com\/fr\/wp-json\/wp\/v2\/posts\/946\/revisions\/948"}],"wp:featuredmedia":[{"embeddable":true,"href":"https:\/\/favorite-news.com\/fr\/wp-json\/wp\/v2\/media\/947"}],"wp:attachment":[{"href":"https:\/\/favorite-news.com\/fr\/wp-json\/wp\/v2\/media?parent=946"}],"wp:term":[{"taxonomy":"category","embeddable":true,"href":"https:\/\/favorite-news.com\/fr\/wp-json\/wp\/v2\/categories?post=946"},{"taxonomy":"post_tag","embeddable":true,"href":"https:\/\/favorite-news.com\/fr\/wp-json\/wp\/v2\/tags?post=946"}],"curies":[{"name":"wp","href":"https:\/\/api.w.org\/{rel}","templated":true}]}}