{"id":943,"date":"2021-03-06T10:53:54","date_gmt":"2021-03-06T10:53:54","guid":{"rendered":"https:\/\/favorite-news.com\/fr\/le-pape-et-layatollah-chiite-sistani-sengagent-pour-la-paix\/"},"modified":"2021-03-06T10:53:57","modified_gmt":"2021-03-06T10:53:57","slug":"le-pape-et-layatollah-chiite-sistani-sengagent-pour-la-paix","status":"publish","type":"post","link":"https:\/\/favorite-news.com\/fr\/le-pape-et-layatollah-chiite-sistani-sengagent-pour-la-paix\/","title":{"rendered":"Le pape et l\u2019ayatollah chiite Sistani s\u2019engagent pour la \u00ab\u00a0paix\u00a0\u00bb"},"content":{"rendered":"<p>                Le grand ayatollah Ali Sistani, plus haute autorit\u00e9 religieuse pour la plupart des musulmans chiites d&rsquo;Irak et du monde, a re\u00e7u samedi le pape Fran\u00e7ois dans la ville sainte chiite de Najaf. \u2014 VATICAN MEDIA \/CPP \/ IP\/SIPA<br \/>\n            Apr\u00e8s sa rencontre au sommet dans la ville sainte chiite de Najaf, le pape a entam\u00e9, ce samedi,\u00a0 &#13;<br \/>\nle point d\u2019orgue spirituel de son voyage en Irak\u00a0:\u00a0le p\u00e8lerinage \u00e0 Ur, ville natale d\u2019Abraham dans le sud du pays, pour prier en faveur de la \u00ab\u00a0libert\u00e9\u00a0\u00bb et l&rsquo;\u00ab\u00a0unit\u00e9\u00a0\u00bb, afin de mettre fin aux guerres et au \u00ab\u00a0terrorisme\u00a0\u00bb.<\/p>\n<p>C\u2019est l\u00e0 d\u00e9j\u00e0, dans la plaine d\u00e9sertique o\u00f9 est n\u00e9 le p\u00e8re des monoth\u00e9ismes que Jean-Paul II voulait venir en 2000, avant d\u2019en \u00eatre emp\u00each\u00e9 par Saddam Hussein. Fran\u00e7ois, connu pour ses &#13;<br \/>\nmains tendues tous azimuts aux autres religions, y a ajout\u00e9 sa touche\u00a0:\u00a0il a tenu \u00e0 prier avec des dignitaires yazidis [petite minorit\u00e9 d\u2019Irak martyris\u00e9e par les djihadistes de l&rsquo;organisation de l&rsquo;\u00e9tat islamique (EI)] mais aussi sab\u00e9ens ou zoroastriens [communaut\u00e9s multimill\u00e9naires dans le pays] et musulmans, chiites et sunnites.<\/p>\n<p>Ali Sistani, r\u00e9f\u00e9rence religieuse de la plupart des 200\u00a0millions de chiites d\u2019Irak et d\u2019ailleurs<\/p>\n<p>Avant cela, le chef des 1,3\u00a0milliard de catholiques du monde s\u2019est entretenu pendant pr\u00e8s d\u2019une heure avec le grand ayatollah Ali Sistani, r\u00e9f\u00e9rence religieuse de la plupart des 200\u00a0millions de chiites d\u2019Irak et d\u2019ailleurs.\u00a0A l\u2019issue de ce huis-clos, l\u2019une des rencontres religieuses les plus importantes de l\u2019histoire, le grand ayatollah Sistani a dit au pape \u00eatre engag\u00e9 pour garantir la \u00ab\u00a0paix\u00a0\u00bb, la \u00ab\u00a0s\u00e9curit\u00e9\u00a0\u00bb et \u00ab\u00a0tous les droits constitutionnels\u00a0\u00bb aux chr\u00e9tiens d\u2019Irak.<\/p>\n<p>Au-del\u00e0 du cas des chr\u00e9tiens, au deuxi\u00e8me jour de son voyage en Irak, le premier de l\u2019histoire pour un pape, Fran\u00e7ois est revenu longuement sur les guerres qui n\u2019ont cess\u00e9 de d\u00e9chirer l\u2019ensemble du pays depuis quarante ans et le Moyen-Orient. \u00ab\u00a0Hostilit\u00e9, extr\u00e9misme et violence (\u2026) sont des trahisons de la religion. Et nous, croyants, nous ne pouvons pas nous taire lorsque le terrorisme abuse de la religion\u00a0\u00bb, a-t-il lanc\u00e9, alors qu\u2019en 2014, le groupe Etat islamique (EI) s\u2019emparait d\u2019un tiers de l\u2019Irak.\u00a0Il faut \u00ab\u00a0cheminer du conflit \u00e0 l\u2019unit\u00e9\u00a0\u00bb dans \u00ab\u00a0tout le Moyen-Orient\u00a0\u00bb et \u00ab\u00a0en particulier en Syrie, martyris\u00e9e\u00a0\u00bb, a-t-il encore plaid\u00e9.<\/p>\n<p>Le pape a plaid\u00e9 pour \u00ab\u00a0la libert\u00e9 de conscience et la libert\u00e9 religieuse\u00a0\u00bb<\/p>\n<p>La veille, lors d\u2019une allocution aux autorit\u00e9s \u00e0 Bagdad, le pape avait d\u00e9j\u00e0 mentionn\u00e9 la Syrie, o\u00f9 une r\u00e9volte populaire a d\u00e9g\u00e9n\u00e9r\u00e9 en guerre totale il y a tout juste dix ans. Malgr\u00e9 plus de 387.000 morts, les pourparlers men\u00e9s sous l\u2019\u00e9gide de l\u2019ONU n\u2019ont jusqu\u2019ici abouti \u00e0 aucune avanc\u00e9e. Et, comme il l\u2019avait d\u00e9j\u00e0 fait au Maroc, autre pays musulman o\u00f9 il avait tenu \u00e0 se rendre, le pape de 84 ans a plaid\u00e9 pour \u00ab\u00a0la libert\u00e9 de conscience et la libert\u00e9 religieuse\u00a0\u00bb.\u00a0Elles doivent \u00eatre \u00ab\u00a0respect\u00e9es et reconnues partout\u00a0\u00bb car elles sont \u00ab\u00a0des droits fondamentaux\u00a0\u00bb, a-t-il dit.<\/p>\n<p>La libert\u00e9 de conscience, consiste \u00e0 pouvoir croire ou ne pas croire, mais aussi avoir le droit de se convertir librement. La libert\u00e9 religieuse, un terme plus g\u00e9n\u00e9ral, comprend notamment la libert\u00e9 d\u2019exercer son culte sans entraves.<\/p>\n<p>Le pape doit poursuivre son voyage\u00a0avec une messe dans une \u00e9glise de Bagdad, sa premi\u00e8re rencontre avec les fid\u00e8les catholiques d\u2019Irak et de loin ce qu\u2019il pr\u00e9f\u00e8re.\u00a0Dans le quartier central de Karrada o\u00f9 se trouve l\u2019\u00e9glise Saint Joseph, des blocs de b\u00e9ton barrent d\u00e9j\u00e0 les rues et les forces sp\u00e9ciales sont d\u00e9ploy\u00e9es.<\/p>\n<p>\n<!--noindex--><br \/>\n<a href=\"https:\/\/www.20minutes.fr\/monde\/2992511-20210306-irak-pape-ayatollah-chiite-sistani-engagent-paix#xtor=RSS-149\" rel=\"nofollow\">Source link <\/a><br \/>\n<!--\/noindex--><\/p>\n","protected":false},"excerpt":{"rendered":"<p>Le grand ayatollah Ali Sistani, plus haute autorit\u00e9 religieuse pour la plupart des musulmans chiites d&rsquo;Irak et du monde, a re\u00e7u samedi le pape Fran\u00e7ois dans la ville sainte chiite de Najaf. \u2014 VATICAN MEDIA \/CPP \/ IP\/SIPA Apr\u00e8s sa rencontre au sommet dans la ville sainte chiite de Najaf, le pape a entam\u00e9, ce [&hellip;]<\/p>\n","protected":false},"author":1,"featured_media":944,"comment_status":"open","ping_status":"open","sticky":false,"template":"","format":"standard","meta":{"footnotes":""},"categories":[1],"tags":[],"class_list":["post-943","post","type-post","status-publish","format-standard","has-post-thumbnail","hentry","category-nouvelles"],"yoast_head":"<!-- This site is optimized with the Yoast SEO plugin v27.4 - https:\/\/yoast.com\/product\/yoast-seo-wordpress\/ -->\n<title>Le pape et l\u2019ayatollah chiite Sistani s\u2019engagent pour la \u00ab\u00a0paix\u00a0\u00bb - Favorite News<\/title>\n<meta name=\"robots\" content=\"index, follow, max-snippet:-1, max-image-preview:large, max-video-preview:-1\" \/>\n<link rel=\"canonical\" href=\"https:\/\/favorite-news.com\/fr\/le-pape-et-layatollah-chiite-sistani-sengagent-pour-la-paix\/\" \/>\n<meta property=\"og:locale\" content=\"fr_FR\" \/>\n<meta property=\"og:type\" content=\"article\" \/>\n<meta property=\"og:title\" content=\"Le pape et l\u2019ayatollah chiite Sistani s\u2019engagent pour la \u00ab\u00a0paix\u00a0\u00bb - Favorite News\" \/>\n<meta property=\"og:description\" content=\"Le grand ayatollah Ali Sistani, plus haute autorit\u00e9 religieuse pour la plupart des musulmans chiites d&rsquo;Irak et du monde, a re\u00e7u samedi le pape Fran\u00e7ois dans la ville sainte chiite de Najaf. \u2014 VATICAN MEDIA \/CPP \/ IP\/SIPA Apr\u00e8s sa rencontre au sommet dans la ville sainte chiite de Najaf, le pape a entam\u00e9, ce [&hellip;]\" \/>\n<meta property=\"og:url\" content=\"https:\/\/favorite-news.com\/fr\/le-pape-et-layatollah-chiite-sistani-sengagent-pour-la-paix\/\" \/>\n<meta property=\"og:site_name\" content=\"Favorite News\" \/>\n<meta property=\"article:published_time\" content=\"2021-03-06T10:53:54+00:00\" \/>\n<meta property=\"article:modified_time\" content=\"2021-03-06T10:53:57+00:00\" \/>\n<meta property=\"og:image\" content=\"https:\/\/favorite-news.com\/fr\/wp-content\/uploads\/sites\/12\/2021\/03\/Le-pape-et-layatollah-chiite-Sistani-sengagent-pour-la-paix.jpg\" \/>\n\t<meta property=\"og:image:width\" content=\"648\" \/>\n\t<meta property=\"og:image:height\" content=\"360\" \/>\n\t<meta property=\"og:image:type\" content=\"image\/jpeg\" \/>\n<meta name=\"author\" content=\"favorite-news\" \/>\n<meta name=\"twitter:card\" content=\"summary_large_image\" \/>\n<meta name=\"twitter:label1\" content=\"\u00c9crit par\" \/>\n\t<meta name=\"twitter:data1\" content=\"favorite-news\" \/>\n\t<meta name=\"twitter:label2\" content=\"Dur\u00e9e de lecture estim\u00e9e\" \/>\n\t<meta name=\"twitter:data2\" content=\"3 minutes\" \/>\n<script type=\"application\/ld+json\" class=\"yoast-schema-graph\">{\"@context\":\"https:\\\/\\\/schema.org\",\"@graph\":[{\"@type\":\"Article\",\"@id\":\"https:\\\/\\\/favorite-news.com\\\/fr\\\/le-pape-et-layatollah-chiite-sistani-sengagent-pour-la-paix\\\/#article\",\"isPartOf\":{\"@id\":\"https:\\\/\\\/favorite-news.com\\\/fr\\\/le-pape-et-layatollah-chiite-sistani-sengagent-pour-la-paix\\\/\"},\"author\":{\"name\":\"favorite-news\",\"@id\":\"https:\\\/\\\/favorite-news.com\\\/fr\\\/#\\\/schema\\\/person\\\/b66c4cfdd10a5bf16d7d5efda647111f\"},\"headline\":\"Le pape et l\u2019ayatollah chiite Sistani s\u2019engagent pour la \u00ab\u00a0paix\u00a0\u00bb\",\"datePublished\":\"2021-03-06T10:53:54+00:00\",\"dateModified\":\"2021-03-06T10:53:57+00:00\",\"mainEntityOfPage\":{\"@id\":\"https:\\\/\\\/favorite-news.com\\\/fr\\\/le-pape-et-layatollah-chiite-sistani-sengagent-pour-la-paix\\\/\"},\"wordCount\":654,\"commentCount\":0,\"image\":{\"@id\":\"https:\\\/\\\/favorite-news.com\\\/fr\\\/le-pape-et-layatollah-chiite-sistani-sengagent-pour-la-paix\\\/#primaryimage\"},\"thumbnailUrl\":\"https:\\\/\\\/favorite-news.com\\\/fr\\\/wp-content\\\/uploads\\\/sites\\\/12\\\/2021\\\/03\\\/Le-pape-et-layatollah-chiite-Sistani-sengagent-pour-la-paix.jpg\",\"articleSection\":[\"NOUVELLES\"],\"inLanguage\":\"fr-FR\",\"potentialAction\":[{\"@type\":\"CommentAction\",\"name\":\"Comment\",\"target\":[\"https:\\\/\\\/favorite-news.com\\\/fr\\\/le-pape-et-layatollah-chiite-sistani-sengagent-pour-la-paix\\\/#respond\"]}]},{\"@type\":\"WebPage\",\"@id\":\"https:\\\/\\\/favorite-news.com\\\/fr\\\/le-pape-et-layatollah-chiite-sistani-sengagent-pour-la-paix\\\/\",\"url\":\"https:\\\/\\\/favorite-news.com\\\/fr\\\/le-pape-et-layatollah-chiite-sistani-sengagent-pour-la-paix\\\/\",\"name\":\"Le pape et l\u2019ayatollah chiite Sistani s\u2019engagent pour la \u00ab\u00a0paix\u00a0\u00bb - Favorite News\",\"isPartOf\":{\"@id\":\"https:\\\/\\\/favorite-news.com\\\/fr\\\/#website\"},\"primaryImageOfPage\":{\"@id\":\"https:\\\/\\\/favorite-news.com\\\/fr\\\/le-pape-et-layatollah-chiite-sistani-sengagent-pour-la-paix\\\/#primaryimage\"},\"image\":{\"@id\":\"https:\\\/\\\/favorite-news.com\\\/fr\\\/le-pape-et-layatollah-chiite-sistani-sengagent-pour-la-paix\\\/#primaryimage\"},\"thumbnailUrl\":\"https:\\\/\\\/favorite-news.com\\\/fr\\\/wp-content\\\/uploads\\\/sites\\\/12\\\/2021\\\/03\\\/Le-pape-et-layatollah-chiite-Sistani-sengagent-pour-la-paix.jpg\",\"datePublished\":\"2021-03-06T10:53:54+00:00\",\"dateModified\":\"2021-03-06T10:53:57+00:00\",\"author\":{\"@id\":\"https:\\\/\\\/favorite-news.com\\\/fr\\\/#\\\/schema\\\/person\\\/b66c4cfdd10a5bf16d7d5efda647111f\"},\"breadcrumb\":{\"@id\":\"https:\\\/\\\/favorite-news.com\\\/fr\\\/le-pape-et-layatollah-chiite-sistani-sengagent-pour-la-paix\\\/#breadcrumb\"},\"inLanguage\":\"fr-FR\",\"potentialAction\":[{\"@type\":\"ReadAction\",\"target\":[\"https:\\\/\\\/favorite-news.com\\\/fr\\\/le-pape-et-layatollah-chiite-sistani-sengagent-pour-la-paix\\\/\"]}]},{\"@type\":\"ImageObject\",\"inLanguage\":\"fr-FR\",\"@id\":\"https:\\\/\\\/favorite-news.com\\\/fr\\\/le-pape-et-layatollah-chiite-sistani-sengagent-pour-la-paix\\\/#primaryimage\",\"url\":\"https:\\\/\\\/favorite-news.com\\\/fr\\\/wp-content\\\/uploads\\\/sites\\\/12\\\/2021\\\/03\\\/Le-pape-et-layatollah-chiite-Sistani-sengagent-pour-la-paix.jpg\",\"contentUrl\":\"https:\\\/\\\/favorite-news.com\\\/fr\\\/wp-content\\\/uploads\\\/sites\\\/12\\\/2021\\\/03\\\/Le-pape-et-layatollah-chiite-Sistani-sengagent-pour-la-paix.jpg\",\"width\":648,\"height\":360,\"caption\":\"Le pape et l\u2019ayatollah chiite Sistani s\u2019engagent pour la \u00ab\u00a0paix\u00a0\u00bb\"},{\"@type\":\"BreadcrumbList\",\"@id\":\"https:\\\/\\\/favorite-news.com\\\/fr\\\/le-pape-et-layatollah-chiite-sistani-sengagent-pour-la-paix\\\/#breadcrumb\",\"itemListElement\":[{\"@type\":\"ListItem\",\"position\":1,\"name\":\"Home\",\"item\":\"https:\\\/\\\/favorite-news.com\\\/fr\\\/\"},{\"@type\":\"ListItem\",\"position\":2,\"name\":\"Le pape et l\u2019ayatollah chiite Sistani s\u2019engagent pour la \u00ab\u00a0paix\u00a0\u00bb\"}]},{\"@type\":\"WebSite\",\"@id\":\"https:\\\/\\\/favorite-news.com\\\/fr\\\/#website\",\"url\":\"https:\\\/\\\/favorite-news.com\\\/fr\\\/\",\"name\":\"Favorite News\",\"description\":\"Favorite News France\",\"potentialAction\":[{\"@type\":\"SearchAction\",\"target\":{\"@type\":\"EntryPoint\",\"urlTemplate\":\"https:\\\/\\\/favorite-news.com\\\/fr\\\/?s={search_term_string}\"},\"query-input\":{\"@type\":\"PropertyValueSpecification\",\"valueRequired\":true,\"valueName\":\"search_term_string\"}}],\"inLanguage\":\"fr-FR\"},{\"@type\":\"Person\",\"@id\":\"https:\\\/\\\/favorite-news.com\\\/fr\\\/#\\\/schema\\\/person\\\/b66c4cfdd10a5bf16d7d5efda647111f\",\"name\":\"favorite-news\",\"image\":{\"@type\":\"ImageObject\",\"inLanguage\":\"fr-FR\",\"@id\":\"https:\\\/\\\/secure.gravatar.com\\\/avatar\\\/f89959e01423a9ee3c2debbcf830eb021c575de0e1b3781ca3ae392b71c615a1?s=96&d=mm&r=g\",\"url\":\"https:\\\/\\\/secure.gravatar.com\\\/avatar\\\/f89959e01423a9ee3c2debbcf830eb021c575de0e1b3781ca3ae392b71c615a1?s=96&d=mm&r=g\",\"contentUrl\":\"https:\\\/\\\/secure.gravatar.com\\\/avatar\\\/f89959e01423a9ee3c2debbcf830eb021c575de0e1b3781ca3ae392b71c615a1?s=96&d=mm&r=g\",\"caption\":\"favorite-news\"},\"url\":\"https:\\\/\\\/favorite-news.com\\\/fr\\\/author\\\/ruby\\\/\"}]}<\/script>\n<!-- \/ Yoast SEO plugin. -->","yoast_head_json":{"title":"Le pape et l\u2019ayatollah chiite Sistani s\u2019engagent pour la \u00ab\u00a0paix\u00a0\u00bb - Favorite News","robots":{"index":"index","follow":"follow","max-snippet":"max-snippet:-1","max-image-preview":"max-image-preview:large","max-video-preview":"max-video-preview:-1"},"canonical":"https:\/\/favorite-news.com\/fr\/le-pape-et-layatollah-chiite-sistani-sengagent-pour-la-paix\/","og_locale":"fr_FR","og_type":"article","og_title":"Le pape et l\u2019ayatollah chiite Sistani s\u2019engagent pour la \u00ab\u00a0paix\u00a0\u00bb - Favorite News","og_description":"Le grand ayatollah Ali Sistani, plus haute autorit\u00e9 religieuse pour la plupart des musulmans chiites d&rsquo;Irak et du monde, a re\u00e7u samedi le pape Fran\u00e7ois dans la ville sainte chiite de Najaf. \u2014 VATICAN MEDIA \/CPP \/ IP\/SIPA Apr\u00e8s sa rencontre au sommet dans la ville sainte chiite de Najaf, le pape a entam\u00e9, ce [&hellip;]","og_url":"https:\/\/favorite-news.com\/fr\/le-pape-et-layatollah-chiite-sistani-sengagent-pour-la-paix\/","og_site_name":"Favorite News","article_published_time":"2021-03-06T10:53:54+00:00","article_modified_time":"2021-03-06T10:53:57+00:00","og_image":[{"width":648,"height":360,"url":"https:\/\/favorite-news.com\/fr\/wp-content\/uploads\/sites\/12\/2021\/03\/Le-pape-et-layatollah-chiite-Sistani-sengagent-pour-la-paix.jpg","type":"image\/jpeg"}],"author":"favorite-news","twitter_card":"summary_large_image","twitter_misc":{"\u00c9crit par":"favorite-news","Dur\u00e9e de lecture estim\u00e9e":"3 minutes"},"schema":{"@context":"https:\/\/schema.org","@graph":[{"@type":"Article","@id":"https:\/\/favorite-news.com\/fr\/le-pape-et-layatollah-chiite-sistani-sengagent-pour-la-paix\/#article","isPartOf":{"@id":"https:\/\/favorite-news.com\/fr\/le-pape-et-layatollah-chiite-sistani-sengagent-pour-la-paix\/"},"author":{"name":"favorite-news","@id":"https:\/\/favorite-news.com\/fr\/#\/schema\/person\/b66c4cfdd10a5bf16d7d5efda647111f"},"headline":"Le pape et l\u2019ayatollah chiite Sistani s\u2019engagent pour la \u00ab\u00a0paix\u00a0\u00bb","datePublished":"2021-03-06T10:53:54+00:00","dateModified":"2021-03-06T10:53:57+00:00","mainEntityOfPage":{"@id":"https:\/\/favorite-news.com\/fr\/le-pape-et-layatollah-chiite-sistani-sengagent-pour-la-paix\/"},"wordCount":654,"commentCount":0,"image":{"@id":"https:\/\/favorite-news.com\/fr\/le-pape-et-layatollah-chiite-sistani-sengagent-pour-la-paix\/#primaryimage"},"thumbnailUrl":"https:\/\/favorite-news.com\/fr\/wp-content\/uploads\/sites\/12\/2021\/03\/Le-pape-et-layatollah-chiite-Sistani-sengagent-pour-la-paix.jpg","articleSection":["NOUVELLES"],"inLanguage":"fr-FR","potentialAction":[{"@type":"CommentAction","name":"Comment","target":["https:\/\/favorite-news.com\/fr\/le-pape-et-layatollah-chiite-sistani-sengagent-pour-la-paix\/#respond"]}]},{"@type":"WebPage","@id":"https:\/\/favorite-news.com\/fr\/le-pape-et-layatollah-chiite-sistani-sengagent-pour-la-paix\/","url":"https:\/\/favorite-news.com\/fr\/le-pape-et-layatollah-chiite-sistani-sengagent-pour-la-paix\/","name":"Le pape et l\u2019ayatollah chiite Sistani s\u2019engagent pour la \u00ab\u00a0paix\u00a0\u00bb - Favorite News","isPartOf":{"@id":"https:\/\/favorite-news.com\/fr\/#website"},"primaryImageOfPage":{"@id":"https:\/\/favorite-news.com\/fr\/le-pape-et-layatollah-chiite-sistani-sengagent-pour-la-paix\/#primaryimage"},"image":{"@id":"https:\/\/favorite-news.com\/fr\/le-pape-et-layatollah-chiite-sistani-sengagent-pour-la-paix\/#primaryimage"},"thumbnailUrl":"https:\/\/favorite-news.com\/fr\/wp-content\/uploads\/sites\/12\/2021\/03\/Le-pape-et-layatollah-chiite-Sistani-sengagent-pour-la-paix.jpg","datePublished":"2021-03-06T10:53:54+00:00","dateModified":"2021-03-06T10:53:57+00:00","author":{"@id":"https:\/\/favorite-news.com\/fr\/#\/schema\/person\/b66c4cfdd10a5bf16d7d5efda647111f"},"breadcrumb":{"@id":"https:\/\/favorite-news.com\/fr\/le-pape-et-layatollah-chiite-sistani-sengagent-pour-la-paix\/#breadcrumb"},"inLanguage":"fr-FR","potentialAction":[{"@type":"ReadAction","target":["https:\/\/favorite-news.com\/fr\/le-pape-et-layatollah-chiite-sistani-sengagent-pour-la-paix\/"]}]},{"@type":"ImageObject","inLanguage":"fr-FR","@id":"https:\/\/favorite-news.com\/fr\/le-pape-et-layatollah-chiite-sistani-sengagent-pour-la-paix\/#primaryimage","url":"https:\/\/favorite-news.com\/fr\/wp-content\/uploads\/sites\/12\/2021\/03\/Le-pape-et-layatollah-chiite-Sistani-sengagent-pour-la-paix.jpg","contentUrl":"https:\/\/favorite-news.com\/fr\/wp-content\/uploads\/sites\/12\/2021\/03\/Le-pape-et-layatollah-chiite-Sistani-sengagent-pour-la-paix.jpg","width":648,"height":360,"caption":"Le pape et l\u2019ayatollah chiite Sistani s\u2019engagent pour la \u00ab\u00a0paix\u00a0\u00bb"},{"@type":"BreadcrumbList","@id":"https:\/\/favorite-news.com\/fr\/le-pape-et-layatollah-chiite-sistani-sengagent-pour-la-paix\/#breadcrumb","itemListElement":[{"@type":"ListItem","position":1,"name":"Home","item":"https:\/\/favorite-news.com\/fr\/"},{"@type":"ListItem","position":2,"name":"Le pape et l\u2019ayatollah chiite Sistani s\u2019engagent pour la \u00ab\u00a0paix\u00a0\u00bb"}]},{"@type":"WebSite","@id":"https:\/\/favorite-news.com\/fr\/#website","url":"https:\/\/favorite-news.com\/fr\/","name":"Favorite News","description":"Favorite News France","potentialAction":[{"@type":"SearchAction","target":{"@type":"EntryPoint","urlTemplate":"https:\/\/favorite-news.com\/fr\/?s={search_term_string}"},"query-input":{"@type":"PropertyValueSpecification","valueRequired":true,"valueName":"search_term_string"}}],"inLanguage":"fr-FR"},{"@type":"Person","@id":"https:\/\/favorite-news.com\/fr\/#\/schema\/person\/b66c4cfdd10a5bf16d7d5efda647111f","name":"favorite-news","image":{"@type":"ImageObject","inLanguage":"fr-FR","@id":"https:\/\/secure.gravatar.com\/avatar\/f89959e01423a9ee3c2debbcf830eb021c575de0e1b3781ca3ae392b71c615a1?s=96&d=mm&r=g","url":"https:\/\/secure.gravatar.com\/avatar\/f89959e01423a9ee3c2debbcf830eb021c575de0e1b3781ca3ae392b71c615a1?s=96&d=mm&r=g","contentUrl":"https:\/\/secure.gravatar.com\/avatar\/f89959e01423a9ee3c2debbcf830eb021c575de0e1b3781ca3ae392b71c615a1?s=96&d=mm&r=g","caption":"favorite-news"},"url":"https:\/\/favorite-news.com\/fr\/author\/ruby\/"}]}},"_links":{"self":[{"href":"https:\/\/favorite-news.com\/fr\/wp-json\/wp\/v2\/posts\/943","targetHints":{"allow":["GET"]}}],"collection":[{"href":"https:\/\/favorite-news.com\/fr\/wp-json\/wp\/v2\/posts"}],"about":[{"href":"https:\/\/favorite-news.com\/fr\/wp-json\/wp\/v2\/types\/post"}],"author":[{"embeddable":true,"href":"https:\/\/favorite-news.com\/fr\/wp-json\/wp\/v2\/users\/1"}],"replies":[{"embeddable":true,"href":"https:\/\/favorite-news.com\/fr\/wp-json\/wp\/v2\/comments?post=943"}],"version-history":[{"count":1,"href":"https:\/\/favorite-news.com\/fr\/wp-json\/wp\/v2\/posts\/943\/revisions"}],"predecessor-version":[{"id":945,"href":"https:\/\/favorite-news.com\/fr\/wp-json\/wp\/v2\/posts\/943\/revisions\/945"}],"wp:featuredmedia":[{"embeddable":true,"href":"https:\/\/favorite-news.com\/fr\/wp-json\/wp\/v2\/media\/944"}],"wp:attachment":[{"href":"https:\/\/favorite-news.com\/fr\/wp-json\/wp\/v2\/media?parent=943"}],"wp:term":[{"taxonomy":"category","embeddable":true,"href":"https:\/\/favorite-news.com\/fr\/wp-json\/wp\/v2\/categories?post=943"},{"taxonomy":"post_tag","embeddable":true,"href":"https:\/\/favorite-news.com\/fr\/wp-json\/wp\/v2\/tags?post=943"}],"curies":[{"name":"wp","href":"https:\/\/api.w.org\/{rel}","templated":true}]}}