{"id":2036,"date":"2021-08-31T07:37:33","date_gmt":"2021-08-31T07:37:33","guid":{"rendered":"https:\/\/favorite-news.com\/fr\/le-real-madrid-fonce-sur-camavinga-pour-oublier-la-deception-mbappe-suivez-le-jour-le-plus-long-avec-nous\/"},"modified":"2021-08-31T07:38:01","modified_gmt":"2021-08-31T07:38:01","slug":"le-real-madrid-fonce-sur-camavinga-pour-oublier-la-deception-mbappe-suivez-le-jour-le-plus-long-avec-nous","status":"publish","type":"post","link":"https:\/\/favorite-news.com\/fr\/le-real-madrid-fonce-sur-camavinga-pour-oublier-la-deception-mbappe-suivez-le-jour-le-plus-long-avec-nous\/","title":{"rendered":"Le Real Madrid fonce sur Camavinga pour oublier la d\u00e9ception Mbapp\u00e9\u2026 Suivez le jour le plus long avec nous"},"content":{"rendered":"<p>Yo les mercatix\u00a0! On y est\u00a0: le dernier jour du mercato estival est arriv\u00e9. Celui o\u00f9 tout peut se passer, y compris un \u00e9ventuel rebond inattendu dans le dossier Kylian Mbapp\u00e9, qui semble, \u00e0 l\u2019heure o\u00f9 l\u2019on ouvre ce live, r\u00e9sign\u00e9 \u00e0 ne pas signer au Real Madrid cette saison. Tout l\u2019inverse d\u2019Eduardo Camavinga qui aurait carr\u00e9ment d\u00e9j\u00e0 pass\u00e9 sa visite m\u00e9dicale pour s\u2019engager dans la capitale espagnole. Preuve que Florentino P\u00e9rez ne rentre jamais bredouille d\u2019une fin de mercato, aussi d\u00e9cevante fut-elle. On surveillera donc de pr\u00e8s chaque mouvement et rebondissement que cette derni\u00e8re ligne droite aura \u00e0 nous offrir. Attachez-vous, \u00e7a va bouger.<\/p>\n<p>&gt;&gt; D\u00e9part du live \u00e0 9h<\/p>\n<p>\n<!--noindex--><br \/>\n<a href=\"https:\/\/www.20minutes.fr\/sport\/3112651-20210831-mercato-direct-real-madrid-fonce-camavinga-oublier-deception-mbappe-suivez-jour-plus-long#xtor=RSS-149\" rel=\"nofollow\">Source link <\/a><br \/>\n<!--\/noindex--><\/p>\n","protected":false},"excerpt":{"rendered":"<p>Yo les mercatix\u00a0! On y est\u00a0: le dernier jour du mercato estival est arriv\u00e9. Celui o\u00f9 tout peut se passer, y compris un \u00e9ventuel rebond inattendu dans le dossier Kylian Mbapp\u00e9, qui semble, \u00e0 l\u2019heure o\u00f9 l\u2019on ouvre ce live, r\u00e9sign\u00e9 \u00e0 ne pas signer au Real Madrid cette saison. Tout l\u2019inverse d\u2019Eduardo Camavinga qui [&hellip;]<\/p>\n","protected":false},"author":1,"featured_media":2037,"comment_status":"open","ping_status":"open","sticky":false,"template":"","format":"standard","meta":{"footnotes":""},"categories":[1],"tags":[],"class_list":["post-2036","post","type-post","status-publish","format-standard","has-post-thumbnail","hentry","category-nouvelles"],"yoast_head":"<!-- This site is optimized with the Yoast SEO plugin v27.4 - https:\/\/yoast.com\/product\/yoast-seo-wordpress\/ -->\n<title>Le Real Madrid fonce sur Camavinga pour oublier la d\u00e9ception Mbapp\u00e9\u2026 Suivez le jour le plus long avec nous - Favorite News<\/title>\n<meta name=\"robots\" content=\"index, follow, max-snippet:-1, max-image-preview:large, max-video-preview:-1\" \/>\n<link rel=\"canonical\" href=\"https:\/\/favorite-news.com\/fr\/le-real-madrid-fonce-sur-camavinga-pour-oublier-la-deception-mbappe-suivez-le-jour-le-plus-long-avec-nous\/\" \/>\n<meta property=\"og:locale\" content=\"fr_FR\" \/>\n<meta property=\"og:type\" content=\"article\" \/>\n<meta property=\"og:title\" content=\"Le Real Madrid fonce sur Camavinga pour oublier la d\u00e9ception Mbapp\u00e9\u2026 Suivez le jour le plus long avec nous - Favorite News\" \/>\n<meta property=\"og:description\" content=\"Yo les mercatix\u00a0! On y est\u00a0: le dernier jour du mercato estival est arriv\u00e9. Celui o\u00f9 tout peut se passer, y compris un \u00e9ventuel rebond inattendu dans le dossier Kylian Mbapp\u00e9, qui semble, \u00e0 l\u2019heure o\u00f9 l\u2019on ouvre ce live, r\u00e9sign\u00e9 \u00e0 ne pas signer au Real Madrid cette saison. Tout l\u2019inverse d\u2019Eduardo Camavinga qui [&hellip;]\" \/>\n<meta property=\"og:url\" content=\"https:\/\/favorite-news.com\/fr\/le-real-madrid-fonce-sur-camavinga-pour-oublier-la-deception-mbappe-suivez-le-jour-le-plus-long-avec-nous\/\" \/>\n<meta property=\"og:site_name\" content=\"Favorite News\" \/>\n<meta property=\"article:published_time\" content=\"2021-08-31T07:37:33+00:00\" \/>\n<meta property=\"article:modified_time\" content=\"2021-08-31T07:38:01+00:00\" \/>\n<meta property=\"og:image\" content=\"https:\/\/favorite-news.com\/fr\/wp-content\/uploads\/sites\/12\/2021\/08\/Le-Real-Madrid-fonce-sur-Camavinga-pour-oublier-la-deception.jpg\" \/>\n\t<meta property=\"og:image:width\" content=\"648\" \/>\n\t<meta property=\"og:image:height\" content=\"360\" \/>\n\t<meta property=\"og:image:type\" content=\"image\/jpeg\" \/>\n<meta name=\"author\" content=\"favorite-news\" \/>\n<meta name=\"twitter:card\" content=\"summary_large_image\" \/>\n<meta name=\"twitter:label1\" content=\"\u00c9crit par\" \/>\n\t<meta name=\"twitter:data1\" content=\"favorite-news\" \/>\n\t<meta name=\"twitter:label2\" content=\"Dur\u00e9e de lecture estim\u00e9e\" \/>\n\t<meta name=\"twitter:data2\" content=\"1 minute\" \/>\n<script type=\"application\/ld+json\" class=\"yoast-schema-graph\">{\"@context\":\"https:\\\/\\\/schema.org\",\"@graph\":[{\"@type\":\"Article\",\"@id\":\"https:\\\/\\\/favorite-news.com\\\/fr\\\/le-real-madrid-fonce-sur-camavinga-pour-oublier-la-deception-mbappe-suivez-le-jour-le-plus-long-avec-nous\\\/#article\",\"isPartOf\":{\"@id\":\"https:\\\/\\\/favorite-news.com\\\/fr\\\/le-real-madrid-fonce-sur-camavinga-pour-oublier-la-deception-mbappe-suivez-le-jour-le-plus-long-avec-nous\\\/\"},\"author\":{\"name\":\"favorite-news\",\"@id\":\"https:\\\/\\\/favorite-news.com\\\/fr\\\/#\\\/schema\\\/person\\\/b66c4cfdd10a5bf16d7d5efda647111f\"},\"headline\":\"Le Real Madrid fonce sur Camavinga pour oublier la d\u00e9ception Mbapp\u00e9\u2026 Suivez le jour le plus long avec nous\",\"datePublished\":\"2021-08-31T07:37:33+00:00\",\"dateModified\":\"2021-08-31T07:38:01+00:00\",\"mainEntityOfPage\":{\"@id\":\"https:\\\/\\\/favorite-news.com\\\/fr\\\/le-real-madrid-fonce-sur-camavinga-pour-oublier-la-deception-mbappe-suivez-le-jour-le-plus-long-avec-nous\\\/\"},\"wordCount\":145,\"commentCount\":0,\"image\":{\"@id\":\"https:\\\/\\\/favorite-news.com\\\/fr\\\/le-real-madrid-fonce-sur-camavinga-pour-oublier-la-deception-mbappe-suivez-le-jour-le-plus-long-avec-nous\\\/#primaryimage\"},\"thumbnailUrl\":\"https:\\\/\\\/favorite-news.com\\\/fr\\\/wp-content\\\/uploads\\\/sites\\\/12\\\/2021\\\/08\\\/Le-Real-Madrid-fonce-sur-Camavinga-pour-oublier-la-deception.jpg\",\"articleSection\":[\"NOUVELLES\"],\"inLanguage\":\"fr-FR\",\"potentialAction\":[{\"@type\":\"CommentAction\",\"name\":\"Comment\",\"target\":[\"https:\\\/\\\/favorite-news.com\\\/fr\\\/le-real-madrid-fonce-sur-camavinga-pour-oublier-la-deception-mbappe-suivez-le-jour-le-plus-long-avec-nous\\\/#respond\"]}]},{\"@type\":\"WebPage\",\"@id\":\"https:\\\/\\\/favorite-news.com\\\/fr\\\/le-real-madrid-fonce-sur-camavinga-pour-oublier-la-deception-mbappe-suivez-le-jour-le-plus-long-avec-nous\\\/\",\"url\":\"https:\\\/\\\/favorite-news.com\\\/fr\\\/le-real-madrid-fonce-sur-camavinga-pour-oublier-la-deception-mbappe-suivez-le-jour-le-plus-long-avec-nous\\\/\",\"name\":\"Le Real Madrid fonce sur Camavinga pour oublier la d\u00e9ception Mbapp\u00e9\u2026 Suivez le jour le plus long avec nous - Favorite News\",\"isPartOf\":{\"@id\":\"https:\\\/\\\/favorite-news.com\\\/fr\\\/#website\"},\"primaryImageOfPage\":{\"@id\":\"https:\\\/\\\/favorite-news.com\\\/fr\\\/le-real-madrid-fonce-sur-camavinga-pour-oublier-la-deception-mbappe-suivez-le-jour-le-plus-long-avec-nous\\\/#primaryimage\"},\"image\":{\"@id\":\"https:\\\/\\\/favorite-news.com\\\/fr\\\/le-real-madrid-fonce-sur-camavinga-pour-oublier-la-deception-mbappe-suivez-le-jour-le-plus-long-avec-nous\\\/#primaryimage\"},\"thumbnailUrl\":\"https:\\\/\\\/favorite-news.com\\\/fr\\\/wp-content\\\/uploads\\\/sites\\\/12\\\/2021\\\/08\\\/Le-Real-Madrid-fonce-sur-Camavinga-pour-oublier-la-deception.jpg\",\"datePublished\":\"2021-08-31T07:37:33+00:00\",\"dateModified\":\"2021-08-31T07:38:01+00:00\",\"author\":{\"@id\":\"https:\\\/\\\/favorite-news.com\\\/fr\\\/#\\\/schema\\\/person\\\/b66c4cfdd10a5bf16d7d5efda647111f\"},\"breadcrumb\":{\"@id\":\"https:\\\/\\\/favorite-news.com\\\/fr\\\/le-real-madrid-fonce-sur-camavinga-pour-oublier-la-deception-mbappe-suivez-le-jour-le-plus-long-avec-nous\\\/#breadcrumb\"},\"inLanguage\":\"fr-FR\",\"potentialAction\":[{\"@type\":\"ReadAction\",\"target\":[\"https:\\\/\\\/favorite-news.com\\\/fr\\\/le-real-madrid-fonce-sur-camavinga-pour-oublier-la-deception-mbappe-suivez-le-jour-le-plus-long-avec-nous\\\/\"]}]},{\"@type\":\"ImageObject\",\"inLanguage\":\"fr-FR\",\"@id\":\"https:\\\/\\\/favorite-news.com\\\/fr\\\/le-real-madrid-fonce-sur-camavinga-pour-oublier-la-deception-mbappe-suivez-le-jour-le-plus-long-avec-nous\\\/#primaryimage\",\"url\":\"https:\\\/\\\/favorite-news.com\\\/fr\\\/wp-content\\\/uploads\\\/sites\\\/12\\\/2021\\\/08\\\/Le-Real-Madrid-fonce-sur-Camavinga-pour-oublier-la-deception.jpg\",\"contentUrl\":\"https:\\\/\\\/favorite-news.com\\\/fr\\\/wp-content\\\/uploads\\\/sites\\\/12\\\/2021\\\/08\\\/Le-Real-Madrid-fonce-sur-Camavinga-pour-oublier-la-deception.jpg\",\"width\":648,\"height\":360,\"caption\":\"Le Real Madrid fonce sur Camavinga pour oublier la d\u00e9ception Mbapp\u00e9\u2026 Suivez le jour le plus long avec nous\"},{\"@type\":\"BreadcrumbList\",\"@id\":\"https:\\\/\\\/favorite-news.com\\\/fr\\\/le-real-madrid-fonce-sur-camavinga-pour-oublier-la-deception-mbappe-suivez-le-jour-le-plus-long-avec-nous\\\/#breadcrumb\",\"itemListElement\":[{\"@type\":\"ListItem\",\"position\":1,\"name\":\"Home\",\"item\":\"https:\\\/\\\/favorite-news.com\\\/fr\\\/\"},{\"@type\":\"ListItem\",\"position\":2,\"name\":\"Le Real Madrid fonce sur Camavinga pour oublier la d\u00e9ception Mbapp\u00e9\u2026 Suivez le jour le plus long avec nous\"}]},{\"@type\":\"WebSite\",\"@id\":\"https:\\\/\\\/favorite-news.com\\\/fr\\\/#website\",\"url\":\"https:\\\/\\\/favorite-news.com\\\/fr\\\/\",\"name\":\"Favorite News\",\"description\":\"Favorite News France\",\"potentialAction\":[{\"@type\":\"SearchAction\",\"target\":{\"@type\":\"EntryPoint\",\"urlTemplate\":\"https:\\\/\\\/favorite-news.com\\\/fr\\\/?s={search_term_string}\"},\"query-input\":{\"@type\":\"PropertyValueSpecification\",\"valueRequired\":true,\"valueName\":\"search_term_string\"}}],\"inLanguage\":\"fr-FR\"},{\"@type\":\"Person\",\"@id\":\"https:\\\/\\\/favorite-news.com\\\/fr\\\/#\\\/schema\\\/person\\\/b66c4cfdd10a5bf16d7d5efda647111f\",\"name\":\"favorite-news\",\"image\":{\"@type\":\"ImageObject\",\"inLanguage\":\"fr-FR\",\"@id\":\"https:\\\/\\\/secure.gravatar.com\\\/avatar\\\/f89959e01423a9ee3c2debbcf830eb021c575de0e1b3781ca3ae392b71c615a1?s=96&d=mm&r=g\",\"url\":\"https:\\\/\\\/secure.gravatar.com\\\/avatar\\\/f89959e01423a9ee3c2debbcf830eb021c575de0e1b3781ca3ae392b71c615a1?s=96&d=mm&r=g\",\"contentUrl\":\"https:\\\/\\\/secure.gravatar.com\\\/avatar\\\/f89959e01423a9ee3c2debbcf830eb021c575de0e1b3781ca3ae392b71c615a1?s=96&d=mm&r=g\",\"caption\":\"favorite-news\"},\"url\":\"https:\\\/\\\/favorite-news.com\\\/fr\\\/author\\\/ruby\\\/\"}]}<\/script>\n<!-- \/ Yoast SEO plugin. -->","yoast_head_json":{"title":"Le Real Madrid fonce sur Camavinga pour oublier la d\u00e9ception Mbapp\u00e9\u2026 Suivez le jour le plus long avec nous - Favorite News","robots":{"index":"index","follow":"follow","max-snippet":"max-snippet:-1","max-image-preview":"max-image-preview:large","max-video-preview":"max-video-preview:-1"},"canonical":"https:\/\/favorite-news.com\/fr\/le-real-madrid-fonce-sur-camavinga-pour-oublier-la-deception-mbappe-suivez-le-jour-le-plus-long-avec-nous\/","og_locale":"fr_FR","og_type":"article","og_title":"Le Real Madrid fonce sur Camavinga pour oublier la d\u00e9ception Mbapp\u00e9\u2026 Suivez le jour le plus long avec nous - Favorite News","og_description":"Yo les mercatix\u00a0! On y est\u00a0: le dernier jour du mercato estival est arriv\u00e9. Celui o\u00f9 tout peut se passer, y compris un \u00e9ventuel rebond inattendu dans le dossier Kylian Mbapp\u00e9, qui semble, \u00e0 l\u2019heure o\u00f9 l\u2019on ouvre ce live, r\u00e9sign\u00e9 \u00e0 ne pas signer au Real Madrid cette saison. Tout l\u2019inverse d\u2019Eduardo Camavinga qui [&hellip;]","og_url":"https:\/\/favorite-news.com\/fr\/le-real-madrid-fonce-sur-camavinga-pour-oublier-la-deception-mbappe-suivez-le-jour-le-plus-long-avec-nous\/","og_site_name":"Favorite News","article_published_time":"2021-08-31T07:37:33+00:00","article_modified_time":"2021-08-31T07:38:01+00:00","og_image":[{"width":648,"height":360,"url":"https:\/\/favorite-news.com\/fr\/wp-content\/uploads\/sites\/12\/2021\/08\/Le-Real-Madrid-fonce-sur-Camavinga-pour-oublier-la-deception.jpg","type":"image\/jpeg"}],"author":"favorite-news","twitter_card":"summary_large_image","twitter_misc":{"\u00c9crit par":"favorite-news","Dur\u00e9e de lecture estim\u00e9e":"1 minute"},"schema":{"@context":"https:\/\/schema.org","@graph":[{"@type":"Article","@id":"https:\/\/favorite-news.com\/fr\/le-real-madrid-fonce-sur-camavinga-pour-oublier-la-deception-mbappe-suivez-le-jour-le-plus-long-avec-nous\/#article","isPartOf":{"@id":"https:\/\/favorite-news.com\/fr\/le-real-madrid-fonce-sur-camavinga-pour-oublier-la-deception-mbappe-suivez-le-jour-le-plus-long-avec-nous\/"},"author":{"name":"favorite-news","@id":"https:\/\/favorite-news.com\/fr\/#\/schema\/person\/b66c4cfdd10a5bf16d7d5efda647111f"},"headline":"Le Real Madrid fonce sur Camavinga pour oublier la d\u00e9ception Mbapp\u00e9\u2026 Suivez le jour le plus long avec nous","datePublished":"2021-08-31T07:37:33+00:00","dateModified":"2021-08-31T07:38:01+00:00","mainEntityOfPage":{"@id":"https:\/\/favorite-news.com\/fr\/le-real-madrid-fonce-sur-camavinga-pour-oublier-la-deception-mbappe-suivez-le-jour-le-plus-long-avec-nous\/"},"wordCount":145,"commentCount":0,"image":{"@id":"https:\/\/favorite-news.com\/fr\/le-real-madrid-fonce-sur-camavinga-pour-oublier-la-deception-mbappe-suivez-le-jour-le-plus-long-avec-nous\/#primaryimage"},"thumbnailUrl":"https:\/\/favorite-news.com\/fr\/wp-content\/uploads\/sites\/12\/2021\/08\/Le-Real-Madrid-fonce-sur-Camavinga-pour-oublier-la-deception.jpg","articleSection":["NOUVELLES"],"inLanguage":"fr-FR","potentialAction":[{"@type":"CommentAction","name":"Comment","target":["https:\/\/favorite-news.com\/fr\/le-real-madrid-fonce-sur-camavinga-pour-oublier-la-deception-mbappe-suivez-le-jour-le-plus-long-avec-nous\/#respond"]}]},{"@type":"WebPage","@id":"https:\/\/favorite-news.com\/fr\/le-real-madrid-fonce-sur-camavinga-pour-oublier-la-deception-mbappe-suivez-le-jour-le-plus-long-avec-nous\/","url":"https:\/\/favorite-news.com\/fr\/le-real-madrid-fonce-sur-camavinga-pour-oublier-la-deception-mbappe-suivez-le-jour-le-plus-long-avec-nous\/","name":"Le Real Madrid fonce sur Camavinga pour oublier la d\u00e9ception Mbapp\u00e9\u2026 Suivez le jour le plus long avec nous - Favorite News","isPartOf":{"@id":"https:\/\/favorite-news.com\/fr\/#website"},"primaryImageOfPage":{"@id":"https:\/\/favorite-news.com\/fr\/le-real-madrid-fonce-sur-camavinga-pour-oublier-la-deception-mbappe-suivez-le-jour-le-plus-long-avec-nous\/#primaryimage"},"image":{"@id":"https:\/\/favorite-news.com\/fr\/le-real-madrid-fonce-sur-camavinga-pour-oublier-la-deception-mbappe-suivez-le-jour-le-plus-long-avec-nous\/#primaryimage"},"thumbnailUrl":"https:\/\/favorite-news.com\/fr\/wp-content\/uploads\/sites\/12\/2021\/08\/Le-Real-Madrid-fonce-sur-Camavinga-pour-oublier-la-deception.jpg","datePublished":"2021-08-31T07:37:33+00:00","dateModified":"2021-08-31T07:38:01+00:00","author":{"@id":"https:\/\/favorite-news.com\/fr\/#\/schema\/person\/b66c4cfdd10a5bf16d7d5efda647111f"},"breadcrumb":{"@id":"https:\/\/favorite-news.com\/fr\/le-real-madrid-fonce-sur-camavinga-pour-oublier-la-deception-mbappe-suivez-le-jour-le-plus-long-avec-nous\/#breadcrumb"},"inLanguage":"fr-FR","potentialAction":[{"@type":"ReadAction","target":["https:\/\/favorite-news.com\/fr\/le-real-madrid-fonce-sur-camavinga-pour-oublier-la-deception-mbappe-suivez-le-jour-le-plus-long-avec-nous\/"]}]},{"@type":"ImageObject","inLanguage":"fr-FR","@id":"https:\/\/favorite-news.com\/fr\/le-real-madrid-fonce-sur-camavinga-pour-oublier-la-deception-mbappe-suivez-le-jour-le-plus-long-avec-nous\/#primaryimage","url":"https:\/\/favorite-news.com\/fr\/wp-content\/uploads\/sites\/12\/2021\/08\/Le-Real-Madrid-fonce-sur-Camavinga-pour-oublier-la-deception.jpg","contentUrl":"https:\/\/favorite-news.com\/fr\/wp-content\/uploads\/sites\/12\/2021\/08\/Le-Real-Madrid-fonce-sur-Camavinga-pour-oublier-la-deception.jpg","width":648,"height":360,"caption":"Le Real Madrid fonce sur Camavinga pour oublier la d\u00e9ception Mbapp\u00e9\u2026 Suivez le jour le plus long avec nous"},{"@type":"BreadcrumbList","@id":"https:\/\/favorite-news.com\/fr\/le-real-madrid-fonce-sur-camavinga-pour-oublier-la-deception-mbappe-suivez-le-jour-le-plus-long-avec-nous\/#breadcrumb","itemListElement":[{"@type":"ListItem","position":1,"name":"Home","item":"https:\/\/favorite-news.com\/fr\/"},{"@type":"ListItem","position":2,"name":"Le Real Madrid fonce sur Camavinga pour oublier la d\u00e9ception Mbapp\u00e9\u2026 Suivez le jour le plus long avec nous"}]},{"@type":"WebSite","@id":"https:\/\/favorite-news.com\/fr\/#website","url":"https:\/\/favorite-news.com\/fr\/","name":"Favorite News","description":"Favorite News France","potentialAction":[{"@type":"SearchAction","target":{"@type":"EntryPoint","urlTemplate":"https:\/\/favorite-news.com\/fr\/?s={search_term_string}"},"query-input":{"@type":"PropertyValueSpecification","valueRequired":true,"valueName":"search_term_string"}}],"inLanguage":"fr-FR"},{"@type":"Person","@id":"https:\/\/favorite-news.com\/fr\/#\/schema\/person\/b66c4cfdd10a5bf16d7d5efda647111f","name":"favorite-news","image":{"@type":"ImageObject","inLanguage":"fr-FR","@id":"https:\/\/secure.gravatar.com\/avatar\/f89959e01423a9ee3c2debbcf830eb021c575de0e1b3781ca3ae392b71c615a1?s=96&d=mm&r=g","url":"https:\/\/secure.gravatar.com\/avatar\/f89959e01423a9ee3c2debbcf830eb021c575de0e1b3781ca3ae392b71c615a1?s=96&d=mm&r=g","contentUrl":"https:\/\/secure.gravatar.com\/avatar\/f89959e01423a9ee3c2debbcf830eb021c575de0e1b3781ca3ae392b71c615a1?s=96&d=mm&r=g","caption":"favorite-news"},"url":"https:\/\/favorite-news.com\/fr\/author\/ruby\/"}]}},"_links":{"self":[{"href":"https:\/\/favorite-news.com\/fr\/wp-json\/wp\/v2\/posts\/2036","targetHints":{"allow":["GET"]}}],"collection":[{"href":"https:\/\/favorite-news.com\/fr\/wp-json\/wp\/v2\/posts"}],"about":[{"href":"https:\/\/favorite-news.com\/fr\/wp-json\/wp\/v2\/types\/post"}],"author":[{"embeddable":true,"href":"https:\/\/favorite-news.com\/fr\/wp-json\/wp\/v2\/users\/1"}],"replies":[{"embeddable":true,"href":"https:\/\/favorite-news.com\/fr\/wp-json\/wp\/v2\/comments?post=2036"}],"version-history":[{"count":1,"href":"https:\/\/favorite-news.com\/fr\/wp-json\/wp\/v2\/posts\/2036\/revisions"}],"predecessor-version":[{"id":2038,"href":"https:\/\/favorite-news.com\/fr\/wp-json\/wp\/v2\/posts\/2036\/revisions\/2038"}],"wp:featuredmedia":[{"embeddable":true,"href":"https:\/\/favorite-news.com\/fr\/wp-json\/wp\/v2\/media\/2037"}],"wp:attachment":[{"href":"https:\/\/favorite-news.com\/fr\/wp-json\/wp\/v2\/media?parent=2036"}],"wp:term":[{"taxonomy":"category","embeddable":true,"href":"https:\/\/favorite-news.com\/fr\/wp-json\/wp\/v2\/categories?post=2036"},{"taxonomy":"post_tag","embeddable":true,"href":"https:\/\/favorite-news.com\/fr\/wp-json\/wp\/v2\/tags?post=2036"}],"curies":[{"name":"wp","href":"https:\/\/api.w.org\/{rel}","templated":true}]}}