{"id":2030,"date":"2021-08-29T07:35:33","date_gmt":"2021-08-29T07:35:33","guid":{"rendered":"https:\/\/favorite-news.com\/fr\/a-lonu-la-france-va-proposer-une-zone-pour-les-operations-humanitaires-a-kaboul\/"},"modified":"2021-08-29T07:35:46","modified_gmt":"2021-08-29T07:35:46","slug":"a-lonu-la-france-va-proposer-une-zone-pour-les-operations-humanitaires-a-kaboul","status":"publish","type":"post","link":"https:\/\/favorite-news.com\/fr\/a-lonu-la-france-va-proposer-une-zone-pour-les-operations-humanitaires-a-kaboul\/","title":{"rendered":"A l\u2019ONU, la France va proposer une zone pour les \u00ab\u00a0op\u00e9rations humanitaires\u00a0\u00bb \u00e0 Kaboul"},"content":{"rendered":"<p>Afin d\u2019\u00e9pauler les \u00e9vacuations, la diplomatie continue dans le dossier afghan. La France et le Royaume-Uni vont plaider lundi \u00e0 l\u2019ONU pour la cr\u00e9ation \u00e0 Kaboul d\u2019une \u00ab\u00a0safe zone\u00a0\u00bb, c\u2019est-\u00e0-dire une zone prot\u00e9g\u00e9e, a d\u00e9clar\u00e9 Emmanuel Macron au Journal du Dimanche.<\/p>\n<p>Alors que les cinq membres permanents du Conseil de s\u00e9curit\u00e9 doivent se r\u00e9unir lundi au sujet de la crise afghane, Londres et Paris \u00e9laborent un \u00ab\u00a0projet de r\u00e9solution\u00a0\u00bb qui \u00ab\u00a0vise \u00e0 d\u00e9finir, sous contr\u00f4le onusien, une \u00ab\u00a0safe zone\u00a0\u00bb\u00a0\u00e0 Kaboul qui permette de continuer les op\u00e9rations humanitaires\u00a0\u00bb, a indiqu\u00e9 Emmanuel Macron.<\/p>\n<p>\u00ab\u00a0Mettre chacun devant ses responsabilit\u00e9s\u00a0\u00bb<\/p>\n<p>\u00ab\u00a0C\u2019est tr\u00e8s important. Cela donnerait un cadre des Nations unies pour agir dans l\u2019urgence, et cela permettra surtout de mettre chacun devant ses responsabilit\u00e9s et \u00e0 la communaut\u00e9 internationale de maintenir une pression sur les talibans\u00a0\u00bb, a-t-il ajout\u00e9.<\/p>\n<p>Entam\u00e9es il y a deux semaines avec la prise de Kaboul, les op\u00e9rations d\u2019\u00e9vacuation des Afghans fuyant le r\u00e9gime taliban touchent \u00e0 leur fin \u00e0 l\u2019a\u00e9roport, \u00e0 mesure qu\u2019approche la date butoir du 31\u00a0ao\u00fbt pr\u00e9vue pour le retrait des soldats am\u00e9ricains. La France a ainsi cess\u00e9 ses op\u00e9rations vendredi soir, et le &#13;<br \/>\nRoyaume-Uni samedi. Mais Emmanuel Macron a annonc\u00e9 samedi que des discussions avaient \u00e9t\u00e9 \u00ab\u00a0entam\u00e9es avec les talibans\u00a0\u00bb pour \u00ab\u00a0prot\u00e9ger et rapatrier des Afghanes et des Afghans\u00a0\u00bb en situation de risque au-del\u00e0 du 31\u00a0ao\u00fbt.<\/p>\n<p>Le Qatar comme relais<\/p>\n<p>La France compte sur l\u2019aide du Qatar qui, gr\u00e2ce \u00e0 ses bonnes relations avec les talibans, \u00ab\u00a0a la possibilit\u00e9 d\u2019am\u00e9nager des op\u00e9rations de pont a\u00e9rien ou de r\u00e9ouverture de certaines lignes a\u00e9riennes\u00a0\u00bb, a pr\u00e9cis\u00e9 Emmanuel Macron depuis Bagdad, o\u00f9 il assiste \u00e0 un sommet r\u00e9gional. Au Journal du Dimanche, le chef de l\u2019Etat a dit imaginer des \u00e9vacuations cibl\u00e9es \u00ab\u00a0qui ne se feront pas par l\u2019a\u00e9roport militaire de Kaboul\u00a0\u00bb. \u00ab\u00a0On verra si cela peut se faire par l\u2019a\u00e9roport civil de la capitale ou par les pays voisins\u00a0\u00bb, a-t-il pr\u00e9cis\u00e9.<\/p>\n<p>Le chef de l\u2019Etat a par ailleurs fustig\u00e9 \u00ab\u00a0une certaine forme de discours client\u00e9liste qui agite les peurs\u00a0\u00bb, au sujet de l\u2019arriv\u00e9e de r\u00e9fugi\u00e9s afghans en France. \u00ab\u00a0Mon r\u00f4le n\u2019est pas d\u2019agiter les peurs chez nos compatriotes, c\u2019est d\u2019apporter des solutions pour les r\u00e9soudre\u00a0\u00bb, a-t-il ajout\u00e9, assurant vouloir \u00ab\u00a0g\u00e9rer cette pression migratoire avec humanit\u00e9, fermet\u00e9, avec une capacit\u00e9 \u00e0 prot\u00e9ger nos fronti\u00e8res comme il le faut, avec une solidarit\u00e9 entre Europ\u00e9ens et une politique adapt\u00e9e avec les pays de la r\u00e9gion\u00a0\u00bb.<\/p>\n<p>\n<!--noindex--><br \/>\n<a href=\"https:\/\/www.20minutes.fr\/monde\/3111275-20210829-afghanistan-onu-france-va-proposer-zone-operations-humanitaires-kaboul#xtor=RSS-149\" rel=\"nofollow\">Source link <\/a><br \/>\n<!--\/noindex--><\/p>\n","protected":false},"excerpt":{"rendered":"<p>Afin d\u2019\u00e9pauler les \u00e9vacuations, la diplomatie continue dans le dossier afghan. La France et le Royaume-Uni vont plaider lundi \u00e0 l\u2019ONU pour la cr\u00e9ation \u00e0 Kaboul d\u2019une \u00ab\u00a0safe zone\u00a0\u00bb, c\u2019est-\u00e0-dire une zone prot\u00e9g\u00e9e, a d\u00e9clar\u00e9 Emmanuel Macron au Journal du Dimanche. Alors que les cinq membres permanents du Conseil de s\u00e9curit\u00e9 doivent se r\u00e9unir lundi [&hellip;]<\/p>\n","protected":false},"author":1,"featured_media":2031,"comment_status":"open","ping_status":"open","sticky":false,"template":"","format":"standard","meta":{"footnotes":""},"categories":[1],"tags":[],"class_list":["post-2030","post","type-post","status-publish","format-standard","has-post-thumbnail","hentry","category-nouvelles"],"yoast_head":"<!-- This site is optimized with the Yoast SEO plugin v27.4 - https:\/\/yoast.com\/product\/yoast-seo-wordpress\/ -->\n<title>A l\u2019ONU, la France va proposer une zone pour les \u00ab\u00a0op\u00e9rations humanitaires\u00a0\u00bb \u00e0 Kaboul - Favorite News<\/title>\n<meta name=\"robots\" content=\"index, follow, max-snippet:-1, max-image-preview:large, max-video-preview:-1\" \/>\n<link rel=\"canonical\" href=\"https:\/\/favorite-news.com\/fr\/a-lonu-la-france-va-proposer-une-zone-pour-les-operations-humanitaires-a-kaboul\/\" \/>\n<meta property=\"og:locale\" content=\"fr_FR\" \/>\n<meta property=\"og:type\" content=\"article\" \/>\n<meta property=\"og:title\" content=\"A l\u2019ONU, la France va proposer une zone pour les \u00ab\u00a0op\u00e9rations humanitaires\u00a0\u00bb \u00e0 Kaboul - Favorite News\" \/>\n<meta property=\"og:description\" content=\"Afin d\u2019\u00e9pauler les \u00e9vacuations, la diplomatie continue dans le dossier afghan. La France et le Royaume-Uni vont plaider lundi \u00e0 l\u2019ONU pour la cr\u00e9ation \u00e0 Kaboul d\u2019une \u00ab\u00a0safe zone\u00a0\u00bb, c\u2019est-\u00e0-dire une zone prot\u00e9g\u00e9e, a d\u00e9clar\u00e9 Emmanuel Macron au Journal du Dimanche. Alors que les cinq membres permanents du Conseil de s\u00e9curit\u00e9 doivent se r\u00e9unir lundi [&hellip;]\" \/>\n<meta property=\"og:url\" content=\"https:\/\/favorite-news.com\/fr\/a-lonu-la-france-va-proposer-une-zone-pour-les-operations-humanitaires-a-kaboul\/\" \/>\n<meta property=\"og:site_name\" content=\"Favorite News\" \/>\n<meta property=\"article:published_time\" content=\"2021-08-29T07:35:33+00:00\" \/>\n<meta property=\"article:modified_time\" content=\"2021-08-29T07:35:46+00:00\" \/>\n<meta property=\"og:image\" content=\"https:\/\/favorite-news.com\/fr\/wp-content\/uploads\/sites\/12\/2021\/08\/A-lONU-la-France-va-proposer-une-zone-pour-les.jpg\" \/>\n\t<meta property=\"og:image:width\" content=\"648\" \/>\n\t<meta property=\"og:image:height\" content=\"360\" \/>\n\t<meta property=\"og:image:type\" content=\"image\/jpeg\" \/>\n<meta name=\"author\" content=\"favorite-news\" \/>\n<meta name=\"twitter:card\" content=\"summary_large_image\" \/>\n<meta name=\"twitter:label1\" content=\"\u00c9crit par\" \/>\n\t<meta name=\"twitter:data1\" content=\"favorite-news\" \/>\n\t<meta name=\"twitter:label2\" content=\"Dur\u00e9e de lecture estim\u00e9e\" \/>\n\t<meta name=\"twitter:data2\" content=\"2 minutes\" \/>\n<script type=\"application\/ld+json\" class=\"yoast-schema-graph\">{\"@context\":\"https:\\\/\\\/schema.org\",\"@graph\":[{\"@type\":\"Article\",\"@id\":\"https:\\\/\\\/favorite-news.com\\\/fr\\\/a-lonu-la-france-va-proposer-une-zone-pour-les-operations-humanitaires-a-kaboul\\\/#article\",\"isPartOf\":{\"@id\":\"https:\\\/\\\/favorite-news.com\\\/fr\\\/a-lonu-la-france-va-proposer-une-zone-pour-les-operations-humanitaires-a-kaboul\\\/\"},\"author\":{\"name\":\"favorite-news\",\"@id\":\"https:\\\/\\\/favorite-news.com\\\/fr\\\/#\\\/schema\\\/person\\\/b66c4cfdd10a5bf16d7d5efda647111f\"},\"headline\":\"A l\u2019ONU, la France va proposer une zone pour les \u00ab\u00a0op\u00e9rations humanitaires\u00a0\u00bb \u00e0 Kaboul\",\"datePublished\":\"2021-08-29T07:35:33+00:00\",\"dateModified\":\"2021-08-29T07:35:46+00:00\",\"mainEntityOfPage\":{\"@id\":\"https:\\\/\\\/favorite-news.com\\\/fr\\\/a-lonu-la-france-va-proposer-une-zone-pour-les-operations-humanitaires-a-kaboul\\\/\"},\"wordCount\":469,\"commentCount\":0,\"image\":{\"@id\":\"https:\\\/\\\/favorite-news.com\\\/fr\\\/a-lonu-la-france-va-proposer-une-zone-pour-les-operations-humanitaires-a-kaboul\\\/#primaryimage\"},\"thumbnailUrl\":\"https:\\\/\\\/favorite-news.com\\\/fr\\\/wp-content\\\/uploads\\\/sites\\\/12\\\/2021\\\/08\\\/A-lONU-la-France-va-proposer-une-zone-pour-les.jpg\",\"articleSection\":[\"NOUVELLES\"],\"inLanguage\":\"fr-FR\",\"potentialAction\":[{\"@type\":\"CommentAction\",\"name\":\"Comment\",\"target\":[\"https:\\\/\\\/favorite-news.com\\\/fr\\\/a-lonu-la-france-va-proposer-une-zone-pour-les-operations-humanitaires-a-kaboul\\\/#respond\"]}]},{\"@type\":\"WebPage\",\"@id\":\"https:\\\/\\\/favorite-news.com\\\/fr\\\/a-lonu-la-france-va-proposer-une-zone-pour-les-operations-humanitaires-a-kaboul\\\/\",\"url\":\"https:\\\/\\\/favorite-news.com\\\/fr\\\/a-lonu-la-france-va-proposer-une-zone-pour-les-operations-humanitaires-a-kaboul\\\/\",\"name\":\"A l\u2019ONU, la France va proposer une zone pour les \u00ab\u00a0op\u00e9rations humanitaires\u00a0\u00bb \u00e0 Kaboul - Favorite News\",\"isPartOf\":{\"@id\":\"https:\\\/\\\/favorite-news.com\\\/fr\\\/#website\"},\"primaryImageOfPage\":{\"@id\":\"https:\\\/\\\/favorite-news.com\\\/fr\\\/a-lonu-la-france-va-proposer-une-zone-pour-les-operations-humanitaires-a-kaboul\\\/#primaryimage\"},\"image\":{\"@id\":\"https:\\\/\\\/favorite-news.com\\\/fr\\\/a-lonu-la-france-va-proposer-une-zone-pour-les-operations-humanitaires-a-kaboul\\\/#primaryimage\"},\"thumbnailUrl\":\"https:\\\/\\\/favorite-news.com\\\/fr\\\/wp-content\\\/uploads\\\/sites\\\/12\\\/2021\\\/08\\\/A-lONU-la-France-va-proposer-une-zone-pour-les.jpg\",\"datePublished\":\"2021-08-29T07:35:33+00:00\",\"dateModified\":\"2021-08-29T07:35:46+00:00\",\"author\":{\"@id\":\"https:\\\/\\\/favorite-news.com\\\/fr\\\/#\\\/schema\\\/person\\\/b66c4cfdd10a5bf16d7d5efda647111f\"},\"breadcrumb\":{\"@id\":\"https:\\\/\\\/favorite-news.com\\\/fr\\\/a-lonu-la-france-va-proposer-une-zone-pour-les-operations-humanitaires-a-kaboul\\\/#breadcrumb\"},\"inLanguage\":\"fr-FR\",\"potentialAction\":[{\"@type\":\"ReadAction\",\"target\":[\"https:\\\/\\\/favorite-news.com\\\/fr\\\/a-lonu-la-france-va-proposer-une-zone-pour-les-operations-humanitaires-a-kaboul\\\/\"]}]},{\"@type\":\"ImageObject\",\"inLanguage\":\"fr-FR\",\"@id\":\"https:\\\/\\\/favorite-news.com\\\/fr\\\/a-lonu-la-france-va-proposer-une-zone-pour-les-operations-humanitaires-a-kaboul\\\/#primaryimage\",\"url\":\"https:\\\/\\\/favorite-news.com\\\/fr\\\/wp-content\\\/uploads\\\/sites\\\/12\\\/2021\\\/08\\\/A-lONU-la-France-va-proposer-une-zone-pour-les.jpg\",\"contentUrl\":\"https:\\\/\\\/favorite-news.com\\\/fr\\\/wp-content\\\/uploads\\\/sites\\\/12\\\/2021\\\/08\\\/A-lONU-la-France-va-proposer-une-zone-pour-les.jpg\",\"width\":648,\"height\":360,\"caption\":\"A l\u2019ONU, la France va proposer une zone pour les \u00ab\u00a0op\u00e9rations humanitaires\u00a0\u00bb \u00e0 Kaboul\"},{\"@type\":\"BreadcrumbList\",\"@id\":\"https:\\\/\\\/favorite-news.com\\\/fr\\\/a-lonu-la-france-va-proposer-une-zone-pour-les-operations-humanitaires-a-kaboul\\\/#breadcrumb\",\"itemListElement\":[{\"@type\":\"ListItem\",\"position\":1,\"name\":\"Home\",\"item\":\"https:\\\/\\\/favorite-news.com\\\/fr\\\/\"},{\"@type\":\"ListItem\",\"position\":2,\"name\":\"A l\u2019ONU, la France va proposer une zone pour les \u00ab\u00a0op\u00e9rations humanitaires\u00a0\u00bb \u00e0 Kaboul\"}]},{\"@type\":\"WebSite\",\"@id\":\"https:\\\/\\\/favorite-news.com\\\/fr\\\/#website\",\"url\":\"https:\\\/\\\/favorite-news.com\\\/fr\\\/\",\"name\":\"Favorite News\",\"description\":\"Favorite News France\",\"potentialAction\":[{\"@type\":\"SearchAction\",\"target\":{\"@type\":\"EntryPoint\",\"urlTemplate\":\"https:\\\/\\\/favorite-news.com\\\/fr\\\/?s={search_term_string}\"},\"query-input\":{\"@type\":\"PropertyValueSpecification\",\"valueRequired\":true,\"valueName\":\"search_term_string\"}}],\"inLanguage\":\"fr-FR\"},{\"@type\":\"Person\",\"@id\":\"https:\\\/\\\/favorite-news.com\\\/fr\\\/#\\\/schema\\\/person\\\/b66c4cfdd10a5bf16d7d5efda647111f\",\"name\":\"favorite-news\",\"image\":{\"@type\":\"ImageObject\",\"inLanguage\":\"fr-FR\",\"@id\":\"https:\\\/\\\/secure.gravatar.com\\\/avatar\\\/f89959e01423a9ee3c2debbcf830eb021c575de0e1b3781ca3ae392b71c615a1?s=96&d=mm&r=g\",\"url\":\"https:\\\/\\\/secure.gravatar.com\\\/avatar\\\/f89959e01423a9ee3c2debbcf830eb021c575de0e1b3781ca3ae392b71c615a1?s=96&d=mm&r=g\",\"contentUrl\":\"https:\\\/\\\/secure.gravatar.com\\\/avatar\\\/f89959e01423a9ee3c2debbcf830eb021c575de0e1b3781ca3ae392b71c615a1?s=96&d=mm&r=g\",\"caption\":\"favorite-news\"},\"url\":\"https:\\\/\\\/favorite-news.com\\\/fr\\\/author\\\/ruby\\\/\"}]}<\/script>\n<!-- \/ Yoast SEO plugin. -->","yoast_head_json":{"title":"A l\u2019ONU, la France va proposer une zone pour les \u00ab\u00a0op\u00e9rations humanitaires\u00a0\u00bb \u00e0 Kaboul - Favorite News","robots":{"index":"index","follow":"follow","max-snippet":"max-snippet:-1","max-image-preview":"max-image-preview:large","max-video-preview":"max-video-preview:-1"},"canonical":"https:\/\/favorite-news.com\/fr\/a-lonu-la-france-va-proposer-une-zone-pour-les-operations-humanitaires-a-kaboul\/","og_locale":"fr_FR","og_type":"article","og_title":"A l\u2019ONU, la France va proposer une zone pour les \u00ab\u00a0op\u00e9rations humanitaires\u00a0\u00bb \u00e0 Kaboul - Favorite News","og_description":"Afin d\u2019\u00e9pauler les \u00e9vacuations, la diplomatie continue dans le dossier afghan. La France et le Royaume-Uni vont plaider lundi \u00e0 l\u2019ONU pour la cr\u00e9ation \u00e0 Kaboul d\u2019une \u00ab\u00a0safe zone\u00a0\u00bb, c\u2019est-\u00e0-dire une zone prot\u00e9g\u00e9e, a d\u00e9clar\u00e9 Emmanuel Macron au Journal du Dimanche. Alors que les cinq membres permanents du Conseil de s\u00e9curit\u00e9 doivent se r\u00e9unir lundi [&hellip;]","og_url":"https:\/\/favorite-news.com\/fr\/a-lonu-la-france-va-proposer-une-zone-pour-les-operations-humanitaires-a-kaboul\/","og_site_name":"Favorite News","article_published_time":"2021-08-29T07:35:33+00:00","article_modified_time":"2021-08-29T07:35:46+00:00","og_image":[{"width":648,"height":360,"url":"https:\/\/favorite-news.com\/fr\/wp-content\/uploads\/sites\/12\/2021\/08\/A-lONU-la-France-va-proposer-une-zone-pour-les.jpg","type":"image\/jpeg"}],"author":"favorite-news","twitter_card":"summary_large_image","twitter_misc":{"\u00c9crit par":"favorite-news","Dur\u00e9e de lecture estim\u00e9e":"2 minutes"},"schema":{"@context":"https:\/\/schema.org","@graph":[{"@type":"Article","@id":"https:\/\/favorite-news.com\/fr\/a-lonu-la-france-va-proposer-une-zone-pour-les-operations-humanitaires-a-kaboul\/#article","isPartOf":{"@id":"https:\/\/favorite-news.com\/fr\/a-lonu-la-france-va-proposer-une-zone-pour-les-operations-humanitaires-a-kaboul\/"},"author":{"name":"favorite-news","@id":"https:\/\/favorite-news.com\/fr\/#\/schema\/person\/b66c4cfdd10a5bf16d7d5efda647111f"},"headline":"A l\u2019ONU, la France va proposer une zone pour les \u00ab\u00a0op\u00e9rations humanitaires\u00a0\u00bb \u00e0 Kaboul","datePublished":"2021-08-29T07:35:33+00:00","dateModified":"2021-08-29T07:35:46+00:00","mainEntityOfPage":{"@id":"https:\/\/favorite-news.com\/fr\/a-lonu-la-france-va-proposer-une-zone-pour-les-operations-humanitaires-a-kaboul\/"},"wordCount":469,"commentCount":0,"image":{"@id":"https:\/\/favorite-news.com\/fr\/a-lonu-la-france-va-proposer-une-zone-pour-les-operations-humanitaires-a-kaboul\/#primaryimage"},"thumbnailUrl":"https:\/\/favorite-news.com\/fr\/wp-content\/uploads\/sites\/12\/2021\/08\/A-lONU-la-France-va-proposer-une-zone-pour-les.jpg","articleSection":["NOUVELLES"],"inLanguage":"fr-FR","potentialAction":[{"@type":"CommentAction","name":"Comment","target":["https:\/\/favorite-news.com\/fr\/a-lonu-la-france-va-proposer-une-zone-pour-les-operations-humanitaires-a-kaboul\/#respond"]}]},{"@type":"WebPage","@id":"https:\/\/favorite-news.com\/fr\/a-lonu-la-france-va-proposer-une-zone-pour-les-operations-humanitaires-a-kaboul\/","url":"https:\/\/favorite-news.com\/fr\/a-lonu-la-france-va-proposer-une-zone-pour-les-operations-humanitaires-a-kaboul\/","name":"A l\u2019ONU, la France va proposer une zone pour les \u00ab\u00a0op\u00e9rations humanitaires\u00a0\u00bb \u00e0 Kaboul - Favorite News","isPartOf":{"@id":"https:\/\/favorite-news.com\/fr\/#website"},"primaryImageOfPage":{"@id":"https:\/\/favorite-news.com\/fr\/a-lonu-la-france-va-proposer-une-zone-pour-les-operations-humanitaires-a-kaboul\/#primaryimage"},"image":{"@id":"https:\/\/favorite-news.com\/fr\/a-lonu-la-france-va-proposer-une-zone-pour-les-operations-humanitaires-a-kaboul\/#primaryimage"},"thumbnailUrl":"https:\/\/favorite-news.com\/fr\/wp-content\/uploads\/sites\/12\/2021\/08\/A-lONU-la-France-va-proposer-une-zone-pour-les.jpg","datePublished":"2021-08-29T07:35:33+00:00","dateModified":"2021-08-29T07:35:46+00:00","author":{"@id":"https:\/\/favorite-news.com\/fr\/#\/schema\/person\/b66c4cfdd10a5bf16d7d5efda647111f"},"breadcrumb":{"@id":"https:\/\/favorite-news.com\/fr\/a-lonu-la-france-va-proposer-une-zone-pour-les-operations-humanitaires-a-kaboul\/#breadcrumb"},"inLanguage":"fr-FR","potentialAction":[{"@type":"ReadAction","target":["https:\/\/favorite-news.com\/fr\/a-lonu-la-france-va-proposer-une-zone-pour-les-operations-humanitaires-a-kaboul\/"]}]},{"@type":"ImageObject","inLanguage":"fr-FR","@id":"https:\/\/favorite-news.com\/fr\/a-lonu-la-france-va-proposer-une-zone-pour-les-operations-humanitaires-a-kaboul\/#primaryimage","url":"https:\/\/favorite-news.com\/fr\/wp-content\/uploads\/sites\/12\/2021\/08\/A-lONU-la-France-va-proposer-une-zone-pour-les.jpg","contentUrl":"https:\/\/favorite-news.com\/fr\/wp-content\/uploads\/sites\/12\/2021\/08\/A-lONU-la-France-va-proposer-une-zone-pour-les.jpg","width":648,"height":360,"caption":"A l\u2019ONU, la France va proposer une zone pour les \u00ab\u00a0op\u00e9rations humanitaires\u00a0\u00bb \u00e0 Kaboul"},{"@type":"BreadcrumbList","@id":"https:\/\/favorite-news.com\/fr\/a-lonu-la-france-va-proposer-une-zone-pour-les-operations-humanitaires-a-kaboul\/#breadcrumb","itemListElement":[{"@type":"ListItem","position":1,"name":"Home","item":"https:\/\/favorite-news.com\/fr\/"},{"@type":"ListItem","position":2,"name":"A l\u2019ONU, la France va proposer une zone pour les \u00ab\u00a0op\u00e9rations humanitaires\u00a0\u00bb \u00e0 Kaboul"}]},{"@type":"WebSite","@id":"https:\/\/favorite-news.com\/fr\/#website","url":"https:\/\/favorite-news.com\/fr\/","name":"Favorite News","description":"Favorite News France","potentialAction":[{"@type":"SearchAction","target":{"@type":"EntryPoint","urlTemplate":"https:\/\/favorite-news.com\/fr\/?s={search_term_string}"},"query-input":{"@type":"PropertyValueSpecification","valueRequired":true,"valueName":"search_term_string"}}],"inLanguage":"fr-FR"},{"@type":"Person","@id":"https:\/\/favorite-news.com\/fr\/#\/schema\/person\/b66c4cfdd10a5bf16d7d5efda647111f","name":"favorite-news","image":{"@type":"ImageObject","inLanguage":"fr-FR","@id":"https:\/\/secure.gravatar.com\/avatar\/f89959e01423a9ee3c2debbcf830eb021c575de0e1b3781ca3ae392b71c615a1?s=96&d=mm&r=g","url":"https:\/\/secure.gravatar.com\/avatar\/f89959e01423a9ee3c2debbcf830eb021c575de0e1b3781ca3ae392b71c615a1?s=96&d=mm&r=g","contentUrl":"https:\/\/secure.gravatar.com\/avatar\/f89959e01423a9ee3c2debbcf830eb021c575de0e1b3781ca3ae392b71c615a1?s=96&d=mm&r=g","caption":"favorite-news"},"url":"https:\/\/favorite-news.com\/fr\/author\/ruby\/"}]}},"_links":{"self":[{"href":"https:\/\/favorite-news.com\/fr\/wp-json\/wp\/v2\/posts\/2030","targetHints":{"allow":["GET"]}}],"collection":[{"href":"https:\/\/favorite-news.com\/fr\/wp-json\/wp\/v2\/posts"}],"about":[{"href":"https:\/\/favorite-news.com\/fr\/wp-json\/wp\/v2\/types\/post"}],"author":[{"embeddable":true,"href":"https:\/\/favorite-news.com\/fr\/wp-json\/wp\/v2\/users\/1"}],"replies":[{"embeddable":true,"href":"https:\/\/favorite-news.com\/fr\/wp-json\/wp\/v2\/comments?post=2030"}],"version-history":[{"count":1,"href":"https:\/\/favorite-news.com\/fr\/wp-json\/wp\/v2\/posts\/2030\/revisions"}],"predecessor-version":[{"id":2032,"href":"https:\/\/favorite-news.com\/fr\/wp-json\/wp\/v2\/posts\/2030\/revisions\/2032"}],"wp:featuredmedia":[{"embeddable":true,"href":"https:\/\/favorite-news.com\/fr\/wp-json\/wp\/v2\/media\/2031"}],"wp:attachment":[{"href":"https:\/\/favorite-news.com\/fr\/wp-json\/wp\/v2\/media?parent=2030"}],"wp:term":[{"taxonomy":"category","embeddable":true,"href":"https:\/\/favorite-news.com\/fr\/wp-json\/wp\/v2\/categories?post=2030"},{"taxonomy":"post_tag","embeddable":true,"href":"https:\/\/favorite-news.com\/fr\/wp-json\/wp\/v2\/tags?post=2030"}],"curies":[{"name":"wp","href":"https:\/\/api.w.org\/{rel}","templated":true}]}}