{"id":1351,"date":"2021-05-03T19:08:25","date_gmt":"2021-05-03T19:08:25","guid":{"rendered":"https:\/\/favorite-news.com\/fr\/plus-de-5-600-malades-en-reanimation\/"},"modified":"2021-05-03T19:08:27","modified_gmt":"2021-05-03T19:08:27","slug":"plus-de-5-600-malades-en-reanimation","status":"publish","type":"post","link":"https:\/\/favorite-news.com\/fr\/plus-de-5-600-malades-en-reanimation\/","title":{"rendered":"Plus de 5.600 malades en r\u00e9animation"},"content":{"rendered":"<p>                Le nombre de malades du Covid-19 en r\u00e9animation en France repasse au dessus du seuil des 5.600 personnes ce lundi 3 mai. \u2014 UGO AMEZ\/SIPA<br \/>\n            Le nombre de malades du Covid-19 dans les services de\u00a0r\u00e9animation, qui avait lentement diminu\u00e9 plusieurs jours d\u2019affil\u00e9e, a augment\u00e9 \u00e0 nouveau ce lundi, repassant au-dessus de 5.600, selon les chiffres de Sant\u00e9 publique France.<\/p>\n<p>Les services de soins critiques (qui rassemblent\u00a0r\u00e9animation, soins intensifs et surveillance continue) comptaient 5.630 patients ce lundi, dont 386 admis ces derni\u00e8res 24 heures, contre 5.585 dimanche.<\/p>\n<p>311 d\u00e9c\u00e8s en 24 heures<\/p>\n<p>Ce chiffre scrut\u00e9 \u00e0 la loupe avait recul\u00e9 lentement la semaine derni\u00e8re, s\u2019\u00e9loignant un peu de la barre des 6.000 d\u00e9pass\u00e9e le 26\u00a0avril.<\/p>\n<p>Cette barre, sous laquelle le nombre des malades hospitalis\u00e9s dans ces services oscillait depuis mi-avril, est en de\u00e7\u00e0 du pic de la premi\u00e8re vague en avril\u00a02020 (autour de 7.000) mais sup\u00e9rieure \u00e0 celui de la deuxi\u00e8me vague \u00e0 l\u2019automne (4.900).<\/p>\n<p>Le total des patients Covid \u00e0 l\u2019h\u00f4pital est \u00e9galement en l\u00e9g\u00e8re hausse, \u00e0 28.950, contre 28.818 la veille, avec 1.495 nouvelles hospitalisations dans les derni\u00e8res 24 heures. Il y a une semaine, les h\u00f4pitaux accueillaient plus de 30.000 patients Covid.<\/p>\n<p>Au total, 311 personnes sont mortes du coronavirus \u00e0 l\u2019h\u00f4pital dans les derni\u00e8res 24 heures, contre 113 la veille, portant le nombre de d\u00e9c\u00e8s \u00e0 au moins 105.159 depuis le d\u00e9but de l\u2019\u00e9pid\u00e9mie au printemps 2020, dont 78.906 \u00e0 l\u2019h\u00f4pital.<\/p>\n<p>En 24 heures, le nombre de nouveaux cas positifs confirm\u00e9s est de 3.760, un chiffre toujours plus bas le lundi apr\u00e8s le week-end o\u00f9 moins de tests sont r\u00e9alis\u00e9s.<\/p>\n<p>Le taux de positivit\u00e9, qui correspond au pourcentage de personnes contamin\u00e9es parmi celles qui sont test\u00e9es, est descendu \u00e0 7,6\u00a0% sur les sept derniers jours (taux consolid\u00e9 \u00e0 J-3).<\/p>\n<p>C\u00f4t\u00e9 vaccination\u200b, 16.133.547 personnes ont re\u00e7u au moins une injection, dont 6.688.302 ont \u00e9t\u00e9 compl\u00e8tement vaccin\u00e9es avec deux doses de vaccin (soit 10\u00a0% de la population totale et 12,7\u00a0% de la population majeure), indique la Direction g\u00e9n\u00e9rale de la sant\u00e9 (DGS).<\/p>\n<p>            Une faute\u00a0?<\/p>\n<p>                364<\/p>\n<p>            partages<\/p>\n<p>\n<!--noindex--><br \/>\n<a href=\"https:\/\/www.20minutes.fr\/sante\/3033955-20210503-coronavirus-plus-5600-malades-reanimation#xtor=RSS-149\" rel=\"nofollow\">Source link <\/a><br \/>\n<!--\/noindex--><\/p>\n","protected":false},"excerpt":{"rendered":"<p>Le nombre de malades du Covid-19 en r\u00e9animation en France repasse au dessus du seuil des 5.600 personnes ce lundi 3 mai. \u2014 UGO AMEZ\/SIPA Le nombre de malades du Covid-19 dans les services de\u00a0r\u00e9animation, qui avait lentement diminu\u00e9 plusieurs jours d\u2019affil\u00e9e, a augment\u00e9 \u00e0 nouveau ce lundi, repassant au-dessus de 5.600, selon les chiffres [&hellip;]<\/p>\n","protected":false},"author":1,"featured_media":1352,"comment_status":"open","ping_status":"open","sticky":false,"template":"","format":"standard","meta":{"footnotes":""},"categories":[1],"tags":[],"class_list":["post-1351","post","type-post","status-publish","format-standard","has-post-thumbnail","hentry","category-nouvelles"],"yoast_head":"<!-- This site is optimized with the Yoast SEO plugin v27.4 - https:\/\/yoast.com\/product\/yoast-seo-wordpress\/ -->\n<title>Plus de 5.600 malades en r\u00e9animation - Favorite News<\/title>\n<meta name=\"robots\" content=\"index, follow, max-snippet:-1, max-image-preview:large, max-video-preview:-1\" \/>\n<link rel=\"canonical\" href=\"https:\/\/favorite-news.com\/fr\/plus-de-5-600-malades-en-reanimation\/\" \/>\n<meta property=\"og:locale\" content=\"fr_FR\" \/>\n<meta property=\"og:type\" content=\"article\" \/>\n<meta property=\"og:title\" content=\"Plus de 5.600 malades en r\u00e9animation - Favorite News\" \/>\n<meta property=\"og:description\" content=\"Le nombre de malades du Covid-19 en r\u00e9animation en France repasse au dessus du seuil des 5.600 personnes ce lundi 3 mai. \u2014 UGO AMEZ\/SIPA Le nombre de malades du Covid-19 dans les services de\u00a0r\u00e9animation, qui avait lentement diminu\u00e9 plusieurs jours d\u2019affil\u00e9e, a augment\u00e9 \u00e0 nouveau ce lundi, repassant au-dessus de 5.600, selon les chiffres [&hellip;]\" \/>\n<meta property=\"og:url\" content=\"https:\/\/favorite-news.com\/fr\/plus-de-5-600-malades-en-reanimation\/\" \/>\n<meta property=\"og:site_name\" content=\"Favorite News\" \/>\n<meta property=\"article:published_time\" content=\"2021-05-03T19:08:25+00:00\" \/>\n<meta property=\"article:modified_time\" content=\"2021-05-03T19:08:27+00:00\" \/>\n<meta property=\"og:image\" content=\"https:\/\/favorite-news.com\/fr\/wp-content\/uploads\/sites\/12\/2021\/05\/Plus-de-5600-malades-en-reanimation.jpg\" \/>\n\t<meta property=\"og:image:width\" content=\"540\" \/>\n\t<meta property=\"og:image:height\" content=\"360\" \/>\n\t<meta property=\"og:image:type\" content=\"image\/jpeg\" \/>\n<meta name=\"author\" content=\"favorite-news\" \/>\n<meta name=\"twitter:card\" content=\"summary_large_image\" \/>\n<meta name=\"twitter:label1\" content=\"\u00c9crit par\" \/>\n\t<meta name=\"twitter:data1\" content=\"favorite-news\" \/>\n\t<meta name=\"twitter:label2\" content=\"Dur\u00e9e de lecture estim\u00e9e\" \/>\n\t<meta name=\"twitter:data2\" content=\"2 minutes\" \/>\n<script type=\"application\/ld+json\" class=\"yoast-schema-graph\">{\"@context\":\"https:\\\/\\\/schema.org\",\"@graph\":[{\"@type\":\"Article\",\"@id\":\"https:\\\/\\\/favorite-news.com\\\/fr\\\/plus-de-5-600-malades-en-reanimation\\\/#article\",\"isPartOf\":{\"@id\":\"https:\\\/\\\/favorite-news.com\\\/fr\\\/plus-de-5-600-malades-en-reanimation\\\/\"},\"author\":{\"name\":\"favorite-news\",\"@id\":\"https:\\\/\\\/favorite-news.com\\\/fr\\\/#\\\/schema\\\/person\\\/b66c4cfdd10a5bf16d7d5efda647111f\"},\"headline\":\"Plus de 5.600 malades en r\u00e9animation\",\"datePublished\":\"2021-05-03T19:08:25+00:00\",\"dateModified\":\"2021-05-03T19:08:27+00:00\",\"mainEntityOfPage\":{\"@id\":\"https:\\\/\\\/favorite-news.com\\\/fr\\\/plus-de-5-600-malades-en-reanimation\\\/\"},\"wordCount\":350,\"commentCount\":0,\"image\":{\"@id\":\"https:\\\/\\\/favorite-news.com\\\/fr\\\/plus-de-5-600-malades-en-reanimation\\\/#primaryimage\"},\"thumbnailUrl\":\"https:\\\/\\\/favorite-news.com\\\/fr\\\/wp-content\\\/uploads\\\/sites\\\/12\\\/2021\\\/05\\\/Plus-de-5600-malades-en-reanimation.jpg\",\"articleSection\":[\"NOUVELLES\"],\"inLanguage\":\"fr-FR\",\"potentialAction\":[{\"@type\":\"CommentAction\",\"name\":\"Comment\",\"target\":[\"https:\\\/\\\/favorite-news.com\\\/fr\\\/plus-de-5-600-malades-en-reanimation\\\/#respond\"]}]},{\"@type\":\"WebPage\",\"@id\":\"https:\\\/\\\/favorite-news.com\\\/fr\\\/plus-de-5-600-malades-en-reanimation\\\/\",\"url\":\"https:\\\/\\\/favorite-news.com\\\/fr\\\/plus-de-5-600-malades-en-reanimation\\\/\",\"name\":\"Plus de 5.600 malades en r\u00e9animation - Favorite News\",\"isPartOf\":{\"@id\":\"https:\\\/\\\/favorite-news.com\\\/fr\\\/#website\"},\"primaryImageOfPage\":{\"@id\":\"https:\\\/\\\/favorite-news.com\\\/fr\\\/plus-de-5-600-malades-en-reanimation\\\/#primaryimage\"},\"image\":{\"@id\":\"https:\\\/\\\/favorite-news.com\\\/fr\\\/plus-de-5-600-malades-en-reanimation\\\/#primaryimage\"},\"thumbnailUrl\":\"https:\\\/\\\/favorite-news.com\\\/fr\\\/wp-content\\\/uploads\\\/sites\\\/12\\\/2021\\\/05\\\/Plus-de-5600-malades-en-reanimation.jpg\",\"datePublished\":\"2021-05-03T19:08:25+00:00\",\"dateModified\":\"2021-05-03T19:08:27+00:00\",\"author\":{\"@id\":\"https:\\\/\\\/favorite-news.com\\\/fr\\\/#\\\/schema\\\/person\\\/b66c4cfdd10a5bf16d7d5efda647111f\"},\"breadcrumb\":{\"@id\":\"https:\\\/\\\/favorite-news.com\\\/fr\\\/plus-de-5-600-malades-en-reanimation\\\/#breadcrumb\"},\"inLanguage\":\"fr-FR\",\"potentialAction\":[{\"@type\":\"ReadAction\",\"target\":[\"https:\\\/\\\/favorite-news.com\\\/fr\\\/plus-de-5-600-malades-en-reanimation\\\/\"]}]},{\"@type\":\"ImageObject\",\"inLanguage\":\"fr-FR\",\"@id\":\"https:\\\/\\\/favorite-news.com\\\/fr\\\/plus-de-5-600-malades-en-reanimation\\\/#primaryimage\",\"url\":\"https:\\\/\\\/favorite-news.com\\\/fr\\\/wp-content\\\/uploads\\\/sites\\\/12\\\/2021\\\/05\\\/Plus-de-5600-malades-en-reanimation.jpg\",\"contentUrl\":\"https:\\\/\\\/favorite-news.com\\\/fr\\\/wp-content\\\/uploads\\\/sites\\\/12\\\/2021\\\/05\\\/Plus-de-5600-malades-en-reanimation.jpg\",\"width\":540,\"height\":360,\"caption\":\"Plus de 5.600 malades en r\u00e9animation\"},{\"@type\":\"BreadcrumbList\",\"@id\":\"https:\\\/\\\/favorite-news.com\\\/fr\\\/plus-de-5-600-malades-en-reanimation\\\/#breadcrumb\",\"itemListElement\":[{\"@type\":\"ListItem\",\"position\":1,\"name\":\"Home\",\"item\":\"https:\\\/\\\/favorite-news.com\\\/fr\\\/\"},{\"@type\":\"ListItem\",\"position\":2,\"name\":\"Plus de 5.600 malades en r\u00e9animation\"}]},{\"@type\":\"WebSite\",\"@id\":\"https:\\\/\\\/favorite-news.com\\\/fr\\\/#website\",\"url\":\"https:\\\/\\\/favorite-news.com\\\/fr\\\/\",\"name\":\"Favorite News\",\"description\":\"Favorite News France\",\"potentialAction\":[{\"@type\":\"SearchAction\",\"target\":{\"@type\":\"EntryPoint\",\"urlTemplate\":\"https:\\\/\\\/favorite-news.com\\\/fr\\\/?s={search_term_string}\"},\"query-input\":{\"@type\":\"PropertyValueSpecification\",\"valueRequired\":true,\"valueName\":\"search_term_string\"}}],\"inLanguage\":\"fr-FR\"},{\"@type\":\"Person\",\"@id\":\"https:\\\/\\\/favorite-news.com\\\/fr\\\/#\\\/schema\\\/person\\\/b66c4cfdd10a5bf16d7d5efda647111f\",\"name\":\"favorite-news\",\"image\":{\"@type\":\"ImageObject\",\"inLanguage\":\"fr-FR\",\"@id\":\"https:\\\/\\\/secure.gravatar.com\\\/avatar\\\/f89959e01423a9ee3c2debbcf830eb021c575de0e1b3781ca3ae392b71c615a1?s=96&d=mm&r=g\",\"url\":\"https:\\\/\\\/secure.gravatar.com\\\/avatar\\\/f89959e01423a9ee3c2debbcf830eb021c575de0e1b3781ca3ae392b71c615a1?s=96&d=mm&r=g\",\"contentUrl\":\"https:\\\/\\\/secure.gravatar.com\\\/avatar\\\/f89959e01423a9ee3c2debbcf830eb021c575de0e1b3781ca3ae392b71c615a1?s=96&d=mm&r=g\",\"caption\":\"favorite-news\"},\"url\":\"https:\\\/\\\/favorite-news.com\\\/fr\\\/author\\\/ruby\\\/\"}]}<\/script>\n<!-- \/ Yoast SEO plugin. -->","yoast_head_json":{"title":"Plus de 5.600 malades en r\u00e9animation - Favorite News","robots":{"index":"index","follow":"follow","max-snippet":"max-snippet:-1","max-image-preview":"max-image-preview:large","max-video-preview":"max-video-preview:-1"},"canonical":"https:\/\/favorite-news.com\/fr\/plus-de-5-600-malades-en-reanimation\/","og_locale":"fr_FR","og_type":"article","og_title":"Plus de 5.600 malades en r\u00e9animation - Favorite News","og_description":"Le nombre de malades du Covid-19 en r\u00e9animation en France repasse au dessus du seuil des 5.600 personnes ce lundi 3 mai. \u2014 UGO AMEZ\/SIPA Le nombre de malades du Covid-19 dans les services de\u00a0r\u00e9animation, qui avait lentement diminu\u00e9 plusieurs jours d\u2019affil\u00e9e, a augment\u00e9 \u00e0 nouveau ce lundi, repassant au-dessus de 5.600, selon les chiffres [&hellip;]","og_url":"https:\/\/favorite-news.com\/fr\/plus-de-5-600-malades-en-reanimation\/","og_site_name":"Favorite News","article_published_time":"2021-05-03T19:08:25+00:00","article_modified_time":"2021-05-03T19:08:27+00:00","og_image":[{"width":540,"height":360,"url":"https:\/\/favorite-news.com\/fr\/wp-content\/uploads\/sites\/12\/2021\/05\/Plus-de-5600-malades-en-reanimation.jpg","type":"image\/jpeg"}],"author":"favorite-news","twitter_card":"summary_large_image","twitter_misc":{"\u00c9crit par":"favorite-news","Dur\u00e9e de lecture estim\u00e9e":"2 minutes"},"schema":{"@context":"https:\/\/schema.org","@graph":[{"@type":"Article","@id":"https:\/\/favorite-news.com\/fr\/plus-de-5-600-malades-en-reanimation\/#article","isPartOf":{"@id":"https:\/\/favorite-news.com\/fr\/plus-de-5-600-malades-en-reanimation\/"},"author":{"name":"favorite-news","@id":"https:\/\/favorite-news.com\/fr\/#\/schema\/person\/b66c4cfdd10a5bf16d7d5efda647111f"},"headline":"Plus de 5.600 malades en r\u00e9animation","datePublished":"2021-05-03T19:08:25+00:00","dateModified":"2021-05-03T19:08:27+00:00","mainEntityOfPage":{"@id":"https:\/\/favorite-news.com\/fr\/plus-de-5-600-malades-en-reanimation\/"},"wordCount":350,"commentCount":0,"image":{"@id":"https:\/\/favorite-news.com\/fr\/plus-de-5-600-malades-en-reanimation\/#primaryimage"},"thumbnailUrl":"https:\/\/favorite-news.com\/fr\/wp-content\/uploads\/sites\/12\/2021\/05\/Plus-de-5600-malades-en-reanimation.jpg","articleSection":["NOUVELLES"],"inLanguage":"fr-FR","potentialAction":[{"@type":"CommentAction","name":"Comment","target":["https:\/\/favorite-news.com\/fr\/plus-de-5-600-malades-en-reanimation\/#respond"]}]},{"@type":"WebPage","@id":"https:\/\/favorite-news.com\/fr\/plus-de-5-600-malades-en-reanimation\/","url":"https:\/\/favorite-news.com\/fr\/plus-de-5-600-malades-en-reanimation\/","name":"Plus de 5.600 malades en r\u00e9animation - Favorite News","isPartOf":{"@id":"https:\/\/favorite-news.com\/fr\/#website"},"primaryImageOfPage":{"@id":"https:\/\/favorite-news.com\/fr\/plus-de-5-600-malades-en-reanimation\/#primaryimage"},"image":{"@id":"https:\/\/favorite-news.com\/fr\/plus-de-5-600-malades-en-reanimation\/#primaryimage"},"thumbnailUrl":"https:\/\/favorite-news.com\/fr\/wp-content\/uploads\/sites\/12\/2021\/05\/Plus-de-5600-malades-en-reanimation.jpg","datePublished":"2021-05-03T19:08:25+00:00","dateModified":"2021-05-03T19:08:27+00:00","author":{"@id":"https:\/\/favorite-news.com\/fr\/#\/schema\/person\/b66c4cfdd10a5bf16d7d5efda647111f"},"breadcrumb":{"@id":"https:\/\/favorite-news.com\/fr\/plus-de-5-600-malades-en-reanimation\/#breadcrumb"},"inLanguage":"fr-FR","potentialAction":[{"@type":"ReadAction","target":["https:\/\/favorite-news.com\/fr\/plus-de-5-600-malades-en-reanimation\/"]}]},{"@type":"ImageObject","inLanguage":"fr-FR","@id":"https:\/\/favorite-news.com\/fr\/plus-de-5-600-malades-en-reanimation\/#primaryimage","url":"https:\/\/favorite-news.com\/fr\/wp-content\/uploads\/sites\/12\/2021\/05\/Plus-de-5600-malades-en-reanimation.jpg","contentUrl":"https:\/\/favorite-news.com\/fr\/wp-content\/uploads\/sites\/12\/2021\/05\/Plus-de-5600-malades-en-reanimation.jpg","width":540,"height":360,"caption":"Plus de 5.600 malades en r\u00e9animation"},{"@type":"BreadcrumbList","@id":"https:\/\/favorite-news.com\/fr\/plus-de-5-600-malades-en-reanimation\/#breadcrumb","itemListElement":[{"@type":"ListItem","position":1,"name":"Home","item":"https:\/\/favorite-news.com\/fr\/"},{"@type":"ListItem","position":2,"name":"Plus de 5.600 malades en r\u00e9animation"}]},{"@type":"WebSite","@id":"https:\/\/favorite-news.com\/fr\/#website","url":"https:\/\/favorite-news.com\/fr\/","name":"Favorite News","description":"Favorite News France","potentialAction":[{"@type":"SearchAction","target":{"@type":"EntryPoint","urlTemplate":"https:\/\/favorite-news.com\/fr\/?s={search_term_string}"},"query-input":{"@type":"PropertyValueSpecification","valueRequired":true,"valueName":"search_term_string"}}],"inLanguage":"fr-FR"},{"@type":"Person","@id":"https:\/\/favorite-news.com\/fr\/#\/schema\/person\/b66c4cfdd10a5bf16d7d5efda647111f","name":"favorite-news","image":{"@type":"ImageObject","inLanguage":"fr-FR","@id":"https:\/\/secure.gravatar.com\/avatar\/f89959e01423a9ee3c2debbcf830eb021c575de0e1b3781ca3ae392b71c615a1?s=96&d=mm&r=g","url":"https:\/\/secure.gravatar.com\/avatar\/f89959e01423a9ee3c2debbcf830eb021c575de0e1b3781ca3ae392b71c615a1?s=96&d=mm&r=g","contentUrl":"https:\/\/secure.gravatar.com\/avatar\/f89959e01423a9ee3c2debbcf830eb021c575de0e1b3781ca3ae392b71c615a1?s=96&d=mm&r=g","caption":"favorite-news"},"url":"https:\/\/favorite-news.com\/fr\/author\/ruby\/"}]}},"_links":{"self":[{"href":"https:\/\/favorite-news.com\/fr\/wp-json\/wp\/v2\/posts\/1351","targetHints":{"allow":["GET"]}}],"collection":[{"href":"https:\/\/favorite-news.com\/fr\/wp-json\/wp\/v2\/posts"}],"about":[{"href":"https:\/\/favorite-news.com\/fr\/wp-json\/wp\/v2\/types\/post"}],"author":[{"embeddable":true,"href":"https:\/\/favorite-news.com\/fr\/wp-json\/wp\/v2\/users\/1"}],"replies":[{"embeddable":true,"href":"https:\/\/favorite-news.com\/fr\/wp-json\/wp\/v2\/comments?post=1351"}],"version-history":[{"count":1,"href":"https:\/\/favorite-news.com\/fr\/wp-json\/wp\/v2\/posts\/1351\/revisions"}],"predecessor-version":[{"id":1353,"href":"https:\/\/favorite-news.com\/fr\/wp-json\/wp\/v2\/posts\/1351\/revisions\/1353"}],"wp:featuredmedia":[{"embeddable":true,"href":"https:\/\/favorite-news.com\/fr\/wp-json\/wp\/v2\/media\/1352"}],"wp:attachment":[{"href":"https:\/\/favorite-news.com\/fr\/wp-json\/wp\/v2\/media?parent=1351"}],"wp:term":[{"taxonomy":"category","embeddable":true,"href":"https:\/\/favorite-news.com\/fr\/wp-json\/wp\/v2\/categories?post=1351"},{"taxonomy":"post_tag","embeddable":true,"href":"https:\/\/favorite-news.com\/fr\/wp-json\/wp\/v2\/tags?post=1351"}],"curies":[{"name":"wp","href":"https:\/\/api.w.org\/{rel}","templated":true}]}}