{"id":1339,"date":"2021-05-01T18:45:13","date_gmt":"2021-05-01T18:45:13","guid":{"rendered":"https:\/\/favorite-news.com\/fr\/des-crs-deployes-apres-des-violences-a-valence\/"},"modified":"2021-05-01T18:45:19","modified_gmt":"2021-05-01T18:45:19","slug":"des-crs-deployes-apres-des-violences-a-valence","status":"publish","type":"post","link":"https:\/\/favorite-news.com\/fr\/des-crs-deployes-apres-des-violences-a-valence\/","title":{"rendered":"Des CRS d\u00e9ploy\u00e9s apr\u00e8s des violences \u00e0 Valence"},"content":{"rendered":"<p>                Un fourgon de CRS. (Illustration) \u2014 Cl\u00e9ment Follain \/ 20 Minutes<br \/>\n            Des coups de feu ont \u00e9t\u00e9 tir\u00e9s vendredi. Alors ce samedi soir, plusieurs dizaines de CRS seront d\u00e9ploy\u00e9es dans le quartier sensible de Fontbarlettes \u00e0 Valence apr\u00e8s des &#13;<br \/>\nviolences nocturnes survenues\u00a0entre jeunes sur fond de trafic de stup\u00e9fiants, a indiqu\u00e9 la pr\u00e9fecture de la Dr\u00f4me. \u00ab\u00a0Je tiens \u00e0 condamner de la fa\u00e7on la plus ferme ces actes aussi scandaleux qu\u2019injustifiables et affiche la plus totale d\u00e9termination \u00e0 donner \u00e0 cette affaire une suite judiciaire qu\u2019elle m\u00e9rite\u00a0\u00bb, a d\u00e9clar\u00e9 dans un communiqu\u00e9 le sous-pr\u00e9fet de la &#13;<br \/>\nDr\u00f4me Bertrand Duclos.<\/p>\n<p>\u00ab\u00a0Les auteurs de ces agissements particuli\u00e8rement graves seront identifi\u00e9s et d\u00e9f\u00e9r\u00e9s \u00e0 la justice\u00a0\u00bb, a-t-il ajout\u00e9, soulignant que \u00ab\u00a0personne n\u2019a \u00e9t\u00e9 bless\u00e9\u00a0\u00bb lors de ces violences \u00ab\u00a0qui n\u2019ont pas fait l\u2019objet d\u2019appels sp\u00e9cifiques \u00e0 la police nationale, laquelle n\u2019a pu intervenir pour y mettre un terme\u00a0\u00bb.<\/p>\n<p>Une vid\u00e9o des faits<\/p>\n<p>La pr\u00e9fecture s\u2019exprimait apr\u00e8s la diffusion d\u2019une vid\u00e9o anonyme montrant une dizaine d\u2019individus habill\u00e9s de noir, capuche sur la t\u00eate et masqu\u00e9s, invectivant un groupe rival sur le parking d\u2019un immeuble et alors que des coups de feu sont tir\u00e9s. L\u2019un d\u2019entre eux est m\u00eame film\u00e9 en train de viser avec une arme de poing derri\u00e8re une voiture.<\/p>\n<p>\u00ab\u00a0Des impacts de balles et des douilles de 9 mm ont \u00e9t\u00e9 retrouv\u00e9s\u00a0\u00bb, a pr\u00e9cis\u00e9 Bertrand Duclos, qui \u00e9voque \u00ab\u00a0un diff\u00e9rend\u00a0\u00bb entre un jeune du quartier du Plan et un groupe du quartier de Fontbarlettes \u00ab\u00a0sur fond de trafic de stup\u00e9fiants\u00a0\u00bb.\u00a0Le parquet a \u00e9t\u00e9 saisi de l\u2019affaire.<\/p>\n<p>\u00ab\u00a0Un \u00ab\u00a0\u00e9tat d\u2019urgence absolue\u00a0\u00bb\u00a0dans nos quartiers\u00a0\u00bb<\/p>\n<p>A la suite de cet \u00e9pisode violent, une \u00ab\u00a0quarantaine\u00a0\u00bb de CRS va \u00eatre d\u00e9ploy\u00e9e en renfort des effectifs policiers locaux dans ce quartier mais aussi dans celui de la Monnaie \u00e0 Romans-sur-Is\u00e8re, \u00e0 une vingtaine de kilom\u00e8tres au nord-est de Valence, o\u00f9 des violences ont \u00e9t\u00e9 observ\u00e9es \u00ab\u00a0depuis quelques jours\u00a0\u00bb.<\/p>\n<p>Il y a \u00ab\u00a0un \u00ab\u00a0\u00e9tat d\u2019urgence absolue\u00a0\u00bb\u00a0dans nos quartiers. Avec la m\u00eame d\u00e9termination, l\u2019Etat doit aujourd\u2019hui agir pour garantir la s\u00e9curit\u00e9 de tous, avant qu\u2019il ne soit trop tard\u00a0!\u00a0\u00bb, a r\u00e9agi dans un communiqu\u00e9 le maire LR de Valence, Nicolas Daragon.<\/p>\n<p>Dans le cadre des annonces du pr\u00e9sident de la R\u00e9publique sur des renforts dans la police nationale, quinze agents suppl\u00e9mentaires doivent \u00eatre affect\u00e9s \u00ab\u00a0probablement en septembre\u00a0\u00bb \u00e0 la circonscription de Valence qui compte aujourd\u2019hui pr\u00e8s de 200 agents, selon la pr\u00e9fecture.<\/p>\n<p>\n<!--noindex--><br \/>\n<a href=\"https:\/\/www.20minutes.fr\/societe\/3032583-20210501-drome-crs-deployes-apres-violences-valence#xtor=RSS-149\" rel=\"nofollow\">Source link <\/a><br \/>\n<!--\/noindex--><\/p>\n","protected":false},"excerpt":{"rendered":"<p>Un fourgon de CRS. (Illustration) \u2014 Cl\u00e9ment Follain \/ 20 Minutes Des coups de feu ont \u00e9t\u00e9 tir\u00e9s vendredi. Alors ce samedi soir, plusieurs dizaines de CRS seront d\u00e9ploy\u00e9es dans le quartier sensible de Fontbarlettes \u00e0 Valence apr\u00e8s des &#13; violences nocturnes survenues\u00a0entre jeunes sur fond de trafic de stup\u00e9fiants, a indiqu\u00e9 la pr\u00e9fecture de [&hellip;]<\/p>\n","protected":false},"author":1,"featured_media":1340,"comment_status":"open","ping_status":"open","sticky":false,"template":"","format":"standard","meta":{"footnotes":""},"categories":[1],"tags":[],"class_list":["post-1339","post","type-post","status-publish","format-standard","has-post-thumbnail","hentry","category-nouvelles"],"yoast_head":"<!-- This site is optimized with the Yoast SEO plugin v27.4 - https:\/\/yoast.com\/product\/yoast-seo-wordpress\/ -->\n<title>Des CRS d\u00e9ploy\u00e9s apr\u00e8s des violences \u00e0 Valence - Favorite News<\/title>\n<meta name=\"robots\" content=\"index, follow, max-snippet:-1, max-image-preview:large, max-video-preview:-1\" \/>\n<link rel=\"canonical\" href=\"https:\/\/favorite-news.com\/fr\/des-crs-deployes-apres-des-violences-a-valence\/\" \/>\n<meta property=\"og:locale\" content=\"fr_FR\" \/>\n<meta property=\"og:type\" content=\"article\" \/>\n<meta property=\"og:title\" content=\"Des CRS d\u00e9ploy\u00e9s apr\u00e8s des violences \u00e0 Valence - Favorite News\" \/>\n<meta property=\"og:description\" content=\"Un fourgon de CRS. (Illustration) \u2014 Cl\u00e9ment Follain \/ 20 Minutes Des coups de feu ont \u00e9t\u00e9 tir\u00e9s vendredi. Alors ce samedi soir, plusieurs dizaines de CRS seront d\u00e9ploy\u00e9es dans le quartier sensible de Fontbarlettes \u00e0 Valence apr\u00e8s des &#013; violences nocturnes survenues\u00a0entre jeunes sur fond de trafic de stup\u00e9fiants, a indiqu\u00e9 la pr\u00e9fecture de [&hellip;]\" \/>\n<meta property=\"og:url\" content=\"https:\/\/favorite-news.com\/fr\/des-crs-deployes-apres-des-violences-a-valence\/\" \/>\n<meta property=\"og:site_name\" content=\"Favorite News\" \/>\n<meta property=\"article:published_time\" content=\"2021-05-01T18:45:13+00:00\" \/>\n<meta property=\"article:modified_time\" content=\"2021-05-01T18:45:19+00:00\" \/>\n<meta property=\"og:image\" content=\"https:\/\/favorite-news.com\/fr\/wp-content\/uploads\/sites\/12\/2021\/05\/Des-CRS-deployes-apres-des-violences-a-Valence.jpg\" \/>\n\t<meta property=\"og:image:width\" content=\"648\" \/>\n\t<meta property=\"og:image:height\" content=\"360\" \/>\n\t<meta property=\"og:image:type\" content=\"image\/jpeg\" \/>\n<meta name=\"author\" content=\"favorite-news\" \/>\n<meta name=\"twitter:card\" content=\"summary_large_image\" \/>\n<meta name=\"twitter:label1\" content=\"\u00c9crit par\" \/>\n\t<meta name=\"twitter:data1\" content=\"favorite-news\" \/>\n\t<meta name=\"twitter:label2\" content=\"Dur\u00e9e de lecture estim\u00e9e\" \/>\n\t<meta name=\"twitter:data2\" content=\"2 minutes\" \/>\n<script type=\"application\/ld+json\" class=\"yoast-schema-graph\">{\"@context\":\"https:\\\/\\\/schema.org\",\"@graph\":[{\"@type\":\"Article\",\"@id\":\"https:\\\/\\\/favorite-news.com\\\/fr\\\/des-crs-deployes-apres-des-violences-a-valence\\\/#article\",\"isPartOf\":{\"@id\":\"https:\\\/\\\/favorite-news.com\\\/fr\\\/des-crs-deployes-apres-des-violences-a-valence\\\/\"},\"author\":{\"name\":\"favorite-news\",\"@id\":\"https:\\\/\\\/favorite-news.com\\\/fr\\\/#\\\/schema\\\/person\\\/b66c4cfdd10a5bf16d7d5efda647111f\"},\"headline\":\"Des CRS d\u00e9ploy\u00e9s apr\u00e8s des violences \u00e0 Valence\",\"datePublished\":\"2021-05-01T18:45:13+00:00\",\"dateModified\":\"2021-05-01T18:45:19+00:00\",\"mainEntityOfPage\":{\"@id\":\"https:\\\/\\\/favorite-news.com\\\/fr\\\/des-crs-deployes-apres-des-violences-a-valence\\\/\"},\"wordCount\":463,\"commentCount\":0,\"image\":{\"@id\":\"https:\\\/\\\/favorite-news.com\\\/fr\\\/des-crs-deployes-apres-des-violences-a-valence\\\/#primaryimage\"},\"thumbnailUrl\":\"https:\\\/\\\/favorite-news.com\\\/fr\\\/wp-content\\\/uploads\\\/sites\\\/12\\\/2021\\\/05\\\/Des-CRS-deployes-apres-des-violences-a-Valence.jpg\",\"articleSection\":[\"NOUVELLES\"],\"inLanguage\":\"fr-FR\",\"potentialAction\":[{\"@type\":\"CommentAction\",\"name\":\"Comment\",\"target\":[\"https:\\\/\\\/favorite-news.com\\\/fr\\\/des-crs-deployes-apres-des-violences-a-valence\\\/#respond\"]}]},{\"@type\":\"WebPage\",\"@id\":\"https:\\\/\\\/favorite-news.com\\\/fr\\\/des-crs-deployes-apres-des-violences-a-valence\\\/\",\"url\":\"https:\\\/\\\/favorite-news.com\\\/fr\\\/des-crs-deployes-apres-des-violences-a-valence\\\/\",\"name\":\"Des CRS d\u00e9ploy\u00e9s apr\u00e8s des violences \u00e0 Valence - Favorite News\",\"isPartOf\":{\"@id\":\"https:\\\/\\\/favorite-news.com\\\/fr\\\/#website\"},\"primaryImageOfPage\":{\"@id\":\"https:\\\/\\\/favorite-news.com\\\/fr\\\/des-crs-deployes-apres-des-violences-a-valence\\\/#primaryimage\"},\"image\":{\"@id\":\"https:\\\/\\\/favorite-news.com\\\/fr\\\/des-crs-deployes-apres-des-violences-a-valence\\\/#primaryimage\"},\"thumbnailUrl\":\"https:\\\/\\\/favorite-news.com\\\/fr\\\/wp-content\\\/uploads\\\/sites\\\/12\\\/2021\\\/05\\\/Des-CRS-deployes-apres-des-violences-a-Valence.jpg\",\"datePublished\":\"2021-05-01T18:45:13+00:00\",\"dateModified\":\"2021-05-01T18:45:19+00:00\",\"author\":{\"@id\":\"https:\\\/\\\/favorite-news.com\\\/fr\\\/#\\\/schema\\\/person\\\/b66c4cfdd10a5bf16d7d5efda647111f\"},\"breadcrumb\":{\"@id\":\"https:\\\/\\\/favorite-news.com\\\/fr\\\/des-crs-deployes-apres-des-violences-a-valence\\\/#breadcrumb\"},\"inLanguage\":\"fr-FR\",\"potentialAction\":[{\"@type\":\"ReadAction\",\"target\":[\"https:\\\/\\\/favorite-news.com\\\/fr\\\/des-crs-deployes-apres-des-violences-a-valence\\\/\"]}]},{\"@type\":\"ImageObject\",\"inLanguage\":\"fr-FR\",\"@id\":\"https:\\\/\\\/favorite-news.com\\\/fr\\\/des-crs-deployes-apres-des-violences-a-valence\\\/#primaryimage\",\"url\":\"https:\\\/\\\/favorite-news.com\\\/fr\\\/wp-content\\\/uploads\\\/sites\\\/12\\\/2021\\\/05\\\/Des-CRS-deployes-apres-des-violences-a-Valence.jpg\",\"contentUrl\":\"https:\\\/\\\/favorite-news.com\\\/fr\\\/wp-content\\\/uploads\\\/sites\\\/12\\\/2021\\\/05\\\/Des-CRS-deployes-apres-des-violences-a-Valence.jpg\",\"width\":648,\"height\":360,\"caption\":\"Des CRS d\u00e9ploy\u00e9s apr\u00e8s des violences \u00e0 Valence\"},{\"@type\":\"BreadcrumbList\",\"@id\":\"https:\\\/\\\/favorite-news.com\\\/fr\\\/des-crs-deployes-apres-des-violences-a-valence\\\/#breadcrumb\",\"itemListElement\":[{\"@type\":\"ListItem\",\"position\":1,\"name\":\"Home\",\"item\":\"https:\\\/\\\/favorite-news.com\\\/fr\\\/\"},{\"@type\":\"ListItem\",\"position\":2,\"name\":\"Des CRS d\u00e9ploy\u00e9s apr\u00e8s des violences \u00e0 Valence\"}]},{\"@type\":\"WebSite\",\"@id\":\"https:\\\/\\\/favorite-news.com\\\/fr\\\/#website\",\"url\":\"https:\\\/\\\/favorite-news.com\\\/fr\\\/\",\"name\":\"Favorite News\",\"description\":\"Favorite News France\",\"potentialAction\":[{\"@type\":\"SearchAction\",\"target\":{\"@type\":\"EntryPoint\",\"urlTemplate\":\"https:\\\/\\\/favorite-news.com\\\/fr\\\/?s={search_term_string}\"},\"query-input\":{\"@type\":\"PropertyValueSpecification\",\"valueRequired\":true,\"valueName\":\"search_term_string\"}}],\"inLanguage\":\"fr-FR\"},{\"@type\":\"Person\",\"@id\":\"https:\\\/\\\/favorite-news.com\\\/fr\\\/#\\\/schema\\\/person\\\/b66c4cfdd10a5bf16d7d5efda647111f\",\"name\":\"favorite-news\",\"image\":{\"@type\":\"ImageObject\",\"inLanguage\":\"fr-FR\",\"@id\":\"https:\\\/\\\/secure.gravatar.com\\\/avatar\\\/f89959e01423a9ee3c2debbcf830eb021c575de0e1b3781ca3ae392b71c615a1?s=96&d=mm&r=g\",\"url\":\"https:\\\/\\\/secure.gravatar.com\\\/avatar\\\/f89959e01423a9ee3c2debbcf830eb021c575de0e1b3781ca3ae392b71c615a1?s=96&d=mm&r=g\",\"contentUrl\":\"https:\\\/\\\/secure.gravatar.com\\\/avatar\\\/f89959e01423a9ee3c2debbcf830eb021c575de0e1b3781ca3ae392b71c615a1?s=96&d=mm&r=g\",\"caption\":\"favorite-news\"},\"url\":\"https:\\\/\\\/favorite-news.com\\\/fr\\\/author\\\/ruby\\\/\"}]}<\/script>\n<!-- \/ Yoast SEO plugin. -->","yoast_head_json":{"title":"Des CRS d\u00e9ploy\u00e9s apr\u00e8s des violences \u00e0 Valence - Favorite News","robots":{"index":"index","follow":"follow","max-snippet":"max-snippet:-1","max-image-preview":"max-image-preview:large","max-video-preview":"max-video-preview:-1"},"canonical":"https:\/\/favorite-news.com\/fr\/des-crs-deployes-apres-des-violences-a-valence\/","og_locale":"fr_FR","og_type":"article","og_title":"Des CRS d\u00e9ploy\u00e9s apr\u00e8s des violences \u00e0 Valence - Favorite News","og_description":"Un fourgon de CRS. (Illustration) \u2014 Cl\u00e9ment Follain \/ 20 Minutes Des coups de feu ont \u00e9t\u00e9 tir\u00e9s vendredi. Alors ce samedi soir, plusieurs dizaines de CRS seront d\u00e9ploy\u00e9es dans le quartier sensible de Fontbarlettes \u00e0 Valence apr\u00e8s des &#13; violences nocturnes survenues\u00a0entre jeunes sur fond de trafic de stup\u00e9fiants, a indiqu\u00e9 la pr\u00e9fecture de [&hellip;]","og_url":"https:\/\/favorite-news.com\/fr\/des-crs-deployes-apres-des-violences-a-valence\/","og_site_name":"Favorite News","article_published_time":"2021-05-01T18:45:13+00:00","article_modified_time":"2021-05-01T18:45:19+00:00","og_image":[{"width":648,"height":360,"url":"https:\/\/favorite-news.com\/fr\/wp-content\/uploads\/sites\/12\/2021\/05\/Des-CRS-deployes-apres-des-violences-a-Valence.jpg","type":"image\/jpeg"}],"author":"favorite-news","twitter_card":"summary_large_image","twitter_misc":{"\u00c9crit par":"favorite-news","Dur\u00e9e de lecture estim\u00e9e":"2 minutes"},"schema":{"@context":"https:\/\/schema.org","@graph":[{"@type":"Article","@id":"https:\/\/favorite-news.com\/fr\/des-crs-deployes-apres-des-violences-a-valence\/#article","isPartOf":{"@id":"https:\/\/favorite-news.com\/fr\/des-crs-deployes-apres-des-violences-a-valence\/"},"author":{"name":"favorite-news","@id":"https:\/\/favorite-news.com\/fr\/#\/schema\/person\/b66c4cfdd10a5bf16d7d5efda647111f"},"headline":"Des CRS d\u00e9ploy\u00e9s apr\u00e8s des violences \u00e0 Valence","datePublished":"2021-05-01T18:45:13+00:00","dateModified":"2021-05-01T18:45:19+00:00","mainEntityOfPage":{"@id":"https:\/\/favorite-news.com\/fr\/des-crs-deployes-apres-des-violences-a-valence\/"},"wordCount":463,"commentCount":0,"image":{"@id":"https:\/\/favorite-news.com\/fr\/des-crs-deployes-apres-des-violences-a-valence\/#primaryimage"},"thumbnailUrl":"https:\/\/favorite-news.com\/fr\/wp-content\/uploads\/sites\/12\/2021\/05\/Des-CRS-deployes-apres-des-violences-a-Valence.jpg","articleSection":["NOUVELLES"],"inLanguage":"fr-FR","potentialAction":[{"@type":"CommentAction","name":"Comment","target":["https:\/\/favorite-news.com\/fr\/des-crs-deployes-apres-des-violences-a-valence\/#respond"]}]},{"@type":"WebPage","@id":"https:\/\/favorite-news.com\/fr\/des-crs-deployes-apres-des-violences-a-valence\/","url":"https:\/\/favorite-news.com\/fr\/des-crs-deployes-apres-des-violences-a-valence\/","name":"Des CRS d\u00e9ploy\u00e9s apr\u00e8s des violences \u00e0 Valence - Favorite News","isPartOf":{"@id":"https:\/\/favorite-news.com\/fr\/#website"},"primaryImageOfPage":{"@id":"https:\/\/favorite-news.com\/fr\/des-crs-deployes-apres-des-violences-a-valence\/#primaryimage"},"image":{"@id":"https:\/\/favorite-news.com\/fr\/des-crs-deployes-apres-des-violences-a-valence\/#primaryimage"},"thumbnailUrl":"https:\/\/favorite-news.com\/fr\/wp-content\/uploads\/sites\/12\/2021\/05\/Des-CRS-deployes-apres-des-violences-a-Valence.jpg","datePublished":"2021-05-01T18:45:13+00:00","dateModified":"2021-05-01T18:45:19+00:00","author":{"@id":"https:\/\/favorite-news.com\/fr\/#\/schema\/person\/b66c4cfdd10a5bf16d7d5efda647111f"},"breadcrumb":{"@id":"https:\/\/favorite-news.com\/fr\/des-crs-deployes-apres-des-violences-a-valence\/#breadcrumb"},"inLanguage":"fr-FR","potentialAction":[{"@type":"ReadAction","target":["https:\/\/favorite-news.com\/fr\/des-crs-deployes-apres-des-violences-a-valence\/"]}]},{"@type":"ImageObject","inLanguage":"fr-FR","@id":"https:\/\/favorite-news.com\/fr\/des-crs-deployes-apres-des-violences-a-valence\/#primaryimage","url":"https:\/\/favorite-news.com\/fr\/wp-content\/uploads\/sites\/12\/2021\/05\/Des-CRS-deployes-apres-des-violences-a-Valence.jpg","contentUrl":"https:\/\/favorite-news.com\/fr\/wp-content\/uploads\/sites\/12\/2021\/05\/Des-CRS-deployes-apres-des-violences-a-Valence.jpg","width":648,"height":360,"caption":"Des CRS d\u00e9ploy\u00e9s apr\u00e8s des violences \u00e0 Valence"},{"@type":"BreadcrumbList","@id":"https:\/\/favorite-news.com\/fr\/des-crs-deployes-apres-des-violences-a-valence\/#breadcrumb","itemListElement":[{"@type":"ListItem","position":1,"name":"Home","item":"https:\/\/favorite-news.com\/fr\/"},{"@type":"ListItem","position":2,"name":"Des CRS d\u00e9ploy\u00e9s apr\u00e8s des violences \u00e0 Valence"}]},{"@type":"WebSite","@id":"https:\/\/favorite-news.com\/fr\/#website","url":"https:\/\/favorite-news.com\/fr\/","name":"Favorite News","description":"Favorite News France","potentialAction":[{"@type":"SearchAction","target":{"@type":"EntryPoint","urlTemplate":"https:\/\/favorite-news.com\/fr\/?s={search_term_string}"},"query-input":{"@type":"PropertyValueSpecification","valueRequired":true,"valueName":"search_term_string"}}],"inLanguage":"fr-FR"},{"@type":"Person","@id":"https:\/\/favorite-news.com\/fr\/#\/schema\/person\/b66c4cfdd10a5bf16d7d5efda647111f","name":"favorite-news","image":{"@type":"ImageObject","inLanguage":"fr-FR","@id":"https:\/\/secure.gravatar.com\/avatar\/f89959e01423a9ee3c2debbcf830eb021c575de0e1b3781ca3ae392b71c615a1?s=96&d=mm&r=g","url":"https:\/\/secure.gravatar.com\/avatar\/f89959e01423a9ee3c2debbcf830eb021c575de0e1b3781ca3ae392b71c615a1?s=96&d=mm&r=g","contentUrl":"https:\/\/secure.gravatar.com\/avatar\/f89959e01423a9ee3c2debbcf830eb021c575de0e1b3781ca3ae392b71c615a1?s=96&d=mm&r=g","caption":"favorite-news"},"url":"https:\/\/favorite-news.com\/fr\/author\/ruby\/"}]}},"_links":{"self":[{"href":"https:\/\/favorite-news.com\/fr\/wp-json\/wp\/v2\/posts\/1339","targetHints":{"allow":["GET"]}}],"collection":[{"href":"https:\/\/favorite-news.com\/fr\/wp-json\/wp\/v2\/posts"}],"about":[{"href":"https:\/\/favorite-news.com\/fr\/wp-json\/wp\/v2\/types\/post"}],"author":[{"embeddable":true,"href":"https:\/\/favorite-news.com\/fr\/wp-json\/wp\/v2\/users\/1"}],"replies":[{"embeddable":true,"href":"https:\/\/favorite-news.com\/fr\/wp-json\/wp\/v2\/comments?post=1339"}],"version-history":[{"count":1,"href":"https:\/\/favorite-news.com\/fr\/wp-json\/wp\/v2\/posts\/1339\/revisions"}],"predecessor-version":[{"id":1341,"href":"https:\/\/favorite-news.com\/fr\/wp-json\/wp\/v2\/posts\/1339\/revisions\/1341"}],"wp:featuredmedia":[{"embeddable":true,"href":"https:\/\/favorite-news.com\/fr\/wp-json\/wp\/v2\/media\/1340"}],"wp:attachment":[{"href":"https:\/\/favorite-news.com\/fr\/wp-json\/wp\/v2\/media?parent=1339"}],"wp:term":[{"taxonomy":"category","embeddable":true,"href":"https:\/\/favorite-news.com\/fr\/wp-json\/wp\/v2\/categories?post=1339"},{"taxonomy":"post_tag","embeddable":true,"href":"https:\/\/favorite-news.com\/fr\/wp-json\/wp\/v2\/tags?post=1339"}],"curies":[{"name":"wp","href":"https:\/\/api.w.org\/{rel}","templated":true}]}}