{"id":1333,"date":"2021-04-30T17:55:39","date_gmt":"2021-04-30T17:55:39","guid":{"rendered":"https:\/\/favorite-news.com\/fr\/emmanuel-macron-presentera-vendredi-les-perspectives-du-deconfinement\/"},"modified":"2021-04-30T17:55:44","modified_gmt":"2021-04-30T17:55:44","slug":"emmanuel-macron-presentera-vendredi-les-perspectives-du-deconfinement","status":"publish","type":"post","link":"https:\/\/favorite-news.com\/fr\/emmanuel-macron-presentera-vendredi-les-perspectives-du-deconfinement\/","title":{"rendered":"Emmanuel Macron pr\u00e9sentera vendredi \u00ab\u00a0les perspectives\u00a0\u00bb du d\u00e9confinement"},"content":{"rendered":"<p>                Lors d&rsquo;une visite d&rsquo;Emmanuel Macron dans un centre de la S\u00e9curit\u00e9 sociale \u00e0 Cr\u00e9teil.  \u2014 LUDOVIC MARIN \/ AFP \/ POOL<br \/>\n            Pr\u00e8s d\u2019un mois apr\u00e8s la mise en place des mesures de restrictions\u00a0pour freiner l\u2019\u00e9pid\u00e9mie de &#13;<br \/>\ncoronavirus, Emmanuel Macron s\u2019adressera aux Fran\u00e7ais, vendredi, pour pr\u00e9senter \u00ab\u00a0les perspectives\u00a0\u00bb de \u00ab\u00a0sortie progressive\u00a0\u00bb, des mesures de restrictions impos\u00e9es contre le Covid-19 dans un entretien publi\u00e9 vendredi matin par la presse quotidienne r\u00e9gionale, a-t-on appris ce mercredi soir aupr\u00e8s de plusieurs m\u00e9dias r\u00e9gionaux.<\/p>\n<p>Le chef de l\u2019Etat a choisi de s\u2019exprimer dans ces quotidiens et non \u00e0 l\u2019occasion d\u2019une allocution t\u00e9l\u00e9vis\u00e9e comme il l\u2019a fait \u00e0 plusieurs reprises depuis le d\u00e9but de la crise. La publication de cet entretien a notamment \u00e9t\u00e9 annonc\u00e9e par Le Midi Libre, qui indique sur son site que \u00ab\u00a0le pr\u00e9sident Macron expliquera sa strat\u00e9gie de d\u00e9confinement dans une interview publi\u00e9e vendredi par toute la presse r\u00e9gionale\u00a0\u00bb, comme l\u2019ont confirm\u00e9 plusieurs sources m\u00e9diatiques.<\/p>\n<p>Une \u00ab\u00a0tendance \u00e0 la baisse\u00a0\u00bb<\/p>\n<p>Le Premier ministre Jean Castex avait annonc\u00e9 \u00e0 la mi-journ\u00e9e, \u00e0 l\u2019issue du Conseil des ministres et du conseil de d\u00e9fense sanitaire, qu\u2019Emmanuel Macron dresserait \u00ab\u00a0les perspectives\u00a0\u00bb de la sortie du d\u00e9confinement, qui d\u00e9butera le 3\u00a0mai avec la lev\u00e9e des restrictions de circulation.<\/p>\n<p>Il a expliqu\u00e9 que la situation \u00e9pid\u00e9mique continuait \u00ab\u00a0de s\u2019am\u00e9liorer \u00e0 un rythme r\u00e9gulier\u00a0:\u00a0le nombre de cas quotidiens est pass\u00e9 en moyenne hebdomadaire de 38.000 cas au plus haut de cette troisi\u00e8me vague \u00e0 26.200 tr\u00e8s pr\u00e9cis\u00e9ment sur les sept derniers jours\u00a0\u00bb.\u00a0Le taux de reproduction (R) du virus, indicateur cl\u00e9 correspondant au nombre de personnes infect\u00e9es pour un seul malade, a baiss\u00e9 \u00e0 0,89 mardi, selon lui.<\/p>\n<p>\u00ab\u00a0Cela veut dire que le niveau de circulation reste \u00e9lev\u00e9\u00a0\u00bb mais que \u00ab\u00a0nous voyons une tendance \u00e0 la baisse, qui est plus lente qu\u2019en novembre\u00a0\u00bb et dont l\u2019impact sur les hospitalisations \u00ab\u00a0ne se traduit encore que tr\u00e8s timidement dans l\u2019\u00e9volution du nombre de malades en r\u00e9animation\u00a0\u00bb, a-t-il r\u00e9sum\u00e9. Selon lui, la campagne de vaccination \u00ab\u00a0avance \u00e0 un tr\u00e8s bon rythme avec 469.000 personnes vaccin\u00e9es sur la seule journ\u00e9e d\u2019hier\u00a0\u00bb. \u00ab\u00a0L\u2019objectif d\u2019atteindre 15\u00a0millions de personnes primo-vaccin\u00e9es d\u2019ici la fin de cette semaine et les 20\u00a0millions \u00e0 la mi-mai est tout \u00e0 fait \u00e0 notre port\u00e9e\u00a0\u00bb, a-t-il ajout\u00e9, en pr\u00e9cisant que \u00ab\u00a060\u00a0% des personnes ayant plus de 60 ans auront \u00e9t\u00e9 vaccin\u00e9es en premi\u00e8re injection\u00a0\u00bb mercredi soir.<\/p>\n<p>\u00ab\u00a0Un devoir de vigilance sanitaire\u00a0\u00bb<\/p>\n<p>Au cours du Conseil des ministres, le gouvernement a examin\u00e9 le projet de loi de sortie de l\u2019\u00e9tat d\u2019urgence sanitaire le 2\u00a0juin, qui lui permet toutefois de conserver des comp\u00e9tences jusqu\u2019au 31\u00a0octobre sur la circulation des personnes ou la fermeture de magasins si les conditions sanitaires l\u2019exigent. A partir de juin, \u00ab\u00a0la situation (\u2026) ne sera plus celle de l\u2019\u00e9tat d\u2019urgence sanitaire\u00a0\u00bb mais la future loi \u00ab\u00a0devra nous permettre de r\u00e9pondre \u00e0 un devoir de vigilance sanitaire\u00a0\u00bb en donnant \u00ab\u00a0la capacit\u00e9 d\u2019une r\u00e9action rapide en cas de nouvelle acc\u00e9l\u00e9ration de l\u2019\u00e9pid\u00e9mie, soit \u00e0 l\u2019\u00e9chelle du pays, soit \u00e0 celle d\u2019un territoire particulier\u00a0\u00bb, a expliqu\u00e9 Jean Castex.<\/p>\n<p>L\u2019examen de ce texte, qui doit permettre de sortir de ce r\u00e9gime d\u2019exception prorog\u00e9 en f\u00e9vrier par le Parlement jusqu\u2019au 1er\u00a0juin, \u00ab\u00a0pourra d\u00e9buter d\u00e8s la semaine prochaine au Parlement\u00a0\u00bb, a affirm\u00e9 le Premier ministre Jean Castex lors d\u2019un point presse \u00e0 l\u2019issue du Conseil des ministres. \u00ab\u00a0La perspective d\u2019un retour progressif \u00e0 une vie plus normale doit nous amener \u00e0 revoir nos outils juridiques et \u00e0 les adapter \u00e0 une situation qui, \u00e0 compter du mois de juin prochain, ne sera plus celle de l\u2019\u00e9tat d\u2019urgence sanitaire, mais devra nous permettre de r\u00e9pondre \u00e0 ce que j\u2019appellerais un devoir de vigilance sanitaire\u00a0\u00bb, a-t-il pr\u00e9cis\u00e9.<\/p>\n<p>Fronti\u00e8res, tests, couvre-feu<\/p>\n<p>Il pourra ainsi \u00ab\u00a0r\u00e9glementer ou, dans certaines parties du territoire dans lesquelles est constat\u00e9e une circulation active du virus, interdire la circulation des personnes et des v\u00e9hicules (\u2026) sous r\u00e9serve des d\u00e9placements strictement indispensables aux besoins familiaux, professionnels et de sant\u00e9\u00a0\u00bb, comme il l\u2019a fait lors du confinement actuel. Le chef du gouvernement pourra \u00e9galement imposer \u00ab\u00a0des tests obligatoires pour le franchissement des fronti\u00e8res\u00a0\u00bb, voire \u00ab\u00a0un justificatif de l\u2019administration d\u2019un vaccin contre la Covid-19 ou un document attestant (du) r\u00e9tablissement\u00a0\u00bb de la personne qui a \u00e9t\u00e9 contamin\u00e9e par le virus.<\/p>\n<p>Si un rebond de l\u2019\u00e9pid\u00e9mie le justifie \u00e0 nouveau, le Premier ministre aura \u00e9galement la possibilit\u00e9 de \u00ab\u00a0r\u00e9glementer l\u2019ouverture au public\u00a0\u00bb des lieux comme les restaurants, commerces ou salles de spectacle \u00ab\u00a0en garantissant l\u2019acc\u00e8s des personnes aux biens et services de premi\u00e8re n\u00e9cessit\u00e9\u00a0\u00bb, pr\u00e9cise le texte. Concernant le couvre-feu, qui n\u2019est pas mentionn\u00e9 explicitement, le projet de loi accorde au chef du gouvernement la comp\u00e9tence de \u00ab\u00a0r\u00e9glementer les rassemblements de personnes, les r\u00e9unions et les activit\u00e9s sur la voie publique et dans les lieux ouverts au public\u00a0\u00bb.<\/p>\n<p>            Une faute\u00a0?<\/p>\n<p>                2,1K<\/p>\n<p>            partages<\/p>\n<p>\n<!--noindex--><br \/>\n<a href=\"https:\/\/www.20minutes.fr\/politique\/3031075-20210428-coronavirus-emmanuel-macron-presentera-vendredi-perspectives-deconfinement#xtor=RSS-149\" rel=\"nofollow\">Source link <\/a><br \/>\n<!--\/noindex--><\/p>\n","protected":false},"excerpt":{"rendered":"<p>Lors d&rsquo;une visite d&rsquo;Emmanuel Macron dans un centre de la S\u00e9curit\u00e9 sociale \u00e0 Cr\u00e9teil. \u2014 LUDOVIC MARIN \/ AFP \/ POOL Pr\u00e8s d\u2019un mois apr\u00e8s la mise en place des mesures de restrictions\u00a0pour freiner l\u2019\u00e9pid\u00e9mie de &#13; coronavirus, Emmanuel Macron s\u2019adressera aux Fran\u00e7ais, vendredi, pour pr\u00e9senter \u00ab\u00a0les perspectives\u00a0\u00bb de \u00ab\u00a0sortie progressive\u00a0\u00bb, des mesures de restrictions [&hellip;]<\/p>\n","protected":false},"author":1,"featured_media":1334,"comment_status":"open","ping_status":"open","sticky":false,"template":"","format":"standard","meta":{"footnotes":""},"categories":[1],"tags":[],"class_list":["post-1333","post","type-post","status-publish","format-standard","has-post-thumbnail","hentry","category-nouvelles"],"yoast_head":"<!-- This site is optimized with the Yoast SEO plugin v27.4 - https:\/\/yoast.com\/product\/yoast-seo-wordpress\/ -->\n<title>Emmanuel Macron pr\u00e9sentera vendredi \u00ab\u00a0les perspectives\u00a0\u00bb du d\u00e9confinement - Favorite News<\/title>\n<meta name=\"robots\" content=\"index, follow, max-snippet:-1, max-image-preview:large, max-video-preview:-1\" \/>\n<link rel=\"canonical\" href=\"https:\/\/favorite-news.com\/fr\/emmanuel-macron-presentera-vendredi-les-perspectives-du-deconfinement\/\" \/>\n<meta property=\"og:locale\" content=\"fr_FR\" \/>\n<meta property=\"og:type\" content=\"article\" \/>\n<meta property=\"og:title\" content=\"Emmanuel Macron pr\u00e9sentera vendredi \u00ab\u00a0les perspectives\u00a0\u00bb du d\u00e9confinement - Favorite News\" \/>\n<meta property=\"og:description\" content=\"Lors d&rsquo;une visite d&rsquo;Emmanuel Macron dans un centre de la S\u00e9curit\u00e9 sociale \u00e0 Cr\u00e9teil. \u2014 LUDOVIC MARIN \/ AFP \/ POOL Pr\u00e8s d\u2019un mois apr\u00e8s la mise en place des mesures de restrictions\u00a0pour freiner l\u2019\u00e9pid\u00e9mie de &#013; coronavirus, Emmanuel Macron s\u2019adressera aux Fran\u00e7ais, vendredi, pour pr\u00e9senter \u00ab\u00a0les perspectives\u00a0\u00bb de \u00ab\u00a0sortie progressive\u00a0\u00bb, des mesures de restrictions [&hellip;]\" \/>\n<meta property=\"og:url\" content=\"https:\/\/favorite-news.com\/fr\/emmanuel-macron-presentera-vendredi-les-perspectives-du-deconfinement\/\" \/>\n<meta property=\"og:site_name\" content=\"Favorite News\" \/>\n<meta property=\"article:published_time\" content=\"2021-04-30T17:55:39+00:00\" \/>\n<meta property=\"article:modified_time\" content=\"2021-04-30T17:55:44+00:00\" \/>\n<meta property=\"og:image\" content=\"https:\/\/favorite-news.com\/fr\/wp-content\/uploads\/sites\/12\/2021\/04\/Emmanuel-Macron-presentera-vendredi-les-perspectives-du-deconfinement.jpg\" \/>\n\t<meta property=\"og:image:width\" content=\"648\" \/>\n\t<meta property=\"og:image:height\" content=\"360\" \/>\n\t<meta property=\"og:image:type\" content=\"image\/jpeg\" \/>\n<meta name=\"author\" content=\"favorite-news\" \/>\n<meta name=\"twitter:card\" content=\"summary_large_image\" \/>\n<meta name=\"twitter:label1\" content=\"\u00c9crit par\" \/>\n\t<meta name=\"twitter:data1\" content=\"favorite-news\" \/>\n\t<meta name=\"twitter:label2\" content=\"Dur\u00e9e de lecture estim\u00e9e\" \/>\n\t<meta name=\"twitter:data2\" content=\"4 minutes\" \/>\n<script type=\"application\/ld+json\" class=\"yoast-schema-graph\">{\"@context\":\"https:\\\/\\\/schema.org\",\"@graph\":[{\"@type\":\"Article\",\"@id\":\"https:\\\/\\\/favorite-news.com\\\/fr\\\/emmanuel-macron-presentera-vendredi-les-perspectives-du-deconfinement\\\/#article\",\"isPartOf\":{\"@id\":\"https:\\\/\\\/favorite-news.com\\\/fr\\\/emmanuel-macron-presentera-vendredi-les-perspectives-du-deconfinement\\\/\"},\"author\":{\"name\":\"favorite-news\",\"@id\":\"https:\\\/\\\/favorite-news.com\\\/fr\\\/#\\\/schema\\\/person\\\/b66c4cfdd10a5bf16d7d5efda647111f\"},\"headline\":\"Emmanuel Macron pr\u00e9sentera vendredi \u00ab\u00a0les perspectives\u00a0\u00bb du d\u00e9confinement\",\"datePublished\":\"2021-04-30T17:55:39+00:00\",\"dateModified\":\"2021-04-30T17:55:44+00:00\",\"mainEntityOfPage\":{\"@id\":\"https:\\\/\\\/favorite-news.com\\\/fr\\\/emmanuel-macron-presentera-vendredi-les-perspectives-du-deconfinement\\\/\"},\"wordCount\":887,\"commentCount\":0,\"image\":{\"@id\":\"https:\\\/\\\/favorite-news.com\\\/fr\\\/emmanuel-macron-presentera-vendredi-les-perspectives-du-deconfinement\\\/#primaryimage\"},\"thumbnailUrl\":\"https:\\\/\\\/favorite-news.com\\\/fr\\\/wp-content\\\/uploads\\\/sites\\\/12\\\/2021\\\/04\\\/Emmanuel-Macron-presentera-vendredi-les-perspectives-du-deconfinement.jpg\",\"articleSection\":[\"NOUVELLES\"],\"inLanguage\":\"fr-FR\",\"potentialAction\":[{\"@type\":\"CommentAction\",\"name\":\"Comment\",\"target\":[\"https:\\\/\\\/favorite-news.com\\\/fr\\\/emmanuel-macron-presentera-vendredi-les-perspectives-du-deconfinement\\\/#respond\"]}]},{\"@type\":\"WebPage\",\"@id\":\"https:\\\/\\\/favorite-news.com\\\/fr\\\/emmanuel-macron-presentera-vendredi-les-perspectives-du-deconfinement\\\/\",\"url\":\"https:\\\/\\\/favorite-news.com\\\/fr\\\/emmanuel-macron-presentera-vendredi-les-perspectives-du-deconfinement\\\/\",\"name\":\"Emmanuel Macron pr\u00e9sentera vendredi \u00ab\u00a0les perspectives\u00a0\u00bb du d\u00e9confinement - Favorite News\",\"isPartOf\":{\"@id\":\"https:\\\/\\\/favorite-news.com\\\/fr\\\/#website\"},\"primaryImageOfPage\":{\"@id\":\"https:\\\/\\\/favorite-news.com\\\/fr\\\/emmanuel-macron-presentera-vendredi-les-perspectives-du-deconfinement\\\/#primaryimage\"},\"image\":{\"@id\":\"https:\\\/\\\/favorite-news.com\\\/fr\\\/emmanuel-macron-presentera-vendredi-les-perspectives-du-deconfinement\\\/#primaryimage\"},\"thumbnailUrl\":\"https:\\\/\\\/favorite-news.com\\\/fr\\\/wp-content\\\/uploads\\\/sites\\\/12\\\/2021\\\/04\\\/Emmanuel-Macron-presentera-vendredi-les-perspectives-du-deconfinement.jpg\",\"datePublished\":\"2021-04-30T17:55:39+00:00\",\"dateModified\":\"2021-04-30T17:55:44+00:00\",\"author\":{\"@id\":\"https:\\\/\\\/favorite-news.com\\\/fr\\\/#\\\/schema\\\/person\\\/b66c4cfdd10a5bf16d7d5efda647111f\"},\"breadcrumb\":{\"@id\":\"https:\\\/\\\/favorite-news.com\\\/fr\\\/emmanuel-macron-presentera-vendredi-les-perspectives-du-deconfinement\\\/#breadcrumb\"},\"inLanguage\":\"fr-FR\",\"potentialAction\":[{\"@type\":\"ReadAction\",\"target\":[\"https:\\\/\\\/favorite-news.com\\\/fr\\\/emmanuel-macron-presentera-vendredi-les-perspectives-du-deconfinement\\\/\"]}]},{\"@type\":\"ImageObject\",\"inLanguage\":\"fr-FR\",\"@id\":\"https:\\\/\\\/favorite-news.com\\\/fr\\\/emmanuel-macron-presentera-vendredi-les-perspectives-du-deconfinement\\\/#primaryimage\",\"url\":\"https:\\\/\\\/favorite-news.com\\\/fr\\\/wp-content\\\/uploads\\\/sites\\\/12\\\/2021\\\/04\\\/Emmanuel-Macron-presentera-vendredi-les-perspectives-du-deconfinement.jpg\",\"contentUrl\":\"https:\\\/\\\/favorite-news.com\\\/fr\\\/wp-content\\\/uploads\\\/sites\\\/12\\\/2021\\\/04\\\/Emmanuel-Macron-presentera-vendredi-les-perspectives-du-deconfinement.jpg\",\"width\":648,\"height\":360,\"caption\":\"Emmanuel Macron pr\u00e9sentera vendredi \u00ab\u00a0les perspectives\u00a0\u00bb du d\u00e9confinement\"},{\"@type\":\"BreadcrumbList\",\"@id\":\"https:\\\/\\\/favorite-news.com\\\/fr\\\/emmanuel-macron-presentera-vendredi-les-perspectives-du-deconfinement\\\/#breadcrumb\",\"itemListElement\":[{\"@type\":\"ListItem\",\"position\":1,\"name\":\"Home\",\"item\":\"https:\\\/\\\/favorite-news.com\\\/fr\\\/\"},{\"@type\":\"ListItem\",\"position\":2,\"name\":\"Emmanuel Macron pr\u00e9sentera vendredi \u00ab\u00a0les perspectives\u00a0\u00bb du d\u00e9confinement\"}]},{\"@type\":\"WebSite\",\"@id\":\"https:\\\/\\\/favorite-news.com\\\/fr\\\/#website\",\"url\":\"https:\\\/\\\/favorite-news.com\\\/fr\\\/\",\"name\":\"Favorite News\",\"description\":\"Favorite News France\",\"potentialAction\":[{\"@type\":\"SearchAction\",\"target\":{\"@type\":\"EntryPoint\",\"urlTemplate\":\"https:\\\/\\\/favorite-news.com\\\/fr\\\/?s={search_term_string}\"},\"query-input\":{\"@type\":\"PropertyValueSpecification\",\"valueRequired\":true,\"valueName\":\"search_term_string\"}}],\"inLanguage\":\"fr-FR\"},{\"@type\":\"Person\",\"@id\":\"https:\\\/\\\/favorite-news.com\\\/fr\\\/#\\\/schema\\\/person\\\/b66c4cfdd10a5bf16d7d5efda647111f\",\"name\":\"favorite-news\",\"image\":{\"@type\":\"ImageObject\",\"inLanguage\":\"fr-FR\",\"@id\":\"https:\\\/\\\/secure.gravatar.com\\\/avatar\\\/f89959e01423a9ee3c2debbcf830eb021c575de0e1b3781ca3ae392b71c615a1?s=96&d=mm&r=g\",\"url\":\"https:\\\/\\\/secure.gravatar.com\\\/avatar\\\/f89959e01423a9ee3c2debbcf830eb021c575de0e1b3781ca3ae392b71c615a1?s=96&d=mm&r=g\",\"contentUrl\":\"https:\\\/\\\/secure.gravatar.com\\\/avatar\\\/f89959e01423a9ee3c2debbcf830eb021c575de0e1b3781ca3ae392b71c615a1?s=96&d=mm&r=g\",\"caption\":\"favorite-news\"},\"url\":\"https:\\\/\\\/favorite-news.com\\\/fr\\\/author\\\/ruby\\\/\"}]}<\/script>\n<!-- \/ Yoast SEO plugin. -->","yoast_head_json":{"title":"Emmanuel Macron pr\u00e9sentera vendredi \u00ab\u00a0les perspectives\u00a0\u00bb du d\u00e9confinement - Favorite News","robots":{"index":"index","follow":"follow","max-snippet":"max-snippet:-1","max-image-preview":"max-image-preview:large","max-video-preview":"max-video-preview:-1"},"canonical":"https:\/\/favorite-news.com\/fr\/emmanuel-macron-presentera-vendredi-les-perspectives-du-deconfinement\/","og_locale":"fr_FR","og_type":"article","og_title":"Emmanuel Macron pr\u00e9sentera vendredi \u00ab\u00a0les perspectives\u00a0\u00bb du d\u00e9confinement - Favorite News","og_description":"Lors d&rsquo;une visite d&rsquo;Emmanuel Macron dans un centre de la S\u00e9curit\u00e9 sociale \u00e0 Cr\u00e9teil. \u2014 LUDOVIC MARIN \/ AFP \/ POOL Pr\u00e8s d\u2019un mois apr\u00e8s la mise en place des mesures de restrictions\u00a0pour freiner l\u2019\u00e9pid\u00e9mie de &#13; coronavirus, Emmanuel Macron s\u2019adressera aux Fran\u00e7ais, vendredi, pour pr\u00e9senter \u00ab\u00a0les perspectives\u00a0\u00bb de \u00ab\u00a0sortie progressive\u00a0\u00bb, des mesures de restrictions [&hellip;]","og_url":"https:\/\/favorite-news.com\/fr\/emmanuel-macron-presentera-vendredi-les-perspectives-du-deconfinement\/","og_site_name":"Favorite News","article_published_time":"2021-04-30T17:55:39+00:00","article_modified_time":"2021-04-30T17:55:44+00:00","og_image":[{"width":648,"height":360,"url":"https:\/\/favorite-news.com\/fr\/wp-content\/uploads\/sites\/12\/2021\/04\/Emmanuel-Macron-presentera-vendredi-les-perspectives-du-deconfinement.jpg","type":"image\/jpeg"}],"author":"favorite-news","twitter_card":"summary_large_image","twitter_misc":{"\u00c9crit par":"favorite-news","Dur\u00e9e de lecture estim\u00e9e":"4 minutes"},"schema":{"@context":"https:\/\/schema.org","@graph":[{"@type":"Article","@id":"https:\/\/favorite-news.com\/fr\/emmanuel-macron-presentera-vendredi-les-perspectives-du-deconfinement\/#article","isPartOf":{"@id":"https:\/\/favorite-news.com\/fr\/emmanuel-macron-presentera-vendredi-les-perspectives-du-deconfinement\/"},"author":{"name":"favorite-news","@id":"https:\/\/favorite-news.com\/fr\/#\/schema\/person\/b66c4cfdd10a5bf16d7d5efda647111f"},"headline":"Emmanuel Macron pr\u00e9sentera vendredi \u00ab\u00a0les perspectives\u00a0\u00bb du d\u00e9confinement","datePublished":"2021-04-30T17:55:39+00:00","dateModified":"2021-04-30T17:55:44+00:00","mainEntityOfPage":{"@id":"https:\/\/favorite-news.com\/fr\/emmanuel-macron-presentera-vendredi-les-perspectives-du-deconfinement\/"},"wordCount":887,"commentCount":0,"image":{"@id":"https:\/\/favorite-news.com\/fr\/emmanuel-macron-presentera-vendredi-les-perspectives-du-deconfinement\/#primaryimage"},"thumbnailUrl":"https:\/\/favorite-news.com\/fr\/wp-content\/uploads\/sites\/12\/2021\/04\/Emmanuel-Macron-presentera-vendredi-les-perspectives-du-deconfinement.jpg","articleSection":["NOUVELLES"],"inLanguage":"fr-FR","potentialAction":[{"@type":"CommentAction","name":"Comment","target":["https:\/\/favorite-news.com\/fr\/emmanuel-macron-presentera-vendredi-les-perspectives-du-deconfinement\/#respond"]}]},{"@type":"WebPage","@id":"https:\/\/favorite-news.com\/fr\/emmanuel-macron-presentera-vendredi-les-perspectives-du-deconfinement\/","url":"https:\/\/favorite-news.com\/fr\/emmanuel-macron-presentera-vendredi-les-perspectives-du-deconfinement\/","name":"Emmanuel Macron pr\u00e9sentera vendredi \u00ab\u00a0les perspectives\u00a0\u00bb du d\u00e9confinement - Favorite News","isPartOf":{"@id":"https:\/\/favorite-news.com\/fr\/#website"},"primaryImageOfPage":{"@id":"https:\/\/favorite-news.com\/fr\/emmanuel-macron-presentera-vendredi-les-perspectives-du-deconfinement\/#primaryimage"},"image":{"@id":"https:\/\/favorite-news.com\/fr\/emmanuel-macron-presentera-vendredi-les-perspectives-du-deconfinement\/#primaryimage"},"thumbnailUrl":"https:\/\/favorite-news.com\/fr\/wp-content\/uploads\/sites\/12\/2021\/04\/Emmanuel-Macron-presentera-vendredi-les-perspectives-du-deconfinement.jpg","datePublished":"2021-04-30T17:55:39+00:00","dateModified":"2021-04-30T17:55:44+00:00","author":{"@id":"https:\/\/favorite-news.com\/fr\/#\/schema\/person\/b66c4cfdd10a5bf16d7d5efda647111f"},"breadcrumb":{"@id":"https:\/\/favorite-news.com\/fr\/emmanuel-macron-presentera-vendredi-les-perspectives-du-deconfinement\/#breadcrumb"},"inLanguage":"fr-FR","potentialAction":[{"@type":"ReadAction","target":["https:\/\/favorite-news.com\/fr\/emmanuel-macron-presentera-vendredi-les-perspectives-du-deconfinement\/"]}]},{"@type":"ImageObject","inLanguage":"fr-FR","@id":"https:\/\/favorite-news.com\/fr\/emmanuel-macron-presentera-vendredi-les-perspectives-du-deconfinement\/#primaryimage","url":"https:\/\/favorite-news.com\/fr\/wp-content\/uploads\/sites\/12\/2021\/04\/Emmanuel-Macron-presentera-vendredi-les-perspectives-du-deconfinement.jpg","contentUrl":"https:\/\/favorite-news.com\/fr\/wp-content\/uploads\/sites\/12\/2021\/04\/Emmanuel-Macron-presentera-vendredi-les-perspectives-du-deconfinement.jpg","width":648,"height":360,"caption":"Emmanuel Macron pr\u00e9sentera vendredi \u00ab\u00a0les perspectives\u00a0\u00bb du d\u00e9confinement"},{"@type":"BreadcrumbList","@id":"https:\/\/favorite-news.com\/fr\/emmanuel-macron-presentera-vendredi-les-perspectives-du-deconfinement\/#breadcrumb","itemListElement":[{"@type":"ListItem","position":1,"name":"Home","item":"https:\/\/favorite-news.com\/fr\/"},{"@type":"ListItem","position":2,"name":"Emmanuel Macron pr\u00e9sentera vendredi \u00ab\u00a0les perspectives\u00a0\u00bb du d\u00e9confinement"}]},{"@type":"WebSite","@id":"https:\/\/favorite-news.com\/fr\/#website","url":"https:\/\/favorite-news.com\/fr\/","name":"Favorite News","description":"Favorite News France","potentialAction":[{"@type":"SearchAction","target":{"@type":"EntryPoint","urlTemplate":"https:\/\/favorite-news.com\/fr\/?s={search_term_string}"},"query-input":{"@type":"PropertyValueSpecification","valueRequired":true,"valueName":"search_term_string"}}],"inLanguage":"fr-FR"},{"@type":"Person","@id":"https:\/\/favorite-news.com\/fr\/#\/schema\/person\/b66c4cfdd10a5bf16d7d5efda647111f","name":"favorite-news","image":{"@type":"ImageObject","inLanguage":"fr-FR","@id":"https:\/\/secure.gravatar.com\/avatar\/f89959e01423a9ee3c2debbcf830eb021c575de0e1b3781ca3ae392b71c615a1?s=96&d=mm&r=g","url":"https:\/\/secure.gravatar.com\/avatar\/f89959e01423a9ee3c2debbcf830eb021c575de0e1b3781ca3ae392b71c615a1?s=96&d=mm&r=g","contentUrl":"https:\/\/secure.gravatar.com\/avatar\/f89959e01423a9ee3c2debbcf830eb021c575de0e1b3781ca3ae392b71c615a1?s=96&d=mm&r=g","caption":"favorite-news"},"url":"https:\/\/favorite-news.com\/fr\/author\/ruby\/"}]}},"_links":{"self":[{"href":"https:\/\/favorite-news.com\/fr\/wp-json\/wp\/v2\/posts\/1333","targetHints":{"allow":["GET"]}}],"collection":[{"href":"https:\/\/favorite-news.com\/fr\/wp-json\/wp\/v2\/posts"}],"about":[{"href":"https:\/\/favorite-news.com\/fr\/wp-json\/wp\/v2\/types\/post"}],"author":[{"embeddable":true,"href":"https:\/\/favorite-news.com\/fr\/wp-json\/wp\/v2\/users\/1"}],"replies":[{"embeddable":true,"href":"https:\/\/favorite-news.com\/fr\/wp-json\/wp\/v2\/comments?post=1333"}],"version-history":[{"count":1,"href":"https:\/\/favorite-news.com\/fr\/wp-json\/wp\/v2\/posts\/1333\/revisions"}],"predecessor-version":[{"id":1335,"href":"https:\/\/favorite-news.com\/fr\/wp-json\/wp\/v2\/posts\/1333\/revisions\/1335"}],"wp:featuredmedia":[{"embeddable":true,"href":"https:\/\/favorite-news.com\/fr\/wp-json\/wp\/v2\/media\/1334"}],"wp:attachment":[{"href":"https:\/\/favorite-news.com\/fr\/wp-json\/wp\/v2\/media?parent=1333"}],"wp:term":[{"taxonomy":"category","embeddable":true,"href":"https:\/\/favorite-news.com\/fr\/wp-json\/wp\/v2\/categories?post=1333"},{"taxonomy":"post_tag","embeddable":true,"href":"https:\/\/favorite-news.com\/fr\/wp-json\/wp\/v2\/tags?post=1333"}],"curies":[{"name":"wp","href":"https:\/\/api.w.org\/{rel}","templated":true}]}}