{"id":1327,"date":"2021-04-29T17:47:45","date_gmt":"2021-04-29T17:47:45","guid":{"rendered":"https:\/\/favorite-news.com\/fr\/le-pass-sanitaire-va-t-il-nous-contraindre-a-nous-faire-vacciner\/"},"modified":"2021-04-29T17:47:46","modified_gmt":"2021-04-29T17:47:46","slug":"le-pass-sanitaire-va-t-il-nous-contraindre-a-nous-faire-vacciner","status":"publish","type":"post","link":"https:\/\/favorite-news.com\/fr\/le-pass-sanitaire-va-t-il-nous-contraindre-a-nous-faire-vacciner\/","title":{"rendered":"Le pass sanitaire va-t-il nous contraindre \u00e0 nous faire vacciner ?"},"content":{"rendered":"<p>                Un certificat de vaccination avec un autocollant du vaccin AstraZeneca contre le coronavirus (Covid-19).  \u2014 Ina FASSBENDER \/ AFP<br \/>\n            Si l\u2019on a collectivement int\u00e9r\u00eat \u00e0 se faire vacciner, ce n\u2019est pas toujours\u00a0le cas de fa\u00e7on individuelle. Le pass sanitaire vient apporter un argument suppl\u00e9mentaire \u00e0 nos consid\u00e9rations personnelles.&#13;<br \/>\n\tSi cet outil vient pallier l\u2019absence d\u2019un\u00a0\u00e9lan citoyen\u00a0esp\u00e9r\u00e9 par le gouvernement, il montre aussi l\u2019\u00e9chec de ce dernier \u00e0 convaincre la population\u00a0via des arguments d\u2019ordre m\u00e9dical.&#13;<br \/>\n\tIl faudra cependant prendre garde \u00e0 ce que ce pass ne soit pas mis en place trop rapidement au risque de cr\u00e9er des situations non \u00e9quitables entre les populations ayant pu avoir acc\u00e8s au vaccin et les autres, pr\u00e9viennent les sp\u00e9cialistes.&#13;<\/p>\n<p>Bien que la vaccination\u00a0contre le &#13;<br \/>\ncoronavirus ne soit pas obligatoire aujourd\u2019hui en France, le pass sanitaire risque bien de devenir indispensable pour avoir de nouveau \u00ab\u00a0une vie normale\u00a0\u00bb et des loisirs. Ici, c\u2019est\u00a0l\u2019Union des professionnels solidaires de l\u2019\u00e9v\u00e9nementiel qui\u00a0r\u00e9fl\u00e9chit \u00e0 un tel pass\u00a0 &#13;<br \/>\npour permettre l\u2019organisation de mariage. L\u00e0, ce sont des compagnies a\u00e9riennes qui envisagent de l\u2019imposer pour pouvoir prendre l\u2019avion. Pr\u00e9c\u00e9demment, des repr\u00e9sentants de la restauration y pensaient pour les clients. La piste est \u00e9galement envisag\u00e9e par le gouvernement &#13;<br \/>\npour l\u2019acc\u00e8s aux lieux culturels.<\/p>\n<p>Si un tel pass venait \u00e0 \u00eatre instaur\u00e9 pour acc\u00e9der \u00e0 tous ces loisirs non essentiels, la vie des personnes non vaccin\u00e9es se r\u00e9sumerait globalement \u00e0 celle que nous vivons actuellement en confinement. Un quotidien\u00a0 &#13;<br \/>\npas terrible. Le pass serait-il finalement un moyen d\u00e9tourn\u00e9 de nous contraindre \u00e0 nous vacciner sans nous y obliger\u00a0?<\/p>\n<p>La balance entre le bien collectif et individuel<\/p>\n<p>\u00ab\u00a0Dans la logique de l\u2019action collective, on fait toujours un calcul rationnel entre le bien commun et notre int\u00e9r\u00eat personnel, explique Caroline de Pauw, sociologue sp\u00e9cialiste des sujets de sant\u00e9. Pour le vaccin, m\u00eame si on a tout int\u00e9r\u00eat \u00e0 le faire collectivement, nous n\u2019avons pas tous int\u00e9r\u00eat \u00e0 le faire individuellement.\u00a0\u00bb Il existe en effet aujourd\u2019hui une certaine peur de la population autour d\u2019effets secondaires (pourtant rares) ou\u00a0du manque de recul, qui rend les personnes ayant de faibles chances de d\u00e9velopper des formes graves du &#13;<br \/>\nCovid-19\u00a0moins enclines \u00e0 se faire vacciner.<\/p>\n<p>\u00ab\u00a0Mais un\u00a0pass\u00a0sanitaire obligatoire pour prendre l\u2019avion, aller \u00e0 des spectacles, au restaurant ou pour organiser son mariage, c\u2019est un levier de contrainte qui va faire pencher la balance dans laquelle se trouve d\u2019un c\u00f4t\u00e9\u00a0cet int\u00e9r\u00eat\u00a0collectif et, de l\u2019autre, l\u2019int\u00e9r\u00eat\u00a0personnel\u00a0\u00bb, poursuit la chercheuse associ\u00e9e au Clers\u00e9 (Centre lillois d\u2019\u00e9tudes et de recherches sociologiques et \u00e9conomiques) de l\u2019Universit\u00e9 de Lille. Concr\u00e8tement, puisque nos\u00a0int\u00e9r\u00eats personnels pr\u00e9dominent, on ira plus facilement chercher une dose\u00a0car \u00ab\u00a0nous\u00a0sommes dans une soci\u00e9t\u00e9 plus individualis\u00e9e o\u00f9 l\u2019on fait ses propres choix et o\u00f9 les gens trouvent du sens lorsque cela va dans leur int\u00e9r\u00eat individuel\u00a0\u00bb.<\/p>\n<p>Une telle contrainte \u00e9tait-elle in\u00e9vitable en France\u00a0?<\/p>\n<p>C\u2019est bien possible. En premier lieu parce que de trop nombreux Fran\u00e7ais sont encore dans la logique d\u2019attendre de voir. \u00ab\u00a0On peut avoir tendance \u00e0 se dire que si tous les autres sont vaccin\u00e9s, on n\u2019aura donc pas besoin de le faire. La logique du passager clandestin\u00a0\u00bb, explique B\u00e9n\u00e9dicte Champenois-Rousseau, sociologue sp\u00e9cialiste des questions de sant\u00e9.\u00a0Malin, sauf que cette strat\u00e9gie ne marche pas si tout le monde a la m\u00eame id\u00e9e, ni si le seuil d\u2019immunit\u00e9 collective n\u2019est pas atteint. \u00ab\u00a0Par ailleurs, il n\u2019est pas possible d\u2019avoir ce genre de r\u00e9flexion dans notre situation puisque l\u2019on n\u2019envisage pas de vacciner les enfants, chez qui le virus circule beaucoup. Donc cela ne marche pas\u00a0\u00bb, insiste l\u2019experte.<\/p>\n<p>La sociologue met \u00e9galement en lumi\u00e8re la d\u00e9fiance historique des Fran\u00e7ais vis-\u00e0-vis des vaccins. \u00ab\u00a0Depuis les\u00a0grands\u00a0scandales\u00a0sanitaires des ann\u00e9es 1980, il y a\u00a0une remise en cause de la m\u00e9decine\u00a0malgr\u00e9 le fait que\u00a0celle-ci\u00a0ait fait \u00e9norm\u00e9ment de progr\u00e8s. Il y a \u00e9galement un courant antivaccin en France qui ne facilite pas la t\u00e2che.\u00a0\u00bb Mais au vu de\u00a0la fa\u00e7on dont\u00a0le virus se propage aujourd\u2019hui, pour B\u00e9n\u00e9dicte Champenois-Rousseau, \u00ab\u00a0\u00e0 part vivre sous une cloche, se faire vacciner reste la solution la plus efficace\u00a0\u00bb.<\/p>\n<p>Un aveu d\u2019\u00e9chec<\/p>\n<p>Est-ce donc par la contrainte et non par un \u00e9lan de bienveillance vis-\u00e0-vis des populations les plus fragiles\u00a0que les Fran\u00e7ais finiront tous par se faire vacciner\u00a0?\u00a0Caroline de Pauw note tout de m\u00eame que cette attitude citoyenne a\u00a0\u00e9t\u00e9 particuli\u00e8rement visible \u00ab\u00a0dans l\u2019entourage des personnes en Ehpad ou greff\u00e9es par exemple, qui ont fait volontairement la d\u00e9marche de se faire vacciner pour prot\u00e9ger leurs proches\u00a0\u00bb.<\/p>\n<p>Pour l\u2019experte, se faire vacciner sous\u00a0contrainte est malgr\u00e9 tout \u00ab\u00a0un aveu d\u2019\u00e9chec et d\u2019impuissance du gouvernement\u00a0\u00bb. \u00ab\u00a0Cela signifie qu\u2019il n\u2019a pas r\u00e9ussi \u00e0 convaincre la population par les autres leviers, \u00e0 savoir prot\u00e9ger les autres ou soi-m\u00eame.\u00a0\u00bb La faute, selon elle, \u00e0 une absence de\u00a0culture vaccinale et un manque d\u2019explications. \u00ab\u00a0Les gens ne sont pas irrationnels, ils ont juste besoin que l\u2019on r\u00e9ponde \u00e0 leurs questions et leurs angoisses. Il faut plut\u00f4t travailler autour des freins des personnes qui refusent la vaccination. Sinon, en l\u2019imposant, on risque d\u2019alimenter le discours des complotistes\u00a0\u00bb, avertit-elle.<\/p>\n<p>La question de l\u2019\u00e9thique et de la l\u00e9galit\u00e9<\/p>\n<p>Concernant le pass sanitaire, la question de l\u2019\u00e9thique autour de sa mise en place est soulev\u00e9e par les deux expertes. \u00ab\u00a0L\u2019\u00e9thique repose sur quatre piliers\u00a0:\u00a0la bienveillance, la non-malveillance, l\u2019autonomie et l\u2019\u00e9quit\u00e9, d\u00e9taille\u00a0Caroline de Pauw. On peut se demander si, lorsque l\u2019on contraint les personnes, on respecte leur autonomie.\u00a0\u00bb Quant \u00e0 la question de l\u2019\u00e9quit\u00e9, pour B\u00e9n\u00e9dicte Champenois-Rousseau, \u00ab\u00a0avant la mise en place de ce pass, il faudra bien s\u00fbr en \u00e9tudier les modalit\u00e9s afin qu\u2019il n\u2019y ait pas de privation de chance pour certains\u00a0\u00bb, afin d\u2019\u00e9viter les injustices. \u00ab\u00a0Il faut que la majorit\u00e9 de la population ait\u00a0eu\u00a0acc\u00e8s au vaccin et ait donc\u00a0eu\u00a0la possibilit\u00e9 de l\u2019accepter ou non. Or ce n\u2019est pas le cas aujourd\u2019hui.\u00a0\u00bb<\/p>\n<p>Pour ce qui est de la l\u00e9galit\u00e9, un\u00a0pr\u00e9c\u00e9dent existe en mati\u00e8re de vaccin. Il est en effet obligatoire de faire vacciner son enfant pour l\u2019inscrire \u00e0 la cr\u00e8che ou \u00e0 l\u2019\u00e9cole. Sur ce point, la mise en place du pass sanitaire risque donc d\u2019\u00eatre difficilement contestable.<\/p>\n<p>            Une faute\u00a0?<\/p>\n<p>                240<\/p>\n<p>            partages<\/p>\n<p>\n<!--noindex--><br \/>\n<a href=\"https:\/\/www.20minutes.fr\/sante\/3031307-20210428-coronavirus-pass-sanitaire-va-contraindre-faire-vacciner#xtor=RSS-149\" rel=\"nofollow\">Source link <\/a><br \/>\n<!--\/noindex--><\/p>\n","protected":false},"excerpt":{"rendered":"<p>Un certificat de vaccination avec un autocollant du vaccin AstraZeneca contre le coronavirus (Covid-19). \u2014 Ina FASSBENDER \/ AFP Si l\u2019on a collectivement int\u00e9r\u00eat \u00e0 se faire vacciner, ce n\u2019est pas toujours\u00a0le cas de fa\u00e7on individuelle. Le pass sanitaire vient apporter un argument suppl\u00e9mentaire \u00e0 nos consid\u00e9rations personnelles.&#13; Si cet outil vient pallier l\u2019absence d\u2019un\u00a0\u00e9lan [&hellip;]<\/p>\n","protected":false},"author":1,"featured_media":1328,"comment_status":"open","ping_status":"open","sticky":false,"template":"","format":"standard","meta":{"footnotes":""},"categories":[1],"tags":[],"class_list":["post-1327","post","type-post","status-publish","format-standard","has-post-thumbnail","hentry","category-nouvelles"],"yoast_head":"<!-- This site is optimized with the Yoast SEO plugin v27.4 - https:\/\/yoast.com\/product\/yoast-seo-wordpress\/ -->\n<title>Le pass sanitaire va-t-il nous contraindre \u00e0 nous faire vacciner ? - Favorite News<\/title>\n<meta name=\"robots\" content=\"index, follow, max-snippet:-1, max-image-preview:large, max-video-preview:-1\" \/>\n<link rel=\"canonical\" href=\"https:\/\/favorite-news.com\/fr\/le-pass-sanitaire-va-t-il-nous-contraindre-a-nous-faire-vacciner\/\" \/>\n<meta property=\"og:locale\" content=\"fr_FR\" \/>\n<meta property=\"og:type\" content=\"article\" \/>\n<meta property=\"og:title\" content=\"Le pass sanitaire va-t-il nous contraindre \u00e0 nous faire vacciner ? - Favorite News\" \/>\n<meta property=\"og:description\" content=\"Un certificat de vaccination avec un autocollant du vaccin AstraZeneca contre le coronavirus (Covid-19). \u2014 Ina FASSBENDER \/ AFP Si l\u2019on a collectivement int\u00e9r\u00eat \u00e0 se faire vacciner, ce n\u2019est pas toujours\u00a0le cas de fa\u00e7on individuelle. Le pass sanitaire vient apporter un argument suppl\u00e9mentaire \u00e0 nos consid\u00e9rations personnelles.&#013; Si cet outil vient pallier l\u2019absence d\u2019un\u00a0\u00e9lan [&hellip;]\" \/>\n<meta property=\"og:url\" content=\"https:\/\/favorite-news.com\/fr\/le-pass-sanitaire-va-t-il-nous-contraindre-a-nous-faire-vacciner\/\" \/>\n<meta property=\"og:site_name\" content=\"Favorite News\" \/>\n<meta property=\"article:published_time\" content=\"2021-04-29T17:47:45+00:00\" \/>\n<meta property=\"article:modified_time\" content=\"2021-04-29T17:47:46+00:00\" \/>\n<meta property=\"og:image\" content=\"https:\/\/favorite-news.com\/fr\/wp-content\/uploads\/sites\/12\/2021\/04\/Le-pass-sanitaire-va-t-il-nous-contraindre-a-nous-faire-vacciner.jpg\" \/>\n\t<meta property=\"og:image:width\" content=\"648\" \/>\n\t<meta property=\"og:image:height\" content=\"360\" \/>\n\t<meta property=\"og:image:type\" content=\"image\/jpeg\" \/>\n<meta name=\"author\" content=\"favorite-news\" \/>\n<meta name=\"twitter:card\" content=\"summary_large_image\" \/>\n<meta name=\"twitter:label1\" content=\"\u00c9crit par\" \/>\n\t<meta name=\"twitter:data1\" content=\"favorite-news\" \/>\n\t<meta name=\"twitter:label2\" content=\"Dur\u00e9e de lecture estim\u00e9e\" \/>\n\t<meta name=\"twitter:data2\" content=\"6 minutes\" \/>\n<script type=\"application\/ld+json\" class=\"yoast-schema-graph\">{\"@context\":\"https:\\\/\\\/schema.org\",\"@graph\":[{\"@type\":\"Article\",\"@id\":\"https:\\\/\\\/favorite-news.com\\\/fr\\\/le-pass-sanitaire-va-t-il-nous-contraindre-a-nous-faire-vacciner\\\/#article\",\"isPartOf\":{\"@id\":\"https:\\\/\\\/favorite-news.com\\\/fr\\\/le-pass-sanitaire-va-t-il-nous-contraindre-a-nous-faire-vacciner\\\/\"},\"author\":{\"name\":\"favorite-news\",\"@id\":\"https:\\\/\\\/favorite-news.com\\\/fr\\\/#\\\/schema\\\/person\\\/b66c4cfdd10a5bf16d7d5efda647111f\"},\"headline\":\"Le pass sanitaire va-t-il nous contraindre \u00e0 nous faire vacciner ?\",\"datePublished\":\"2021-04-29T17:47:45+00:00\",\"dateModified\":\"2021-04-29T17:47:46+00:00\",\"mainEntityOfPage\":{\"@id\":\"https:\\\/\\\/favorite-news.com\\\/fr\\\/le-pass-sanitaire-va-t-il-nous-contraindre-a-nous-faire-vacciner\\\/\"},\"wordCount\":1164,\"commentCount\":0,\"image\":{\"@id\":\"https:\\\/\\\/favorite-news.com\\\/fr\\\/le-pass-sanitaire-va-t-il-nous-contraindre-a-nous-faire-vacciner\\\/#primaryimage\"},\"thumbnailUrl\":\"https:\\\/\\\/favorite-news.com\\\/fr\\\/wp-content\\\/uploads\\\/sites\\\/12\\\/2021\\\/04\\\/Le-pass-sanitaire-va-t-il-nous-contraindre-a-nous-faire-vacciner.jpg\",\"articleSection\":[\"NOUVELLES\"],\"inLanguage\":\"fr-FR\",\"potentialAction\":[{\"@type\":\"CommentAction\",\"name\":\"Comment\",\"target\":[\"https:\\\/\\\/favorite-news.com\\\/fr\\\/le-pass-sanitaire-va-t-il-nous-contraindre-a-nous-faire-vacciner\\\/#respond\"]}]},{\"@type\":\"WebPage\",\"@id\":\"https:\\\/\\\/favorite-news.com\\\/fr\\\/le-pass-sanitaire-va-t-il-nous-contraindre-a-nous-faire-vacciner\\\/\",\"url\":\"https:\\\/\\\/favorite-news.com\\\/fr\\\/le-pass-sanitaire-va-t-il-nous-contraindre-a-nous-faire-vacciner\\\/\",\"name\":\"Le pass sanitaire va-t-il nous contraindre \u00e0 nous faire vacciner ? - Favorite News\",\"isPartOf\":{\"@id\":\"https:\\\/\\\/favorite-news.com\\\/fr\\\/#website\"},\"primaryImageOfPage\":{\"@id\":\"https:\\\/\\\/favorite-news.com\\\/fr\\\/le-pass-sanitaire-va-t-il-nous-contraindre-a-nous-faire-vacciner\\\/#primaryimage\"},\"image\":{\"@id\":\"https:\\\/\\\/favorite-news.com\\\/fr\\\/le-pass-sanitaire-va-t-il-nous-contraindre-a-nous-faire-vacciner\\\/#primaryimage\"},\"thumbnailUrl\":\"https:\\\/\\\/favorite-news.com\\\/fr\\\/wp-content\\\/uploads\\\/sites\\\/12\\\/2021\\\/04\\\/Le-pass-sanitaire-va-t-il-nous-contraindre-a-nous-faire-vacciner.jpg\",\"datePublished\":\"2021-04-29T17:47:45+00:00\",\"dateModified\":\"2021-04-29T17:47:46+00:00\",\"author\":{\"@id\":\"https:\\\/\\\/favorite-news.com\\\/fr\\\/#\\\/schema\\\/person\\\/b66c4cfdd10a5bf16d7d5efda647111f\"},\"breadcrumb\":{\"@id\":\"https:\\\/\\\/favorite-news.com\\\/fr\\\/le-pass-sanitaire-va-t-il-nous-contraindre-a-nous-faire-vacciner\\\/#breadcrumb\"},\"inLanguage\":\"fr-FR\",\"potentialAction\":[{\"@type\":\"ReadAction\",\"target\":[\"https:\\\/\\\/favorite-news.com\\\/fr\\\/le-pass-sanitaire-va-t-il-nous-contraindre-a-nous-faire-vacciner\\\/\"]}]},{\"@type\":\"ImageObject\",\"inLanguage\":\"fr-FR\",\"@id\":\"https:\\\/\\\/favorite-news.com\\\/fr\\\/le-pass-sanitaire-va-t-il-nous-contraindre-a-nous-faire-vacciner\\\/#primaryimage\",\"url\":\"https:\\\/\\\/favorite-news.com\\\/fr\\\/wp-content\\\/uploads\\\/sites\\\/12\\\/2021\\\/04\\\/Le-pass-sanitaire-va-t-il-nous-contraindre-a-nous-faire-vacciner.jpg\",\"contentUrl\":\"https:\\\/\\\/favorite-news.com\\\/fr\\\/wp-content\\\/uploads\\\/sites\\\/12\\\/2021\\\/04\\\/Le-pass-sanitaire-va-t-il-nous-contraindre-a-nous-faire-vacciner.jpg\",\"width\":648,\"height\":360,\"caption\":\"Le pass sanitaire va-t-il nous contraindre \u00e0 nous faire vacciner ?\"},{\"@type\":\"BreadcrumbList\",\"@id\":\"https:\\\/\\\/favorite-news.com\\\/fr\\\/le-pass-sanitaire-va-t-il-nous-contraindre-a-nous-faire-vacciner\\\/#breadcrumb\",\"itemListElement\":[{\"@type\":\"ListItem\",\"position\":1,\"name\":\"Home\",\"item\":\"https:\\\/\\\/favorite-news.com\\\/fr\\\/\"},{\"@type\":\"ListItem\",\"position\":2,\"name\":\"Le pass sanitaire va-t-il nous contraindre \u00e0 nous faire vacciner ?\"}]},{\"@type\":\"WebSite\",\"@id\":\"https:\\\/\\\/favorite-news.com\\\/fr\\\/#website\",\"url\":\"https:\\\/\\\/favorite-news.com\\\/fr\\\/\",\"name\":\"Favorite News\",\"description\":\"Favorite News France\",\"potentialAction\":[{\"@type\":\"SearchAction\",\"target\":{\"@type\":\"EntryPoint\",\"urlTemplate\":\"https:\\\/\\\/favorite-news.com\\\/fr\\\/?s={search_term_string}\"},\"query-input\":{\"@type\":\"PropertyValueSpecification\",\"valueRequired\":true,\"valueName\":\"search_term_string\"}}],\"inLanguage\":\"fr-FR\"},{\"@type\":\"Person\",\"@id\":\"https:\\\/\\\/favorite-news.com\\\/fr\\\/#\\\/schema\\\/person\\\/b66c4cfdd10a5bf16d7d5efda647111f\",\"name\":\"favorite-news\",\"image\":{\"@type\":\"ImageObject\",\"inLanguage\":\"fr-FR\",\"@id\":\"https:\\\/\\\/secure.gravatar.com\\\/avatar\\\/f89959e01423a9ee3c2debbcf830eb021c575de0e1b3781ca3ae392b71c615a1?s=96&d=mm&r=g\",\"url\":\"https:\\\/\\\/secure.gravatar.com\\\/avatar\\\/f89959e01423a9ee3c2debbcf830eb021c575de0e1b3781ca3ae392b71c615a1?s=96&d=mm&r=g\",\"contentUrl\":\"https:\\\/\\\/secure.gravatar.com\\\/avatar\\\/f89959e01423a9ee3c2debbcf830eb021c575de0e1b3781ca3ae392b71c615a1?s=96&d=mm&r=g\",\"caption\":\"favorite-news\"},\"url\":\"https:\\\/\\\/favorite-news.com\\\/fr\\\/author\\\/ruby\\\/\"}]}<\/script>\n<!-- \/ Yoast SEO plugin. -->","yoast_head_json":{"title":"Le pass sanitaire va-t-il nous contraindre \u00e0 nous faire vacciner ? - Favorite News","robots":{"index":"index","follow":"follow","max-snippet":"max-snippet:-1","max-image-preview":"max-image-preview:large","max-video-preview":"max-video-preview:-1"},"canonical":"https:\/\/favorite-news.com\/fr\/le-pass-sanitaire-va-t-il-nous-contraindre-a-nous-faire-vacciner\/","og_locale":"fr_FR","og_type":"article","og_title":"Le pass sanitaire va-t-il nous contraindre \u00e0 nous faire vacciner ? - Favorite News","og_description":"Un certificat de vaccination avec un autocollant du vaccin AstraZeneca contre le coronavirus (Covid-19). \u2014 Ina FASSBENDER \/ AFP Si l\u2019on a collectivement int\u00e9r\u00eat \u00e0 se faire vacciner, ce n\u2019est pas toujours\u00a0le cas de fa\u00e7on individuelle. Le pass sanitaire vient apporter un argument suppl\u00e9mentaire \u00e0 nos consid\u00e9rations personnelles.&#13; Si cet outil vient pallier l\u2019absence d\u2019un\u00a0\u00e9lan [&hellip;]","og_url":"https:\/\/favorite-news.com\/fr\/le-pass-sanitaire-va-t-il-nous-contraindre-a-nous-faire-vacciner\/","og_site_name":"Favorite News","article_published_time":"2021-04-29T17:47:45+00:00","article_modified_time":"2021-04-29T17:47:46+00:00","og_image":[{"width":648,"height":360,"url":"https:\/\/favorite-news.com\/fr\/wp-content\/uploads\/sites\/12\/2021\/04\/Le-pass-sanitaire-va-t-il-nous-contraindre-a-nous-faire-vacciner.jpg","type":"image\/jpeg"}],"author":"favorite-news","twitter_card":"summary_large_image","twitter_misc":{"\u00c9crit par":"favorite-news","Dur\u00e9e de lecture estim\u00e9e":"6 minutes"},"schema":{"@context":"https:\/\/schema.org","@graph":[{"@type":"Article","@id":"https:\/\/favorite-news.com\/fr\/le-pass-sanitaire-va-t-il-nous-contraindre-a-nous-faire-vacciner\/#article","isPartOf":{"@id":"https:\/\/favorite-news.com\/fr\/le-pass-sanitaire-va-t-il-nous-contraindre-a-nous-faire-vacciner\/"},"author":{"name":"favorite-news","@id":"https:\/\/favorite-news.com\/fr\/#\/schema\/person\/b66c4cfdd10a5bf16d7d5efda647111f"},"headline":"Le pass sanitaire va-t-il nous contraindre \u00e0 nous faire vacciner ?","datePublished":"2021-04-29T17:47:45+00:00","dateModified":"2021-04-29T17:47:46+00:00","mainEntityOfPage":{"@id":"https:\/\/favorite-news.com\/fr\/le-pass-sanitaire-va-t-il-nous-contraindre-a-nous-faire-vacciner\/"},"wordCount":1164,"commentCount":0,"image":{"@id":"https:\/\/favorite-news.com\/fr\/le-pass-sanitaire-va-t-il-nous-contraindre-a-nous-faire-vacciner\/#primaryimage"},"thumbnailUrl":"https:\/\/favorite-news.com\/fr\/wp-content\/uploads\/sites\/12\/2021\/04\/Le-pass-sanitaire-va-t-il-nous-contraindre-a-nous-faire-vacciner.jpg","articleSection":["NOUVELLES"],"inLanguage":"fr-FR","potentialAction":[{"@type":"CommentAction","name":"Comment","target":["https:\/\/favorite-news.com\/fr\/le-pass-sanitaire-va-t-il-nous-contraindre-a-nous-faire-vacciner\/#respond"]}]},{"@type":"WebPage","@id":"https:\/\/favorite-news.com\/fr\/le-pass-sanitaire-va-t-il-nous-contraindre-a-nous-faire-vacciner\/","url":"https:\/\/favorite-news.com\/fr\/le-pass-sanitaire-va-t-il-nous-contraindre-a-nous-faire-vacciner\/","name":"Le pass sanitaire va-t-il nous contraindre \u00e0 nous faire vacciner ? - Favorite News","isPartOf":{"@id":"https:\/\/favorite-news.com\/fr\/#website"},"primaryImageOfPage":{"@id":"https:\/\/favorite-news.com\/fr\/le-pass-sanitaire-va-t-il-nous-contraindre-a-nous-faire-vacciner\/#primaryimage"},"image":{"@id":"https:\/\/favorite-news.com\/fr\/le-pass-sanitaire-va-t-il-nous-contraindre-a-nous-faire-vacciner\/#primaryimage"},"thumbnailUrl":"https:\/\/favorite-news.com\/fr\/wp-content\/uploads\/sites\/12\/2021\/04\/Le-pass-sanitaire-va-t-il-nous-contraindre-a-nous-faire-vacciner.jpg","datePublished":"2021-04-29T17:47:45+00:00","dateModified":"2021-04-29T17:47:46+00:00","author":{"@id":"https:\/\/favorite-news.com\/fr\/#\/schema\/person\/b66c4cfdd10a5bf16d7d5efda647111f"},"breadcrumb":{"@id":"https:\/\/favorite-news.com\/fr\/le-pass-sanitaire-va-t-il-nous-contraindre-a-nous-faire-vacciner\/#breadcrumb"},"inLanguage":"fr-FR","potentialAction":[{"@type":"ReadAction","target":["https:\/\/favorite-news.com\/fr\/le-pass-sanitaire-va-t-il-nous-contraindre-a-nous-faire-vacciner\/"]}]},{"@type":"ImageObject","inLanguage":"fr-FR","@id":"https:\/\/favorite-news.com\/fr\/le-pass-sanitaire-va-t-il-nous-contraindre-a-nous-faire-vacciner\/#primaryimage","url":"https:\/\/favorite-news.com\/fr\/wp-content\/uploads\/sites\/12\/2021\/04\/Le-pass-sanitaire-va-t-il-nous-contraindre-a-nous-faire-vacciner.jpg","contentUrl":"https:\/\/favorite-news.com\/fr\/wp-content\/uploads\/sites\/12\/2021\/04\/Le-pass-sanitaire-va-t-il-nous-contraindre-a-nous-faire-vacciner.jpg","width":648,"height":360,"caption":"Le pass sanitaire va-t-il nous contraindre \u00e0 nous faire vacciner ?"},{"@type":"BreadcrumbList","@id":"https:\/\/favorite-news.com\/fr\/le-pass-sanitaire-va-t-il-nous-contraindre-a-nous-faire-vacciner\/#breadcrumb","itemListElement":[{"@type":"ListItem","position":1,"name":"Home","item":"https:\/\/favorite-news.com\/fr\/"},{"@type":"ListItem","position":2,"name":"Le pass sanitaire va-t-il nous contraindre \u00e0 nous faire vacciner ?"}]},{"@type":"WebSite","@id":"https:\/\/favorite-news.com\/fr\/#website","url":"https:\/\/favorite-news.com\/fr\/","name":"Favorite News","description":"Favorite News France","potentialAction":[{"@type":"SearchAction","target":{"@type":"EntryPoint","urlTemplate":"https:\/\/favorite-news.com\/fr\/?s={search_term_string}"},"query-input":{"@type":"PropertyValueSpecification","valueRequired":true,"valueName":"search_term_string"}}],"inLanguage":"fr-FR"},{"@type":"Person","@id":"https:\/\/favorite-news.com\/fr\/#\/schema\/person\/b66c4cfdd10a5bf16d7d5efda647111f","name":"favorite-news","image":{"@type":"ImageObject","inLanguage":"fr-FR","@id":"https:\/\/secure.gravatar.com\/avatar\/f89959e01423a9ee3c2debbcf830eb021c575de0e1b3781ca3ae392b71c615a1?s=96&d=mm&r=g","url":"https:\/\/secure.gravatar.com\/avatar\/f89959e01423a9ee3c2debbcf830eb021c575de0e1b3781ca3ae392b71c615a1?s=96&d=mm&r=g","contentUrl":"https:\/\/secure.gravatar.com\/avatar\/f89959e01423a9ee3c2debbcf830eb021c575de0e1b3781ca3ae392b71c615a1?s=96&d=mm&r=g","caption":"favorite-news"},"url":"https:\/\/favorite-news.com\/fr\/author\/ruby\/"}]}},"_links":{"self":[{"href":"https:\/\/favorite-news.com\/fr\/wp-json\/wp\/v2\/posts\/1327","targetHints":{"allow":["GET"]}}],"collection":[{"href":"https:\/\/favorite-news.com\/fr\/wp-json\/wp\/v2\/posts"}],"about":[{"href":"https:\/\/favorite-news.com\/fr\/wp-json\/wp\/v2\/types\/post"}],"author":[{"embeddable":true,"href":"https:\/\/favorite-news.com\/fr\/wp-json\/wp\/v2\/users\/1"}],"replies":[{"embeddable":true,"href":"https:\/\/favorite-news.com\/fr\/wp-json\/wp\/v2\/comments?post=1327"}],"version-history":[{"count":1,"href":"https:\/\/favorite-news.com\/fr\/wp-json\/wp\/v2\/posts\/1327\/revisions"}],"predecessor-version":[{"id":1329,"href":"https:\/\/favorite-news.com\/fr\/wp-json\/wp\/v2\/posts\/1327\/revisions\/1329"}],"wp:featuredmedia":[{"embeddable":true,"href":"https:\/\/favorite-news.com\/fr\/wp-json\/wp\/v2\/media\/1328"}],"wp:attachment":[{"href":"https:\/\/favorite-news.com\/fr\/wp-json\/wp\/v2\/media?parent=1327"}],"wp:term":[{"taxonomy":"category","embeddable":true,"href":"https:\/\/favorite-news.com\/fr\/wp-json\/wp\/v2\/categories?post=1327"},{"taxonomy":"post_tag","embeddable":true,"href":"https:\/\/favorite-news.com\/fr\/wp-json\/wp\/v2\/tags?post=1327"}],"curies":[{"name":"wp","href":"https:\/\/api.w.org\/{rel}","templated":true}]}}