{"id":1300,"date":"2021-04-24T17:24:54","date_gmt":"2021-04-24T17:24:54","guid":{"rendered":"https:\/\/favorite-news.com\/fr\/joe-biden-devient-le-premier-president-a-reconnaitre-le-genocide-armenien\/"},"modified":"2021-04-24T17:24:57","modified_gmt":"2021-04-24T17:24:57","slug":"joe-biden-devient-le-premier-president-a-reconnaitre-le-genocide-armenien","status":"publish","type":"post","link":"https:\/\/favorite-news.com\/fr\/joe-biden-devient-le-premier-president-a-reconnaitre-le-genocide-armenien\/","title":{"rendered":"Joe Biden\u00a0devient le premier pr\u00e9sident \u00e0 reconna\u00eetre le g\u00e9nocide arm\u00e9nien"},"content":{"rendered":"<p>                Des manifestants pour la reconnaissance du g\u00e9nocide arm\u00e9nien par les Etats-Unis, le 23 avril 2021 \u00e0 Washington. \u2014 Graeme Sloan\/Sipa USA\/SIPA<br \/>\n            Joe Biden\u00a0a reconnu samedi le &#13;<br \/>\ng\u00e9nocide arm\u00e9nien, devenant le premier pr\u00e9sident des Etats-Unis \u00e0 qualifier ainsi &#13;<br \/>\nla mort d\u2019un million et demi d\u2019Arm\u00e9niens massacr\u00e9s par l\u2019Empire ottoman en 1915. \u00ab\u00a0Les Am\u00e9ricains honorent tous les Arm\u00e9niens qui ont p\u00e9ri dans le g\u00e9nocide qui a commenc\u00e9 il y a 106 ans aujourd\u2019hui\u00a0\u00bb, a-t-il \u00e9crit dans un communiqu\u00e9.<\/p>\n<p>Il s\u2019agit \u00ab\u00a0d\u2019honorer les victimes, pas d\u2019accabler qui que ce soit\u00a0\u00bb, a soulign\u00e9 une responsable am\u00e9ricaine, sous couvert de l\u2019anonymat, alors que la Turquie a mis en garde par avance tout recours \u00e0 ce qu\u2019elle d\u00e9nonce comme un \u00ab\u00a0mensonge\u00a0\u00bb.<\/p>\n<p>\u00ab\u00a0Nous n\u2019accepterons de le\u00e7ons de personne sur notre histoire\u00a0\u00bb<\/p>\n<p>La Turquie n\u2019a \u00ab\u00a0de le\u00e7on \u00e0 recevoir de personne sur son histoire\u00a0\u00bb, a d\u00e9clar\u00e9 d\u2019embl\u00e9e le minsitre turc des Affaires \u00e9trang\u00e8res. \u00ab\u00a0Les mots ne peuvent pas changer ou r\u00e9\u00e9crire l\u2019histoire\u00a0\u00bb, a tweet\u00e9\u00a0Mevlut Cavusoglu, quelques instants apr\u00e8s l\u2019annonce de la d\u00e9cision du pr\u00e9sident am\u00e9ricain Joe Biden. \u00ab\u00a0Nous n\u2019accepterons de le\u00e7ons de personne sur notre histoire\u00a0\u00bb, a-t-il ajout\u00e9.<\/p>\n<p>Le Premier ministre arm\u00e9nien a, de son c\u00f4t\u00e9, salu\u00e9\u00a0la d\u00e9cision historique de Joe Biden.\u00a0Nikol Pachinian a remerci\u00e9 le pr\u00e9sident am\u00e9ricain dans un message sur Facebook pour cette \u00ab\u00a0mesure tr\u00e8s forte envers la justice et la v\u00e9rit\u00e9 historique\u00a0\u00bb et qui offre un \u00ab\u00a0soutien inestimable aux descendants des victimes du g\u00e9nocide arm\u00e9nien\u00a0\u00bb.<\/p>\n<p>Plus d\u2019informations \u00e0 venir sur 20Minutes.fr\u2026\/\u2026<\/p>\n<p>            Une faute\u00a0?<\/p>\n<p>                180<\/p>\n<p>            partages<\/p>\n<p>\n<!--noindex--><br \/>\n<a href=\"https:\/\/www.20minutes.fr\/monde\/3028363-20210424-etats-unis-joe-biden-devient-premier-president-reconnaitre-genocide-armenien#xtor=RSS-149\" rel=\"nofollow\">Source link <\/a><br \/>\n<!--\/noindex--><\/p>\n","protected":false},"excerpt":{"rendered":"<p>Des manifestants pour la reconnaissance du g\u00e9nocide arm\u00e9nien par les Etats-Unis, le 23 avril 2021 \u00e0 Washington. \u2014 Graeme Sloan\/Sipa USA\/SIPA Joe Biden\u00a0a reconnu samedi le &#13; g\u00e9nocide arm\u00e9nien, devenant le premier pr\u00e9sident des Etats-Unis \u00e0 qualifier ainsi &#13; la mort d\u2019un million et demi d\u2019Arm\u00e9niens massacr\u00e9s par l\u2019Empire ottoman en 1915. \u00ab\u00a0Les Am\u00e9ricains honorent [&hellip;]<\/p>\n","protected":false},"author":1,"featured_media":1301,"comment_status":"open","ping_status":"open","sticky":false,"template":"","format":"standard","meta":{"footnotes":""},"categories":[1],"tags":[],"class_list":["post-1300","post","type-post","status-publish","format-standard","has-post-thumbnail","hentry","category-nouvelles"],"yoast_head":"<!-- This site is optimized with the Yoast SEO plugin v27.4 - https:\/\/yoast.com\/product\/yoast-seo-wordpress\/ -->\n<title>Joe Biden\u00a0devient le premier pr\u00e9sident \u00e0 reconna\u00eetre le g\u00e9nocide arm\u00e9nien - Favorite News<\/title>\n<meta name=\"robots\" content=\"index, follow, max-snippet:-1, max-image-preview:large, max-video-preview:-1\" \/>\n<link rel=\"canonical\" href=\"https:\/\/favorite-news.com\/fr\/joe-biden-devient-le-premier-president-a-reconnaitre-le-genocide-armenien\/\" \/>\n<meta property=\"og:locale\" content=\"fr_FR\" \/>\n<meta property=\"og:type\" content=\"article\" \/>\n<meta property=\"og:title\" content=\"Joe Biden\u00a0devient le premier pr\u00e9sident \u00e0 reconna\u00eetre le g\u00e9nocide arm\u00e9nien - Favorite News\" \/>\n<meta property=\"og:description\" content=\"Des manifestants pour la reconnaissance du g\u00e9nocide arm\u00e9nien par les Etats-Unis, le 23 avril 2021 \u00e0 Washington. \u2014 Graeme Sloan\/Sipa USA\/SIPA Joe Biden\u00a0a reconnu samedi le &#013; g\u00e9nocide arm\u00e9nien, devenant le premier pr\u00e9sident des Etats-Unis \u00e0 qualifier ainsi &#013; la mort d\u2019un million et demi d\u2019Arm\u00e9niens massacr\u00e9s par l\u2019Empire ottoman en 1915. \u00ab\u00a0Les Am\u00e9ricains honorent [&hellip;]\" \/>\n<meta property=\"og:url\" content=\"https:\/\/favorite-news.com\/fr\/joe-biden-devient-le-premier-president-a-reconnaitre-le-genocide-armenien\/\" \/>\n<meta property=\"og:site_name\" content=\"Favorite News\" \/>\n<meta property=\"article:published_time\" content=\"2021-04-24T17:24:54+00:00\" \/>\n<meta property=\"article:modified_time\" content=\"2021-04-24T17:24:57+00:00\" \/>\n<meta property=\"og:image\" content=\"https:\/\/favorite-news.com\/fr\/wp-content\/uploads\/sites\/12\/2021\/04\/Joe-Biden-devient-le-premier-president-a-reconnaitre-le-genocide-armenien.jpg\" \/>\n\t<meta property=\"og:image:width\" content=\"540\" \/>\n\t<meta property=\"og:image:height\" content=\"360\" \/>\n\t<meta property=\"og:image:type\" content=\"image\/jpeg\" \/>\n<meta name=\"author\" content=\"favorite-news\" \/>\n<meta name=\"twitter:card\" content=\"summary_large_image\" \/>\n<meta name=\"twitter:label1\" content=\"\u00c9crit par\" \/>\n\t<meta name=\"twitter:data1\" content=\"favorite-news\" \/>\n\t<meta name=\"twitter:label2\" content=\"Dur\u00e9e de lecture estim\u00e9e\" \/>\n\t<meta name=\"twitter:data2\" content=\"1 minute\" \/>\n<script type=\"application\/ld+json\" class=\"yoast-schema-graph\">{\"@context\":\"https:\\\/\\\/schema.org\",\"@graph\":[{\"@type\":\"Article\",\"@id\":\"https:\\\/\\\/favorite-news.com\\\/fr\\\/joe-biden-devient-le-premier-president-a-reconnaitre-le-genocide-armenien\\\/#article\",\"isPartOf\":{\"@id\":\"https:\\\/\\\/favorite-news.com\\\/fr\\\/joe-biden-devient-le-premier-president-a-reconnaitre-le-genocide-armenien\\\/\"},\"author\":{\"name\":\"favorite-news\",\"@id\":\"https:\\\/\\\/favorite-news.com\\\/fr\\\/#\\\/schema\\\/person\\\/b66c4cfdd10a5bf16d7d5efda647111f\"},\"headline\":\"Joe Biden\u00a0devient le premier pr\u00e9sident \u00e0 reconna\u00eetre le g\u00e9nocide arm\u00e9nien\",\"datePublished\":\"2021-04-24T17:24:54+00:00\",\"dateModified\":\"2021-04-24T17:24:57+00:00\",\"mainEntityOfPage\":{\"@id\":\"https:\\\/\\\/favorite-news.com\\\/fr\\\/joe-biden-devient-le-premier-president-a-reconnaitre-le-genocide-armenien\\\/\"},\"wordCount\":301,\"commentCount\":0,\"image\":{\"@id\":\"https:\\\/\\\/favorite-news.com\\\/fr\\\/joe-biden-devient-le-premier-president-a-reconnaitre-le-genocide-armenien\\\/#primaryimage\"},\"thumbnailUrl\":\"https:\\\/\\\/favorite-news.com\\\/fr\\\/wp-content\\\/uploads\\\/sites\\\/12\\\/2021\\\/04\\\/Joe-Biden-devient-le-premier-president-a-reconnaitre-le-genocide-armenien.jpg\",\"articleSection\":[\"NOUVELLES\"],\"inLanguage\":\"fr-FR\",\"potentialAction\":[{\"@type\":\"CommentAction\",\"name\":\"Comment\",\"target\":[\"https:\\\/\\\/favorite-news.com\\\/fr\\\/joe-biden-devient-le-premier-president-a-reconnaitre-le-genocide-armenien\\\/#respond\"]}]},{\"@type\":\"WebPage\",\"@id\":\"https:\\\/\\\/favorite-news.com\\\/fr\\\/joe-biden-devient-le-premier-president-a-reconnaitre-le-genocide-armenien\\\/\",\"url\":\"https:\\\/\\\/favorite-news.com\\\/fr\\\/joe-biden-devient-le-premier-president-a-reconnaitre-le-genocide-armenien\\\/\",\"name\":\"Joe Biden\u00a0devient le premier pr\u00e9sident \u00e0 reconna\u00eetre le g\u00e9nocide arm\u00e9nien - Favorite News\",\"isPartOf\":{\"@id\":\"https:\\\/\\\/favorite-news.com\\\/fr\\\/#website\"},\"primaryImageOfPage\":{\"@id\":\"https:\\\/\\\/favorite-news.com\\\/fr\\\/joe-biden-devient-le-premier-president-a-reconnaitre-le-genocide-armenien\\\/#primaryimage\"},\"image\":{\"@id\":\"https:\\\/\\\/favorite-news.com\\\/fr\\\/joe-biden-devient-le-premier-president-a-reconnaitre-le-genocide-armenien\\\/#primaryimage\"},\"thumbnailUrl\":\"https:\\\/\\\/favorite-news.com\\\/fr\\\/wp-content\\\/uploads\\\/sites\\\/12\\\/2021\\\/04\\\/Joe-Biden-devient-le-premier-president-a-reconnaitre-le-genocide-armenien.jpg\",\"datePublished\":\"2021-04-24T17:24:54+00:00\",\"dateModified\":\"2021-04-24T17:24:57+00:00\",\"author\":{\"@id\":\"https:\\\/\\\/favorite-news.com\\\/fr\\\/#\\\/schema\\\/person\\\/b66c4cfdd10a5bf16d7d5efda647111f\"},\"breadcrumb\":{\"@id\":\"https:\\\/\\\/favorite-news.com\\\/fr\\\/joe-biden-devient-le-premier-president-a-reconnaitre-le-genocide-armenien\\\/#breadcrumb\"},\"inLanguage\":\"fr-FR\",\"potentialAction\":[{\"@type\":\"ReadAction\",\"target\":[\"https:\\\/\\\/favorite-news.com\\\/fr\\\/joe-biden-devient-le-premier-president-a-reconnaitre-le-genocide-armenien\\\/\"]}]},{\"@type\":\"ImageObject\",\"inLanguage\":\"fr-FR\",\"@id\":\"https:\\\/\\\/favorite-news.com\\\/fr\\\/joe-biden-devient-le-premier-president-a-reconnaitre-le-genocide-armenien\\\/#primaryimage\",\"url\":\"https:\\\/\\\/favorite-news.com\\\/fr\\\/wp-content\\\/uploads\\\/sites\\\/12\\\/2021\\\/04\\\/Joe-Biden-devient-le-premier-president-a-reconnaitre-le-genocide-armenien.jpg\",\"contentUrl\":\"https:\\\/\\\/favorite-news.com\\\/fr\\\/wp-content\\\/uploads\\\/sites\\\/12\\\/2021\\\/04\\\/Joe-Biden-devient-le-premier-president-a-reconnaitre-le-genocide-armenien.jpg\",\"width\":540,\"height\":360,\"caption\":\"Joe Biden\u00a0devient le premier pr\u00e9sident \u00e0 reconna\u00eetre le g\u00e9nocide arm\u00e9nien\"},{\"@type\":\"BreadcrumbList\",\"@id\":\"https:\\\/\\\/favorite-news.com\\\/fr\\\/joe-biden-devient-le-premier-president-a-reconnaitre-le-genocide-armenien\\\/#breadcrumb\",\"itemListElement\":[{\"@type\":\"ListItem\",\"position\":1,\"name\":\"Home\",\"item\":\"https:\\\/\\\/favorite-news.com\\\/fr\\\/\"},{\"@type\":\"ListItem\",\"position\":2,\"name\":\"Joe Biden\u00a0devient le premier pr\u00e9sident \u00e0 reconna\u00eetre le g\u00e9nocide arm\u00e9nien\"}]},{\"@type\":\"WebSite\",\"@id\":\"https:\\\/\\\/favorite-news.com\\\/fr\\\/#website\",\"url\":\"https:\\\/\\\/favorite-news.com\\\/fr\\\/\",\"name\":\"Favorite News\",\"description\":\"Favorite News France\",\"potentialAction\":[{\"@type\":\"SearchAction\",\"target\":{\"@type\":\"EntryPoint\",\"urlTemplate\":\"https:\\\/\\\/favorite-news.com\\\/fr\\\/?s={search_term_string}\"},\"query-input\":{\"@type\":\"PropertyValueSpecification\",\"valueRequired\":true,\"valueName\":\"search_term_string\"}}],\"inLanguage\":\"fr-FR\"},{\"@type\":\"Person\",\"@id\":\"https:\\\/\\\/favorite-news.com\\\/fr\\\/#\\\/schema\\\/person\\\/b66c4cfdd10a5bf16d7d5efda647111f\",\"name\":\"favorite-news\",\"image\":{\"@type\":\"ImageObject\",\"inLanguage\":\"fr-FR\",\"@id\":\"https:\\\/\\\/secure.gravatar.com\\\/avatar\\\/f89959e01423a9ee3c2debbcf830eb021c575de0e1b3781ca3ae392b71c615a1?s=96&d=mm&r=g\",\"url\":\"https:\\\/\\\/secure.gravatar.com\\\/avatar\\\/f89959e01423a9ee3c2debbcf830eb021c575de0e1b3781ca3ae392b71c615a1?s=96&d=mm&r=g\",\"contentUrl\":\"https:\\\/\\\/secure.gravatar.com\\\/avatar\\\/f89959e01423a9ee3c2debbcf830eb021c575de0e1b3781ca3ae392b71c615a1?s=96&d=mm&r=g\",\"caption\":\"favorite-news\"},\"url\":\"https:\\\/\\\/favorite-news.com\\\/fr\\\/author\\\/ruby\\\/\"}]}<\/script>\n<!-- \/ Yoast SEO plugin. -->","yoast_head_json":{"title":"Joe Biden\u00a0devient le premier pr\u00e9sident \u00e0 reconna\u00eetre le g\u00e9nocide arm\u00e9nien - Favorite News","robots":{"index":"index","follow":"follow","max-snippet":"max-snippet:-1","max-image-preview":"max-image-preview:large","max-video-preview":"max-video-preview:-1"},"canonical":"https:\/\/favorite-news.com\/fr\/joe-biden-devient-le-premier-president-a-reconnaitre-le-genocide-armenien\/","og_locale":"fr_FR","og_type":"article","og_title":"Joe Biden\u00a0devient le premier pr\u00e9sident \u00e0 reconna\u00eetre le g\u00e9nocide arm\u00e9nien - Favorite News","og_description":"Des manifestants pour la reconnaissance du g\u00e9nocide arm\u00e9nien par les Etats-Unis, le 23 avril 2021 \u00e0 Washington. \u2014 Graeme Sloan\/Sipa USA\/SIPA Joe Biden\u00a0a reconnu samedi le &#13; g\u00e9nocide arm\u00e9nien, devenant le premier pr\u00e9sident des Etats-Unis \u00e0 qualifier ainsi &#13; la mort d\u2019un million et demi d\u2019Arm\u00e9niens massacr\u00e9s par l\u2019Empire ottoman en 1915. \u00ab\u00a0Les Am\u00e9ricains honorent [&hellip;]","og_url":"https:\/\/favorite-news.com\/fr\/joe-biden-devient-le-premier-president-a-reconnaitre-le-genocide-armenien\/","og_site_name":"Favorite News","article_published_time":"2021-04-24T17:24:54+00:00","article_modified_time":"2021-04-24T17:24:57+00:00","og_image":[{"width":540,"height":360,"url":"https:\/\/favorite-news.com\/fr\/wp-content\/uploads\/sites\/12\/2021\/04\/Joe-Biden-devient-le-premier-president-a-reconnaitre-le-genocide-armenien.jpg","type":"image\/jpeg"}],"author":"favorite-news","twitter_card":"summary_large_image","twitter_misc":{"\u00c9crit par":"favorite-news","Dur\u00e9e de lecture estim\u00e9e":"1 minute"},"schema":{"@context":"https:\/\/schema.org","@graph":[{"@type":"Article","@id":"https:\/\/favorite-news.com\/fr\/joe-biden-devient-le-premier-president-a-reconnaitre-le-genocide-armenien\/#article","isPartOf":{"@id":"https:\/\/favorite-news.com\/fr\/joe-biden-devient-le-premier-president-a-reconnaitre-le-genocide-armenien\/"},"author":{"name":"favorite-news","@id":"https:\/\/favorite-news.com\/fr\/#\/schema\/person\/b66c4cfdd10a5bf16d7d5efda647111f"},"headline":"Joe Biden\u00a0devient le premier pr\u00e9sident \u00e0 reconna\u00eetre le g\u00e9nocide arm\u00e9nien","datePublished":"2021-04-24T17:24:54+00:00","dateModified":"2021-04-24T17:24:57+00:00","mainEntityOfPage":{"@id":"https:\/\/favorite-news.com\/fr\/joe-biden-devient-le-premier-president-a-reconnaitre-le-genocide-armenien\/"},"wordCount":301,"commentCount":0,"image":{"@id":"https:\/\/favorite-news.com\/fr\/joe-biden-devient-le-premier-president-a-reconnaitre-le-genocide-armenien\/#primaryimage"},"thumbnailUrl":"https:\/\/favorite-news.com\/fr\/wp-content\/uploads\/sites\/12\/2021\/04\/Joe-Biden-devient-le-premier-president-a-reconnaitre-le-genocide-armenien.jpg","articleSection":["NOUVELLES"],"inLanguage":"fr-FR","potentialAction":[{"@type":"CommentAction","name":"Comment","target":["https:\/\/favorite-news.com\/fr\/joe-biden-devient-le-premier-president-a-reconnaitre-le-genocide-armenien\/#respond"]}]},{"@type":"WebPage","@id":"https:\/\/favorite-news.com\/fr\/joe-biden-devient-le-premier-president-a-reconnaitre-le-genocide-armenien\/","url":"https:\/\/favorite-news.com\/fr\/joe-biden-devient-le-premier-president-a-reconnaitre-le-genocide-armenien\/","name":"Joe Biden\u00a0devient le premier pr\u00e9sident \u00e0 reconna\u00eetre le g\u00e9nocide arm\u00e9nien - Favorite News","isPartOf":{"@id":"https:\/\/favorite-news.com\/fr\/#website"},"primaryImageOfPage":{"@id":"https:\/\/favorite-news.com\/fr\/joe-biden-devient-le-premier-president-a-reconnaitre-le-genocide-armenien\/#primaryimage"},"image":{"@id":"https:\/\/favorite-news.com\/fr\/joe-biden-devient-le-premier-president-a-reconnaitre-le-genocide-armenien\/#primaryimage"},"thumbnailUrl":"https:\/\/favorite-news.com\/fr\/wp-content\/uploads\/sites\/12\/2021\/04\/Joe-Biden-devient-le-premier-president-a-reconnaitre-le-genocide-armenien.jpg","datePublished":"2021-04-24T17:24:54+00:00","dateModified":"2021-04-24T17:24:57+00:00","author":{"@id":"https:\/\/favorite-news.com\/fr\/#\/schema\/person\/b66c4cfdd10a5bf16d7d5efda647111f"},"breadcrumb":{"@id":"https:\/\/favorite-news.com\/fr\/joe-biden-devient-le-premier-president-a-reconnaitre-le-genocide-armenien\/#breadcrumb"},"inLanguage":"fr-FR","potentialAction":[{"@type":"ReadAction","target":["https:\/\/favorite-news.com\/fr\/joe-biden-devient-le-premier-president-a-reconnaitre-le-genocide-armenien\/"]}]},{"@type":"ImageObject","inLanguage":"fr-FR","@id":"https:\/\/favorite-news.com\/fr\/joe-biden-devient-le-premier-president-a-reconnaitre-le-genocide-armenien\/#primaryimage","url":"https:\/\/favorite-news.com\/fr\/wp-content\/uploads\/sites\/12\/2021\/04\/Joe-Biden-devient-le-premier-president-a-reconnaitre-le-genocide-armenien.jpg","contentUrl":"https:\/\/favorite-news.com\/fr\/wp-content\/uploads\/sites\/12\/2021\/04\/Joe-Biden-devient-le-premier-president-a-reconnaitre-le-genocide-armenien.jpg","width":540,"height":360,"caption":"Joe Biden\u00a0devient le premier pr\u00e9sident \u00e0 reconna\u00eetre le g\u00e9nocide arm\u00e9nien"},{"@type":"BreadcrumbList","@id":"https:\/\/favorite-news.com\/fr\/joe-biden-devient-le-premier-president-a-reconnaitre-le-genocide-armenien\/#breadcrumb","itemListElement":[{"@type":"ListItem","position":1,"name":"Home","item":"https:\/\/favorite-news.com\/fr\/"},{"@type":"ListItem","position":2,"name":"Joe Biden\u00a0devient le premier pr\u00e9sident \u00e0 reconna\u00eetre le g\u00e9nocide arm\u00e9nien"}]},{"@type":"WebSite","@id":"https:\/\/favorite-news.com\/fr\/#website","url":"https:\/\/favorite-news.com\/fr\/","name":"Favorite News","description":"Favorite News France","potentialAction":[{"@type":"SearchAction","target":{"@type":"EntryPoint","urlTemplate":"https:\/\/favorite-news.com\/fr\/?s={search_term_string}"},"query-input":{"@type":"PropertyValueSpecification","valueRequired":true,"valueName":"search_term_string"}}],"inLanguage":"fr-FR"},{"@type":"Person","@id":"https:\/\/favorite-news.com\/fr\/#\/schema\/person\/b66c4cfdd10a5bf16d7d5efda647111f","name":"favorite-news","image":{"@type":"ImageObject","inLanguage":"fr-FR","@id":"https:\/\/secure.gravatar.com\/avatar\/f89959e01423a9ee3c2debbcf830eb021c575de0e1b3781ca3ae392b71c615a1?s=96&d=mm&r=g","url":"https:\/\/secure.gravatar.com\/avatar\/f89959e01423a9ee3c2debbcf830eb021c575de0e1b3781ca3ae392b71c615a1?s=96&d=mm&r=g","contentUrl":"https:\/\/secure.gravatar.com\/avatar\/f89959e01423a9ee3c2debbcf830eb021c575de0e1b3781ca3ae392b71c615a1?s=96&d=mm&r=g","caption":"favorite-news"},"url":"https:\/\/favorite-news.com\/fr\/author\/ruby\/"}]}},"_links":{"self":[{"href":"https:\/\/favorite-news.com\/fr\/wp-json\/wp\/v2\/posts\/1300","targetHints":{"allow":["GET"]}}],"collection":[{"href":"https:\/\/favorite-news.com\/fr\/wp-json\/wp\/v2\/posts"}],"about":[{"href":"https:\/\/favorite-news.com\/fr\/wp-json\/wp\/v2\/types\/post"}],"author":[{"embeddable":true,"href":"https:\/\/favorite-news.com\/fr\/wp-json\/wp\/v2\/users\/1"}],"replies":[{"embeddable":true,"href":"https:\/\/favorite-news.com\/fr\/wp-json\/wp\/v2\/comments?post=1300"}],"version-history":[{"count":1,"href":"https:\/\/favorite-news.com\/fr\/wp-json\/wp\/v2\/posts\/1300\/revisions"}],"predecessor-version":[{"id":1302,"href":"https:\/\/favorite-news.com\/fr\/wp-json\/wp\/v2\/posts\/1300\/revisions\/1302"}],"wp:featuredmedia":[{"embeddable":true,"href":"https:\/\/favorite-news.com\/fr\/wp-json\/wp\/v2\/media\/1301"}],"wp:attachment":[{"href":"https:\/\/favorite-news.com\/fr\/wp-json\/wp\/v2\/media?parent=1300"}],"wp:term":[{"taxonomy":"category","embeddable":true,"href":"https:\/\/favorite-news.com\/fr\/wp-json\/wp\/v2\/categories?post=1300"},{"taxonomy":"post_tag","embeddable":true,"href":"https:\/\/favorite-news.com\/fr\/wp-json\/wp\/v2\/tags?post=1300"}],"curies":[{"name":"wp","href":"https:\/\/api.w.org\/{rel}","templated":true}]}}