{"id":1294,"date":"2021-04-23T17:21:31","date_gmt":"2021-04-23T17:21:31","guid":{"rendered":"https:\/\/favorite-news.com\/fr\/elle-etait-policiere-emmanuel-macron-rend-hommage-a-stephanie\/"},"modified":"2021-04-23T17:21:34","modified_gmt":"2021-04-23T17:21:34","slug":"elle-etait-policiere-emmanuel-macron-rend-hommage-a-stephanie","status":"publish","type":"post","link":"https:\/\/favorite-news.com\/fr\/elle-etait-policiere-emmanuel-macron-rend-hommage-a-stephanie\/","title":{"rendered":"\u00ab\u00a0Elle \u00e9tait polici\u00e8re\u00a0\u00bb, Emmanuel Macron rend hommage \u00e0 St\u00e9phanie"},"content":{"rendered":"<p>                En d\u00e9placement au Tchad, Emmanuel Macron a r\u00e9agi via Twitter \u00e0 l&rsquo;attaque du commissariat de Rambouillet, ce vendredi 23 avril 2021. \u2014 C PETIT TESSON \/ POOL\/SIPA<br \/>\n            C\u2019est via Twitter qu\u2019Emmanuel Macron a rendu hommage \u00e0 St\u00e9phanie, agente administrative de 49 ans, &#13;<br \/>\ntu\u00e9e \u00e0 l&rsquo;arme blanche dans le commissariat de Rambouillet (Yvelines), vendredi en d\u00e9but d\u2019apr\u00e8s-midi. En &#13;<br \/>\nd\u00e9placement au Tchad pour les obs\u00e8ques d\u2019Idriss D\u00e9by, le chef de l\u2019Etat a d\u00e9clar\u00e9 que \u00ab\u00a0la Nation est aux c\u00f4t\u00e9s de sa famille, de ses coll\u00e8gues et des forces de l\u2019ordre\u00a0\u00bb.<\/p>\n<p>Il a aussi \u00e9voqu\u00e9 \u00ab\u00a0les terres meurtries des Yvelines\u00a0\u00bb o\u00f9 de pr\u00e9c\u00e9dentes attaques terroristes \u2013 un couple de policiers tu\u00e9 \u00e0 Magnanville\u200b, assassinat de &#13;<br \/>\nSamuel Paty \u2013 ont eu lieu.<\/p>\n<p>Elle \u00e9tait polici\u00e8re. St\u00e9phanie a \u00e9t\u00e9 tu\u00e9e dans son commissariat de Rambouillet, sur les terres d\u00e9j\u00e0 meurtries des Yvelines. La Nation est aux c\u00f4t\u00e9s de sa famille, de ses coll\u00e8gues et des forces de l\u2019ordre. Du combat engag\u00e9 contre le terrorisme islamiste, nous ne c\u00e9derons rien.\u2014 Emmanuel Macron (@EmmanuelMacron) <a rel=\"nofollow noopener noreferrer\" target=\"_blank\" href=\"https:\/\/twitter.com\/EmmanuelMacron\/status\/1385622202402365445?ref_src=twsrc%5Etfw\">April 23, 2021<\/a><\/p>\n<p>Le Premier ministre Jean Castex et le ministre de l\u2019Int\u00e9rieur G\u00e9rald Darmanin se sont rendus \u00e0 Rambouillet apr\u00e8s cette attaque, pour laquelle le parquet national antiterroriste s\u2019est saisi. Le chef du gouvernement a affirm\u00e9\u00a0:\u00a0\u00ab\u00a0Notre d\u00e9termination \u00e0 lutter contre le terrorisme sous toutes ses formes est plus que jamais intacte.\u00a0\u00bb<\/p>\n<p>    <script async src=\"https:\/\/platform.twitter.com\/widgets.js\" charset=\"utf-8\"><\/script><br \/>\n<br \/>\n<!--noindex--><br \/>\n<a href=\"https:\/\/www.20minutes.fr\/societe\/3027935-20210423-fonctionnaire-police-tuee-ramboulliet-policiere-emmanuel-macron-rend-hommage-stephanie#xtor=RSS-149\" rel=\"nofollow\">Source link <\/a><br \/>\n<!--\/noindex--><\/p>\n","protected":false},"excerpt":{"rendered":"<p>En d\u00e9placement au Tchad, Emmanuel Macron a r\u00e9agi via Twitter \u00e0 l&rsquo;attaque du commissariat de Rambouillet, ce vendredi 23 avril 2021. \u2014 C PETIT TESSON \/ POOL\/SIPA C\u2019est via Twitter qu\u2019Emmanuel Macron a rendu hommage \u00e0 St\u00e9phanie, agente administrative de 49 ans, &#13; tu\u00e9e \u00e0 l&rsquo;arme blanche dans le commissariat de Rambouillet (Yvelines), vendredi en [&hellip;]<\/p>\n","protected":false},"author":1,"featured_media":1295,"comment_status":"open","ping_status":"open","sticky":false,"template":"","format":"standard","meta":{"footnotes":""},"categories":[1],"tags":[],"class_list":["post-1294","post","type-post","status-publish","format-standard","has-post-thumbnail","hentry","category-nouvelles"],"yoast_head":"<!-- This site is optimized with the Yoast SEO plugin v27.4 - https:\/\/yoast.com\/product\/yoast-seo-wordpress\/ -->\n<title>\u00ab\u00a0Elle \u00e9tait polici\u00e8re\u00a0\u00bb, Emmanuel Macron rend hommage \u00e0 St\u00e9phanie - Favorite News<\/title>\n<meta name=\"robots\" content=\"index, follow, max-snippet:-1, max-image-preview:large, max-video-preview:-1\" \/>\n<link rel=\"canonical\" href=\"https:\/\/favorite-news.com\/fr\/elle-etait-policiere-emmanuel-macron-rend-hommage-a-stephanie\/\" \/>\n<meta property=\"og:locale\" content=\"fr_FR\" \/>\n<meta property=\"og:type\" content=\"article\" \/>\n<meta property=\"og:title\" content=\"\u00ab\u00a0Elle \u00e9tait polici\u00e8re\u00a0\u00bb, Emmanuel Macron rend hommage \u00e0 St\u00e9phanie - Favorite News\" \/>\n<meta property=\"og:description\" content=\"En d\u00e9placement au Tchad, Emmanuel Macron a r\u00e9agi via Twitter \u00e0 l&rsquo;attaque du commissariat de Rambouillet, ce vendredi 23 avril 2021. \u2014 C PETIT TESSON \/ POOL\/SIPA C\u2019est via Twitter qu\u2019Emmanuel Macron a rendu hommage \u00e0 St\u00e9phanie, agente administrative de 49 ans, &#013; tu\u00e9e \u00e0 l&rsquo;arme blanche dans le commissariat de Rambouillet (Yvelines), vendredi en [&hellip;]\" \/>\n<meta property=\"og:url\" content=\"https:\/\/favorite-news.com\/fr\/elle-etait-policiere-emmanuel-macron-rend-hommage-a-stephanie\/\" \/>\n<meta property=\"og:site_name\" content=\"Favorite News\" \/>\n<meta property=\"article:published_time\" content=\"2021-04-23T17:21:31+00:00\" \/>\n<meta property=\"article:modified_time\" content=\"2021-04-23T17:21:34+00:00\" \/>\n<meta property=\"og:image\" content=\"https:\/\/favorite-news.com\/fr\/wp-content\/uploads\/sites\/12\/2021\/04\/Elle-etait-policiere-Emmanuel-Macron-rend-hommage-a-Stephanie.jpg\" \/>\n\t<meta property=\"og:image:width\" content=\"648\" \/>\n\t<meta property=\"og:image:height\" content=\"360\" \/>\n\t<meta property=\"og:image:type\" content=\"image\/jpeg\" \/>\n<meta name=\"author\" content=\"favorite-news\" \/>\n<meta name=\"twitter:card\" content=\"summary_large_image\" \/>\n<meta name=\"twitter:label1\" content=\"\u00c9crit par\" \/>\n\t<meta name=\"twitter:data1\" content=\"favorite-news\" \/>\n\t<meta name=\"twitter:label2\" content=\"Dur\u00e9e de lecture estim\u00e9e\" \/>\n\t<meta name=\"twitter:data2\" content=\"1 minute\" \/>\n<script type=\"application\/ld+json\" class=\"yoast-schema-graph\">{\"@context\":\"https:\\\/\\\/schema.org\",\"@graph\":[{\"@type\":\"Article\",\"@id\":\"https:\\\/\\\/favorite-news.com\\\/fr\\\/elle-etait-policiere-emmanuel-macron-rend-hommage-a-stephanie\\\/#article\",\"isPartOf\":{\"@id\":\"https:\\\/\\\/favorite-news.com\\\/fr\\\/elle-etait-policiere-emmanuel-macron-rend-hommage-a-stephanie\\\/\"},\"author\":{\"name\":\"favorite-news\",\"@id\":\"https:\\\/\\\/favorite-news.com\\\/fr\\\/#\\\/schema\\\/person\\\/b66c4cfdd10a5bf16d7d5efda647111f\"},\"headline\":\"\u00ab\u00a0Elle \u00e9tait polici\u00e8re\u00a0\u00bb, Emmanuel Macron rend hommage \u00e0 St\u00e9phanie\",\"datePublished\":\"2021-04-23T17:21:31+00:00\",\"dateModified\":\"2021-04-23T17:21:34+00:00\",\"mainEntityOfPage\":{\"@id\":\"https:\\\/\\\/favorite-news.com\\\/fr\\\/elle-etait-policiere-emmanuel-macron-rend-hommage-a-stephanie\\\/\"},\"wordCount\":256,\"commentCount\":0,\"image\":{\"@id\":\"https:\\\/\\\/favorite-news.com\\\/fr\\\/elle-etait-policiere-emmanuel-macron-rend-hommage-a-stephanie\\\/#primaryimage\"},\"thumbnailUrl\":\"https:\\\/\\\/favorite-news.com\\\/fr\\\/wp-content\\\/uploads\\\/sites\\\/12\\\/2021\\\/04\\\/Elle-etait-policiere-Emmanuel-Macron-rend-hommage-a-Stephanie.jpg\",\"articleSection\":[\"NOUVELLES\"],\"inLanguage\":\"fr-FR\",\"potentialAction\":[{\"@type\":\"CommentAction\",\"name\":\"Comment\",\"target\":[\"https:\\\/\\\/favorite-news.com\\\/fr\\\/elle-etait-policiere-emmanuel-macron-rend-hommage-a-stephanie\\\/#respond\"]}]},{\"@type\":\"WebPage\",\"@id\":\"https:\\\/\\\/favorite-news.com\\\/fr\\\/elle-etait-policiere-emmanuel-macron-rend-hommage-a-stephanie\\\/\",\"url\":\"https:\\\/\\\/favorite-news.com\\\/fr\\\/elle-etait-policiere-emmanuel-macron-rend-hommage-a-stephanie\\\/\",\"name\":\"\u00ab\u00a0Elle \u00e9tait polici\u00e8re\u00a0\u00bb, Emmanuel Macron rend hommage \u00e0 St\u00e9phanie - Favorite News\",\"isPartOf\":{\"@id\":\"https:\\\/\\\/favorite-news.com\\\/fr\\\/#website\"},\"primaryImageOfPage\":{\"@id\":\"https:\\\/\\\/favorite-news.com\\\/fr\\\/elle-etait-policiere-emmanuel-macron-rend-hommage-a-stephanie\\\/#primaryimage\"},\"image\":{\"@id\":\"https:\\\/\\\/favorite-news.com\\\/fr\\\/elle-etait-policiere-emmanuel-macron-rend-hommage-a-stephanie\\\/#primaryimage\"},\"thumbnailUrl\":\"https:\\\/\\\/favorite-news.com\\\/fr\\\/wp-content\\\/uploads\\\/sites\\\/12\\\/2021\\\/04\\\/Elle-etait-policiere-Emmanuel-Macron-rend-hommage-a-Stephanie.jpg\",\"datePublished\":\"2021-04-23T17:21:31+00:00\",\"dateModified\":\"2021-04-23T17:21:34+00:00\",\"author\":{\"@id\":\"https:\\\/\\\/favorite-news.com\\\/fr\\\/#\\\/schema\\\/person\\\/b66c4cfdd10a5bf16d7d5efda647111f\"},\"breadcrumb\":{\"@id\":\"https:\\\/\\\/favorite-news.com\\\/fr\\\/elle-etait-policiere-emmanuel-macron-rend-hommage-a-stephanie\\\/#breadcrumb\"},\"inLanguage\":\"fr-FR\",\"potentialAction\":[{\"@type\":\"ReadAction\",\"target\":[\"https:\\\/\\\/favorite-news.com\\\/fr\\\/elle-etait-policiere-emmanuel-macron-rend-hommage-a-stephanie\\\/\"]}]},{\"@type\":\"ImageObject\",\"inLanguage\":\"fr-FR\",\"@id\":\"https:\\\/\\\/favorite-news.com\\\/fr\\\/elle-etait-policiere-emmanuel-macron-rend-hommage-a-stephanie\\\/#primaryimage\",\"url\":\"https:\\\/\\\/favorite-news.com\\\/fr\\\/wp-content\\\/uploads\\\/sites\\\/12\\\/2021\\\/04\\\/Elle-etait-policiere-Emmanuel-Macron-rend-hommage-a-Stephanie.jpg\",\"contentUrl\":\"https:\\\/\\\/favorite-news.com\\\/fr\\\/wp-content\\\/uploads\\\/sites\\\/12\\\/2021\\\/04\\\/Elle-etait-policiere-Emmanuel-Macron-rend-hommage-a-Stephanie.jpg\",\"width\":648,\"height\":360,\"caption\":\"\u00ab\u00a0Elle \u00e9tait polici\u00e8re\u00a0\u00bb, Emmanuel Macron rend hommage \u00e0 St\u00e9phanie\"},{\"@type\":\"BreadcrumbList\",\"@id\":\"https:\\\/\\\/favorite-news.com\\\/fr\\\/elle-etait-policiere-emmanuel-macron-rend-hommage-a-stephanie\\\/#breadcrumb\",\"itemListElement\":[{\"@type\":\"ListItem\",\"position\":1,\"name\":\"Home\",\"item\":\"https:\\\/\\\/favorite-news.com\\\/fr\\\/\"},{\"@type\":\"ListItem\",\"position\":2,\"name\":\"\u00ab\u00a0Elle \u00e9tait polici\u00e8re\u00a0\u00bb, Emmanuel Macron rend hommage \u00e0 St\u00e9phanie\"}]},{\"@type\":\"WebSite\",\"@id\":\"https:\\\/\\\/favorite-news.com\\\/fr\\\/#website\",\"url\":\"https:\\\/\\\/favorite-news.com\\\/fr\\\/\",\"name\":\"Favorite News\",\"description\":\"Favorite News France\",\"potentialAction\":[{\"@type\":\"SearchAction\",\"target\":{\"@type\":\"EntryPoint\",\"urlTemplate\":\"https:\\\/\\\/favorite-news.com\\\/fr\\\/?s={search_term_string}\"},\"query-input\":{\"@type\":\"PropertyValueSpecification\",\"valueRequired\":true,\"valueName\":\"search_term_string\"}}],\"inLanguage\":\"fr-FR\"},{\"@type\":\"Person\",\"@id\":\"https:\\\/\\\/favorite-news.com\\\/fr\\\/#\\\/schema\\\/person\\\/b66c4cfdd10a5bf16d7d5efda647111f\",\"name\":\"favorite-news\",\"image\":{\"@type\":\"ImageObject\",\"inLanguage\":\"fr-FR\",\"@id\":\"https:\\\/\\\/secure.gravatar.com\\\/avatar\\\/f89959e01423a9ee3c2debbcf830eb021c575de0e1b3781ca3ae392b71c615a1?s=96&d=mm&r=g\",\"url\":\"https:\\\/\\\/secure.gravatar.com\\\/avatar\\\/f89959e01423a9ee3c2debbcf830eb021c575de0e1b3781ca3ae392b71c615a1?s=96&d=mm&r=g\",\"contentUrl\":\"https:\\\/\\\/secure.gravatar.com\\\/avatar\\\/f89959e01423a9ee3c2debbcf830eb021c575de0e1b3781ca3ae392b71c615a1?s=96&d=mm&r=g\",\"caption\":\"favorite-news\"},\"url\":\"https:\\\/\\\/favorite-news.com\\\/fr\\\/author\\\/ruby\\\/\"}]}<\/script>\n<!-- \/ Yoast SEO plugin. -->","yoast_head_json":{"title":"\u00ab\u00a0Elle \u00e9tait polici\u00e8re\u00a0\u00bb, Emmanuel Macron rend hommage \u00e0 St\u00e9phanie - Favorite News","robots":{"index":"index","follow":"follow","max-snippet":"max-snippet:-1","max-image-preview":"max-image-preview:large","max-video-preview":"max-video-preview:-1"},"canonical":"https:\/\/favorite-news.com\/fr\/elle-etait-policiere-emmanuel-macron-rend-hommage-a-stephanie\/","og_locale":"fr_FR","og_type":"article","og_title":"\u00ab\u00a0Elle \u00e9tait polici\u00e8re\u00a0\u00bb, Emmanuel Macron rend hommage \u00e0 St\u00e9phanie - Favorite News","og_description":"En d\u00e9placement au Tchad, Emmanuel Macron a r\u00e9agi via Twitter \u00e0 l&rsquo;attaque du commissariat de Rambouillet, ce vendredi 23 avril 2021. \u2014 C PETIT TESSON \/ POOL\/SIPA C\u2019est via Twitter qu\u2019Emmanuel Macron a rendu hommage \u00e0 St\u00e9phanie, agente administrative de 49 ans, &#13; tu\u00e9e \u00e0 l&rsquo;arme blanche dans le commissariat de Rambouillet (Yvelines), vendredi en [&hellip;]","og_url":"https:\/\/favorite-news.com\/fr\/elle-etait-policiere-emmanuel-macron-rend-hommage-a-stephanie\/","og_site_name":"Favorite News","article_published_time":"2021-04-23T17:21:31+00:00","article_modified_time":"2021-04-23T17:21:34+00:00","og_image":[{"width":648,"height":360,"url":"https:\/\/favorite-news.com\/fr\/wp-content\/uploads\/sites\/12\/2021\/04\/Elle-etait-policiere-Emmanuel-Macron-rend-hommage-a-Stephanie.jpg","type":"image\/jpeg"}],"author":"favorite-news","twitter_card":"summary_large_image","twitter_misc":{"\u00c9crit par":"favorite-news","Dur\u00e9e de lecture estim\u00e9e":"1 minute"},"schema":{"@context":"https:\/\/schema.org","@graph":[{"@type":"Article","@id":"https:\/\/favorite-news.com\/fr\/elle-etait-policiere-emmanuel-macron-rend-hommage-a-stephanie\/#article","isPartOf":{"@id":"https:\/\/favorite-news.com\/fr\/elle-etait-policiere-emmanuel-macron-rend-hommage-a-stephanie\/"},"author":{"name":"favorite-news","@id":"https:\/\/favorite-news.com\/fr\/#\/schema\/person\/b66c4cfdd10a5bf16d7d5efda647111f"},"headline":"\u00ab\u00a0Elle \u00e9tait polici\u00e8re\u00a0\u00bb, Emmanuel Macron rend hommage \u00e0 St\u00e9phanie","datePublished":"2021-04-23T17:21:31+00:00","dateModified":"2021-04-23T17:21:34+00:00","mainEntityOfPage":{"@id":"https:\/\/favorite-news.com\/fr\/elle-etait-policiere-emmanuel-macron-rend-hommage-a-stephanie\/"},"wordCount":256,"commentCount":0,"image":{"@id":"https:\/\/favorite-news.com\/fr\/elle-etait-policiere-emmanuel-macron-rend-hommage-a-stephanie\/#primaryimage"},"thumbnailUrl":"https:\/\/favorite-news.com\/fr\/wp-content\/uploads\/sites\/12\/2021\/04\/Elle-etait-policiere-Emmanuel-Macron-rend-hommage-a-Stephanie.jpg","articleSection":["NOUVELLES"],"inLanguage":"fr-FR","potentialAction":[{"@type":"CommentAction","name":"Comment","target":["https:\/\/favorite-news.com\/fr\/elle-etait-policiere-emmanuel-macron-rend-hommage-a-stephanie\/#respond"]}]},{"@type":"WebPage","@id":"https:\/\/favorite-news.com\/fr\/elle-etait-policiere-emmanuel-macron-rend-hommage-a-stephanie\/","url":"https:\/\/favorite-news.com\/fr\/elle-etait-policiere-emmanuel-macron-rend-hommage-a-stephanie\/","name":"\u00ab\u00a0Elle \u00e9tait polici\u00e8re\u00a0\u00bb, Emmanuel Macron rend hommage \u00e0 St\u00e9phanie - Favorite News","isPartOf":{"@id":"https:\/\/favorite-news.com\/fr\/#website"},"primaryImageOfPage":{"@id":"https:\/\/favorite-news.com\/fr\/elle-etait-policiere-emmanuel-macron-rend-hommage-a-stephanie\/#primaryimage"},"image":{"@id":"https:\/\/favorite-news.com\/fr\/elle-etait-policiere-emmanuel-macron-rend-hommage-a-stephanie\/#primaryimage"},"thumbnailUrl":"https:\/\/favorite-news.com\/fr\/wp-content\/uploads\/sites\/12\/2021\/04\/Elle-etait-policiere-Emmanuel-Macron-rend-hommage-a-Stephanie.jpg","datePublished":"2021-04-23T17:21:31+00:00","dateModified":"2021-04-23T17:21:34+00:00","author":{"@id":"https:\/\/favorite-news.com\/fr\/#\/schema\/person\/b66c4cfdd10a5bf16d7d5efda647111f"},"breadcrumb":{"@id":"https:\/\/favorite-news.com\/fr\/elle-etait-policiere-emmanuel-macron-rend-hommage-a-stephanie\/#breadcrumb"},"inLanguage":"fr-FR","potentialAction":[{"@type":"ReadAction","target":["https:\/\/favorite-news.com\/fr\/elle-etait-policiere-emmanuel-macron-rend-hommage-a-stephanie\/"]}]},{"@type":"ImageObject","inLanguage":"fr-FR","@id":"https:\/\/favorite-news.com\/fr\/elle-etait-policiere-emmanuel-macron-rend-hommage-a-stephanie\/#primaryimage","url":"https:\/\/favorite-news.com\/fr\/wp-content\/uploads\/sites\/12\/2021\/04\/Elle-etait-policiere-Emmanuel-Macron-rend-hommage-a-Stephanie.jpg","contentUrl":"https:\/\/favorite-news.com\/fr\/wp-content\/uploads\/sites\/12\/2021\/04\/Elle-etait-policiere-Emmanuel-Macron-rend-hommage-a-Stephanie.jpg","width":648,"height":360,"caption":"\u00ab\u00a0Elle \u00e9tait polici\u00e8re\u00a0\u00bb, Emmanuel Macron rend hommage \u00e0 St\u00e9phanie"},{"@type":"BreadcrumbList","@id":"https:\/\/favorite-news.com\/fr\/elle-etait-policiere-emmanuel-macron-rend-hommage-a-stephanie\/#breadcrumb","itemListElement":[{"@type":"ListItem","position":1,"name":"Home","item":"https:\/\/favorite-news.com\/fr\/"},{"@type":"ListItem","position":2,"name":"\u00ab\u00a0Elle \u00e9tait polici\u00e8re\u00a0\u00bb, Emmanuel Macron rend hommage \u00e0 St\u00e9phanie"}]},{"@type":"WebSite","@id":"https:\/\/favorite-news.com\/fr\/#website","url":"https:\/\/favorite-news.com\/fr\/","name":"Favorite News","description":"Favorite News France","potentialAction":[{"@type":"SearchAction","target":{"@type":"EntryPoint","urlTemplate":"https:\/\/favorite-news.com\/fr\/?s={search_term_string}"},"query-input":{"@type":"PropertyValueSpecification","valueRequired":true,"valueName":"search_term_string"}}],"inLanguage":"fr-FR"},{"@type":"Person","@id":"https:\/\/favorite-news.com\/fr\/#\/schema\/person\/b66c4cfdd10a5bf16d7d5efda647111f","name":"favorite-news","image":{"@type":"ImageObject","inLanguage":"fr-FR","@id":"https:\/\/secure.gravatar.com\/avatar\/f89959e01423a9ee3c2debbcf830eb021c575de0e1b3781ca3ae392b71c615a1?s=96&d=mm&r=g","url":"https:\/\/secure.gravatar.com\/avatar\/f89959e01423a9ee3c2debbcf830eb021c575de0e1b3781ca3ae392b71c615a1?s=96&d=mm&r=g","contentUrl":"https:\/\/secure.gravatar.com\/avatar\/f89959e01423a9ee3c2debbcf830eb021c575de0e1b3781ca3ae392b71c615a1?s=96&d=mm&r=g","caption":"favorite-news"},"url":"https:\/\/favorite-news.com\/fr\/author\/ruby\/"}]}},"_links":{"self":[{"href":"https:\/\/favorite-news.com\/fr\/wp-json\/wp\/v2\/posts\/1294","targetHints":{"allow":["GET"]}}],"collection":[{"href":"https:\/\/favorite-news.com\/fr\/wp-json\/wp\/v2\/posts"}],"about":[{"href":"https:\/\/favorite-news.com\/fr\/wp-json\/wp\/v2\/types\/post"}],"author":[{"embeddable":true,"href":"https:\/\/favorite-news.com\/fr\/wp-json\/wp\/v2\/users\/1"}],"replies":[{"embeddable":true,"href":"https:\/\/favorite-news.com\/fr\/wp-json\/wp\/v2\/comments?post=1294"}],"version-history":[{"count":1,"href":"https:\/\/favorite-news.com\/fr\/wp-json\/wp\/v2\/posts\/1294\/revisions"}],"predecessor-version":[{"id":1296,"href":"https:\/\/favorite-news.com\/fr\/wp-json\/wp\/v2\/posts\/1294\/revisions\/1296"}],"wp:featuredmedia":[{"embeddable":true,"href":"https:\/\/favorite-news.com\/fr\/wp-json\/wp\/v2\/media\/1295"}],"wp:attachment":[{"href":"https:\/\/favorite-news.com\/fr\/wp-json\/wp\/v2\/media?parent=1294"}],"wp:term":[{"taxonomy":"category","embeddable":true,"href":"https:\/\/favorite-news.com\/fr\/wp-json\/wp\/v2\/categories?post=1294"},{"taxonomy":"post_tag","embeddable":true,"href":"https:\/\/favorite-news.com\/fr\/wp-json\/wp\/v2\/tags?post=1294"}],"curies":[{"name":"wp","href":"https:\/\/api.w.org\/{rel}","templated":true}]}}