{"id":1288,"date":"2021-04-22T17:21:01","date_gmt":"2021-04-22T17:21:01","guid":{"rendered":"https:\/\/favorite-news.com\/fr\/couvre-feu-rentree-scolaire-calendrier-de-reouverture-quarantaine-les-dernieres-annonces-de-jean-castex\/"},"modified":"2021-04-22T17:21:04","modified_gmt":"2021-04-22T17:21:04","slug":"couvre-feu-rentree-scolaire-calendrier-de-reouverture-quarantaine-les-dernieres-annonces-de-jean-castex","status":"publish","type":"post","link":"https:\/\/favorite-news.com\/fr\/couvre-feu-rentree-scolaire-calendrier-de-reouverture-quarantaine-les-dernieres-annonces-de-jean-castex\/","title":{"rendered":"Couvre-feu, rentr\u00e9e scolaire, calendrier de r\u00e9ouverture, quarantaine&#8230; Les derni\u00e8res annonces de Jean Castex"},"content":{"rendered":"<p>                Coronavirus : Ecoles, d\u00e9placements&#8230; Jean Castex fait plusieurs annonces \u2014 20 Minutes<br \/>\n            \u00ab\u00a0Le pic de la troisi\u00e8me vague semble derri\u00e8re nous, mais nous devons rester vigilants.\u00a0\u00bb Le Premier ministre, Jean Castex, a pris la parole ce jeudi soir, et a dress\u00e9 \u00ab\u00a0les perspectives qui se dessinent pour les prochaines semaines\u00a0\u00bb en mati\u00e8re de lutte contre le Covid-19 en France.<\/p>\n<p>Le Premier ministre a indiqu\u00e9 que \u00ab\u00a0la situation sanitaire s\u2019am\u00e9liore\u00a0\u00bb, avec une \u00ab\u00a0baisse r\u00e9elle\u00a0\u00bb de la circulation virale et un \u00ab\u00a0plateau des hospitalisations, qui fait esp\u00e9rer un reflux d\u2019ici quelques jours\u00a0\u00bb. Cependant, ces chiffres sont plus ou moins marqu\u00e9s selon les d\u00e9partements, Jean Castex a donc redit l\u2019importance de \u00ab\u00a0rester lucides sur la situation, et pleinement mobilis\u00e9s\u00a0\u00bb.<\/p>\n<p>Retour en classe \u00ab\u00a0dans le cadre sanitaire le plus protecteur possible\u00a0\u00bb<\/p>\n<p>Il a \u00ab\u00a0confirm\u00e9 la reprise des enseignements scolaires d\u00e8s la semaine prochaine\u00a0\u00bb, avec un retour en classe pour les maternelles et primaires \u00e0 compter du 26\u00a0avril, pour les coll\u00e8ges et lyc\u00e9e \u00e0 partir du 6\u00a0mai. Les coll\u00e8ges situ\u00e9s dans les zones les plus touch\u00e9es par l\u2019\u00e9pid\u00e9mie conna\u00eetront une rentr\u00e9e en demi-jauge, comme les lyc\u00e9es, a pr\u00e9cis\u00e9 le ministre de l\u2019\u00e9ducation, Jean-Michel Blanquer.<\/p>\n<p>Jean Castex a soulign\u00e9 que cette rentr\u00e9e se ferait \u00ab\u00a0dans le cadre sanitaire le plus protecteur possible\u00a0\u00bb, avec \u00ab\u00a0un protocole tr\u00e8s strict\u00a0\u00bb et \u00ab\u00a0un renforcement massif\u00a0\u00bb des tests. Ainsi, 400,000 tests salivaires seront disponibles par semaine, avec une concentration dans les d\u00e9partements o\u00f9 l\u2019incidence est la plus \u00e9lev\u00e9e. Et l\u2019objectif est d\u2019arriver \u00e0 600.000 par semaine d\u2019ici la mi-mai.<\/p>\n<p>Par ailleurs, 64\u00a0millions d\u2019autotests ont \u00e9t\u00e9 command\u00e9s pour les personnels de l\u2019\u00e9ducation nationale puis les lyc\u00e9ens \u00e0 partir du 10\u00a0mai. Le Premier ministre a pr\u00e9cis\u00e9 que ces derniers \u00e9taient pour l\u2019heure r\u00e9serv\u00e9s aux plus de 15 ans, mais que la Haute autorit\u00e9 de sant\u00e9 (HAS) allait rendre un avis la semaine prochaine pour en faire \u00e9galement b\u00e9n\u00e9ficier les populations plus jeunes.<\/p>\n<p>14\u00a0millions de personnes vaccin\u00e9es<\/p>\n<p>En ce qui concerne la vaccination, \u00ab\u00a0d\u2019ici la fin de la semaine, 14\u00a0millions de personnes auront re\u00e7u une premi\u00e8re dose de vaccin, soit un quart de la population adulte\u00a0\u00bb, s\u2019est f\u00e9licit\u00e9 Jean Castex, pr\u00e9cisant que la majorit\u00e9 des personnes vuln\u00e9rables avaient \u00e9t\u00e9 vaccin\u00e9e\u00a0:\u00a0\u00ab\u00a0Presque 100\u00a0% dans les Ehpad, 70\u00a0% des plus de 75 ans, 70\u00a0% des professionnels de sant\u00e9 ont re\u00e7u une premi\u00e8re dose\u00a0\u00bb. Le Premier ministre a soulign\u00e9 que la vaccination allait \u00eatre ouverte aux personnels prioritaires, dont la liste avait \u00e9t\u00e9 \u00e9tablie apr\u00e8s des r\u00e9unions de concertation avec les partenaires sociaux.<\/p>\n<p>Il a confirm\u00e9 que l\u2019objectif \u00e9tait toujours le m\u00eame\u00a0:\u00a0\u00ab\u00a0Proposer la vaccination \u00e0 tous d\u2019ici la fin de l\u2019\u00e9t\u00e9\u00a0\u00bb, avec 20\u00a0millions de Fran\u00e7ais ayant re\u00e7u une premi\u00e8re injection \u00e0 mi-mai et 30\u00a0millions \u00e0 mi-juin. Pour ce faire, 7\u00a0millions de doses Pfizer suppl\u00e9mentaires doivent \u00eatre livr\u00e9es entre mi-mai et fin juin, a-t-il annonc\u00e9.<\/p>\n<p>Enfin, le Premier ministre comme le ministre de la Sant\u00e9, Olivier V\u00e9ran, sont revenus sur le vaccin AstraZeneca, aux effets ind\u00e9sirables \u00ab\u00a0rarissimes\u00a0\u00bb, et dont l\u2019efficacit\u00e9 \u00e0 \u00e9t\u00e9 \u00ab\u00a0r\u00e9affirm\u00e9e\u00a0\u00bb par l\u2019HAS et l\u2019agence\u00a0europ\u00e9enne\u00a0des m\u00e9dicaments (EMA). Jean Castex a rappel\u00e9 qu\u2019il \u00e9tait d\u00e9sormais r\u00e9serv\u00e9 aux plus de 55 ans, et que quelque 11\u00a0millions de personnes de cette cat\u00e9gorie d\u2019\u00e2ge ne sont pas encore vaccin\u00e9es.<\/p>\n<p>Un retour \u00e0 la normale \u00ab\u00a0par \u00e9tapes, de fa\u00e7on prudente et progressive\u00a0\u00bb<\/p>\n<p>\u00ab\u00a0Nous aspirons tous\u00a0\u00bb au retour \u00e0 une vie normale, a dit Jean Castex, confirmant que le gouvernement souhaite qu\u2019elle puisse commencer vers la mi-mai, comme l\u2019avait annonc\u00e9 Emmanuel Macron fin mars. Ce retour se fera \u00ab\u00a0par \u00e9tapes, de fa\u00e7on prudente et progressive\u00a0\u00bb, et en respect des gestes barri\u00e8res, sur une base territorialis\u00e9e, a-t-il indiqu\u00e9 en pr\u00e9sentant le calendrier de r\u00e9ouverture envisag\u00e9.<\/p>\n<p>Ce dernier se pr\u00e9sente comme suit\u00a0:\u00a0lev\u00e9e des contraintes de d\u00e9placement en journ\u00e9e le 3\u00a0mai, puis nouveau train de r\u00e9ouverture \u00e0 la mi-mai, qui pourrait concerner \u00ab\u00a0les commerces, certaines activit\u00e9s sportives, les terrasses\u00a0\u00bb, a-t-il \u00e9num\u00e9r\u00e9, pr\u00e9cisant que la liste n\u2019avait pas encore \u00e9t\u00e9 fix\u00e9e. Le couvre-feu sera\u00a0par ailleurs maintenu au moins jusqu\u2019\u00e0 la mi-mai.<\/p>\n<p>Quarantaine pour les arriv\u00e9es depuis cinq pays<\/p>\n<p>Enfin, Jean Castex et le ministre de l\u2019Int\u00e9rieur, G\u00e9rald Darmanin, ont \u00e9voqu\u00e9 le sujet des fronti\u00e8res, le Premier ministre soulignant que \u00ab\u00a0l\u2019apparition de nouveaux variants justifie de durcir plus encore\u00a0\u00bb les conditions d\u2019entr\u00e9e sur le territoire. D\u00e8s samedi, le syst\u00e8me de contr\u00f4le sera donc renforc\u00e9 avec une quarantaine de 10 jours pour \u00ab\u00a0tous\u00a0\u00bb les passagers en provenance du Br\u00e9sil, du Chili, d\u2019Afrique du Sud, de l\u2019Argentine et de l\u2019Inde \u00ab\u00a0d\u00e9cid\u00e9e par arr\u00eat\u00e9 pr\u00e9fectoral\u00a0\u00bb, et \u00ab\u00a0quel que soit le r\u00e9sultat de leur test, positif ou n\u00e9gatif\u00a0\u00bb \u00e0 l\u2019arriv\u00e9e en France, a pr\u00e9cis\u00e9 G\u00e9rald Darmanin.<\/p>\n<p>Cet \u00ab\u00a0arr\u00eat\u00e9 de quarantaine s\u2019appliquera en lieu et place de l\u2019engagement \u00e0 respecter un isolement de 7 jours que doivent prendre aujourd\u2019hui les voyageurs arrivant en France\u00a0\u00bb. Ces derniers, a-t-il poursuivi, devront justifier \u00e0 leur arriv\u00e9e d\u2019un \u00ab\u00a0test PCR de moins de 36 heures\u00a0\u00bb, et seront \u00ab\u00a0syst\u00e9matiquement\u00a0\u00bb test\u00e9s \u00e0 nouveau par un \u00ab\u00a0test antig\u00e9nique\u00a0\u00bb.<\/p>\n<p>\n<!--noindex--><br \/>\n<a href=\"https:\/\/www.20minutes.fr\/sante\/3027179-20210422-coronavirus-couvre-feu-rentree-scolaire-calendrier-reouverture-quarantaine-dernieres-annonces-jean-castex#xtor=RSS-149\" rel=\"nofollow\">Source link <\/a><br \/>\n<!--\/noindex--><\/p>\n","protected":false},"excerpt":{"rendered":"<p>Coronavirus : Ecoles, d\u00e9placements&#8230; Jean Castex fait plusieurs annonces \u2014 20 Minutes \u00ab\u00a0Le pic de la troisi\u00e8me vague semble derri\u00e8re nous, mais nous devons rester vigilants.\u00a0\u00bb Le Premier ministre, Jean Castex, a pris la parole ce jeudi soir, et a dress\u00e9 \u00ab\u00a0les perspectives qui se dessinent pour les prochaines semaines\u00a0\u00bb en mati\u00e8re de lutte contre [&hellip;]<\/p>\n","protected":false},"author":1,"featured_media":1289,"comment_status":"open","ping_status":"open","sticky":false,"template":"","format":"standard","meta":{"footnotes":""},"categories":[1],"tags":[],"class_list":["post-1288","post","type-post","status-publish","format-standard","has-post-thumbnail","hentry","category-nouvelles"],"yoast_head":"<!-- This site is optimized with the Yoast SEO plugin v27.4 - https:\/\/yoast.com\/product\/yoast-seo-wordpress\/ -->\n<title>Couvre-feu, rentr\u00e9e scolaire, calendrier de r\u00e9ouverture, quarantaine... Les derni\u00e8res annonces de Jean Castex - Favorite News<\/title>\n<meta name=\"robots\" content=\"index, follow, max-snippet:-1, max-image-preview:large, max-video-preview:-1\" \/>\n<link rel=\"canonical\" href=\"https:\/\/favorite-news.com\/fr\/couvre-feu-rentree-scolaire-calendrier-de-reouverture-quarantaine-les-dernieres-annonces-de-jean-castex\/\" \/>\n<meta property=\"og:locale\" content=\"fr_FR\" \/>\n<meta property=\"og:type\" content=\"article\" \/>\n<meta property=\"og:title\" content=\"Couvre-feu, rentr\u00e9e scolaire, calendrier de r\u00e9ouverture, quarantaine... Les derni\u00e8res annonces de Jean Castex - Favorite News\" \/>\n<meta property=\"og:description\" content=\"Coronavirus : Ecoles, d\u00e9placements&#8230; Jean Castex fait plusieurs annonces \u2014 20 Minutes \u00ab\u00a0Le pic de la troisi\u00e8me vague semble derri\u00e8re nous, mais nous devons rester vigilants.\u00a0\u00bb Le Premier ministre, Jean Castex, a pris la parole ce jeudi soir, et a dress\u00e9 \u00ab\u00a0les perspectives qui se dessinent pour les prochaines semaines\u00a0\u00bb en mati\u00e8re de lutte contre [&hellip;]\" \/>\n<meta property=\"og:url\" content=\"https:\/\/favorite-news.com\/fr\/couvre-feu-rentree-scolaire-calendrier-de-reouverture-quarantaine-les-dernieres-annonces-de-jean-castex\/\" \/>\n<meta property=\"og:site_name\" content=\"Favorite News\" \/>\n<meta property=\"article:published_time\" content=\"2021-04-22T17:21:01+00:00\" \/>\n<meta property=\"article:modified_time\" content=\"2021-04-22T17:21:04+00:00\" \/>\n<meta property=\"og:image\" content=\"https:\/\/favorite-news.com\/fr\/wp-content\/uploads\/sites\/12\/2021\/04\/Couvre-feu-rentree-scolaire-calendrier-de-reouverture-quarantaine-Les-dernieres-annonces.jpg\" \/>\n\t<meta property=\"og:image:width\" content=\"648\" \/>\n\t<meta property=\"og:image:height\" content=\"360\" \/>\n\t<meta property=\"og:image:type\" content=\"image\/jpeg\" \/>\n<meta name=\"author\" content=\"favorite-news\" \/>\n<meta name=\"twitter:card\" content=\"summary_large_image\" \/>\n<meta name=\"twitter:label1\" content=\"\u00c9crit par\" \/>\n\t<meta name=\"twitter:data1\" content=\"favorite-news\" \/>\n\t<meta name=\"twitter:label2\" content=\"Dur\u00e9e de lecture estim\u00e9e\" \/>\n\t<meta name=\"twitter:data2\" content=\"5 minutes\" \/>\n<script type=\"application\/ld+json\" class=\"yoast-schema-graph\">{\"@context\":\"https:\\\/\\\/schema.org\",\"@graph\":[{\"@type\":\"Article\",\"@id\":\"https:\\\/\\\/favorite-news.com\\\/fr\\\/couvre-feu-rentree-scolaire-calendrier-de-reouverture-quarantaine-les-dernieres-annonces-de-jean-castex\\\/#article\",\"isPartOf\":{\"@id\":\"https:\\\/\\\/favorite-news.com\\\/fr\\\/couvre-feu-rentree-scolaire-calendrier-de-reouverture-quarantaine-les-dernieres-annonces-de-jean-castex\\\/\"},\"author\":{\"name\":\"favorite-news\",\"@id\":\"https:\\\/\\\/favorite-news.com\\\/fr\\\/#\\\/schema\\\/person\\\/b66c4cfdd10a5bf16d7d5efda647111f\"},\"headline\":\"Couvre-feu, rentr\u00e9e scolaire, calendrier de r\u00e9ouverture, quarantaine&#8230; Les derni\u00e8res annonces de Jean Castex\",\"datePublished\":\"2021-04-22T17:21:01+00:00\",\"dateModified\":\"2021-04-22T17:21:04+00:00\",\"mainEntityOfPage\":{\"@id\":\"https:\\\/\\\/favorite-news.com\\\/fr\\\/couvre-feu-rentree-scolaire-calendrier-de-reouverture-quarantaine-les-dernieres-annonces-de-jean-castex\\\/\"},\"wordCount\":926,\"commentCount\":0,\"image\":{\"@id\":\"https:\\\/\\\/favorite-news.com\\\/fr\\\/couvre-feu-rentree-scolaire-calendrier-de-reouverture-quarantaine-les-dernieres-annonces-de-jean-castex\\\/#primaryimage\"},\"thumbnailUrl\":\"https:\\\/\\\/favorite-news.com\\\/fr\\\/wp-content\\\/uploads\\\/sites\\\/12\\\/2021\\\/04\\\/Couvre-feu-rentree-scolaire-calendrier-de-reouverture-quarantaine-Les-dernieres-annonces.jpg\",\"articleSection\":[\"NOUVELLES\"],\"inLanguage\":\"fr-FR\",\"potentialAction\":[{\"@type\":\"CommentAction\",\"name\":\"Comment\",\"target\":[\"https:\\\/\\\/favorite-news.com\\\/fr\\\/couvre-feu-rentree-scolaire-calendrier-de-reouverture-quarantaine-les-dernieres-annonces-de-jean-castex\\\/#respond\"]}]},{\"@type\":\"WebPage\",\"@id\":\"https:\\\/\\\/favorite-news.com\\\/fr\\\/couvre-feu-rentree-scolaire-calendrier-de-reouverture-quarantaine-les-dernieres-annonces-de-jean-castex\\\/\",\"url\":\"https:\\\/\\\/favorite-news.com\\\/fr\\\/couvre-feu-rentree-scolaire-calendrier-de-reouverture-quarantaine-les-dernieres-annonces-de-jean-castex\\\/\",\"name\":\"Couvre-feu, rentr\u00e9e scolaire, calendrier de r\u00e9ouverture, quarantaine... Les derni\u00e8res annonces de Jean Castex - Favorite News\",\"isPartOf\":{\"@id\":\"https:\\\/\\\/favorite-news.com\\\/fr\\\/#website\"},\"primaryImageOfPage\":{\"@id\":\"https:\\\/\\\/favorite-news.com\\\/fr\\\/couvre-feu-rentree-scolaire-calendrier-de-reouverture-quarantaine-les-dernieres-annonces-de-jean-castex\\\/#primaryimage\"},\"image\":{\"@id\":\"https:\\\/\\\/favorite-news.com\\\/fr\\\/couvre-feu-rentree-scolaire-calendrier-de-reouverture-quarantaine-les-dernieres-annonces-de-jean-castex\\\/#primaryimage\"},\"thumbnailUrl\":\"https:\\\/\\\/favorite-news.com\\\/fr\\\/wp-content\\\/uploads\\\/sites\\\/12\\\/2021\\\/04\\\/Couvre-feu-rentree-scolaire-calendrier-de-reouverture-quarantaine-Les-dernieres-annonces.jpg\",\"datePublished\":\"2021-04-22T17:21:01+00:00\",\"dateModified\":\"2021-04-22T17:21:04+00:00\",\"author\":{\"@id\":\"https:\\\/\\\/favorite-news.com\\\/fr\\\/#\\\/schema\\\/person\\\/b66c4cfdd10a5bf16d7d5efda647111f\"},\"breadcrumb\":{\"@id\":\"https:\\\/\\\/favorite-news.com\\\/fr\\\/couvre-feu-rentree-scolaire-calendrier-de-reouverture-quarantaine-les-dernieres-annonces-de-jean-castex\\\/#breadcrumb\"},\"inLanguage\":\"fr-FR\",\"potentialAction\":[{\"@type\":\"ReadAction\",\"target\":[\"https:\\\/\\\/favorite-news.com\\\/fr\\\/couvre-feu-rentree-scolaire-calendrier-de-reouverture-quarantaine-les-dernieres-annonces-de-jean-castex\\\/\"]}]},{\"@type\":\"ImageObject\",\"inLanguage\":\"fr-FR\",\"@id\":\"https:\\\/\\\/favorite-news.com\\\/fr\\\/couvre-feu-rentree-scolaire-calendrier-de-reouverture-quarantaine-les-dernieres-annonces-de-jean-castex\\\/#primaryimage\",\"url\":\"https:\\\/\\\/favorite-news.com\\\/fr\\\/wp-content\\\/uploads\\\/sites\\\/12\\\/2021\\\/04\\\/Couvre-feu-rentree-scolaire-calendrier-de-reouverture-quarantaine-Les-dernieres-annonces.jpg\",\"contentUrl\":\"https:\\\/\\\/favorite-news.com\\\/fr\\\/wp-content\\\/uploads\\\/sites\\\/12\\\/2021\\\/04\\\/Couvre-feu-rentree-scolaire-calendrier-de-reouverture-quarantaine-Les-dernieres-annonces.jpg\",\"width\":648,\"height\":360,\"caption\":\"Couvre-feu, rentr\u00e9e scolaire, calendrier de r\u00e9ouverture, quarantaine... Les derni\u00e8res annonces de Jean Castex\"},{\"@type\":\"BreadcrumbList\",\"@id\":\"https:\\\/\\\/favorite-news.com\\\/fr\\\/couvre-feu-rentree-scolaire-calendrier-de-reouverture-quarantaine-les-dernieres-annonces-de-jean-castex\\\/#breadcrumb\",\"itemListElement\":[{\"@type\":\"ListItem\",\"position\":1,\"name\":\"Home\",\"item\":\"https:\\\/\\\/favorite-news.com\\\/fr\\\/\"},{\"@type\":\"ListItem\",\"position\":2,\"name\":\"Couvre-feu, rentr\u00e9e scolaire, calendrier de r\u00e9ouverture, quarantaine&#8230; Les derni\u00e8res annonces de Jean Castex\"}]},{\"@type\":\"WebSite\",\"@id\":\"https:\\\/\\\/favorite-news.com\\\/fr\\\/#website\",\"url\":\"https:\\\/\\\/favorite-news.com\\\/fr\\\/\",\"name\":\"Favorite News\",\"description\":\"Favorite News France\",\"potentialAction\":[{\"@type\":\"SearchAction\",\"target\":{\"@type\":\"EntryPoint\",\"urlTemplate\":\"https:\\\/\\\/favorite-news.com\\\/fr\\\/?s={search_term_string}\"},\"query-input\":{\"@type\":\"PropertyValueSpecification\",\"valueRequired\":true,\"valueName\":\"search_term_string\"}}],\"inLanguage\":\"fr-FR\"},{\"@type\":\"Person\",\"@id\":\"https:\\\/\\\/favorite-news.com\\\/fr\\\/#\\\/schema\\\/person\\\/b66c4cfdd10a5bf16d7d5efda647111f\",\"name\":\"favorite-news\",\"image\":{\"@type\":\"ImageObject\",\"inLanguage\":\"fr-FR\",\"@id\":\"https:\\\/\\\/secure.gravatar.com\\\/avatar\\\/f89959e01423a9ee3c2debbcf830eb021c575de0e1b3781ca3ae392b71c615a1?s=96&d=mm&r=g\",\"url\":\"https:\\\/\\\/secure.gravatar.com\\\/avatar\\\/f89959e01423a9ee3c2debbcf830eb021c575de0e1b3781ca3ae392b71c615a1?s=96&d=mm&r=g\",\"contentUrl\":\"https:\\\/\\\/secure.gravatar.com\\\/avatar\\\/f89959e01423a9ee3c2debbcf830eb021c575de0e1b3781ca3ae392b71c615a1?s=96&d=mm&r=g\",\"caption\":\"favorite-news\"},\"url\":\"https:\\\/\\\/favorite-news.com\\\/fr\\\/author\\\/ruby\\\/\"}]}<\/script>\n<!-- \/ Yoast SEO plugin. -->","yoast_head_json":{"title":"Couvre-feu, rentr\u00e9e scolaire, calendrier de r\u00e9ouverture, quarantaine... Les derni\u00e8res annonces de Jean Castex - Favorite News","robots":{"index":"index","follow":"follow","max-snippet":"max-snippet:-1","max-image-preview":"max-image-preview:large","max-video-preview":"max-video-preview:-1"},"canonical":"https:\/\/favorite-news.com\/fr\/couvre-feu-rentree-scolaire-calendrier-de-reouverture-quarantaine-les-dernieres-annonces-de-jean-castex\/","og_locale":"fr_FR","og_type":"article","og_title":"Couvre-feu, rentr\u00e9e scolaire, calendrier de r\u00e9ouverture, quarantaine... Les derni\u00e8res annonces de Jean Castex - Favorite News","og_description":"Coronavirus : Ecoles, d\u00e9placements&#8230; Jean Castex fait plusieurs annonces \u2014 20 Minutes \u00ab\u00a0Le pic de la troisi\u00e8me vague semble derri\u00e8re nous, mais nous devons rester vigilants.\u00a0\u00bb Le Premier ministre, Jean Castex, a pris la parole ce jeudi soir, et a dress\u00e9 \u00ab\u00a0les perspectives qui se dessinent pour les prochaines semaines\u00a0\u00bb en mati\u00e8re de lutte contre [&hellip;]","og_url":"https:\/\/favorite-news.com\/fr\/couvre-feu-rentree-scolaire-calendrier-de-reouverture-quarantaine-les-dernieres-annonces-de-jean-castex\/","og_site_name":"Favorite News","article_published_time":"2021-04-22T17:21:01+00:00","article_modified_time":"2021-04-22T17:21:04+00:00","og_image":[{"width":648,"height":360,"url":"https:\/\/favorite-news.com\/fr\/wp-content\/uploads\/sites\/12\/2021\/04\/Couvre-feu-rentree-scolaire-calendrier-de-reouverture-quarantaine-Les-dernieres-annonces.jpg","type":"image\/jpeg"}],"author":"favorite-news","twitter_card":"summary_large_image","twitter_misc":{"\u00c9crit par":"favorite-news","Dur\u00e9e de lecture estim\u00e9e":"5 minutes"},"schema":{"@context":"https:\/\/schema.org","@graph":[{"@type":"Article","@id":"https:\/\/favorite-news.com\/fr\/couvre-feu-rentree-scolaire-calendrier-de-reouverture-quarantaine-les-dernieres-annonces-de-jean-castex\/#article","isPartOf":{"@id":"https:\/\/favorite-news.com\/fr\/couvre-feu-rentree-scolaire-calendrier-de-reouverture-quarantaine-les-dernieres-annonces-de-jean-castex\/"},"author":{"name":"favorite-news","@id":"https:\/\/favorite-news.com\/fr\/#\/schema\/person\/b66c4cfdd10a5bf16d7d5efda647111f"},"headline":"Couvre-feu, rentr\u00e9e scolaire, calendrier de r\u00e9ouverture, quarantaine&#8230; Les derni\u00e8res annonces de Jean Castex","datePublished":"2021-04-22T17:21:01+00:00","dateModified":"2021-04-22T17:21:04+00:00","mainEntityOfPage":{"@id":"https:\/\/favorite-news.com\/fr\/couvre-feu-rentree-scolaire-calendrier-de-reouverture-quarantaine-les-dernieres-annonces-de-jean-castex\/"},"wordCount":926,"commentCount":0,"image":{"@id":"https:\/\/favorite-news.com\/fr\/couvre-feu-rentree-scolaire-calendrier-de-reouverture-quarantaine-les-dernieres-annonces-de-jean-castex\/#primaryimage"},"thumbnailUrl":"https:\/\/favorite-news.com\/fr\/wp-content\/uploads\/sites\/12\/2021\/04\/Couvre-feu-rentree-scolaire-calendrier-de-reouverture-quarantaine-Les-dernieres-annonces.jpg","articleSection":["NOUVELLES"],"inLanguage":"fr-FR","potentialAction":[{"@type":"CommentAction","name":"Comment","target":["https:\/\/favorite-news.com\/fr\/couvre-feu-rentree-scolaire-calendrier-de-reouverture-quarantaine-les-dernieres-annonces-de-jean-castex\/#respond"]}]},{"@type":"WebPage","@id":"https:\/\/favorite-news.com\/fr\/couvre-feu-rentree-scolaire-calendrier-de-reouverture-quarantaine-les-dernieres-annonces-de-jean-castex\/","url":"https:\/\/favorite-news.com\/fr\/couvre-feu-rentree-scolaire-calendrier-de-reouverture-quarantaine-les-dernieres-annonces-de-jean-castex\/","name":"Couvre-feu, rentr\u00e9e scolaire, calendrier de r\u00e9ouverture, quarantaine... Les derni\u00e8res annonces de Jean Castex - Favorite News","isPartOf":{"@id":"https:\/\/favorite-news.com\/fr\/#website"},"primaryImageOfPage":{"@id":"https:\/\/favorite-news.com\/fr\/couvre-feu-rentree-scolaire-calendrier-de-reouverture-quarantaine-les-dernieres-annonces-de-jean-castex\/#primaryimage"},"image":{"@id":"https:\/\/favorite-news.com\/fr\/couvre-feu-rentree-scolaire-calendrier-de-reouverture-quarantaine-les-dernieres-annonces-de-jean-castex\/#primaryimage"},"thumbnailUrl":"https:\/\/favorite-news.com\/fr\/wp-content\/uploads\/sites\/12\/2021\/04\/Couvre-feu-rentree-scolaire-calendrier-de-reouverture-quarantaine-Les-dernieres-annonces.jpg","datePublished":"2021-04-22T17:21:01+00:00","dateModified":"2021-04-22T17:21:04+00:00","author":{"@id":"https:\/\/favorite-news.com\/fr\/#\/schema\/person\/b66c4cfdd10a5bf16d7d5efda647111f"},"breadcrumb":{"@id":"https:\/\/favorite-news.com\/fr\/couvre-feu-rentree-scolaire-calendrier-de-reouverture-quarantaine-les-dernieres-annonces-de-jean-castex\/#breadcrumb"},"inLanguage":"fr-FR","potentialAction":[{"@type":"ReadAction","target":["https:\/\/favorite-news.com\/fr\/couvre-feu-rentree-scolaire-calendrier-de-reouverture-quarantaine-les-dernieres-annonces-de-jean-castex\/"]}]},{"@type":"ImageObject","inLanguage":"fr-FR","@id":"https:\/\/favorite-news.com\/fr\/couvre-feu-rentree-scolaire-calendrier-de-reouverture-quarantaine-les-dernieres-annonces-de-jean-castex\/#primaryimage","url":"https:\/\/favorite-news.com\/fr\/wp-content\/uploads\/sites\/12\/2021\/04\/Couvre-feu-rentree-scolaire-calendrier-de-reouverture-quarantaine-Les-dernieres-annonces.jpg","contentUrl":"https:\/\/favorite-news.com\/fr\/wp-content\/uploads\/sites\/12\/2021\/04\/Couvre-feu-rentree-scolaire-calendrier-de-reouverture-quarantaine-Les-dernieres-annonces.jpg","width":648,"height":360,"caption":"Couvre-feu, rentr\u00e9e scolaire, calendrier de r\u00e9ouverture, quarantaine... Les derni\u00e8res annonces de Jean Castex"},{"@type":"BreadcrumbList","@id":"https:\/\/favorite-news.com\/fr\/couvre-feu-rentree-scolaire-calendrier-de-reouverture-quarantaine-les-dernieres-annonces-de-jean-castex\/#breadcrumb","itemListElement":[{"@type":"ListItem","position":1,"name":"Home","item":"https:\/\/favorite-news.com\/fr\/"},{"@type":"ListItem","position":2,"name":"Couvre-feu, rentr\u00e9e scolaire, calendrier de r\u00e9ouverture, quarantaine&#8230; Les derni\u00e8res annonces de Jean Castex"}]},{"@type":"WebSite","@id":"https:\/\/favorite-news.com\/fr\/#website","url":"https:\/\/favorite-news.com\/fr\/","name":"Favorite News","description":"Favorite News France","potentialAction":[{"@type":"SearchAction","target":{"@type":"EntryPoint","urlTemplate":"https:\/\/favorite-news.com\/fr\/?s={search_term_string}"},"query-input":{"@type":"PropertyValueSpecification","valueRequired":true,"valueName":"search_term_string"}}],"inLanguage":"fr-FR"},{"@type":"Person","@id":"https:\/\/favorite-news.com\/fr\/#\/schema\/person\/b66c4cfdd10a5bf16d7d5efda647111f","name":"favorite-news","image":{"@type":"ImageObject","inLanguage":"fr-FR","@id":"https:\/\/secure.gravatar.com\/avatar\/f89959e01423a9ee3c2debbcf830eb021c575de0e1b3781ca3ae392b71c615a1?s=96&d=mm&r=g","url":"https:\/\/secure.gravatar.com\/avatar\/f89959e01423a9ee3c2debbcf830eb021c575de0e1b3781ca3ae392b71c615a1?s=96&d=mm&r=g","contentUrl":"https:\/\/secure.gravatar.com\/avatar\/f89959e01423a9ee3c2debbcf830eb021c575de0e1b3781ca3ae392b71c615a1?s=96&d=mm&r=g","caption":"favorite-news"},"url":"https:\/\/favorite-news.com\/fr\/author\/ruby\/"}]}},"_links":{"self":[{"href":"https:\/\/favorite-news.com\/fr\/wp-json\/wp\/v2\/posts\/1288","targetHints":{"allow":["GET"]}}],"collection":[{"href":"https:\/\/favorite-news.com\/fr\/wp-json\/wp\/v2\/posts"}],"about":[{"href":"https:\/\/favorite-news.com\/fr\/wp-json\/wp\/v2\/types\/post"}],"author":[{"embeddable":true,"href":"https:\/\/favorite-news.com\/fr\/wp-json\/wp\/v2\/users\/1"}],"replies":[{"embeddable":true,"href":"https:\/\/favorite-news.com\/fr\/wp-json\/wp\/v2\/comments?post=1288"}],"version-history":[{"count":1,"href":"https:\/\/favorite-news.com\/fr\/wp-json\/wp\/v2\/posts\/1288\/revisions"}],"predecessor-version":[{"id":1290,"href":"https:\/\/favorite-news.com\/fr\/wp-json\/wp\/v2\/posts\/1288\/revisions\/1290"}],"wp:featuredmedia":[{"embeddable":true,"href":"https:\/\/favorite-news.com\/fr\/wp-json\/wp\/v2\/media\/1289"}],"wp:attachment":[{"href":"https:\/\/favorite-news.com\/fr\/wp-json\/wp\/v2\/media?parent=1288"}],"wp:term":[{"taxonomy":"category","embeddable":true,"href":"https:\/\/favorite-news.com\/fr\/wp-json\/wp\/v2\/categories?post=1288"},{"taxonomy":"post_tag","embeddable":true,"href":"https:\/\/favorite-news.com\/fr\/wp-json\/wp\/v2\/tags?post=1288"}],"curies":[{"name":"wp","href":"https:\/\/api.w.org\/{rel}","templated":true}]}}