{"id":1270,"date":"2021-04-19T16:51:52","date_gmt":"2021-04-19T16:51:52","guid":{"rendered":"https:\/\/favorite-news.com\/fr\/city-chelsea-et-le-real-madrid-exclus-des-demi-finales-de-la-ligue-des-champions\/"},"modified":"2021-04-19T16:51:54","modified_gmt":"2021-04-19T16:51:54","slug":"city-chelsea-et-le-real-madrid-exclus-des-demi-finales-de-la-ligue-des-champions","status":"publish","type":"post","link":"https:\/\/favorite-news.com\/fr\/city-chelsea-et-le-real-madrid-exclus-des-demi-finales-de-la-ligue-des-champions\/","title":{"rendered":"City, Chelsea, et le Real Madrid exclus des demi-finales de la Ligue des champions ?"},"content":{"rendered":"<p>14h25\u00a0:\u00a0Le syndicat des joueurs s\u2019opposera \u00e0 d\u2019\u00e9ventuelles exclusions des \u00e9quipes nationales<\/p>\n<p>L\u2019annonce fracassante de la cr\u00e9ation de cette Super Ligue, survenue dans la nuit de dimanche \u00e0 lundi, \u00ab\u00a0laisse les joueurs avec beaucoup d\u2019inqui\u00e9tudes et de questions\u00a0\u00bb, explique la Fifpro, le syndicat des joueurs, dans un communiqu\u00e9. \u00ab\u00a0Une nouvelle comp\u00e9tition minimisant (la coop\u00e9ration solidaire entre comp\u00e9titions domestiques et internationales) pourrait causer des dommages irr\u00e9parables\u00a0\u00bb, ajoute le syndicat, regrettant que les joueurs soient \u00ab\u00a0utilis\u00e9s comme actifs et leviers dans ces n\u00e9gociations\u00a0\u00bb.<\/p>\n<p>La Fifpro pr\u00e9vient par ailleurs qu\u2019elle \u00ab\u00a0s\u2019opposera vigoureusement aux mesures des deux parties qui pourraient entraver les droits des joueurs, tels que l\u2019exclusion de leurs \u00e9quipes nationales\u00a0\u00bb.<\/p>\n<p>Cette menace a \u00e9t\u00e9 brandie dimanche par l\u2019UEFA au conditionnel, l\u2019instance europ\u00e9enne indiquant que les joueurs des clubs frondeurs \u00ab\u00a0pourraient se voir refuser de repr\u00e9senter leurs \u00e9quipes nationales\u00a0\u00bb.<\/p>\n<p>\n<!--noindex--><br \/>\n<a href=\"https:\/\/www.20minutes.fr\/sport\/3024307-20210419-super-ligue-direct-minimum-2-clubs-francais-feraient-partie-chaque-annee-competition#xtor=RSS-149\" rel=\"nofollow\">Source link <\/a><br \/>\n<!--\/noindex--><\/p>\n","protected":false},"excerpt":{"rendered":"<p>14h25\u00a0:\u00a0Le syndicat des joueurs s\u2019opposera \u00e0 d\u2019\u00e9ventuelles exclusions des \u00e9quipes nationales L\u2019annonce fracassante de la cr\u00e9ation de cette Super Ligue, survenue dans la nuit de dimanche \u00e0 lundi, \u00ab\u00a0laisse les joueurs avec beaucoup d\u2019inqui\u00e9tudes et de questions\u00a0\u00bb, explique la Fifpro, le syndicat des joueurs, dans un communiqu\u00e9. \u00ab\u00a0Une nouvelle comp\u00e9tition minimisant (la coop\u00e9ration solidaire entre [&hellip;]<\/p>\n","protected":false},"author":1,"featured_media":1271,"comment_status":"open","ping_status":"open","sticky":false,"template":"","format":"standard","meta":{"footnotes":""},"categories":[1],"tags":[],"class_list":["post-1270","post","type-post","status-publish","format-standard","has-post-thumbnail","hentry","category-nouvelles"],"yoast_head":"<!-- This site is optimized with the Yoast SEO plugin v27.4 - https:\/\/yoast.com\/product\/yoast-seo-wordpress\/ -->\n<title>City, Chelsea, et le Real Madrid exclus des demi-finales de la Ligue des champions ? - Favorite News<\/title>\n<meta name=\"robots\" content=\"index, follow, max-snippet:-1, max-image-preview:large, max-video-preview:-1\" \/>\n<link rel=\"canonical\" href=\"https:\/\/favorite-news.com\/fr\/city-chelsea-et-le-real-madrid-exclus-des-demi-finales-de-la-ligue-des-champions\/\" \/>\n<meta property=\"og:locale\" content=\"fr_FR\" \/>\n<meta property=\"og:type\" content=\"article\" \/>\n<meta property=\"og:title\" content=\"City, Chelsea, et le Real Madrid exclus des demi-finales de la Ligue des champions ? - Favorite News\" \/>\n<meta property=\"og:description\" content=\"14h25\u00a0:\u00a0Le syndicat des joueurs s\u2019opposera \u00e0 d\u2019\u00e9ventuelles exclusions des \u00e9quipes nationales L\u2019annonce fracassante de la cr\u00e9ation de cette Super Ligue, survenue dans la nuit de dimanche \u00e0 lundi, \u00ab\u00a0laisse les joueurs avec beaucoup d\u2019inqui\u00e9tudes et de questions\u00a0\u00bb, explique la Fifpro, le syndicat des joueurs, dans un communiqu\u00e9. \u00ab\u00a0Une nouvelle comp\u00e9tition minimisant (la coop\u00e9ration solidaire entre [&hellip;]\" \/>\n<meta property=\"og:url\" content=\"https:\/\/favorite-news.com\/fr\/city-chelsea-et-le-real-madrid-exclus-des-demi-finales-de-la-ligue-des-champions\/\" \/>\n<meta property=\"og:site_name\" content=\"Favorite News\" \/>\n<meta property=\"article:published_time\" content=\"2021-04-19T16:51:52+00:00\" \/>\n<meta property=\"article:modified_time\" content=\"2021-04-19T16:51:54+00:00\" \/>\n<meta property=\"og:image\" content=\"https:\/\/favorite-news.com\/fr\/wp-content\/uploads\/sites\/12\/2021\/04\/City-Chelsea-et-le-Real-Madrid-exclus-des-demi-finales-de.jpg\" \/>\n\t<meta property=\"og:image:width\" content=\"648\" \/>\n\t<meta property=\"og:image:height\" content=\"360\" \/>\n\t<meta property=\"og:image:type\" content=\"image\/jpeg\" \/>\n<meta name=\"author\" content=\"favorite-news\" \/>\n<meta name=\"twitter:card\" content=\"summary_large_image\" \/>\n<meta name=\"twitter:label1\" content=\"\u00c9crit par\" \/>\n\t<meta name=\"twitter:data1\" content=\"favorite-news\" \/>\n\t<meta name=\"twitter:label2\" content=\"Dur\u00e9e de lecture estim\u00e9e\" \/>\n\t<meta name=\"twitter:data2\" content=\"1 minute\" \/>\n<script type=\"application\/ld+json\" class=\"yoast-schema-graph\">{\"@context\":\"https:\\\/\\\/schema.org\",\"@graph\":[{\"@type\":\"Article\",\"@id\":\"https:\\\/\\\/favorite-news.com\\\/fr\\\/city-chelsea-et-le-real-madrid-exclus-des-demi-finales-de-la-ligue-des-champions\\\/#article\",\"isPartOf\":{\"@id\":\"https:\\\/\\\/favorite-news.com\\\/fr\\\/city-chelsea-et-le-real-madrid-exclus-des-demi-finales-de-la-ligue-des-champions\\\/\"},\"author\":{\"name\":\"favorite-news\",\"@id\":\"https:\\\/\\\/favorite-news.com\\\/fr\\\/#\\\/schema\\\/person\\\/b66c4cfdd10a5bf16d7d5efda647111f\"},\"headline\":\"City, Chelsea, et le Real Madrid exclus des demi-finales de la Ligue des champions ?\",\"datePublished\":\"2021-04-19T16:51:52+00:00\",\"dateModified\":\"2021-04-19T16:51:54+00:00\",\"mainEntityOfPage\":{\"@id\":\"https:\\\/\\\/favorite-news.com\\\/fr\\\/city-chelsea-et-le-real-madrid-exclus-des-demi-finales-de-la-ligue-des-champions\\\/\"},\"wordCount\":170,\"commentCount\":0,\"image\":{\"@id\":\"https:\\\/\\\/favorite-news.com\\\/fr\\\/city-chelsea-et-le-real-madrid-exclus-des-demi-finales-de-la-ligue-des-champions\\\/#primaryimage\"},\"thumbnailUrl\":\"https:\\\/\\\/favorite-news.com\\\/fr\\\/wp-content\\\/uploads\\\/sites\\\/12\\\/2021\\\/04\\\/City-Chelsea-et-le-Real-Madrid-exclus-des-demi-finales-de.jpg\",\"articleSection\":[\"NOUVELLES\"],\"inLanguage\":\"fr-FR\",\"potentialAction\":[{\"@type\":\"CommentAction\",\"name\":\"Comment\",\"target\":[\"https:\\\/\\\/favorite-news.com\\\/fr\\\/city-chelsea-et-le-real-madrid-exclus-des-demi-finales-de-la-ligue-des-champions\\\/#respond\"]}]},{\"@type\":\"WebPage\",\"@id\":\"https:\\\/\\\/favorite-news.com\\\/fr\\\/city-chelsea-et-le-real-madrid-exclus-des-demi-finales-de-la-ligue-des-champions\\\/\",\"url\":\"https:\\\/\\\/favorite-news.com\\\/fr\\\/city-chelsea-et-le-real-madrid-exclus-des-demi-finales-de-la-ligue-des-champions\\\/\",\"name\":\"City, Chelsea, et le Real Madrid exclus des demi-finales de la Ligue des champions ? - Favorite News\",\"isPartOf\":{\"@id\":\"https:\\\/\\\/favorite-news.com\\\/fr\\\/#website\"},\"primaryImageOfPage\":{\"@id\":\"https:\\\/\\\/favorite-news.com\\\/fr\\\/city-chelsea-et-le-real-madrid-exclus-des-demi-finales-de-la-ligue-des-champions\\\/#primaryimage\"},\"image\":{\"@id\":\"https:\\\/\\\/favorite-news.com\\\/fr\\\/city-chelsea-et-le-real-madrid-exclus-des-demi-finales-de-la-ligue-des-champions\\\/#primaryimage\"},\"thumbnailUrl\":\"https:\\\/\\\/favorite-news.com\\\/fr\\\/wp-content\\\/uploads\\\/sites\\\/12\\\/2021\\\/04\\\/City-Chelsea-et-le-Real-Madrid-exclus-des-demi-finales-de.jpg\",\"datePublished\":\"2021-04-19T16:51:52+00:00\",\"dateModified\":\"2021-04-19T16:51:54+00:00\",\"author\":{\"@id\":\"https:\\\/\\\/favorite-news.com\\\/fr\\\/#\\\/schema\\\/person\\\/b66c4cfdd10a5bf16d7d5efda647111f\"},\"breadcrumb\":{\"@id\":\"https:\\\/\\\/favorite-news.com\\\/fr\\\/city-chelsea-et-le-real-madrid-exclus-des-demi-finales-de-la-ligue-des-champions\\\/#breadcrumb\"},\"inLanguage\":\"fr-FR\",\"potentialAction\":[{\"@type\":\"ReadAction\",\"target\":[\"https:\\\/\\\/favorite-news.com\\\/fr\\\/city-chelsea-et-le-real-madrid-exclus-des-demi-finales-de-la-ligue-des-champions\\\/\"]}]},{\"@type\":\"ImageObject\",\"inLanguage\":\"fr-FR\",\"@id\":\"https:\\\/\\\/favorite-news.com\\\/fr\\\/city-chelsea-et-le-real-madrid-exclus-des-demi-finales-de-la-ligue-des-champions\\\/#primaryimage\",\"url\":\"https:\\\/\\\/favorite-news.com\\\/fr\\\/wp-content\\\/uploads\\\/sites\\\/12\\\/2021\\\/04\\\/City-Chelsea-et-le-Real-Madrid-exclus-des-demi-finales-de.jpg\",\"contentUrl\":\"https:\\\/\\\/favorite-news.com\\\/fr\\\/wp-content\\\/uploads\\\/sites\\\/12\\\/2021\\\/04\\\/City-Chelsea-et-le-Real-Madrid-exclus-des-demi-finales-de.jpg\",\"width\":648,\"height\":360,\"caption\":\"City, Chelsea, et le Real Madrid exclus des demi-finales de la Ligue des champions ?\"},{\"@type\":\"BreadcrumbList\",\"@id\":\"https:\\\/\\\/favorite-news.com\\\/fr\\\/city-chelsea-et-le-real-madrid-exclus-des-demi-finales-de-la-ligue-des-champions\\\/#breadcrumb\",\"itemListElement\":[{\"@type\":\"ListItem\",\"position\":1,\"name\":\"Home\",\"item\":\"https:\\\/\\\/favorite-news.com\\\/fr\\\/\"},{\"@type\":\"ListItem\",\"position\":2,\"name\":\"City, Chelsea, et le Real Madrid exclus des demi-finales de la Ligue des champions ?\"}]},{\"@type\":\"WebSite\",\"@id\":\"https:\\\/\\\/favorite-news.com\\\/fr\\\/#website\",\"url\":\"https:\\\/\\\/favorite-news.com\\\/fr\\\/\",\"name\":\"Favorite News\",\"description\":\"Favorite News France\",\"potentialAction\":[{\"@type\":\"SearchAction\",\"target\":{\"@type\":\"EntryPoint\",\"urlTemplate\":\"https:\\\/\\\/favorite-news.com\\\/fr\\\/?s={search_term_string}\"},\"query-input\":{\"@type\":\"PropertyValueSpecification\",\"valueRequired\":true,\"valueName\":\"search_term_string\"}}],\"inLanguage\":\"fr-FR\"},{\"@type\":\"Person\",\"@id\":\"https:\\\/\\\/favorite-news.com\\\/fr\\\/#\\\/schema\\\/person\\\/b66c4cfdd10a5bf16d7d5efda647111f\",\"name\":\"favorite-news\",\"image\":{\"@type\":\"ImageObject\",\"inLanguage\":\"fr-FR\",\"@id\":\"https:\\\/\\\/secure.gravatar.com\\\/avatar\\\/f89959e01423a9ee3c2debbcf830eb021c575de0e1b3781ca3ae392b71c615a1?s=96&d=mm&r=g\",\"url\":\"https:\\\/\\\/secure.gravatar.com\\\/avatar\\\/f89959e01423a9ee3c2debbcf830eb021c575de0e1b3781ca3ae392b71c615a1?s=96&d=mm&r=g\",\"contentUrl\":\"https:\\\/\\\/secure.gravatar.com\\\/avatar\\\/f89959e01423a9ee3c2debbcf830eb021c575de0e1b3781ca3ae392b71c615a1?s=96&d=mm&r=g\",\"caption\":\"favorite-news\"},\"url\":\"https:\\\/\\\/favorite-news.com\\\/fr\\\/author\\\/ruby\\\/\"}]}<\/script>\n<!-- \/ Yoast SEO plugin. -->","yoast_head_json":{"title":"City, Chelsea, et le Real Madrid exclus des demi-finales de la Ligue des champions ? - Favorite News","robots":{"index":"index","follow":"follow","max-snippet":"max-snippet:-1","max-image-preview":"max-image-preview:large","max-video-preview":"max-video-preview:-1"},"canonical":"https:\/\/favorite-news.com\/fr\/city-chelsea-et-le-real-madrid-exclus-des-demi-finales-de-la-ligue-des-champions\/","og_locale":"fr_FR","og_type":"article","og_title":"City, Chelsea, et le Real Madrid exclus des demi-finales de la Ligue des champions ? - Favorite News","og_description":"14h25\u00a0:\u00a0Le syndicat des joueurs s\u2019opposera \u00e0 d\u2019\u00e9ventuelles exclusions des \u00e9quipes nationales L\u2019annonce fracassante de la cr\u00e9ation de cette Super Ligue, survenue dans la nuit de dimanche \u00e0 lundi, \u00ab\u00a0laisse les joueurs avec beaucoup d\u2019inqui\u00e9tudes et de questions\u00a0\u00bb, explique la Fifpro, le syndicat des joueurs, dans un communiqu\u00e9. \u00ab\u00a0Une nouvelle comp\u00e9tition minimisant (la coop\u00e9ration solidaire entre [&hellip;]","og_url":"https:\/\/favorite-news.com\/fr\/city-chelsea-et-le-real-madrid-exclus-des-demi-finales-de-la-ligue-des-champions\/","og_site_name":"Favorite News","article_published_time":"2021-04-19T16:51:52+00:00","article_modified_time":"2021-04-19T16:51:54+00:00","og_image":[{"width":648,"height":360,"url":"https:\/\/favorite-news.com\/fr\/wp-content\/uploads\/sites\/12\/2021\/04\/City-Chelsea-et-le-Real-Madrid-exclus-des-demi-finales-de.jpg","type":"image\/jpeg"}],"author":"favorite-news","twitter_card":"summary_large_image","twitter_misc":{"\u00c9crit par":"favorite-news","Dur\u00e9e de lecture estim\u00e9e":"1 minute"},"schema":{"@context":"https:\/\/schema.org","@graph":[{"@type":"Article","@id":"https:\/\/favorite-news.com\/fr\/city-chelsea-et-le-real-madrid-exclus-des-demi-finales-de-la-ligue-des-champions\/#article","isPartOf":{"@id":"https:\/\/favorite-news.com\/fr\/city-chelsea-et-le-real-madrid-exclus-des-demi-finales-de-la-ligue-des-champions\/"},"author":{"name":"favorite-news","@id":"https:\/\/favorite-news.com\/fr\/#\/schema\/person\/b66c4cfdd10a5bf16d7d5efda647111f"},"headline":"City, Chelsea, et le Real Madrid exclus des demi-finales de la Ligue des champions ?","datePublished":"2021-04-19T16:51:52+00:00","dateModified":"2021-04-19T16:51:54+00:00","mainEntityOfPage":{"@id":"https:\/\/favorite-news.com\/fr\/city-chelsea-et-le-real-madrid-exclus-des-demi-finales-de-la-ligue-des-champions\/"},"wordCount":170,"commentCount":0,"image":{"@id":"https:\/\/favorite-news.com\/fr\/city-chelsea-et-le-real-madrid-exclus-des-demi-finales-de-la-ligue-des-champions\/#primaryimage"},"thumbnailUrl":"https:\/\/favorite-news.com\/fr\/wp-content\/uploads\/sites\/12\/2021\/04\/City-Chelsea-et-le-Real-Madrid-exclus-des-demi-finales-de.jpg","articleSection":["NOUVELLES"],"inLanguage":"fr-FR","potentialAction":[{"@type":"CommentAction","name":"Comment","target":["https:\/\/favorite-news.com\/fr\/city-chelsea-et-le-real-madrid-exclus-des-demi-finales-de-la-ligue-des-champions\/#respond"]}]},{"@type":"WebPage","@id":"https:\/\/favorite-news.com\/fr\/city-chelsea-et-le-real-madrid-exclus-des-demi-finales-de-la-ligue-des-champions\/","url":"https:\/\/favorite-news.com\/fr\/city-chelsea-et-le-real-madrid-exclus-des-demi-finales-de-la-ligue-des-champions\/","name":"City, Chelsea, et le Real Madrid exclus des demi-finales de la Ligue des champions ? - Favorite News","isPartOf":{"@id":"https:\/\/favorite-news.com\/fr\/#website"},"primaryImageOfPage":{"@id":"https:\/\/favorite-news.com\/fr\/city-chelsea-et-le-real-madrid-exclus-des-demi-finales-de-la-ligue-des-champions\/#primaryimage"},"image":{"@id":"https:\/\/favorite-news.com\/fr\/city-chelsea-et-le-real-madrid-exclus-des-demi-finales-de-la-ligue-des-champions\/#primaryimage"},"thumbnailUrl":"https:\/\/favorite-news.com\/fr\/wp-content\/uploads\/sites\/12\/2021\/04\/City-Chelsea-et-le-Real-Madrid-exclus-des-demi-finales-de.jpg","datePublished":"2021-04-19T16:51:52+00:00","dateModified":"2021-04-19T16:51:54+00:00","author":{"@id":"https:\/\/favorite-news.com\/fr\/#\/schema\/person\/b66c4cfdd10a5bf16d7d5efda647111f"},"breadcrumb":{"@id":"https:\/\/favorite-news.com\/fr\/city-chelsea-et-le-real-madrid-exclus-des-demi-finales-de-la-ligue-des-champions\/#breadcrumb"},"inLanguage":"fr-FR","potentialAction":[{"@type":"ReadAction","target":["https:\/\/favorite-news.com\/fr\/city-chelsea-et-le-real-madrid-exclus-des-demi-finales-de-la-ligue-des-champions\/"]}]},{"@type":"ImageObject","inLanguage":"fr-FR","@id":"https:\/\/favorite-news.com\/fr\/city-chelsea-et-le-real-madrid-exclus-des-demi-finales-de-la-ligue-des-champions\/#primaryimage","url":"https:\/\/favorite-news.com\/fr\/wp-content\/uploads\/sites\/12\/2021\/04\/City-Chelsea-et-le-Real-Madrid-exclus-des-demi-finales-de.jpg","contentUrl":"https:\/\/favorite-news.com\/fr\/wp-content\/uploads\/sites\/12\/2021\/04\/City-Chelsea-et-le-Real-Madrid-exclus-des-demi-finales-de.jpg","width":648,"height":360,"caption":"City, Chelsea, et le Real Madrid exclus des demi-finales de la Ligue des champions ?"},{"@type":"BreadcrumbList","@id":"https:\/\/favorite-news.com\/fr\/city-chelsea-et-le-real-madrid-exclus-des-demi-finales-de-la-ligue-des-champions\/#breadcrumb","itemListElement":[{"@type":"ListItem","position":1,"name":"Home","item":"https:\/\/favorite-news.com\/fr\/"},{"@type":"ListItem","position":2,"name":"City, Chelsea, et le Real Madrid exclus des demi-finales de la Ligue des champions ?"}]},{"@type":"WebSite","@id":"https:\/\/favorite-news.com\/fr\/#website","url":"https:\/\/favorite-news.com\/fr\/","name":"Favorite News","description":"Favorite News France","potentialAction":[{"@type":"SearchAction","target":{"@type":"EntryPoint","urlTemplate":"https:\/\/favorite-news.com\/fr\/?s={search_term_string}"},"query-input":{"@type":"PropertyValueSpecification","valueRequired":true,"valueName":"search_term_string"}}],"inLanguage":"fr-FR"},{"@type":"Person","@id":"https:\/\/favorite-news.com\/fr\/#\/schema\/person\/b66c4cfdd10a5bf16d7d5efda647111f","name":"favorite-news","image":{"@type":"ImageObject","inLanguage":"fr-FR","@id":"https:\/\/secure.gravatar.com\/avatar\/f89959e01423a9ee3c2debbcf830eb021c575de0e1b3781ca3ae392b71c615a1?s=96&d=mm&r=g","url":"https:\/\/secure.gravatar.com\/avatar\/f89959e01423a9ee3c2debbcf830eb021c575de0e1b3781ca3ae392b71c615a1?s=96&d=mm&r=g","contentUrl":"https:\/\/secure.gravatar.com\/avatar\/f89959e01423a9ee3c2debbcf830eb021c575de0e1b3781ca3ae392b71c615a1?s=96&d=mm&r=g","caption":"favorite-news"},"url":"https:\/\/favorite-news.com\/fr\/author\/ruby\/"}]}},"_links":{"self":[{"href":"https:\/\/favorite-news.com\/fr\/wp-json\/wp\/v2\/posts\/1270","targetHints":{"allow":["GET"]}}],"collection":[{"href":"https:\/\/favorite-news.com\/fr\/wp-json\/wp\/v2\/posts"}],"about":[{"href":"https:\/\/favorite-news.com\/fr\/wp-json\/wp\/v2\/types\/post"}],"author":[{"embeddable":true,"href":"https:\/\/favorite-news.com\/fr\/wp-json\/wp\/v2\/users\/1"}],"replies":[{"embeddable":true,"href":"https:\/\/favorite-news.com\/fr\/wp-json\/wp\/v2\/comments?post=1270"}],"version-history":[{"count":1,"href":"https:\/\/favorite-news.com\/fr\/wp-json\/wp\/v2\/posts\/1270\/revisions"}],"predecessor-version":[{"id":1272,"href":"https:\/\/favorite-news.com\/fr\/wp-json\/wp\/v2\/posts\/1270\/revisions\/1272"}],"wp:featuredmedia":[{"embeddable":true,"href":"https:\/\/favorite-news.com\/fr\/wp-json\/wp\/v2\/media\/1271"}],"wp:attachment":[{"href":"https:\/\/favorite-news.com\/fr\/wp-json\/wp\/v2\/media?parent=1270"}],"wp:term":[{"taxonomy":"category","embeddable":true,"href":"https:\/\/favorite-news.com\/fr\/wp-json\/wp\/v2\/categories?post=1270"},{"taxonomy":"post_tag","embeddable":true,"href":"https:\/\/favorite-news.com\/fr\/wp-json\/wp\/v2\/tags?post=1270"}],"curies":[{"name":"wp","href":"https:\/\/api.w.org\/{rel}","templated":true}]}}