{"id":1252,"date":"2021-04-16T16:37:38","date_gmt":"2021-04-16T16:37:38","guid":{"rendered":"https:\/\/favorite-news.com\/fr\/xi-jinping-contre-le-projet-de-taxe-carbone-de-lunion-europeenne\/"},"modified":"2021-04-16T16:37:42","modified_gmt":"2021-04-16T16:37:42","slug":"xi-jinping-contre-le-projet-de-taxe-carbone-de-lunion-europeenne","status":"publish","type":"post","link":"https:\/\/favorite-news.com\/fr\/xi-jinping-contre-le-projet-de-taxe-carbone-de-lunion-europeenne\/","title":{"rendered":"Xi Jinping contre le projet de taxe carbone de l\u2019Union europ\u00e9enne"},"content":{"rendered":"<p>                Xi Jinping, pr\u00e9sident chinois, veut s&rsquo;engager pour la plan\u00e8te \u00e0 sa mani\u00e8re \u2014 NICOLAS ASFOURI \/ AFP<br \/>\n            Le pr\u00e9sident chinois\u00a0Xi\u00a0Jinping\u00a0a d\u00e9nonc\u00e9 ce vendredi devant &#13;<br \/>\nEmmanuel Macron et Angela Merkel les \u00ab\u00a0barri\u00e8res commerciales\u00a0\u00bb \u00e9difi\u00e9es au nom du changement climatique, \u00e0 l\u2019heure o\u00f9 une taxe carbone est \u00e0 l\u2019\u00e9tude dans &#13;<br \/>\nl&rsquo;Union europ\u00e9enne (UE).<\/p>\n<p>Le chef d\u2019Etat chinois, le pr\u00e9sident fran\u00e7ais et la chanceli\u00e8re allemande ont \u00e9chang\u00e9 en visioconf\u00e9rence sur les enjeux de climat et de sant\u00e9 \u00e0 l\u2019approche de plusieurs rendez-vous internationaux importants sur ces questions.<\/p>\n<p>Une lutte commune mais pas g\u00e9opolitique selon\u00a0la Chine<\/p>\n<p>Le premier d\u2019entre eux sera le sommet virtuel sur le climat pr\u00e9vu les 22 et 23\u00a0avril \u00e0 l\u2019initiative du pr\u00e9sident am\u00e9ricain Joe Biden.\u00a0Xi\u00a0Jinping\u00a0n\u2019a pas encore confirm\u00e9 sa participation \u00e0 cet \u00e9v\u00e9nement.<\/p>\n<p>\u00ab\u00a0La r\u00e9ponse au changement climatique est la cause commune de l\u2019humanit\u00e9\u00a0\u00bb, a d\u00e9clar\u00e9 c vendredi le pr\u00e9sident chinois \u00e0 ses interlocuteurs, selon un compte-rendu de ses propos par la t\u00e9l\u00e9vision publique CCTV. \u00ab\u00a0Elle ne doit pas devenir un enjeu g\u00e9opolitique, la cible d\u2019attaques venant d\u2019autres pays ou encore un pr\u00e9texte pour \u00e9difier des barri\u00e8res commerciales\u00a0\u00bb, a-t-il poursuivi.<\/p>\n<p>La taxe carbone aura-t-elle lieu\u00a0?<\/p>\n<p>Les d\u00e9put\u00e9s europ\u00e9ens ont ouvert la voie en mars \u00e0 une taxe carbone qui p\u00e9naliserait certaines importations (\u00e9lectricit\u00e9, ciment, acier, aluminium, verre,\u00a0etc.) venant de pays hors-UE ayant des normes climatiques moins strictes.<\/p>\n<p>La Commission europ\u00e9enne proposera d\u2019ici juin son propre texte avant de le soumettre aux Etats membres. Le m\u00e9canisme entrerait en vigueur d\u2019ici 2023. Xi\u00a0Jinping\u00a0a par ailleurs r\u00e9it\u00e9r\u00e9 vendredi ses grandes promesses climatiques\u00a0:\u00a0la Chine, premier \u00e9metteur mondial de gaz \u00e0 effet de serre, commencera \u00e0 r\u00e9duire ses \u00e9missions de CO2 \u00ab\u00a0avant 2030\u00a0\u00bb et parviendra d\u2019ici 2060 \u00e0 la \u00ab\u00a0neutralit\u00e9 carbone\u00a0\u00bb.<\/p>\n<p>Attentes r\u00e9ciproques<\/p>\n<p>\u00ab\u00a0La Chine fera ce qu\u2019elle dit, et ce qu\u2019elle fera atteindra ses objectifs\u00a0\u00bb, s\u2019est engag\u00e9 le pr\u00e9sident chinois. Se faisant le d\u00e9fenseur des pays pauvres, Xi\u00a0Jinping\u00a0a appel\u00e9 les \u00e9conomies d\u00e9velopp\u00e9es \u00e0 \u00ab\u00a0montrer l\u2019exemple sur la r\u00e9duction des \u00e9missions\u00a0\u00bb et \u00e0 \u00ab\u00a0fournir un soutien\u00a0\u00bb financier et technique aux nations en d\u00e9veloppement face au changement climatique.<\/p>\n<p>De son c\u00f4t\u00e9, l\u2019Elys\u00e9e s\u2019est content\u00e9 d\u2019indiquer que les deux dirigeants europ\u00e9ens ont \u00ab\u00a0exprim\u00e9 leurs attentes vis-\u00e0-vis de la Chine pour un objectif plus ambitieux\u00a0\u00bb de la r\u00e9duction des gaz \u00e0 effet de serre. Mais ce rendez-vous n\u2019\u00e9tait pas le lieu de discuter de questions qui se n\u00e9gocient au niveau de l\u2019UE, selon Paris.<\/p>\n<p>Les bons climats font les bons amis<\/p>\n<p>\u00ab\u00a0Angela Merkel a insist\u00e9 sur la relation \u00e9conomique euro-chinoise, o\u00f9 nous avons des attentes en mati\u00e8re de r\u00e9ciprocit\u00e9 et de conditions de concurrence \u00e9quitables\u00a0\u00bb, a cependant indiqu\u00e9 l\u2019Elys\u00e9e.<\/p>\n<p>Les deux dirigeants europ\u00e9ens ont aussi \u00ab\u00a0insist\u00e9 sur la n\u00e9cessit\u00e9\u00a0\u00bb pour la Chine de r\u00e9duire son financement \u00e0 de grands projets carbon\u00e9s. Pour ce qui concerne le traitement des Ou\u00efghours et la situation \u00e0 Hong Kong, Paris a assur\u00e9 que la France \u00ab\u00a0demande\u00a0\u00bb syst\u00e9matiquement \u00e0 la Chine d\u2019avancer\u00a0sur la question des droits de l\u2019Homme et la ratification de la Convention de l\u2019Organisation internationale du travail.<\/p>\n<p>\n<!--noindex--><br \/>\n<a href=\"https:\/\/www.20minutes.fr\/planete\/3022883-20210416-climat-xi-jinping-contre-projet-taxe-carbone-union-europeenne#xtor=RSS-149\" rel=\"nofollow\">Source link <\/a><br \/>\n<!--\/noindex--><\/p>\n","protected":false},"excerpt":{"rendered":"<p>Xi Jinping, pr\u00e9sident chinois, veut s&rsquo;engager pour la plan\u00e8te \u00e0 sa mani\u00e8re \u2014 NICOLAS ASFOURI \/ AFP Le pr\u00e9sident chinois\u00a0Xi\u00a0Jinping\u00a0a d\u00e9nonc\u00e9 ce vendredi devant &#13; Emmanuel Macron et Angela Merkel les \u00ab\u00a0barri\u00e8res commerciales\u00a0\u00bb \u00e9difi\u00e9es au nom du changement climatique, \u00e0 l\u2019heure o\u00f9 une taxe carbone est \u00e0 l\u2019\u00e9tude dans &#13; l&rsquo;Union europ\u00e9enne (UE). Le chef [&hellip;]<\/p>\n","protected":false},"author":1,"featured_media":1253,"comment_status":"open","ping_status":"open","sticky":false,"template":"","format":"standard","meta":{"footnotes":""},"categories":[1],"tags":[],"class_list":["post-1252","post","type-post","status-publish","format-standard","has-post-thumbnail","hentry","category-nouvelles"],"yoast_head":"<!-- This site is optimized with the Yoast SEO plugin v27.4 - https:\/\/yoast.com\/product\/yoast-seo-wordpress\/ -->\n<title>Xi Jinping contre le projet de taxe carbone de l\u2019Union europ\u00e9enne - Favorite News<\/title>\n<meta name=\"robots\" content=\"index, follow, max-snippet:-1, max-image-preview:large, max-video-preview:-1\" \/>\n<link rel=\"canonical\" href=\"https:\/\/favorite-news.com\/fr\/xi-jinping-contre-le-projet-de-taxe-carbone-de-lunion-europeenne\/\" \/>\n<meta property=\"og:locale\" content=\"fr_FR\" \/>\n<meta property=\"og:type\" content=\"article\" \/>\n<meta property=\"og:title\" content=\"Xi Jinping contre le projet de taxe carbone de l\u2019Union europ\u00e9enne - Favorite News\" \/>\n<meta property=\"og:description\" content=\"Xi Jinping, pr\u00e9sident chinois, veut s&rsquo;engager pour la plan\u00e8te \u00e0 sa mani\u00e8re \u2014 NICOLAS ASFOURI \/ AFP Le pr\u00e9sident chinois\u00a0Xi\u00a0Jinping\u00a0a d\u00e9nonc\u00e9 ce vendredi devant &#013; Emmanuel Macron et Angela Merkel les \u00ab\u00a0barri\u00e8res commerciales\u00a0\u00bb \u00e9difi\u00e9es au nom du changement climatique, \u00e0 l\u2019heure o\u00f9 une taxe carbone est \u00e0 l\u2019\u00e9tude dans &#013; l&rsquo;Union europ\u00e9enne (UE). Le chef [&hellip;]\" \/>\n<meta property=\"og:url\" content=\"https:\/\/favorite-news.com\/fr\/xi-jinping-contre-le-projet-de-taxe-carbone-de-lunion-europeenne\/\" \/>\n<meta property=\"og:site_name\" content=\"Favorite News\" \/>\n<meta property=\"article:published_time\" content=\"2021-04-16T16:37:38+00:00\" \/>\n<meta property=\"article:modified_time\" content=\"2021-04-16T16:37:42+00:00\" \/>\n<meta property=\"og:image\" content=\"https:\/\/favorite-news.com\/fr\/wp-content\/uploads\/sites\/12\/2021\/04\/Xi-Jinping-contre-le-projet-de-taxe-carbone-de-lUnion.jpg\" \/>\n\t<meta property=\"og:image:width\" content=\"648\" \/>\n\t<meta property=\"og:image:height\" content=\"360\" \/>\n\t<meta property=\"og:image:type\" content=\"image\/jpeg\" \/>\n<meta name=\"author\" content=\"favorite-news\" \/>\n<meta name=\"twitter:card\" content=\"summary_large_image\" \/>\n<meta name=\"twitter:label1\" content=\"\u00c9crit par\" \/>\n\t<meta name=\"twitter:data1\" content=\"favorite-news\" \/>\n\t<meta name=\"twitter:label2\" content=\"Dur\u00e9e de lecture estim\u00e9e\" \/>\n\t<meta name=\"twitter:data2\" content=\"3 minutes\" \/>\n<script type=\"application\/ld+json\" class=\"yoast-schema-graph\">{\"@context\":\"https:\\\/\\\/schema.org\",\"@graph\":[{\"@type\":\"Article\",\"@id\":\"https:\\\/\\\/favorite-news.com\\\/fr\\\/xi-jinping-contre-le-projet-de-taxe-carbone-de-lunion-europeenne\\\/#article\",\"isPartOf\":{\"@id\":\"https:\\\/\\\/favorite-news.com\\\/fr\\\/xi-jinping-contre-le-projet-de-taxe-carbone-de-lunion-europeenne\\\/\"},\"author\":{\"name\":\"favorite-news\",\"@id\":\"https:\\\/\\\/favorite-news.com\\\/fr\\\/#\\\/schema\\\/person\\\/b66c4cfdd10a5bf16d7d5efda647111f\"},\"headline\":\"Xi Jinping contre le projet de taxe carbone de l\u2019Union europ\u00e9enne\",\"datePublished\":\"2021-04-16T16:37:38+00:00\",\"dateModified\":\"2021-04-16T16:37:42+00:00\",\"mainEntityOfPage\":{\"@id\":\"https:\\\/\\\/favorite-news.com\\\/fr\\\/xi-jinping-contre-le-projet-de-taxe-carbone-de-lunion-europeenne\\\/\"},\"wordCount\":576,\"commentCount\":0,\"image\":{\"@id\":\"https:\\\/\\\/favorite-news.com\\\/fr\\\/xi-jinping-contre-le-projet-de-taxe-carbone-de-lunion-europeenne\\\/#primaryimage\"},\"thumbnailUrl\":\"https:\\\/\\\/favorite-news.com\\\/fr\\\/wp-content\\\/uploads\\\/sites\\\/12\\\/2021\\\/04\\\/Xi-Jinping-contre-le-projet-de-taxe-carbone-de-lUnion.jpg\",\"articleSection\":[\"NOUVELLES\"],\"inLanguage\":\"fr-FR\",\"potentialAction\":[{\"@type\":\"CommentAction\",\"name\":\"Comment\",\"target\":[\"https:\\\/\\\/favorite-news.com\\\/fr\\\/xi-jinping-contre-le-projet-de-taxe-carbone-de-lunion-europeenne\\\/#respond\"]}]},{\"@type\":\"WebPage\",\"@id\":\"https:\\\/\\\/favorite-news.com\\\/fr\\\/xi-jinping-contre-le-projet-de-taxe-carbone-de-lunion-europeenne\\\/\",\"url\":\"https:\\\/\\\/favorite-news.com\\\/fr\\\/xi-jinping-contre-le-projet-de-taxe-carbone-de-lunion-europeenne\\\/\",\"name\":\"Xi Jinping contre le projet de taxe carbone de l\u2019Union europ\u00e9enne - Favorite News\",\"isPartOf\":{\"@id\":\"https:\\\/\\\/favorite-news.com\\\/fr\\\/#website\"},\"primaryImageOfPage\":{\"@id\":\"https:\\\/\\\/favorite-news.com\\\/fr\\\/xi-jinping-contre-le-projet-de-taxe-carbone-de-lunion-europeenne\\\/#primaryimage\"},\"image\":{\"@id\":\"https:\\\/\\\/favorite-news.com\\\/fr\\\/xi-jinping-contre-le-projet-de-taxe-carbone-de-lunion-europeenne\\\/#primaryimage\"},\"thumbnailUrl\":\"https:\\\/\\\/favorite-news.com\\\/fr\\\/wp-content\\\/uploads\\\/sites\\\/12\\\/2021\\\/04\\\/Xi-Jinping-contre-le-projet-de-taxe-carbone-de-lUnion.jpg\",\"datePublished\":\"2021-04-16T16:37:38+00:00\",\"dateModified\":\"2021-04-16T16:37:42+00:00\",\"author\":{\"@id\":\"https:\\\/\\\/favorite-news.com\\\/fr\\\/#\\\/schema\\\/person\\\/b66c4cfdd10a5bf16d7d5efda647111f\"},\"breadcrumb\":{\"@id\":\"https:\\\/\\\/favorite-news.com\\\/fr\\\/xi-jinping-contre-le-projet-de-taxe-carbone-de-lunion-europeenne\\\/#breadcrumb\"},\"inLanguage\":\"fr-FR\",\"potentialAction\":[{\"@type\":\"ReadAction\",\"target\":[\"https:\\\/\\\/favorite-news.com\\\/fr\\\/xi-jinping-contre-le-projet-de-taxe-carbone-de-lunion-europeenne\\\/\"]}]},{\"@type\":\"ImageObject\",\"inLanguage\":\"fr-FR\",\"@id\":\"https:\\\/\\\/favorite-news.com\\\/fr\\\/xi-jinping-contre-le-projet-de-taxe-carbone-de-lunion-europeenne\\\/#primaryimage\",\"url\":\"https:\\\/\\\/favorite-news.com\\\/fr\\\/wp-content\\\/uploads\\\/sites\\\/12\\\/2021\\\/04\\\/Xi-Jinping-contre-le-projet-de-taxe-carbone-de-lUnion.jpg\",\"contentUrl\":\"https:\\\/\\\/favorite-news.com\\\/fr\\\/wp-content\\\/uploads\\\/sites\\\/12\\\/2021\\\/04\\\/Xi-Jinping-contre-le-projet-de-taxe-carbone-de-lUnion.jpg\",\"width\":648,\"height\":360,\"caption\":\"Xi Jinping contre le projet de taxe carbone de l\u2019Union europ\u00e9enne\"},{\"@type\":\"BreadcrumbList\",\"@id\":\"https:\\\/\\\/favorite-news.com\\\/fr\\\/xi-jinping-contre-le-projet-de-taxe-carbone-de-lunion-europeenne\\\/#breadcrumb\",\"itemListElement\":[{\"@type\":\"ListItem\",\"position\":1,\"name\":\"Home\",\"item\":\"https:\\\/\\\/favorite-news.com\\\/fr\\\/\"},{\"@type\":\"ListItem\",\"position\":2,\"name\":\"Xi Jinping contre le projet de taxe carbone de l\u2019Union europ\u00e9enne\"}]},{\"@type\":\"WebSite\",\"@id\":\"https:\\\/\\\/favorite-news.com\\\/fr\\\/#website\",\"url\":\"https:\\\/\\\/favorite-news.com\\\/fr\\\/\",\"name\":\"Favorite News\",\"description\":\"Favorite News France\",\"potentialAction\":[{\"@type\":\"SearchAction\",\"target\":{\"@type\":\"EntryPoint\",\"urlTemplate\":\"https:\\\/\\\/favorite-news.com\\\/fr\\\/?s={search_term_string}\"},\"query-input\":{\"@type\":\"PropertyValueSpecification\",\"valueRequired\":true,\"valueName\":\"search_term_string\"}}],\"inLanguage\":\"fr-FR\"},{\"@type\":\"Person\",\"@id\":\"https:\\\/\\\/favorite-news.com\\\/fr\\\/#\\\/schema\\\/person\\\/b66c4cfdd10a5bf16d7d5efda647111f\",\"name\":\"favorite-news\",\"image\":{\"@type\":\"ImageObject\",\"inLanguage\":\"fr-FR\",\"@id\":\"https:\\\/\\\/secure.gravatar.com\\\/avatar\\\/f89959e01423a9ee3c2debbcf830eb021c575de0e1b3781ca3ae392b71c615a1?s=96&d=mm&r=g\",\"url\":\"https:\\\/\\\/secure.gravatar.com\\\/avatar\\\/f89959e01423a9ee3c2debbcf830eb021c575de0e1b3781ca3ae392b71c615a1?s=96&d=mm&r=g\",\"contentUrl\":\"https:\\\/\\\/secure.gravatar.com\\\/avatar\\\/f89959e01423a9ee3c2debbcf830eb021c575de0e1b3781ca3ae392b71c615a1?s=96&d=mm&r=g\",\"caption\":\"favorite-news\"},\"url\":\"https:\\\/\\\/favorite-news.com\\\/fr\\\/author\\\/ruby\\\/\"}]}<\/script>\n<!-- \/ Yoast SEO plugin. -->","yoast_head_json":{"title":"Xi Jinping contre le projet de taxe carbone de l\u2019Union europ\u00e9enne - Favorite News","robots":{"index":"index","follow":"follow","max-snippet":"max-snippet:-1","max-image-preview":"max-image-preview:large","max-video-preview":"max-video-preview:-1"},"canonical":"https:\/\/favorite-news.com\/fr\/xi-jinping-contre-le-projet-de-taxe-carbone-de-lunion-europeenne\/","og_locale":"fr_FR","og_type":"article","og_title":"Xi Jinping contre le projet de taxe carbone de l\u2019Union europ\u00e9enne - Favorite News","og_description":"Xi Jinping, pr\u00e9sident chinois, veut s&rsquo;engager pour la plan\u00e8te \u00e0 sa mani\u00e8re \u2014 NICOLAS ASFOURI \/ AFP Le pr\u00e9sident chinois\u00a0Xi\u00a0Jinping\u00a0a d\u00e9nonc\u00e9 ce vendredi devant &#13; Emmanuel Macron et Angela Merkel les \u00ab\u00a0barri\u00e8res commerciales\u00a0\u00bb \u00e9difi\u00e9es au nom du changement climatique, \u00e0 l\u2019heure o\u00f9 une taxe carbone est \u00e0 l\u2019\u00e9tude dans &#13; l&rsquo;Union europ\u00e9enne (UE). Le chef [&hellip;]","og_url":"https:\/\/favorite-news.com\/fr\/xi-jinping-contre-le-projet-de-taxe-carbone-de-lunion-europeenne\/","og_site_name":"Favorite News","article_published_time":"2021-04-16T16:37:38+00:00","article_modified_time":"2021-04-16T16:37:42+00:00","og_image":[{"width":648,"height":360,"url":"https:\/\/favorite-news.com\/fr\/wp-content\/uploads\/sites\/12\/2021\/04\/Xi-Jinping-contre-le-projet-de-taxe-carbone-de-lUnion.jpg","type":"image\/jpeg"}],"author":"favorite-news","twitter_card":"summary_large_image","twitter_misc":{"\u00c9crit par":"favorite-news","Dur\u00e9e de lecture estim\u00e9e":"3 minutes"},"schema":{"@context":"https:\/\/schema.org","@graph":[{"@type":"Article","@id":"https:\/\/favorite-news.com\/fr\/xi-jinping-contre-le-projet-de-taxe-carbone-de-lunion-europeenne\/#article","isPartOf":{"@id":"https:\/\/favorite-news.com\/fr\/xi-jinping-contre-le-projet-de-taxe-carbone-de-lunion-europeenne\/"},"author":{"name":"favorite-news","@id":"https:\/\/favorite-news.com\/fr\/#\/schema\/person\/b66c4cfdd10a5bf16d7d5efda647111f"},"headline":"Xi Jinping contre le projet de taxe carbone de l\u2019Union europ\u00e9enne","datePublished":"2021-04-16T16:37:38+00:00","dateModified":"2021-04-16T16:37:42+00:00","mainEntityOfPage":{"@id":"https:\/\/favorite-news.com\/fr\/xi-jinping-contre-le-projet-de-taxe-carbone-de-lunion-europeenne\/"},"wordCount":576,"commentCount":0,"image":{"@id":"https:\/\/favorite-news.com\/fr\/xi-jinping-contre-le-projet-de-taxe-carbone-de-lunion-europeenne\/#primaryimage"},"thumbnailUrl":"https:\/\/favorite-news.com\/fr\/wp-content\/uploads\/sites\/12\/2021\/04\/Xi-Jinping-contre-le-projet-de-taxe-carbone-de-lUnion.jpg","articleSection":["NOUVELLES"],"inLanguage":"fr-FR","potentialAction":[{"@type":"CommentAction","name":"Comment","target":["https:\/\/favorite-news.com\/fr\/xi-jinping-contre-le-projet-de-taxe-carbone-de-lunion-europeenne\/#respond"]}]},{"@type":"WebPage","@id":"https:\/\/favorite-news.com\/fr\/xi-jinping-contre-le-projet-de-taxe-carbone-de-lunion-europeenne\/","url":"https:\/\/favorite-news.com\/fr\/xi-jinping-contre-le-projet-de-taxe-carbone-de-lunion-europeenne\/","name":"Xi Jinping contre le projet de taxe carbone de l\u2019Union europ\u00e9enne - Favorite News","isPartOf":{"@id":"https:\/\/favorite-news.com\/fr\/#website"},"primaryImageOfPage":{"@id":"https:\/\/favorite-news.com\/fr\/xi-jinping-contre-le-projet-de-taxe-carbone-de-lunion-europeenne\/#primaryimage"},"image":{"@id":"https:\/\/favorite-news.com\/fr\/xi-jinping-contre-le-projet-de-taxe-carbone-de-lunion-europeenne\/#primaryimage"},"thumbnailUrl":"https:\/\/favorite-news.com\/fr\/wp-content\/uploads\/sites\/12\/2021\/04\/Xi-Jinping-contre-le-projet-de-taxe-carbone-de-lUnion.jpg","datePublished":"2021-04-16T16:37:38+00:00","dateModified":"2021-04-16T16:37:42+00:00","author":{"@id":"https:\/\/favorite-news.com\/fr\/#\/schema\/person\/b66c4cfdd10a5bf16d7d5efda647111f"},"breadcrumb":{"@id":"https:\/\/favorite-news.com\/fr\/xi-jinping-contre-le-projet-de-taxe-carbone-de-lunion-europeenne\/#breadcrumb"},"inLanguage":"fr-FR","potentialAction":[{"@type":"ReadAction","target":["https:\/\/favorite-news.com\/fr\/xi-jinping-contre-le-projet-de-taxe-carbone-de-lunion-europeenne\/"]}]},{"@type":"ImageObject","inLanguage":"fr-FR","@id":"https:\/\/favorite-news.com\/fr\/xi-jinping-contre-le-projet-de-taxe-carbone-de-lunion-europeenne\/#primaryimage","url":"https:\/\/favorite-news.com\/fr\/wp-content\/uploads\/sites\/12\/2021\/04\/Xi-Jinping-contre-le-projet-de-taxe-carbone-de-lUnion.jpg","contentUrl":"https:\/\/favorite-news.com\/fr\/wp-content\/uploads\/sites\/12\/2021\/04\/Xi-Jinping-contre-le-projet-de-taxe-carbone-de-lUnion.jpg","width":648,"height":360,"caption":"Xi Jinping contre le projet de taxe carbone de l\u2019Union europ\u00e9enne"},{"@type":"BreadcrumbList","@id":"https:\/\/favorite-news.com\/fr\/xi-jinping-contre-le-projet-de-taxe-carbone-de-lunion-europeenne\/#breadcrumb","itemListElement":[{"@type":"ListItem","position":1,"name":"Home","item":"https:\/\/favorite-news.com\/fr\/"},{"@type":"ListItem","position":2,"name":"Xi Jinping contre le projet de taxe carbone de l\u2019Union europ\u00e9enne"}]},{"@type":"WebSite","@id":"https:\/\/favorite-news.com\/fr\/#website","url":"https:\/\/favorite-news.com\/fr\/","name":"Favorite News","description":"Favorite News France","potentialAction":[{"@type":"SearchAction","target":{"@type":"EntryPoint","urlTemplate":"https:\/\/favorite-news.com\/fr\/?s={search_term_string}"},"query-input":{"@type":"PropertyValueSpecification","valueRequired":true,"valueName":"search_term_string"}}],"inLanguage":"fr-FR"},{"@type":"Person","@id":"https:\/\/favorite-news.com\/fr\/#\/schema\/person\/b66c4cfdd10a5bf16d7d5efda647111f","name":"favorite-news","image":{"@type":"ImageObject","inLanguage":"fr-FR","@id":"https:\/\/secure.gravatar.com\/avatar\/f89959e01423a9ee3c2debbcf830eb021c575de0e1b3781ca3ae392b71c615a1?s=96&d=mm&r=g","url":"https:\/\/secure.gravatar.com\/avatar\/f89959e01423a9ee3c2debbcf830eb021c575de0e1b3781ca3ae392b71c615a1?s=96&d=mm&r=g","contentUrl":"https:\/\/secure.gravatar.com\/avatar\/f89959e01423a9ee3c2debbcf830eb021c575de0e1b3781ca3ae392b71c615a1?s=96&d=mm&r=g","caption":"favorite-news"},"url":"https:\/\/favorite-news.com\/fr\/author\/ruby\/"}]}},"_links":{"self":[{"href":"https:\/\/favorite-news.com\/fr\/wp-json\/wp\/v2\/posts\/1252","targetHints":{"allow":["GET"]}}],"collection":[{"href":"https:\/\/favorite-news.com\/fr\/wp-json\/wp\/v2\/posts"}],"about":[{"href":"https:\/\/favorite-news.com\/fr\/wp-json\/wp\/v2\/types\/post"}],"author":[{"embeddable":true,"href":"https:\/\/favorite-news.com\/fr\/wp-json\/wp\/v2\/users\/1"}],"replies":[{"embeddable":true,"href":"https:\/\/favorite-news.com\/fr\/wp-json\/wp\/v2\/comments?post=1252"}],"version-history":[{"count":1,"href":"https:\/\/favorite-news.com\/fr\/wp-json\/wp\/v2\/posts\/1252\/revisions"}],"predecessor-version":[{"id":1254,"href":"https:\/\/favorite-news.com\/fr\/wp-json\/wp\/v2\/posts\/1252\/revisions\/1254"}],"wp:featuredmedia":[{"embeddable":true,"href":"https:\/\/favorite-news.com\/fr\/wp-json\/wp\/v2\/media\/1253"}],"wp:attachment":[{"href":"https:\/\/favorite-news.com\/fr\/wp-json\/wp\/v2\/media?parent=1252"}],"wp:term":[{"taxonomy":"category","embeddable":true,"href":"https:\/\/favorite-news.com\/fr\/wp-json\/wp\/v2\/categories?post=1252"},{"taxonomy":"post_tag","embeddable":true,"href":"https:\/\/favorite-news.com\/fr\/wp-json\/wp\/v2\/tags?post=1252"}],"curies":[{"name":"wp","href":"https:\/\/api.w.org\/{rel}","templated":true}]}}