{"id":1246,"date":"2021-04-15T16:35:24","date_gmt":"2021-04-15T16:35:24","guid":{"rendered":"https:\/\/favorite-news.com\/fr\/les-laureats-du-world-press-photo-2021\/"},"modified":"2021-04-15T16:35:26","modified_gmt":"2021-04-15T16:35:26","slug":"les-laureats-du-world-press-photo-2021","status":"publish","type":"post","link":"https:\/\/favorite-news.com\/fr\/les-laureats-du-world-press-photo-2021\/","title":{"rendered":"Les laur\u00e9ats du World Press Photo 2021"},"content":{"rendered":"<p>                Rosa Luzia Lunardi est enlac\u00e9e par l&rsquo;infirmi\u00e8re Adriana Silva da Costa Souza, chez Viva Bem Care Home, S\u00e3o Paulo, Br\u00e9sil, le 5 ao\u00fbt 2020. \u2014 Mads Nissen\/Politiken\/Panos Pictures<br \/>\n            Un photographe danois a remport\u00e9 jeudi le prestigieux World Press Photo de l&rsquo;ann\u00e9e 2021, pour une image d&rsquo;une dame \u00e2g\u00e9e enla\u00e7ant une infirmi\u00e8re prot\u00e9g\u00e9e du &#13;<br \/>\nCovid-19 par du plastique au &#13;<br \/>\nBr\u00e9sil, symbole \u00ab\u00a0d\u2019espoir\u00a0\u00bb aux yeux des jur\u00e9s.<\/p>\n<p>Le clich\u00e9 de Mads Nissen, laur\u00e9at de la r\u00e9compense principale du concours de photojournalisme World Press Photo, immortalise la premi\u00e8re \u00e9treinte en cinq mois d&rsquo;une r\u00e9sidente de 85 ans dans une maison de repos de Sao Paulo en ao\u00fbt 2020. Longtemps isol\u00e9e \u00e0 cause de la pand\u00e9mie de coronavirus, elle avait finalement pu enlacer une infirmi\u00e8re gr\u00e2ce \u00e0 un dispositif en plastique. \u00ab\u00a0Pour moi, c&rsquo;est une histoire d&rsquo;espoir et d&rsquo;amour dans les moments les plus difficiles\u00a0\u00bb, souligne son auteur Mads Nissen, photographe au quotidien danois Politiken.<\/p>\n<p>Plus de 74.000 images avaient \u00e9t\u00e9 soumises par quelque 4.300 photographes du monde entier et 45 d&rsquo;entre eux avaient \u00e9t\u00e9 nomm\u00e9s par les juges, selon les organisateurs du concours bas\u00e9 \u00e0 Amsterdam. 20 Minutes vous propose de d\u00e9couvrir les principaux clich\u00e9s prim\u00e9s cette ann\u00e9e.<\/p>\n<p>\n<!--noindex--><br \/>\n<a href=\"https:\/\/www.20minutes.fr\/arts-stars\/medias\/3022091-20210415-laureats-world-press-photo-2021#xtor=RSS-149\" rel=\"nofollow\">Source link <\/a><br \/>\n<!--\/noindex--><\/p>\n","protected":false},"excerpt":{"rendered":"<p>Rosa Luzia Lunardi est enlac\u00e9e par l&rsquo;infirmi\u00e8re Adriana Silva da Costa Souza, chez Viva Bem Care Home, S\u00e3o Paulo, Br\u00e9sil, le 5 ao\u00fbt 2020. \u2014 Mads Nissen\/Politiken\/Panos Pictures Un photographe danois a remport\u00e9 jeudi le prestigieux World Press Photo de l&rsquo;ann\u00e9e 2021, pour une image d&rsquo;une dame \u00e2g\u00e9e enla\u00e7ant une infirmi\u00e8re prot\u00e9g\u00e9e du &#13; Covid-19 [&hellip;]<\/p>\n","protected":false},"author":1,"featured_media":1247,"comment_status":"open","ping_status":"open","sticky":false,"template":"","format":"standard","meta":{"footnotes":""},"categories":[1],"tags":[],"class_list":["post-1246","post","type-post","status-publish","format-standard","has-post-thumbnail","hentry","category-nouvelles"],"yoast_head":"<!-- This site is optimized with the Yoast SEO plugin v27.4 - https:\/\/yoast.com\/product\/yoast-seo-wordpress\/ -->\n<title>Les laur\u00e9ats du World Press Photo 2021 - Favorite News<\/title>\n<meta name=\"robots\" content=\"index, follow, max-snippet:-1, max-image-preview:large, max-video-preview:-1\" \/>\n<link rel=\"canonical\" href=\"https:\/\/favorite-news.com\/fr\/les-laureats-du-world-press-photo-2021\/\" \/>\n<meta property=\"og:locale\" content=\"fr_FR\" \/>\n<meta property=\"og:type\" content=\"article\" \/>\n<meta property=\"og:title\" content=\"Les laur\u00e9ats du World Press Photo 2021 - Favorite News\" \/>\n<meta property=\"og:description\" content=\"Rosa Luzia Lunardi est enlac\u00e9e par l&rsquo;infirmi\u00e8re Adriana Silva da Costa Souza, chez Viva Bem Care Home, S\u00e3o Paulo, Br\u00e9sil, le 5 ao\u00fbt 2020. \u2014 Mads Nissen\/Politiken\/Panos Pictures Un photographe danois a remport\u00e9 jeudi le prestigieux World Press Photo de l&rsquo;ann\u00e9e 2021, pour une image d&rsquo;une dame \u00e2g\u00e9e enla\u00e7ant une infirmi\u00e8re prot\u00e9g\u00e9e du &#013; Covid-19 [&hellip;]\" \/>\n<meta property=\"og:url\" content=\"https:\/\/favorite-news.com\/fr\/les-laureats-du-world-press-photo-2021\/\" \/>\n<meta property=\"og:site_name\" content=\"Favorite News\" \/>\n<meta property=\"article:published_time\" content=\"2021-04-15T16:35:24+00:00\" \/>\n<meta property=\"article:modified_time\" content=\"2021-04-15T16:35:26+00:00\" \/>\n<meta property=\"og:image\" content=\"https:\/\/favorite-news.com\/fr\/wp-content\/uploads\/sites\/12\/2021\/04\/Les-laureats-du-World-Press-Photo-2021.jpg\" \/>\n\t<meta property=\"og:image:width\" content=\"648\" \/>\n\t<meta property=\"og:image:height\" content=\"360\" \/>\n\t<meta property=\"og:image:type\" content=\"image\/jpeg\" \/>\n<meta name=\"author\" content=\"favorite-news\" \/>\n<meta name=\"twitter:card\" content=\"summary_large_image\" \/>\n<meta name=\"twitter:label1\" content=\"\u00c9crit par\" \/>\n\t<meta name=\"twitter:data1\" content=\"favorite-news\" \/>\n\t<meta name=\"twitter:label2\" content=\"Dur\u00e9e de lecture estim\u00e9e\" \/>\n\t<meta name=\"twitter:data2\" content=\"1 minute\" \/>\n<script type=\"application\/ld+json\" class=\"yoast-schema-graph\">{\"@context\":\"https:\\\/\\\/schema.org\",\"@graph\":[{\"@type\":\"Article\",\"@id\":\"https:\\\/\\\/favorite-news.com\\\/fr\\\/les-laureats-du-world-press-photo-2021\\\/#article\",\"isPartOf\":{\"@id\":\"https:\\\/\\\/favorite-news.com\\\/fr\\\/les-laureats-du-world-press-photo-2021\\\/\"},\"author\":{\"name\":\"favorite-news\",\"@id\":\"https:\\\/\\\/favorite-news.com\\\/fr\\\/#\\\/schema\\\/person\\\/b66c4cfdd10a5bf16d7d5efda647111f\"},\"headline\":\"Les laur\u00e9ats du World Press Photo 2021\",\"datePublished\":\"2021-04-15T16:35:24+00:00\",\"dateModified\":\"2021-04-15T16:35:26+00:00\",\"mainEntityOfPage\":{\"@id\":\"https:\\\/\\\/favorite-news.com\\\/fr\\\/les-laureats-du-world-press-photo-2021\\\/\"},\"wordCount\":229,\"commentCount\":0,\"image\":{\"@id\":\"https:\\\/\\\/favorite-news.com\\\/fr\\\/les-laureats-du-world-press-photo-2021\\\/#primaryimage\"},\"thumbnailUrl\":\"https:\\\/\\\/favorite-news.com\\\/fr\\\/wp-content\\\/uploads\\\/sites\\\/12\\\/2021\\\/04\\\/Les-laureats-du-World-Press-Photo-2021.jpg\",\"articleSection\":[\"NOUVELLES\"],\"inLanguage\":\"fr-FR\",\"potentialAction\":[{\"@type\":\"CommentAction\",\"name\":\"Comment\",\"target\":[\"https:\\\/\\\/favorite-news.com\\\/fr\\\/les-laureats-du-world-press-photo-2021\\\/#respond\"]}]},{\"@type\":\"WebPage\",\"@id\":\"https:\\\/\\\/favorite-news.com\\\/fr\\\/les-laureats-du-world-press-photo-2021\\\/\",\"url\":\"https:\\\/\\\/favorite-news.com\\\/fr\\\/les-laureats-du-world-press-photo-2021\\\/\",\"name\":\"Les laur\u00e9ats du World Press Photo 2021 - Favorite News\",\"isPartOf\":{\"@id\":\"https:\\\/\\\/favorite-news.com\\\/fr\\\/#website\"},\"primaryImageOfPage\":{\"@id\":\"https:\\\/\\\/favorite-news.com\\\/fr\\\/les-laureats-du-world-press-photo-2021\\\/#primaryimage\"},\"image\":{\"@id\":\"https:\\\/\\\/favorite-news.com\\\/fr\\\/les-laureats-du-world-press-photo-2021\\\/#primaryimage\"},\"thumbnailUrl\":\"https:\\\/\\\/favorite-news.com\\\/fr\\\/wp-content\\\/uploads\\\/sites\\\/12\\\/2021\\\/04\\\/Les-laureats-du-World-Press-Photo-2021.jpg\",\"datePublished\":\"2021-04-15T16:35:24+00:00\",\"dateModified\":\"2021-04-15T16:35:26+00:00\",\"author\":{\"@id\":\"https:\\\/\\\/favorite-news.com\\\/fr\\\/#\\\/schema\\\/person\\\/b66c4cfdd10a5bf16d7d5efda647111f\"},\"breadcrumb\":{\"@id\":\"https:\\\/\\\/favorite-news.com\\\/fr\\\/les-laureats-du-world-press-photo-2021\\\/#breadcrumb\"},\"inLanguage\":\"fr-FR\",\"potentialAction\":[{\"@type\":\"ReadAction\",\"target\":[\"https:\\\/\\\/favorite-news.com\\\/fr\\\/les-laureats-du-world-press-photo-2021\\\/\"]}]},{\"@type\":\"ImageObject\",\"inLanguage\":\"fr-FR\",\"@id\":\"https:\\\/\\\/favorite-news.com\\\/fr\\\/les-laureats-du-world-press-photo-2021\\\/#primaryimage\",\"url\":\"https:\\\/\\\/favorite-news.com\\\/fr\\\/wp-content\\\/uploads\\\/sites\\\/12\\\/2021\\\/04\\\/Les-laureats-du-World-Press-Photo-2021.jpg\",\"contentUrl\":\"https:\\\/\\\/favorite-news.com\\\/fr\\\/wp-content\\\/uploads\\\/sites\\\/12\\\/2021\\\/04\\\/Les-laureats-du-World-Press-Photo-2021.jpg\",\"width\":648,\"height\":360,\"caption\":\"Les laur\u00e9ats du World Press Photo 2021\"},{\"@type\":\"BreadcrumbList\",\"@id\":\"https:\\\/\\\/favorite-news.com\\\/fr\\\/les-laureats-du-world-press-photo-2021\\\/#breadcrumb\",\"itemListElement\":[{\"@type\":\"ListItem\",\"position\":1,\"name\":\"Home\",\"item\":\"https:\\\/\\\/favorite-news.com\\\/fr\\\/\"},{\"@type\":\"ListItem\",\"position\":2,\"name\":\"Les laur\u00e9ats du World Press Photo 2021\"}]},{\"@type\":\"WebSite\",\"@id\":\"https:\\\/\\\/favorite-news.com\\\/fr\\\/#website\",\"url\":\"https:\\\/\\\/favorite-news.com\\\/fr\\\/\",\"name\":\"Favorite News\",\"description\":\"Favorite News France\",\"potentialAction\":[{\"@type\":\"SearchAction\",\"target\":{\"@type\":\"EntryPoint\",\"urlTemplate\":\"https:\\\/\\\/favorite-news.com\\\/fr\\\/?s={search_term_string}\"},\"query-input\":{\"@type\":\"PropertyValueSpecification\",\"valueRequired\":true,\"valueName\":\"search_term_string\"}}],\"inLanguage\":\"fr-FR\"},{\"@type\":\"Person\",\"@id\":\"https:\\\/\\\/favorite-news.com\\\/fr\\\/#\\\/schema\\\/person\\\/b66c4cfdd10a5bf16d7d5efda647111f\",\"name\":\"favorite-news\",\"image\":{\"@type\":\"ImageObject\",\"inLanguage\":\"fr-FR\",\"@id\":\"https:\\\/\\\/secure.gravatar.com\\\/avatar\\\/f89959e01423a9ee3c2debbcf830eb021c575de0e1b3781ca3ae392b71c615a1?s=96&d=mm&r=g\",\"url\":\"https:\\\/\\\/secure.gravatar.com\\\/avatar\\\/f89959e01423a9ee3c2debbcf830eb021c575de0e1b3781ca3ae392b71c615a1?s=96&d=mm&r=g\",\"contentUrl\":\"https:\\\/\\\/secure.gravatar.com\\\/avatar\\\/f89959e01423a9ee3c2debbcf830eb021c575de0e1b3781ca3ae392b71c615a1?s=96&d=mm&r=g\",\"caption\":\"favorite-news\"},\"url\":\"https:\\\/\\\/favorite-news.com\\\/fr\\\/author\\\/ruby\\\/\"}]}<\/script>\n<!-- \/ Yoast SEO plugin. -->","yoast_head_json":{"title":"Les laur\u00e9ats du World Press Photo 2021 - Favorite News","robots":{"index":"index","follow":"follow","max-snippet":"max-snippet:-1","max-image-preview":"max-image-preview:large","max-video-preview":"max-video-preview:-1"},"canonical":"https:\/\/favorite-news.com\/fr\/les-laureats-du-world-press-photo-2021\/","og_locale":"fr_FR","og_type":"article","og_title":"Les laur\u00e9ats du World Press Photo 2021 - Favorite News","og_description":"Rosa Luzia Lunardi est enlac\u00e9e par l&rsquo;infirmi\u00e8re Adriana Silva da Costa Souza, chez Viva Bem Care Home, S\u00e3o Paulo, Br\u00e9sil, le 5 ao\u00fbt 2020. \u2014 Mads Nissen\/Politiken\/Panos Pictures Un photographe danois a remport\u00e9 jeudi le prestigieux World Press Photo de l&rsquo;ann\u00e9e 2021, pour une image d&rsquo;une dame \u00e2g\u00e9e enla\u00e7ant une infirmi\u00e8re prot\u00e9g\u00e9e du &#13; Covid-19 [&hellip;]","og_url":"https:\/\/favorite-news.com\/fr\/les-laureats-du-world-press-photo-2021\/","og_site_name":"Favorite News","article_published_time":"2021-04-15T16:35:24+00:00","article_modified_time":"2021-04-15T16:35:26+00:00","og_image":[{"width":648,"height":360,"url":"https:\/\/favorite-news.com\/fr\/wp-content\/uploads\/sites\/12\/2021\/04\/Les-laureats-du-World-Press-Photo-2021.jpg","type":"image\/jpeg"}],"author":"favorite-news","twitter_card":"summary_large_image","twitter_misc":{"\u00c9crit par":"favorite-news","Dur\u00e9e de lecture estim\u00e9e":"1 minute"},"schema":{"@context":"https:\/\/schema.org","@graph":[{"@type":"Article","@id":"https:\/\/favorite-news.com\/fr\/les-laureats-du-world-press-photo-2021\/#article","isPartOf":{"@id":"https:\/\/favorite-news.com\/fr\/les-laureats-du-world-press-photo-2021\/"},"author":{"name":"favorite-news","@id":"https:\/\/favorite-news.com\/fr\/#\/schema\/person\/b66c4cfdd10a5bf16d7d5efda647111f"},"headline":"Les laur\u00e9ats du World Press Photo 2021","datePublished":"2021-04-15T16:35:24+00:00","dateModified":"2021-04-15T16:35:26+00:00","mainEntityOfPage":{"@id":"https:\/\/favorite-news.com\/fr\/les-laureats-du-world-press-photo-2021\/"},"wordCount":229,"commentCount":0,"image":{"@id":"https:\/\/favorite-news.com\/fr\/les-laureats-du-world-press-photo-2021\/#primaryimage"},"thumbnailUrl":"https:\/\/favorite-news.com\/fr\/wp-content\/uploads\/sites\/12\/2021\/04\/Les-laureats-du-World-Press-Photo-2021.jpg","articleSection":["NOUVELLES"],"inLanguage":"fr-FR","potentialAction":[{"@type":"CommentAction","name":"Comment","target":["https:\/\/favorite-news.com\/fr\/les-laureats-du-world-press-photo-2021\/#respond"]}]},{"@type":"WebPage","@id":"https:\/\/favorite-news.com\/fr\/les-laureats-du-world-press-photo-2021\/","url":"https:\/\/favorite-news.com\/fr\/les-laureats-du-world-press-photo-2021\/","name":"Les laur\u00e9ats du World Press Photo 2021 - Favorite News","isPartOf":{"@id":"https:\/\/favorite-news.com\/fr\/#website"},"primaryImageOfPage":{"@id":"https:\/\/favorite-news.com\/fr\/les-laureats-du-world-press-photo-2021\/#primaryimage"},"image":{"@id":"https:\/\/favorite-news.com\/fr\/les-laureats-du-world-press-photo-2021\/#primaryimage"},"thumbnailUrl":"https:\/\/favorite-news.com\/fr\/wp-content\/uploads\/sites\/12\/2021\/04\/Les-laureats-du-World-Press-Photo-2021.jpg","datePublished":"2021-04-15T16:35:24+00:00","dateModified":"2021-04-15T16:35:26+00:00","author":{"@id":"https:\/\/favorite-news.com\/fr\/#\/schema\/person\/b66c4cfdd10a5bf16d7d5efda647111f"},"breadcrumb":{"@id":"https:\/\/favorite-news.com\/fr\/les-laureats-du-world-press-photo-2021\/#breadcrumb"},"inLanguage":"fr-FR","potentialAction":[{"@type":"ReadAction","target":["https:\/\/favorite-news.com\/fr\/les-laureats-du-world-press-photo-2021\/"]}]},{"@type":"ImageObject","inLanguage":"fr-FR","@id":"https:\/\/favorite-news.com\/fr\/les-laureats-du-world-press-photo-2021\/#primaryimage","url":"https:\/\/favorite-news.com\/fr\/wp-content\/uploads\/sites\/12\/2021\/04\/Les-laureats-du-World-Press-Photo-2021.jpg","contentUrl":"https:\/\/favorite-news.com\/fr\/wp-content\/uploads\/sites\/12\/2021\/04\/Les-laureats-du-World-Press-Photo-2021.jpg","width":648,"height":360,"caption":"Les laur\u00e9ats du World Press Photo 2021"},{"@type":"BreadcrumbList","@id":"https:\/\/favorite-news.com\/fr\/les-laureats-du-world-press-photo-2021\/#breadcrumb","itemListElement":[{"@type":"ListItem","position":1,"name":"Home","item":"https:\/\/favorite-news.com\/fr\/"},{"@type":"ListItem","position":2,"name":"Les laur\u00e9ats du World Press Photo 2021"}]},{"@type":"WebSite","@id":"https:\/\/favorite-news.com\/fr\/#website","url":"https:\/\/favorite-news.com\/fr\/","name":"Favorite News","description":"Favorite News France","potentialAction":[{"@type":"SearchAction","target":{"@type":"EntryPoint","urlTemplate":"https:\/\/favorite-news.com\/fr\/?s={search_term_string}"},"query-input":{"@type":"PropertyValueSpecification","valueRequired":true,"valueName":"search_term_string"}}],"inLanguage":"fr-FR"},{"@type":"Person","@id":"https:\/\/favorite-news.com\/fr\/#\/schema\/person\/b66c4cfdd10a5bf16d7d5efda647111f","name":"favorite-news","image":{"@type":"ImageObject","inLanguage":"fr-FR","@id":"https:\/\/secure.gravatar.com\/avatar\/f89959e01423a9ee3c2debbcf830eb021c575de0e1b3781ca3ae392b71c615a1?s=96&d=mm&r=g","url":"https:\/\/secure.gravatar.com\/avatar\/f89959e01423a9ee3c2debbcf830eb021c575de0e1b3781ca3ae392b71c615a1?s=96&d=mm&r=g","contentUrl":"https:\/\/secure.gravatar.com\/avatar\/f89959e01423a9ee3c2debbcf830eb021c575de0e1b3781ca3ae392b71c615a1?s=96&d=mm&r=g","caption":"favorite-news"},"url":"https:\/\/favorite-news.com\/fr\/author\/ruby\/"}]}},"_links":{"self":[{"href":"https:\/\/favorite-news.com\/fr\/wp-json\/wp\/v2\/posts\/1246","targetHints":{"allow":["GET"]}}],"collection":[{"href":"https:\/\/favorite-news.com\/fr\/wp-json\/wp\/v2\/posts"}],"about":[{"href":"https:\/\/favorite-news.com\/fr\/wp-json\/wp\/v2\/types\/post"}],"author":[{"embeddable":true,"href":"https:\/\/favorite-news.com\/fr\/wp-json\/wp\/v2\/users\/1"}],"replies":[{"embeddable":true,"href":"https:\/\/favorite-news.com\/fr\/wp-json\/wp\/v2\/comments?post=1246"}],"version-history":[{"count":1,"href":"https:\/\/favorite-news.com\/fr\/wp-json\/wp\/v2\/posts\/1246\/revisions"}],"predecessor-version":[{"id":1248,"href":"https:\/\/favorite-news.com\/fr\/wp-json\/wp\/v2\/posts\/1246\/revisions\/1248"}],"wp:featuredmedia":[{"embeddable":true,"href":"https:\/\/favorite-news.com\/fr\/wp-json\/wp\/v2\/media\/1247"}],"wp:attachment":[{"href":"https:\/\/favorite-news.com\/fr\/wp-json\/wp\/v2\/media?parent=1246"}],"wp:term":[{"taxonomy":"category","embeddable":true,"href":"https:\/\/favorite-news.com\/fr\/wp-json\/wp\/v2\/categories?post=1246"},{"taxonomy":"post_tag","embeddable":true,"href":"https:\/\/favorite-news.com\/fr\/wp-json\/wp\/v2\/tags?post=1246"}],"curies":[{"name":"wp","href":"https:\/\/api.w.org\/{rel}","templated":true}]}}