{"id":1240,"date":"2021-04-14T16:32:39","date_gmt":"2021-04-14T16:32:39","guid":{"rendered":"https:\/\/favorite-news.com\/fr\/le-meurtrier-de-la-sexagenaire-defenestree-ne-sera-pas-juge\/"},"modified":"2021-04-14T16:32:42","modified_gmt":"2021-04-14T16:32:42","slug":"le-meurtrier-de-la-sexagenaire-defenestree-ne-sera-pas-juge","status":"publish","type":"post","link":"https:\/\/favorite-news.com\/fr\/le-meurtrier-de-la-sexagenaire-defenestree-ne-sera-pas-juge\/","title":{"rendered":"Le meurtrier de la sexag\u00e9naire, d\u00e9fenestr\u00e9e, ne sera pas jug\u00e9"},"content":{"rendered":"<p>                Le mod\u00e8le de cartes postales envoy\u00e9es \u00e0 Emmanuel Macron r\u00e9clamant justice pour Sarah Halimi \u2014 Consistoire isra\u00e9lite du Haut-Rhin<br \/>\n            Sarah Halimi, une sexag\u00e9naire juive,\u00a0a \u00e9t\u00e9 d\u00e9fenestr\u00e9e par son voisin en avril\u00a02017 sous l\u2019\u0153il impuissant de ses voisins.&#13;<br \/>\n\tEn d\u00e9cembre\u00a02019, la d\u00e9cision de la cour d\u2019appel de Paris de le d\u00e9clarer \u00ab\u00a0p\u00e9nalement irresponsable\u00a0\u00bb avait suscit\u00e9 une vive pol\u00e9mique.\u00a0&#13;<br \/>\n\tSes proches s&rsquo;\u00e9taient alors pourvus en cassation.\u00a0&#13;<\/p>\n<p>La Cour de cassation a tranch\u00e9 ce mercredi\u00a0:\u00a0Kobili Traor\u00e9 ne sera pas jug\u00e9 pour le meurtre de sa voisine, Sarah Halimi, une sexag\u00e9naire de confession juive, dans la nuit du 3 au 4\u00a0avril 2017.\u00a0Qu\u2019importe que des dizaines de t\u00e9moins l\u2019aient vu rouer de coups la victime puis la d\u00e9fenestrer aux cris d&rsquo;\u00ab\u00a0Allah Akbar\u00a0\u00bb. Qu\u2019importe \u00e9galement ses aveux. \u00ab\u00a0Je me sentais comme poss\u00e9d\u00e9. Comme oppress\u00e9 par une force ext\u00e9rieure, une force d\u00e9moniaque\u00a0\u00bb, confiera-t-il au juge d\u2019instruction quelques mois plus tard.\u00a0Dans leur arr\u00eat, les Sages ont confirm\u00e9 le non-lieu pour irresponsabilit\u00e9 p\u00e9nale prononc\u00e9 en d\u00e9cembre\u00a02019 dans ce dossier hautement sensible\u00a0:\u00a0ce soir-l\u00e0, &#13;<br \/>\nle discernement du meurtrier \u00e9tait aboli et il ne peut donc pas r\u00e9pondre p\u00e9nalement de son geste.<\/p>\n<p>\u00ab\u00a0Bouff\u00e9e d\u00e9lirante aigu\u00eb\u00a0\u00bb<\/p>\n<p>Pas moins de sept experts psychiatres se sont pench\u00e9s sur ce dossier et tous sont unanimes\u00a0:\u00a0lors du meurtre de Sarah Halimi, le suspect souffrait d\u2019une \u00ab\u00a0bouff\u00e9e d\u00e9lirante\u00a0aigu\u00eb\u00a0\u00bb\u200b. Ils s\u2019accordent \u00e9galement pour dire que le cannabis qu\u2019il consommait abondamment \u2013 une quinzaine de joints par jour pendant pr\u00e8s de 15 ans \u2013 a, au minimum, accentu\u00e9 ce trouble. Mais au cours de l\u2019instruction, les psychiatres se sont oppos\u00e9s sur les cons\u00e9quences d\u2019une telle consommation. Pour Daniel Zagury, le premier \u00e0 avoir rencontr\u00e9 Kobili Traor\u00e9, sa consommation \u00ab\u00a0volontaire et r\u00e9guli\u00e8re\u00a0\u00bb de cannabis le rend partiellement responsable de son acte. Deux autres coll\u00e8ges d\u2019experts ont, en revanche, estim\u00e9 qu\u2019il pouvait ignorer les effets hallucinog\u00e8nes de cette drogue et se sont prononc\u00e9s en faveur d\u2019une irresponsabilit\u00e9 p\u00e9nale. C\u2019est sur la foi de ces expertises que les magistrats de la cour d\u2019appel avaient conclu \u00e0 l\u2019irresponsabilit\u00e9 p\u00e9nale, au grand dam de la famille de la victime qui s\u2019\u00e9tait pourvu en cassation.<\/p>\n<p>\u00ab\u00a0Nous avions plac\u00e9 beaucoup d\u2019attente aupr\u00e8s des magistrats que l\u2019on dit \u00ab\u00a0Sages\u00a0\u00bb\u00a0\u00bb, a d\u00e9plor\u00e9 lors d\u2019une conf\u00e9rence de presse organis\u00e9e dans l\u2019apr\u00e8s-midi, l\u2019une des avocates de la famille, Me Muriel Ouaknine-Melki, qui s\u2019est inqui\u00e9t\u00e9e du message envoy\u00e9 \u00e0 la communaut\u00e9 juive, en d\u00e9pit de lareconnaissance du caract\u00e8re antis\u00e9mite du meurtre. \u00ab\u00a0La justice fran\u00e7aise prot\u00e8ge-t-elle tous les citoyens fran\u00e7ais de la m\u00eame mani\u00e8re\u00a0?\u00a0\u00bb, s\u2019est-elle interrog\u00e9e, pr\u00e9disant une recrudescence des d\u00e9parts pour Isra\u00ebl dans les mois \u00e0 venir. \u00ab\u00a0Comment voulez-vous qu\u2019on dise \u00e0 la famille de Sarah Halimi que Kobili Traor\u00e9 a volontairement donn\u00e9 la mort mais qu\u2019en m\u00eame temps, il n\u2019avait pas conscience de ce qu\u2019il faisait\u00a0?\u00a0\u00bb, poursuit Me Oudy Bloch, qui d\u00e9fend avec elle le fr\u00e8re de la victime, et fait\u00a0part de son intention de saisir la Cour europ\u00e9enne des droits de l\u2019Homme.<\/p>\n<p>Une d\u00e9cision conforme au droit<\/p>\n<p>A ce stade de l\u2019article, un petit cours de droit s\u2019impose\u00a0:\u00a0la Cour de cassation, la plus haute juridiction du droit fran\u00e7ais, ne se penche\u00a0pas sur le fond du dossier, elle n\u2019examine ni les faits, ni les preuves, elle statue uniquement sur le droit. En clair\u00a0:\u00a0la d\u00e9cision\u00a0des magistrats d\u2019estimer que le discernement de Kobili Traor\u00e9 \u00e9tait aboli au moment du passage \u00e0 l\u2019acte, et ce bien\u00a0qu\u2019il consommait volontairement\u00a0du cannabis, est-elle une juste application du droit fran\u00e7ais\u00a0?\u00a0Oui, ont estim\u00e9 les Sages. \u00ab\u00a0Aucun \u00e9l\u00e9ment du dossier n\u2019indique que la consommation de cannabis par l\u2019int\u00e9ress\u00e9 ait \u00e9t\u00e9 effectu\u00e9e avec la conscience que cet usage des stup\u00e9fiants puisse entra\u00eener une telle manifestation\u00a0\u00bb, pr\u00e9cise l\u2019arr\u00eat qui rappelle que le code p\u00e9nal ne fait pas de distinction sur l\u2019origine du trouble ayant conduit \u00e0 l\u2019abolition du discernement.\u00a0<\/p>\n<p>\u00ab\u00a0Aujourd\u2019hui, on peut fumer, sniffer, se piquer \u00e0 haute dose au point de provoquer une bouff\u00e9e d\u00e9lirante sans s\u2019inqui\u00e9ter des cons\u00e9quences\u00a0\u00bb, grince Me Oudy Bloch qui esp\u00e9rait une \u00e9volution de la jurisprudence. Aujourd\u2019hui, Kobili Traor\u00e9 fait l\u2019objet d\u2019une\u00a0hospitalisation d\u2019office compl\u00e8te en milieu psychiatrique\u00a0et des mesures de s\u00fbret\u00e9\u00a0pendant 20 ans. Pour en sortir, deux psychiatres ext\u00e9rieurs \u00e0 l\u2019\u00e9tablissement o\u00f9 il est accueilli doivent \u00e9tablir que le trentenaire n\u2019est plus dangereux ni pour lui ni pour autrui. Insuffisant, selon les proches de la victime\u00a0:\u00a0le meurtrier ne souffrant d\u2019aucune maladie psychiatrique av\u00e9r\u00e9e, il pourrait \u00eatre rel\u00e2ch\u00e9 dans les mois ou les ann\u00e9es \u00e0 venir, estime les avocats de la victime. \u00ab\u00a0En France, on ne juge pas les fous, mais on n\u2019interne pas non plus les sains d\u2019esprit\u00a0\u00bb, rappelle Me Nicolas Benouaiche, qui d\u00e9fend la belle-soeur\u00a0de la victime.<\/p>\n<p>\n<!--noindex--><br \/>\n<a href=\"https:\/\/www.20minutes.fr\/justice\/3020831-20210414-meurtre-sarah-halimi-meurtrier-sexagenaire-defenestree-juge#xtor=RSS-149\" rel=\"nofollow\">Source link <\/a><br \/>\n<!--\/noindex--><\/p>\n","protected":false},"excerpt":{"rendered":"<p>Le mod\u00e8le de cartes postales envoy\u00e9es \u00e0 Emmanuel Macron r\u00e9clamant justice pour Sarah Halimi \u2014 Consistoire isra\u00e9lite du Haut-Rhin Sarah Halimi, une sexag\u00e9naire juive,\u00a0a \u00e9t\u00e9 d\u00e9fenestr\u00e9e par son voisin en avril\u00a02017 sous l\u2019\u0153il impuissant de ses voisins.&#13; En d\u00e9cembre\u00a02019, la d\u00e9cision de la cour d\u2019appel de Paris de le d\u00e9clarer \u00ab\u00a0p\u00e9nalement irresponsable\u00a0\u00bb avait suscit\u00e9 une [&hellip;]<\/p>\n","protected":false},"author":1,"featured_media":1241,"comment_status":"open","ping_status":"open","sticky":false,"template":"","format":"standard","meta":{"footnotes":""},"categories":[1],"tags":[],"class_list":["post-1240","post","type-post","status-publish","format-standard","has-post-thumbnail","hentry","category-nouvelles"],"yoast_head":"<!-- This site is optimized with the Yoast SEO plugin v27.4 - https:\/\/yoast.com\/product\/yoast-seo-wordpress\/ -->\n<title>Le meurtrier de la sexag\u00e9naire, d\u00e9fenestr\u00e9e, ne sera pas jug\u00e9 - Favorite News<\/title>\n<meta name=\"robots\" content=\"index, follow, max-snippet:-1, max-image-preview:large, max-video-preview:-1\" \/>\n<link rel=\"canonical\" href=\"https:\/\/favorite-news.com\/fr\/le-meurtrier-de-la-sexagenaire-defenestree-ne-sera-pas-juge\/\" \/>\n<meta property=\"og:locale\" content=\"fr_FR\" \/>\n<meta property=\"og:type\" content=\"article\" \/>\n<meta property=\"og:title\" content=\"Le meurtrier de la sexag\u00e9naire, d\u00e9fenestr\u00e9e, ne sera pas jug\u00e9 - Favorite News\" \/>\n<meta property=\"og:description\" content=\"Le mod\u00e8le de cartes postales envoy\u00e9es \u00e0 Emmanuel Macron r\u00e9clamant justice pour Sarah Halimi \u2014 Consistoire isra\u00e9lite du Haut-Rhin Sarah Halimi, une sexag\u00e9naire juive,\u00a0a \u00e9t\u00e9 d\u00e9fenestr\u00e9e par son voisin en avril\u00a02017 sous l\u2019\u0153il impuissant de ses voisins.&#013; En d\u00e9cembre\u00a02019, la d\u00e9cision de la cour d\u2019appel de Paris de le d\u00e9clarer \u00ab\u00a0p\u00e9nalement irresponsable\u00a0\u00bb avait suscit\u00e9 une [&hellip;]\" \/>\n<meta property=\"og:url\" content=\"https:\/\/favorite-news.com\/fr\/le-meurtrier-de-la-sexagenaire-defenestree-ne-sera-pas-juge\/\" \/>\n<meta property=\"og:site_name\" content=\"Favorite News\" \/>\n<meta property=\"article:published_time\" content=\"2021-04-14T16:32:39+00:00\" \/>\n<meta property=\"article:modified_time\" content=\"2021-04-14T16:32:42+00:00\" \/>\n<meta property=\"og:image\" content=\"https:\/\/favorite-news.com\/fr\/wp-content\/uploads\/sites\/12\/2021\/04\/Le-meurtrier-de-la-sexagenaire-defenestree-ne-sera-pas-juge.jpg\" \/>\n\t<meta property=\"og:image:width\" content=\"648\" \/>\n\t<meta property=\"og:image:height\" content=\"360\" \/>\n\t<meta property=\"og:image:type\" content=\"image\/jpeg\" \/>\n<meta name=\"author\" content=\"favorite-news\" \/>\n<meta name=\"twitter:card\" content=\"summary_large_image\" \/>\n<meta name=\"twitter:label1\" content=\"\u00c9crit par\" \/>\n\t<meta name=\"twitter:data1\" content=\"favorite-news\" \/>\n\t<meta name=\"twitter:label2\" content=\"Dur\u00e9e de lecture estim\u00e9e\" \/>\n\t<meta name=\"twitter:data2\" content=\"4 minutes\" \/>\n<script type=\"application\/ld+json\" class=\"yoast-schema-graph\">{\"@context\":\"https:\\\/\\\/schema.org\",\"@graph\":[{\"@type\":\"Article\",\"@id\":\"https:\\\/\\\/favorite-news.com\\\/fr\\\/le-meurtrier-de-la-sexagenaire-defenestree-ne-sera-pas-juge\\\/#article\",\"isPartOf\":{\"@id\":\"https:\\\/\\\/favorite-news.com\\\/fr\\\/le-meurtrier-de-la-sexagenaire-defenestree-ne-sera-pas-juge\\\/\"},\"author\":{\"name\":\"favorite-news\",\"@id\":\"https:\\\/\\\/favorite-news.com\\\/fr\\\/#\\\/schema\\\/person\\\/b66c4cfdd10a5bf16d7d5efda647111f\"},\"headline\":\"Le meurtrier de la sexag\u00e9naire, d\u00e9fenestr\u00e9e, ne sera pas jug\u00e9\",\"datePublished\":\"2021-04-14T16:32:39+00:00\",\"dateModified\":\"2021-04-14T16:32:42+00:00\",\"mainEntityOfPage\":{\"@id\":\"https:\\\/\\\/favorite-news.com\\\/fr\\\/le-meurtrier-de-la-sexagenaire-defenestree-ne-sera-pas-juge\\\/\"},\"wordCount\":898,\"commentCount\":0,\"image\":{\"@id\":\"https:\\\/\\\/favorite-news.com\\\/fr\\\/le-meurtrier-de-la-sexagenaire-defenestree-ne-sera-pas-juge\\\/#primaryimage\"},\"thumbnailUrl\":\"https:\\\/\\\/favorite-news.com\\\/fr\\\/wp-content\\\/uploads\\\/sites\\\/12\\\/2021\\\/04\\\/Le-meurtrier-de-la-sexagenaire-defenestree-ne-sera-pas-juge.jpg\",\"articleSection\":[\"NOUVELLES\"],\"inLanguage\":\"fr-FR\",\"potentialAction\":[{\"@type\":\"CommentAction\",\"name\":\"Comment\",\"target\":[\"https:\\\/\\\/favorite-news.com\\\/fr\\\/le-meurtrier-de-la-sexagenaire-defenestree-ne-sera-pas-juge\\\/#respond\"]}]},{\"@type\":\"WebPage\",\"@id\":\"https:\\\/\\\/favorite-news.com\\\/fr\\\/le-meurtrier-de-la-sexagenaire-defenestree-ne-sera-pas-juge\\\/\",\"url\":\"https:\\\/\\\/favorite-news.com\\\/fr\\\/le-meurtrier-de-la-sexagenaire-defenestree-ne-sera-pas-juge\\\/\",\"name\":\"Le meurtrier de la sexag\u00e9naire, d\u00e9fenestr\u00e9e, ne sera pas jug\u00e9 - Favorite News\",\"isPartOf\":{\"@id\":\"https:\\\/\\\/favorite-news.com\\\/fr\\\/#website\"},\"primaryImageOfPage\":{\"@id\":\"https:\\\/\\\/favorite-news.com\\\/fr\\\/le-meurtrier-de-la-sexagenaire-defenestree-ne-sera-pas-juge\\\/#primaryimage\"},\"image\":{\"@id\":\"https:\\\/\\\/favorite-news.com\\\/fr\\\/le-meurtrier-de-la-sexagenaire-defenestree-ne-sera-pas-juge\\\/#primaryimage\"},\"thumbnailUrl\":\"https:\\\/\\\/favorite-news.com\\\/fr\\\/wp-content\\\/uploads\\\/sites\\\/12\\\/2021\\\/04\\\/Le-meurtrier-de-la-sexagenaire-defenestree-ne-sera-pas-juge.jpg\",\"datePublished\":\"2021-04-14T16:32:39+00:00\",\"dateModified\":\"2021-04-14T16:32:42+00:00\",\"author\":{\"@id\":\"https:\\\/\\\/favorite-news.com\\\/fr\\\/#\\\/schema\\\/person\\\/b66c4cfdd10a5bf16d7d5efda647111f\"},\"breadcrumb\":{\"@id\":\"https:\\\/\\\/favorite-news.com\\\/fr\\\/le-meurtrier-de-la-sexagenaire-defenestree-ne-sera-pas-juge\\\/#breadcrumb\"},\"inLanguage\":\"fr-FR\",\"potentialAction\":[{\"@type\":\"ReadAction\",\"target\":[\"https:\\\/\\\/favorite-news.com\\\/fr\\\/le-meurtrier-de-la-sexagenaire-defenestree-ne-sera-pas-juge\\\/\"]}]},{\"@type\":\"ImageObject\",\"inLanguage\":\"fr-FR\",\"@id\":\"https:\\\/\\\/favorite-news.com\\\/fr\\\/le-meurtrier-de-la-sexagenaire-defenestree-ne-sera-pas-juge\\\/#primaryimage\",\"url\":\"https:\\\/\\\/favorite-news.com\\\/fr\\\/wp-content\\\/uploads\\\/sites\\\/12\\\/2021\\\/04\\\/Le-meurtrier-de-la-sexagenaire-defenestree-ne-sera-pas-juge.jpg\",\"contentUrl\":\"https:\\\/\\\/favorite-news.com\\\/fr\\\/wp-content\\\/uploads\\\/sites\\\/12\\\/2021\\\/04\\\/Le-meurtrier-de-la-sexagenaire-defenestree-ne-sera-pas-juge.jpg\",\"width\":648,\"height\":360,\"caption\":\"Le meurtrier de la sexag\u00e9naire, d\u00e9fenestr\u00e9e, ne sera pas jug\u00e9\"},{\"@type\":\"BreadcrumbList\",\"@id\":\"https:\\\/\\\/favorite-news.com\\\/fr\\\/le-meurtrier-de-la-sexagenaire-defenestree-ne-sera-pas-juge\\\/#breadcrumb\",\"itemListElement\":[{\"@type\":\"ListItem\",\"position\":1,\"name\":\"Home\",\"item\":\"https:\\\/\\\/favorite-news.com\\\/fr\\\/\"},{\"@type\":\"ListItem\",\"position\":2,\"name\":\"Le meurtrier de la sexag\u00e9naire, d\u00e9fenestr\u00e9e, ne sera pas jug\u00e9\"}]},{\"@type\":\"WebSite\",\"@id\":\"https:\\\/\\\/favorite-news.com\\\/fr\\\/#website\",\"url\":\"https:\\\/\\\/favorite-news.com\\\/fr\\\/\",\"name\":\"Favorite News\",\"description\":\"Favorite News France\",\"potentialAction\":[{\"@type\":\"SearchAction\",\"target\":{\"@type\":\"EntryPoint\",\"urlTemplate\":\"https:\\\/\\\/favorite-news.com\\\/fr\\\/?s={search_term_string}\"},\"query-input\":{\"@type\":\"PropertyValueSpecification\",\"valueRequired\":true,\"valueName\":\"search_term_string\"}}],\"inLanguage\":\"fr-FR\"},{\"@type\":\"Person\",\"@id\":\"https:\\\/\\\/favorite-news.com\\\/fr\\\/#\\\/schema\\\/person\\\/b66c4cfdd10a5bf16d7d5efda647111f\",\"name\":\"favorite-news\",\"image\":{\"@type\":\"ImageObject\",\"inLanguage\":\"fr-FR\",\"@id\":\"https:\\\/\\\/secure.gravatar.com\\\/avatar\\\/f89959e01423a9ee3c2debbcf830eb021c575de0e1b3781ca3ae392b71c615a1?s=96&d=mm&r=g\",\"url\":\"https:\\\/\\\/secure.gravatar.com\\\/avatar\\\/f89959e01423a9ee3c2debbcf830eb021c575de0e1b3781ca3ae392b71c615a1?s=96&d=mm&r=g\",\"contentUrl\":\"https:\\\/\\\/secure.gravatar.com\\\/avatar\\\/f89959e01423a9ee3c2debbcf830eb021c575de0e1b3781ca3ae392b71c615a1?s=96&d=mm&r=g\",\"caption\":\"favorite-news\"},\"url\":\"https:\\\/\\\/favorite-news.com\\\/fr\\\/author\\\/ruby\\\/\"}]}<\/script>\n<!-- \/ Yoast SEO plugin. -->","yoast_head_json":{"title":"Le meurtrier de la sexag\u00e9naire, d\u00e9fenestr\u00e9e, ne sera pas jug\u00e9 - Favorite News","robots":{"index":"index","follow":"follow","max-snippet":"max-snippet:-1","max-image-preview":"max-image-preview:large","max-video-preview":"max-video-preview:-1"},"canonical":"https:\/\/favorite-news.com\/fr\/le-meurtrier-de-la-sexagenaire-defenestree-ne-sera-pas-juge\/","og_locale":"fr_FR","og_type":"article","og_title":"Le meurtrier de la sexag\u00e9naire, d\u00e9fenestr\u00e9e, ne sera pas jug\u00e9 - Favorite News","og_description":"Le mod\u00e8le de cartes postales envoy\u00e9es \u00e0 Emmanuel Macron r\u00e9clamant justice pour Sarah Halimi \u2014 Consistoire isra\u00e9lite du Haut-Rhin Sarah Halimi, une sexag\u00e9naire juive,\u00a0a \u00e9t\u00e9 d\u00e9fenestr\u00e9e par son voisin en avril\u00a02017 sous l\u2019\u0153il impuissant de ses voisins.&#13; En d\u00e9cembre\u00a02019, la d\u00e9cision de la cour d\u2019appel de Paris de le d\u00e9clarer \u00ab\u00a0p\u00e9nalement irresponsable\u00a0\u00bb avait suscit\u00e9 une [&hellip;]","og_url":"https:\/\/favorite-news.com\/fr\/le-meurtrier-de-la-sexagenaire-defenestree-ne-sera-pas-juge\/","og_site_name":"Favorite News","article_published_time":"2021-04-14T16:32:39+00:00","article_modified_time":"2021-04-14T16:32:42+00:00","og_image":[{"width":648,"height":360,"url":"https:\/\/favorite-news.com\/fr\/wp-content\/uploads\/sites\/12\/2021\/04\/Le-meurtrier-de-la-sexagenaire-defenestree-ne-sera-pas-juge.jpg","type":"image\/jpeg"}],"author":"favorite-news","twitter_card":"summary_large_image","twitter_misc":{"\u00c9crit par":"favorite-news","Dur\u00e9e de lecture estim\u00e9e":"4 minutes"},"schema":{"@context":"https:\/\/schema.org","@graph":[{"@type":"Article","@id":"https:\/\/favorite-news.com\/fr\/le-meurtrier-de-la-sexagenaire-defenestree-ne-sera-pas-juge\/#article","isPartOf":{"@id":"https:\/\/favorite-news.com\/fr\/le-meurtrier-de-la-sexagenaire-defenestree-ne-sera-pas-juge\/"},"author":{"name":"favorite-news","@id":"https:\/\/favorite-news.com\/fr\/#\/schema\/person\/b66c4cfdd10a5bf16d7d5efda647111f"},"headline":"Le meurtrier de la sexag\u00e9naire, d\u00e9fenestr\u00e9e, ne sera pas jug\u00e9","datePublished":"2021-04-14T16:32:39+00:00","dateModified":"2021-04-14T16:32:42+00:00","mainEntityOfPage":{"@id":"https:\/\/favorite-news.com\/fr\/le-meurtrier-de-la-sexagenaire-defenestree-ne-sera-pas-juge\/"},"wordCount":898,"commentCount":0,"image":{"@id":"https:\/\/favorite-news.com\/fr\/le-meurtrier-de-la-sexagenaire-defenestree-ne-sera-pas-juge\/#primaryimage"},"thumbnailUrl":"https:\/\/favorite-news.com\/fr\/wp-content\/uploads\/sites\/12\/2021\/04\/Le-meurtrier-de-la-sexagenaire-defenestree-ne-sera-pas-juge.jpg","articleSection":["NOUVELLES"],"inLanguage":"fr-FR","potentialAction":[{"@type":"CommentAction","name":"Comment","target":["https:\/\/favorite-news.com\/fr\/le-meurtrier-de-la-sexagenaire-defenestree-ne-sera-pas-juge\/#respond"]}]},{"@type":"WebPage","@id":"https:\/\/favorite-news.com\/fr\/le-meurtrier-de-la-sexagenaire-defenestree-ne-sera-pas-juge\/","url":"https:\/\/favorite-news.com\/fr\/le-meurtrier-de-la-sexagenaire-defenestree-ne-sera-pas-juge\/","name":"Le meurtrier de la sexag\u00e9naire, d\u00e9fenestr\u00e9e, ne sera pas jug\u00e9 - Favorite News","isPartOf":{"@id":"https:\/\/favorite-news.com\/fr\/#website"},"primaryImageOfPage":{"@id":"https:\/\/favorite-news.com\/fr\/le-meurtrier-de-la-sexagenaire-defenestree-ne-sera-pas-juge\/#primaryimage"},"image":{"@id":"https:\/\/favorite-news.com\/fr\/le-meurtrier-de-la-sexagenaire-defenestree-ne-sera-pas-juge\/#primaryimage"},"thumbnailUrl":"https:\/\/favorite-news.com\/fr\/wp-content\/uploads\/sites\/12\/2021\/04\/Le-meurtrier-de-la-sexagenaire-defenestree-ne-sera-pas-juge.jpg","datePublished":"2021-04-14T16:32:39+00:00","dateModified":"2021-04-14T16:32:42+00:00","author":{"@id":"https:\/\/favorite-news.com\/fr\/#\/schema\/person\/b66c4cfdd10a5bf16d7d5efda647111f"},"breadcrumb":{"@id":"https:\/\/favorite-news.com\/fr\/le-meurtrier-de-la-sexagenaire-defenestree-ne-sera-pas-juge\/#breadcrumb"},"inLanguage":"fr-FR","potentialAction":[{"@type":"ReadAction","target":["https:\/\/favorite-news.com\/fr\/le-meurtrier-de-la-sexagenaire-defenestree-ne-sera-pas-juge\/"]}]},{"@type":"ImageObject","inLanguage":"fr-FR","@id":"https:\/\/favorite-news.com\/fr\/le-meurtrier-de-la-sexagenaire-defenestree-ne-sera-pas-juge\/#primaryimage","url":"https:\/\/favorite-news.com\/fr\/wp-content\/uploads\/sites\/12\/2021\/04\/Le-meurtrier-de-la-sexagenaire-defenestree-ne-sera-pas-juge.jpg","contentUrl":"https:\/\/favorite-news.com\/fr\/wp-content\/uploads\/sites\/12\/2021\/04\/Le-meurtrier-de-la-sexagenaire-defenestree-ne-sera-pas-juge.jpg","width":648,"height":360,"caption":"Le meurtrier de la sexag\u00e9naire, d\u00e9fenestr\u00e9e, ne sera pas jug\u00e9"},{"@type":"BreadcrumbList","@id":"https:\/\/favorite-news.com\/fr\/le-meurtrier-de-la-sexagenaire-defenestree-ne-sera-pas-juge\/#breadcrumb","itemListElement":[{"@type":"ListItem","position":1,"name":"Home","item":"https:\/\/favorite-news.com\/fr\/"},{"@type":"ListItem","position":2,"name":"Le meurtrier de la sexag\u00e9naire, d\u00e9fenestr\u00e9e, ne sera pas jug\u00e9"}]},{"@type":"WebSite","@id":"https:\/\/favorite-news.com\/fr\/#website","url":"https:\/\/favorite-news.com\/fr\/","name":"Favorite News","description":"Favorite News France","potentialAction":[{"@type":"SearchAction","target":{"@type":"EntryPoint","urlTemplate":"https:\/\/favorite-news.com\/fr\/?s={search_term_string}"},"query-input":{"@type":"PropertyValueSpecification","valueRequired":true,"valueName":"search_term_string"}}],"inLanguage":"fr-FR"},{"@type":"Person","@id":"https:\/\/favorite-news.com\/fr\/#\/schema\/person\/b66c4cfdd10a5bf16d7d5efda647111f","name":"favorite-news","image":{"@type":"ImageObject","inLanguage":"fr-FR","@id":"https:\/\/secure.gravatar.com\/avatar\/f89959e01423a9ee3c2debbcf830eb021c575de0e1b3781ca3ae392b71c615a1?s=96&d=mm&r=g","url":"https:\/\/secure.gravatar.com\/avatar\/f89959e01423a9ee3c2debbcf830eb021c575de0e1b3781ca3ae392b71c615a1?s=96&d=mm&r=g","contentUrl":"https:\/\/secure.gravatar.com\/avatar\/f89959e01423a9ee3c2debbcf830eb021c575de0e1b3781ca3ae392b71c615a1?s=96&d=mm&r=g","caption":"favorite-news"},"url":"https:\/\/favorite-news.com\/fr\/author\/ruby\/"}]}},"_links":{"self":[{"href":"https:\/\/favorite-news.com\/fr\/wp-json\/wp\/v2\/posts\/1240","targetHints":{"allow":["GET"]}}],"collection":[{"href":"https:\/\/favorite-news.com\/fr\/wp-json\/wp\/v2\/posts"}],"about":[{"href":"https:\/\/favorite-news.com\/fr\/wp-json\/wp\/v2\/types\/post"}],"author":[{"embeddable":true,"href":"https:\/\/favorite-news.com\/fr\/wp-json\/wp\/v2\/users\/1"}],"replies":[{"embeddable":true,"href":"https:\/\/favorite-news.com\/fr\/wp-json\/wp\/v2\/comments?post=1240"}],"version-history":[{"count":1,"href":"https:\/\/favorite-news.com\/fr\/wp-json\/wp\/v2\/posts\/1240\/revisions"}],"predecessor-version":[{"id":1242,"href":"https:\/\/favorite-news.com\/fr\/wp-json\/wp\/v2\/posts\/1240\/revisions\/1242"}],"wp:featuredmedia":[{"embeddable":true,"href":"https:\/\/favorite-news.com\/fr\/wp-json\/wp\/v2\/media\/1241"}],"wp:attachment":[{"href":"https:\/\/favorite-news.com\/fr\/wp-json\/wp\/v2\/media?parent=1240"}],"wp:term":[{"taxonomy":"category","embeddable":true,"href":"https:\/\/favorite-news.com\/fr\/wp-json\/wp\/v2\/categories?post=1240"},{"taxonomy":"post_tag","embeddable":true,"href":"https:\/\/favorite-news.com\/fr\/wp-json\/wp\/v2\/tags?post=1240"}],"curies":[{"name":"wp","href":"https:\/\/api.w.org\/{rel}","templated":true}]}}