{"id":1228,"date":"2021-04-12T16:27:04","date_gmt":"2021-04-12T16:27:04","guid":{"rendered":"https:\/\/favorite-news.com\/fr\/les-24-heures-du-mans-motos-auront-lieu-les-12-et-13-juin\/"},"modified":"2021-04-12T16:27:06","modified_gmt":"2021-04-12T16:27:06","slug":"les-24-heures-du-mans-motos-auront-lieu-les-12-et-13-juin","status":"publish","type":"post","link":"https:\/\/favorite-news.com\/fr\/les-24-heures-du-mans-motos-auront-lieu-les-12-et-13-juin\/","title":{"rendered":"Les 24 Heures du\u00a0Mans motos auront lieu les 12 et 13\u00a0juin"},"content":{"rendered":"<p>                Les 24 heures du Mans en 2016. \u2014 FREDERIC GAUDIN \/ ACO \/ AFP<br \/>\n            Initialement pr\u00e9vue\u00a0les 17 et 18 avril, la course des 24 Heures du Mans motos aura lieu les 12 et 13 juin.&#13;<br \/>\n\tEn raison du manque de visibilit\u00e9 sur les conditions d&rsquo;accueil de public, l\u2019\u00e9preuve se d\u00e9roulera \u00e0 huis clos.&#13;<\/p>\n<p>De date en date. Les 24 Heures Motos au\u00a0 &#13;<br \/>\nMans ( &#13;<br \/>\nSarthe), initialement pr\u00e9vues les 17 et 18\u00a0avril avant d\u2019\u00eatre report\u00e9es il y a dix jours, se d\u00e9rouleront finalement les 12 et 13\u00a0juin \u00e0 huis clos, a annonc\u00e9 ce lundi l\u2019 &#13;<br \/>\nAutomobile Club de l\u2019Ouest (ACO), organisateur de l\u2019\u00e9preuve.<\/p>\n<p>La 44e \u00e9dition avait \u00e9t\u00e9 report\u00e9e en raison du \u00ab\u00a0contexte sanitaire actuel\u00a0\u00bb, et \u00ab\u00a0en raison du manque de visibilit\u00e9 sur les conditions d\u2019accueil de public, l\u2019\u00e9preuve se d\u00e9roulera \u00e0 huis clos\u00a0\u00bb, pr\u00e9cise le communiqu\u00e9. \u00ab\u00a0Depuis le d\u00e9but de cette crise, notre objectif principal est de maintenir autant que possible nos \u00e9preuves\u00a0\u00bb, a indiqu\u00e9 Pierre Fillon, le pr\u00e9sident de l\u2019ACO, cit\u00e9 dans le communiqu\u00e9. \u00ab\u00a0Il \u00e9tait vital pour les concurrents, leurs partenaires et pour l\u2019\u00e9quilibre du championnat que la course ait lieu, m\u00eame \u00e0 huis clos\u00a0\u00bb, a-t-il assur\u00e9.<\/p>\n<p>En automobile, l\u2019\u00e9preuve est pr\u00e9vue les 21 et 22\u00a0ao\u00fbt<\/p>\n<p>\u00ab\u00a0Nous mettrons \u00e0 nouveau tout en \u0153uvre pour garantir une exposition maximale de cette \u00e9dition, qui s\u2019annonce une nouvelle fois passionnante sur le plan sportif\u00a0\u00bb, a affirm\u00e9 Pierre Fillon. Le circuit Bugatti du\u00a0Mans doit \u00e9galement accueillir le Grand Prix de France moto du 14 au 16\u00a0mai, alors qu\u2019en sport automobile, les 89e 24 Heures du\u00a0Mans, pr\u00e9vues les 12 et 13\u00a0juin, ont \u00e9t\u00e9 report\u00e9es d\u00e9but mars aux 21 et 22\u00a0ao\u00fbt afin d\u2019\u00e9ventuellement accueillir du public.<\/p>\n<p>Les 24 Heures Motos au\u00a0Mans seront l\u2019\u00e9preuve inaugurale du championnat du monde d\u2019endurance moto, qui compte cinq \u00e9preuves \u00e0 son calendrier 2021. En effet les 8 Heures d\u2019Oschersleben (Allemagne), pr\u00e9vues le 23\u00a0mai, ont \u00e9t\u00e9 report\u00e9es, a annonc\u00e9 ce lundi la F\u00e9d\u00e9ration internationale de motocyclisme. \u00ab\u00a0Nous esp\u00e9rons vraiment qu\u2019il sera possible de reporter les 8 Heures d\u2019Oschersleben \u00e0 une date aussi proche que la situation sanitaire le permettra\u00a0\u00bb, a soulign\u00e9 le pr\u00e9sident de la FIM, Jorge Viegas.<\/p>\n<p>\n<!--noindex--><br \/>\n<a href=\"https:\/\/www.20minutes.fr\/sport\/3019467-20210412-sarthe-24-heures-mans-motos-lieu-12-13-juin#xtor=RSS-149\" rel=\"nofollow\">Source link <\/a><br \/>\n<!--\/noindex--><\/p>\n","protected":false},"excerpt":{"rendered":"<p>Les 24 heures du Mans en 2016. \u2014 FREDERIC GAUDIN \/ ACO \/ AFP Initialement pr\u00e9vue\u00a0les 17 et 18 avril, la course des 24 Heures du Mans motos aura lieu les 12 et 13 juin.&#13; En raison du manque de visibilit\u00e9 sur les conditions d&rsquo;accueil de public, l\u2019\u00e9preuve se d\u00e9roulera \u00e0 huis clos.&#13; De date [&hellip;]<\/p>\n","protected":false},"author":1,"featured_media":1229,"comment_status":"open","ping_status":"open","sticky":false,"template":"","format":"standard","meta":{"footnotes":""},"categories":[1],"tags":[],"class_list":["post-1228","post","type-post","status-publish","format-standard","has-post-thumbnail","hentry","category-nouvelles"],"yoast_head":"<!-- This site is optimized with the Yoast SEO plugin v27.4 - https:\/\/yoast.com\/product\/yoast-seo-wordpress\/ -->\n<title>Les 24 Heures du\u00a0Mans motos auront lieu les 12 et 13\u00a0juin - Favorite News<\/title>\n<meta name=\"robots\" content=\"index, follow, max-snippet:-1, max-image-preview:large, max-video-preview:-1\" \/>\n<link rel=\"canonical\" href=\"https:\/\/favorite-news.com\/fr\/les-24-heures-du-mans-motos-auront-lieu-les-12-et-13-juin\/\" \/>\n<meta property=\"og:locale\" content=\"fr_FR\" \/>\n<meta property=\"og:type\" content=\"article\" \/>\n<meta property=\"og:title\" content=\"Les 24 Heures du\u00a0Mans motos auront lieu les 12 et 13\u00a0juin - Favorite News\" \/>\n<meta property=\"og:description\" content=\"Les 24 heures du Mans en 2016. \u2014 FREDERIC GAUDIN \/ ACO \/ AFP Initialement pr\u00e9vue\u00a0les 17 et 18 avril, la course des 24 Heures du Mans motos aura lieu les 12 et 13 juin.&#013; En raison du manque de visibilit\u00e9 sur les conditions d&rsquo;accueil de public, l\u2019\u00e9preuve se d\u00e9roulera \u00e0 huis clos.&#013; De date [&hellip;]\" \/>\n<meta property=\"og:url\" content=\"https:\/\/favorite-news.com\/fr\/les-24-heures-du-mans-motos-auront-lieu-les-12-et-13-juin\/\" \/>\n<meta property=\"og:site_name\" content=\"Favorite News\" \/>\n<meta property=\"article:published_time\" content=\"2021-04-12T16:27:04+00:00\" \/>\n<meta property=\"article:modified_time\" content=\"2021-04-12T16:27:06+00:00\" \/>\n<meta property=\"og:image\" content=\"https:\/\/favorite-news.com\/fr\/wp-content\/uploads\/sites\/12\/2021\/04\/Les-24-Heures-du-Mans-motos-auront-lieu-les-12-et.jpg\" \/>\n\t<meta property=\"og:image:width\" content=\"648\" \/>\n\t<meta property=\"og:image:height\" content=\"360\" \/>\n\t<meta property=\"og:image:type\" content=\"image\/jpeg\" \/>\n<meta name=\"author\" content=\"favorite-news\" \/>\n<meta name=\"twitter:card\" content=\"summary_large_image\" \/>\n<meta name=\"twitter:label1\" content=\"\u00c9crit par\" \/>\n\t<meta name=\"twitter:data1\" content=\"favorite-news\" \/>\n\t<meta name=\"twitter:label2\" content=\"Dur\u00e9e de lecture estim\u00e9e\" \/>\n\t<meta name=\"twitter:data2\" content=\"2 minutes\" \/>\n<script type=\"application\/ld+json\" class=\"yoast-schema-graph\">{\"@context\":\"https:\\\/\\\/schema.org\",\"@graph\":[{\"@type\":\"Article\",\"@id\":\"https:\\\/\\\/favorite-news.com\\\/fr\\\/les-24-heures-du-mans-motos-auront-lieu-les-12-et-13-juin\\\/#article\",\"isPartOf\":{\"@id\":\"https:\\\/\\\/favorite-news.com\\\/fr\\\/les-24-heures-du-mans-motos-auront-lieu-les-12-et-13-juin\\\/\"},\"author\":{\"name\":\"favorite-news\",\"@id\":\"https:\\\/\\\/favorite-news.com\\\/fr\\\/#\\\/schema\\\/person\\\/b66c4cfdd10a5bf16d7d5efda647111f\"},\"headline\":\"Les 24 Heures du\u00a0Mans motos auront lieu les 12 et 13\u00a0juin\",\"datePublished\":\"2021-04-12T16:27:04+00:00\",\"dateModified\":\"2021-04-12T16:27:06+00:00\",\"mainEntityOfPage\":{\"@id\":\"https:\\\/\\\/favorite-news.com\\\/fr\\\/les-24-heures-du-mans-motos-auront-lieu-les-12-et-13-juin\\\/\"},\"wordCount\":375,\"commentCount\":0,\"image\":{\"@id\":\"https:\\\/\\\/favorite-news.com\\\/fr\\\/les-24-heures-du-mans-motos-auront-lieu-les-12-et-13-juin\\\/#primaryimage\"},\"thumbnailUrl\":\"https:\\\/\\\/favorite-news.com\\\/fr\\\/wp-content\\\/uploads\\\/sites\\\/12\\\/2021\\\/04\\\/Les-24-Heures-du-Mans-motos-auront-lieu-les-12-et.jpg\",\"articleSection\":[\"NOUVELLES\"],\"inLanguage\":\"fr-FR\",\"potentialAction\":[{\"@type\":\"CommentAction\",\"name\":\"Comment\",\"target\":[\"https:\\\/\\\/favorite-news.com\\\/fr\\\/les-24-heures-du-mans-motos-auront-lieu-les-12-et-13-juin\\\/#respond\"]}]},{\"@type\":\"WebPage\",\"@id\":\"https:\\\/\\\/favorite-news.com\\\/fr\\\/les-24-heures-du-mans-motos-auront-lieu-les-12-et-13-juin\\\/\",\"url\":\"https:\\\/\\\/favorite-news.com\\\/fr\\\/les-24-heures-du-mans-motos-auront-lieu-les-12-et-13-juin\\\/\",\"name\":\"Les 24 Heures du\u00a0Mans motos auront lieu les 12 et 13\u00a0juin - Favorite News\",\"isPartOf\":{\"@id\":\"https:\\\/\\\/favorite-news.com\\\/fr\\\/#website\"},\"primaryImageOfPage\":{\"@id\":\"https:\\\/\\\/favorite-news.com\\\/fr\\\/les-24-heures-du-mans-motos-auront-lieu-les-12-et-13-juin\\\/#primaryimage\"},\"image\":{\"@id\":\"https:\\\/\\\/favorite-news.com\\\/fr\\\/les-24-heures-du-mans-motos-auront-lieu-les-12-et-13-juin\\\/#primaryimage\"},\"thumbnailUrl\":\"https:\\\/\\\/favorite-news.com\\\/fr\\\/wp-content\\\/uploads\\\/sites\\\/12\\\/2021\\\/04\\\/Les-24-Heures-du-Mans-motos-auront-lieu-les-12-et.jpg\",\"datePublished\":\"2021-04-12T16:27:04+00:00\",\"dateModified\":\"2021-04-12T16:27:06+00:00\",\"author\":{\"@id\":\"https:\\\/\\\/favorite-news.com\\\/fr\\\/#\\\/schema\\\/person\\\/b66c4cfdd10a5bf16d7d5efda647111f\"},\"breadcrumb\":{\"@id\":\"https:\\\/\\\/favorite-news.com\\\/fr\\\/les-24-heures-du-mans-motos-auront-lieu-les-12-et-13-juin\\\/#breadcrumb\"},\"inLanguage\":\"fr-FR\",\"potentialAction\":[{\"@type\":\"ReadAction\",\"target\":[\"https:\\\/\\\/favorite-news.com\\\/fr\\\/les-24-heures-du-mans-motos-auront-lieu-les-12-et-13-juin\\\/\"]}]},{\"@type\":\"ImageObject\",\"inLanguage\":\"fr-FR\",\"@id\":\"https:\\\/\\\/favorite-news.com\\\/fr\\\/les-24-heures-du-mans-motos-auront-lieu-les-12-et-13-juin\\\/#primaryimage\",\"url\":\"https:\\\/\\\/favorite-news.com\\\/fr\\\/wp-content\\\/uploads\\\/sites\\\/12\\\/2021\\\/04\\\/Les-24-Heures-du-Mans-motos-auront-lieu-les-12-et.jpg\",\"contentUrl\":\"https:\\\/\\\/favorite-news.com\\\/fr\\\/wp-content\\\/uploads\\\/sites\\\/12\\\/2021\\\/04\\\/Les-24-Heures-du-Mans-motos-auront-lieu-les-12-et.jpg\",\"width\":648,\"height\":360,\"caption\":\"Les 24 Heures du\u00a0Mans motos auront lieu les 12 et 13\u00a0juin\"},{\"@type\":\"BreadcrumbList\",\"@id\":\"https:\\\/\\\/favorite-news.com\\\/fr\\\/les-24-heures-du-mans-motos-auront-lieu-les-12-et-13-juin\\\/#breadcrumb\",\"itemListElement\":[{\"@type\":\"ListItem\",\"position\":1,\"name\":\"Home\",\"item\":\"https:\\\/\\\/favorite-news.com\\\/fr\\\/\"},{\"@type\":\"ListItem\",\"position\":2,\"name\":\"Les 24 Heures du\u00a0Mans motos auront lieu les 12 et 13\u00a0juin\"}]},{\"@type\":\"WebSite\",\"@id\":\"https:\\\/\\\/favorite-news.com\\\/fr\\\/#website\",\"url\":\"https:\\\/\\\/favorite-news.com\\\/fr\\\/\",\"name\":\"Favorite News\",\"description\":\"Favorite News France\",\"potentialAction\":[{\"@type\":\"SearchAction\",\"target\":{\"@type\":\"EntryPoint\",\"urlTemplate\":\"https:\\\/\\\/favorite-news.com\\\/fr\\\/?s={search_term_string}\"},\"query-input\":{\"@type\":\"PropertyValueSpecification\",\"valueRequired\":true,\"valueName\":\"search_term_string\"}}],\"inLanguage\":\"fr-FR\"},{\"@type\":\"Person\",\"@id\":\"https:\\\/\\\/favorite-news.com\\\/fr\\\/#\\\/schema\\\/person\\\/b66c4cfdd10a5bf16d7d5efda647111f\",\"name\":\"favorite-news\",\"image\":{\"@type\":\"ImageObject\",\"inLanguage\":\"fr-FR\",\"@id\":\"https:\\\/\\\/secure.gravatar.com\\\/avatar\\\/f89959e01423a9ee3c2debbcf830eb021c575de0e1b3781ca3ae392b71c615a1?s=96&d=mm&r=g\",\"url\":\"https:\\\/\\\/secure.gravatar.com\\\/avatar\\\/f89959e01423a9ee3c2debbcf830eb021c575de0e1b3781ca3ae392b71c615a1?s=96&d=mm&r=g\",\"contentUrl\":\"https:\\\/\\\/secure.gravatar.com\\\/avatar\\\/f89959e01423a9ee3c2debbcf830eb021c575de0e1b3781ca3ae392b71c615a1?s=96&d=mm&r=g\",\"caption\":\"favorite-news\"},\"url\":\"https:\\\/\\\/favorite-news.com\\\/fr\\\/author\\\/ruby\\\/\"}]}<\/script>\n<!-- \/ Yoast SEO plugin. -->","yoast_head_json":{"title":"Les 24 Heures du\u00a0Mans motos auront lieu les 12 et 13\u00a0juin - Favorite News","robots":{"index":"index","follow":"follow","max-snippet":"max-snippet:-1","max-image-preview":"max-image-preview:large","max-video-preview":"max-video-preview:-1"},"canonical":"https:\/\/favorite-news.com\/fr\/les-24-heures-du-mans-motos-auront-lieu-les-12-et-13-juin\/","og_locale":"fr_FR","og_type":"article","og_title":"Les 24 Heures du\u00a0Mans motos auront lieu les 12 et 13\u00a0juin - Favorite News","og_description":"Les 24 heures du Mans en 2016. \u2014 FREDERIC GAUDIN \/ ACO \/ AFP Initialement pr\u00e9vue\u00a0les 17 et 18 avril, la course des 24 Heures du Mans motos aura lieu les 12 et 13 juin.&#13; En raison du manque de visibilit\u00e9 sur les conditions d&rsquo;accueil de public, l\u2019\u00e9preuve se d\u00e9roulera \u00e0 huis clos.&#13; De date [&hellip;]","og_url":"https:\/\/favorite-news.com\/fr\/les-24-heures-du-mans-motos-auront-lieu-les-12-et-13-juin\/","og_site_name":"Favorite News","article_published_time":"2021-04-12T16:27:04+00:00","article_modified_time":"2021-04-12T16:27:06+00:00","og_image":[{"width":648,"height":360,"url":"https:\/\/favorite-news.com\/fr\/wp-content\/uploads\/sites\/12\/2021\/04\/Les-24-Heures-du-Mans-motos-auront-lieu-les-12-et.jpg","type":"image\/jpeg"}],"author":"favorite-news","twitter_card":"summary_large_image","twitter_misc":{"\u00c9crit par":"favorite-news","Dur\u00e9e de lecture estim\u00e9e":"2 minutes"},"schema":{"@context":"https:\/\/schema.org","@graph":[{"@type":"Article","@id":"https:\/\/favorite-news.com\/fr\/les-24-heures-du-mans-motos-auront-lieu-les-12-et-13-juin\/#article","isPartOf":{"@id":"https:\/\/favorite-news.com\/fr\/les-24-heures-du-mans-motos-auront-lieu-les-12-et-13-juin\/"},"author":{"name":"favorite-news","@id":"https:\/\/favorite-news.com\/fr\/#\/schema\/person\/b66c4cfdd10a5bf16d7d5efda647111f"},"headline":"Les 24 Heures du\u00a0Mans motos auront lieu les 12 et 13\u00a0juin","datePublished":"2021-04-12T16:27:04+00:00","dateModified":"2021-04-12T16:27:06+00:00","mainEntityOfPage":{"@id":"https:\/\/favorite-news.com\/fr\/les-24-heures-du-mans-motos-auront-lieu-les-12-et-13-juin\/"},"wordCount":375,"commentCount":0,"image":{"@id":"https:\/\/favorite-news.com\/fr\/les-24-heures-du-mans-motos-auront-lieu-les-12-et-13-juin\/#primaryimage"},"thumbnailUrl":"https:\/\/favorite-news.com\/fr\/wp-content\/uploads\/sites\/12\/2021\/04\/Les-24-Heures-du-Mans-motos-auront-lieu-les-12-et.jpg","articleSection":["NOUVELLES"],"inLanguage":"fr-FR","potentialAction":[{"@type":"CommentAction","name":"Comment","target":["https:\/\/favorite-news.com\/fr\/les-24-heures-du-mans-motos-auront-lieu-les-12-et-13-juin\/#respond"]}]},{"@type":"WebPage","@id":"https:\/\/favorite-news.com\/fr\/les-24-heures-du-mans-motos-auront-lieu-les-12-et-13-juin\/","url":"https:\/\/favorite-news.com\/fr\/les-24-heures-du-mans-motos-auront-lieu-les-12-et-13-juin\/","name":"Les 24 Heures du\u00a0Mans motos auront lieu les 12 et 13\u00a0juin - Favorite News","isPartOf":{"@id":"https:\/\/favorite-news.com\/fr\/#website"},"primaryImageOfPage":{"@id":"https:\/\/favorite-news.com\/fr\/les-24-heures-du-mans-motos-auront-lieu-les-12-et-13-juin\/#primaryimage"},"image":{"@id":"https:\/\/favorite-news.com\/fr\/les-24-heures-du-mans-motos-auront-lieu-les-12-et-13-juin\/#primaryimage"},"thumbnailUrl":"https:\/\/favorite-news.com\/fr\/wp-content\/uploads\/sites\/12\/2021\/04\/Les-24-Heures-du-Mans-motos-auront-lieu-les-12-et.jpg","datePublished":"2021-04-12T16:27:04+00:00","dateModified":"2021-04-12T16:27:06+00:00","author":{"@id":"https:\/\/favorite-news.com\/fr\/#\/schema\/person\/b66c4cfdd10a5bf16d7d5efda647111f"},"breadcrumb":{"@id":"https:\/\/favorite-news.com\/fr\/les-24-heures-du-mans-motos-auront-lieu-les-12-et-13-juin\/#breadcrumb"},"inLanguage":"fr-FR","potentialAction":[{"@type":"ReadAction","target":["https:\/\/favorite-news.com\/fr\/les-24-heures-du-mans-motos-auront-lieu-les-12-et-13-juin\/"]}]},{"@type":"ImageObject","inLanguage":"fr-FR","@id":"https:\/\/favorite-news.com\/fr\/les-24-heures-du-mans-motos-auront-lieu-les-12-et-13-juin\/#primaryimage","url":"https:\/\/favorite-news.com\/fr\/wp-content\/uploads\/sites\/12\/2021\/04\/Les-24-Heures-du-Mans-motos-auront-lieu-les-12-et.jpg","contentUrl":"https:\/\/favorite-news.com\/fr\/wp-content\/uploads\/sites\/12\/2021\/04\/Les-24-Heures-du-Mans-motos-auront-lieu-les-12-et.jpg","width":648,"height":360,"caption":"Les 24 Heures du\u00a0Mans motos auront lieu les 12 et 13\u00a0juin"},{"@type":"BreadcrumbList","@id":"https:\/\/favorite-news.com\/fr\/les-24-heures-du-mans-motos-auront-lieu-les-12-et-13-juin\/#breadcrumb","itemListElement":[{"@type":"ListItem","position":1,"name":"Home","item":"https:\/\/favorite-news.com\/fr\/"},{"@type":"ListItem","position":2,"name":"Les 24 Heures du\u00a0Mans motos auront lieu les 12 et 13\u00a0juin"}]},{"@type":"WebSite","@id":"https:\/\/favorite-news.com\/fr\/#website","url":"https:\/\/favorite-news.com\/fr\/","name":"Favorite News","description":"Favorite News France","potentialAction":[{"@type":"SearchAction","target":{"@type":"EntryPoint","urlTemplate":"https:\/\/favorite-news.com\/fr\/?s={search_term_string}"},"query-input":{"@type":"PropertyValueSpecification","valueRequired":true,"valueName":"search_term_string"}}],"inLanguage":"fr-FR"},{"@type":"Person","@id":"https:\/\/favorite-news.com\/fr\/#\/schema\/person\/b66c4cfdd10a5bf16d7d5efda647111f","name":"favorite-news","image":{"@type":"ImageObject","inLanguage":"fr-FR","@id":"https:\/\/secure.gravatar.com\/avatar\/f89959e01423a9ee3c2debbcf830eb021c575de0e1b3781ca3ae392b71c615a1?s=96&d=mm&r=g","url":"https:\/\/secure.gravatar.com\/avatar\/f89959e01423a9ee3c2debbcf830eb021c575de0e1b3781ca3ae392b71c615a1?s=96&d=mm&r=g","contentUrl":"https:\/\/secure.gravatar.com\/avatar\/f89959e01423a9ee3c2debbcf830eb021c575de0e1b3781ca3ae392b71c615a1?s=96&d=mm&r=g","caption":"favorite-news"},"url":"https:\/\/favorite-news.com\/fr\/author\/ruby\/"}]}},"_links":{"self":[{"href":"https:\/\/favorite-news.com\/fr\/wp-json\/wp\/v2\/posts\/1228","targetHints":{"allow":["GET"]}}],"collection":[{"href":"https:\/\/favorite-news.com\/fr\/wp-json\/wp\/v2\/posts"}],"about":[{"href":"https:\/\/favorite-news.com\/fr\/wp-json\/wp\/v2\/types\/post"}],"author":[{"embeddable":true,"href":"https:\/\/favorite-news.com\/fr\/wp-json\/wp\/v2\/users\/1"}],"replies":[{"embeddable":true,"href":"https:\/\/favorite-news.com\/fr\/wp-json\/wp\/v2\/comments?post=1228"}],"version-history":[{"count":1,"href":"https:\/\/favorite-news.com\/fr\/wp-json\/wp\/v2\/posts\/1228\/revisions"}],"predecessor-version":[{"id":1230,"href":"https:\/\/favorite-news.com\/fr\/wp-json\/wp\/v2\/posts\/1228\/revisions\/1230"}],"wp:featuredmedia":[{"embeddable":true,"href":"https:\/\/favorite-news.com\/fr\/wp-json\/wp\/v2\/media\/1229"}],"wp:attachment":[{"href":"https:\/\/favorite-news.com\/fr\/wp-json\/wp\/v2\/media?parent=1228"}],"wp:term":[{"taxonomy":"category","embeddable":true,"href":"https:\/\/favorite-news.com\/fr\/wp-json\/wp\/v2\/categories?post=1228"},{"taxonomy":"post_tag","embeddable":true,"href":"https:\/\/favorite-news.com\/fr\/wp-json\/wp\/v2\/tags?post=1228"}],"curies":[{"name":"wp","href":"https:\/\/api.w.org\/{rel}","templated":true}]}}