{"id":1222,"date":"2021-04-11T16:21:56","date_gmt":"2021-04-11T16:21:56","guid":{"rendered":"https:\/\/favorite-news.com\/fr\/quelle-sera-lutilite-des-autotests-disponibles-des-lundi-en-pharmacie\/"},"modified":"2021-04-11T16:21:59","modified_gmt":"2021-04-11T16:21:59","slug":"quelle-sera-lutilite-des-autotests-disponibles-des-lundi-en-pharmacie","status":"publish","type":"post","link":"https:\/\/favorite-news.com\/fr\/quelle-sera-lutilite-des-autotests-disponibles-des-lundi-en-pharmacie\/","title":{"rendered":"Quelle sera l\u2019utilit\u00e9 des autotests, disponibles d\u00e8s lundi en pharmacie\u00a0?"},"content":{"rendered":"<p>                Autotests covid-19, le 07\/04\/2021. \u2014 SYSPEO\/SIPA<br \/>\n            Les pharmaciens sont autoris\u00e9s \u00e0 vendre des autotests antig\u00e9niques \u00e0 partir de ce lundi.&#13;<br \/>\n\tIls seront\u00a0gratuits pour les\u00a0salari\u00e9s \u00e0 domicile intervenant aupr\u00e8s de personnes \u00e2g\u00e9es ou en situation de handicap, mais seront payants pour les particuliers.&#13;<br \/>\n\tS\u2019ils repr\u00e9sentent un outil de pr\u00e9vention suppl\u00e9mentaire, des questions demeurent sur leur fiabilit\u00e9 et l\u2019attitude que les utilisateurs auront en cas de positivit\u00e9 du test\u2026&#13;<br \/>\n\tBeaucoup de personnes interrog\u00e9es y voient un int\u00e9r\u00eat pratique et il est pr\u00e9vu de les d\u00e9ployer dans les \u00e9tablissements scolaires&#13;<\/p>\n<p>Une nouvelle arme dans la lutte contre l\u2019\u00e9pid\u00e9mie de coronavirus.\u00a0Les\u00a0autotests\u00a0de d\u00e9pistage du Covid-19 seront disponibles dans 6.000\u00a0pharmacies d\u00e8s ce lundi. Destin\u00e9s aux\u00a0personnes asymp tomatiques de plus de 15 ans, ils seront d\u00e9ploy\u00e9s progressivement dans toutes les officines.\u00a0Moins invasifs et d\u00e9sagr\u00e9ables que les tests naso-pharyng\u00e9s profonds, ils consistent en un pr\u00e9l\u00e8vement nasal avec un \u00e9couvillon \u00e0 enfoncer de 2 \u00e0 3 centim\u00e8tres dans la narine qu\u2019il faut ensuite tremper dans un r\u00e9actif. Le r\u00e9sultat est d\u00e9livr\u00e9\u00a0en quinze \u00e0 vingt\u00a0minutes. Tout autotest\u00a0positif devra\u00a0ensuite faire l\u2019objet d\u2019une confirmation par test\u00a0PCR.<\/p>\n<p>Les autotests seront d\u00e9livr\u00e9s gratuitement, sur justificatif, aux salari\u00e9s \u00e0 domicile intervenant aupr\u00e8s de personnes \u00e2g\u00e9es ou en situation de handicap, ainsi qu\u2019aux accueillants familiaux accompagnant ces personnes \u00e0 raison de deux par semaine, indique\u00a0le minist\u00e8re de la Sant\u00e9 sur son\u00a0site.\u00a0Les particuliers pourront aussi se les procurer au prix\u00a0plafonn\u00e9 \u00e0 6 euros, puis \u00e0 5,20 euros \u00e0 partir du 15\u00a0mai.<\/p>\n<p>\u00ab\u00a0Je pense en\u00a0utiliser avant de voir mes amis\u00a0\u00bb<\/p>\n<p>Selon le\u00a0Dr J\u00e9r\u00f4me Marty, pr\u00e9sident de UFML (Syndicat de l\u2019Union fran\u00e7aise pour une m\u00e9decine libre), interrog\u00e9 par 20 Minutes, ces autotests repr\u00e9sentent \u00ab grande avanc\u00e9e dans la lutte contre l\u2019\u00e9pid\u00e9mie, \u00e0 condition que les gens s\u2019en emparent. D\u2019ailleurs les pays qui s\u2019en sortent le mieux dans le combat contre le Covid-19 les utilisent\u00a0\u00bb. De son c\u00f4t\u00e9, le minist\u00e8re de la sant\u00e9 les voit comme \u00ab\u00a0un instrument d\u2019autosurveillance\u00a0\u00bb. Outre le fait qu\u2019ils serviront\u00a0de bouclier \u00e0\u00a0la propagation du &#13;<br \/>\ncoronavirus pour les salari\u00e9s \u00e0 domicile, ils seront utiles aux particuliers. \u00ab\u00a0On pourra en utiliser avant de se rendre \u00e0\u00a0un d\u00e9jeuner familial, au cin\u00e9ma ou au bureau. Ce sera un outil de protection du groupe. En cas de r\u00e9sultat positif, la personne s\u2019isolera et l\u2019incendie sera \u00e9teint tr\u00e8s t\u00f4t\u00a0\u00bb, explique Dr J\u00e9r\u00f4me Marty.<\/p>\n<p>D\u2019ailleurs, certains de nos lecteurs ont d\u00e9j\u00e0 l\u2019intention de s\u2019en servir, \u00e0 l&rsquo;instar de\u00a0David\u00a0:\u00a0\u00ab\u00a0Oui, j\u2019en utiliserai. Plus besoin de me\u00a0d\u00e9placer en pharmacie\u00a0ou en labo\u00a0d\u2019analyse o\u00f9\u00a0tout le monde\u00a0s\u2019agglutine\u00a0dans des files d\u2019attente interminables. Un \u00e9tat f\u00e9brile\u00a0?\u00a0Un\u00a0repas de famille \u00e0\u00a0venir\u00a0?\u00a0L\u2019autotest sera l\u2019outil indispensable pour plus de s\u00e9r\u00e9nit\u00e9. Comme on utilise un \u00e9thylotest pour la conduite\u00a0\u00bb. Idem pour Corinne, qui a r\u00e9pondu \u00e0 notre appel \u00e0 t\u00e9moins\u00a0:\u00a0\u00ab\u00a0Je pense en\u00a0utiliser avant de voir mes amis et de faire des randonn\u00e9es avec mon club. C\u2019est une s\u00e9curit\u00e9 suppl\u00e9mentaire et je ne comprends pas le retard fran\u00e7ais \u00e0 propos de ces tests. Bien s\u00fbr, en cas de positivit\u00e9, je me ferai contr\u00f4ler par PCR, car je sais que leur fiabilit\u00e9 n\u2019est pas de 100\u00a0% et je m\u2019isolerai\u00a0\u00bb.<\/p>\n<p>Bient\u00f4t dans les \u00e9tablissements<\/p>\n<p>Autre int\u00e9r\u00eat de ces tests\u00a0:\u00a0ils pourront toucher des populations qui ne se font pas suffisamment tester actuellement. \u00ab\u00a0Comme les personnes qui vivent en zone rurale ou dans certaines banlieues\u00a0et qui n\u2019ont pas acc\u00e8s \u00e0 centre de d\u00e9pistage\u00a0\u00bb, poursuit le\u00a0Dr J\u00e9r\u00f4me Marty. Et selon lui,\u00ab\u00a0ces tests pourront \u00eatre utiles plusieurs mois, le temps que la population soit massivement vaccin\u00e9e\u00a0\u00bb.<\/p>\n<p>Ces autotests pourront\u00a0aussi \u00eatre utiles au moment o\u00f9 les\u00a0\u00e9tablissements scolaires vont rouvrir, afin de limiter la propagation du virus.\u00a0Ils \u00ab\u00a0vont \u00eatre rapidement mis \u00e0 disposition dans les \u00e9tablissements scolaires\u00a0\u00bb, a d\u2019ailleurs\u00a0indiqu\u00e9 Olivier V\u00e9ran, dans un entretien au Journal du dimanche.\u00a0Si ces tests pourront \u00eatre propos\u00e9s \u00e0 tous les enseignants, ils ne le seront qu\u2019aux \u00e9l\u00e8ves de plus de 15 ans, selon la recommandation de la Haute autorit\u00e9 de Sant\u00e9 (HAS). Et le ministre de la Sant\u00e9 \u00e9voque m\u00eame la possibilit\u00e9 \u00ab\u00a0d\u2019aller jusqu\u2019\u00e0 deux tests par semaine par \u00e9l\u00e8ve et par enseignant\u00a0\u00bb. A condition que ceux-ci soient volontaires pour les effectuer&#8230;<\/p>\n<p>\u00ab\u00a0Je ne vois absolument pas l\u2019int\u00e9r\u00eat\u00a0\u00bb<\/p>\n<p>Reste que des questions se posent sur leur fiabilit\u00e9 qui est moins \u00e9lev\u00e9e que celle des tests PCR et antig\u00e9niques sur pr\u00e9l\u00e8vement nasopharyng\u00e9. Selon les\u00a0premi\u00e8res donn\u00e9es analys\u00e9es par la HAS, ces tests ont des sensibilit\u00e9s cliniques de l\u2019ordre de 80\u00a0\u00e0 95\u00a0% chez les patients symptomatiques et de\u00a050\u00a0\u00e0 60\u00a0% chez les personnes asymptomatiques. \u00ab\u00a0C\u2019est pour cela que ces tests\u00a0doivent \u00eatre utilis\u00e9s de mani\u00e8re it\u00e9rative (une \u00e0 deux fois par semaine), car c\u2019est la r\u00e9p\u00e9tition qui fera la fiabilit\u00e9 du r\u00e9sultat\u00a0\u00bb, estime\u00a0le\u00a0Dr J\u00e9r\u00f4me Marty.<\/p>\n<p>Certains Fran\u00e7ais pourraient aussi se montrer r\u00e9ticents \u00e0 les utiliser, m\u00eame si les pharmaciens leur donneront le mode d\u2019emploi. C\u2019est le cas de Pascale, qui a r\u00e9pondu \u00e0 notre appel \u00e0 t\u00e9moins\u00a0:\u00a0\u00ab\u00a0Cela ne semble quand m\u00eame pas si simple \u00e0 faire, il fait \u00eatre prudent pour pas se faire mal en le mettant dans le nez\u00a0\u00bb. M\u00eame scepticisme chez Serge\u00a0:\u00a0\u00ab\u00a0Payer pour faire un test moins fiable et forc\u00e9ment moins bien fait (incapable de me chatouiller le pharynx 10 secondes seul), je ne vois absolument pas l\u2019int\u00e9r\u00eat\u00a0\u00bb.<\/p>\n<p>Un frein financier\u00a0?<\/p>\n<p>Autre point d\u2019interrogation\u00a0:\u00a0le fait que ces tests soient payants pour les particuliers ne va-t-il pas les dissuader d\u2019en acheter\u00a0?\u00a0C\u2019est le cas de Martine, une de nos lectrices\u00a0:\u00a0\u00ab\u00a0Bien que j\u2019y sois favorable, je n\u2019ai pas l\u2019intention de les utiliser, car avec ma petite retraite je compte les centimes pour pouvoir m\u2019acheter des p\u00e2tes\u00a0!\u00a0Et\u00a05 ou 6 euros repr\u00e9sentent ma nourriture pour demie\u00a0semaine\u00a0!\u00a0\u00bb. \u00ab\u00a0L\u2019id\u00e9al aurait \u00e9t\u00e9 de les proposer \u00e0 un euro et qu\u2019ils soient vendus en grande surface, comme dans beaucoup d\u2019autres pays. Cela permettrait leur plus grande diffusion\u00a0\u00bb, commente J\u00e9r\u00f4me Marty.<\/p>\n<p>Enfin, l\u2019int\u00e9r\u00eat de ces autotests est \u00e9galement suspendu \u00e0 l\u2019attitude qu\u2019auront leurs utilisateurs en cas de r\u00e9sultat positif. \u00ab\u00a0Il faut qu\u2019ils jouent le jeu en faisant un test PCR derri\u00e8re et en pr\u00e9venant leur entourage. M\u00eame s\u2019il y aura toujours des personnes qui ne respecteront pas la consigne, on peut imaginer qu\u2019ils seront minoritaires car le fait m\u00eame de s\u2019autotester d\u00e9note un certain sens des responsabilit\u00e9s\u00a0\u00bb, estime\u00a0le\u00a0Dr J\u00e9r\u00f4me Marty.<\/p>\n<p>\n<!--noindex--><br \/>\n<a href=\"https:\/\/www.20minutes.fr\/sante\/3018619-20210411-coronavirus-utilite-autotests-disponibles-lundi-pharmacie#xtor=RSS-149\" rel=\"nofollow\">Source link <\/a><br \/>\n<!--\/noindex--><\/p>\n","protected":false},"excerpt":{"rendered":"<p>Autotests covid-19, le 07\/04\/2021. \u2014 SYSPEO\/SIPA Les pharmaciens sont autoris\u00e9s \u00e0 vendre des autotests antig\u00e9niques \u00e0 partir de ce lundi.&#13; Ils seront\u00a0gratuits pour les\u00a0salari\u00e9s \u00e0 domicile intervenant aupr\u00e8s de personnes \u00e2g\u00e9es ou en situation de handicap, mais seront payants pour les particuliers.&#13; S\u2019ils repr\u00e9sentent un outil de pr\u00e9vention suppl\u00e9mentaire, des questions demeurent sur leur fiabilit\u00e9 [&hellip;]<\/p>\n","protected":false},"author":1,"featured_media":1223,"comment_status":"open","ping_status":"open","sticky":false,"template":"","format":"standard","meta":{"footnotes":""},"categories":[1],"tags":[],"class_list":["post-1222","post","type-post","status-publish","format-standard","has-post-thumbnail","hentry","category-nouvelles"],"yoast_head":"<!-- This site is optimized with the Yoast SEO plugin v27.4 - https:\/\/yoast.com\/product\/yoast-seo-wordpress\/ -->\n<title>Quelle sera l\u2019utilit\u00e9 des autotests, disponibles d\u00e8s lundi en pharmacie\u00a0? - Favorite News<\/title>\n<meta name=\"robots\" content=\"index, follow, max-snippet:-1, max-image-preview:large, max-video-preview:-1\" \/>\n<link rel=\"canonical\" href=\"https:\/\/favorite-news.com\/fr\/quelle-sera-lutilite-des-autotests-disponibles-des-lundi-en-pharmacie\/\" \/>\n<meta property=\"og:locale\" content=\"fr_FR\" \/>\n<meta property=\"og:type\" content=\"article\" \/>\n<meta property=\"og:title\" content=\"Quelle sera l\u2019utilit\u00e9 des autotests, disponibles d\u00e8s lundi en pharmacie\u00a0? - Favorite News\" \/>\n<meta property=\"og:description\" content=\"Autotests covid-19, le 07\/04\/2021. \u2014 SYSPEO\/SIPA Les pharmaciens sont autoris\u00e9s \u00e0 vendre des autotests antig\u00e9niques \u00e0 partir de ce lundi.&#013; Ils seront\u00a0gratuits pour les\u00a0salari\u00e9s \u00e0 domicile intervenant aupr\u00e8s de personnes \u00e2g\u00e9es ou en situation de handicap, mais seront payants pour les particuliers.&#013; S\u2019ils repr\u00e9sentent un outil de pr\u00e9vention suppl\u00e9mentaire, des questions demeurent sur leur fiabilit\u00e9 [&hellip;]\" \/>\n<meta property=\"og:url\" content=\"https:\/\/favorite-news.com\/fr\/quelle-sera-lutilite-des-autotests-disponibles-des-lundi-en-pharmacie\/\" \/>\n<meta property=\"og:site_name\" content=\"Favorite News\" \/>\n<meta property=\"article:published_time\" content=\"2021-04-11T16:21:56+00:00\" \/>\n<meta property=\"article:modified_time\" content=\"2021-04-11T16:21:59+00:00\" \/>\n<meta property=\"og:image\" content=\"https:\/\/favorite-news.com\/fr\/wp-content\/uploads\/sites\/12\/2021\/04\/Quelle-sera-lutilite-des-autotests-disponibles-des-lundi-en-pharmacie.jpg\" \/>\n\t<meta property=\"og:image:width\" content=\"540\" \/>\n\t<meta property=\"og:image:height\" content=\"360\" \/>\n\t<meta property=\"og:image:type\" content=\"image\/jpeg\" \/>\n<meta name=\"author\" content=\"favorite-news\" \/>\n<meta name=\"twitter:card\" content=\"summary_large_image\" \/>\n<meta name=\"twitter:label1\" content=\"\u00c9crit par\" \/>\n\t<meta name=\"twitter:data1\" content=\"favorite-news\" \/>\n\t<meta name=\"twitter:label2\" content=\"Dur\u00e9e de lecture estim\u00e9e\" \/>\n\t<meta name=\"twitter:data2\" content=\"6 minutes\" \/>\n<script type=\"application\/ld+json\" class=\"yoast-schema-graph\">{\"@context\":\"https:\\\/\\\/schema.org\",\"@graph\":[{\"@type\":\"Article\",\"@id\":\"https:\\\/\\\/favorite-news.com\\\/fr\\\/quelle-sera-lutilite-des-autotests-disponibles-des-lundi-en-pharmacie\\\/#article\",\"isPartOf\":{\"@id\":\"https:\\\/\\\/favorite-news.com\\\/fr\\\/quelle-sera-lutilite-des-autotests-disponibles-des-lundi-en-pharmacie\\\/\"},\"author\":{\"name\":\"favorite-news\",\"@id\":\"https:\\\/\\\/favorite-news.com\\\/fr\\\/#\\\/schema\\\/person\\\/b66c4cfdd10a5bf16d7d5efda647111f\"},\"headline\":\"Quelle sera l\u2019utilit\u00e9 des autotests, disponibles d\u00e8s lundi en pharmacie\u00a0?\",\"datePublished\":\"2021-04-11T16:21:56+00:00\",\"dateModified\":\"2021-04-11T16:21:59+00:00\",\"mainEntityOfPage\":{\"@id\":\"https:\\\/\\\/favorite-news.com\\\/fr\\\/quelle-sera-lutilite-des-autotests-disponibles-des-lundi-en-pharmacie\\\/\"},\"wordCount\":1194,\"commentCount\":0,\"image\":{\"@id\":\"https:\\\/\\\/favorite-news.com\\\/fr\\\/quelle-sera-lutilite-des-autotests-disponibles-des-lundi-en-pharmacie\\\/#primaryimage\"},\"thumbnailUrl\":\"https:\\\/\\\/favorite-news.com\\\/fr\\\/wp-content\\\/uploads\\\/sites\\\/12\\\/2021\\\/04\\\/Quelle-sera-lutilite-des-autotests-disponibles-des-lundi-en-pharmacie.jpg\",\"articleSection\":[\"NOUVELLES\"],\"inLanguage\":\"fr-FR\",\"potentialAction\":[{\"@type\":\"CommentAction\",\"name\":\"Comment\",\"target\":[\"https:\\\/\\\/favorite-news.com\\\/fr\\\/quelle-sera-lutilite-des-autotests-disponibles-des-lundi-en-pharmacie\\\/#respond\"]}]},{\"@type\":\"WebPage\",\"@id\":\"https:\\\/\\\/favorite-news.com\\\/fr\\\/quelle-sera-lutilite-des-autotests-disponibles-des-lundi-en-pharmacie\\\/\",\"url\":\"https:\\\/\\\/favorite-news.com\\\/fr\\\/quelle-sera-lutilite-des-autotests-disponibles-des-lundi-en-pharmacie\\\/\",\"name\":\"Quelle sera l\u2019utilit\u00e9 des autotests, disponibles d\u00e8s lundi en pharmacie\u00a0? - Favorite News\",\"isPartOf\":{\"@id\":\"https:\\\/\\\/favorite-news.com\\\/fr\\\/#website\"},\"primaryImageOfPage\":{\"@id\":\"https:\\\/\\\/favorite-news.com\\\/fr\\\/quelle-sera-lutilite-des-autotests-disponibles-des-lundi-en-pharmacie\\\/#primaryimage\"},\"image\":{\"@id\":\"https:\\\/\\\/favorite-news.com\\\/fr\\\/quelle-sera-lutilite-des-autotests-disponibles-des-lundi-en-pharmacie\\\/#primaryimage\"},\"thumbnailUrl\":\"https:\\\/\\\/favorite-news.com\\\/fr\\\/wp-content\\\/uploads\\\/sites\\\/12\\\/2021\\\/04\\\/Quelle-sera-lutilite-des-autotests-disponibles-des-lundi-en-pharmacie.jpg\",\"datePublished\":\"2021-04-11T16:21:56+00:00\",\"dateModified\":\"2021-04-11T16:21:59+00:00\",\"author\":{\"@id\":\"https:\\\/\\\/favorite-news.com\\\/fr\\\/#\\\/schema\\\/person\\\/b66c4cfdd10a5bf16d7d5efda647111f\"},\"breadcrumb\":{\"@id\":\"https:\\\/\\\/favorite-news.com\\\/fr\\\/quelle-sera-lutilite-des-autotests-disponibles-des-lundi-en-pharmacie\\\/#breadcrumb\"},\"inLanguage\":\"fr-FR\",\"potentialAction\":[{\"@type\":\"ReadAction\",\"target\":[\"https:\\\/\\\/favorite-news.com\\\/fr\\\/quelle-sera-lutilite-des-autotests-disponibles-des-lundi-en-pharmacie\\\/\"]}]},{\"@type\":\"ImageObject\",\"inLanguage\":\"fr-FR\",\"@id\":\"https:\\\/\\\/favorite-news.com\\\/fr\\\/quelle-sera-lutilite-des-autotests-disponibles-des-lundi-en-pharmacie\\\/#primaryimage\",\"url\":\"https:\\\/\\\/favorite-news.com\\\/fr\\\/wp-content\\\/uploads\\\/sites\\\/12\\\/2021\\\/04\\\/Quelle-sera-lutilite-des-autotests-disponibles-des-lundi-en-pharmacie.jpg\",\"contentUrl\":\"https:\\\/\\\/favorite-news.com\\\/fr\\\/wp-content\\\/uploads\\\/sites\\\/12\\\/2021\\\/04\\\/Quelle-sera-lutilite-des-autotests-disponibles-des-lundi-en-pharmacie.jpg\",\"width\":540,\"height\":360,\"caption\":\"Quelle sera l\u2019utilit\u00e9 des autotests, disponibles d\u00e8s lundi en pharmacie\u00a0?\"},{\"@type\":\"BreadcrumbList\",\"@id\":\"https:\\\/\\\/favorite-news.com\\\/fr\\\/quelle-sera-lutilite-des-autotests-disponibles-des-lundi-en-pharmacie\\\/#breadcrumb\",\"itemListElement\":[{\"@type\":\"ListItem\",\"position\":1,\"name\":\"Home\",\"item\":\"https:\\\/\\\/favorite-news.com\\\/fr\\\/\"},{\"@type\":\"ListItem\",\"position\":2,\"name\":\"Quelle sera l\u2019utilit\u00e9 des autotests, disponibles d\u00e8s lundi en pharmacie\u00a0?\"}]},{\"@type\":\"WebSite\",\"@id\":\"https:\\\/\\\/favorite-news.com\\\/fr\\\/#website\",\"url\":\"https:\\\/\\\/favorite-news.com\\\/fr\\\/\",\"name\":\"Favorite News\",\"description\":\"Favorite News France\",\"potentialAction\":[{\"@type\":\"SearchAction\",\"target\":{\"@type\":\"EntryPoint\",\"urlTemplate\":\"https:\\\/\\\/favorite-news.com\\\/fr\\\/?s={search_term_string}\"},\"query-input\":{\"@type\":\"PropertyValueSpecification\",\"valueRequired\":true,\"valueName\":\"search_term_string\"}}],\"inLanguage\":\"fr-FR\"},{\"@type\":\"Person\",\"@id\":\"https:\\\/\\\/favorite-news.com\\\/fr\\\/#\\\/schema\\\/person\\\/b66c4cfdd10a5bf16d7d5efda647111f\",\"name\":\"favorite-news\",\"image\":{\"@type\":\"ImageObject\",\"inLanguage\":\"fr-FR\",\"@id\":\"https:\\\/\\\/secure.gravatar.com\\\/avatar\\\/f89959e01423a9ee3c2debbcf830eb021c575de0e1b3781ca3ae392b71c615a1?s=96&d=mm&r=g\",\"url\":\"https:\\\/\\\/secure.gravatar.com\\\/avatar\\\/f89959e01423a9ee3c2debbcf830eb021c575de0e1b3781ca3ae392b71c615a1?s=96&d=mm&r=g\",\"contentUrl\":\"https:\\\/\\\/secure.gravatar.com\\\/avatar\\\/f89959e01423a9ee3c2debbcf830eb021c575de0e1b3781ca3ae392b71c615a1?s=96&d=mm&r=g\",\"caption\":\"favorite-news\"},\"url\":\"https:\\\/\\\/favorite-news.com\\\/fr\\\/author\\\/ruby\\\/\"}]}<\/script>\n<!-- \/ Yoast SEO plugin. -->","yoast_head_json":{"title":"Quelle sera l\u2019utilit\u00e9 des autotests, disponibles d\u00e8s lundi en pharmacie\u00a0? - Favorite News","robots":{"index":"index","follow":"follow","max-snippet":"max-snippet:-1","max-image-preview":"max-image-preview:large","max-video-preview":"max-video-preview:-1"},"canonical":"https:\/\/favorite-news.com\/fr\/quelle-sera-lutilite-des-autotests-disponibles-des-lundi-en-pharmacie\/","og_locale":"fr_FR","og_type":"article","og_title":"Quelle sera l\u2019utilit\u00e9 des autotests, disponibles d\u00e8s lundi en pharmacie\u00a0? - Favorite News","og_description":"Autotests covid-19, le 07\/04\/2021. \u2014 SYSPEO\/SIPA Les pharmaciens sont autoris\u00e9s \u00e0 vendre des autotests antig\u00e9niques \u00e0 partir de ce lundi.&#13; Ils seront\u00a0gratuits pour les\u00a0salari\u00e9s \u00e0 domicile intervenant aupr\u00e8s de personnes \u00e2g\u00e9es ou en situation de handicap, mais seront payants pour les particuliers.&#13; S\u2019ils repr\u00e9sentent un outil de pr\u00e9vention suppl\u00e9mentaire, des questions demeurent sur leur fiabilit\u00e9 [&hellip;]","og_url":"https:\/\/favorite-news.com\/fr\/quelle-sera-lutilite-des-autotests-disponibles-des-lundi-en-pharmacie\/","og_site_name":"Favorite News","article_published_time":"2021-04-11T16:21:56+00:00","article_modified_time":"2021-04-11T16:21:59+00:00","og_image":[{"width":540,"height":360,"url":"https:\/\/favorite-news.com\/fr\/wp-content\/uploads\/sites\/12\/2021\/04\/Quelle-sera-lutilite-des-autotests-disponibles-des-lundi-en-pharmacie.jpg","type":"image\/jpeg"}],"author":"favorite-news","twitter_card":"summary_large_image","twitter_misc":{"\u00c9crit par":"favorite-news","Dur\u00e9e de lecture estim\u00e9e":"6 minutes"},"schema":{"@context":"https:\/\/schema.org","@graph":[{"@type":"Article","@id":"https:\/\/favorite-news.com\/fr\/quelle-sera-lutilite-des-autotests-disponibles-des-lundi-en-pharmacie\/#article","isPartOf":{"@id":"https:\/\/favorite-news.com\/fr\/quelle-sera-lutilite-des-autotests-disponibles-des-lundi-en-pharmacie\/"},"author":{"name":"favorite-news","@id":"https:\/\/favorite-news.com\/fr\/#\/schema\/person\/b66c4cfdd10a5bf16d7d5efda647111f"},"headline":"Quelle sera l\u2019utilit\u00e9 des autotests, disponibles d\u00e8s lundi en pharmacie\u00a0?","datePublished":"2021-04-11T16:21:56+00:00","dateModified":"2021-04-11T16:21:59+00:00","mainEntityOfPage":{"@id":"https:\/\/favorite-news.com\/fr\/quelle-sera-lutilite-des-autotests-disponibles-des-lundi-en-pharmacie\/"},"wordCount":1194,"commentCount":0,"image":{"@id":"https:\/\/favorite-news.com\/fr\/quelle-sera-lutilite-des-autotests-disponibles-des-lundi-en-pharmacie\/#primaryimage"},"thumbnailUrl":"https:\/\/favorite-news.com\/fr\/wp-content\/uploads\/sites\/12\/2021\/04\/Quelle-sera-lutilite-des-autotests-disponibles-des-lundi-en-pharmacie.jpg","articleSection":["NOUVELLES"],"inLanguage":"fr-FR","potentialAction":[{"@type":"CommentAction","name":"Comment","target":["https:\/\/favorite-news.com\/fr\/quelle-sera-lutilite-des-autotests-disponibles-des-lundi-en-pharmacie\/#respond"]}]},{"@type":"WebPage","@id":"https:\/\/favorite-news.com\/fr\/quelle-sera-lutilite-des-autotests-disponibles-des-lundi-en-pharmacie\/","url":"https:\/\/favorite-news.com\/fr\/quelle-sera-lutilite-des-autotests-disponibles-des-lundi-en-pharmacie\/","name":"Quelle sera l\u2019utilit\u00e9 des autotests, disponibles d\u00e8s lundi en pharmacie\u00a0? - Favorite News","isPartOf":{"@id":"https:\/\/favorite-news.com\/fr\/#website"},"primaryImageOfPage":{"@id":"https:\/\/favorite-news.com\/fr\/quelle-sera-lutilite-des-autotests-disponibles-des-lundi-en-pharmacie\/#primaryimage"},"image":{"@id":"https:\/\/favorite-news.com\/fr\/quelle-sera-lutilite-des-autotests-disponibles-des-lundi-en-pharmacie\/#primaryimage"},"thumbnailUrl":"https:\/\/favorite-news.com\/fr\/wp-content\/uploads\/sites\/12\/2021\/04\/Quelle-sera-lutilite-des-autotests-disponibles-des-lundi-en-pharmacie.jpg","datePublished":"2021-04-11T16:21:56+00:00","dateModified":"2021-04-11T16:21:59+00:00","author":{"@id":"https:\/\/favorite-news.com\/fr\/#\/schema\/person\/b66c4cfdd10a5bf16d7d5efda647111f"},"breadcrumb":{"@id":"https:\/\/favorite-news.com\/fr\/quelle-sera-lutilite-des-autotests-disponibles-des-lundi-en-pharmacie\/#breadcrumb"},"inLanguage":"fr-FR","potentialAction":[{"@type":"ReadAction","target":["https:\/\/favorite-news.com\/fr\/quelle-sera-lutilite-des-autotests-disponibles-des-lundi-en-pharmacie\/"]}]},{"@type":"ImageObject","inLanguage":"fr-FR","@id":"https:\/\/favorite-news.com\/fr\/quelle-sera-lutilite-des-autotests-disponibles-des-lundi-en-pharmacie\/#primaryimage","url":"https:\/\/favorite-news.com\/fr\/wp-content\/uploads\/sites\/12\/2021\/04\/Quelle-sera-lutilite-des-autotests-disponibles-des-lundi-en-pharmacie.jpg","contentUrl":"https:\/\/favorite-news.com\/fr\/wp-content\/uploads\/sites\/12\/2021\/04\/Quelle-sera-lutilite-des-autotests-disponibles-des-lundi-en-pharmacie.jpg","width":540,"height":360,"caption":"Quelle sera l\u2019utilit\u00e9 des autotests, disponibles d\u00e8s lundi en pharmacie\u00a0?"},{"@type":"BreadcrumbList","@id":"https:\/\/favorite-news.com\/fr\/quelle-sera-lutilite-des-autotests-disponibles-des-lundi-en-pharmacie\/#breadcrumb","itemListElement":[{"@type":"ListItem","position":1,"name":"Home","item":"https:\/\/favorite-news.com\/fr\/"},{"@type":"ListItem","position":2,"name":"Quelle sera l\u2019utilit\u00e9 des autotests, disponibles d\u00e8s lundi en pharmacie\u00a0?"}]},{"@type":"WebSite","@id":"https:\/\/favorite-news.com\/fr\/#website","url":"https:\/\/favorite-news.com\/fr\/","name":"Favorite News","description":"Favorite News France","potentialAction":[{"@type":"SearchAction","target":{"@type":"EntryPoint","urlTemplate":"https:\/\/favorite-news.com\/fr\/?s={search_term_string}"},"query-input":{"@type":"PropertyValueSpecification","valueRequired":true,"valueName":"search_term_string"}}],"inLanguage":"fr-FR"},{"@type":"Person","@id":"https:\/\/favorite-news.com\/fr\/#\/schema\/person\/b66c4cfdd10a5bf16d7d5efda647111f","name":"favorite-news","image":{"@type":"ImageObject","inLanguage":"fr-FR","@id":"https:\/\/secure.gravatar.com\/avatar\/f89959e01423a9ee3c2debbcf830eb021c575de0e1b3781ca3ae392b71c615a1?s=96&d=mm&r=g","url":"https:\/\/secure.gravatar.com\/avatar\/f89959e01423a9ee3c2debbcf830eb021c575de0e1b3781ca3ae392b71c615a1?s=96&d=mm&r=g","contentUrl":"https:\/\/secure.gravatar.com\/avatar\/f89959e01423a9ee3c2debbcf830eb021c575de0e1b3781ca3ae392b71c615a1?s=96&d=mm&r=g","caption":"favorite-news"},"url":"https:\/\/favorite-news.com\/fr\/author\/ruby\/"}]}},"_links":{"self":[{"href":"https:\/\/favorite-news.com\/fr\/wp-json\/wp\/v2\/posts\/1222","targetHints":{"allow":["GET"]}}],"collection":[{"href":"https:\/\/favorite-news.com\/fr\/wp-json\/wp\/v2\/posts"}],"about":[{"href":"https:\/\/favorite-news.com\/fr\/wp-json\/wp\/v2\/types\/post"}],"author":[{"embeddable":true,"href":"https:\/\/favorite-news.com\/fr\/wp-json\/wp\/v2\/users\/1"}],"replies":[{"embeddable":true,"href":"https:\/\/favorite-news.com\/fr\/wp-json\/wp\/v2\/comments?post=1222"}],"version-history":[{"count":1,"href":"https:\/\/favorite-news.com\/fr\/wp-json\/wp\/v2\/posts\/1222\/revisions"}],"predecessor-version":[{"id":1224,"href":"https:\/\/favorite-news.com\/fr\/wp-json\/wp\/v2\/posts\/1222\/revisions\/1224"}],"wp:featuredmedia":[{"embeddable":true,"href":"https:\/\/favorite-news.com\/fr\/wp-json\/wp\/v2\/media\/1223"}],"wp:attachment":[{"href":"https:\/\/favorite-news.com\/fr\/wp-json\/wp\/v2\/media?parent=1222"}],"wp:term":[{"taxonomy":"category","embeddable":true,"href":"https:\/\/favorite-news.com\/fr\/wp-json\/wp\/v2\/categories?post=1222"},{"taxonomy":"post_tag","embeddable":true,"href":"https:\/\/favorite-news.com\/fr\/wp-json\/wp\/v2\/tags?post=1222"}],"curies":[{"name":"wp","href":"https:\/\/api.w.org\/{rel}","templated":true}]}}