{"id":1216,"date":"2021-04-10T15:57:43","date_gmt":"2021-04-10T15:57:43","guid":{"rendered":"https:\/\/favorite-news.com\/fr\/pour-faire-face-a-la-crise-air-caraibes-reclame-des-aides-a-letat\/"},"modified":"2021-04-10T15:57:49","modified_gmt":"2021-04-10T15:57:49","slug":"pour-faire-face-a-la-crise-air-caraibes-reclame-des-aides-a-letat","status":"publish","type":"post","link":"https:\/\/favorite-news.com\/fr\/pour-faire-face-a-la-crise-air-caraibes-reclame-des-aides-a-letat\/","title":{"rendered":"Pour faire face \u00e0 la crise, Air Cara\u00efbes r\u00e9clame des aides \u00e0 l&rsquo;Etat"},"content":{"rendered":"<p>                Air Cara\u00efbes  \u2014 GUILLAUME SOUVANT \/ AFP<br \/>\n            Air Cara\u00efbes et French Bee, les deux compagnies a\u00e9riennes du groupe Dubreuil, demandent de l\u2019aide \u00e0 l\u2019Etat, assurant \u00eatre les seules de leur secteur \u00e0 ne pas avoir encore obtenu de soutien public face \u00e0 la crise du coronavirus. \u00ab\u00a0Nous demandons \u00e0 l\u2019Etat d\u2019\u00eatre aid\u00e9s parce que nous avons subi quelque chose d\u2019exceptionnel et parce que nous subissons les cons\u00e9quences de mesures qu\u2019il a prises\u00a0\u00bb, a d\u00e9clar\u00e9 Marc Rochet, vice-pr\u00e9sident d\u2019Air Cara\u00efbes et pr\u00e9sident de French Bee, dans une interview publi\u00e9e ce samedi sur le site de La Tribune.<\/p>\n<p>Depuis le d\u00e9clenchement de la crise sanitaire, voici plus d\u2019un an, la France a consid\u00e9rablement limit\u00e9 les voyages depuis et vers l\u2019\u00e9tranger. L\u2019a\u00e9roport d\u2019Orly, notamment, a \u00e9t\u00e9 ferm\u00e9 pendant trois mois en 2020.\u00a0Ces mesures ont plomb\u00e9 le secteur a\u00e9rien et Marc Rochet estime que ses compagnies ont perdu \u00ab\u00a0plusieurs ann\u00e9es de b\u00e9n\u00e9fice\u00a0\u00bb.\u00a0Il pr\u00e9voit un retour dans le vert pour 2022, mais justifie sa demande d\u2019aides publiques par le fait que tous ses concurrents en ont re\u00e7u, \u00e0 commencer par le g\u00e9ant Air France.<\/p>\n<p>Une indemnisation commune \u00e0 tout le secteur<\/p>\n<p>\u00ab\u00a0Quand on fait un geste pour Air France, Air Austral ou Corsair, il faut que ce soit \u00e0 peu pr\u00e8s la m\u00eame chose pour tout le monde\u00a0\u00bb, a estim\u00e9 Marc\u00a0Rochet, sans dire combien ses compagnies avaient demand\u00e9 \u00e0 l\u2019Etat.\u00a0Il s\u2019est prononc\u00e9 pour une indemnisation commune \u00e0 tout son secteur, prenant l\u2019exemple des remont\u00e9es m\u00e9caniques.<\/p>\n<p>Marc Rochet a indiqu\u00e9 par ailleurs que Dubreuil n\u2019\u00e9tait pas press\u00e9 de chercher un nouveau candidat auquel ouvrir son capital apr\u00e8s l\u2019\u00e9chec d\u2019une alliance avec l\u2019armateur CMA-CGM en d\u00e9but d\u2019ann\u00e9e. \u00ab\u00a0Ce n\u2019est pas la priorit\u00e9\u00a0\u00bb, a-t-il d\u00e9clar\u00e9, pr\u00e9cisant que des discussions se poursuivaient avec CMA-CGM pour de simples accords, sans \u00eatre pour autant \u00ab\u00a0intense(s)\u00a0\u00bb.<\/p>\n<p>\n<!--noindex--><br \/>\n<a href=\"https:\/\/www.20minutes.fr\/economie\/3018207-20210410-coronavirus-faire-face-crise-air-caraibes-reclame-aides-etat#xtor=RSS-149\" rel=\"nofollow\">Source link <\/a><br \/>\n<!--\/noindex--><\/p>\n","protected":false},"excerpt":{"rendered":"<p>Air Cara\u00efbes \u2014 GUILLAUME SOUVANT \/ AFP Air Cara\u00efbes et French Bee, les deux compagnies a\u00e9riennes du groupe Dubreuil, demandent de l\u2019aide \u00e0 l\u2019Etat, assurant \u00eatre les seules de leur secteur \u00e0 ne pas avoir encore obtenu de soutien public face \u00e0 la crise du coronavirus. \u00ab\u00a0Nous demandons \u00e0 l\u2019Etat d\u2019\u00eatre aid\u00e9s parce que nous [&hellip;]<\/p>\n","protected":false},"author":1,"featured_media":1217,"comment_status":"open","ping_status":"open","sticky":false,"template":"","format":"standard","meta":{"footnotes":""},"categories":[1],"tags":[],"class_list":["post-1216","post","type-post","status-publish","format-standard","has-post-thumbnail","hentry","category-nouvelles"],"yoast_head":"<!-- This site is optimized with the Yoast SEO plugin v27.4 - https:\/\/yoast.com\/product\/yoast-seo-wordpress\/ -->\n<title>Pour faire face \u00e0 la crise, Air Cara\u00efbes r\u00e9clame des aides \u00e0 l&#039;Etat - Favorite News<\/title>\n<meta name=\"robots\" content=\"index, follow, max-snippet:-1, max-image-preview:large, max-video-preview:-1\" \/>\n<link rel=\"canonical\" href=\"https:\/\/favorite-news.com\/fr\/pour-faire-face-a-la-crise-air-caraibes-reclame-des-aides-a-letat\/\" \/>\n<meta property=\"og:locale\" content=\"fr_FR\" \/>\n<meta property=\"og:type\" content=\"article\" \/>\n<meta property=\"og:title\" content=\"Pour faire face \u00e0 la crise, Air Cara\u00efbes r\u00e9clame des aides \u00e0 l&#039;Etat - Favorite News\" \/>\n<meta property=\"og:description\" content=\"Air Cara\u00efbes \u2014 GUILLAUME SOUVANT \/ AFP Air Cara\u00efbes et French Bee, les deux compagnies a\u00e9riennes du groupe Dubreuil, demandent de l\u2019aide \u00e0 l\u2019Etat, assurant \u00eatre les seules de leur secteur \u00e0 ne pas avoir encore obtenu de soutien public face \u00e0 la crise du coronavirus. \u00ab\u00a0Nous demandons \u00e0 l\u2019Etat d\u2019\u00eatre aid\u00e9s parce que nous [&hellip;]\" \/>\n<meta property=\"og:url\" content=\"https:\/\/favorite-news.com\/fr\/pour-faire-face-a-la-crise-air-caraibes-reclame-des-aides-a-letat\/\" \/>\n<meta property=\"og:site_name\" content=\"Favorite News\" \/>\n<meta property=\"article:published_time\" content=\"2021-04-10T15:57:43+00:00\" \/>\n<meta property=\"article:modified_time\" content=\"2021-04-10T15:57:49+00:00\" \/>\n<meta property=\"og:image\" content=\"https:\/\/favorite-news.com\/fr\/wp-content\/uploads\/sites\/12\/2021\/04\/Pour-faire-face-a-la-crise-Air-Caraibes-reclame-des.jpg\" \/>\n\t<meta property=\"og:image:width\" content=\"648\" \/>\n\t<meta property=\"og:image:height\" content=\"360\" \/>\n\t<meta property=\"og:image:type\" content=\"image\/jpeg\" \/>\n<meta name=\"author\" content=\"favorite-news\" \/>\n<meta name=\"twitter:card\" content=\"summary_large_image\" \/>\n<meta name=\"twitter:label1\" content=\"\u00c9crit par\" \/>\n\t<meta name=\"twitter:data1\" content=\"favorite-news\" \/>\n\t<meta name=\"twitter:label2\" content=\"Dur\u00e9e de lecture estim\u00e9e\" \/>\n\t<meta name=\"twitter:data2\" content=\"2 minutes\" \/>\n<script type=\"application\/ld+json\" class=\"yoast-schema-graph\">{\"@context\":\"https:\\\/\\\/schema.org\",\"@graph\":[{\"@type\":\"Article\",\"@id\":\"https:\\\/\\\/favorite-news.com\\\/fr\\\/pour-faire-face-a-la-crise-air-caraibes-reclame-des-aides-a-letat\\\/#article\",\"isPartOf\":{\"@id\":\"https:\\\/\\\/favorite-news.com\\\/fr\\\/pour-faire-face-a-la-crise-air-caraibes-reclame-des-aides-a-letat\\\/\"},\"author\":{\"name\":\"favorite-news\",\"@id\":\"https:\\\/\\\/favorite-news.com\\\/fr\\\/#\\\/schema\\\/person\\\/b66c4cfdd10a5bf16d7d5efda647111f\"},\"headline\":\"Pour faire face \u00e0 la crise, Air Cara\u00efbes r\u00e9clame des aides \u00e0 l&rsquo;Etat\",\"datePublished\":\"2021-04-10T15:57:43+00:00\",\"dateModified\":\"2021-04-10T15:57:49+00:00\",\"mainEntityOfPage\":{\"@id\":\"https:\\\/\\\/favorite-news.com\\\/fr\\\/pour-faire-face-a-la-crise-air-caraibes-reclame-des-aides-a-letat\\\/\"},\"wordCount\":352,\"commentCount\":0,\"image\":{\"@id\":\"https:\\\/\\\/favorite-news.com\\\/fr\\\/pour-faire-face-a-la-crise-air-caraibes-reclame-des-aides-a-letat\\\/#primaryimage\"},\"thumbnailUrl\":\"https:\\\/\\\/favorite-news.com\\\/fr\\\/wp-content\\\/uploads\\\/sites\\\/12\\\/2021\\\/04\\\/Pour-faire-face-a-la-crise-Air-Caraibes-reclame-des.jpg\",\"articleSection\":[\"NOUVELLES\"],\"inLanguage\":\"fr-FR\",\"potentialAction\":[{\"@type\":\"CommentAction\",\"name\":\"Comment\",\"target\":[\"https:\\\/\\\/favorite-news.com\\\/fr\\\/pour-faire-face-a-la-crise-air-caraibes-reclame-des-aides-a-letat\\\/#respond\"]}]},{\"@type\":\"WebPage\",\"@id\":\"https:\\\/\\\/favorite-news.com\\\/fr\\\/pour-faire-face-a-la-crise-air-caraibes-reclame-des-aides-a-letat\\\/\",\"url\":\"https:\\\/\\\/favorite-news.com\\\/fr\\\/pour-faire-face-a-la-crise-air-caraibes-reclame-des-aides-a-letat\\\/\",\"name\":\"Pour faire face \u00e0 la crise, Air Cara\u00efbes r\u00e9clame des aides \u00e0 l'Etat - Favorite News\",\"isPartOf\":{\"@id\":\"https:\\\/\\\/favorite-news.com\\\/fr\\\/#website\"},\"primaryImageOfPage\":{\"@id\":\"https:\\\/\\\/favorite-news.com\\\/fr\\\/pour-faire-face-a-la-crise-air-caraibes-reclame-des-aides-a-letat\\\/#primaryimage\"},\"image\":{\"@id\":\"https:\\\/\\\/favorite-news.com\\\/fr\\\/pour-faire-face-a-la-crise-air-caraibes-reclame-des-aides-a-letat\\\/#primaryimage\"},\"thumbnailUrl\":\"https:\\\/\\\/favorite-news.com\\\/fr\\\/wp-content\\\/uploads\\\/sites\\\/12\\\/2021\\\/04\\\/Pour-faire-face-a-la-crise-Air-Caraibes-reclame-des.jpg\",\"datePublished\":\"2021-04-10T15:57:43+00:00\",\"dateModified\":\"2021-04-10T15:57:49+00:00\",\"author\":{\"@id\":\"https:\\\/\\\/favorite-news.com\\\/fr\\\/#\\\/schema\\\/person\\\/b66c4cfdd10a5bf16d7d5efda647111f\"},\"breadcrumb\":{\"@id\":\"https:\\\/\\\/favorite-news.com\\\/fr\\\/pour-faire-face-a-la-crise-air-caraibes-reclame-des-aides-a-letat\\\/#breadcrumb\"},\"inLanguage\":\"fr-FR\",\"potentialAction\":[{\"@type\":\"ReadAction\",\"target\":[\"https:\\\/\\\/favorite-news.com\\\/fr\\\/pour-faire-face-a-la-crise-air-caraibes-reclame-des-aides-a-letat\\\/\"]}]},{\"@type\":\"ImageObject\",\"inLanguage\":\"fr-FR\",\"@id\":\"https:\\\/\\\/favorite-news.com\\\/fr\\\/pour-faire-face-a-la-crise-air-caraibes-reclame-des-aides-a-letat\\\/#primaryimage\",\"url\":\"https:\\\/\\\/favorite-news.com\\\/fr\\\/wp-content\\\/uploads\\\/sites\\\/12\\\/2021\\\/04\\\/Pour-faire-face-a-la-crise-Air-Caraibes-reclame-des.jpg\",\"contentUrl\":\"https:\\\/\\\/favorite-news.com\\\/fr\\\/wp-content\\\/uploads\\\/sites\\\/12\\\/2021\\\/04\\\/Pour-faire-face-a-la-crise-Air-Caraibes-reclame-des.jpg\",\"width\":648,\"height\":360,\"caption\":\"Pour faire face \u00e0 la crise, Air Cara\u00efbes r\u00e9clame des aides \u00e0 l'Etat\"},{\"@type\":\"BreadcrumbList\",\"@id\":\"https:\\\/\\\/favorite-news.com\\\/fr\\\/pour-faire-face-a-la-crise-air-caraibes-reclame-des-aides-a-letat\\\/#breadcrumb\",\"itemListElement\":[{\"@type\":\"ListItem\",\"position\":1,\"name\":\"Home\",\"item\":\"https:\\\/\\\/favorite-news.com\\\/fr\\\/\"},{\"@type\":\"ListItem\",\"position\":2,\"name\":\"Pour faire face \u00e0 la crise, Air Cara\u00efbes r\u00e9clame des aides \u00e0 l&rsquo;Etat\"}]},{\"@type\":\"WebSite\",\"@id\":\"https:\\\/\\\/favorite-news.com\\\/fr\\\/#website\",\"url\":\"https:\\\/\\\/favorite-news.com\\\/fr\\\/\",\"name\":\"Favorite News\",\"description\":\"Favorite News France\",\"potentialAction\":[{\"@type\":\"SearchAction\",\"target\":{\"@type\":\"EntryPoint\",\"urlTemplate\":\"https:\\\/\\\/favorite-news.com\\\/fr\\\/?s={search_term_string}\"},\"query-input\":{\"@type\":\"PropertyValueSpecification\",\"valueRequired\":true,\"valueName\":\"search_term_string\"}}],\"inLanguage\":\"fr-FR\"},{\"@type\":\"Person\",\"@id\":\"https:\\\/\\\/favorite-news.com\\\/fr\\\/#\\\/schema\\\/person\\\/b66c4cfdd10a5bf16d7d5efda647111f\",\"name\":\"favorite-news\",\"image\":{\"@type\":\"ImageObject\",\"inLanguage\":\"fr-FR\",\"@id\":\"https:\\\/\\\/secure.gravatar.com\\\/avatar\\\/f89959e01423a9ee3c2debbcf830eb021c575de0e1b3781ca3ae392b71c615a1?s=96&d=mm&r=g\",\"url\":\"https:\\\/\\\/secure.gravatar.com\\\/avatar\\\/f89959e01423a9ee3c2debbcf830eb021c575de0e1b3781ca3ae392b71c615a1?s=96&d=mm&r=g\",\"contentUrl\":\"https:\\\/\\\/secure.gravatar.com\\\/avatar\\\/f89959e01423a9ee3c2debbcf830eb021c575de0e1b3781ca3ae392b71c615a1?s=96&d=mm&r=g\",\"caption\":\"favorite-news\"},\"url\":\"https:\\\/\\\/favorite-news.com\\\/fr\\\/author\\\/ruby\\\/\"}]}<\/script>\n<!-- \/ Yoast SEO plugin. -->","yoast_head_json":{"title":"Pour faire face \u00e0 la crise, Air Cara\u00efbes r\u00e9clame des aides \u00e0 l'Etat - Favorite News","robots":{"index":"index","follow":"follow","max-snippet":"max-snippet:-1","max-image-preview":"max-image-preview:large","max-video-preview":"max-video-preview:-1"},"canonical":"https:\/\/favorite-news.com\/fr\/pour-faire-face-a-la-crise-air-caraibes-reclame-des-aides-a-letat\/","og_locale":"fr_FR","og_type":"article","og_title":"Pour faire face \u00e0 la crise, Air Cara\u00efbes r\u00e9clame des aides \u00e0 l'Etat - Favorite News","og_description":"Air Cara\u00efbes \u2014 GUILLAUME SOUVANT \/ AFP Air Cara\u00efbes et French Bee, les deux compagnies a\u00e9riennes du groupe Dubreuil, demandent de l\u2019aide \u00e0 l\u2019Etat, assurant \u00eatre les seules de leur secteur \u00e0 ne pas avoir encore obtenu de soutien public face \u00e0 la crise du coronavirus. \u00ab\u00a0Nous demandons \u00e0 l\u2019Etat d\u2019\u00eatre aid\u00e9s parce que nous [&hellip;]","og_url":"https:\/\/favorite-news.com\/fr\/pour-faire-face-a-la-crise-air-caraibes-reclame-des-aides-a-letat\/","og_site_name":"Favorite News","article_published_time":"2021-04-10T15:57:43+00:00","article_modified_time":"2021-04-10T15:57:49+00:00","og_image":[{"width":648,"height":360,"url":"https:\/\/favorite-news.com\/fr\/wp-content\/uploads\/sites\/12\/2021\/04\/Pour-faire-face-a-la-crise-Air-Caraibes-reclame-des.jpg","type":"image\/jpeg"}],"author":"favorite-news","twitter_card":"summary_large_image","twitter_misc":{"\u00c9crit par":"favorite-news","Dur\u00e9e de lecture estim\u00e9e":"2 minutes"},"schema":{"@context":"https:\/\/schema.org","@graph":[{"@type":"Article","@id":"https:\/\/favorite-news.com\/fr\/pour-faire-face-a-la-crise-air-caraibes-reclame-des-aides-a-letat\/#article","isPartOf":{"@id":"https:\/\/favorite-news.com\/fr\/pour-faire-face-a-la-crise-air-caraibes-reclame-des-aides-a-letat\/"},"author":{"name":"favorite-news","@id":"https:\/\/favorite-news.com\/fr\/#\/schema\/person\/b66c4cfdd10a5bf16d7d5efda647111f"},"headline":"Pour faire face \u00e0 la crise, Air Cara\u00efbes r\u00e9clame des aides \u00e0 l&rsquo;Etat","datePublished":"2021-04-10T15:57:43+00:00","dateModified":"2021-04-10T15:57:49+00:00","mainEntityOfPage":{"@id":"https:\/\/favorite-news.com\/fr\/pour-faire-face-a-la-crise-air-caraibes-reclame-des-aides-a-letat\/"},"wordCount":352,"commentCount":0,"image":{"@id":"https:\/\/favorite-news.com\/fr\/pour-faire-face-a-la-crise-air-caraibes-reclame-des-aides-a-letat\/#primaryimage"},"thumbnailUrl":"https:\/\/favorite-news.com\/fr\/wp-content\/uploads\/sites\/12\/2021\/04\/Pour-faire-face-a-la-crise-Air-Caraibes-reclame-des.jpg","articleSection":["NOUVELLES"],"inLanguage":"fr-FR","potentialAction":[{"@type":"CommentAction","name":"Comment","target":["https:\/\/favorite-news.com\/fr\/pour-faire-face-a-la-crise-air-caraibes-reclame-des-aides-a-letat\/#respond"]}]},{"@type":"WebPage","@id":"https:\/\/favorite-news.com\/fr\/pour-faire-face-a-la-crise-air-caraibes-reclame-des-aides-a-letat\/","url":"https:\/\/favorite-news.com\/fr\/pour-faire-face-a-la-crise-air-caraibes-reclame-des-aides-a-letat\/","name":"Pour faire face \u00e0 la crise, Air Cara\u00efbes r\u00e9clame des aides \u00e0 l'Etat - Favorite News","isPartOf":{"@id":"https:\/\/favorite-news.com\/fr\/#website"},"primaryImageOfPage":{"@id":"https:\/\/favorite-news.com\/fr\/pour-faire-face-a-la-crise-air-caraibes-reclame-des-aides-a-letat\/#primaryimage"},"image":{"@id":"https:\/\/favorite-news.com\/fr\/pour-faire-face-a-la-crise-air-caraibes-reclame-des-aides-a-letat\/#primaryimage"},"thumbnailUrl":"https:\/\/favorite-news.com\/fr\/wp-content\/uploads\/sites\/12\/2021\/04\/Pour-faire-face-a-la-crise-Air-Caraibes-reclame-des.jpg","datePublished":"2021-04-10T15:57:43+00:00","dateModified":"2021-04-10T15:57:49+00:00","author":{"@id":"https:\/\/favorite-news.com\/fr\/#\/schema\/person\/b66c4cfdd10a5bf16d7d5efda647111f"},"breadcrumb":{"@id":"https:\/\/favorite-news.com\/fr\/pour-faire-face-a-la-crise-air-caraibes-reclame-des-aides-a-letat\/#breadcrumb"},"inLanguage":"fr-FR","potentialAction":[{"@type":"ReadAction","target":["https:\/\/favorite-news.com\/fr\/pour-faire-face-a-la-crise-air-caraibes-reclame-des-aides-a-letat\/"]}]},{"@type":"ImageObject","inLanguage":"fr-FR","@id":"https:\/\/favorite-news.com\/fr\/pour-faire-face-a-la-crise-air-caraibes-reclame-des-aides-a-letat\/#primaryimage","url":"https:\/\/favorite-news.com\/fr\/wp-content\/uploads\/sites\/12\/2021\/04\/Pour-faire-face-a-la-crise-Air-Caraibes-reclame-des.jpg","contentUrl":"https:\/\/favorite-news.com\/fr\/wp-content\/uploads\/sites\/12\/2021\/04\/Pour-faire-face-a-la-crise-Air-Caraibes-reclame-des.jpg","width":648,"height":360,"caption":"Pour faire face \u00e0 la crise, Air Cara\u00efbes r\u00e9clame des aides \u00e0 l'Etat"},{"@type":"BreadcrumbList","@id":"https:\/\/favorite-news.com\/fr\/pour-faire-face-a-la-crise-air-caraibes-reclame-des-aides-a-letat\/#breadcrumb","itemListElement":[{"@type":"ListItem","position":1,"name":"Home","item":"https:\/\/favorite-news.com\/fr\/"},{"@type":"ListItem","position":2,"name":"Pour faire face \u00e0 la crise, Air Cara\u00efbes r\u00e9clame des aides \u00e0 l&rsquo;Etat"}]},{"@type":"WebSite","@id":"https:\/\/favorite-news.com\/fr\/#website","url":"https:\/\/favorite-news.com\/fr\/","name":"Favorite News","description":"Favorite News France","potentialAction":[{"@type":"SearchAction","target":{"@type":"EntryPoint","urlTemplate":"https:\/\/favorite-news.com\/fr\/?s={search_term_string}"},"query-input":{"@type":"PropertyValueSpecification","valueRequired":true,"valueName":"search_term_string"}}],"inLanguage":"fr-FR"},{"@type":"Person","@id":"https:\/\/favorite-news.com\/fr\/#\/schema\/person\/b66c4cfdd10a5bf16d7d5efda647111f","name":"favorite-news","image":{"@type":"ImageObject","inLanguage":"fr-FR","@id":"https:\/\/secure.gravatar.com\/avatar\/f89959e01423a9ee3c2debbcf830eb021c575de0e1b3781ca3ae392b71c615a1?s=96&d=mm&r=g","url":"https:\/\/secure.gravatar.com\/avatar\/f89959e01423a9ee3c2debbcf830eb021c575de0e1b3781ca3ae392b71c615a1?s=96&d=mm&r=g","contentUrl":"https:\/\/secure.gravatar.com\/avatar\/f89959e01423a9ee3c2debbcf830eb021c575de0e1b3781ca3ae392b71c615a1?s=96&d=mm&r=g","caption":"favorite-news"},"url":"https:\/\/favorite-news.com\/fr\/author\/ruby\/"}]}},"_links":{"self":[{"href":"https:\/\/favorite-news.com\/fr\/wp-json\/wp\/v2\/posts\/1216","targetHints":{"allow":["GET"]}}],"collection":[{"href":"https:\/\/favorite-news.com\/fr\/wp-json\/wp\/v2\/posts"}],"about":[{"href":"https:\/\/favorite-news.com\/fr\/wp-json\/wp\/v2\/types\/post"}],"author":[{"embeddable":true,"href":"https:\/\/favorite-news.com\/fr\/wp-json\/wp\/v2\/users\/1"}],"replies":[{"embeddable":true,"href":"https:\/\/favorite-news.com\/fr\/wp-json\/wp\/v2\/comments?post=1216"}],"version-history":[{"count":1,"href":"https:\/\/favorite-news.com\/fr\/wp-json\/wp\/v2\/posts\/1216\/revisions"}],"predecessor-version":[{"id":1218,"href":"https:\/\/favorite-news.com\/fr\/wp-json\/wp\/v2\/posts\/1216\/revisions\/1218"}],"wp:featuredmedia":[{"embeddable":true,"href":"https:\/\/favorite-news.com\/fr\/wp-json\/wp\/v2\/media\/1217"}],"wp:attachment":[{"href":"https:\/\/favorite-news.com\/fr\/wp-json\/wp\/v2\/media?parent=1216"}],"wp:term":[{"taxonomy":"category","embeddable":true,"href":"https:\/\/favorite-news.com\/fr\/wp-json\/wp\/v2\/categories?post=1216"},{"taxonomy":"post_tag","embeddable":true,"href":"https:\/\/favorite-news.com\/fr\/wp-json\/wp\/v2\/tags?post=1216"}],"curies":[{"name":"wp","href":"https:\/\/api.w.org\/{rel}","templated":true}]}}