{"id":1210,"date":"2021-04-09T15:34:49","date_gmt":"2021-04-09T15:34:49","guid":{"rendered":"https:\/\/favorite-news.com\/fr\/les-initiateurs-de-la-proposition-de-loi-en-appellent-au-gouvernement-et-a-la-majorite\/"},"modified":"2021-04-09T15:34:51","modified_gmt":"2021-04-09T15:34:51","slug":"les-initiateurs-de-la-proposition-de-loi-en-appellent-au-gouvernement-et-a-la-majorite","status":"publish","type":"post","link":"https:\/\/favorite-news.com\/fr\/les-initiateurs-de-la-proposition-de-loi-en-appellent-au-gouvernement-et-a-la-majorite\/","title":{"rendered":"Les initiateurs de la proposition de loi en appellent au gouvernement et \u00e0 la majorit\u00e9"},"content":{"rendered":"<p>                Olivier V\u00e9ran lors de la s\u00e9ance hebdomadaire des Questions au Gouvernement du 6 Avril 2021, Palais Bourbon, Assemblee Nationale, \u00e0 Paris. \u2014 NICOLAS MESSYASZ\/SIPA<br \/>\n            Ils ne l\u00e2cheront pas ce combat pour une fin de vie plus apais\u00e9e. Les d\u00e9put\u00e9s d\u2019opposition Libert\u00e9s et territoires, qui ont port\u00e9 jeudi devant l\u2019Assembl\u00e9e &#13;<br \/>\nune proposition de loi autorisant l&rsquo;euthanasie, ont demand\u00e9 vendredi \u00e0 \u00ab\u00a0la majorit\u00e9 et au gouvernement de reprendre et d\u2019achever le d\u00e9bat sur la &#13;<br \/>\nfin de vie, avant la fin du quinquennat\u00a0\u00bb.<\/p>\n<p>Malgr\u00e9 un large soutien, l\u2019examen de la proposition de loi ouvrant un droit \u00e0 \u00ab\u00a0une fin de vie libre et choisie\u00a0\u00bb du d\u00e9put\u00e9 Olivier Falorni (PRG) n\u2019a pu aller \u00e0 son terme face \u00e0 des milliers d&rsquo;amendements et un temps contraint, du fait de l\u2019arr\u00eat des \u00e9changes \u00e0 minuit.<\/p>\n<p>Les travaux n\u2019ont ainsi pas d\u00e9pass\u00e9 l\u2019article premier, et risquent de rester lettre morte si un autre groupe politique ou bien le gouvernement ne l\u2019inscrit pas sur son temps d\u2019ordre du jour.<\/p>\n<p>Pour une meilleure application de la loi actuelle\u00a0?<\/p>\n<p>\u00ab\u00a0Le d\u00e9bat m\u00e9rite d\u2019avoir lieu, \u00e7a ne fait aucun doute\u00a0\u00bb, mais il a \u00ab\u00a0besoin de temps\u00a0\u00bb, sur un sujet aussi \u00ab\u00a0sensible\u00a0\u00bb, a estim\u00e9 jeudi le ministre de la Sant\u00e9 Olivier V\u00e9ran devant les d\u00e9put\u00e9s.\u00a0Il a cependant promis une meilleure application de la loi fran\u00e7aise actuelle, dite Claeys-Leonetti, adopt\u00e9e en 2016, qui pr\u00e9voit une s\u00e9dation profonde et continue pouvant mener \u00e0 la mort, mais sans euthanasie active.<\/p>\n<p>\u00ab\u00a0Je crois qu\u2019il nous faudra avancer sur le sujet de la fin de vie\u00a0\u00bb mais \u00ab\u00a0un tel sujet doit n\u00e9cessairement s\u2019inscrire dans un d\u00e9bat soci\u00e9tal de fond sur l\u2019accompagnement de la fin de vie, sur l\u2019aide active \u00e0 mourir et sur les limites \u00e0 y mettre\u00a0\u00bb, a aussi d\u00e9clar\u00e9 le patron des d\u00e9put\u00e9s LREM Christophe Castaner.<\/p>\n<p>Une \u00ab\u00a0niche\u00a0\u00bb tr\u00e8s courte<\/p>\n<p>Le groupe Libert\u00e9s et territoires avait d\u2019autres textes inscrits dans sa \u00ab\u00a0niche\u00a0\u00bb (journ\u00e9e dont l\u2019ordre du jour lui est r\u00e9serv\u00e9) qui n\u2019ont pu \u00eatre discut\u00e9s, sur la lutte contre la sp\u00e9culation fonci\u00e8re et immobili\u00e8re en Corse, la lutte contre le trafic international d\u2019organes humains et encore la l\u00e9galisation du cannabis. En cause, selon le pr\u00e9sident de groupe Bertrand Pancher\u00a0:\u00a0des \u00ab\u00a0querelles d\u2019ego surdimensionn\u00e9s\u00a0\u00bb notamment.<\/p>\n<p>\u00ab\u00a0Est-il normal que ces sujets, comme d\u2019autres, quand ils sont port\u00e9s par des parlementaires, soient trait\u00e9s \u00e0 la va-vite, dans des d\u00e9lais tr\u00e8s contraints\u00a0?\u00a0Une telle concentration des pouvoirs dans les mains de l\u2019ex\u00e9cutif, et du pr\u00e9sident de la R\u00e9publique n\u2019est pas un signe de bonne sant\u00e9 d\u00e9mocratique\u00a0\u00bb, juge Bertrand Pancher dans un communiqu\u00e9.\u00a0Il sugg\u00e8re que chaque groupe politique puisse \u00ab\u00a0disposer d\u2019une semaine au lieu d\u2019une journ\u00e9e [au moins en fonction de la taille des groupes], par an, pour engager les r\u00e9formes demand\u00e9es par les Fran\u00e7ais\u00a0\u00bb.<\/p>\n<p>\n<!--noindex--><br \/>\n<a href=\"https:\/\/www.20minutes.fr\/societe\/3017771-20210409-euthanasie-initiateurs-proposition-loi-appellent-gouvernement-majorite#xtor=RSS-149\" rel=\"nofollow\">Source link <\/a><br \/>\n<!--\/noindex--><\/p>\n","protected":false},"excerpt":{"rendered":"<p>Olivier V\u00e9ran lors de la s\u00e9ance hebdomadaire des Questions au Gouvernement du 6 Avril 2021, Palais Bourbon, Assemblee Nationale, \u00e0 Paris. \u2014 NICOLAS MESSYASZ\/SIPA Ils ne l\u00e2cheront pas ce combat pour une fin de vie plus apais\u00e9e. Les d\u00e9put\u00e9s d\u2019opposition Libert\u00e9s et territoires, qui ont port\u00e9 jeudi devant l\u2019Assembl\u00e9e &#13; une proposition de loi autorisant [&hellip;]<\/p>\n","protected":false},"author":1,"featured_media":1211,"comment_status":"open","ping_status":"open","sticky":false,"template":"","format":"standard","meta":{"footnotes":""},"categories":[1],"tags":[],"class_list":["post-1210","post","type-post","status-publish","format-standard","has-post-thumbnail","hentry","category-nouvelles"],"yoast_head":"<!-- This site is optimized with the Yoast SEO plugin v27.4 - https:\/\/yoast.com\/product\/yoast-seo-wordpress\/ -->\n<title>Les initiateurs de la proposition de loi en appellent au gouvernement et \u00e0 la majorit\u00e9 - Favorite News<\/title>\n<meta name=\"robots\" content=\"index, follow, max-snippet:-1, max-image-preview:large, max-video-preview:-1\" \/>\n<link rel=\"canonical\" href=\"https:\/\/favorite-news.com\/fr\/les-initiateurs-de-la-proposition-de-loi-en-appellent-au-gouvernement-et-a-la-majorite\/\" \/>\n<meta property=\"og:locale\" content=\"fr_FR\" \/>\n<meta property=\"og:type\" content=\"article\" \/>\n<meta property=\"og:title\" content=\"Les initiateurs de la proposition de loi en appellent au gouvernement et \u00e0 la majorit\u00e9 - Favorite News\" \/>\n<meta property=\"og:description\" content=\"Olivier V\u00e9ran lors de la s\u00e9ance hebdomadaire des Questions au Gouvernement du 6 Avril 2021, Palais Bourbon, Assemblee Nationale, \u00e0 Paris. \u2014 NICOLAS MESSYASZ\/SIPA Ils ne l\u00e2cheront pas ce combat pour une fin de vie plus apais\u00e9e. Les d\u00e9put\u00e9s d\u2019opposition Libert\u00e9s et territoires, qui ont port\u00e9 jeudi devant l\u2019Assembl\u00e9e &#013; une proposition de loi autorisant [&hellip;]\" \/>\n<meta property=\"og:url\" content=\"https:\/\/favorite-news.com\/fr\/les-initiateurs-de-la-proposition-de-loi-en-appellent-au-gouvernement-et-a-la-majorite\/\" \/>\n<meta property=\"og:site_name\" content=\"Favorite News\" \/>\n<meta property=\"article:published_time\" content=\"2021-04-09T15:34:49+00:00\" \/>\n<meta property=\"article:modified_time\" content=\"2021-04-09T15:34:51+00:00\" \/>\n<meta property=\"og:image\" content=\"https:\/\/favorite-news.com\/fr\/wp-content\/uploads\/sites\/12\/2021\/04\/Les-initiateurs-de-la-proposition-de-loi-en-appellent-au.jpg\" \/>\n\t<meta property=\"og:image:width\" content=\"541\" \/>\n\t<meta property=\"og:image:height\" content=\"360\" \/>\n\t<meta property=\"og:image:type\" content=\"image\/jpeg\" \/>\n<meta name=\"author\" content=\"favorite-news\" \/>\n<meta name=\"twitter:card\" content=\"summary_large_image\" \/>\n<meta name=\"twitter:label1\" content=\"\u00c9crit par\" \/>\n\t<meta name=\"twitter:data1\" content=\"favorite-news\" \/>\n\t<meta name=\"twitter:label2\" content=\"Dur\u00e9e de lecture estim\u00e9e\" \/>\n\t<meta name=\"twitter:data2\" content=\"3 minutes\" \/>\n<script type=\"application\/ld+json\" class=\"yoast-schema-graph\">{\"@context\":\"https:\\\/\\\/schema.org\",\"@graph\":[{\"@type\":\"Article\",\"@id\":\"https:\\\/\\\/favorite-news.com\\\/fr\\\/les-initiateurs-de-la-proposition-de-loi-en-appellent-au-gouvernement-et-a-la-majorite\\\/#article\",\"isPartOf\":{\"@id\":\"https:\\\/\\\/favorite-news.com\\\/fr\\\/les-initiateurs-de-la-proposition-de-loi-en-appellent-au-gouvernement-et-a-la-majorite\\\/\"},\"author\":{\"name\":\"favorite-news\",\"@id\":\"https:\\\/\\\/favorite-news.com\\\/fr\\\/#\\\/schema\\\/person\\\/b66c4cfdd10a5bf16d7d5efda647111f\"},\"headline\":\"Les initiateurs de la proposition de loi en appellent au gouvernement et \u00e0 la majorit\u00e9\",\"datePublished\":\"2021-04-09T15:34:49+00:00\",\"dateModified\":\"2021-04-09T15:34:51+00:00\",\"mainEntityOfPage\":{\"@id\":\"https:\\\/\\\/favorite-news.com\\\/fr\\\/les-initiateurs-de-la-proposition-de-loi-en-appellent-au-gouvernement-et-a-la-majorite\\\/\"},\"wordCount\":528,\"commentCount\":0,\"image\":{\"@id\":\"https:\\\/\\\/favorite-news.com\\\/fr\\\/les-initiateurs-de-la-proposition-de-loi-en-appellent-au-gouvernement-et-a-la-majorite\\\/#primaryimage\"},\"thumbnailUrl\":\"https:\\\/\\\/favorite-news.com\\\/fr\\\/wp-content\\\/uploads\\\/sites\\\/12\\\/2021\\\/04\\\/Les-initiateurs-de-la-proposition-de-loi-en-appellent-au.jpg\",\"articleSection\":[\"NOUVELLES\"],\"inLanguage\":\"fr-FR\",\"potentialAction\":[{\"@type\":\"CommentAction\",\"name\":\"Comment\",\"target\":[\"https:\\\/\\\/favorite-news.com\\\/fr\\\/les-initiateurs-de-la-proposition-de-loi-en-appellent-au-gouvernement-et-a-la-majorite\\\/#respond\"]}]},{\"@type\":\"WebPage\",\"@id\":\"https:\\\/\\\/favorite-news.com\\\/fr\\\/les-initiateurs-de-la-proposition-de-loi-en-appellent-au-gouvernement-et-a-la-majorite\\\/\",\"url\":\"https:\\\/\\\/favorite-news.com\\\/fr\\\/les-initiateurs-de-la-proposition-de-loi-en-appellent-au-gouvernement-et-a-la-majorite\\\/\",\"name\":\"Les initiateurs de la proposition de loi en appellent au gouvernement et \u00e0 la majorit\u00e9 - Favorite News\",\"isPartOf\":{\"@id\":\"https:\\\/\\\/favorite-news.com\\\/fr\\\/#website\"},\"primaryImageOfPage\":{\"@id\":\"https:\\\/\\\/favorite-news.com\\\/fr\\\/les-initiateurs-de-la-proposition-de-loi-en-appellent-au-gouvernement-et-a-la-majorite\\\/#primaryimage\"},\"image\":{\"@id\":\"https:\\\/\\\/favorite-news.com\\\/fr\\\/les-initiateurs-de-la-proposition-de-loi-en-appellent-au-gouvernement-et-a-la-majorite\\\/#primaryimage\"},\"thumbnailUrl\":\"https:\\\/\\\/favorite-news.com\\\/fr\\\/wp-content\\\/uploads\\\/sites\\\/12\\\/2021\\\/04\\\/Les-initiateurs-de-la-proposition-de-loi-en-appellent-au.jpg\",\"datePublished\":\"2021-04-09T15:34:49+00:00\",\"dateModified\":\"2021-04-09T15:34:51+00:00\",\"author\":{\"@id\":\"https:\\\/\\\/favorite-news.com\\\/fr\\\/#\\\/schema\\\/person\\\/b66c4cfdd10a5bf16d7d5efda647111f\"},\"breadcrumb\":{\"@id\":\"https:\\\/\\\/favorite-news.com\\\/fr\\\/les-initiateurs-de-la-proposition-de-loi-en-appellent-au-gouvernement-et-a-la-majorite\\\/#breadcrumb\"},\"inLanguage\":\"fr-FR\",\"potentialAction\":[{\"@type\":\"ReadAction\",\"target\":[\"https:\\\/\\\/favorite-news.com\\\/fr\\\/les-initiateurs-de-la-proposition-de-loi-en-appellent-au-gouvernement-et-a-la-majorite\\\/\"]}]},{\"@type\":\"ImageObject\",\"inLanguage\":\"fr-FR\",\"@id\":\"https:\\\/\\\/favorite-news.com\\\/fr\\\/les-initiateurs-de-la-proposition-de-loi-en-appellent-au-gouvernement-et-a-la-majorite\\\/#primaryimage\",\"url\":\"https:\\\/\\\/favorite-news.com\\\/fr\\\/wp-content\\\/uploads\\\/sites\\\/12\\\/2021\\\/04\\\/Les-initiateurs-de-la-proposition-de-loi-en-appellent-au.jpg\",\"contentUrl\":\"https:\\\/\\\/favorite-news.com\\\/fr\\\/wp-content\\\/uploads\\\/sites\\\/12\\\/2021\\\/04\\\/Les-initiateurs-de-la-proposition-de-loi-en-appellent-au.jpg\",\"width\":541,\"height\":360,\"caption\":\"Les initiateurs de la proposition de loi en appellent au gouvernement et \u00e0 la majorit\u00e9\"},{\"@type\":\"BreadcrumbList\",\"@id\":\"https:\\\/\\\/favorite-news.com\\\/fr\\\/les-initiateurs-de-la-proposition-de-loi-en-appellent-au-gouvernement-et-a-la-majorite\\\/#breadcrumb\",\"itemListElement\":[{\"@type\":\"ListItem\",\"position\":1,\"name\":\"Home\",\"item\":\"https:\\\/\\\/favorite-news.com\\\/fr\\\/\"},{\"@type\":\"ListItem\",\"position\":2,\"name\":\"Les initiateurs de la proposition de loi en appellent au gouvernement et \u00e0 la majorit\u00e9\"}]},{\"@type\":\"WebSite\",\"@id\":\"https:\\\/\\\/favorite-news.com\\\/fr\\\/#website\",\"url\":\"https:\\\/\\\/favorite-news.com\\\/fr\\\/\",\"name\":\"Favorite News\",\"description\":\"Favorite News France\",\"potentialAction\":[{\"@type\":\"SearchAction\",\"target\":{\"@type\":\"EntryPoint\",\"urlTemplate\":\"https:\\\/\\\/favorite-news.com\\\/fr\\\/?s={search_term_string}\"},\"query-input\":{\"@type\":\"PropertyValueSpecification\",\"valueRequired\":true,\"valueName\":\"search_term_string\"}}],\"inLanguage\":\"fr-FR\"},{\"@type\":\"Person\",\"@id\":\"https:\\\/\\\/favorite-news.com\\\/fr\\\/#\\\/schema\\\/person\\\/b66c4cfdd10a5bf16d7d5efda647111f\",\"name\":\"favorite-news\",\"image\":{\"@type\":\"ImageObject\",\"inLanguage\":\"fr-FR\",\"@id\":\"https:\\\/\\\/secure.gravatar.com\\\/avatar\\\/f89959e01423a9ee3c2debbcf830eb021c575de0e1b3781ca3ae392b71c615a1?s=96&d=mm&r=g\",\"url\":\"https:\\\/\\\/secure.gravatar.com\\\/avatar\\\/f89959e01423a9ee3c2debbcf830eb021c575de0e1b3781ca3ae392b71c615a1?s=96&d=mm&r=g\",\"contentUrl\":\"https:\\\/\\\/secure.gravatar.com\\\/avatar\\\/f89959e01423a9ee3c2debbcf830eb021c575de0e1b3781ca3ae392b71c615a1?s=96&d=mm&r=g\",\"caption\":\"favorite-news\"},\"url\":\"https:\\\/\\\/favorite-news.com\\\/fr\\\/author\\\/ruby\\\/\"}]}<\/script>\n<!-- \/ Yoast SEO plugin. -->","yoast_head_json":{"title":"Les initiateurs de la proposition de loi en appellent au gouvernement et \u00e0 la majorit\u00e9 - Favorite News","robots":{"index":"index","follow":"follow","max-snippet":"max-snippet:-1","max-image-preview":"max-image-preview:large","max-video-preview":"max-video-preview:-1"},"canonical":"https:\/\/favorite-news.com\/fr\/les-initiateurs-de-la-proposition-de-loi-en-appellent-au-gouvernement-et-a-la-majorite\/","og_locale":"fr_FR","og_type":"article","og_title":"Les initiateurs de la proposition de loi en appellent au gouvernement et \u00e0 la majorit\u00e9 - Favorite News","og_description":"Olivier V\u00e9ran lors de la s\u00e9ance hebdomadaire des Questions au Gouvernement du 6 Avril 2021, Palais Bourbon, Assemblee Nationale, \u00e0 Paris. \u2014 NICOLAS MESSYASZ\/SIPA Ils ne l\u00e2cheront pas ce combat pour une fin de vie plus apais\u00e9e. Les d\u00e9put\u00e9s d\u2019opposition Libert\u00e9s et territoires, qui ont port\u00e9 jeudi devant l\u2019Assembl\u00e9e &#13; une proposition de loi autorisant [&hellip;]","og_url":"https:\/\/favorite-news.com\/fr\/les-initiateurs-de-la-proposition-de-loi-en-appellent-au-gouvernement-et-a-la-majorite\/","og_site_name":"Favorite News","article_published_time":"2021-04-09T15:34:49+00:00","article_modified_time":"2021-04-09T15:34:51+00:00","og_image":[{"width":541,"height":360,"url":"https:\/\/favorite-news.com\/fr\/wp-content\/uploads\/sites\/12\/2021\/04\/Les-initiateurs-de-la-proposition-de-loi-en-appellent-au.jpg","type":"image\/jpeg"}],"author":"favorite-news","twitter_card":"summary_large_image","twitter_misc":{"\u00c9crit par":"favorite-news","Dur\u00e9e de lecture estim\u00e9e":"3 minutes"},"schema":{"@context":"https:\/\/schema.org","@graph":[{"@type":"Article","@id":"https:\/\/favorite-news.com\/fr\/les-initiateurs-de-la-proposition-de-loi-en-appellent-au-gouvernement-et-a-la-majorite\/#article","isPartOf":{"@id":"https:\/\/favorite-news.com\/fr\/les-initiateurs-de-la-proposition-de-loi-en-appellent-au-gouvernement-et-a-la-majorite\/"},"author":{"name":"favorite-news","@id":"https:\/\/favorite-news.com\/fr\/#\/schema\/person\/b66c4cfdd10a5bf16d7d5efda647111f"},"headline":"Les initiateurs de la proposition de loi en appellent au gouvernement et \u00e0 la majorit\u00e9","datePublished":"2021-04-09T15:34:49+00:00","dateModified":"2021-04-09T15:34:51+00:00","mainEntityOfPage":{"@id":"https:\/\/favorite-news.com\/fr\/les-initiateurs-de-la-proposition-de-loi-en-appellent-au-gouvernement-et-a-la-majorite\/"},"wordCount":528,"commentCount":0,"image":{"@id":"https:\/\/favorite-news.com\/fr\/les-initiateurs-de-la-proposition-de-loi-en-appellent-au-gouvernement-et-a-la-majorite\/#primaryimage"},"thumbnailUrl":"https:\/\/favorite-news.com\/fr\/wp-content\/uploads\/sites\/12\/2021\/04\/Les-initiateurs-de-la-proposition-de-loi-en-appellent-au.jpg","articleSection":["NOUVELLES"],"inLanguage":"fr-FR","potentialAction":[{"@type":"CommentAction","name":"Comment","target":["https:\/\/favorite-news.com\/fr\/les-initiateurs-de-la-proposition-de-loi-en-appellent-au-gouvernement-et-a-la-majorite\/#respond"]}]},{"@type":"WebPage","@id":"https:\/\/favorite-news.com\/fr\/les-initiateurs-de-la-proposition-de-loi-en-appellent-au-gouvernement-et-a-la-majorite\/","url":"https:\/\/favorite-news.com\/fr\/les-initiateurs-de-la-proposition-de-loi-en-appellent-au-gouvernement-et-a-la-majorite\/","name":"Les initiateurs de la proposition de loi en appellent au gouvernement et \u00e0 la majorit\u00e9 - Favorite News","isPartOf":{"@id":"https:\/\/favorite-news.com\/fr\/#website"},"primaryImageOfPage":{"@id":"https:\/\/favorite-news.com\/fr\/les-initiateurs-de-la-proposition-de-loi-en-appellent-au-gouvernement-et-a-la-majorite\/#primaryimage"},"image":{"@id":"https:\/\/favorite-news.com\/fr\/les-initiateurs-de-la-proposition-de-loi-en-appellent-au-gouvernement-et-a-la-majorite\/#primaryimage"},"thumbnailUrl":"https:\/\/favorite-news.com\/fr\/wp-content\/uploads\/sites\/12\/2021\/04\/Les-initiateurs-de-la-proposition-de-loi-en-appellent-au.jpg","datePublished":"2021-04-09T15:34:49+00:00","dateModified":"2021-04-09T15:34:51+00:00","author":{"@id":"https:\/\/favorite-news.com\/fr\/#\/schema\/person\/b66c4cfdd10a5bf16d7d5efda647111f"},"breadcrumb":{"@id":"https:\/\/favorite-news.com\/fr\/les-initiateurs-de-la-proposition-de-loi-en-appellent-au-gouvernement-et-a-la-majorite\/#breadcrumb"},"inLanguage":"fr-FR","potentialAction":[{"@type":"ReadAction","target":["https:\/\/favorite-news.com\/fr\/les-initiateurs-de-la-proposition-de-loi-en-appellent-au-gouvernement-et-a-la-majorite\/"]}]},{"@type":"ImageObject","inLanguage":"fr-FR","@id":"https:\/\/favorite-news.com\/fr\/les-initiateurs-de-la-proposition-de-loi-en-appellent-au-gouvernement-et-a-la-majorite\/#primaryimage","url":"https:\/\/favorite-news.com\/fr\/wp-content\/uploads\/sites\/12\/2021\/04\/Les-initiateurs-de-la-proposition-de-loi-en-appellent-au.jpg","contentUrl":"https:\/\/favorite-news.com\/fr\/wp-content\/uploads\/sites\/12\/2021\/04\/Les-initiateurs-de-la-proposition-de-loi-en-appellent-au.jpg","width":541,"height":360,"caption":"Les initiateurs de la proposition de loi en appellent au gouvernement et \u00e0 la majorit\u00e9"},{"@type":"BreadcrumbList","@id":"https:\/\/favorite-news.com\/fr\/les-initiateurs-de-la-proposition-de-loi-en-appellent-au-gouvernement-et-a-la-majorite\/#breadcrumb","itemListElement":[{"@type":"ListItem","position":1,"name":"Home","item":"https:\/\/favorite-news.com\/fr\/"},{"@type":"ListItem","position":2,"name":"Les initiateurs de la proposition de loi en appellent au gouvernement et \u00e0 la majorit\u00e9"}]},{"@type":"WebSite","@id":"https:\/\/favorite-news.com\/fr\/#website","url":"https:\/\/favorite-news.com\/fr\/","name":"Favorite News","description":"Favorite News France","potentialAction":[{"@type":"SearchAction","target":{"@type":"EntryPoint","urlTemplate":"https:\/\/favorite-news.com\/fr\/?s={search_term_string}"},"query-input":{"@type":"PropertyValueSpecification","valueRequired":true,"valueName":"search_term_string"}}],"inLanguage":"fr-FR"},{"@type":"Person","@id":"https:\/\/favorite-news.com\/fr\/#\/schema\/person\/b66c4cfdd10a5bf16d7d5efda647111f","name":"favorite-news","image":{"@type":"ImageObject","inLanguage":"fr-FR","@id":"https:\/\/secure.gravatar.com\/avatar\/f89959e01423a9ee3c2debbcf830eb021c575de0e1b3781ca3ae392b71c615a1?s=96&d=mm&r=g","url":"https:\/\/secure.gravatar.com\/avatar\/f89959e01423a9ee3c2debbcf830eb021c575de0e1b3781ca3ae392b71c615a1?s=96&d=mm&r=g","contentUrl":"https:\/\/secure.gravatar.com\/avatar\/f89959e01423a9ee3c2debbcf830eb021c575de0e1b3781ca3ae392b71c615a1?s=96&d=mm&r=g","caption":"favorite-news"},"url":"https:\/\/favorite-news.com\/fr\/author\/ruby\/"}]}},"_links":{"self":[{"href":"https:\/\/favorite-news.com\/fr\/wp-json\/wp\/v2\/posts\/1210","targetHints":{"allow":["GET"]}}],"collection":[{"href":"https:\/\/favorite-news.com\/fr\/wp-json\/wp\/v2\/posts"}],"about":[{"href":"https:\/\/favorite-news.com\/fr\/wp-json\/wp\/v2\/types\/post"}],"author":[{"embeddable":true,"href":"https:\/\/favorite-news.com\/fr\/wp-json\/wp\/v2\/users\/1"}],"replies":[{"embeddable":true,"href":"https:\/\/favorite-news.com\/fr\/wp-json\/wp\/v2\/comments?post=1210"}],"version-history":[{"count":1,"href":"https:\/\/favorite-news.com\/fr\/wp-json\/wp\/v2\/posts\/1210\/revisions"}],"predecessor-version":[{"id":1212,"href":"https:\/\/favorite-news.com\/fr\/wp-json\/wp\/v2\/posts\/1210\/revisions\/1212"}],"wp:featuredmedia":[{"embeddable":true,"href":"https:\/\/favorite-news.com\/fr\/wp-json\/wp\/v2\/media\/1211"}],"wp:attachment":[{"href":"https:\/\/favorite-news.com\/fr\/wp-json\/wp\/v2\/media?parent=1210"}],"wp:term":[{"taxonomy":"category","embeddable":true,"href":"https:\/\/favorite-news.com\/fr\/wp-json\/wp\/v2\/categories?post=1210"},{"taxonomy":"post_tag","embeddable":true,"href":"https:\/\/favorite-news.com\/fr\/wp-json\/wp\/v2\/tags?post=1210"}],"curies":[{"name":"wp","href":"https:\/\/api.w.org\/{rel}","templated":true}]}}